{"id":4580,"date":"2023-07-04T22:28:53","date_gmt":"2023-07-04T20:28:53","guid":{"rendered":"https:\/\/radiolitoral.com\/?p=4580"},"modified":"2023-07-04T22:29:06","modified_gmt":"2023-07-04T20:29:06","slug":"jutjats-per-dirigir-una-embarcacio-amb-10-ocupants-des-dalgeria-a-calp","status":"publish","type":"post","link":"https:\/\/radiolitoral.com\/ca\/2023\/07\/juzgados-por-dirigir-una-embarcacion-con-10-ocupantes-desde-argelia-a-calp\/","title":{"rendered":"Jutjats per dirigir una embarcaci\u00f3 amb 10 ocupants des d&#039;Alg\u00e8ria a Calp"},"content":{"rendered":"<p>Dem\u00e0 dimecres 5 de juliol seran jutjats tres homes, per als quals la Fiscalia demana una pena de pres\u00f3 de sis anys per a cadascun per un presumpte delicte contra els drets dels ciutadans estrangers. El Ministeri P\u00fablic els acusa de dirigir una embarcaci\u00f3 de fusta amb 10 ocupants, a m\u00e9s tres, des de les costes d&#039;Alg\u00e8ria fins a la zona de Calp, on van ser rescatats.<\/p>\n<p>Els tres processats i les deu v\u00edctimes van viatjar el novembre del 2022 des de la localitat de Tipasa en una embarcaci\u00f3 de cinc metres i mig d&#039;eslora que, segons mant\u00e9 l&#039;acusaci\u00f3 p\u00fablica, navegava amb evident sobrep\u00e8s de c\u00e0rrega, i per aix\u00f2 va posar en perill la vida dels ocupants.<\/p>\n<p>Segons el relat de la Fiscalia, els processats van actuar amb la intenci\u00f3 d&#039;introduir de manera il\u00b7legal a Espanya des de Calp les deu persones, per les quals haurien cobrat uns 1.200 euros per tripulant. \u00c9s a dir, una quantitat total de 12.000 euros.<\/p>","protected":false},"excerpt":{"rendered":"<p>Ma\u00f1ana mi\u00e9rcoles 5 de julio ser\u00e1n juzgados tres hombres, para los que la Fiscal\u00eda pide una pena de prisi\u00f3n de seis a\u00f1os para cada uno por un presunto delito contra los derechos de los ciudadanos extranjeros. El Ministerio P\u00fablico les acusa de dirigir una embarcaci\u00f3n de madera con 10 ocupantes, adem\u00e1s de ellos tres, desde [&#8230;]<\/p>\n<p><a class=\"btn btn-secondary understrap-read-more-link\" href=\"https:\/\/radiolitoral.com\/ca\/2023\/07\/juzgados-por-dirigir-una-embarcacion-con-10-ocupantes-desde-argelia-a-calp\/\">Continua llegint&#8230;<span class=\"screen-reader-text\"> from Juzgados por dirigir una embarcaci\u00f3n con 10 ocupantes desde Argelia a Calp<\/span><\/a><\/p>\n","protected":false},"author":21,"featured_media":4581,"comment_status":"open","ping_status":"closed","sticky":false,"template":"","format":"standard","meta":{"_acf_changed":false,"inline_featured_image":false,"footnotes":""},"categories":[21],"tags":[],"class_list":["post-4580","post","type-post","status-publish","format-standard","has-post-thumbnail","hentry","category-tribunales","cobertura-calp"],"acf":[],"yoast_head":"<!-- This site is optimized with the Yoast SEO plugin v27.5 - https:\/\/yoast.com\/product\/yoast-seo-wordpress\/ -->\n<title>Juzgados por dirigir una embarcaci\u00f3n con 10 ocupantes desde Argelia a Calp | R\u00e0dio Litoral<\/title>\n<meta name=\"robots\" content=\"index, follow, max-snippet:-1, max-image-preview:large, max-video-preview:-1\" \/>\n<link rel=\"canonical\" href=\"https:\/\/radiolitoral.com\/ca\/2023\/07\/jutjats-per-dirigir-una-embarcacio-amb-10-ocupants-des-dalgeria-a-calp\/\" \/>\n<meta property=\"og:locale\" content=\"ca_ES\" \/>\n<meta property=\"og:type\" content=\"article\" \/>\n<meta property=\"og:title\" content=\"Juzgados por dirigir una embarcaci\u00f3n con 10 ocupantes desde Argelia a Calp | R\u00e0dio Litoral\" \/>\n<meta property=\"og:url\" content=\"https:\/\/radiolitoral.com\/ca\/2023\/07\/jutjats-per-dirigir-una-embarcacio-amb-10-ocupants-des-dalgeria-a-calp\/\" \/>\n<meta property=\"og:site_name\" content=\"R\u00e0dio Litoral\" \/>\n<meta property=\"article:publisher\" content=\"https:\/\/www.facebook.com\/Laradiolitoral\/\" \/>\n<meta property=\"article:published_time\" content=\"2023-07-04T20:28:53+00:00\" \/>\n<meta property=\"article:modified_time\" content=\"2023-07-04T20:29:06+00:00\" \/>\n<meta property=\"og:image\" content=\"https:\/\/media.radiolitoral.com\/wp-content\/uploads\/2023\/07\/04222845\/descarga.jpg\" \/>\n\t<meta property=\"og:image:width\" content=\"319\" \/>\n\t<meta property=\"og:image:height\" content=\"158\" \/>\n\t<meta property=\"og:image:type\" content=\"image\/jpeg\" \/>\n<meta name=\"author\" content=\"Mel Pescuezo\" \/>\n<meta name=\"twitter:card\" content=\"summary_large_image\" \/>\n<meta name=\"twitter:label1\" content=\"Escrit per\" \/>\n\t<meta name=\"twitter:data1\" content=\"Mel Pescuezo\" \/>\n\t<meta name=\"twitter:label2\" content=\"Temps estimat de lectura\" \/>\n\t<meta name=\"twitter:data2\" content=\"1 minut\" \/>\n<script type=\"application\/ld+json\" class=\"yoast-schema-graph\">{\"@context\":\"https:\\\/\\\/schema.org\",\"@graph\":[{\"@type\":\"NewsArticle\",\"@id\":\"https:\\\/\\\/radiolitoral.com\\\/2023\\\/07\\\/juzgados-por-dirigir-una-embarcacion-con-10-ocupantes-desde-argelia-a-calp\\\/#article\",\"isPartOf\":{\"@id\":\"https:\\\/\\\/radiolitoral.com\\\/2023\\\/07\\\/juzgados-por-dirigir-una-embarcacion-con-10-ocupantes-desde-argelia-a-calp\\\/\"},\"author\":{\"name\":\"Mel Pescuezo\",\"@id\":\"https:\\\/\\\/radiolitoral.com\\\/#\\\/schema\\\/person\\\/aad4f72efa404f85b68e832d24cac059\"},\"headline\":\"Juzgados por dirigir una embarcaci\u00f3n con 10 ocupantes desde Argelia a Calp\",\"datePublished\":\"2023-07-04T20:28:53+00:00\",\"dateModified\":\"2023-07-04T20:29:06+00:00\",\"mainEntityOfPage\":{\"@id\":\"https:\\\/\\\/radiolitoral.com\\\/2023\\\/07\\\/juzgados-por-dirigir-una-embarcacion-con-10-ocupantes-desde-argelia-a-calp\\\/\"},\"wordCount\":186,\"commentCount\":0,\"publisher\":{\"@id\":\"https:\\\/\\\/radiolitoral.com\\\/#organization\"},\"image\":{\"@id\":\"https:\\\/\\\/radiolitoral.com\\\/2023\\\/07\\\/juzgados-por-dirigir-una-embarcacion-con-10-ocupantes-desde-argelia-a-calp\\\/#primaryimage\"},\"thumbnailUrl\":\"https:\\\/\\\/media.radiolitoral.com\\\/wp-content\\\/uploads\\\/2023\\\/07\\\/04222845\\\/descarga.jpg\",\"articleSection\":[\"Tribunales\"],\"inLanguage\":\"ca\",\"potentialAction\":[{\"@type\":\"CommentAction\",\"name\":\"Comment\",\"target\":[\"https:\\\/\\\/radiolitoral.com\\\/2023\\\/07\\\/juzgados-por-dirigir-una-embarcacion-con-10-ocupantes-desde-argelia-a-calp\\\/#respond\"]}]},{\"@type\":[\"WebPage\",\"ItemPage\"],\"@id\":\"https:\\\/\\\/radiolitoral.com\\\/2023\\\/07\\\/juzgados-por-dirigir-una-embarcacion-con-10-ocupantes-desde-argelia-a-calp\\\/\",\"url\":\"https:\\\/\\\/radiolitoral.com\\\/2023\\\/07\\\/juzgados-por-dirigir-una-embarcacion-con-10-ocupantes-desde-argelia-a-calp\\\/\",\"name\":\"Juzgados por dirigir una embarcaci\u00f3n con 10 ocupantes desde Argelia a Calp | R\u00e0dio Litoral\",\"isPartOf\":{\"@id\":\"https:\\\/\\\/radiolitoral.com\\\/#website\"},\"primaryImageOfPage\":{\"@id\":\"https:\\\/\\\/radiolitoral.com\\\/2023\\\/07\\\/juzgados-por-dirigir-una-embarcacion-con-10-ocupantes-desde-argelia-a-calp\\\/#primaryimage\"},\"image\":{\"@id\":\"https:\\\/\\\/radiolitoral.com\\\/2023\\\/07\\\/juzgados-por-dirigir-una-embarcacion-con-10-ocupantes-desde-argelia-a-calp\\\/#primaryimage\"},\"thumbnailUrl\":\"https:\\\/\\\/media.radiolitoral.com\\\/wp-content\\\/uploads\\\/2023\\\/07\\\/04222845\\\/descarga.jpg\",\"datePublished\":\"2023-07-04T20:28:53+00:00\",\"dateModified\":\"2023-07-04T20:29:06+00:00\",\"breadcrumb\":{\"@id\":\"https:\\\/\\\/radiolitoral.com\\\/2023\\\/07\\\/juzgados-por-dirigir-una-embarcacion-con-10-ocupantes-desde-argelia-a-calp\\\/#breadcrumb\"},\"inLanguage\":\"ca\",\"potentialAction\":[{\"@type\":\"ReadAction\",\"target\":[\"https:\\\/\\\/radiolitoral.com\\\/2023\\\/07\\\/juzgados-por-dirigir-una-embarcacion-con-10-ocupantes-desde-argelia-a-calp\\\/\"]}]},{\"@type\":\"ImageObject\",\"inLanguage\":\"ca\",\"@id\":\"https:\\\/\\\/radiolitoral.com\\\/2023\\\/07\\\/juzgados-por-dirigir-una-embarcacion-con-10-ocupantes-desde-argelia-a-calp\\\/#primaryimage\",\"url\":\"https:\\\/\\\/media.radiolitoral.com\\\/wp-content\\\/uploads\\\/2023\\\/07\\\/04222845\\\/descarga.jpg\",\"contentUrl\":\"https:\\\/\\\/media.radiolitoral.com\\\/wp-content\\\/uploads\\\/2023\\\/07\\\/04222845\\\/descarga.jpg\",\"width\":319,\"height\":158},{\"@type\":\"BreadcrumbList\",\"@id\":\"https:\\\/\\\/radiolitoral.com\\\/2023\\\/07\\\/juzgados-por-dirigir-una-embarcacion-con-10-ocupantes-desde-argelia-a-calp\\\/#breadcrumb\",\"itemListElement\":[{\"@type\":\"ListItem\",\"position\":1,\"name\":\"Portada\",\"item\":\"https:\\\/\\\/radiolitoral.com\\\/\"},{\"@type\":\"ListItem\",\"position\":2,\"name\":\"Juzgados por dirigir una embarcaci\u00f3n con 10 ocupantes desde Argelia a Calp\"}]},{\"@type\":\"WebSite\",\"@id\":\"https:\\\/\\\/radiolitoral.com\\\/#website\",\"url\":\"https:\\\/\\\/radiolitoral.com\\\/\",\"name\":\"Radio Litoral\",\"description\":\"La radio local de la Marina Alta\",\"publisher\":{\"@id\":\"https:\\\/\\\/radiolitoral.com\\\/#organization\"},\"alternateName\":\"Litoral FM\",\"potentialAction\":[{\"@type\":\"SearchAction\",\"target\":{\"@type\":\"EntryPoint\",\"urlTemplate\":\"https:\\\/\\\/radiolitoral.com\\\/?s={search_term_string}\"},\"query-input\":{\"@type\":\"PropertyValueSpecification\",\"valueRequired\":true,\"valueName\":\"search_term_string\"}}],\"inLanguage\":\"ca\"},{\"@type\":\"Organization\",\"@id\":\"https:\\\/\\\/radiolitoral.com\\\/#organization\",\"name\":\"Radio Litoral\",\"url\":\"https:\\\/\\\/radiolitoral.com\\\/\",\"logo\":{\"@type\":\"ImageObject\",\"inLanguage\":\"ca\",\"@id\":\"https:\\\/\\\/radiolitoral.com\\\/#\\\/schema\\\/logo\\\/image\\\/\",\"url\":\"https:\\\/\\\/media.radiolitoral.com\\\/wp-content\\\/uploads\\\/2023\\\/02\\\/24143238\\\/CL-V-RadioLitoral696.png\",\"contentUrl\":\"https:\\\/\\\/media.radiolitoral.com\\\/wp-content\\\/uploads\\\/2023\\\/02\\\/24143238\\\/CL-V-RadioLitoral696.png\",\"width\":696,\"height\":696,\"caption\":\"Radio Litoral\"},\"image\":{\"@id\":\"https:\\\/\\\/radiolitoral.com\\\/#\\\/schema\\\/logo\\\/image\\\/\"},\"sameAs\":[\"https:\\\/\\\/www.facebook.com\\\/Laradiolitoral\\\/\"]},{\"@type\":\"Person\",\"@id\":\"https:\\\/\\\/radiolitoral.com\\\/#\\\/schema\\\/person\\\/aad4f72efa404f85b68e832d24cac059\",\"name\":\"Mel Pescuezo\",\"image\":{\"@type\":\"ImageObject\",\"inLanguage\":\"ca\",\"@id\":\"https:\\\/\\\/secure.gravatar.com\\\/avatar\\\/993975ae489c70cb0dd9bfa9413a082f0bd276582dac13661af7b33f161e7eea?s=96&d=mm&r=g\",\"url\":\"https:\\\/\\\/secure.gravatar.com\\\/avatar\\\/993975ae489c70cb0dd9bfa9413a082f0bd276582dac13661af7b33f161e7eea?s=96&d=mm&r=g\",\"contentUrl\":\"https:\\\/\\\/secure.gravatar.com\\\/avatar\\\/993975ae489c70cb0dd9bfa9413a082f0bd276582dac13661af7b33f161e7eea?s=96&d=mm&r=g\",\"caption\":\"Mel Pescuezo\"},\"url\":\"https:\\\/\\\/radiolitoral.com\\\/ca\\\/author\\\/serviciospararadios\\\/\"}]}<\/script>\n<!-- \/ Yoast SEO plugin. -->","yoast_head_json":{"title":"Jutjats per dirigir una embarcaci\u00f3 amb 10 ocupants des d&#039;Alg\u00e8ria a Calp | R\u00e0dio Litoral","robots":{"index":"index","follow":"follow","max-snippet":"max-snippet:-1","max-image-preview":"max-image-preview:large","max-video-preview":"max-video-preview:-1"},"canonical":"https:\/\/radiolitoral.com\/ca\/2023\/07\/jutjats-per-dirigir-una-embarcacio-amb-10-ocupants-des-dalgeria-a-calp\/","og_locale":"ca_ES","og_type":"article","og_title":"Juzgados por dirigir una embarcaci\u00f3n con 10 ocupantes desde Argelia a Calp | R\u00e0dio Litoral","og_url":"https:\/\/radiolitoral.com\/ca\/2023\/07\/jutjats-per-dirigir-una-embarcacio-amb-10-ocupants-des-dalgeria-a-calp\/","og_site_name":"R\u00e0dio Litoral","article_publisher":"https:\/\/www.facebook.com\/Laradiolitoral\/","article_published_time":"2023-07-04T20:28:53+00:00","article_modified_time":"2023-07-04T20:29:06+00:00","og_image":[{"width":319,"height":158,"url":"https:\/\/media.radiolitoral.com\/wp-content\/uploads\/2023\/07\/04222845\/descarga.jpg","type":"image\/jpeg"}],"author":"Mel Pescuezo","twitter_card":"summary_large_image","twitter_misc":{"Escrit per":"Mel Pescuezo","Temps estimat de lectura":"1 minut"},"schema":{"@context":"https:\/\/schema.org","@graph":[{"@type":"NewsArticle","@id":"https:\/\/radiolitoral.com\/2023\/07\/juzgados-por-dirigir-una-embarcacion-con-10-ocupantes-desde-argelia-a-calp\/#article","isPartOf":{"@id":"https:\/\/radiolitoral.com\/2023\/07\/juzgados-por-dirigir-una-embarcacion-con-10-ocupantes-desde-argelia-a-calp\/"},"author":{"name":"Mel Pescuezo","@id":"https:\/\/radiolitoral.com\/#\/schema\/person\/aad4f72efa404f85b68e832d24cac059"},"headline":"Juzgados por dirigir una embarcaci\u00f3n con 10 ocupantes desde Argelia a Calp","datePublished":"2023-07-04T20:28:53+00:00","dateModified":"2023-07-04T20:29:06+00:00","mainEntityOfPage":{"@id":"https:\/\/radiolitoral.com\/2023\/07\/juzgados-por-dirigir-una-embarcacion-con-10-ocupantes-desde-argelia-a-calp\/"},"wordCount":186,"commentCount":0,"publisher":{"@id":"https:\/\/radiolitoral.com\/#organization"},"image":{"@id":"https:\/\/radiolitoral.com\/2023\/07\/juzgados-por-dirigir-una-embarcacion-con-10-ocupantes-desde-argelia-a-calp\/#primaryimage"},"thumbnailUrl":"https:\/\/media.radiolitoral.com\/wp-content\/uploads\/2023\/07\/04222845\/descarga.jpg","articleSection":["Tribunales"],"inLanguage":"ca","potentialAction":[{"@type":"CommentAction","name":"Comment","target":["https:\/\/radiolitoral.com\/2023\/07\/juzgados-por-dirigir-una-embarcacion-con-10-ocupantes-desde-argelia-a-calp\/#respond"]}]},{"@type":["WebPage","ItemPage"],"@id":"https:\/\/radiolitoral.com\/2023\/07\/juzgados-por-dirigir-una-embarcacion-con-10-ocupantes-desde-argelia-a-calp\/","url":"https:\/\/radiolitoral.com\/2023\/07\/juzgados-por-dirigir-una-embarcacion-con-10-ocupantes-desde-argelia-a-calp\/","name":"Jutjats per dirigir una embarcaci\u00f3 amb 10 ocupants des d&#039;Alg\u00e8ria a Calp | R\u00e0dio Litoral","isPartOf":{"@id":"https:\/\/radiolitoral.com\/#website"},"primaryImageOfPage":{"@id":"https:\/\/radiolitoral.com\/2023\/07\/juzgados-por-dirigir-una-embarcacion-con-10-ocupantes-desde-argelia-a-calp\/#primaryimage"},"image":{"@id":"https:\/\/radiolitoral.com\/2023\/07\/juzgados-por-dirigir-una-embarcacion-con-10-ocupantes-desde-argelia-a-calp\/#primaryimage"},"thumbnailUrl":"https:\/\/media.radiolitoral.com\/wp-content\/uploads\/2023\/07\/04222845\/descarga.jpg","datePublished":"2023-07-04T20:28:53+00:00","dateModified":"2023-07-04T20:29:06+00:00","breadcrumb":{"@id":"https:\/\/radiolitoral.com\/2023\/07\/juzgados-por-dirigir-una-embarcacion-con-10-ocupantes-desde-argelia-a-calp\/#breadcrumb"},"inLanguage":"ca","potentialAction":[{"@type":"ReadAction","target":["https:\/\/radiolitoral.com\/2023\/07\/juzgados-por-dirigir-una-embarcacion-con-10-ocupantes-desde-argelia-a-calp\/"]}]},{"@type":"ImageObject","inLanguage":"ca","@id":"https:\/\/radiolitoral.com\/2023\/07\/juzgados-por-dirigir-una-embarcacion-con-10-ocupantes-desde-argelia-a-calp\/#primaryimage","url":"https:\/\/media.radiolitoral.com\/wp-content\/uploads\/2023\/07\/04222845\/descarga.jpg","contentUrl":"https:\/\/media.radiolitoral.com\/wp-content\/uploads\/2023\/07\/04222845\/descarga.jpg","width":319,"height":158},{"@type":"BreadcrumbList","@id":"https:\/\/radiolitoral.com\/2023\/07\/juzgados-por-dirigir-una-embarcacion-con-10-ocupantes-desde-argelia-a-calp\/#breadcrumb","itemListElement":[{"@type":"ListItem","position":1,"name":"Portada","item":"https:\/\/radiolitoral.com\/"},{"@type":"ListItem","position":2,"name":"Juzgados por dirigir una embarcaci\u00f3n con 10 ocupantes desde Argelia a Calp"}]},{"@type":"WebSite","@id":"https:\/\/radiolitoral.com\/#website","url":"https:\/\/radiolitoral.com\/","name":"R\u00e0dio Litoral","description":"La r\u00e0dio local de la Marina Alta","publisher":{"@id":"https:\/\/radiolitoral.com\/#organization"},"alternateName":"Litoral FM","potentialAction":[{"@type":"SearchAction","target":{"@type":"EntryPoint","urlTemplate":"https:\/\/radiolitoral.com\/?s={search_term_string}"},"query-input":{"@type":"PropertyValueSpecification","valueRequired":true,"valueName":"search_term_string"}}],"inLanguage":"ca"},{"@type":"Organization","@id":"https:\/\/radiolitoral.com\/#organization","name":"R\u00e0dio Litoral","url":"https:\/\/radiolitoral.com\/","logo":{"@type":"ImageObject","inLanguage":"ca","@id":"https:\/\/radiolitoral.com\/#\/schema\/logo\/image\/","url":"https:\/\/media.radiolitoral.com\/wp-content\/uploads\/2023\/02\/24143238\/CL-V-RadioLitoral696.png","contentUrl":"https:\/\/media.radiolitoral.com\/wp-content\/uploads\/2023\/02\/24143238\/CL-V-RadioLitoral696.png","width":696,"height":696,"caption":"Radio Litoral"},"image":{"@id":"https:\/\/radiolitoral.com\/#\/schema\/logo\/image\/"},"sameAs":["https:\/\/www.facebook.com\/Laradiolitoral\/"]},{"@type":"Person","@id":"https:\/\/radiolitoral.com\/#\/schema\/person\/aad4f72efa404f85b68e832d24cac059","name":"Mel Pescuezo","image":{"@type":"ImageObject","inLanguage":"ca","@id":"https:\/\/secure.gravatar.com\/avatar\/993975ae489c70cb0dd9bfa9413a082f0bd276582dac13661af7b33f161e7eea?s=96&d=mm&r=g","url":"https:\/\/secure.gravatar.com\/avatar\/993975ae489c70cb0dd9bfa9413a082f0bd276582dac13661af7b33f161e7eea?s=96&d=mm&r=g","contentUrl":"https:\/\/secure.gravatar.com\/avatar\/993975ae489c70cb0dd9bfa9413a082f0bd276582dac13661af7b33f161e7eea?s=96&d=mm&r=g","caption":"Mel Pescuezo"},"url":"https:\/\/radiolitoral.com\/ca\/author\/serviciospararadios\/"}]}},"_links":{"self":[{"href":"https:\/\/radiolitoral.com\/ca\/wp-json\/wp\/v2\/posts\/4580","targetHints":{"allow":["GET"]}}],"collection":[{"href":"https:\/\/radiolitoral.com\/ca\/wp-json\/wp\/v2\/posts"}],"about":[{"href":"https:\/\/radiolitoral.com\/ca\/wp-json\/wp\/v2\/types\/post"}],"author":[{"embeddable":true,"href":"https:\/\/radiolitoral.com\/ca\/wp-json\/wp\/v2\/users\/21"}],"replies":[{"embeddable":true,"href":"https:\/\/radiolitoral.com\/ca\/wp-json\/wp\/v2\/comments?post=4580"}],"version-history":[{"count":1,"href":"https:\/\/radiolitoral.com\/ca\/wp-json\/wp\/v2\/posts\/4580\/revisions"}],"predecessor-version":[{"id":4582,"href":"https:\/\/radiolitoral.com\/ca\/wp-json\/wp\/v2\/posts\/4580\/revisions\/4582"}],"wp:featuredmedia":[{"embeddable":true,"href":"https:\/\/radiolitoral.com\/ca\/wp-json\/wp\/v2\/media\/4581"}],"wp:attachment":[{"href":"https:\/\/radiolitoral.com\/ca\/wp-json\/wp\/v2\/media?parent=4580"}],"wp:term":[{"taxonomy":"category","embeddable":true,"href":"https:\/\/radiolitoral.com\/ca\/wp-json\/wp\/v2\/categories?post=4580"},{"taxonomy":"post_tag","embeddable":true,"href":"https:\/\/radiolitoral.com\/ca\/wp-json\/wp\/v2\/tags?post=4580"}],"curies":[{"name":"wp","href":"https:\/\/api.w.org\/{rel}","templated":true}]}}