{"id":4565,"date":"2023-06-30T20:45:56","date_gmt":"2023-06-30T18:45:56","guid":{"rendered":"https:\/\/radiolitoral.com\/?p=4565"},"modified":"2023-06-30T20:46:13","modified_gmt":"2023-06-30T18:46:13","slug":"aina-cardona-ivars-premi-professional-densenyament-musical-del-cpm-mestre-berenguer-de-teulada","status":"publish","type":"post","link":"https:\/\/radiolitoral.com\/ca\/2023\/06\/aina-cardona-ivars-premio-profesional-de-ensenanzas-musicales-del-cpm-mestre-berenguer-de-teulada\/","title":{"rendered":"Aina Cardona Ivars, Premi Professional d&#039;Ensenyaments Musicals del CPM Mestre Berenguer de Teulada"},"content":{"rendered":"<p>Aina Cardona Ivars acaba de ser reconeguda amb el Premi Professional d&#039;Ensenyaments Musicals del Conservatori Professional de M\u00fasica Mestre Berenguer de Teulada 2022-2023. Aquest guard\u00f3 reconeix p\u00fablicament lesfor\u00e7 i la dedicaci\u00f3 de lalumnat en l\u00e0mbit de la m\u00fasica al llarg del seu ensenyament musical.<\/p>\n<p>Aina Cardona, alumna de l&#039;especialitat de Trompeta, ha obtingut les m\u00e9s altes qualificacions a totes les assignatures del curr\u00edculum, requisit indispensable per poder presentar-se a aquest reconeixement. Cal destacar que ha realitzat els seus estudis sota la direcci\u00f3 del professor Joaqu\u00edn Cabrera Soler.<\/p>\n<p>L&#039;Auditori Teulada Moraira va obrir les portes per acollir aquest important acte, els objectius del qual s\u00f3n fomentar valors com la superaci\u00f3 personal i la responsabilitat, incentivar la const\u00e0ncia a l&#039;estudi i millorar la qualitat dels ensenyaments art\u00edstics. D&#039;aquesta manera es posa en valor l&#039;alumnat que millor ha desenvolupat els estudis perqu\u00e8 serveixi com a exemple de la feina ben feta.<\/p>\n<p>La prova instrumental del premi va tenir lloc a la Sala de Cambra, on Aina Cardona, acompanyada del pianista Adolfo Garc\u00eda, van interpretar el repertori seg\u00fcent: <em>Primer Moviment Allegro amb spirit del Concert de Trompeta a Mib, JN Hummel; Prelude et Ballade. G. Balay; i Concert Etude Op. 49, A. Goedicke<\/em>. Tots els assistents van poder gaudir d&#039;aquesta interpretaci\u00f3 excel\u00b7lent.<\/p>\n<p>El tribunal qualificador ha estat format per cinc professors i professores del centre i per unanimitat han proposat la concessi\u00f3 daquest guard\u00f3, convocat anualment pels Conservatoris Professionals de Musica i que estan regulats per la Conselleria dEducaci\u00f3, Cultura i Esport.<\/p>\n<p>Aix\u00ed mateix, el claustre de professorat del CMP Mestre Berenguer i la regidora d&#039;Educaci\u00f3 de l&#039;Ajuntament de Teulada, Rosana Caselles, han donat l&#039;enhorabona a la guanyadora, desitjant-li \u201cmolta sort en el seu \u2013m\u00e9s que segur\u2013 exit\u00f3s futur musical\u201d.<\/p>","protected":false},"excerpt":{"rendered":"<p>Aina Cardona Ivars acaba de ser reconocida con el Premio Profesional de Ense\u00f1anzas Musicales del Conservatorio Profesional de M\u00fasica Mestre Berenguer de Teulada 2022-2023. Este galard\u00f3n reconoce p\u00fablicamente el esfuerzo y la dedicaci\u00f3n del alumnado en el \u00e1mbito de la m\u00fasica a lo largo de su ense\u00f1anza musical. Aina Cardona, alumna de la especialidad de [&#8230;]<\/p>\n<p><a class=\"btn btn-secondary understrap-read-more-link\" href=\"https:\/\/radiolitoral.com\/ca\/2023\/06\/aina-cardona-ivars-premio-profesional-de-ensenanzas-musicales-del-cpm-mestre-berenguer-de-teulada\/\">Continua llegint&#8230;<span class=\"screen-reader-text\"> from Aina Cardona Ivars, Premio Profesional de Ense\u00f1anzas Musicales del CPM Mestre Berenguer de Teulada<\/span><\/a><\/p>\n","protected":false},"author":21,"featured_media":4566,"comment_status":"open","ping_status":"closed","sticky":false,"template":"","format":"standard","meta":{"_acf_changed":false,"inline_featured_image":false,"footnotes":""},"categories":[55],"tags":[824,826,825],"class_list":["post-4565","post","type-post","status-publish","format-standard","has-post-thumbnail","hentry","category-cultura","tag-aina-cardona","tag-conservatorio-profesional-de-musica-mestre-berenguer-de-teulada","tag-premio-profesional-de-ensenanzas-musicales","cobertura-teulada-moraira"],"acf":[],"yoast_head":"<!-- This site is optimized with the Yoast SEO plugin v27.5 - https:\/\/yoast.com\/product\/yoast-seo-wordpress\/ -->\n<title>Aina Cardona Ivars, Premio Profesional de Ense\u00f1anzas Musicales del CPM Mestre Berenguer de Teulada | R\u00e0dio Litoral<\/title>\n<meta name=\"description\" content=\"La alumna de la especialidad de trompeta ha obtenido las m\u00e1s altas calificaciones La alumna de la especialidad de trompeta ha obtenido las m\u00e1s altas calificaciones\" \/>\n<meta name=\"robots\" content=\"index, follow, max-snippet:-1, max-image-preview:large, max-video-preview:-1\" \/>\n<link rel=\"canonical\" href=\"https:\/\/radiolitoral.com\/ca\/2023\/06\/aina-cardona-ivars-premi-professional-densenyament-musical-del-cpm-mestre-berenguer-de-teulada\/\" \/>\n<meta property=\"og:locale\" content=\"ca_ES\" \/>\n<meta property=\"og:type\" content=\"article\" \/>\n<meta property=\"og:title\" content=\"Aina Cardona Ivars, Premio Profesional de Ense\u00f1anzas Musicales del CPM Mestre Berenguer de Teulada | R\u00e0dio Litoral\" \/>\n<meta property=\"og:description\" content=\"La alumna de la especialidad de trompeta ha obtenido las m\u00e1s altas calificaciones La alumna de la especialidad de trompeta ha obtenido las m\u00e1s altas calificaciones\" \/>\n<meta property=\"og:url\" content=\"https:\/\/radiolitoral.com\/ca\/2023\/06\/aina-cardona-ivars-premi-professional-densenyament-musical-del-cpm-mestre-berenguer-de-teulada\/\" \/>\n<meta property=\"og:site_name\" content=\"R\u00e0dio Litoral\" \/>\n<meta property=\"article:publisher\" content=\"https:\/\/www.facebook.com\/Laradiolitoral\/\" \/>\n<meta property=\"article:published_time\" content=\"2023-06-30T18:45:56+00:00\" \/>\n<meta property=\"article:modified_time\" content=\"2023-06-30T18:46:13+00:00\" \/>\n<meta property=\"og:image\" content=\"https:\/\/media.radiolitoral.com\/wp-content\/uploads\/2023\/06\/30204348\/26bf051e-c205-451c-87a0-ee27dd0572e0.jpeg\" \/>\n\t<meta property=\"og:image:width\" content=\"470\" \/>\n\t<meta property=\"og:image:height\" content=\"328\" \/>\n\t<meta property=\"og:image:type\" content=\"image\/jpeg\" \/>\n<meta name=\"author\" content=\"Mel Pescuezo\" \/>\n<meta name=\"twitter:card\" content=\"summary_large_image\" \/>\n<meta name=\"twitter:label1\" content=\"Escrit per\" \/>\n\t<meta name=\"twitter:data1\" content=\"Mel Pescuezo\" \/>\n\t<meta name=\"twitter:label2\" content=\"Temps estimat de lectura\" \/>\n\t<meta name=\"twitter:data2\" content=\"2 minuts\" \/>\n<script type=\"application\/ld+json\" class=\"yoast-schema-graph\">{\"@context\":\"https:\\\/\\\/schema.org\",\"@graph\":[{\"@type\":\"NewsArticle\",\"@id\":\"https:\\\/\\\/radiolitoral.com\\\/2023\\\/06\\\/aina-cardona-ivars-premio-profesional-de-ensenanzas-musicales-del-cpm-mestre-berenguer-de-teulada\\\/#article\",\"isPartOf\":{\"@id\":\"https:\\\/\\\/radiolitoral.com\\\/2023\\\/06\\\/aina-cardona-ivars-premio-profesional-de-ensenanzas-musicales-del-cpm-mestre-berenguer-de-teulada\\\/\"},\"author\":{\"name\":\"Mel Pescuezo\",\"@id\":\"https:\\\/\\\/radiolitoral.com\\\/#\\\/schema\\\/person\\\/aad4f72efa404f85b68e832d24cac059\"},\"headline\":\"Aina Cardona Ivars, Premio Profesional de Ense\u00f1anzas Musicales del CPM Mestre Berenguer de Teulada\",\"datePublished\":\"2023-06-30T18:45:56+00:00\",\"dateModified\":\"2023-06-30T18:46:13+00:00\",\"mainEntityOfPage\":{\"@id\":\"https:\\\/\\\/radiolitoral.com\\\/2023\\\/06\\\/aina-cardona-ivars-premio-profesional-de-ensenanzas-musicales-del-cpm-mestre-berenguer-de-teulada\\\/\"},\"wordCount\":332,\"commentCount\":0,\"publisher\":{\"@id\":\"https:\\\/\\\/radiolitoral.com\\\/#organization\"},\"image\":{\"@id\":\"https:\\\/\\\/radiolitoral.com\\\/2023\\\/06\\\/aina-cardona-ivars-premio-profesional-de-ensenanzas-musicales-del-cpm-mestre-berenguer-de-teulada\\\/#primaryimage\"},\"thumbnailUrl\":\"https:\\\/\\\/media.radiolitoral.com\\\/wp-content\\\/uploads\\\/2023\\\/06\\\/30204348\\\/26bf051e-c205-451c-87a0-ee27dd0572e0.jpeg\",\"keywords\":[\"Aina Cardona\",\"Conservatorio Profesional de M\u00fasica Mestre Berenguer de Teulada\",\"Premio Profesional de Ense\u00f1anzas Musicales\"],\"articleSection\":[\"Cultura\"],\"inLanguage\":\"ca\",\"potentialAction\":[{\"@type\":\"CommentAction\",\"name\":\"Comment\",\"target\":[\"https:\\\/\\\/radiolitoral.com\\\/2023\\\/06\\\/aina-cardona-ivars-premio-profesional-de-ensenanzas-musicales-del-cpm-mestre-berenguer-de-teulada\\\/#respond\"]}]},{\"@type\":[\"WebPage\",\"ItemPage\"],\"@id\":\"https:\\\/\\\/radiolitoral.com\\\/2023\\\/06\\\/aina-cardona-ivars-premio-profesional-de-ensenanzas-musicales-del-cpm-mestre-berenguer-de-teulada\\\/\",\"url\":\"https:\\\/\\\/radiolitoral.com\\\/2023\\\/06\\\/aina-cardona-ivars-premio-profesional-de-ensenanzas-musicales-del-cpm-mestre-berenguer-de-teulada\\\/\",\"name\":\"Aina Cardona Ivars, Premio Profesional de Ense\u00f1anzas Musicales del CPM Mestre Berenguer de Teulada | R\u00e0dio Litoral\",\"isPartOf\":{\"@id\":\"https:\\\/\\\/radiolitoral.com\\\/#website\"},\"primaryImageOfPage\":{\"@id\":\"https:\\\/\\\/radiolitoral.com\\\/2023\\\/06\\\/aina-cardona-ivars-premio-profesional-de-ensenanzas-musicales-del-cpm-mestre-berenguer-de-teulada\\\/#primaryimage\"},\"image\":{\"@id\":\"https:\\\/\\\/radiolitoral.com\\\/2023\\\/06\\\/aina-cardona-ivars-premio-profesional-de-ensenanzas-musicales-del-cpm-mestre-berenguer-de-teulada\\\/#primaryimage\"},\"thumbnailUrl\":\"https:\\\/\\\/media.radiolitoral.com\\\/wp-content\\\/uploads\\\/2023\\\/06\\\/30204348\\\/26bf051e-c205-451c-87a0-ee27dd0572e0.jpeg\",\"datePublished\":\"2023-06-30T18:45:56+00:00\",\"dateModified\":\"2023-06-30T18:46:13+00:00\",\"description\":\"La alumna de la especialidad de trompeta ha obtenido las m\u00e1s altas calificaciones La alumna de la especialidad de trompeta ha obtenido las m\u00e1s altas calificaciones\",\"breadcrumb\":{\"@id\":\"https:\\\/\\\/radiolitoral.com\\\/2023\\\/06\\\/aina-cardona-ivars-premio-profesional-de-ensenanzas-musicales-del-cpm-mestre-berenguer-de-teulada\\\/#breadcrumb\"},\"inLanguage\":\"ca\",\"potentialAction\":[{\"@type\":\"ReadAction\",\"target\":[\"https:\\\/\\\/radiolitoral.com\\\/2023\\\/06\\\/aina-cardona-ivars-premio-profesional-de-ensenanzas-musicales-del-cpm-mestre-berenguer-de-teulada\\\/\"]}]},{\"@type\":\"ImageObject\",\"inLanguage\":\"ca\",\"@id\":\"https:\\\/\\\/radiolitoral.com\\\/2023\\\/06\\\/aina-cardona-ivars-premio-profesional-de-ensenanzas-musicales-del-cpm-mestre-berenguer-de-teulada\\\/#primaryimage\",\"url\":\"https:\\\/\\\/media.radiolitoral.com\\\/wp-content\\\/uploads\\\/2023\\\/06\\\/30204348\\\/26bf051e-c205-451c-87a0-ee27dd0572e0.jpeg\",\"contentUrl\":\"https:\\\/\\\/media.radiolitoral.com\\\/wp-content\\\/uploads\\\/2023\\\/06\\\/30204348\\\/26bf051e-c205-451c-87a0-ee27dd0572e0.jpeg\",\"width\":470,\"height\":328},{\"@type\":\"BreadcrumbList\",\"@id\":\"https:\\\/\\\/radiolitoral.com\\\/2023\\\/06\\\/aina-cardona-ivars-premio-profesional-de-ensenanzas-musicales-del-cpm-mestre-berenguer-de-teulada\\\/#breadcrumb\",\"itemListElement\":[{\"@type\":\"ListItem\",\"position\":1,\"name\":\"Portada\",\"item\":\"https:\\\/\\\/radiolitoral.com\\\/\"},{\"@type\":\"ListItem\",\"position\":2,\"name\":\"Aina Cardona Ivars, Premio Profesional de Ense\u00f1anzas Musicales del CPM Mestre Berenguer de Teulada\"}]},{\"@type\":\"WebSite\",\"@id\":\"https:\\\/\\\/radiolitoral.com\\\/#website\",\"url\":\"https:\\\/\\\/radiolitoral.com\\\/\",\"name\":\"Radio Litoral\",\"description\":\"La radio local de la Marina Alta\",\"publisher\":{\"@id\":\"https:\\\/\\\/radiolitoral.com\\\/#organization\"},\"alternateName\":\"Litoral FM\",\"potentialAction\":[{\"@type\":\"SearchAction\",\"target\":{\"@type\":\"EntryPoint\",\"urlTemplate\":\"https:\\\/\\\/radiolitoral.com\\\/?s={search_term_string}\"},\"query-input\":{\"@type\":\"PropertyValueSpecification\",\"valueRequired\":true,\"valueName\":\"search_term_string\"}}],\"inLanguage\":\"ca\"},{\"@type\":\"Organization\",\"@id\":\"https:\\\/\\\/radiolitoral.com\\\/#organization\",\"name\":\"Radio Litoral\",\"url\":\"https:\\\/\\\/radiolitoral.com\\\/\",\"logo\":{\"@type\":\"ImageObject\",\"inLanguage\":\"ca\",\"@id\":\"https:\\\/\\\/radiolitoral.com\\\/#\\\/schema\\\/logo\\\/image\\\/\",\"url\":\"https:\\\/\\\/media.radiolitoral.com\\\/wp-content\\\/uploads\\\/2023\\\/02\\\/24143238\\\/CL-V-RadioLitoral696.png\",\"contentUrl\":\"https:\\\/\\\/media.radiolitoral.com\\\/wp-content\\\/uploads\\\/2023\\\/02\\\/24143238\\\/CL-V-RadioLitoral696.png\",\"width\":696,\"height\":696,\"caption\":\"Radio Litoral\"},\"image\":{\"@id\":\"https:\\\/\\\/radiolitoral.com\\\/#\\\/schema\\\/logo\\\/image\\\/\"},\"sameAs\":[\"https:\\\/\\\/www.facebook.com\\\/Laradiolitoral\\\/\"]},{\"@type\":\"Person\",\"@id\":\"https:\\\/\\\/radiolitoral.com\\\/#\\\/schema\\\/person\\\/aad4f72efa404f85b68e832d24cac059\",\"name\":\"Mel Pescuezo\",\"image\":{\"@type\":\"ImageObject\",\"inLanguage\":\"ca\",\"@id\":\"https:\\\/\\\/secure.gravatar.com\\\/avatar\\\/993975ae489c70cb0dd9bfa9413a082f0bd276582dac13661af7b33f161e7eea?s=96&d=mm&r=g\",\"url\":\"https:\\\/\\\/secure.gravatar.com\\\/avatar\\\/993975ae489c70cb0dd9bfa9413a082f0bd276582dac13661af7b33f161e7eea?s=96&d=mm&r=g\",\"contentUrl\":\"https:\\\/\\\/secure.gravatar.com\\\/avatar\\\/993975ae489c70cb0dd9bfa9413a082f0bd276582dac13661af7b33f161e7eea?s=96&d=mm&r=g\",\"caption\":\"Mel Pescuezo\"},\"url\":\"https:\\\/\\\/radiolitoral.com\\\/ca\\\/author\\\/serviciospararadios\\\/\"}]}<\/script>\n<!-- \/ Yoast SEO plugin. -->","yoast_head_json":{"title":"Aina Cardona Ivars, Premi Professional d&#039;Ensenyaments Musicals del CPM Mestre Berenguer de Teulada | R\u00e0dio Litoral","description":"L\u00b4alumna de l\u00b4especialitat de trompeta ha obtingut les m\u00e9s altes qualificacions L\u00b4alumna de l\u00b4especialitat de trompeta ha obtingut les m\u00e9s altes qualificacions","robots":{"index":"index","follow":"follow","max-snippet":"max-snippet:-1","max-image-preview":"max-image-preview:large","max-video-preview":"max-video-preview:-1"},"canonical":"https:\/\/radiolitoral.com\/ca\/2023\/06\/aina-cardona-ivars-premi-professional-densenyament-musical-del-cpm-mestre-berenguer-de-teulada\/","og_locale":"ca_ES","og_type":"article","og_title":"Aina Cardona Ivars, Premio Profesional de Ense\u00f1anzas Musicales del CPM Mestre Berenguer de Teulada | R\u00e0dio Litoral","og_description":"La alumna de la especialidad de trompeta ha obtenido las m\u00e1s altas calificaciones La alumna de la especialidad de trompeta ha obtenido las m\u00e1s altas calificaciones","og_url":"https:\/\/radiolitoral.com\/ca\/2023\/06\/aina-cardona-ivars-premi-professional-densenyament-musical-del-cpm-mestre-berenguer-de-teulada\/","og_site_name":"R\u00e0dio Litoral","article_publisher":"https:\/\/www.facebook.com\/Laradiolitoral\/","article_published_time":"2023-06-30T18:45:56+00:00","article_modified_time":"2023-06-30T18:46:13+00:00","og_image":[{"width":470,"height":328,"url":"https:\/\/media.radiolitoral.com\/wp-content\/uploads\/2023\/06\/30204348\/26bf051e-c205-451c-87a0-ee27dd0572e0.jpeg","type":"image\/jpeg"}],"author":"Mel Pescuezo","twitter_card":"summary_large_image","twitter_misc":{"Escrit per":"Mel Pescuezo","Temps estimat de lectura":"2 minuts"},"schema":{"@context":"https:\/\/schema.org","@graph":[{"@type":"NewsArticle","@id":"https:\/\/radiolitoral.com\/2023\/06\/aina-cardona-ivars-premio-profesional-de-ensenanzas-musicales-del-cpm-mestre-berenguer-de-teulada\/#article","isPartOf":{"@id":"https:\/\/radiolitoral.com\/2023\/06\/aina-cardona-ivars-premio-profesional-de-ensenanzas-musicales-del-cpm-mestre-berenguer-de-teulada\/"},"author":{"name":"Mel Pescuezo","@id":"https:\/\/radiolitoral.com\/#\/schema\/person\/aad4f72efa404f85b68e832d24cac059"},"headline":"Aina Cardona Ivars, Premio Profesional de Ense\u00f1anzas Musicales del CPM Mestre Berenguer de Teulada","datePublished":"2023-06-30T18:45:56+00:00","dateModified":"2023-06-30T18:46:13+00:00","mainEntityOfPage":{"@id":"https:\/\/radiolitoral.com\/2023\/06\/aina-cardona-ivars-premio-profesional-de-ensenanzas-musicales-del-cpm-mestre-berenguer-de-teulada\/"},"wordCount":332,"commentCount":0,"publisher":{"@id":"https:\/\/radiolitoral.com\/#organization"},"image":{"@id":"https:\/\/radiolitoral.com\/2023\/06\/aina-cardona-ivars-premio-profesional-de-ensenanzas-musicales-del-cpm-mestre-berenguer-de-teulada\/#primaryimage"},"thumbnailUrl":"https:\/\/media.radiolitoral.com\/wp-content\/uploads\/2023\/06\/30204348\/26bf051e-c205-451c-87a0-ee27dd0572e0.jpeg","keywords":["Aina Cardona","Conservatorio Profesional de M\u00fasica Mestre Berenguer de Teulada","Premio Profesional de Ense\u00f1anzas Musicales"],"articleSection":["Cultura"],"inLanguage":"ca","potentialAction":[{"@type":"CommentAction","name":"Comment","target":["https:\/\/radiolitoral.com\/2023\/06\/aina-cardona-ivars-premio-profesional-de-ensenanzas-musicales-del-cpm-mestre-berenguer-de-teulada\/#respond"]}]},{"@type":["WebPage","ItemPage"],"@id":"https:\/\/radiolitoral.com\/2023\/06\/aina-cardona-ivars-premio-profesional-de-ensenanzas-musicales-del-cpm-mestre-berenguer-de-teulada\/","url":"https:\/\/radiolitoral.com\/2023\/06\/aina-cardona-ivars-premio-profesional-de-ensenanzas-musicales-del-cpm-mestre-berenguer-de-teulada\/","name":"Aina Cardona Ivars, Premi Professional d&#039;Ensenyaments Musicals del CPM Mestre Berenguer de Teulada | R\u00e0dio Litoral","isPartOf":{"@id":"https:\/\/radiolitoral.com\/#website"},"primaryImageOfPage":{"@id":"https:\/\/radiolitoral.com\/2023\/06\/aina-cardona-ivars-premio-profesional-de-ensenanzas-musicales-del-cpm-mestre-berenguer-de-teulada\/#primaryimage"},"image":{"@id":"https:\/\/radiolitoral.com\/2023\/06\/aina-cardona-ivars-premio-profesional-de-ensenanzas-musicales-del-cpm-mestre-berenguer-de-teulada\/#primaryimage"},"thumbnailUrl":"https:\/\/media.radiolitoral.com\/wp-content\/uploads\/2023\/06\/30204348\/26bf051e-c205-451c-87a0-ee27dd0572e0.jpeg","datePublished":"2023-06-30T18:45:56+00:00","dateModified":"2023-06-30T18:46:13+00:00","description":"L\u00b4alumna de l\u00b4especialitat de trompeta ha obtingut les m\u00e9s altes qualificacions L\u00b4alumna de l\u00b4especialitat de trompeta ha obtingut les m\u00e9s altes qualificacions","breadcrumb":{"@id":"https:\/\/radiolitoral.com\/2023\/06\/aina-cardona-ivars-premio-profesional-de-ensenanzas-musicales-del-cpm-mestre-berenguer-de-teulada\/#breadcrumb"},"inLanguage":"ca","potentialAction":[{"@type":"ReadAction","target":["https:\/\/radiolitoral.com\/2023\/06\/aina-cardona-ivars-premio-profesional-de-ensenanzas-musicales-del-cpm-mestre-berenguer-de-teulada\/"]}]},{"@type":"ImageObject","inLanguage":"ca","@id":"https:\/\/radiolitoral.com\/2023\/06\/aina-cardona-ivars-premio-profesional-de-ensenanzas-musicales-del-cpm-mestre-berenguer-de-teulada\/#primaryimage","url":"https:\/\/media.radiolitoral.com\/wp-content\/uploads\/2023\/06\/30204348\/26bf051e-c205-451c-87a0-ee27dd0572e0.jpeg","contentUrl":"https:\/\/media.radiolitoral.com\/wp-content\/uploads\/2023\/06\/30204348\/26bf051e-c205-451c-87a0-ee27dd0572e0.jpeg","width":470,"height":328},{"@type":"BreadcrumbList","@id":"https:\/\/radiolitoral.com\/2023\/06\/aina-cardona-ivars-premio-profesional-de-ensenanzas-musicales-del-cpm-mestre-berenguer-de-teulada\/#breadcrumb","itemListElement":[{"@type":"ListItem","position":1,"name":"Portada","item":"https:\/\/radiolitoral.com\/"},{"@type":"ListItem","position":2,"name":"Aina Cardona Ivars, Premio Profesional de Ense\u00f1anzas Musicales del CPM Mestre Berenguer de Teulada"}]},{"@type":"WebSite","@id":"https:\/\/radiolitoral.com\/#website","url":"https:\/\/radiolitoral.com\/","name":"R\u00e0dio Litoral","description":"La r\u00e0dio local de la Marina Alta","publisher":{"@id":"https:\/\/radiolitoral.com\/#organization"},"alternateName":"Litoral FM","potentialAction":[{"@type":"SearchAction","target":{"@type":"EntryPoint","urlTemplate":"https:\/\/radiolitoral.com\/?s={search_term_string}"},"query-input":{"@type":"PropertyValueSpecification","valueRequired":true,"valueName":"search_term_string"}}],"inLanguage":"ca"},{"@type":"Organization","@id":"https:\/\/radiolitoral.com\/#organization","name":"R\u00e0dio Litoral","url":"https:\/\/radiolitoral.com\/","logo":{"@type":"ImageObject","inLanguage":"ca","@id":"https:\/\/radiolitoral.com\/#\/schema\/logo\/image\/","url":"https:\/\/media.radiolitoral.com\/wp-content\/uploads\/2023\/02\/24143238\/CL-V-RadioLitoral696.png","contentUrl":"https:\/\/media.radiolitoral.com\/wp-content\/uploads\/2023\/02\/24143238\/CL-V-RadioLitoral696.png","width":696,"height":696,"caption":"Radio Litoral"},"image":{"@id":"https:\/\/radiolitoral.com\/#\/schema\/logo\/image\/"},"sameAs":["https:\/\/www.facebook.com\/Laradiolitoral\/"]},{"@type":"Person","@id":"https:\/\/radiolitoral.com\/#\/schema\/person\/aad4f72efa404f85b68e832d24cac059","name":"Mel Pescuezo","image":{"@type":"ImageObject","inLanguage":"ca","@id":"https:\/\/secure.gravatar.com\/avatar\/993975ae489c70cb0dd9bfa9413a082f0bd276582dac13661af7b33f161e7eea?s=96&d=mm&r=g","url":"https:\/\/secure.gravatar.com\/avatar\/993975ae489c70cb0dd9bfa9413a082f0bd276582dac13661af7b33f161e7eea?s=96&d=mm&r=g","contentUrl":"https:\/\/secure.gravatar.com\/avatar\/993975ae489c70cb0dd9bfa9413a082f0bd276582dac13661af7b33f161e7eea?s=96&d=mm&r=g","caption":"Mel Pescuezo"},"url":"https:\/\/radiolitoral.com\/ca\/author\/serviciospararadios\/"}]}},"_links":{"self":[{"href":"https:\/\/radiolitoral.com\/ca\/wp-json\/wp\/v2\/posts\/4565","targetHints":{"allow":["GET"]}}],"collection":[{"href":"https:\/\/radiolitoral.com\/ca\/wp-json\/wp\/v2\/posts"}],"about":[{"href":"https:\/\/radiolitoral.com\/ca\/wp-json\/wp\/v2\/types\/post"}],"author":[{"embeddable":true,"href":"https:\/\/radiolitoral.com\/ca\/wp-json\/wp\/v2\/users\/21"}],"replies":[{"embeddable":true,"href":"https:\/\/radiolitoral.com\/ca\/wp-json\/wp\/v2\/comments?post=4565"}],"version-history":[{"count":1,"href":"https:\/\/radiolitoral.com\/ca\/wp-json\/wp\/v2\/posts\/4565\/revisions"}],"predecessor-version":[{"id":4567,"href":"https:\/\/radiolitoral.com\/ca\/wp-json\/wp\/v2\/posts\/4565\/revisions\/4567"}],"wp:featuredmedia":[{"embeddable":true,"href":"https:\/\/radiolitoral.com\/ca\/wp-json\/wp\/v2\/media\/4566"}],"wp:attachment":[{"href":"https:\/\/radiolitoral.com\/ca\/wp-json\/wp\/v2\/media?parent=4565"}],"wp:term":[{"taxonomy":"category","embeddable":true,"href":"https:\/\/radiolitoral.com\/ca\/wp-json\/wp\/v2\/categories?post=4565"},{"taxonomy":"post_tag","embeddable":true,"href":"https:\/\/radiolitoral.com\/ca\/wp-json\/wp\/v2\/tags?post=4565"}],"curies":[{"name":"wp","href":"https:\/\/api.w.org\/{rel}","templated":true}]}}