{"id":4562,"date":"2023-06-30T20:37:37","date_gmt":"2023-06-30T18:37:37","guid":{"rendered":"https:\/\/radiolitoral.com\/?p=4562"},"modified":"2023-06-30T20:38:47","modified_gmt":"2023-06-30T18:38:47","slug":"a-causa-de-les-obres-es-posa-en-marxa-lautobus-entre-les-estacions-del-tram-de-teulada-i-calp","status":"publish","type":"post","link":"https:\/\/radiolitoral.com\/ca\/2023\/06\/debido-a-las-obras-se-pone-en-marcha-el-autobus-entre-las-estaciones-del-tram-de-teulada-y-calp\/","title":{"rendered":"A causa de les obres, es posa en marxa l&#039;autob\u00fas entre les estacions del TRAM de Teulada i Calp"},"content":{"rendered":"<p>Ferrocarrils de la Generalitat Valenciana (FGV) oferir\u00e0 servei alternatiu d&#039;autob\u00fas entre les estacions Teulada i Calp de la L\u00ednia 9 del TRAM d&#039;Alacant, a partir de dem\u00e0 dissabte 1 de juliol, amb motiu de la darrera fase de les obres del nou viaducte sobre el barranc del Quisi, a Benissa.<\/p>\n<p>Fonts de Ferrocarrils, assenyalen que durant unes dues setmanes es completar\u00e0 l&#039;enlla\u00e7 de la nova infraestructura amb el tra\u00e7at de la L\u00ednia 9 que enlla\u00e7a Benidorm i D\u00e9nia, per la qual cosa \u00e9s indispensable interrompre la circulaci\u00f3 entre aquestes dues estacions.<\/p>\n<p>El servei alternatiu d&#039;autob\u00fas far\u00e0 parada a Calp, a tocar de l&#039;edifici de l&#039;estaci\u00f3; Benissa, a la N-322, avinguda del Pa\u00eds Valenci\u00e0; i Teulada, a la mateixa estaci\u00f3.<\/p>\n<p>Un cop s&#039;obri a la circulaci\u00f3 el nou viaducte el transbordament entre els trens di\u00e8sel i els nous trens duals es far\u00e0 a l&#039;estaci\u00f3 de Calp i no a Teulada com fins ara.<\/p>\n<p>El nou viaducte del Quisi, amb un pressupost de 9.857.534 euros, est\u00e0 situat aig\u00fces avall respecte de l&#039;existent, amb una alineaci\u00f3 obliqua i una longitud de 370 metres. La variant possibilita el pas dels nous trens duals (el\u00e8ctric-di\u00e8sel) incorporats per FGV com a part del pla de modernitzaci\u00f3 d&#039;aquesta l\u00ednia.<\/p>\n<p>El pont original va ser constru\u00eft entre els anys 1913 i 1915, com a part de la l\u00ednia que enlla\u00e7a Alacant i D\u00e9nia. Les obres de rehabilitaci\u00f3 realitzades per FGV en aquest tram han perm\u00e8s que continu\u00ef obert a la circulaci\u00f3. Un cop finalitzin les obres est\u00e0 previst reconvertir-lo en part d&#039;una via verda per al gaudi de tota la ciutadania.<\/p>\n<p>Aquesta actuaci\u00f3, igual que la resta que s&#039;executen a la L\u00ednia 9, \u00e9s susceptible de ser cofinan\u00e7ada per la Uni\u00f3 Europea<\/p>\n<p>&nbsp;<\/p>","protected":false},"excerpt":{"rendered":"<p>Ferrocarrils de la Generalitat Valenciana (FGV) ofrecer\u00e1 servicio alternativo de autob\u00fas entre las estaciones Teulada y Calp de la L\u00ednea 9 del TRAM d&#8217;Alacant, a partir de ma\u00f1ana s\u00e1bado 1 de julio, con motivo de la \u00faltima fase de las obras del nuevo viaducto sobre el barranco del Quisi, en Benissa. Fuentes de Ferrocarrils, se\u00f1alan [&#8230;]<\/p>\n<p><a class=\"btn btn-secondary understrap-read-more-link\" href=\"https:\/\/radiolitoral.com\/ca\/2023\/06\/debido-a-las-obras-se-pone-en-marcha-el-autobus-entre-las-estaciones-del-tram-de-teulada-y-calp\/\">Continua llegint&#8230;<span class=\"screen-reader-text\"> from Debido a las obras, se pone en marcha el autob\u00fas entre las estaciones del TRAM de Teulada y Calp<\/span><\/a><\/p>\n","protected":false},"author":21,"featured_media":1028,"comment_status":"open","ping_status":"closed","sticky":false,"template":"","format":"standard","meta":{"_acf_changed":false,"inline_featured_image":false,"footnotes":""},"categories":[71],"tags":[124,356],"class_list":["post-4562","post","type-post","status-publish","format-standard","has-post-thumbnail","hentry","category-informacion-de-servicios","tag-tram","tag-tren","cobertura-calp","cobertura-teulada-moraira"],"acf":[],"yoast_head":"<!-- This site is optimized with the Yoast SEO plugin v27.5 - https:\/\/yoast.com\/product\/yoast-seo-wordpress\/ -->\n<title>Debido a las obras, se pone en marcha el autob\u00fas entre las estaciones del TRAM de Teulada y Calp | R\u00e0dio Litoral<\/title>\n<meta name=\"description\" content=\"Un servicio que arranca el 1 de julio Un servicio que arranca el 1 de julio\" \/>\n<meta name=\"robots\" content=\"index, follow, max-snippet:-1, max-image-preview:large, max-video-preview:-1\" \/>\n<link rel=\"canonical\" href=\"https:\/\/radiolitoral.com\/ca\/2023\/06\/a-causa-de-les-obres-es-posa-en-marxa-lautobus-entre-les-estacions-del-tram-de-teulada-i-calp\/\" \/>\n<meta property=\"og:locale\" content=\"ca_ES\" \/>\n<meta property=\"og:type\" content=\"article\" \/>\n<meta property=\"og:title\" content=\"Debido a las obras, se pone en marcha el autob\u00fas entre las estaciones del TRAM de Teulada y Calp | R\u00e0dio Litoral\" \/>\n<meta property=\"og:description\" content=\"Un servicio que arranca el 1 de julio Un servicio que arranca el 1 de julio\" \/>\n<meta property=\"og:url\" content=\"https:\/\/radiolitoral.com\/ca\/2023\/06\/a-causa-de-les-obres-es-posa-en-marxa-lautobus-entre-les-estacions-del-tram-de-teulada-i-calp\/\" \/>\n<meta property=\"og:site_name\" content=\"R\u00e0dio Litoral\" \/>\n<meta property=\"article:publisher\" content=\"https:\/\/www.facebook.com\/Laradiolitoral\/\" \/>\n<meta property=\"article:published_time\" content=\"2023-06-30T18:37:37+00:00\" \/>\n<meta property=\"article:modified_time\" content=\"2023-06-30T18:38:47+00:00\" \/>\n<meta property=\"og:image\" content=\"https:\/\/media.radiolitoral.com\/wp-content\/uploads\/2023\/02\/28204405\/tren.jpg\" \/>\n\t<meta property=\"og:image:width\" content=\"704\" \/>\n\t<meta property=\"og:image:height\" content=\"837\" \/>\n\t<meta property=\"og:image:type\" content=\"image\/jpeg\" \/>\n<meta name=\"author\" content=\"Mel Pescuezo\" \/>\n<meta name=\"twitter:card\" content=\"summary_large_image\" \/>\n<meta name=\"twitter:label1\" content=\"Escrit per\" \/>\n\t<meta name=\"twitter:data1\" content=\"Mel Pescuezo\" \/>\n\t<meta name=\"twitter:label2\" content=\"Temps estimat de lectura\" \/>\n\t<meta name=\"twitter:data2\" content=\"2 minuts\" \/>\n<script type=\"application\/ld+json\" class=\"yoast-schema-graph\">{\"@context\":\"https:\\\/\\\/schema.org\",\"@graph\":[{\"@type\":\"NewsArticle\",\"@id\":\"https:\\\/\\\/radiolitoral.com\\\/2023\\\/06\\\/debido-a-las-obras-se-pone-en-marcha-el-autobus-entre-las-estaciones-del-tram-de-teulada-y-calp\\\/#article\",\"isPartOf\":{\"@id\":\"https:\\\/\\\/radiolitoral.com\\\/2023\\\/06\\\/debido-a-las-obras-se-pone-en-marcha-el-autobus-entre-las-estaciones-del-tram-de-teulada-y-calp\\\/\"},\"author\":{\"name\":\"Mel Pescuezo\",\"@id\":\"https:\\\/\\\/radiolitoral.com\\\/#\\\/schema\\\/person\\\/aad4f72efa404f85b68e832d24cac059\"},\"headline\":\"Debido a las obras, se pone en marcha el autob\u00fas entre las estaciones del TRAM de Teulada y Calp\",\"datePublished\":\"2023-06-30T18:37:37+00:00\",\"dateModified\":\"2023-06-30T18:38:47+00:00\",\"mainEntityOfPage\":{\"@id\":\"https:\\\/\\\/radiolitoral.com\\\/2023\\\/06\\\/debido-a-las-obras-se-pone-en-marcha-el-autobus-entre-las-estaciones-del-tram-de-teulada-y-calp\\\/\"},\"wordCount\":334,\"commentCount\":0,\"publisher\":{\"@id\":\"https:\\\/\\\/radiolitoral.com\\\/#organization\"},\"image\":{\"@id\":\"https:\\\/\\\/radiolitoral.com\\\/2023\\\/06\\\/debido-a-las-obras-se-pone-en-marcha-el-autobus-entre-las-estaciones-del-tram-de-teulada-y-calp\\\/#primaryimage\"},\"thumbnailUrl\":\"https:\\\/\\\/media.radiolitoral.com\\\/wp-content\\\/uploads\\\/2023\\\/02\\\/28204405\\\/tren.jpg\",\"keywords\":[\"TRAM\",\"tren\"],\"articleSection\":[\"Informaci\u00f3n de Servicios\"],\"inLanguage\":\"ca\",\"potentialAction\":[{\"@type\":\"CommentAction\",\"name\":\"Comment\",\"target\":[\"https:\\\/\\\/radiolitoral.com\\\/2023\\\/06\\\/debido-a-las-obras-se-pone-en-marcha-el-autobus-entre-las-estaciones-del-tram-de-teulada-y-calp\\\/#respond\"]}]},{\"@type\":[\"WebPage\",\"ItemPage\"],\"@id\":\"https:\\\/\\\/radiolitoral.com\\\/2023\\\/06\\\/debido-a-las-obras-se-pone-en-marcha-el-autobus-entre-las-estaciones-del-tram-de-teulada-y-calp\\\/\",\"url\":\"https:\\\/\\\/radiolitoral.com\\\/2023\\\/06\\\/debido-a-las-obras-se-pone-en-marcha-el-autobus-entre-las-estaciones-del-tram-de-teulada-y-calp\\\/\",\"name\":\"Debido a las obras, se pone en marcha el autob\u00fas entre las estaciones del TRAM de Teulada y Calp | R\u00e0dio Litoral\",\"isPartOf\":{\"@id\":\"https:\\\/\\\/radiolitoral.com\\\/#website\"},\"primaryImageOfPage\":{\"@id\":\"https:\\\/\\\/radiolitoral.com\\\/2023\\\/06\\\/debido-a-las-obras-se-pone-en-marcha-el-autobus-entre-las-estaciones-del-tram-de-teulada-y-calp\\\/#primaryimage\"},\"image\":{\"@id\":\"https:\\\/\\\/radiolitoral.com\\\/2023\\\/06\\\/debido-a-las-obras-se-pone-en-marcha-el-autobus-entre-las-estaciones-del-tram-de-teulada-y-calp\\\/#primaryimage\"},\"thumbnailUrl\":\"https:\\\/\\\/media.radiolitoral.com\\\/wp-content\\\/uploads\\\/2023\\\/02\\\/28204405\\\/tren.jpg\",\"datePublished\":\"2023-06-30T18:37:37+00:00\",\"dateModified\":\"2023-06-30T18:38:47+00:00\",\"description\":\"Un servicio que arranca el 1 de julio Un servicio que arranca el 1 de julio\",\"breadcrumb\":{\"@id\":\"https:\\\/\\\/radiolitoral.com\\\/2023\\\/06\\\/debido-a-las-obras-se-pone-en-marcha-el-autobus-entre-las-estaciones-del-tram-de-teulada-y-calp\\\/#breadcrumb\"},\"inLanguage\":\"ca\",\"potentialAction\":[{\"@type\":\"ReadAction\",\"target\":[\"https:\\\/\\\/radiolitoral.com\\\/2023\\\/06\\\/debido-a-las-obras-se-pone-en-marcha-el-autobus-entre-las-estaciones-del-tram-de-teulada-y-calp\\\/\"]}]},{\"@type\":\"ImageObject\",\"inLanguage\":\"ca\",\"@id\":\"https:\\\/\\\/radiolitoral.com\\\/2023\\\/06\\\/debido-a-las-obras-se-pone-en-marcha-el-autobus-entre-las-estaciones-del-tram-de-teulada-y-calp\\\/#primaryimage\",\"url\":\"https:\\\/\\\/media.radiolitoral.com\\\/wp-content\\\/uploads\\\/2023\\\/02\\\/28204405\\\/tren.jpg\",\"contentUrl\":\"https:\\\/\\\/media.radiolitoral.com\\\/wp-content\\\/uploads\\\/2023\\\/02\\\/28204405\\\/tren.jpg\",\"width\":704,\"height\":837},{\"@type\":\"BreadcrumbList\",\"@id\":\"https:\\\/\\\/radiolitoral.com\\\/2023\\\/06\\\/debido-a-las-obras-se-pone-en-marcha-el-autobus-entre-las-estaciones-del-tram-de-teulada-y-calp\\\/#breadcrumb\",\"itemListElement\":[{\"@type\":\"ListItem\",\"position\":1,\"name\":\"Portada\",\"item\":\"https:\\\/\\\/radiolitoral.com\\\/\"},{\"@type\":\"ListItem\",\"position\":2,\"name\":\"Debido a las obras, se pone en marcha el autob\u00fas entre las estaciones del TRAM de Teulada y Calp\"}]},{\"@type\":\"WebSite\",\"@id\":\"https:\\\/\\\/radiolitoral.com\\\/#website\",\"url\":\"https:\\\/\\\/radiolitoral.com\\\/\",\"name\":\"Radio Litoral\",\"description\":\"La radio local de la Marina Alta\",\"publisher\":{\"@id\":\"https:\\\/\\\/radiolitoral.com\\\/#organization\"},\"alternateName\":\"Litoral FM\",\"potentialAction\":[{\"@type\":\"SearchAction\",\"target\":{\"@type\":\"EntryPoint\",\"urlTemplate\":\"https:\\\/\\\/radiolitoral.com\\\/?s={search_term_string}\"},\"query-input\":{\"@type\":\"PropertyValueSpecification\",\"valueRequired\":true,\"valueName\":\"search_term_string\"}}],\"inLanguage\":\"ca\"},{\"@type\":\"Organization\",\"@id\":\"https:\\\/\\\/radiolitoral.com\\\/#organization\",\"name\":\"Radio Litoral\",\"url\":\"https:\\\/\\\/radiolitoral.com\\\/\",\"logo\":{\"@type\":\"ImageObject\",\"inLanguage\":\"ca\",\"@id\":\"https:\\\/\\\/radiolitoral.com\\\/#\\\/schema\\\/logo\\\/image\\\/\",\"url\":\"https:\\\/\\\/media.radiolitoral.com\\\/wp-content\\\/uploads\\\/2023\\\/02\\\/24143238\\\/CL-V-RadioLitoral696.png\",\"contentUrl\":\"https:\\\/\\\/media.radiolitoral.com\\\/wp-content\\\/uploads\\\/2023\\\/02\\\/24143238\\\/CL-V-RadioLitoral696.png\",\"width\":696,\"height\":696,\"caption\":\"Radio Litoral\"},\"image\":{\"@id\":\"https:\\\/\\\/radiolitoral.com\\\/#\\\/schema\\\/logo\\\/image\\\/\"},\"sameAs\":[\"https:\\\/\\\/www.facebook.com\\\/Laradiolitoral\\\/\"]},{\"@type\":\"Person\",\"@id\":\"https:\\\/\\\/radiolitoral.com\\\/#\\\/schema\\\/person\\\/aad4f72efa404f85b68e832d24cac059\",\"name\":\"Mel Pescuezo\",\"image\":{\"@type\":\"ImageObject\",\"inLanguage\":\"ca\",\"@id\":\"https:\\\/\\\/secure.gravatar.com\\\/avatar\\\/993975ae489c70cb0dd9bfa9413a082f0bd276582dac13661af7b33f161e7eea?s=96&d=mm&r=g\",\"url\":\"https:\\\/\\\/secure.gravatar.com\\\/avatar\\\/993975ae489c70cb0dd9bfa9413a082f0bd276582dac13661af7b33f161e7eea?s=96&d=mm&r=g\",\"contentUrl\":\"https:\\\/\\\/secure.gravatar.com\\\/avatar\\\/993975ae489c70cb0dd9bfa9413a082f0bd276582dac13661af7b33f161e7eea?s=96&d=mm&r=g\",\"caption\":\"Mel Pescuezo\"},\"url\":\"https:\\\/\\\/radiolitoral.com\\\/ca\\\/author\\\/serviciospararadios\\\/\"}]}<\/script>\n<!-- \/ Yoast SEO plugin. -->","yoast_head_json":{"title":"A causa de les obres, s&#039;engega l&#039;autob\u00fas entre les estacions del TRAM de Teulada i Calp | R\u00e0dio Litoral","description":"Un servei que arrenca l&#039;1 de juliol Un servei que arranca l&#039;1 de juliol","robots":{"index":"index","follow":"follow","max-snippet":"max-snippet:-1","max-image-preview":"max-image-preview:large","max-video-preview":"max-video-preview:-1"},"canonical":"https:\/\/radiolitoral.com\/ca\/2023\/06\/a-causa-de-les-obres-es-posa-en-marxa-lautobus-entre-les-estacions-del-tram-de-teulada-i-calp\/","og_locale":"ca_ES","og_type":"article","og_title":"Debido a las obras, se pone en marcha el autob\u00fas entre las estaciones del TRAM de Teulada y Calp | R\u00e0dio Litoral","og_description":"Un servicio que arranca el 1 de julio Un servicio que arranca el 1 de julio","og_url":"https:\/\/radiolitoral.com\/ca\/2023\/06\/a-causa-de-les-obres-es-posa-en-marxa-lautobus-entre-les-estacions-del-tram-de-teulada-i-calp\/","og_site_name":"R\u00e0dio Litoral","article_publisher":"https:\/\/www.facebook.com\/Laradiolitoral\/","article_published_time":"2023-06-30T18:37:37+00:00","article_modified_time":"2023-06-30T18:38:47+00:00","og_image":[{"width":704,"height":837,"url":"https:\/\/media.radiolitoral.com\/wp-content\/uploads\/2023\/02\/28204405\/tren.jpg","type":"image\/jpeg"}],"author":"Mel Pescuezo","twitter_card":"summary_large_image","twitter_misc":{"Escrit per":"Mel Pescuezo","Temps estimat de lectura":"2 minuts"},"schema":{"@context":"https:\/\/schema.org","@graph":[{"@type":"NewsArticle","@id":"https:\/\/radiolitoral.com\/2023\/06\/debido-a-las-obras-se-pone-en-marcha-el-autobus-entre-las-estaciones-del-tram-de-teulada-y-calp\/#article","isPartOf":{"@id":"https:\/\/radiolitoral.com\/2023\/06\/debido-a-las-obras-se-pone-en-marcha-el-autobus-entre-las-estaciones-del-tram-de-teulada-y-calp\/"},"author":{"name":"Mel Pescuezo","@id":"https:\/\/radiolitoral.com\/#\/schema\/person\/aad4f72efa404f85b68e832d24cac059"},"headline":"Debido a las obras, se pone en marcha el autob\u00fas entre las estaciones del TRAM de Teulada y Calp","datePublished":"2023-06-30T18:37:37+00:00","dateModified":"2023-06-30T18:38:47+00:00","mainEntityOfPage":{"@id":"https:\/\/radiolitoral.com\/2023\/06\/debido-a-las-obras-se-pone-en-marcha-el-autobus-entre-las-estaciones-del-tram-de-teulada-y-calp\/"},"wordCount":334,"commentCount":0,"publisher":{"@id":"https:\/\/radiolitoral.com\/#organization"},"image":{"@id":"https:\/\/radiolitoral.com\/2023\/06\/debido-a-las-obras-se-pone-en-marcha-el-autobus-entre-las-estaciones-del-tram-de-teulada-y-calp\/#primaryimage"},"thumbnailUrl":"https:\/\/media.radiolitoral.com\/wp-content\/uploads\/2023\/02\/28204405\/tren.jpg","keywords":["TRAM","tren"],"articleSection":["Informaci\u00f3n de Servicios"],"inLanguage":"ca","potentialAction":[{"@type":"CommentAction","name":"Comment","target":["https:\/\/radiolitoral.com\/2023\/06\/debido-a-las-obras-se-pone-en-marcha-el-autobus-entre-las-estaciones-del-tram-de-teulada-y-calp\/#respond"]}]},{"@type":["WebPage","ItemPage"],"@id":"https:\/\/radiolitoral.com\/2023\/06\/debido-a-las-obras-se-pone-en-marcha-el-autobus-entre-las-estaciones-del-tram-de-teulada-y-calp\/","url":"https:\/\/radiolitoral.com\/2023\/06\/debido-a-las-obras-se-pone-en-marcha-el-autobus-entre-las-estaciones-del-tram-de-teulada-y-calp\/","name":"A causa de les obres, s&#039;engega l&#039;autob\u00fas entre les estacions del TRAM de Teulada i Calp | R\u00e0dio Litoral","isPartOf":{"@id":"https:\/\/radiolitoral.com\/#website"},"primaryImageOfPage":{"@id":"https:\/\/radiolitoral.com\/2023\/06\/debido-a-las-obras-se-pone-en-marcha-el-autobus-entre-las-estaciones-del-tram-de-teulada-y-calp\/#primaryimage"},"image":{"@id":"https:\/\/radiolitoral.com\/2023\/06\/debido-a-las-obras-se-pone-en-marcha-el-autobus-entre-las-estaciones-del-tram-de-teulada-y-calp\/#primaryimage"},"thumbnailUrl":"https:\/\/media.radiolitoral.com\/wp-content\/uploads\/2023\/02\/28204405\/tren.jpg","datePublished":"2023-06-30T18:37:37+00:00","dateModified":"2023-06-30T18:38:47+00:00","description":"Un servei que arrenca l&#039;1 de juliol Un servei que arranca l&#039;1 de juliol","breadcrumb":{"@id":"https:\/\/radiolitoral.com\/2023\/06\/debido-a-las-obras-se-pone-en-marcha-el-autobus-entre-las-estaciones-del-tram-de-teulada-y-calp\/#breadcrumb"},"inLanguage":"ca","potentialAction":[{"@type":"ReadAction","target":["https:\/\/radiolitoral.com\/2023\/06\/debido-a-las-obras-se-pone-en-marcha-el-autobus-entre-las-estaciones-del-tram-de-teulada-y-calp\/"]}]},{"@type":"ImageObject","inLanguage":"ca","@id":"https:\/\/radiolitoral.com\/2023\/06\/debido-a-las-obras-se-pone-en-marcha-el-autobus-entre-las-estaciones-del-tram-de-teulada-y-calp\/#primaryimage","url":"https:\/\/media.radiolitoral.com\/wp-content\/uploads\/2023\/02\/28204405\/tren.jpg","contentUrl":"https:\/\/media.radiolitoral.com\/wp-content\/uploads\/2023\/02\/28204405\/tren.jpg","width":704,"height":837},{"@type":"BreadcrumbList","@id":"https:\/\/radiolitoral.com\/2023\/06\/debido-a-las-obras-se-pone-en-marcha-el-autobus-entre-las-estaciones-del-tram-de-teulada-y-calp\/#breadcrumb","itemListElement":[{"@type":"ListItem","position":1,"name":"Portada","item":"https:\/\/radiolitoral.com\/"},{"@type":"ListItem","position":2,"name":"Debido a las obras, se pone en marcha el autob\u00fas entre las estaciones del TRAM de Teulada y Calp"}]},{"@type":"WebSite","@id":"https:\/\/radiolitoral.com\/#website","url":"https:\/\/radiolitoral.com\/","name":"R\u00e0dio Litoral","description":"La r\u00e0dio local de la Marina Alta","publisher":{"@id":"https:\/\/radiolitoral.com\/#organization"},"alternateName":"Litoral FM","potentialAction":[{"@type":"SearchAction","target":{"@type":"EntryPoint","urlTemplate":"https:\/\/radiolitoral.com\/?s={search_term_string}"},"query-input":{"@type":"PropertyValueSpecification","valueRequired":true,"valueName":"search_term_string"}}],"inLanguage":"ca"},{"@type":"Organization","@id":"https:\/\/radiolitoral.com\/#organization","name":"R\u00e0dio Litoral","url":"https:\/\/radiolitoral.com\/","logo":{"@type":"ImageObject","inLanguage":"ca","@id":"https:\/\/radiolitoral.com\/#\/schema\/logo\/image\/","url":"https:\/\/media.radiolitoral.com\/wp-content\/uploads\/2023\/02\/24143238\/CL-V-RadioLitoral696.png","contentUrl":"https:\/\/media.radiolitoral.com\/wp-content\/uploads\/2023\/02\/24143238\/CL-V-RadioLitoral696.png","width":696,"height":696,"caption":"Radio Litoral"},"image":{"@id":"https:\/\/radiolitoral.com\/#\/schema\/logo\/image\/"},"sameAs":["https:\/\/www.facebook.com\/Laradiolitoral\/"]},{"@type":"Person","@id":"https:\/\/radiolitoral.com\/#\/schema\/person\/aad4f72efa404f85b68e832d24cac059","name":"Mel Pescuezo","image":{"@type":"ImageObject","inLanguage":"ca","@id":"https:\/\/secure.gravatar.com\/avatar\/993975ae489c70cb0dd9bfa9413a082f0bd276582dac13661af7b33f161e7eea?s=96&d=mm&r=g","url":"https:\/\/secure.gravatar.com\/avatar\/993975ae489c70cb0dd9bfa9413a082f0bd276582dac13661af7b33f161e7eea?s=96&d=mm&r=g","contentUrl":"https:\/\/secure.gravatar.com\/avatar\/993975ae489c70cb0dd9bfa9413a082f0bd276582dac13661af7b33f161e7eea?s=96&d=mm&r=g","caption":"Mel Pescuezo"},"url":"https:\/\/radiolitoral.com\/ca\/author\/serviciospararadios\/"}]}},"_links":{"self":[{"href":"https:\/\/radiolitoral.com\/ca\/wp-json\/wp\/v2\/posts\/4562","targetHints":{"allow":["GET"]}}],"collection":[{"href":"https:\/\/radiolitoral.com\/ca\/wp-json\/wp\/v2\/posts"}],"about":[{"href":"https:\/\/radiolitoral.com\/ca\/wp-json\/wp\/v2\/types\/post"}],"author":[{"embeddable":true,"href":"https:\/\/radiolitoral.com\/ca\/wp-json\/wp\/v2\/users\/21"}],"replies":[{"embeddable":true,"href":"https:\/\/radiolitoral.com\/ca\/wp-json\/wp\/v2\/comments?post=4562"}],"version-history":[{"count":1,"href":"https:\/\/radiolitoral.com\/ca\/wp-json\/wp\/v2\/posts\/4562\/revisions"}],"predecessor-version":[{"id":4563,"href":"https:\/\/radiolitoral.com\/ca\/wp-json\/wp\/v2\/posts\/4562\/revisions\/4563"}],"wp:featuredmedia":[{"embeddable":true,"href":"https:\/\/radiolitoral.com\/ca\/wp-json\/wp\/v2\/media\/1028"}],"wp:attachment":[{"href":"https:\/\/radiolitoral.com\/ca\/wp-json\/wp\/v2\/media?parent=4562"}],"wp:term":[{"taxonomy":"category","embeddable":true,"href":"https:\/\/radiolitoral.com\/ca\/wp-json\/wp\/v2\/categories?post=4562"},{"taxonomy":"post_tag","embeddable":true,"href":"https:\/\/radiolitoral.com\/ca\/wp-json\/wp\/v2\/tags?post=4562"}],"curies":[{"name":"wp","href":"https:\/\/api.w.org\/{rel}","templated":true}]}}