{"id":4552,"date":"2023-06-30T19:46:55","date_gmt":"2023-06-30T17:46:55","guid":{"rendered":"https:\/\/radiolitoral.com\/?p=4552"},"modified":"2023-06-30T19:47:15","modified_gmt":"2023-06-30T17:47:15","slug":"benitatxell-fa-el-repartiment-de-regidories","status":"publish","type":"post","link":"https:\/\/radiolitoral.com\/ca\/2023\/06\/benitatxell-hace-el-reparto-de-concejalias\/","title":{"rendered":"Benitatxell fa el repartiment de regidories"},"content":{"rendered":"<p>L&#039;alcalde de <span style=\"background-color: var(--bs-body-bg); color: var(--bs-body-color); font-family: var(--bs-body-font-family); font-size: var(--bs-body-font-size); font-weight: var(--bs-body-font-weight); text-align: var(--bs-body-text-align);\">El Poble Nou de Benitatxell,<\/span><span style=\"background-color: var(--bs-body-bg); color: var(--bs-body-color); font-family: var(--bs-body-font-family); font-size: var(--bs-body-font-size); font-weight: var(--bs-body-font-weight); text-align: var(--bs-body-text-align);\">\u00a0Miguel \u00c1ngel Garc\u00eda ja ha signat el decret de delegacions amb el repartiment de les regidories entre els set regidors de M\u00e9s Benitatxell que conformen l&#039;equip de govern.<\/span><\/p>\n<p>Segons aquest decret, el mateix alcalde, Miguel \u00c1ngel Garc\u00eda, gestionar\u00e0 les \u00e0rees d&#039;Hisenda, Personal, R\u00e8gim intern i participaci\u00f3 ciutadana. Mentre que Mayte Rold\u00e1n, continuar\u00e0 responsabilitzant-se de Festes, Contractaci\u00f3, Comer\u00e7, Promoci\u00f3 econ\u00f2mica, Joventut i Esdeveniments i protocol. El regidor Jorge Pascual es responsabilitza de Planificaci\u00f3 urbana, Territori i paisatge, Cicle h\u00eddric, Cultura, Educaci\u00f3 i Inf\u00e0ncia. V\u00edctor Bisquert continua al capdavant de Turisme, Patrimoni i Comunicaci\u00f3. Isa Garrido mant\u00e9 Serveis Socials, Salut i Diversitat funcional, Major i Igualtat, com en la legislatura anterior i suma pol\u00edtiques de g\u00e8nere. Mar\u00eda Jos\u00e9 Ivars gestionar\u00e0 les \u00e0rees de seguretat ciutadana, mobilitat, obres i serveis, platges i medi ambient. I la nova incorporaci\u00f3 a l&#039;executiu local, Javi Cabrera, dirigir\u00e0 Noves tecnologies, Transformaci\u00f3 digital, Transpar\u00e8ncia, Esports, Agricultura i Residus.<\/p>\n<p>L&#039;oposici\u00f3 la conformen els tres regidors de REDCV, Vicente Rocher, Cristina Rosell\u00f3 i Francisco Javier Diego. i l&#039;edil Julio Ignacio Eraso pel Partit Popular.<\/p>\n<p>Pel que fa a les tinences d&#039;alcaldia, aix\u00ed s&#039;han conformat:<\/p>\n<ul>\n<li>Alcalde: Miquel \u00c0ngel Garc\u00eda.<\/li>\n<li>Primera tinent d&#039;alcaldia: Mayte Rold\u00e1n.<\/li>\n<li>Segon tinent de batlia: Jorge Pascual.<\/li>\n<li>Tercer tinent de batlia: V\u00edctor Bisquert.<\/li>\n<li>Quarta tinent d&#039;alcaldia: Isa Garrido.<\/li>\n<\/ul>\n<p>&nbsp;<\/p>","protected":false},"excerpt":{"rendered":"<p>El alcalde de El Poble Nou de Benitatxell,\u00a0Miguel \u00c1ngel Garc\u00eda, ya ha firmado el decreto de delegaciones con el reparto de las concejal\u00edas entre los siete ediles de M\u00e9s Benitatxell que conforman el equipo de gobierno. Seg\u00fan este decreto, el propio alcalde, Miguel \u00c1ngel Garc\u00eda, gestionar\u00e1 las \u00e1reas de Hacienda, Personal, R\u00e9gimen interno y Participaci\u00f3n [&#8230;]<\/p>\n<p><a class=\"btn btn-secondary understrap-read-more-link\" href=\"https:\/\/radiolitoral.com\/ca\/2023\/06\/benitatxell-hace-el-reparto-de-concejalias\/\">Continua llegint&#8230;<span class=\"screen-reader-text\"> from Benitatxell hace el reparto de concejal\u00edas<\/span><\/a><\/p>\n","protected":false},"author":21,"featured_media":4553,"comment_status":"open","ping_status":"closed","sticky":false,"template":"","format":"standard","meta":{"_acf_changed":false,"inline_featured_image":false,"footnotes":""},"categories":[13],"tags":[820],"class_list":["post-4552","post","type-post","status-publish","format-standard","has-post-thumbnail","hentry","category-politica","tag-ayuntamiento-benitatxell","cobertura-poble-nou-de-benitatxell"],"acf":[],"yoast_head":"<!-- This site is optimized with the Yoast SEO plugin v27.5 - https:\/\/yoast.com\/product\/yoast-seo-wordpress\/ -->\n<title>Benitatxell hace el reparto de concejal\u00edas | R\u00e0dio Litoral<\/title>\n<meta name=\"description\" content=\"El alcalde llevar\u00e1 a cabo Hacienda, Personal, R\u00e9gimen interno y Participaci\u00f3n ciudadana El alcalde llevar\u00e1 a cabo Hacienda, Personal, R\u00e9gimen interno y Participaci\u00f3n ciudadana\" \/>\n<meta name=\"robots\" content=\"index, follow, max-snippet:-1, max-image-preview:large, max-video-preview:-1\" \/>\n<link rel=\"canonical\" href=\"https:\/\/radiolitoral.com\/ca\/2023\/06\/benitatxell-fa-el-repartiment-de-regidories\/\" \/>\n<meta property=\"og:locale\" content=\"ca_ES\" \/>\n<meta property=\"og:type\" content=\"article\" \/>\n<meta property=\"og:title\" content=\"Benitatxell hace el reparto de concejal\u00edas | R\u00e0dio Litoral\" \/>\n<meta property=\"og:description\" content=\"El alcalde llevar\u00e1 a cabo Hacienda, Personal, R\u00e9gimen interno y Participaci\u00f3n ciudadana El alcalde llevar\u00e1 a cabo Hacienda, Personal, R\u00e9gimen interno y Participaci\u00f3n ciudadana\" \/>\n<meta property=\"og:url\" content=\"https:\/\/radiolitoral.com\/ca\/2023\/06\/benitatxell-fa-el-repartiment-de-regidories\/\" \/>\n<meta property=\"og:site_name\" content=\"R\u00e0dio Litoral\" \/>\n<meta property=\"article:publisher\" content=\"https:\/\/www.facebook.com\/Laradiolitoral\/\" \/>\n<meta property=\"article:published_time\" content=\"2023-06-30T17:46:55+00:00\" \/>\n<meta property=\"article:modified_time\" content=\"2023-06-30T17:47:15+00:00\" \/>\n<meta property=\"og:image\" content=\"https:\/\/media.radiolitoral.com\/wp-content\/uploads\/2023\/06\/30194315\/foto-scaled.jpg\" \/>\n\t<meta property=\"og:image:width\" content=\"2560\" \/>\n\t<meta property=\"og:image:height\" content=\"1970\" \/>\n\t<meta property=\"og:image:type\" content=\"image\/jpeg\" \/>\n<meta name=\"author\" content=\"Mel Pescuezo\" \/>\n<meta name=\"twitter:card\" content=\"summary_large_image\" \/>\n<meta name=\"twitter:label1\" content=\"Escrit per\" \/>\n\t<meta name=\"twitter:data1\" content=\"Mel Pescuezo\" \/>\n\t<meta name=\"twitter:label2\" content=\"Temps estimat de lectura\" \/>\n\t<meta name=\"twitter:data2\" content=\"2 minuts\" \/>\n<script type=\"application\/ld+json\" class=\"yoast-schema-graph\">{\"@context\":\"https:\\\/\\\/schema.org\",\"@graph\":[{\"@type\":\"NewsArticle\",\"@id\":\"https:\\\/\\\/radiolitoral.com\\\/2023\\\/06\\\/benitatxell-hace-el-reparto-de-concejalias\\\/#article\",\"isPartOf\":{\"@id\":\"https:\\\/\\\/radiolitoral.com\\\/2023\\\/06\\\/benitatxell-hace-el-reparto-de-concejalias\\\/\"},\"author\":{\"name\":\"Mel Pescuezo\",\"@id\":\"https:\\\/\\\/radiolitoral.com\\\/#\\\/schema\\\/person\\\/aad4f72efa404f85b68e832d24cac059\"},\"headline\":\"Benitatxell hace el reparto de concejal\u00edas\",\"datePublished\":\"2023-06-30T17:46:55+00:00\",\"dateModified\":\"2023-06-30T17:47:15+00:00\",\"mainEntityOfPage\":{\"@id\":\"https:\\\/\\\/radiolitoral.com\\\/2023\\\/06\\\/benitatxell-hace-el-reparto-de-concejalias\\\/\"},\"wordCount\":266,\"commentCount\":0,\"publisher\":{\"@id\":\"https:\\\/\\\/radiolitoral.com\\\/#organization\"},\"image\":{\"@id\":\"https:\\\/\\\/radiolitoral.com\\\/2023\\\/06\\\/benitatxell-hace-el-reparto-de-concejalias\\\/#primaryimage\"},\"thumbnailUrl\":\"https:\\\/\\\/media.radiolitoral.com\\\/wp-content\\\/uploads\\\/2023\\\/06\\\/30194315\\\/foto-scaled.jpg\",\"keywords\":[\"Ayuntamiento Benitatxell\"],\"articleSection\":[\"Pol\u00edtica\"],\"inLanguage\":\"ca\",\"potentialAction\":[{\"@type\":\"CommentAction\",\"name\":\"Comment\",\"target\":[\"https:\\\/\\\/radiolitoral.com\\\/2023\\\/06\\\/benitatxell-hace-el-reparto-de-concejalias\\\/#respond\"]}]},{\"@type\":[\"WebPage\",\"ItemPage\"],\"@id\":\"https:\\\/\\\/radiolitoral.com\\\/2023\\\/06\\\/benitatxell-hace-el-reparto-de-concejalias\\\/\",\"url\":\"https:\\\/\\\/radiolitoral.com\\\/2023\\\/06\\\/benitatxell-hace-el-reparto-de-concejalias\\\/\",\"name\":\"Benitatxell hace el reparto de concejal\u00edas | R\u00e0dio Litoral\",\"isPartOf\":{\"@id\":\"https:\\\/\\\/radiolitoral.com\\\/#website\"},\"primaryImageOfPage\":{\"@id\":\"https:\\\/\\\/radiolitoral.com\\\/2023\\\/06\\\/benitatxell-hace-el-reparto-de-concejalias\\\/#primaryimage\"},\"image\":{\"@id\":\"https:\\\/\\\/radiolitoral.com\\\/2023\\\/06\\\/benitatxell-hace-el-reparto-de-concejalias\\\/#primaryimage\"},\"thumbnailUrl\":\"https:\\\/\\\/media.radiolitoral.com\\\/wp-content\\\/uploads\\\/2023\\\/06\\\/30194315\\\/foto-scaled.jpg\",\"datePublished\":\"2023-06-30T17:46:55+00:00\",\"dateModified\":\"2023-06-30T17:47:15+00:00\",\"description\":\"El alcalde llevar\u00e1 a cabo Hacienda, Personal, R\u00e9gimen interno y Participaci\u00f3n ciudadana El alcalde llevar\u00e1 a cabo Hacienda, Personal, R\u00e9gimen interno y Participaci\u00f3n ciudadana\",\"breadcrumb\":{\"@id\":\"https:\\\/\\\/radiolitoral.com\\\/2023\\\/06\\\/benitatxell-hace-el-reparto-de-concejalias\\\/#breadcrumb\"},\"inLanguage\":\"ca\",\"potentialAction\":[{\"@type\":\"ReadAction\",\"target\":[\"https:\\\/\\\/radiolitoral.com\\\/2023\\\/06\\\/benitatxell-hace-el-reparto-de-concejalias\\\/\"]}]},{\"@type\":\"ImageObject\",\"inLanguage\":\"ca\",\"@id\":\"https:\\\/\\\/radiolitoral.com\\\/2023\\\/06\\\/benitatxell-hace-el-reparto-de-concejalias\\\/#primaryimage\",\"url\":\"https:\\\/\\\/media.radiolitoral.com\\\/wp-content\\\/uploads\\\/2023\\\/06\\\/30194315\\\/foto-scaled.jpg\",\"contentUrl\":\"https:\\\/\\\/media.radiolitoral.com\\\/wp-content\\\/uploads\\\/2023\\\/06\\\/30194315\\\/foto-scaled.jpg\",\"width\":2560,\"height\":1970},{\"@type\":\"BreadcrumbList\",\"@id\":\"https:\\\/\\\/radiolitoral.com\\\/2023\\\/06\\\/benitatxell-hace-el-reparto-de-concejalias\\\/#breadcrumb\",\"itemListElement\":[{\"@type\":\"ListItem\",\"position\":1,\"name\":\"Portada\",\"item\":\"https:\\\/\\\/radiolitoral.com\\\/\"},{\"@type\":\"ListItem\",\"position\":2,\"name\":\"Benitatxell hace el reparto de concejal\u00edas\"}]},{\"@type\":\"WebSite\",\"@id\":\"https:\\\/\\\/radiolitoral.com\\\/#website\",\"url\":\"https:\\\/\\\/radiolitoral.com\\\/\",\"name\":\"Radio Litoral\",\"description\":\"La radio local de la Marina Alta\",\"publisher\":{\"@id\":\"https:\\\/\\\/radiolitoral.com\\\/#organization\"},\"alternateName\":\"Litoral FM\",\"potentialAction\":[{\"@type\":\"SearchAction\",\"target\":{\"@type\":\"EntryPoint\",\"urlTemplate\":\"https:\\\/\\\/radiolitoral.com\\\/?s={search_term_string}\"},\"query-input\":{\"@type\":\"PropertyValueSpecification\",\"valueRequired\":true,\"valueName\":\"search_term_string\"}}],\"inLanguage\":\"ca\"},{\"@type\":\"Organization\",\"@id\":\"https:\\\/\\\/radiolitoral.com\\\/#organization\",\"name\":\"Radio Litoral\",\"url\":\"https:\\\/\\\/radiolitoral.com\\\/\",\"logo\":{\"@type\":\"ImageObject\",\"inLanguage\":\"ca\",\"@id\":\"https:\\\/\\\/radiolitoral.com\\\/#\\\/schema\\\/logo\\\/image\\\/\",\"url\":\"https:\\\/\\\/media.radiolitoral.com\\\/wp-content\\\/uploads\\\/2023\\\/02\\\/24143238\\\/CL-V-RadioLitoral696.png\",\"contentUrl\":\"https:\\\/\\\/media.radiolitoral.com\\\/wp-content\\\/uploads\\\/2023\\\/02\\\/24143238\\\/CL-V-RadioLitoral696.png\",\"width\":696,\"height\":696,\"caption\":\"Radio Litoral\"},\"image\":{\"@id\":\"https:\\\/\\\/radiolitoral.com\\\/#\\\/schema\\\/logo\\\/image\\\/\"},\"sameAs\":[\"https:\\\/\\\/www.facebook.com\\\/Laradiolitoral\\\/\"]},{\"@type\":\"Person\",\"@id\":\"https:\\\/\\\/radiolitoral.com\\\/#\\\/schema\\\/person\\\/aad4f72efa404f85b68e832d24cac059\",\"name\":\"Mel Pescuezo\",\"image\":{\"@type\":\"ImageObject\",\"inLanguage\":\"ca\",\"@id\":\"https:\\\/\\\/secure.gravatar.com\\\/avatar\\\/993975ae489c70cb0dd9bfa9413a082f0bd276582dac13661af7b33f161e7eea?s=96&d=mm&r=g\",\"url\":\"https:\\\/\\\/secure.gravatar.com\\\/avatar\\\/993975ae489c70cb0dd9bfa9413a082f0bd276582dac13661af7b33f161e7eea?s=96&d=mm&r=g\",\"contentUrl\":\"https:\\\/\\\/secure.gravatar.com\\\/avatar\\\/993975ae489c70cb0dd9bfa9413a082f0bd276582dac13661af7b33f161e7eea?s=96&d=mm&r=g\",\"caption\":\"Mel Pescuezo\"},\"url\":\"https:\\\/\\\/radiolitoral.com\\\/ca\\\/author\\\/serviciospararadios\\\/\"}]}<\/script>\n<!-- \/ Yoast SEO plugin. -->","yoast_head_json":{"title":"Benitatxell fa el repartiment de regidories | R\u00e0dio Litoral","description":"L\u00b4alcalde dur\u00e0 a terme Hisenda, Personal, R\u00e8gim intern i Participaci\u00f3 ciutadana L\u00b4alcalde dur\u00e0 a terme Hisenda, Personal, R\u00e8gim intern i Participaci\u00f3 ciutadana","robots":{"index":"index","follow":"follow","max-snippet":"max-snippet:-1","max-image-preview":"max-image-preview:large","max-video-preview":"max-video-preview:-1"},"canonical":"https:\/\/radiolitoral.com\/ca\/2023\/06\/benitatxell-fa-el-repartiment-de-regidories\/","og_locale":"ca_ES","og_type":"article","og_title":"Benitatxell hace el reparto de concejal\u00edas | R\u00e0dio Litoral","og_description":"El alcalde llevar\u00e1 a cabo Hacienda, Personal, R\u00e9gimen interno y Participaci\u00f3n ciudadana El alcalde llevar\u00e1 a cabo Hacienda, Personal, R\u00e9gimen interno y Participaci\u00f3n ciudadana","og_url":"https:\/\/radiolitoral.com\/ca\/2023\/06\/benitatxell-fa-el-repartiment-de-regidories\/","og_site_name":"R\u00e0dio Litoral","article_publisher":"https:\/\/www.facebook.com\/Laradiolitoral\/","article_published_time":"2023-06-30T17:46:55+00:00","article_modified_time":"2023-06-30T17:47:15+00:00","og_image":[{"width":2560,"height":1970,"url":"https:\/\/media.radiolitoral.com\/wp-content\/uploads\/2023\/06\/30194315\/foto-scaled.jpg","type":"image\/jpeg"}],"author":"Mel Pescuezo","twitter_card":"summary_large_image","twitter_misc":{"Escrit per":"Mel Pescuezo","Temps estimat de lectura":"2 minuts"},"schema":{"@context":"https:\/\/schema.org","@graph":[{"@type":"NewsArticle","@id":"https:\/\/radiolitoral.com\/2023\/06\/benitatxell-hace-el-reparto-de-concejalias\/#article","isPartOf":{"@id":"https:\/\/radiolitoral.com\/2023\/06\/benitatxell-hace-el-reparto-de-concejalias\/"},"author":{"name":"Mel Pescuezo","@id":"https:\/\/radiolitoral.com\/#\/schema\/person\/aad4f72efa404f85b68e832d24cac059"},"headline":"Benitatxell hace el reparto de concejal\u00edas","datePublished":"2023-06-30T17:46:55+00:00","dateModified":"2023-06-30T17:47:15+00:00","mainEntityOfPage":{"@id":"https:\/\/radiolitoral.com\/2023\/06\/benitatxell-hace-el-reparto-de-concejalias\/"},"wordCount":266,"commentCount":0,"publisher":{"@id":"https:\/\/radiolitoral.com\/#organization"},"image":{"@id":"https:\/\/radiolitoral.com\/2023\/06\/benitatxell-hace-el-reparto-de-concejalias\/#primaryimage"},"thumbnailUrl":"https:\/\/media.radiolitoral.com\/wp-content\/uploads\/2023\/06\/30194315\/foto-scaled.jpg","keywords":["Ayuntamiento Benitatxell"],"articleSection":["Pol\u00edtica"],"inLanguage":"ca","potentialAction":[{"@type":"CommentAction","name":"Comment","target":["https:\/\/radiolitoral.com\/2023\/06\/benitatxell-hace-el-reparto-de-concejalias\/#respond"]}]},{"@type":["WebPage","ItemPage"],"@id":"https:\/\/radiolitoral.com\/2023\/06\/benitatxell-hace-el-reparto-de-concejalias\/","url":"https:\/\/radiolitoral.com\/2023\/06\/benitatxell-hace-el-reparto-de-concejalias\/","name":"Benitatxell fa el repartiment de regidories | R\u00e0dio Litoral","isPartOf":{"@id":"https:\/\/radiolitoral.com\/#website"},"primaryImageOfPage":{"@id":"https:\/\/radiolitoral.com\/2023\/06\/benitatxell-hace-el-reparto-de-concejalias\/#primaryimage"},"image":{"@id":"https:\/\/radiolitoral.com\/2023\/06\/benitatxell-hace-el-reparto-de-concejalias\/#primaryimage"},"thumbnailUrl":"https:\/\/media.radiolitoral.com\/wp-content\/uploads\/2023\/06\/30194315\/foto-scaled.jpg","datePublished":"2023-06-30T17:46:55+00:00","dateModified":"2023-06-30T17:47:15+00:00","description":"L\u00b4alcalde dur\u00e0 a terme Hisenda, Personal, R\u00e8gim intern i Participaci\u00f3 ciutadana L\u00b4alcalde dur\u00e0 a terme Hisenda, Personal, R\u00e8gim intern i Participaci\u00f3 ciutadana","breadcrumb":{"@id":"https:\/\/radiolitoral.com\/2023\/06\/benitatxell-hace-el-reparto-de-concejalias\/#breadcrumb"},"inLanguage":"ca","potentialAction":[{"@type":"ReadAction","target":["https:\/\/radiolitoral.com\/2023\/06\/benitatxell-hace-el-reparto-de-concejalias\/"]}]},{"@type":"ImageObject","inLanguage":"ca","@id":"https:\/\/radiolitoral.com\/2023\/06\/benitatxell-hace-el-reparto-de-concejalias\/#primaryimage","url":"https:\/\/media.radiolitoral.com\/wp-content\/uploads\/2023\/06\/30194315\/foto-scaled.jpg","contentUrl":"https:\/\/media.radiolitoral.com\/wp-content\/uploads\/2023\/06\/30194315\/foto-scaled.jpg","width":2560,"height":1970},{"@type":"BreadcrumbList","@id":"https:\/\/radiolitoral.com\/2023\/06\/benitatxell-hace-el-reparto-de-concejalias\/#breadcrumb","itemListElement":[{"@type":"ListItem","position":1,"name":"Portada","item":"https:\/\/radiolitoral.com\/"},{"@type":"ListItem","position":2,"name":"Benitatxell hace el reparto de concejal\u00edas"}]},{"@type":"WebSite","@id":"https:\/\/radiolitoral.com\/#website","url":"https:\/\/radiolitoral.com\/","name":"R\u00e0dio Litoral","description":"La r\u00e0dio local de la Marina Alta","publisher":{"@id":"https:\/\/radiolitoral.com\/#organization"},"alternateName":"Litoral FM","potentialAction":[{"@type":"SearchAction","target":{"@type":"EntryPoint","urlTemplate":"https:\/\/radiolitoral.com\/?s={search_term_string}"},"query-input":{"@type":"PropertyValueSpecification","valueRequired":true,"valueName":"search_term_string"}}],"inLanguage":"ca"},{"@type":"Organization","@id":"https:\/\/radiolitoral.com\/#organization","name":"R\u00e0dio Litoral","url":"https:\/\/radiolitoral.com\/","logo":{"@type":"ImageObject","inLanguage":"ca","@id":"https:\/\/radiolitoral.com\/#\/schema\/logo\/image\/","url":"https:\/\/media.radiolitoral.com\/wp-content\/uploads\/2023\/02\/24143238\/CL-V-RadioLitoral696.png","contentUrl":"https:\/\/media.radiolitoral.com\/wp-content\/uploads\/2023\/02\/24143238\/CL-V-RadioLitoral696.png","width":696,"height":696,"caption":"Radio Litoral"},"image":{"@id":"https:\/\/radiolitoral.com\/#\/schema\/logo\/image\/"},"sameAs":["https:\/\/www.facebook.com\/Laradiolitoral\/"]},{"@type":"Person","@id":"https:\/\/radiolitoral.com\/#\/schema\/person\/aad4f72efa404f85b68e832d24cac059","name":"Mel Pescuezo","image":{"@type":"ImageObject","inLanguage":"ca","@id":"https:\/\/secure.gravatar.com\/avatar\/993975ae489c70cb0dd9bfa9413a082f0bd276582dac13661af7b33f161e7eea?s=96&d=mm&r=g","url":"https:\/\/secure.gravatar.com\/avatar\/993975ae489c70cb0dd9bfa9413a082f0bd276582dac13661af7b33f161e7eea?s=96&d=mm&r=g","contentUrl":"https:\/\/secure.gravatar.com\/avatar\/993975ae489c70cb0dd9bfa9413a082f0bd276582dac13661af7b33f161e7eea?s=96&d=mm&r=g","caption":"Mel Pescuezo"},"url":"https:\/\/radiolitoral.com\/ca\/author\/serviciospararadios\/"}]}},"_links":{"self":[{"href":"https:\/\/radiolitoral.com\/ca\/wp-json\/wp\/v2\/posts\/4552","targetHints":{"allow":["GET"]}}],"collection":[{"href":"https:\/\/radiolitoral.com\/ca\/wp-json\/wp\/v2\/posts"}],"about":[{"href":"https:\/\/radiolitoral.com\/ca\/wp-json\/wp\/v2\/types\/post"}],"author":[{"embeddable":true,"href":"https:\/\/radiolitoral.com\/ca\/wp-json\/wp\/v2\/users\/21"}],"replies":[{"embeddable":true,"href":"https:\/\/radiolitoral.com\/ca\/wp-json\/wp\/v2\/comments?post=4552"}],"version-history":[{"count":1,"href":"https:\/\/radiolitoral.com\/ca\/wp-json\/wp\/v2\/posts\/4552\/revisions"}],"predecessor-version":[{"id":4554,"href":"https:\/\/radiolitoral.com\/ca\/wp-json\/wp\/v2\/posts\/4552\/revisions\/4554"}],"wp:featuredmedia":[{"embeddable":true,"href":"https:\/\/radiolitoral.com\/ca\/wp-json\/wp\/v2\/media\/4553"}],"wp:attachment":[{"href":"https:\/\/radiolitoral.com\/ca\/wp-json\/wp\/v2\/media?parent=4552"}],"wp:term":[{"taxonomy":"category","embeddable":true,"href":"https:\/\/radiolitoral.com\/ca\/wp-json\/wp\/v2\/categories?post=4552"},{"taxonomy":"post_tag","embeddable":true,"href":"https:\/\/radiolitoral.com\/ca\/wp-json\/wp\/v2\/tags?post=4552"}],"curies":[{"name":"wp","href":"https:\/\/api.w.org\/{rel}","templated":true}]}}