{"id":4542,"date":"2023-06-30T18:57:19","date_gmt":"2023-06-30T16:57:19","guid":{"rendered":"https:\/\/radiolitoral.com\/?p=4542"},"modified":"2023-06-30T19:01:11","modified_gmt":"2023-06-30T17:01:11","slug":"calp-sol%c2%b7licita-unir-se-a-la-xarxa-construir-europa-amb-les-autoritats-locals","status":"publish","type":"post","link":"https:\/\/radiolitoral.com\/ca\/2023\/06\/calp-solicita-unirse-a-la-red-construir-europa-con-las-autoridades-locales\/","title":{"rendered":"Calp sol\u00b7licita unir-se a la xarxa \u00abConstruir Europa amb les autoritats locals\u00bb"},"content":{"rendered":"<p>L&#039;Ajuntament de Calp ha sol\u00b7licitat unir-se a la xarxa \u00abConstruir Europa amb les autoritats locals\u00bb (BELC, per les sigles en angl\u00e8s), un programa pilot de la Comissi\u00f3 Europea que t\u00e9 com a finalitat crear una xarxa europea de representants pol\u00edtics a nivell local per a millorar la comunicaci\u00f3 de la Uni\u00f3 Europea amb les administracions locals i la ciutadania.<\/p>\n<p>El consistori calp\u00ed va aprovar per unanimitat al mar\u00e7 una moci\u00f3 presentada pel grup municipal socialista perqu\u00e8 l&#039;Ajuntament pogu\u00e9s adherir-se a aquest projecte. I ara, s&#039;ha designat el regidor de Residents, del projecte EDUSI i dels fons Next Generation, Marco Bittner, del PSPV-PSOE, com a representant del municipi en aquesta iniciativa, que ser\u00e0 l&#039;encarregat de sol\u00b7licitar l&#039;adhesi\u00f3 de l&#039;Ajuntament a aquesta xarxa .<\/p>\n<p>Segons ha assenyalat l\u00b4edil, es tracta d\u00b4acostar Europa als ciutadans a trav\u00e9s del seu Ajuntament. D&#039;aquesta manera les administracions locals es converteixen en ambaixadores de la UE davant la ciutadania perqu\u00e8 puguin con\u00e8ixer m\u00e9s f\u00e0cilment les pol\u00edtiques i el funcionament de la UE, que moltes vegades \u00e9s percebuda com una instituci\u00f3 llunyana, segons remarca el mateix Bittner.<\/p>\n<p>Entre les funcions que assumir\u00e0 Bittner hi ha la de presentar els projectes de la UE davant la poblaci\u00f3, promoure debats sobre les iniciatives i mesures pol\u00edtiques dutes a terme per la UE, impulsar la participaci\u00f3 de la ciutadania al voltant d&#039;aquests temes o assistir als seminaris i visites que ofereix la Comissi\u00f3 Europea, entre d&#039;altres tasques.<\/p>\n<p>&nbsp;<\/p>\n<p>Cal recordar que Calp \u00e9s benefici\u00e0ria de fons FEDER a trav\u00e9s de l&#039;Estrat\u00e8gia de desenvolupament sostenible i integrat (EDUSI) i recentment dels fons Next Generation, mitjan\u00e7ant els quals es duran a terme el Pla de Sostenibilitat Tur\u00edstica Calp 2026 amb una inversi\u00f3 de 2.001.722\u20ac.<\/p>\n<p>&nbsp;<\/p>\n<p>Actualment Calp \u00e9s l&#039;\u00fanic municipi de la Marina Alta que forma part de la xarxa europea ja que la membres\u00eda de X\u00e0bia en aquesta iniciativa va expirar en finalitzar la legislatura.<\/p>\n<p>&nbsp;<\/p>","protected":false},"excerpt":{"rendered":"<p>El Ayuntamiento de Calp ha solicitado unirse a la red \u00abConstruir Europa con las autoridades locales\u00bb (BELC, por sus siglas en ingl\u00e9s), un programa piloto de la Comisi\u00f3n Europea que tiene como fin crear una red europea de representantes pol\u00edticos a nivel local para mejorar la comunicaci\u00f3n de la Uni\u00f3n Europea con las administraciones locales [&#8230;]<\/p>\n<p><a class=\"btn btn-secondary understrap-read-more-link\" href=\"https:\/\/radiolitoral.com\/ca\/2023\/06\/calp-solicita-unirse-a-la-red-construir-europa-con-las-autoridades-locales\/\">Continua llegint&#8230;<span class=\"screen-reader-text\"> from Calp solicita unirse a la red \u00abConstruir Europa con las autoridades locales\u00bb<\/span><\/a><\/p>\n","protected":false},"author":21,"featured_media":4544,"comment_status":"open","ping_status":"closed","sticky":false,"template":"","format":"standard","meta":{"_acf_changed":false,"inline_featured_image":false,"footnotes":""},"categories":[13],"tags":[122,705],"class_list":["post-4542","post","type-post","status-publish","format-standard","has-post-thumbnail","hentry","category-politica","tag-calp","tag-destitucion-ayuntamiento-calp","cobertura-calp"],"acf":[],"yoast_head":"<!-- This site is optimized with the Yoast SEO plugin v27.5 - https:\/\/yoast.com\/product\/yoast-seo-wordpress\/ -->\n<title>Calp solicita unirse a la red \u00abConstruir Europa con las autoridades locales\u00bb | R\u00e0dio Litoral<\/title>\n<meta name=\"description\" content=\"Se pretende crear una red europea de representantes pol\u00edticos a nivel local para mejorar la comunicaci\u00f3n de la Uni\u00f3n Europea Se pretende crear una red europea de representantes pol\u00edticos a nivel local para mejorar la comunicaci\u00f3n de la Uni\u00f3n Europea\" \/>\n<meta name=\"robots\" content=\"index, follow, max-snippet:-1, max-image-preview:large, max-video-preview:-1\" \/>\n<link rel=\"canonical\" href=\"https:\/\/radiolitoral.com\/ca\/2023\/06\/calp-sol\u00b7licita-unir-se-a-la-xarxa-construir-europa-amb-les-autoritats-locals\/\" \/>\n<meta property=\"og:locale\" content=\"ca_ES\" \/>\n<meta property=\"og:type\" content=\"article\" \/>\n<meta property=\"og:title\" content=\"Calp solicita unirse a la red \u00abConstruir Europa con las autoridades locales\u00bb | R\u00e0dio Litoral\" \/>\n<meta property=\"og:description\" content=\"Se pretende crear una red europea de representantes pol\u00edticos a nivel local para mejorar la comunicaci\u00f3n de la Uni\u00f3n Europea Se pretende crear una red europea de representantes pol\u00edticos a nivel local para mejorar la comunicaci\u00f3n de la Uni\u00f3n Europea\" \/>\n<meta property=\"og:url\" content=\"https:\/\/radiolitoral.com\/ca\/2023\/06\/calp-sol\u00b7licita-unir-se-a-la-xarxa-construir-europa-amb-les-autoritats-locals\/\" \/>\n<meta property=\"og:site_name\" content=\"R\u00e0dio Litoral\" \/>\n<meta property=\"article:publisher\" content=\"https:\/\/www.facebook.com\/Laradiolitoral\/\" \/>\n<meta property=\"article:published_time\" content=\"2023-06-30T16:57:19+00:00\" \/>\n<meta property=\"article:modified_time\" content=\"2023-06-30T17:01:11+00:00\" \/>\n<meta property=\"og:image\" content=\"https:\/\/media.radiolitoral.com\/wp-content\/uploads\/2023\/06\/30185533\/Marco-Bittner-con-Ana-Sala-276x490-1.jpeg\" \/>\n\t<meta property=\"og:image:width\" content=\"276\" \/>\n\t<meta property=\"og:image:height\" content=\"490\" \/>\n\t<meta property=\"og:image:type\" content=\"image\/jpeg\" \/>\n<meta name=\"author\" content=\"Mel Pescuezo\" \/>\n<meta name=\"twitter:card\" content=\"summary_large_image\" \/>\n<meta name=\"twitter:label1\" content=\"Escrit per\" \/>\n\t<meta name=\"twitter:data1\" content=\"Mel Pescuezo\" \/>\n\t<meta name=\"twitter:label2\" content=\"Temps estimat de lectura\" \/>\n\t<meta name=\"twitter:data2\" content=\"2 minuts\" \/>\n<script type=\"application\/ld+json\" class=\"yoast-schema-graph\">{\"@context\":\"https:\\\/\\\/schema.org\",\"@graph\":[{\"@type\":\"NewsArticle\",\"@id\":\"https:\\\/\\\/radiolitoral.com\\\/2023\\\/06\\\/calp-solicita-unirse-a-la-red-construir-europa-con-las-autoridades-locales\\\/#article\",\"isPartOf\":{\"@id\":\"https:\\\/\\\/radiolitoral.com\\\/2023\\\/06\\\/calp-solicita-unirse-a-la-red-construir-europa-con-las-autoridades-locales\\\/\"},\"author\":{\"name\":\"Mel Pescuezo\",\"@id\":\"https:\\\/\\\/radiolitoral.com\\\/#\\\/schema\\\/person\\\/aad4f72efa404f85b68e832d24cac059\"},\"headline\":\"Calp solicita unirse a la red \u00abConstruir Europa con las autoridades locales\u00bb\",\"datePublished\":\"2023-06-30T16:57:19+00:00\",\"dateModified\":\"2023-06-30T17:01:11+00:00\",\"mainEntityOfPage\":{\"@id\":\"https:\\\/\\\/radiolitoral.com\\\/2023\\\/06\\\/calp-solicita-unirse-a-la-red-construir-europa-con-las-autoridades-locales\\\/\"},\"wordCount\":368,\"commentCount\":0,\"publisher\":{\"@id\":\"https:\\\/\\\/radiolitoral.com\\\/#organization\"},\"image\":{\"@id\":\"https:\\\/\\\/radiolitoral.com\\\/2023\\\/06\\\/calp-solicita-unirse-a-la-red-construir-europa-con-las-autoridades-locales\\\/#primaryimage\"},\"thumbnailUrl\":\"https:\\\/\\\/media.radiolitoral.com\\\/wp-content\\\/uploads\\\/2023\\\/06\\\/30185533\\\/Marco-Bittner-con-Ana-Sala-276x490-1.jpeg\",\"keywords\":[\"Calp\",\"destituci\u00f3n ayuntamiento Calp\"],\"articleSection\":[\"Pol\u00edtica\"],\"inLanguage\":\"ca\",\"potentialAction\":[{\"@type\":\"CommentAction\",\"name\":\"Comment\",\"target\":[\"https:\\\/\\\/radiolitoral.com\\\/2023\\\/06\\\/calp-solicita-unirse-a-la-red-construir-europa-con-las-autoridades-locales\\\/#respond\"]}]},{\"@type\":[\"WebPage\",\"ItemPage\"],\"@id\":\"https:\\\/\\\/radiolitoral.com\\\/2023\\\/06\\\/calp-solicita-unirse-a-la-red-construir-europa-con-las-autoridades-locales\\\/\",\"url\":\"https:\\\/\\\/radiolitoral.com\\\/2023\\\/06\\\/calp-solicita-unirse-a-la-red-construir-europa-con-las-autoridades-locales\\\/\",\"name\":\"Calp solicita unirse a la red \u00abConstruir Europa con las autoridades locales\u00bb | R\u00e0dio Litoral\",\"isPartOf\":{\"@id\":\"https:\\\/\\\/radiolitoral.com\\\/#website\"},\"primaryImageOfPage\":{\"@id\":\"https:\\\/\\\/radiolitoral.com\\\/2023\\\/06\\\/calp-solicita-unirse-a-la-red-construir-europa-con-las-autoridades-locales\\\/#primaryimage\"},\"image\":{\"@id\":\"https:\\\/\\\/radiolitoral.com\\\/2023\\\/06\\\/calp-solicita-unirse-a-la-red-construir-europa-con-las-autoridades-locales\\\/#primaryimage\"},\"thumbnailUrl\":\"https:\\\/\\\/media.radiolitoral.com\\\/wp-content\\\/uploads\\\/2023\\\/06\\\/30185533\\\/Marco-Bittner-con-Ana-Sala-276x490-1.jpeg\",\"datePublished\":\"2023-06-30T16:57:19+00:00\",\"dateModified\":\"2023-06-30T17:01:11+00:00\",\"description\":\"Se pretende crear una red europea de representantes pol\u00edticos a nivel local para mejorar la comunicaci\u00f3n de la Uni\u00f3n Europea Se pretende crear una red europea de representantes pol\u00edticos a nivel local para mejorar la comunicaci\u00f3n de la Uni\u00f3n Europea\",\"breadcrumb\":{\"@id\":\"https:\\\/\\\/radiolitoral.com\\\/2023\\\/06\\\/calp-solicita-unirse-a-la-red-construir-europa-con-las-autoridades-locales\\\/#breadcrumb\"},\"inLanguage\":\"ca\",\"potentialAction\":[{\"@type\":\"ReadAction\",\"target\":[\"https:\\\/\\\/radiolitoral.com\\\/2023\\\/06\\\/calp-solicita-unirse-a-la-red-construir-europa-con-las-autoridades-locales\\\/\"]}]},{\"@type\":\"ImageObject\",\"inLanguage\":\"ca\",\"@id\":\"https:\\\/\\\/radiolitoral.com\\\/2023\\\/06\\\/calp-solicita-unirse-a-la-red-construir-europa-con-las-autoridades-locales\\\/#primaryimage\",\"url\":\"https:\\\/\\\/media.radiolitoral.com\\\/wp-content\\\/uploads\\\/2023\\\/06\\\/30185533\\\/Marco-Bittner-con-Ana-Sala-276x490-1.jpeg\",\"contentUrl\":\"https:\\\/\\\/media.radiolitoral.com\\\/wp-content\\\/uploads\\\/2023\\\/06\\\/30185533\\\/Marco-Bittner-con-Ana-Sala-276x490-1.jpeg\",\"width\":276,\"height\":490},{\"@type\":\"BreadcrumbList\",\"@id\":\"https:\\\/\\\/radiolitoral.com\\\/2023\\\/06\\\/calp-solicita-unirse-a-la-red-construir-europa-con-las-autoridades-locales\\\/#breadcrumb\",\"itemListElement\":[{\"@type\":\"ListItem\",\"position\":1,\"name\":\"Portada\",\"item\":\"https:\\\/\\\/radiolitoral.com\\\/\"},{\"@type\":\"ListItem\",\"position\":2,\"name\":\"Calp solicita unirse a la red \u00abConstruir Europa con las autoridades locales\u00bb\"}]},{\"@type\":\"WebSite\",\"@id\":\"https:\\\/\\\/radiolitoral.com\\\/#website\",\"url\":\"https:\\\/\\\/radiolitoral.com\\\/\",\"name\":\"Radio Litoral\",\"description\":\"La radio local de la Marina Alta\",\"publisher\":{\"@id\":\"https:\\\/\\\/radiolitoral.com\\\/#organization\"},\"alternateName\":\"Litoral FM\",\"potentialAction\":[{\"@type\":\"SearchAction\",\"target\":{\"@type\":\"EntryPoint\",\"urlTemplate\":\"https:\\\/\\\/radiolitoral.com\\\/?s={search_term_string}\"},\"query-input\":{\"@type\":\"PropertyValueSpecification\",\"valueRequired\":true,\"valueName\":\"search_term_string\"}}],\"inLanguage\":\"ca\"},{\"@type\":\"Organization\",\"@id\":\"https:\\\/\\\/radiolitoral.com\\\/#organization\",\"name\":\"Radio Litoral\",\"url\":\"https:\\\/\\\/radiolitoral.com\\\/\",\"logo\":{\"@type\":\"ImageObject\",\"inLanguage\":\"ca\",\"@id\":\"https:\\\/\\\/radiolitoral.com\\\/#\\\/schema\\\/logo\\\/image\\\/\",\"url\":\"https:\\\/\\\/media.radiolitoral.com\\\/wp-content\\\/uploads\\\/2023\\\/02\\\/24143238\\\/CL-V-RadioLitoral696.png\",\"contentUrl\":\"https:\\\/\\\/media.radiolitoral.com\\\/wp-content\\\/uploads\\\/2023\\\/02\\\/24143238\\\/CL-V-RadioLitoral696.png\",\"width\":696,\"height\":696,\"caption\":\"Radio Litoral\"},\"image\":{\"@id\":\"https:\\\/\\\/radiolitoral.com\\\/#\\\/schema\\\/logo\\\/image\\\/\"},\"sameAs\":[\"https:\\\/\\\/www.facebook.com\\\/Laradiolitoral\\\/\"]},{\"@type\":\"Person\",\"@id\":\"https:\\\/\\\/radiolitoral.com\\\/#\\\/schema\\\/person\\\/aad4f72efa404f85b68e832d24cac059\",\"name\":\"Mel Pescuezo\",\"image\":{\"@type\":\"ImageObject\",\"inLanguage\":\"ca\",\"@id\":\"https:\\\/\\\/secure.gravatar.com\\\/avatar\\\/993975ae489c70cb0dd9bfa9413a082f0bd276582dac13661af7b33f161e7eea?s=96&d=mm&r=g\",\"url\":\"https:\\\/\\\/secure.gravatar.com\\\/avatar\\\/993975ae489c70cb0dd9bfa9413a082f0bd276582dac13661af7b33f161e7eea?s=96&d=mm&r=g\",\"contentUrl\":\"https:\\\/\\\/secure.gravatar.com\\\/avatar\\\/993975ae489c70cb0dd9bfa9413a082f0bd276582dac13661af7b33f161e7eea?s=96&d=mm&r=g\",\"caption\":\"Mel Pescuezo\"},\"url\":\"https:\\\/\\\/radiolitoral.com\\\/ca\\\/author\\\/serviciospararadios\\\/\"}]}<\/script>\n<!-- \/ Yoast SEO plugin. -->","yoast_head_json":{"title":"Calp sol\u00b7licita unir-se a la xarxa \u00abConstruir Europa amb les autoritats locals\u00bb | R\u00e0dio Litoral","description":"Es pret\u00e9n crear una xarxa europea de representants pol\u00edtics a nivell local per millorar la comunicaci\u00f3 de la Uni\u00f3 Europea Es pret\u00e9n crear una xarxa europea de representants pol\u00edtics a nivell local per millorar la comunicaci\u00f3 de la Uni\u00f3 Europea","robots":{"index":"index","follow":"follow","max-snippet":"max-snippet:-1","max-image-preview":"max-image-preview:large","max-video-preview":"max-video-preview:-1"},"canonical":"https:\/\/radiolitoral.com\/ca\/2023\/06\/calp-sol\u00b7licita-unir-se-a-la-xarxa-construir-europa-amb-les-autoritats-locals\/","og_locale":"ca_ES","og_type":"article","og_title":"Calp solicita unirse a la red \u00abConstruir Europa con las autoridades locales\u00bb | R\u00e0dio Litoral","og_description":"Se pretende crear una red europea de representantes pol\u00edticos a nivel local para mejorar la comunicaci\u00f3n de la Uni\u00f3n Europea Se pretende crear una red europea de representantes pol\u00edticos a nivel local para mejorar la comunicaci\u00f3n de la Uni\u00f3n Europea","og_url":"https:\/\/radiolitoral.com\/ca\/2023\/06\/calp-sol\u00b7licita-unir-se-a-la-xarxa-construir-europa-amb-les-autoritats-locals\/","og_site_name":"R\u00e0dio Litoral","article_publisher":"https:\/\/www.facebook.com\/Laradiolitoral\/","article_published_time":"2023-06-30T16:57:19+00:00","article_modified_time":"2023-06-30T17:01:11+00:00","og_image":[{"width":276,"height":490,"url":"https:\/\/media.radiolitoral.com\/wp-content\/uploads\/2023\/06\/30185533\/Marco-Bittner-con-Ana-Sala-276x490-1.jpeg","type":"image\/jpeg"}],"author":"Mel Pescuezo","twitter_card":"summary_large_image","twitter_misc":{"Escrit per":"Mel Pescuezo","Temps estimat de lectura":"2 minuts"},"schema":{"@context":"https:\/\/schema.org","@graph":[{"@type":"NewsArticle","@id":"https:\/\/radiolitoral.com\/2023\/06\/calp-solicita-unirse-a-la-red-construir-europa-con-las-autoridades-locales\/#article","isPartOf":{"@id":"https:\/\/radiolitoral.com\/2023\/06\/calp-solicita-unirse-a-la-red-construir-europa-con-las-autoridades-locales\/"},"author":{"name":"Mel Pescuezo","@id":"https:\/\/radiolitoral.com\/#\/schema\/person\/aad4f72efa404f85b68e832d24cac059"},"headline":"Calp solicita unirse a la red \u00abConstruir Europa con las autoridades locales\u00bb","datePublished":"2023-06-30T16:57:19+00:00","dateModified":"2023-06-30T17:01:11+00:00","mainEntityOfPage":{"@id":"https:\/\/radiolitoral.com\/2023\/06\/calp-solicita-unirse-a-la-red-construir-europa-con-las-autoridades-locales\/"},"wordCount":368,"commentCount":0,"publisher":{"@id":"https:\/\/radiolitoral.com\/#organization"},"image":{"@id":"https:\/\/radiolitoral.com\/2023\/06\/calp-solicita-unirse-a-la-red-construir-europa-con-las-autoridades-locales\/#primaryimage"},"thumbnailUrl":"https:\/\/media.radiolitoral.com\/wp-content\/uploads\/2023\/06\/30185533\/Marco-Bittner-con-Ana-Sala-276x490-1.jpeg","keywords":["Calp","destituci\u00f3n ayuntamiento Calp"],"articleSection":["Pol\u00edtica"],"inLanguage":"ca","potentialAction":[{"@type":"CommentAction","name":"Comment","target":["https:\/\/radiolitoral.com\/2023\/06\/calp-solicita-unirse-a-la-red-construir-europa-con-las-autoridades-locales\/#respond"]}]},{"@type":["WebPage","ItemPage"],"@id":"https:\/\/radiolitoral.com\/2023\/06\/calp-solicita-unirse-a-la-red-construir-europa-con-las-autoridades-locales\/","url":"https:\/\/radiolitoral.com\/2023\/06\/calp-solicita-unirse-a-la-red-construir-europa-con-las-autoridades-locales\/","name":"Calp sol\u00b7licita unir-se a la xarxa \u00abConstruir Europa amb les autoritats locals\u00bb | R\u00e0dio Litoral","isPartOf":{"@id":"https:\/\/radiolitoral.com\/#website"},"primaryImageOfPage":{"@id":"https:\/\/radiolitoral.com\/2023\/06\/calp-solicita-unirse-a-la-red-construir-europa-con-las-autoridades-locales\/#primaryimage"},"image":{"@id":"https:\/\/radiolitoral.com\/2023\/06\/calp-solicita-unirse-a-la-red-construir-europa-con-las-autoridades-locales\/#primaryimage"},"thumbnailUrl":"https:\/\/media.radiolitoral.com\/wp-content\/uploads\/2023\/06\/30185533\/Marco-Bittner-con-Ana-Sala-276x490-1.jpeg","datePublished":"2023-06-30T16:57:19+00:00","dateModified":"2023-06-30T17:01:11+00:00","description":"Es pret\u00e9n crear una xarxa europea de representants pol\u00edtics a nivell local per millorar la comunicaci\u00f3 de la Uni\u00f3 Europea Es pret\u00e9n crear una xarxa europea de representants pol\u00edtics a nivell local per millorar la comunicaci\u00f3 de la Uni\u00f3 Europea","breadcrumb":{"@id":"https:\/\/radiolitoral.com\/2023\/06\/calp-solicita-unirse-a-la-red-construir-europa-con-las-autoridades-locales\/#breadcrumb"},"inLanguage":"ca","potentialAction":[{"@type":"ReadAction","target":["https:\/\/radiolitoral.com\/2023\/06\/calp-solicita-unirse-a-la-red-construir-europa-con-las-autoridades-locales\/"]}]},{"@type":"ImageObject","inLanguage":"ca","@id":"https:\/\/radiolitoral.com\/2023\/06\/calp-solicita-unirse-a-la-red-construir-europa-con-las-autoridades-locales\/#primaryimage","url":"https:\/\/media.radiolitoral.com\/wp-content\/uploads\/2023\/06\/30185533\/Marco-Bittner-con-Ana-Sala-276x490-1.jpeg","contentUrl":"https:\/\/media.radiolitoral.com\/wp-content\/uploads\/2023\/06\/30185533\/Marco-Bittner-con-Ana-Sala-276x490-1.jpeg","width":276,"height":490},{"@type":"BreadcrumbList","@id":"https:\/\/radiolitoral.com\/2023\/06\/calp-solicita-unirse-a-la-red-construir-europa-con-las-autoridades-locales\/#breadcrumb","itemListElement":[{"@type":"ListItem","position":1,"name":"Portada","item":"https:\/\/radiolitoral.com\/"},{"@type":"ListItem","position":2,"name":"Calp solicita unirse a la red \u00abConstruir Europa con las autoridades locales\u00bb"}]},{"@type":"WebSite","@id":"https:\/\/radiolitoral.com\/#website","url":"https:\/\/radiolitoral.com\/","name":"R\u00e0dio Litoral","description":"La r\u00e0dio local de la Marina Alta","publisher":{"@id":"https:\/\/radiolitoral.com\/#organization"},"alternateName":"Litoral FM","potentialAction":[{"@type":"SearchAction","target":{"@type":"EntryPoint","urlTemplate":"https:\/\/radiolitoral.com\/?s={search_term_string}"},"query-input":{"@type":"PropertyValueSpecification","valueRequired":true,"valueName":"search_term_string"}}],"inLanguage":"ca"},{"@type":"Organization","@id":"https:\/\/radiolitoral.com\/#organization","name":"R\u00e0dio Litoral","url":"https:\/\/radiolitoral.com\/","logo":{"@type":"ImageObject","inLanguage":"ca","@id":"https:\/\/radiolitoral.com\/#\/schema\/logo\/image\/","url":"https:\/\/media.radiolitoral.com\/wp-content\/uploads\/2023\/02\/24143238\/CL-V-RadioLitoral696.png","contentUrl":"https:\/\/media.radiolitoral.com\/wp-content\/uploads\/2023\/02\/24143238\/CL-V-RadioLitoral696.png","width":696,"height":696,"caption":"Radio Litoral"},"image":{"@id":"https:\/\/radiolitoral.com\/#\/schema\/logo\/image\/"},"sameAs":["https:\/\/www.facebook.com\/Laradiolitoral\/"]},{"@type":"Person","@id":"https:\/\/radiolitoral.com\/#\/schema\/person\/aad4f72efa404f85b68e832d24cac059","name":"Mel Pescuezo","image":{"@type":"ImageObject","inLanguage":"ca","@id":"https:\/\/secure.gravatar.com\/avatar\/993975ae489c70cb0dd9bfa9413a082f0bd276582dac13661af7b33f161e7eea?s=96&d=mm&r=g","url":"https:\/\/secure.gravatar.com\/avatar\/993975ae489c70cb0dd9bfa9413a082f0bd276582dac13661af7b33f161e7eea?s=96&d=mm&r=g","contentUrl":"https:\/\/secure.gravatar.com\/avatar\/993975ae489c70cb0dd9bfa9413a082f0bd276582dac13661af7b33f161e7eea?s=96&d=mm&r=g","caption":"Mel Pescuezo"},"url":"https:\/\/radiolitoral.com\/ca\/author\/serviciospararadios\/"}]}},"_links":{"self":[{"href":"https:\/\/radiolitoral.com\/ca\/wp-json\/wp\/v2\/posts\/4542","targetHints":{"allow":["GET"]}}],"collection":[{"href":"https:\/\/radiolitoral.com\/ca\/wp-json\/wp\/v2\/posts"}],"about":[{"href":"https:\/\/radiolitoral.com\/ca\/wp-json\/wp\/v2\/types\/post"}],"author":[{"embeddable":true,"href":"https:\/\/radiolitoral.com\/ca\/wp-json\/wp\/v2\/users\/21"}],"replies":[{"embeddable":true,"href":"https:\/\/radiolitoral.com\/ca\/wp-json\/wp\/v2\/comments?post=4542"}],"version-history":[{"count":2,"href":"https:\/\/radiolitoral.com\/ca\/wp-json\/wp\/v2\/posts\/4542\/revisions"}],"predecessor-version":[{"id":4549,"href":"https:\/\/radiolitoral.com\/ca\/wp-json\/wp\/v2\/posts\/4542\/revisions\/4549"}],"wp:featuredmedia":[{"embeddable":true,"href":"https:\/\/radiolitoral.com\/ca\/wp-json\/wp\/v2\/media\/4544"}],"wp:attachment":[{"href":"https:\/\/radiolitoral.com\/ca\/wp-json\/wp\/v2\/media?parent=4542"}],"wp:term":[{"taxonomy":"category","embeddable":true,"href":"https:\/\/radiolitoral.com\/ca\/wp-json\/wp\/v2\/categories?post=4542"},{"taxonomy":"post_tag","embeddable":true,"href":"https:\/\/radiolitoral.com\/ca\/wp-json\/wp\/v2\/tags?post=4542"}],"curies":[{"name":"wp","href":"https:\/\/api.w.org\/{rel}","templated":true}]}}