{"id":4511,"date":"2023-06-29T22:21:45","date_gmt":"2023-06-29T20:21:45","guid":{"rendered":"https:\/\/radiolitoral.com\/?p=4511"},"modified":"2023-06-29T22:22:35","modified_gmt":"2023-06-29T20:22:35","slug":"torna-teulada-moraira-saludable-el-programa-dactivitats-gratuites-a-la-platja","status":"publish","type":"post","link":"https:\/\/radiolitoral.com\/ca\/2023\/06\/vuelve-teulada-moraira-saludable-el-programa-de-actividades-gratuitas-en-la-playa\/","title":{"rendered":"Torna &#039;Teulada Moraira Saludable&#039;, el programa d&#039;activitats gratu\u00eftes a la platja"},"content":{"rendered":"<p>L&#039;Ajuntament de Teulada organitza la novena edici\u00f3 de &#039;Teulada Moraira Saludable&#039;, el programa d&#039;activitats esportives, recreatives, gratu\u00eftes i per a tots els p\u00fablics a les platges del municipi.<\/p>\n<p>Assenyalar que no cal cap inscripci\u00f3 pr\u00e8via, simplement acudir al lloc, el dia ia l&#039;hora que indica el calendari.<\/p>\n<p>El material que ha de portar cada persona \u00e9s: estira, tovallola i roba esportiva a pilates; roba esportiva a tai-txi i circuit training; i roba de bany i tovallola a aqua-gym. Tamb\u00e9 es recomana portar sempre una ampolla d&#039;aigua per mantenir-se hidratats.<\/p>\n<p>D&#039;aquesta manera, del 3 de juliol al 30 de setembre s&#039;impartiran classes de tai-txi, pilates, aquagym i circuit training a les platges del Portet i l&#039;Ampolla, amb l&#039;objectiu d&#039;oferir una programaci\u00f3 variada d&#039;activitats saludables per a tothom que hi vulgui participar durant aquest estiu.<\/p>\n<p>\u201cUna vegada m\u00e9s Teulada Moraira aposta per un estil de vida saludable amb un programa d&#039;activitats variat, de dilluns a dissabte, per gaudir de les nostres fant\u00e0stiques platges i, simult\u00e0niament, fer esport a l&#039;aire lliure. Un projecte que aquest any compleix la 9a edici\u00f3 i que t\u00e9 molt bona acollida per part d&#039;estiuejants i residents\u201d, ha assenyalat el regidor d&#039;Esports de Teulada Moraira, Josep Ivars.<\/p>","protected":false},"excerpt":{"rendered":"<p>El Ayuntamiento de Teulada organiza la novena edici\u00f3n de \u2018Teulada Moraira Saludable\u2019, el programa de actividades deportivas, recreativas, gratuitas y para todos los p\u00fablicos en las playas del municipio. Se\u00f1alar que no es necesario ning\u00fan tipo de inscripci\u00f3n previa, simplemente acudir al lugar, el d\u00eda y a la hora que indica el calendario. El material [&#8230;]<\/p>\n<p><a class=\"btn btn-secondary understrap-read-more-link\" href=\"https:\/\/radiolitoral.com\/ca\/2023\/06\/vuelve-teulada-moraira-saludable-el-programa-de-actividades-gratuitas-en-la-playa\/\">Continua llegint&#8230;<span class=\"screen-reader-text\"> from Vuelve \u2018Teulada Moraira Saludable\u2019, el programa de actividades gratuitas en la playa<\/span><\/a><\/p>\n","protected":false},"author":21,"featured_media":4512,"comment_status":"open","ping_status":"closed","sticky":false,"template":"","format":"standard","meta":{"_acf_changed":false,"inline_featured_image":false,"footnotes":""},"categories":[818],"tags":[],"class_list":["post-4511","post","type-post","status-publish","format-standard","has-post-thumbnail","hentry","category-bienestar","cobertura-teulada-moraira"],"acf":[],"yoast_head":"<!-- This site is optimized with the Yoast SEO plugin v27.5 - https:\/\/yoast.com\/product\/yoast-seo-wordpress\/ -->\n<title>Vuelve \u2018Teulada Moraira Saludable\u2019, el programa de actividades gratuitas en la playa | R\u00e0dio Litoral<\/title>\n<meta name=\"description\" content=\"Del 3 de julio al 30 de septiembre se impartir\u00e1n clases de taich\u00ed, pilates, aquagym y circuit training Del 3 de julio al 30 de septiembre se impartir\u00e1n clases de taich\u00ed, pilates, aquagym y circuit training\" \/>\n<meta name=\"robots\" content=\"index, follow, max-snippet:-1, max-image-preview:large, max-video-preview:-1\" \/>\n<link rel=\"canonical\" href=\"https:\/\/radiolitoral.com\/ca\/2023\/06\/torna-teulada-moraira-saludable-el-programa-dactivitats-gratuites-a-la-platja\/\" \/>\n<meta property=\"og:locale\" content=\"ca_ES\" \/>\n<meta property=\"og:type\" content=\"article\" \/>\n<meta property=\"og:title\" content=\"Vuelve \u2018Teulada Moraira Saludable\u2019, el programa de actividades gratuitas en la playa | R\u00e0dio Litoral\" \/>\n<meta property=\"og:description\" content=\"Del 3 de julio al 30 de septiembre se impartir\u00e1n clases de taich\u00ed, pilates, aquagym y circuit training Del 3 de julio al 30 de septiembre se impartir\u00e1n clases de taich\u00ed, pilates, aquagym y circuit training\" \/>\n<meta property=\"og:url\" content=\"https:\/\/radiolitoral.com\/ca\/2023\/06\/torna-teulada-moraira-saludable-el-programa-dactivitats-gratuites-a-la-platja\/\" \/>\n<meta property=\"og:site_name\" content=\"R\u00e0dio Litoral\" \/>\n<meta property=\"article:publisher\" content=\"https:\/\/www.facebook.com\/Laradiolitoral\/\" \/>\n<meta property=\"article:published_time\" content=\"2023-06-29T20:21:45+00:00\" \/>\n<meta property=\"article:modified_time\" content=\"2023-06-29T20:22:35+00:00\" \/>\n<meta property=\"og:image\" content=\"https:\/\/media.radiolitoral.com\/wp-content\/uploads\/2023\/06\/29222020\/tm-saludable-1-736x490-1.jpg\" \/>\n\t<meta property=\"og:image:width\" content=\"736\" \/>\n\t<meta property=\"og:image:height\" content=\"490\" \/>\n\t<meta property=\"og:image:type\" content=\"image\/jpeg\" \/>\n<meta name=\"author\" content=\"Mel Pescuezo\" \/>\n<meta name=\"twitter:card\" content=\"summary_large_image\" \/>\n<meta name=\"twitter:label1\" content=\"Escrit per\" \/>\n\t<meta name=\"twitter:data1\" content=\"Mel Pescuezo\" \/>\n\t<meta name=\"twitter:label2\" content=\"Temps estimat de lectura\" \/>\n\t<meta name=\"twitter:data2\" content=\"1 minut\" \/>\n<script type=\"application\/ld+json\" class=\"yoast-schema-graph\">{\"@context\":\"https:\\\/\\\/schema.org\",\"@graph\":[{\"@type\":\"NewsArticle\",\"@id\":\"https:\\\/\\\/radiolitoral.com\\\/2023\\\/06\\\/vuelve-teulada-moraira-saludable-el-programa-de-actividades-gratuitas-en-la-playa\\\/#article\",\"isPartOf\":{\"@id\":\"https:\\\/\\\/radiolitoral.com\\\/2023\\\/06\\\/vuelve-teulada-moraira-saludable-el-programa-de-actividades-gratuitas-en-la-playa\\\/\"},\"author\":{\"name\":\"Mel Pescuezo\",\"@id\":\"https:\\\/\\\/radiolitoral.com\\\/#\\\/schema\\\/person\\\/aad4f72efa404f85b68e832d24cac059\"},\"headline\":\"Vuelve \u2018Teulada Moraira Saludable\u2019, el programa de actividades gratuitas en la playa\",\"datePublished\":\"2023-06-29T20:21:45+00:00\",\"dateModified\":\"2023-06-29T20:22:35+00:00\",\"mainEntityOfPage\":{\"@id\":\"https:\\\/\\\/radiolitoral.com\\\/2023\\\/06\\\/vuelve-teulada-moraira-saludable-el-programa-de-actividades-gratuitas-en-la-playa\\\/\"},\"wordCount\":237,\"commentCount\":0,\"publisher\":{\"@id\":\"https:\\\/\\\/radiolitoral.com\\\/#organization\"},\"image\":{\"@id\":\"https:\\\/\\\/radiolitoral.com\\\/2023\\\/06\\\/vuelve-teulada-moraira-saludable-el-programa-de-actividades-gratuitas-en-la-playa\\\/#primaryimage\"},\"thumbnailUrl\":\"https:\\\/\\\/media.radiolitoral.com\\\/wp-content\\\/uploads\\\/2023\\\/06\\\/29222020\\\/tm-saludable-1-736x490-1.jpg\",\"articleSection\":[\"Bienestar\"],\"inLanguage\":\"ca\",\"potentialAction\":[{\"@type\":\"CommentAction\",\"name\":\"Comment\",\"target\":[\"https:\\\/\\\/radiolitoral.com\\\/2023\\\/06\\\/vuelve-teulada-moraira-saludable-el-programa-de-actividades-gratuitas-en-la-playa\\\/#respond\"]}]},{\"@type\":[\"WebPage\",\"ItemPage\"],\"@id\":\"https:\\\/\\\/radiolitoral.com\\\/2023\\\/06\\\/vuelve-teulada-moraira-saludable-el-programa-de-actividades-gratuitas-en-la-playa\\\/\",\"url\":\"https:\\\/\\\/radiolitoral.com\\\/2023\\\/06\\\/vuelve-teulada-moraira-saludable-el-programa-de-actividades-gratuitas-en-la-playa\\\/\",\"name\":\"Vuelve \u2018Teulada Moraira Saludable\u2019, el programa de actividades gratuitas en la playa | R\u00e0dio Litoral\",\"isPartOf\":{\"@id\":\"https:\\\/\\\/radiolitoral.com\\\/#website\"},\"primaryImageOfPage\":{\"@id\":\"https:\\\/\\\/radiolitoral.com\\\/2023\\\/06\\\/vuelve-teulada-moraira-saludable-el-programa-de-actividades-gratuitas-en-la-playa\\\/#primaryimage\"},\"image\":{\"@id\":\"https:\\\/\\\/radiolitoral.com\\\/2023\\\/06\\\/vuelve-teulada-moraira-saludable-el-programa-de-actividades-gratuitas-en-la-playa\\\/#primaryimage\"},\"thumbnailUrl\":\"https:\\\/\\\/media.radiolitoral.com\\\/wp-content\\\/uploads\\\/2023\\\/06\\\/29222020\\\/tm-saludable-1-736x490-1.jpg\",\"datePublished\":\"2023-06-29T20:21:45+00:00\",\"dateModified\":\"2023-06-29T20:22:35+00:00\",\"description\":\"Del 3 de julio al 30 de septiembre se impartir\u00e1n clases de taich\u00ed, pilates, aquagym y circuit training Del 3 de julio al 30 de septiembre se impartir\u00e1n clases de taich\u00ed, pilates, aquagym y circuit training\",\"breadcrumb\":{\"@id\":\"https:\\\/\\\/radiolitoral.com\\\/2023\\\/06\\\/vuelve-teulada-moraira-saludable-el-programa-de-actividades-gratuitas-en-la-playa\\\/#breadcrumb\"},\"inLanguage\":\"ca\",\"potentialAction\":[{\"@type\":\"ReadAction\",\"target\":[\"https:\\\/\\\/radiolitoral.com\\\/2023\\\/06\\\/vuelve-teulada-moraira-saludable-el-programa-de-actividades-gratuitas-en-la-playa\\\/\"]}]},{\"@type\":\"ImageObject\",\"inLanguage\":\"ca\",\"@id\":\"https:\\\/\\\/radiolitoral.com\\\/2023\\\/06\\\/vuelve-teulada-moraira-saludable-el-programa-de-actividades-gratuitas-en-la-playa\\\/#primaryimage\",\"url\":\"https:\\\/\\\/media.radiolitoral.com\\\/wp-content\\\/uploads\\\/2023\\\/06\\\/29222020\\\/tm-saludable-1-736x490-1.jpg\",\"contentUrl\":\"https:\\\/\\\/media.radiolitoral.com\\\/wp-content\\\/uploads\\\/2023\\\/06\\\/29222020\\\/tm-saludable-1-736x490-1.jpg\",\"width\":736,\"height\":490},{\"@type\":\"BreadcrumbList\",\"@id\":\"https:\\\/\\\/radiolitoral.com\\\/2023\\\/06\\\/vuelve-teulada-moraira-saludable-el-programa-de-actividades-gratuitas-en-la-playa\\\/#breadcrumb\",\"itemListElement\":[{\"@type\":\"ListItem\",\"position\":1,\"name\":\"Portada\",\"item\":\"https:\\\/\\\/radiolitoral.com\\\/\"},{\"@type\":\"ListItem\",\"position\":2,\"name\":\"Vuelve \u2018Teulada Moraira Saludable\u2019, el programa de actividades gratuitas en la playa\"}]},{\"@type\":\"WebSite\",\"@id\":\"https:\\\/\\\/radiolitoral.com\\\/#website\",\"url\":\"https:\\\/\\\/radiolitoral.com\\\/\",\"name\":\"Radio Litoral\",\"description\":\"La radio local de la Marina Alta\",\"publisher\":{\"@id\":\"https:\\\/\\\/radiolitoral.com\\\/#organization\"},\"alternateName\":\"Litoral FM\",\"potentialAction\":[{\"@type\":\"SearchAction\",\"target\":{\"@type\":\"EntryPoint\",\"urlTemplate\":\"https:\\\/\\\/radiolitoral.com\\\/?s={search_term_string}\"},\"query-input\":{\"@type\":\"PropertyValueSpecification\",\"valueRequired\":true,\"valueName\":\"search_term_string\"}}],\"inLanguage\":\"ca\"},{\"@type\":\"Organization\",\"@id\":\"https:\\\/\\\/radiolitoral.com\\\/#organization\",\"name\":\"Radio Litoral\",\"url\":\"https:\\\/\\\/radiolitoral.com\\\/\",\"logo\":{\"@type\":\"ImageObject\",\"inLanguage\":\"ca\",\"@id\":\"https:\\\/\\\/radiolitoral.com\\\/#\\\/schema\\\/logo\\\/image\\\/\",\"url\":\"https:\\\/\\\/media.radiolitoral.com\\\/wp-content\\\/uploads\\\/2023\\\/02\\\/24143238\\\/CL-V-RadioLitoral696.png\",\"contentUrl\":\"https:\\\/\\\/media.radiolitoral.com\\\/wp-content\\\/uploads\\\/2023\\\/02\\\/24143238\\\/CL-V-RadioLitoral696.png\",\"width\":696,\"height\":696,\"caption\":\"Radio Litoral\"},\"image\":{\"@id\":\"https:\\\/\\\/radiolitoral.com\\\/#\\\/schema\\\/logo\\\/image\\\/\"},\"sameAs\":[\"https:\\\/\\\/www.facebook.com\\\/Laradiolitoral\\\/\"]},{\"@type\":\"Person\",\"@id\":\"https:\\\/\\\/radiolitoral.com\\\/#\\\/schema\\\/person\\\/aad4f72efa404f85b68e832d24cac059\",\"name\":\"Mel Pescuezo\",\"image\":{\"@type\":\"ImageObject\",\"inLanguage\":\"ca\",\"@id\":\"https:\\\/\\\/secure.gravatar.com\\\/avatar\\\/993975ae489c70cb0dd9bfa9413a082f0bd276582dac13661af7b33f161e7eea?s=96&d=mm&r=g\",\"url\":\"https:\\\/\\\/secure.gravatar.com\\\/avatar\\\/993975ae489c70cb0dd9bfa9413a082f0bd276582dac13661af7b33f161e7eea?s=96&d=mm&r=g\",\"contentUrl\":\"https:\\\/\\\/secure.gravatar.com\\\/avatar\\\/993975ae489c70cb0dd9bfa9413a082f0bd276582dac13661af7b33f161e7eea?s=96&d=mm&r=g\",\"caption\":\"Mel Pescuezo\"},\"url\":\"https:\\\/\\\/radiolitoral.com\\\/ca\\\/author\\\/serviciospararadios\\\/\"}]}<\/script>\n<!-- \/ Yoast SEO plugin. -->","yoast_head_json":{"title":"Torna &#039;Teulada Moraira Saludable&#039;, el programa d&#039;activitats gratu\u00eftes a la platja | R\u00e0dio Litoral","description":"Del 3 de juliol al 30 de setembre s&#039;impartiran classes de tai-txi, pilates, aquagym i circuit training Del 3 de juliol al 30 de setembre s&#039;impartiran classes de tai-txi, pilates, aquagym i circuit training","robots":{"index":"index","follow":"follow","max-snippet":"max-snippet:-1","max-image-preview":"max-image-preview:large","max-video-preview":"max-video-preview:-1"},"canonical":"https:\/\/radiolitoral.com\/ca\/2023\/06\/torna-teulada-moraira-saludable-el-programa-dactivitats-gratuites-a-la-platja\/","og_locale":"ca_ES","og_type":"article","og_title":"Vuelve \u2018Teulada Moraira Saludable\u2019, el programa de actividades gratuitas en la playa | R\u00e0dio Litoral","og_description":"Del 3 de julio al 30 de septiembre se impartir\u00e1n clases de taich\u00ed, pilates, aquagym y circuit training Del 3 de julio al 30 de septiembre se impartir\u00e1n clases de taich\u00ed, pilates, aquagym y circuit training","og_url":"https:\/\/radiolitoral.com\/ca\/2023\/06\/torna-teulada-moraira-saludable-el-programa-dactivitats-gratuites-a-la-platja\/","og_site_name":"R\u00e0dio Litoral","article_publisher":"https:\/\/www.facebook.com\/Laradiolitoral\/","article_published_time":"2023-06-29T20:21:45+00:00","article_modified_time":"2023-06-29T20:22:35+00:00","og_image":[{"width":736,"height":490,"url":"https:\/\/media.radiolitoral.com\/wp-content\/uploads\/2023\/06\/29222020\/tm-saludable-1-736x490-1.jpg","type":"image\/jpeg"}],"author":"Mel Pescuezo","twitter_card":"summary_large_image","twitter_misc":{"Escrit per":"Mel Pescuezo","Temps estimat de lectura":"1 minut"},"schema":{"@context":"https:\/\/schema.org","@graph":[{"@type":"NewsArticle","@id":"https:\/\/radiolitoral.com\/2023\/06\/vuelve-teulada-moraira-saludable-el-programa-de-actividades-gratuitas-en-la-playa\/#article","isPartOf":{"@id":"https:\/\/radiolitoral.com\/2023\/06\/vuelve-teulada-moraira-saludable-el-programa-de-actividades-gratuitas-en-la-playa\/"},"author":{"name":"Mel Pescuezo","@id":"https:\/\/radiolitoral.com\/#\/schema\/person\/aad4f72efa404f85b68e832d24cac059"},"headline":"Vuelve \u2018Teulada Moraira Saludable\u2019, el programa de actividades gratuitas en la playa","datePublished":"2023-06-29T20:21:45+00:00","dateModified":"2023-06-29T20:22:35+00:00","mainEntityOfPage":{"@id":"https:\/\/radiolitoral.com\/2023\/06\/vuelve-teulada-moraira-saludable-el-programa-de-actividades-gratuitas-en-la-playa\/"},"wordCount":237,"commentCount":0,"publisher":{"@id":"https:\/\/radiolitoral.com\/#organization"},"image":{"@id":"https:\/\/radiolitoral.com\/2023\/06\/vuelve-teulada-moraira-saludable-el-programa-de-actividades-gratuitas-en-la-playa\/#primaryimage"},"thumbnailUrl":"https:\/\/media.radiolitoral.com\/wp-content\/uploads\/2023\/06\/29222020\/tm-saludable-1-736x490-1.jpg","articleSection":["Bienestar"],"inLanguage":"ca","potentialAction":[{"@type":"CommentAction","name":"Comment","target":["https:\/\/radiolitoral.com\/2023\/06\/vuelve-teulada-moraira-saludable-el-programa-de-actividades-gratuitas-en-la-playa\/#respond"]}]},{"@type":["WebPage","ItemPage"],"@id":"https:\/\/radiolitoral.com\/2023\/06\/vuelve-teulada-moraira-saludable-el-programa-de-actividades-gratuitas-en-la-playa\/","url":"https:\/\/radiolitoral.com\/2023\/06\/vuelve-teulada-moraira-saludable-el-programa-de-actividades-gratuitas-en-la-playa\/","name":"Torna &#039;Teulada Moraira Saludable&#039;, el programa d&#039;activitats gratu\u00eftes a la platja | R\u00e0dio Litoral","isPartOf":{"@id":"https:\/\/radiolitoral.com\/#website"},"primaryImageOfPage":{"@id":"https:\/\/radiolitoral.com\/2023\/06\/vuelve-teulada-moraira-saludable-el-programa-de-actividades-gratuitas-en-la-playa\/#primaryimage"},"image":{"@id":"https:\/\/radiolitoral.com\/2023\/06\/vuelve-teulada-moraira-saludable-el-programa-de-actividades-gratuitas-en-la-playa\/#primaryimage"},"thumbnailUrl":"https:\/\/media.radiolitoral.com\/wp-content\/uploads\/2023\/06\/29222020\/tm-saludable-1-736x490-1.jpg","datePublished":"2023-06-29T20:21:45+00:00","dateModified":"2023-06-29T20:22:35+00:00","description":"Del 3 de juliol al 30 de setembre s&#039;impartiran classes de tai-txi, pilates, aquagym i circuit training Del 3 de juliol al 30 de setembre s&#039;impartiran classes de tai-txi, pilates, aquagym i circuit training","breadcrumb":{"@id":"https:\/\/radiolitoral.com\/2023\/06\/vuelve-teulada-moraira-saludable-el-programa-de-actividades-gratuitas-en-la-playa\/#breadcrumb"},"inLanguage":"ca","potentialAction":[{"@type":"ReadAction","target":["https:\/\/radiolitoral.com\/2023\/06\/vuelve-teulada-moraira-saludable-el-programa-de-actividades-gratuitas-en-la-playa\/"]}]},{"@type":"ImageObject","inLanguage":"ca","@id":"https:\/\/radiolitoral.com\/2023\/06\/vuelve-teulada-moraira-saludable-el-programa-de-actividades-gratuitas-en-la-playa\/#primaryimage","url":"https:\/\/media.radiolitoral.com\/wp-content\/uploads\/2023\/06\/29222020\/tm-saludable-1-736x490-1.jpg","contentUrl":"https:\/\/media.radiolitoral.com\/wp-content\/uploads\/2023\/06\/29222020\/tm-saludable-1-736x490-1.jpg","width":736,"height":490},{"@type":"BreadcrumbList","@id":"https:\/\/radiolitoral.com\/2023\/06\/vuelve-teulada-moraira-saludable-el-programa-de-actividades-gratuitas-en-la-playa\/#breadcrumb","itemListElement":[{"@type":"ListItem","position":1,"name":"Portada","item":"https:\/\/radiolitoral.com\/"},{"@type":"ListItem","position":2,"name":"Vuelve \u2018Teulada Moraira Saludable\u2019, el programa de actividades gratuitas en la playa"}]},{"@type":"WebSite","@id":"https:\/\/radiolitoral.com\/#website","url":"https:\/\/radiolitoral.com\/","name":"R\u00e0dio Litoral","description":"La r\u00e0dio local de la Marina Alta","publisher":{"@id":"https:\/\/radiolitoral.com\/#organization"},"alternateName":"Litoral FM","potentialAction":[{"@type":"SearchAction","target":{"@type":"EntryPoint","urlTemplate":"https:\/\/radiolitoral.com\/?s={search_term_string}"},"query-input":{"@type":"PropertyValueSpecification","valueRequired":true,"valueName":"search_term_string"}}],"inLanguage":"ca"},{"@type":"Organization","@id":"https:\/\/radiolitoral.com\/#organization","name":"R\u00e0dio Litoral","url":"https:\/\/radiolitoral.com\/","logo":{"@type":"ImageObject","inLanguage":"ca","@id":"https:\/\/radiolitoral.com\/#\/schema\/logo\/image\/","url":"https:\/\/media.radiolitoral.com\/wp-content\/uploads\/2023\/02\/24143238\/CL-V-RadioLitoral696.png","contentUrl":"https:\/\/media.radiolitoral.com\/wp-content\/uploads\/2023\/02\/24143238\/CL-V-RadioLitoral696.png","width":696,"height":696,"caption":"Radio Litoral"},"image":{"@id":"https:\/\/radiolitoral.com\/#\/schema\/logo\/image\/"},"sameAs":["https:\/\/www.facebook.com\/Laradiolitoral\/"]},{"@type":"Person","@id":"https:\/\/radiolitoral.com\/#\/schema\/person\/aad4f72efa404f85b68e832d24cac059","name":"Mel Pescuezo","image":{"@type":"ImageObject","inLanguage":"ca","@id":"https:\/\/secure.gravatar.com\/avatar\/993975ae489c70cb0dd9bfa9413a082f0bd276582dac13661af7b33f161e7eea?s=96&d=mm&r=g","url":"https:\/\/secure.gravatar.com\/avatar\/993975ae489c70cb0dd9bfa9413a082f0bd276582dac13661af7b33f161e7eea?s=96&d=mm&r=g","contentUrl":"https:\/\/secure.gravatar.com\/avatar\/993975ae489c70cb0dd9bfa9413a082f0bd276582dac13661af7b33f161e7eea?s=96&d=mm&r=g","caption":"Mel Pescuezo"},"url":"https:\/\/radiolitoral.com\/ca\/author\/serviciospararadios\/"}]}},"_links":{"self":[{"href":"https:\/\/radiolitoral.com\/ca\/wp-json\/wp\/v2\/posts\/4511","targetHints":{"allow":["GET"]}}],"collection":[{"href":"https:\/\/radiolitoral.com\/ca\/wp-json\/wp\/v2\/posts"}],"about":[{"href":"https:\/\/radiolitoral.com\/ca\/wp-json\/wp\/v2\/types\/post"}],"author":[{"embeddable":true,"href":"https:\/\/radiolitoral.com\/ca\/wp-json\/wp\/v2\/users\/21"}],"replies":[{"embeddable":true,"href":"https:\/\/radiolitoral.com\/ca\/wp-json\/wp\/v2\/comments?post=4511"}],"version-history":[{"count":1,"href":"https:\/\/radiolitoral.com\/ca\/wp-json\/wp\/v2\/posts\/4511\/revisions"}],"predecessor-version":[{"id":4513,"href":"https:\/\/radiolitoral.com\/ca\/wp-json\/wp\/v2\/posts\/4511\/revisions\/4513"}],"wp:featuredmedia":[{"embeddable":true,"href":"https:\/\/radiolitoral.com\/ca\/wp-json\/wp\/v2\/media\/4512"}],"wp:attachment":[{"href":"https:\/\/radiolitoral.com\/ca\/wp-json\/wp\/v2\/media?parent=4511"}],"wp:term":[{"taxonomy":"category","embeddable":true,"href":"https:\/\/radiolitoral.com\/ca\/wp-json\/wp\/v2\/categories?post=4511"},{"taxonomy":"post_tag","embeddable":true,"href":"https:\/\/radiolitoral.com\/ca\/wp-json\/wp\/v2\/tags?post=4511"}],"curies":[{"name":"wp","href":"https:\/\/api.w.org\/{rel}","templated":true}]}}