{"id":4506,"date":"2023-06-29T22:14:57","date_gmt":"2023-06-29T20:14:57","guid":{"rendered":"https:\/\/radiolitoral.com\/?p=4506"},"modified":"2023-06-29T22:15:10","modified_gmt":"2023-06-29T20:15:10","slug":"benitatxell-posa-en-marxa-aquest-cap-de-setmana-lautobus-gratuit-a-la-cala-del-moraig","status":"publish","type":"post","link":"https:\/\/radiolitoral.com\/ca\/2023\/06\/benitatxell-pone-en-marcha-este-fin-de-semana-el-autobus-gratuito-a-la-cala-del-moraig\/","title":{"rendered":"Benitatxell engega aquest cap de setmana l&#039;autob\u00fas gratu\u00eft a la cala del Moraig"},"content":{"rendered":"<p>Dem\u00e0, divendres 30 de juny, i fins al diumenge 3 de setembre, l&#039;autob\u00fas llan\u00e7adora gratu\u00eft habilitat per l&#039;Ajuntament del Poble Nou de Benitatxell prestar\u00e0 servei per portar els banyistes a la cala del Moraig.<\/p>\n<p>Des de l&#039;executiu local apunten que, despr\u00e9s del bon funcionament de l&#039;estiu passat, aquest any s&#039;ha decidit mantenir els quatre punts de recollida: el cementiri municipal, el p\u00e0rquing davant del Masymas, l&#039;aparcament del col\u00b7legi Lady Elizabeth i, finalment, la cala.<\/p>\n<p>Aix\u00f2, s\u00ed, s&#039;hi incorpora un petit canvi a l&#039;horari, i \u00e9s que en comptes de sortir els caps de setmana a les 9:30h, ho far\u00e0 a les 10:00h, igual que la resta de dies. Aix\u00ed, l&#039;autob\u00fas sortir\u00e0 al mat\u00ed a les 10:00h des del centre urb\u00e0 i far\u00e0 parada tamb\u00e9 al p\u00e0rquing davant del Masymas, l&#039;aparcament del col\u00b7legi Lady Elizabeth i, finalment, la cala. El mateix recorregut, per\u00f2 a la inversa, ho far\u00e0 al migdia, a les 14:30 h. A la tarda, sortir\u00e0 a les 16:00 hi tornar\u00e0 a les 18:30 h.<\/p>\n<p>Afegir que aquest transport, cada 15 o 20 minuts, baixar\u00e0 i pujar\u00e0 als banyistes des de laparcament de la cala fins a peu de platja. Una alternativa c\u00f2moda al pronunciat pendent que es fa especialment dif\u00edcil de pujar els dies de molta calor, amb l&#039;hamaca i la nevera a sobre.<\/p>\n<p>Aquest servei cerca descongestionar de vehicles la zona de costa i proporcionar una alternativa gratu\u00efta al p\u00e0rquing de pagament m\u00e9s sostenible amb l&#039;entorn. Alhora, es vol potenciar les visites al centre urb\u00e0 de la localitat.<\/p>\n<p>&nbsp;<\/p>","protected":false},"excerpt":{"rendered":"<p>Ma\u00f1ana, viernes 30 de junio, y hasta el domingo 3 de septiembre, el autob\u00fas lanzadera gratuito habilitado por el Ayuntamiento de El Poble Nou de Benitatxell prestar\u00e1 servicio para llevar a los ba\u00f1istas a la cala del Moraig. Desde el ejecutivo local apuntan que, tras el buen funcionamiento del pasado verano, este a\u00f1o se ha [&#8230;]<\/p>\n<p><a class=\"btn btn-secondary understrap-read-more-link\" href=\"https:\/\/radiolitoral.com\/ca\/2023\/06\/benitatxell-pone-en-marcha-este-fin-de-semana-el-autobus-gratuito-a-la-cala-del-moraig\/\">Continua llegint&#8230;<span class=\"screen-reader-text\"> from Benitatxell pone en marcha este fin de semana el autob\u00fas gratuito a la cala del Moraig<\/span><\/a><\/p>\n","protected":false},"author":21,"featured_media":4507,"comment_status":"open","ping_status":"closed","sticky":false,"template":"","format":"standard","meta":{"_acf_changed":false,"inline_featured_image":false,"footnotes":""},"categories":[85],"tags":[816,815,817],"class_list":["post-4506","post","type-post","status-publish","format-standard","has-post-thumbnail","hentry","category-servicios-publicos","tag-autobus-benitatxell","tag-bus-moraig","tag-bus-playa","cobertura-poble-nou-de-benitatxell"],"acf":[],"yoast_head":"<!-- This site is optimized with the Yoast SEO plugin v27.5 - https:\/\/yoast.com\/product\/yoast-seo-wordpress\/ -->\n<title>Benitatxell pone en marcha este fin de semana el autob\u00fas gratuito a la cala del Moraig | R\u00e0dio Litoral<\/title>\n<meta name=\"description\" content=\"Los puntos de recogida son: cementerio municipal, parking frente al Masymas, aparcamiento del colegio Lady Elizabeth y, finalmente, la cala Los puntos de recogida son: cementerio municipal, parking frente al Masymas, aparcamiento del colegio Lady Elizabeth y, finalmente, la cala\" \/>\n<meta name=\"robots\" content=\"index, follow, max-snippet:-1, max-image-preview:large, max-video-preview:-1\" \/>\n<link rel=\"canonical\" href=\"https:\/\/radiolitoral.com\/ca\/2023\/06\/benitatxell-posa-en-marxa-aquest-cap-de-setmana-lautobus-gratuit-a-la-cala-del-moraig\/\" \/>\n<meta property=\"og:locale\" content=\"ca_ES\" \/>\n<meta property=\"og:type\" content=\"article\" \/>\n<meta property=\"og:title\" content=\"Benitatxell pone en marcha este fin de semana el autob\u00fas gratuito a la cala del Moraig | R\u00e0dio Litoral\" \/>\n<meta property=\"og:description\" content=\"Los puntos de recogida son: cementerio municipal, parking frente al Masymas, aparcamiento del colegio Lady Elizabeth y, finalmente, la cala Los puntos de recogida son: cementerio municipal, parking frente al Masymas, aparcamiento del colegio Lady Elizabeth y, finalmente, la cala\" \/>\n<meta property=\"og:url\" content=\"https:\/\/radiolitoral.com\/ca\/2023\/06\/benitatxell-posa-en-marxa-aquest-cap-de-setmana-lautobus-gratuit-a-la-cala-del-moraig\/\" \/>\n<meta property=\"og:site_name\" content=\"R\u00e0dio Litoral\" \/>\n<meta property=\"article:publisher\" content=\"https:\/\/www.facebook.com\/Laradiolitoral\/\" \/>\n<meta property=\"article:published_time\" content=\"2023-06-29T20:14:57+00:00\" \/>\n<meta property=\"article:modified_time\" content=\"2023-06-29T20:15:10+00:00\" \/>\n<meta property=\"og:image\" content=\"https:\/\/media.radiolitoral.com\/wp-content\/uploads\/2023\/06\/29221313\/bus-moraig2-870x490-1.jpg\" \/>\n\t<meta property=\"og:image:width\" content=\"870\" \/>\n\t<meta property=\"og:image:height\" content=\"490\" \/>\n\t<meta property=\"og:image:type\" content=\"image\/jpeg\" \/>\n<meta name=\"author\" content=\"Mel Pescuezo\" \/>\n<meta name=\"twitter:card\" content=\"summary_large_image\" \/>\n<meta name=\"twitter:label1\" content=\"Escrit per\" \/>\n\t<meta name=\"twitter:data1\" content=\"Mel Pescuezo\" \/>\n\t<meta name=\"twitter:label2\" content=\"Temps estimat de lectura\" \/>\n\t<meta name=\"twitter:data2\" content=\"2 minuts\" \/>\n<script type=\"application\/ld+json\" class=\"yoast-schema-graph\">{\"@context\":\"https:\\\/\\\/schema.org\",\"@graph\":[{\"@type\":\"NewsArticle\",\"@id\":\"https:\\\/\\\/radiolitoral.com\\\/2023\\\/06\\\/benitatxell-pone-en-marcha-este-fin-de-semana-el-autobus-gratuito-a-la-cala-del-moraig\\\/#article\",\"isPartOf\":{\"@id\":\"https:\\\/\\\/radiolitoral.com\\\/2023\\\/06\\\/benitatxell-pone-en-marcha-este-fin-de-semana-el-autobus-gratuito-a-la-cala-del-moraig\\\/\"},\"author\":{\"name\":\"Mel Pescuezo\",\"@id\":\"https:\\\/\\\/radiolitoral.com\\\/#\\\/schema\\\/person\\\/aad4f72efa404f85b68e832d24cac059\"},\"headline\":\"Benitatxell pone en marcha este fin de semana el autob\u00fas gratuito a la cala del Moraig\",\"datePublished\":\"2023-06-29T20:14:57+00:00\",\"dateModified\":\"2023-06-29T20:15:10+00:00\",\"mainEntityOfPage\":{\"@id\":\"https:\\\/\\\/radiolitoral.com\\\/2023\\\/06\\\/benitatxell-pone-en-marcha-este-fin-de-semana-el-autobus-gratuito-a-la-cala-del-moraig\\\/\"},\"wordCount\":297,\"commentCount\":0,\"publisher\":{\"@id\":\"https:\\\/\\\/radiolitoral.com\\\/#organization\"},\"image\":{\"@id\":\"https:\\\/\\\/radiolitoral.com\\\/2023\\\/06\\\/benitatxell-pone-en-marcha-este-fin-de-semana-el-autobus-gratuito-a-la-cala-del-moraig\\\/#primaryimage\"},\"thumbnailUrl\":\"https:\\\/\\\/media.radiolitoral.com\\\/wp-content\\\/uploads\\\/2023\\\/06\\\/29221313\\\/bus-moraig2-870x490-1.jpg\",\"keywords\":[\"autob\u00fas Benitatxell\",\"bus Moraig\",\"bus playa\"],\"articleSection\":[\"Servicios P\u00fablicos\"],\"inLanguage\":\"ca\",\"potentialAction\":[{\"@type\":\"CommentAction\",\"name\":\"Comment\",\"target\":[\"https:\\\/\\\/radiolitoral.com\\\/2023\\\/06\\\/benitatxell-pone-en-marcha-este-fin-de-semana-el-autobus-gratuito-a-la-cala-del-moraig\\\/#respond\"]}]},{\"@type\":[\"WebPage\",\"ItemPage\"],\"@id\":\"https:\\\/\\\/radiolitoral.com\\\/2023\\\/06\\\/benitatxell-pone-en-marcha-este-fin-de-semana-el-autobus-gratuito-a-la-cala-del-moraig\\\/\",\"url\":\"https:\\\/\\\/radiolitoral.com\\\/2023\\\/06\\\/benitatxell-pone-en-marcha-este-fin-de-semana-el-autobus-gratuito-a-la-cala-del-moraig\\\/\",\"name\":\"Benitatxell pone en marcha este fin de semana el autob\u00fas gratuito a la cala del Moraig | R\u00e0dio Litoral\",\"isPartOf\":{\"@id\":\"https:\\\/\\\/radiolitoral.com\\\/#website\"},\"primaryImageOfPage\":{\"@id\":\"https:\\\/\\\/radiolitoral.com\\\/2023\\\/06\\\/benitatxell-pone-en-marcha-este-fin-de-semana-el-autobus-gratuito-a-la-cala-del-moraig\\\/#primaryimage\"},\"image\":{\"@id\":\"https:\\\/\\\/radiolitoral.com\\\/2023\\\/06\\\/benitatxell-pone-en-marcha-este-fin-de-semana-el-autobus-gratuito-a-la-cala-del-moraig\\\/#primaryimage\"},\"thumbnailUrl\":\"https:\\\/\\\/media.radiolitoral.com\\\/wp-content\\\/uploads\\\/2023\\\/06\\\/29221313\\\/bus-moraig2-870x490-1.jpg\",\"datePublished\":\"2023-06-29T20:14:57+00:00\",\"dateModified\":\"2023-06-29T20:15:10+00:00\",\"description\":\"Los puntos de recogida son: cementerio municipal, parking frente al Masymas, aparcamiento del colegio Lady Elizabeth y, finalmente, la cala Los puntos de recogida son: cementerio municipal, parking frente al Masymas, aparcamiento del colegio Lady Elizabeth y, finalmente, la cala\",\"breadcrumb\":{\"@id\":\"https:\\\/\\\/radiolitoral.com\\\/2023\\\/06\\\/benitatxell-pone-en-marcha-este-fin-de-semana-el-autobus-gratuito-a-la-cala-del-moraig\\\/#breadcrumb\"},\"inLanguage\":\"ca\",\"potentialAction\":[{\"@type\":\"ReadAction\",\"target\":[\"https:\\\/\\\/radiolitoral.com\\\/2023\\\/06\\\/benitatxell-pone-en-marcha-este-fin-de-semana-el-autobus-gratuito-a-la-cala-del-moraig\\\/\"]}]},{\"@type\":\"ImageObject\",\"inLanguage\":\"ca\",\"@id\":\"https:\\\/\\\/radiolitoral.com\\\/2023\\\/06\\\/benitatxell-pone-en-marcha-este-fin-de-semana-el-autobus-gratuito-a-la-cala-del-moraig\\\/#primaryimage\",\"url\":\"https:\\\/\\\/media.radiolitoral.com\\\/wp-content\\\/uploads\\\/2023\\\/06\\\/29221313\\\/bus-moraig2-870x490-1.jpg\",\"contentUrl\":\"https:\\\/\\\/media.radiolitoral.com\\\/wp-content\\\/uploads\\\/2023\\\/06\\\/29221313\\\/bus-moraig2-870x490-1.jpg\",\"width\":870,\"height\":490},{\"@type\":\"BreadcrumbList\",\"@id\":\"https:\\\/\\\/radiolitoral.com\\\/2023\\\/06\\\/benitatxell-pone-en-marcha-este-fin-de-semana-el-autobus-gratuito-a-la-cala-del-moraig\\\/#breadcrumb\",\"itemListElement\":[{\"@type\":\"ListItem\",\"position\":1,\"name\":\"Portada\",\"item\":\"https:\\\/\\\/radiolitoral.com\\\/\"},{\"@type\":\"ListItem\",\"position\":2,\"name\":\"Benitatxell pone en marcha este fin de semana el autob\u00fas gratuito a la cala del Moraig\"}]},{\"@type\":\"WebSite\",\"@id\":\"https:\\\/\\\/radiolitoral.com\\\/#website\",\"url\":\"https:\\\/\\\/radiolitoral.com\\\/\",\"name\":\"Radio Litoral\",\"description\":\"La radio local de la Marina Alta\",\"publisher\":{\"@id\":\"https:\\\/\\\/radiolitoral.com\\\/#organization\"},\"alternateName\":\"Litoral FM\",\"potentialAction\":[{\"@type\":\"SearchAction\",\"target\":{\"@type\":\"EntryPoint\",\"urlTemplate\":\"https:\\\/\\\/radiolitoral.com\\\/?s={search_term_string}\"},\"query-input\":{\"@type\":\"PropertyValueSpecification\",\"valueRequired\":true,\"valueName\":\"search_term_string\"}}],\"inLanguage\":\"ca\"},{\"@type\":\"Organization\",\"@id\":\"https:\\\/\\\/radiolitoral.com\\\/#organization\",\"name\":\"Radio Litoral\",\"url\":\"https:\\\/\\\/radiolitoral.com\\\/\",\"logo\":{\"@type\":\"ImageObject\",\"inLanguage\":\"ca\",\"@id\":\"https:\\\/\\\/radiolitoral.com\\\/#\\\/schema\\\/logo\\\/image\\\/\",\"url\":\"https:\\\/\\\/media.radiolitoral.com\\\/wp-content\\\/uploads\\\/2023\\\/02\\\/24143238\\\/CL-V-RadioLitoral696.png\",\"contentUrl\":\"https:\\\/\\\/media.radiolitoral.com\\\/wp-content\\\/uploads\\\/2023\\\/02\\\/24143238\\\/CL-V-RadioLitoral696.png\",\"width\":696,\"height\":696,\"caption\":\"Radio Litoral\"},\"image\":{\"@id\":\"https:\\\/\\\/radiolitoral.com\\\/#\\\/schema\\\/logo\\\/image\\\/\"},\"sameAs\":[\"https:\\\/\\\/www.facebook.com\\\/Laradiolitoral\\\/\"]},{\"@type\":\"Person\",\"@id\":\"https:\\\/\\\/radiolitoral.com\\\/#\\\/schema\\\/person\\\/aad4f72efa404f85b68e832d24cac059\",\"name\":\"Mel Pescuezo\",\"image\":{\"@type\":\"ImageObject\",\"inLanguage\":\"ca\",\"@id\":\"https:\\\/\\\/secure.gravatar.com\\\/avatar\\\/993975ae489c70cb0dd9bfa9413a082f0bd276582dac13661af7b33f161e7eea?s=96&d=mm&r=g\",\"url\":\"https:\\\/\\\/secure.gravatar.com\\\/avatar\\\/993975ae489c70cb0dd9bfa9413a082f0bd276582dac13661af7b33f161e7eea?s=96&d=mm&r=g\",\"contentUrl\":\"https:\\\/\\\/secure.gravatar.com\\\/avatar\\\/993975ae489c70cb0dd9bfa9413a082f0bd276582dac13661af7b33f161e7eea?s=96&d=mm&r=g\",\"caption\":\"Mel Pescuezo\"},\"url\":\"https:\\\/\\\/radiolitoral.com\\\/ca\\\/author\\\/serviciospararadios\\\/\"}]}<\/script>\n<!-- \/ Yoast SEO plugin. -->","yoast_head_json":{"title":"Benitatxell engega aquest cap de setmana l&#039;autob\u00fas gratu\u00eft a la cala del Moraig | R\u00e0dio Litoral","description":"Els punts de recollida s\u00f3n: cementiri municipal, p\u00e0rquing davant del Masymas, aparcament del col\u00b7legi Lady Elizabeth i, finalment, la cala Els punts de recollida s\u00f3n: cementiri municipal, p\u00e0rquing davant del Masymas, aparcament del col\u00b7legi Lady Elizabeth i, finalment, la cala","robots":{"index":"index","follow":"follow","max-snippet":"max-snippet:-1","max-image-preview":"max-image-preview:large","max-video-preview":"max-video-preview:-1"},"canonical":"https:\/\/radiolitoral.com\/ca\/2023\/06\/benitatxell-posa-en-marxa-aquest-cap-de-setmana-lautobus-gratuit-a-la-cala-del-moraig\/","og_locale":"ca_ES","og_type":"article","og_title":"Benitatxell pone en marcha este fin de semana el autob\u00fas gratuito a la cala del Moraig | R\u00e0dio Litoral","og_description":"Los puntos de recogida son: cementerio municipal, parking frente al Masymas, aparcamiento del colegio Lady Elizabeth y, finalmente, la cala Los puntos de recogida son: cementerio municipal, parking frente al Masymas, aparcamiento del colegio Lady Elizabeth y, finalmente, la cala","og_url":"https:\/\/radiolitoral.com\/ca\/2023\/06\/benitatxell-posa-en-marxa-aquest-cap-de-setmana-lautobus-gratuit-a-la-cala-del-moraig\/","og_site_name":"R\u00e0dio Litoral","article_publisher":"https:\/\/www.facebook.com\/Laradiolitoral\/","article_published_time":"2023-06-29T20:14:57+00:00","article_modified_time":"2023-06-29T20:15:10+00:00","og_image":[{"width":870,"height":490,"url":"https:\/\/media.radiolitoral.com\/wp-content\/uploads\/2023\/06\/29221313\/bus-moraig2-870x490-1.jpg","type":"image\/jpeg"}],"author":"Mel Pescuezo","twitter_card":"summary_large_image","twitter_misc":{"Escrit per":"Mel Pescuezo","Temps estimat de lectura":"2 minuts"},"schema":{"@context":"https:\/\/schema.org","@graph":[{"@type":"NewsArticle","@id":"https:\/\/radiolitoral.com\/2023\/06\/benitatxell-pone-en-marcha-este-fin-de-semana-el-autobus-gratuito-a-la-cala-del-moraig\/#article","isPartOf":{"@id":"https:\/\/radiolitoral.com\/2023\/06\/benitatxell-pone-en-marcha-este-fin-de-semana-el-autobus-gratuito-a-la-cala-del-moraig\/"},"author":{"name":"Mel Pescuezo","@id":"https:\/\/radiolitoral.com\/#\/schema\/person\/aad4f72efa404f85b68e832d24cac059"},"headline":"Benitatxell pone en marcha este fin de semana el autob\u00fas gratuito a la cala del Moraig","datePublished":"2023-06-29T20:14:57+00:00","dateModified":"2023-06-29T20:15:10+00:00","mainEntityOfPage":{"@id":"https:\/\/radiolitoral.com\/2023\/06\/benitatxell-pone-en-marcha-este-fin-de-semana-el-autobus-gratuito-a-la-cala-del-moraig\/"},"wordCount":297,"commentCount":0,"publisher":{"@id":"https:\/\/radiolitoral.com\/#organization"},"image":{"@id":"https:\/\/radiolitoral.com\/2023\/06\/benitatxell-pone-en-marcha-este-fin-de-semana-el-autobus-gratuito-a-la-cala-del-moraig\/#primaryimage"},"thumbnailUrl":"https:\/\/media.radiolitoral.com\/wp-content\/uploads\/2023\/06\/29221313\/bus-moraig2-870x490-1.jpg","keywords":["autob\u00fas Benitatxell","bus Moraig","bus playa"],"articleSection":["Servicios P\u00fablicos"],"inLanguage":"ca","potentialAction":[{"@type":"CommentAction","name":"Comment","target":["https:\/\/radiolitoral.com\/2023\/06\/benitatxell-pone-en-marcha-este-fin-de-semana-el-autobus-gratuito-a-la-cala-del-moraig\/#respond"]}]},{"@type":["WebPage","ItemPage"],"@id":"https:\/\/radiolitoral.com\/2023\/06\/benitatxell-pone-en-marcha-este-fin-de-semana-el-autobus-gratuito-a-la-cala-del-moraig\/","url":"https:\/\/radiolitoral.com\/2023\/06\/benitatxell-pone-en-marcha-este-fin-de-semana-el-autobus-gratuito-a-la-cala-del-moraig\/","name":"Benitatxell engega aquest cap de setmana l&#039;autob\u00fas gratu\u00eft a la cala del Moraig | R\u00e0dio Litoral","isPartOf":{"@id":"https:\/\/radiolitoral.com\/#website"},"primaryImageOfPage":{"@id":"https:\/\/radiolitoral.com\/2023\/06\/benitatxell-pone-en-marcha-este-fin-de-semana-el-autobus-gratuito-a-la-cala-del-moraig\/#primaryimage"},"image":{"@id":"https:\/\/radiolitoral.com\/2023\/06\/benitatxell-pone-en-marcha-este-fin-de-semana-el-autobus-gratuito-a-la-cala-del-moraig\/#primaryimage"},"thumbnailUrl":"https:\/\/media.radiolitoral.com\/wp-content\/uploads\/2023\/06\/29221313\/bus-moraig2-870x490-1.jpg","datePublished":"2023-06-29T20:14:57+00:00","dateModified":"2023-06-29T20:15:10+00:00","description":"Els punts de recollida s\u00f3n: cementiri municipal, p\u00e0rquing davant del Masymas, aparcament del col\u00b7legi Lady Elizabeth i, finalment, la cala Els punts de recollida s\u00f3n: cementiri municipal, p\u00e0rquing davant del Masymas, aparcament del col\u00b7legi Lady Elizabeth i, finalment, la cala","breadcrumb":{"@id":"https:\/\/radiolitoral.com\/2023\/06\/benitatxell-pone-en-marcha-este-fin-de-semana-el-autobus-gratuito-a-la-cala-del-moraig\/#breadcrumb"},"inLanguage":"ca","potentialAction":[{"@type":"ReadAction","target":["https:\/\/radiolitoral.com\/2023\/06\/benitatxell-pone-en-marcha-este-fin-de-semana-el-autobus-gratuito-a-la-cala-del-moraig\/"]}]},{"@type":"ImageObject","inLanguage":"ca","@id":"https:\/\/radiolitoral.com\/2023\/06\/benitatxell-pone-en-marcha-este-fin-de-semana-el-autobus-gratuito-a-la-cala-del-moraig\/#primaryimage","url":"https:\/\/media.radiolitoral.com\/wp-content\/uploads\/2023\/06\/29221313\/bus-moraig2-870x490-1.jpg","contentUrl":"https:\/\/media.radiolitoral.com\/wp-content\/uploads\/2023\/06\/29221313\/bus-moraig2-870x490-1.jpg","width":870,"height":490},{"@type":"BreadcrumbList","@id":"https:\/\/radiolitoral.com\/2023\/06\/benitatxell-pone-en-marcha-este-fin-de-semana-el-autobus-gratuito-a-la-cala-del-moraig\/#breadcrumb","itemListElement":[{"@type":"ListItem","position":1,"name":"Portada","item":"https:\/\/radiolitoral.com\/"},{"@type":"ListItem","position":2,"name":"Benitatxell pone en marcha este fin de semana el autob\u00fas gratuito a la cala del Moraig"}]},{"@type":"WebSite","@id":"https:\/\/radiolitoral.com\/#website","url":"https:\/\/radiolitoral.com\/","name":"R\u00e0dio Litoral","description":"La r\u00e0dio local de la Marina Alta","publisher":{"@id":"https:\/\/radiolitoral.com\/#organization"},"alternateName":"Litoral FM","potentialAction":[{"@type":"SearchAction","target":{"@type":"EntryPoint","urlTemplate":"https:\/\/radiolitoral.com\/?s={search_term_string}"},"query-input":{"@type":"PropertyValueSpecification","valueRequired":true,"valueName":"search_term_string"}}],"inLanguage":"ca"},{"@type":"Organization","@id":"https:\/\/radiolitoral.com\/#organization","name":"R\u00e0dio Litoral","url":"https:\/\/radiolitoral.com\/","logo":{"@type":"ImageObject","inLanguage":"ca","@id":"https:\/\/radiolitoral.com\/#\/schema\/logo\/image\/","url":"https:\/\/media.radiolitoral.com\/wp-content\/uploads\/2023\/02\/24143238\/CL-V-RadioLitoral696.png","contentUrl":"https:\/\/media.radiolitoral.com\/wp-content\/uploads\/2023\/02\/24143238\/CL-V-RadioLitoral696.png","width":696,"height":696,"caption":"Radio Litoral"},"image":{"@id":"https:\/\/radiolitoral.com\/#\/schema\/logo\/image\/"},"sameAs":["https:\/\/www.facebook.com\/Laradiolitoral\/"]},{"@type":"Person","@id":"https:\/\/radiolitoral.com\/#\/schema\/person\/aad4f72efa404f85b68e832d24cac059","name":"Mel Pescuezo","image":{"@type":"ImageObject","inLanguage":"ca","@id":"https:\/\/secure.gravatar.com\/avatar\/993975ae489c70cb0dd9bfa9413a082f0bd276582dac13661af7b33f161e7eea?s=96&d=mm&r=g","url":"https:\/\/secure.gravatar.com\/avatar\/993975ae489c70cb0dd9bfa9413a082f0bd276582dac13661af7b33f161e7eea?s=96&d=mm&r=g","contentUrl":"https:\/\/secure.gravatar.com\/avatar\/993975ae489c70cb0dd9bfa9413a082f0bd276582dac13661af7b33f161e7eea?s=96&d=mm&r=g","caption":"Mel Pescuezo"},"url":"https:\/\/radiolitoral.com\/ca\/author\/serviciospararadios\/"}]}},"_links":{"self":[{"href":"https:\/\/radiolitoral.com\/ca\/wp-json\/wp\/v2\/posts\/4506","targetHints":{"allow":["GET"]}}],"collection":[{"href":"https:\/\/radiolitoral.com\/ca\/wp-json\/wp\/v2\/posts"}],"about":[{"href":"https:\/\/radiolitoral.com\/ca\/wp-json\/wp\/v2\/types\/post"}],"author":[{"embeddable":true,"href":"https:\/\/radiolitoral.com\/ca\/wp-json\/wp\/v2\/users\/21"}],"replies":[{"embeddable":true,"href":"https:\/\/radiolitoral.com\/ca\/wp-json\/wp\/v2\/comments?post=4506"}],"version-history":[{"count":1,"href":"https:\/\/radiolitoral.com\/ca\/wp-json\/wp\/v2\/posts\/4506\/revisions"}],"predecessor-version":[{"id":4508,"href":"https:\/\/radiolitoral.com\/ca\/wp-json\/wp\/v2\/posts\/4506\/revisions\/4508"}],"wp:featuredmedia":[{"embeddable":true,"href":"https:\/\/radiolitoral.com\/ca\/wp-json\/wp\/v2\/media\/4507"}],"wp:attachment":[{"href":"https:\/\/radiolitoral.com\/ca\/wp-json\/wp\/v2\/media?parent=4506"}],"wp:term":[{"taxonomy":"category","embeddable":true,"href":"https:\/\/radiolitoral.com\/ca\/wp-json\/wp\/v2\/categories?post=4506"},{"taxonomy":"post_tag","embeddable":true,"href":"https:\/\/radiolitoral.com\/ca\/wp-json\/wp\/v2\/tags?post=4506"}],"curies":[{"name":"wp","href":"https:\/\/api.w.org\/{rel}","templated":true}]}}