{"id":4496,"date":"2023-06-29T21:50:57","date_gmt":"2023-06-29T19:50:57","guid":{"rendered":"https:\/\/radiolitoral.com\/?p=4496"},"modified":"2023-06-29T21:51:11","modified_gmt":"2023-06-29T19:51:11","slug":"lalcalde-de-xalo-joan-miquel-garces-cobrara-3-200-euros-bruts-al-mes","status":"publish","type":"post","link":"https:\/\/radiolitoral.com\/ca\/2023\/06\/el-alcalde-de-xalo-joan-miquel-garces-cobrara-3-200-euros-brutos-al-mes\/","title":{"rendered":"L?alcalde de Xal\u00f3, Joan Miquel Garc\u00e9s, cobrar\u00e0 3.200 euros bruts al mes"},"content":{"rendered":"<p>L&#039;alcalde de Xal\u00f3, el valencianista Joan Miquel Garc\u00e9s, cobrar\u00e0 aquesta legislatura 3.200 euros bruts al mes. Aix\u00ed va quedar aprovat al ple celebrat aquesta setmana, amb els vots favorables de l&#039;equip de govern i els regidors del PP. Els socialistes es van abstenir.<\/p>\n<p>Una sessi\u00f3 on es va donar llum verda a la resta d&#039;indemnitzacions i assignacions per a la resta d&#039;edils que conformen l&#039;executiu. Segons aquest r\u00e8gim, l&#039;equip de govern comptar\u00e0 amb 5 dedicacions parcials, els regidors de les quals cobraran 350 euros bruts al mes.<\/p>\n<p>Tamb\u00e9 s&#039;ha determinat retribuir amb 125 euros els regidors per assist\u00e8ncia a plens. Les sessions plen\u00e0ries se celebraran cada tres mesos, les convocat\u00f2ries han quedat fixades pels divendres a les 19 hores i el primer ple ordinari tindr\u00e0 lloc el 28 de juliol.<\/p>\n<p>Escoltem l&#039;alcalde de Xal\u00f3, Joan Miquel Garc\u00e9s.<\/p>\n<audio class=\"wp-audio-shortcode\" id=\"audio-4496-1\" preload=\"none\" style=\"width: 100%;\" controls=\"controls\"><source type=\"audio\/mpeg\" src=\"https:\/\/media.radiolitoral.com\/wp-content\/uploads\/2023\/06\/29214500\/Joan-Miquel-Garces-2.mp3?_=1\" \/><a href=\"https:\/\/media.radiolitoral.com\/wp-content\/uploads\/2023\/06\/29214500\/Joan-Miquel-Garces-2.mp3\">https:\/\/media.radiolitoral.com\/wp-content\/uploads\/2023\/06\/29214500\/Joan-Miquel-Garces-2.mp3<\/a><\/audio>\n<p>Tamb\u00e9 es van fer p\u00fabliques durant aquest ple extraordinari de les delegacions de govern. En aquest sentit apuntar que Lorena Blasco continuar\u00e0 gestionant Festes, Diversitat, Feminisme i Comunicaci\u00f3. Ferran Vila ser\u00e0 el regidor de Comer\u00e7 i Serveis Culturals. Les responsabilitats de Serveis Socials, Majors, Sanitat, Policia Local i Agricultura les gestionar\u00e0 Lara Avell\u00e0. Mentre que Sara Tro continuar\u00e0 exercint com a regidora d&#039;Esports. Gerard Fullana segueix a l&#039;\u00e0rea d&#039;Aig\u00fces Potables i Patrimoni. I Eugenia Mestre mant\u00e9 les delegacions d&#039;Educaci\u00f3, Inf\u00e0ncia i Joventut.<\/p>\n<audio class=\"wp-audio-shortcode\" id=\"audio-4496-2\" preload=\"none\" style=\"width: 100%;\" controls=\"controls\"><source type=\"audio\/mpeg\" src=\"https:\/\/media.radiolitoral.com\/wp-content\/uploads\/2023\/06\/29214541\/Joan-Miquel-Garces-3.mp3?_=2\" \/><a href=\"https:\/\/media.radiolitoral.com\/wp-content\/uploads\/2023\/06\/29214541\/Joan-Miquel-Garces-3.mp3\">https:\/\/media.radiolitoral.com\/wp-content\/uploads\/2023\/06\/29214541\/Joan-Miquel-Garces-3.mp3<\/a><\/audio>\n<p>A m\u00e9s, en aquesta sessi\u00f3 plen\u00e0ria es va adonar dels nous grups municipals que conformen la corporaci\u00f3, Comprom\u00eds, PP i PSPV-PSOE. I es van aprovar les designacions dels regidors als \u00f2rgans supramunicipals de les quals forma part l&#039;Ajuntament de Xal\u00f3.<\/p>\n<p>&nbsp;<\/p>","protected":false},"excerpt":{"rendered":"<p>El alcalde de Xal\u00f3, el valencianista Joan Miquel Garc\u00e9s, cobrar\u00e1 en esta legislatura 3.200 euros brutos al mes. As\u00ed qued\u00f3 aprobado en el pleno celebrado esta semana, con los votos favorables del equipo de gobierno y los ediles del PP. Los socialistas se abstuvieron. Una sesi\u00f3n en la que se dio luz verde al resto [&#8230;]<\/p>\n<p><a class=\"btn btn-secondary understrap-read-more-link\" href=\"https:\/\/radiolitoral.com\/ca\/2023\/06\/el-alcalde-de-xalo-joan-miquel-garces-cobrara-3-200-euros-brutos-al-mes\/\">Continua llegint&#8230;<span class=\"screen-reader-text\"> from El alcalde de Xal\u00f3, Joan Miquel Garc\u00e9s, cobrar\u00e1 3.200 euros brutos al mes<\/span><\/a><\/p>\n","protected":false},"author":13,"featured_media":2125,"comment_status":"open","ping_status":"closed","sticky":false,"template":"","format":"standard","meta":{"_acf_changed":false,"inline_featured_image":false,"footnotes":""},"categories":[13],"tags":[812,133],"class_list":["post-4496","post","type-post","status-publish","format-standard","has-post-thumbnail","hentry","category-politica","tag-suelo-alcalde","tag-xalo","cobertura-xalo"],"acf":[],"yoast_head":"<!-- This site is optimized with the Yoast SEO plugin v27.4 - https:\/\/yoast.com\/product\/yoast-seo-wordpress\/ -->\n<title>El alcalde de Xal\u00f3, Joan Miquel Garc\u00e9s, cobrar\u00e1 3.200 euros brutos al mes | R\u00e0dio Litoral<\/title>\n<meta name=\"description\" content=\"El equipo de gobierno contar\u00e1 con cinco dedicaciones parciales, cuyos ediles cobrar\u00e1n 350 euros brutos el equipo de gobierno contar\u00e1 con cinco dedicaciones parciales, cuyos ediles cobrar\u00e1n 350 euros brutos\" \/>\n<meta name=\"robots\" content=\"index, follow, max-snippet:-1, max-image-preview:large, max-video-preview:-1\" \/>\n<link rel=\"canonical\" href=\"https:\/\/radiolitoral.com\/ca\/2023\/06\/lalcalde-de-xalo-joan-miquel-garces-cobrara-3-200-euros-bruts-al-mes\/\" \/>\n<meta property=\"og:locale\" content=\"ca_ES\" \/>\n<meta property=\"og:type\" content=\"article\" \/>\n<meta property=\"og:title\" content=\"El alcalde de Xal\u00f3, Joan Miquel Garc\u00e9s, cobrar\u00e1 3.200 euros brutos al mes | R\u00e0dio Litoral\" \/>\n<meta property=\"og:description\" content=\"El equipo de gobierno contar\u00e1 con cinco dedicaciones parciales, cuyos ediles cobrar\u00e1n 350 euros brutos el equipo de gobierno contar\u00e1 con cinco dedicaciones parciales, cuyos ediles cobrar\u00e1n 350 euros brutos\" \/>\n<meta property=\"og:url\" content=\"https:\/\/radiolitoral.com\/ca\/2023\/06\/lalcalde-de-xalo-joan-miquel-garces-cobrara-3-200-euros-bruts-al-mes\/\" \/>\n<meta property=\"og:site_name\" content=\"R\u00e0dio Litoral\" \/>\n<meta property=\"article:publisher\" content=\"https:\/\/www.facebook.com\/Laradiolitoral\/\" \/>\n<meta property=\"article:published_time\" content=\"2023-06-29T19:50:57+00:00\" \/>\n<meta property=\"article:modified_time\" content=\"2023-06-29T19:51:11+00:00\" \/>\n<meta property=\"og:image\" content=\"https:\/\/media.radiolitoral.com\/wp-content\/uploads\/2023\/04\/13000900\/xalo.jpg\" \/>\n\t<meta property=\"og:image:width\" content=\"960\" \/>\n\t<meta property=\"og:image:height\" content=\"640\" \/>\n\t<meta property=\"og:image:type\" content=\"image\/jpeg\" \/>\n<meta name=\"author\" content=\"Redacci\u00f3n\" \/>\n<meta name=\"twitter:card\" content=\"summary_large_image\" \/>\n<meta name=\"twitter:label1\" content=\"Escrit per\" \/>\n\t<meta name=\"twitter:data1\" content=\"Redacci\u00f3n\" \/>\n\t<meta name=\"twitter:label2\" content=\"Temps estimat de lectura\" \/>\n\t<meta name=\"twitter:data2\" content=\"2 minuts\" \/>\n<script type=\"application\/ld+json\" class=\"yoast-schema-graph\">{\"@context\":\"https:\\\/\\\/schema.org\",\"@graph\":[{\"@type\":\"NewsArticle\",\"@id\":\"https:\\\/\\\/radiolitoral.com\\\/2023\\\/06\\\/el-alcalde-de-xalo-joan-miquel-garces-cobrara-3-200-euros-brutos-al-mes\\\/#article\",\"isPartOf\":{\"@id\":\"https:\\\/\\\/radiolitoral.com\\\/2023\\\/06\\\/el-alcalde-de-xalo-joan-miquel-garces-cobrara-3-200-euros-brutos-al-mes\\\/\"},\"author\":{\"name\":\"Redacci\u00f3n\",\"@id\":\"https:\\\/\\\/radiolitoral.com\\\/#\\\/schema\\\/person\\\/f2b2343c49b5d721857cc1002bfdb151\"},\"headline\":\"El alcalde de Xal\u00f3, Joan Miquel Garc\u00e9s, cobrar\u00e1 3.200 euros brutos al mes\",\"datePublished\":\"2023-06-29T19:50:57+00:00\",\"dateModified\":\"2023-06-29T19:51:11+00:00\",\"mainEntityOfPage\":{\"@id\":\"https:\\\/\\\/radiolitoral.com\\\/2023\\\/06\\\/el-alcalde-de-xalo-joan-miquel-garces-cobrara-3-200-euros-brutos-al-mes\\\/\"},\"wordCount\":316,\"commentCount\":0,\"publisher\":{\"@id\":\"https:\\\/\\\/radiolitoral.com\\\/#organization\"},\"image\":{\"@id\":\"https:\\\/\\\/radiolitoral.com\\\/2023\\\/06\\\/el-alcalde-de-xalo-joan-miquel-garces-cobrara-3-200-euros-brutos-al-mes\\\/#primaryimage\"},\"thumbnailUrl\":\"https:\\\/\\\/media.radiolitoral.com\\\/wp-content\\\/uploads\\\/2023\\\/04\\\/13000900\\\/xalo.jpg\",\"keywords\":[\"suelo alcalde\",\"Xal\u00f3\"],\"articleSection\":[\"Pol\u00edtica\"],\"inLanguage\":\"ca\",\"potentialAction\":[{\"@type\":\"CommentAction\",\"name\":\"Comment\",\"target\":[\"https:\\\/\\\/radiolitoral.com\\\/2023\\\/06\\\/el-alcalde-de-xalo-joan-miquel-garces-cobrara-3-200-euros-brutos-al-mes\\\/#respond\"]}]},{\"@type\":[\"WebPage\",\"ItemPage\"],\"@id\":\"https:\\\/\\\/radiolitoral.com\\\/2023\\\/06\\\/el-alcalde-de-xalo-joan-miquel-garces-cobrara-3-200-euros-brutos-al-mes\\\/\",\"url\":\"https:\\\/\\\/radiolitoral.com\\\/2023\\\/06\\\/el-alcalde-de-xalo-joan-miquel-garces-cobrara-3-200-euros-brutos-al-mes\\\/\",\"name\":\"El alcalde de Xal\u00f3, Joan Miquel Garc\u00e9s, cobrar\u00e1 3.200 euros brutos al mes | R\u00e0dio Litoral\",\"isPartOf\":{\"@id\":\"https:\\\/\\\/radiolitoral.com\\\/#website\"},\"primaryImageOfPage\":{\"@id\":\"https:\\\/\\\/radiolitoral.com\\\/2023\\\/06\\\/el-alcalde-de-xalo-joan-miquel-garces-cobrara-3-200-euros-brutos-al-mes\\\/#primaryimage\"},\"image\":{\"@id\":\"https:\\\/\\\/radiolitoral.com\\\/2023\\\/06\\\/el-alcalde-de-xalo-joan-miquel-garces-cobrara-3-200-euros-brutos-al-mes\\\/#primaryimage\"},\"thumbnailUrl\":\"https:\\\/\\\/media.radiolitoral.com\\\/wp-content\\\/uploads\\\/2023\\\/04\\\/13000900\\\/xalo.jpg\",\"datePublished\":\"2023-06-29T19:50:57+00:00\",\"dateModified\":\"2023-06-29T19:51:11+00:00\",\"description\":\"El equipo de gobierno contar\u00e1 con cinco dedicaciones parciales, cuyos ediles cobrar\u00e1n 350 euros brutos el equipo de gobierno contar\u00e1 con cinco dedicaciones parciales, cuyos ediles cobrar\u00e1n 350 euros brutos\",\"breadcrumb\":{\"@id\":\"https:\\\/\\\/radiolitoral.com\\\/2023\\\/06\\\/el-alcalde-de-xalo-joan-miquel-garces-cobrara-3-200-euros-brutos-al-mes\\\/#breadcrumb\"},\"inLanguage\":\"ca\",\"potentialAction\":[{\"@type\":\"ReadAction\",\"target\":[\"https:\\\/\\\/radiolitoral.com\\\/2023\\\/06\\\/el-alcalde-de-xalo-joan-miquel-garces-cobrara-3-200-euros-brutos-al-mes\\\/\"]}]},{\"@type\":\"ImageObject\",\"inLanguage\":\"ca\",\"@id\":\"https:\\\/\\\/radiolitoral.com\\\/2023\\\/06\\\/el-alcalde-de-xalo-joan-miquel-garces-cobrara-3-200-euros-brutos-al-mes\\\/#primaryimage\",\"url\":\"https:\\\/\\\/media.radiolitoral.com\\\/wp-content\\\/uploads\\\/2023\\\/04\\\/13000900\\\/xalo.jpg\",\"contentUrl\":\"https:\\\/\\\/media.radiolitoral.com\\\/wp-content\\\/uploads\\\/2023\\\/04\\\/13000900\\\/xalo.jpg\",\"width\":960,\"height\":640},{\"@type\":\"BreadcrumbList\",\"@id\":\"https:\\\/\\\/radiolitoral.com\\\/2023\\\/06\\\/el-alcalde-de-xalo-joan-miquel-garces-cobrara-3-200-euros-brutos-al-mes\\\/#breadcrumb\",\"itemListElement\":[{\"@type\":\"ListItem\",\"position\":1,\"name\":\"Portada\",\"item\":\"https:\\\/\\\/radiolitoral.com\\\/\"},{\"@type\":\"ListItem\",\"position\":2,\"name\":\"El alcalde de Xal\u00f3, Joan Miquel Garc\u00e9s, cobrar\u00e1 3.200 euros brutos al mes\"}]},{\"@type\":\"WebSite\",\"@id\":\"https:\\\/\\\/radiolitoral.com\\\/#website\",\"url\":\"https:\\\/\\\/radiolitoral.com\\\/\",\"name\":\"Radio Litoral\",\"description\":\"La radio local de la Marina Alta\",\"publisher\":{\"@id\":\"https:\\\/\\\/radiolitoral.com\\\/#organization\"},\"alternateName\":\"Litoral FM\",\"potentialAction\":[{\"@type\":\"SearchAction\",\"target\":{\"@type\":\"EntryPoint\",\"urlTemplate\":\"https:\\\/\\\/radiolitoral.com\\\/?s={search_term_string}\"},\"query-input\":{\"@type\":\"PropertyValueSpecification\",\"valueRequired\":true,\"valueName\":\"search_term_string\"}}],\"inLanguage\":\"ca\"},{\"@type\":\"Organization\",\"@id\":\"https:\\\/\\\/radiolitoral.com\\\/#organization\",\"name\":\"Radio Litoral\",\"url\":\"https:\\\/\\\/radiolitoral.com\\\/\",\"logo\":{\"@type\":\"ImageObject\",\"inLanguage\":\"ca\",\"@id\":\"https:\\\/\\\/radiolitoral.com\\\/#\\\/schema\\\/logo\\\/image\\\/\",\"url\":\"https:\\\/\\\/media.radiolitoral.com\\\/wp-content\\\/uploads\\\/2023\\\/02\\\/24143238\\\/CL-V-RadioLitoral696.png\",\"contentUrl\":\"https:\\\/\\\/media.radiolitoral.com\\\/wp-content\\\/uploads\\\/2023\\\/02\\\/24143238\\\/CL-V-RadioLitoral696.png\",\"width\":696,\"height\":696,\"caption\":\"Radio Litoral\"},\"image\":{\"@id\":\"https:\\\/\\\/radiolitoral.com\\\/#\\\/schema\\\/logo\\\/image\\\/\"},\"sameAs\":[\"https:\\\/\\\/www.facebook.com\\\/Laradiolitoral\\\/\"]},{\"@type\":\"Person\",\"@id\":\"https:\\\/\\\/radiolitoral.com\\\/#\\\/schema\\\/person\\\/f2b2343c49b5d721857cc1002bfdb151\",\"name\":\"Redacci\u00f3n\",\"image\":{\"@type\":\"ImageObject\",\"inLanguage\":\"ca\",\"@id\":\"https:\\\/\\\/secure.gravatar.com\\\/avatar\\\/f771d896c203ad8b3382d7905cfcce5a5c9b008b84b3cd9114e9b9f4cb63f789?s=96&d=mm&r=g\",\"url\":\"https:\\\/\\\/secure.gravatar.com\\\/avatar\\\/f771d896c203ad8b3382d7905cfcce5a5c9b008b84b3cd9114e9b9f4cb63f789?s=96&d=mm&r=g\",\"contentUrl\":\"https:\\\/\\\/secure.gravatar.com\\\/avatar\\\/f771d896c203ad8b3382d7905cfcce5a5c9b008b84b3cd9114e9b9f4cb63f789?s=96&d=mm&r=g\",\"caption\":\"Redacci\u00f3n\"},\"url\":\"https:\\\/\\\/radiolitoral.com\\\/ca\\\/author\\\/miriam-pagan\\\/\"}]}<\/script>\n<!-- \/ Yoast SEO plugin. -->","yoast_head_json":{"title":"L&#039;alcalde de Xal\u00f3, Joan Miquel Garc\u00e9s, cobrar\u00e0 3.200 euros bruts cada mes | R\u00e0dio Litoral","description":"L&#039;equip de govern comptar\u00e0 amb cinc dedicacions parcials, els regidors de les quals cobraran 350 euros bruts l&#039;equip de govern comptar\u00e0 amb cinc dedicacions parcials, els regidors de les quals cobraran 350 euros bruts","robots":{"index":"index","follow":"follow","max-snippet":"max-snippet:-1","max-image-preview":"max-image-preview:large","max-video-preview":"max-video-preview:-1"},"canonical":"https:\/\/radiolitoral.com\/ca\/2023\/06\/lalcalde-de-xalo-joan-miquel-garces-cobrara-3-200-euros-bruts-al-mes\/","og_locale":"ca_ES","og_type":"article","og_title":"El alcalde de Xal\u00f3, Joan Miquel Garc\u00e9s, cobrar\u00e1 3.200 euros brutos al mes | R\u00e0dio Litoral","og_description":"El equipo de gobierno contar\u00e1 con cinco dedicaciones parciales, cuyos ediles cobrar\u00e1n 350 euros brutos el equipo de gobierno contar\u00e1 con cinco dedicaciones parciales, cuyos ediles cobrar\u00e1n 350 euros brutos","og_url":"https:\/\/radiolitoral.com\/ca\/2023\/06\/lalcalde-de-xalo-joan-miquel-garces-cobrara-3-200-euros-bruts-al-mes\/","og_site_name":"R\u00e0dio Litoral","article_publisher":"https:\/\/www.facebook.com\/Laradiolitoral\/","article_published_time":"2023-06-29T19:50:57+00:00","article_modified_time":"2023-06-29T19:51:11+00:00","og_image":[{"width":960,"height":640,"url":"https:\/\/media.radiolitoral.com\/wp-content\/uploads\/2023\/04\/13000900\/xalo.jpg","type":"image\/jpeg"}],"author":"Redacci\u00f3n","twitter_card":"summary_large_image","twitter_misc":{"Escrit per":"Redacci\u00f3n","Temps estimat de lectura":"2 minuts"},"schema":{"@context":"https:\/\/schema.org","@graph":[{"@type":"NewsArticle","@id":"https:\/\/radiolitoral.com\/2023\/06\/el-alcalde-de-xalo-joan-miquel-garces-cobrara-3-200-euros-brutos-al-mes\/#article","isPartOf":{"@id":"https:\/\/radiolitoral.com\/2023\/06\/el-alcalde-de-xalo-joan-miquel-garces-cobrara-3-200-euros-brutos-al-mes\/"},"author":{"name":"Redacci\u00f3n","@id":"https:\/\/radiolitoral.com\/#\/schema\/person\/f2b2343c49b5d721857cc1002bfdb151"},"headline":"El alcalde de Xal\u00f3, Joan Miquel Garc\u00e9s, cobrar\u00e1 3.200 euros brutos al mes","datePublished":"2023-06-29T19:50:57+00:00","dateModified":"2023-06-29T19:51:11+00:00","mainEntityOfPage":{"@id":"https:\/\/radiolitoral.com\/2023\/06\/el-alcalde-de-xalo-joan-miquel-garces-cobrara-3-200-euros-brutos-al-mes\/"},"wordCount":316,"commentCount":0,"publisher":{"@id":"https:\/\/radiolitoral.com\/#organization"},"image":{"@id":"https:\/\/radiolitoral.com\/2023\/06\/el-alcalde-de-xalo-joan-miquel-garces-cobrara-3-200-euros-brutos-al-mes\/#primaryimage"},"thumbnailUrl":"https:\/\/media.radiolitoral.com\/wp-content\/uploads\/2023\/04\/13000900\/xalo.jpg","keywords":["suelo alcalde","Xal\u00f3"],"articleSection":["Pol\u00edtica"],"inLanguage":"ca","potentialAction":[{"@type":"CommentAction","name":"Comment","target":["https:\/\/radiolitoral.com\/2023\/06\/el-alcalde-de-xalo-joan-miquel-garces-cobrara-3-200-euros-brutos-al-mes\/#respond"]}]},{"@type":["WebPage","ItemPage"],"@id":"https:\/\/radiolitoral.com\/2023\/06\/el-alcalde-de-xalo-joan-miquel-garces-cobrara-3-200-euros-brutos-al-mes\/","url":"https:\/\/radiolitoral.com\/2023\/06\/el-alcalde-de-xalo-joan-miquel-garces-cobrara-3-200-euros-brutos-al-mes\/","name":"L&#039;alcalde de Xal\u00f3, Joan Miquel Garc\u00e9s, cobrar\u00e0 3.200 euros bruts cada mes | R\u00e0dio Litoral","isPartOf":{"@id":"https:\/\/radiolitoral.com\/#website"},"primaryImageOfPage":{"@id":"https:\/\/radiolitoral.com\/2023\/06\/el-alcalde-de-xalo-joan-miquel-garces-cobrara-3-200-euros-brutos-al-mes\/#primaryimage"},"image":{"@id":"https:\/\/radiolitoral.com\/2023\/06\/el-alcalde-de-xalo-joan-miquel-garces-cobrara-3-200-euros-brutos-al-mes\/#primaryimage"},"thumbnailUrl":"https:\/\/media.radiolitoral.com\/wp-content\/uploads\/2023\/04\/13000900\/xalo.jpg","datePublished":"2023-06-29T19:50:57+00:00","dateModified":"2023-06-29T19:51:11+00:00","description":"L&#039;equip de govern comptar\u00e0 amb cinc dedicacions parcials, els regidors de les quals cobraran 350 euros bruts l&#039;equip de govern comptar\u00e0 amb cinc dedicacions parcials, els regidors de les quals cobraran 350 euros bruts","breadcrumb":{"@id":"https:\/\/radiolitoral.com\/2023\/06\/el-alcalde-de-xalo-joan-miquel-garces-cobrara-3-200-euros-brutos-al-mes\/#breadcrumb"},"inLanguage":"ca","potentialAction":[{"@type":"ReadAction","target":["https:\/\/radiolitoral.com\/2023\/06\/el-alcalde-de-xalo-joan-miquel-garces-cobrara-3-200-euros-brutos-al-mes\/"]}]},{"@type":"ImageObject","inLanguage":"ca","@id":"https:\/\/radiolitoral.com\/2023\/06\/el-alcalde-de-xalo-joan-miquel-garces-cobrara-3-200-euros-brutos-al-mes\/#primaryimage","url":"https:\/\/media.radiolitoral.com\/wp-content\/uploads\/2023\/04\/13000900\/xalo.jpg","contentUrl":"https:\/\/media.radiolitoral.com\/wp-content\/uploads\/2023\/04\/13000900\/xalo.jpg","width":960,"height":640},{"@type":"BreadcrumbList","@id":"https:\/\/radiolitoral.com\/2023\/06\/el-alcalde-de-xalo-joan-miquel-garces-cobrara-3-200-euros-brutos-al-mes\/#breadcrumb","itemListElement":[{"@type":"ListItem","position":1,"name":"Portada","item":"https:\/\/radiolitoral.com\/"},{"@type":"ListItem","position":2,"name":"El alcalde de Xal\u00f3, Joan Miquel Garc\u00e9s, cobrar\u00e1 3.200 euros brutos al mes"}]},{"@type":"WebSite","@id":"https:\/\/radiolitoral.com\/#website","url":"https:\/\/radiolitoral.com\/","name":"R\u00e0dio Litoral","description":"La r\u00e0dio local de la Marina Alta","publisher":{"@id":"https:\/\/radiolitoral.com\/#organization"},"alternateName":"Litoral FM","potentialAction":[{"@type":"SearchAction","target":{"@type":"EntryPoint","urlTemplate":"https:\/\/radiolitoral.com\/?s={search_term_string}"},"query-input":{"@type":"PropertyValueSpecification","valueRequired":true,"valueName":"search_term_string"}}],"inLanguage":"ca"},{"@type":"Organization","@id":"https:\/\/radiolitoral.com\/#organization","name":"R\u00e0dio Litoral","url":"https:\/\/radiolitoral.com\/","logo":{"@type":"ImageObject","inLanguage":"ca","@id":"https:\/\/radiolitoral.com\/#\/schema\/logo\/image\/","url":"https:\/\/media.radiolitoral.com\/wp-content\/uploads\/2023\/02\/24143238\/CL-V-RadioLitoral696.png","contentUrl":"https:\/\/media.radiolitoral.com\/wp-content\/uploads\/2023\/02\/24143238\/CL-V-RadioLitoral696.png","width":696,"height":696,"caption":"Radio Litoral"},"image":{"@id":"https:\/\/radiolitoral.com\/#\/schema\/logo\/image\/"},"sameAs":["https:\/\/www.facebook.com\/Laradiolitoral\/"]},{"@type":"Person","@id":"https:\/\/radiolitoral.com\/#\/schema\/person\/f2b2343c49b5d721857cc1002bfdb151","name":"Redacci\u00f3","image":{"@type":"ImageObject","inLanguage":"ca","@id":"https:\/\/secure.gravatar.com\/avatar\/f771d896c203ad8b3382d7905cfcce5a5c9b008b84b3cd9114e9b9f4cb63f789?s=96&d=mm&r=g","url":"https:\/\/secure.gravatar.com\/avatar\/f771d896c203ad8b3382d7905cfcce5a5c9b008b84b3cd9114e9b9f4cb63f789?s=96&d=mm&r=g","contentUrl":"https:\/\/secure.gravatar.com\/avatar\/f771d896c203ad8b3382d7905cfcce5a5c9b008b84b3cd9114e9b9f4cb63f789?s=96&d=mm&r=g","caption":"Redacci\u00f3n"},"url":"https:\/\/radiolitoral.com\/ca\/author\/miriam-pagan\/"}]}},"_links":{"self":[{"href":"https:\/\/radiolitoral.com\/ca\/wp-json\/wp\/v2\/posts\/4496","targetHints":{"allow":["GET"]}}],"collection":[{"href":"https:\/\/radiolitoral.com\/ca\/wp-json\/wp\/v2\/posts"}],"about":[{"href":"https:\/\/radiolitoral.com\/ca\/wp-json\/wp\/v2\/types\/post"}],"author":[{"embeddable":true,"href":"https:\/\/radiolitoral.com\/ca\/wp-json\/wp\/v2\/users\/13"}],"replies":[{"embeddable":true,"href":"https:\/\/radiolitoral.com\/ca\/wp-json\/wp\/v2\/comments?post=4496"}],"version-history":[{"count":1,"href":"https:\/\/radiolitoral.com\/ca\/wp-json\/wp\/v2\/posts\/4496\/revisions"}],"predecessor-version":[{"id":4499,"href":"https:\/\/radiolitoral.com\/ca\/wp-json\/wp\/v2\/posts\/4496\/revisions\/4499"}],"wp:featuredmedia":[{"embeddable":true,"href":"https:\/\/radiolitoral.com\/ca\/wp-json\/wp\/v2\/media\/2125"}],"wp:attachment":[{"href":"https:\/\/radiolitoral.com\/ca\/wp-json\/wp\/v2\/media?parent=4496"}],"wp:term":[{"taxonomy":"category","embeddable":true,"href":"https:\/\/radiolitoral.com\/ca\/wp-json\/wp\/v2\/categories?post=4496"},{"taxonomy":"post_tag","embeddable":true,"href":"https:\/\/radiolitoral.com\/ca\/wp-json\/wp\/v2\/tags?post=4496"}],"curies":[{"name":"wp","href":"https:\/\/api.w.org\/{rel}","templated":true}]}}