{"id":4491,"date":"2023-06-29T21:38:14","date_gmt":"2023-06-29T19:38:14","guid":{"rendered":"https:\/\/radiolitoral.com\/?p=4491"},"modified":"2023-06-29T21:40:34","modified_gmt":"2023-06-29T19:40:34","slug":"calp-reedita-un-nou-pla-docupacio-dotat-amb-mes-dun-milio-deuros","status":"publish","type":"post","link":"https:\/\/radiolitoral.com\/ca\/2023\/06\/calp-reedita-un-nuevo-plan-de-empleo-dotado-con-mas-un-millon-de-euros\/","title":{"rendered":"Calp reedita un nou Pla d&#039;ocupaci\u00f3 dotat amb m\u00e9s d&#039;un mili\u00f3 d&#039;euros"},"content":{"rendered":"<p>El Govern calp\u00ed, en la intenci\u00f3 de posar en marxa pol\u00edtiques actives d&#039;ocupaci\u00f3, anuncia la reedici\u00f3 del Pla d&#039;Ocupaci\u00f3 Local que d\u00f3na continu\u00eftat a l&#039;iniciat el 2021 i est\u00e0 dotat amb 1&#039;1 milions d&#039;euros (1.147.528,72 \u20ac). Ja s&#039;han publicat al BOP les bases per a la contractaci\u00f3 temporal de personal inscrit al Servei P\u00fablic d&#039;Ocupaci\u00f3 per promoure la reactivaci\u00f3 de l&#039;ocupaci\u00f3 despr\u00e9s de la pand\u00e8mia.<\/p>\n<p>La provisi\u00f3 daquests llocs es realitzar\u00e0 per concurs i la durada dels contractes \u00e9s fins a final dany. S&#039;ofereixen un total de 68 llocs amb les categories professionals seg\u00fcents: 10 llocs de personal de neteja, 13 llocs de pe\u00f3, 4 llocs de pe\u00f3 de jardineria, 5 llocs de conserge de la Casa de Cultura, 5 llocs de conserge d&#039;Esports, 10 llocs de pe\u00f3 de jardineria. llocs vigilant ambiental, 7 auxiliars administratius, 3 auxiliars administratius de turisme, 10 administratius i un auxiliar administratiu de Biblioteca.<\/p>\n<p>Per prendre part en aquest concurs, els aspirants hauran d&#039;estar inscrits al servei p\u00fablic d&#039;ocupaci\u00f3 amb una antiguitat m\u00ednima de 3 mesos ininterromputs, no percebent prestacions o subsidis per desocupaci\u00f3, estar empadronat a Calp i tenir complerts 16 anys. Les sol\u00b7licituds per prendre part al concurs de m\u00e8rits es presentaran fins al 12 de juliol a l&#039;OAC.<\/p>\n<p>L&#039;alcaldessa, Ana Sala, ha assenyalat que aix\u00ed se segueix apostant per pol\u00edtiques d&#039;ocupaci\u00f3 que permetin donar cobertura a les situacions de vulnerabilitat, i per facilitar l&#039;acc\u00e9s al mercat laboral a les persones amb m\u00e9s dificultats.<\/p>\n<audio class=\"wp-audio-shortcode\" id=\"audio-4491-1\" preload=\"none\" style=\"width: 100%;\" controls=\"controls\"><source type=\"audio\/mpeg\" src=\"https:\/\/media.radiolitoral.com\/wp-content\/uploads\/2023\/06\/29213244\/Ana-Sala-Ocupacion.mp3?_=1\" \/><a href=\"https:\/\/media.radiolitoral.com\/wp-content\/uploads\/2023\/06\/29213244\/Ana-Sala-Ocupacion.mp3\">https:\/\/media.radiolitoral.com\/wp-content\/uploads\/2023\/06\/29213244\/Ana-Sala-Ocupacion.mp3<\/a><\/audio>","protected":false},"excerpt":{"rendered":"<p>El Gobierno calpino, en su intenci\u00f3n de poner en marcha pol\u00edticas activas de empleo, anuncia la reedici\u00f3n del Plan de Empleo Local que da continuidad al iniciado en 2021 y est\u00e1 dotado con 1\u20191 millones de euros (1.147.528,72 \u20ac.) Ya se han publicado en el BOP las bases para la contrataci\u00f3n temporal de personal inscrito [&#8230;]<\/p>\n<p><a class=\"btn btn-secondary understrap-read-more-link\" href=\"https:\/\/radiolitoral.com\/ca\/2023\/06\/calp-reedita-un-nuevo-plan-de-empleo-dotado-con-mas-un-millon-de-euros\/\">Continua llegint&#8230;<span class=\"screen-reader-text\"> from Calp reedita un nuevo Plan de Empleo dotado con m\u00e1s un mill\u00f3n de euros<\/span><\/a><\/p>\n","protected":false},"author":21,"featured_media":4493,"comment_status":"open","ping_status":"closed","sticky":false,"template":"","format":"standard","meta":{"_acf_changed":false,"inline_featured_image":false,"footnotes":""},"categories":[810],"tags":[122,811],"class_list":["post-4491","post","type-post","status-publish","format-standard","has-post-thumbnail","hentry","category-empleo","tag-calp","tag-empleo","cobertura-calp"],"acf":[],"yoast_head":"<!-- This site is optimized with the Yoast SEO plugin v27.5 - https:\/\/yoast.com\/product\/yoast-seo-wordpress\/ -->\n<title>Calp reedita un nuevo Plan de Empleo dotado con m\u00e1s un mill\u00f3n de euros | R\u00e0dio Litoral<\/title>\n<meta name=\"description\" content=\"Se ofertan un total de 68 puestos por concurso y durante un a\u00f1o Se ofertan un total de 68 puestos por concurso y durante un a\u00f1o\" \/>\n<meta name=\"robots\" content=\"index, follow, max-snippet:-1, max-image-preview:large, max-video-preview:-1\" \/>\n<link rel=\"canonical\" href=\"https:\/\/radiolitoral.com\/ca\/2023\/06\/calp-reedita-un-nou-pla-docupacio-dotat-amb-mes-dun-milio-deuros\/\" \/>\n<meta property=\"og:locale\" content=\"ca_ES\" \/>\n<meta property=\"og:type\" content=\"article\" \/>\n<meta property=\"og:title\" content=\"Calp reedita un nuevo Plan de Empleo dotado con m\u00e1s un mill\u00f3n de euros | R\u00e0dio Litoral\" \/>\n<meta property=\"og:description\" content=\"Se ofertan un total de 68 puestos por concurso y durante un a\u00f1o Se ofertan un total de 68 puestos por concurso y durante un a\u00f1o\" \/>\n<meta property=\"og:url\" content=\"https:\/\/radiolitoral.com\/ca\/2023\/06\/calp-reedita-un-nou-pla-docupacio-dotat-amb-mes-dun-milio-deuros\/\" \/>\n<meta property=\"og:site_name\" content=\"R\u00e0dio Litoral\" \/>\n<meta property=\"article:publisher\" content=\"https:\/\/www.facebook.com\/Laradiolitoral\/\" \/>\n<meta property=\"article:published_time\" content=\"2023-06-29T19:38:14+00:00\" \/>\n<meta property=\"article:modified_time\" content=\"2023-06-29T19:40:34+00:00\" \/>\n<meta property=\"og:image\" content=\"https:\/\/media.radiolitoral.com\/wp-content\/uploads\/2023\/06\/29213544\/Plan-empleo-2023-A-700x350-1.jpg\" \/>\n\t<meta property=\"og:image:width\" content=\"700\" \/>\n\t<meta property=\"og:image:height\" content=\"350\" \/>\n\t<meta property=\"og:image:type\" content=\"image\/jpeg\" \/>\n<meta name=\"author\" content=\"Mel Pescuezo\" \/>\n<meta name=\"twitter:card\" content=\"summary_large_image\" \/>\n<meta name=\"twitter:label1\" content=\"Escrit per\" \/>\n\t<meta name=\"twitter:data1\" content=\"Mel Pescuezo\" \/>\n\t<meta name=\"twitter:label2\" content=\"Temps estimat de lectura\" \/>\n\t<meta name=\"twitter:data2\" content=\"2 minuts\" \/>\n<script type=\"application\/ld+json\" class=\"yoast-schema-graph\">{\"@context\":\"https:\\\/\\\/schema.org\",\"@graph\":[{\"@type\":\"NewsArticle\",\"@id\":\"https:\\\/\\\/radiolitoral.com\\\/2023\\\/06\\\/calp-reedita-un-nuevo-plan-de-empleo-dotado-con-mas-un-millon-de-euros\\\/#article\",\"isPartOf\":{\"@id\":\"https:\\\/\\\/radiolitoral.com\\\/2023\\\/06\\\/calp-reedita-un-nuevo-plan-de-empleo-dotado-con-mas-un-millon-de-euros\\\/\"},\"author\":{\"name\":\"Mel Pescuezo\",\"@id\":\"https:\\\/\\\/radiolitoral.com\\\/#\\\/schema\\\/person\\\/aad4f72efa404f85b68e832d24cac059\"},\"headline\":\"Calp reedita un nuevo Plan de Empleo dotado con m\u00e1s un mill\u00f3n de euros\",\"datePublished\":\"2023-06-29T19:38:14+00:00\",\"dateModified\":\"2023-06-29T19:40:34+00:00\",\"mainEntityOfPage\":{\"@id\":\"https:\\\/\\\/radiolitoral.com\\\/2023\\\/06\\\/calp-reedita-un-nuevo-plan-de-empleo-dotado-con-mas-un-millon-de-euros\\\/\"},\"wordCount\":289,\"commentCount\":0,\"publisher\":{\"@id\":\"https:\\\/\\\/radiolitoral.com\\\/#organization\"},\"image\":{\"@id\":\"https:\\\/\\\/radiolitoral.com\\\/2023\\\/06\\\/calp-reedita-un-nuevo-plan-de-empleo-dotado-con-mas-un-millon-de-euros\\\/#primaryimage\"},\"thumbnailUrl\":\"https:\\\/\\\/media.radiolitoral.com\\\/wp-content\\\/uploads\\\/2023\\\/06\\\/29213544\\\/Plan-empleo-2023-A-700x350-1.jpg\",\"keywords\":[\"Calp\",\"empleo\"],\"articleSection\":[\"Empleo\"],\"inLanguage\":\"ca\",\"potentialAction\":[{\"@type\":\"CommentAction\",\"name\":\"Comment\",\"target\":[\"https:\\\/\\\/radiolitoral.com\\\/2023\\\/06\\\/calp-reedita-un-nuevo-plan-de-empleo-dotado-con-mas-un-millon-de-euros\\\/#respond\"]}]},{\"@type\":[\"WebPage\",\"ItemPage\"],\"@id\":\"https:\\\/\\\/radiolitoral.com\\\/2023\\\/06\\\/calp-reedita-un-nuevo-plan-de-empleo-dotado-con-mas-un-millon-de-euros\\\/\",\"url\":\"https:\\\/\\\/radiolitoral.com\\\/2023\\\/06\\\/calp-reedita-un-nuevo-plan-de-empleo-dotado-con-mas-un-millon-de-euros\\\/\",\"name\":\"Calp reedita un nuevo Plan de Empleo dotado con m\u00e1s un mill\u00f3n de euros | R\u00e0dio Litoral\",\"isPartOf\":{\"@id\":\"https:\\\/\\\/radiolitoral.com\\\/#website\"},\"primaryImageOfPage\":{\"@id\":\"https:\\\/\\\/radiolitoral.com\\\/2023\\\/06\\\/calp-reedita-un-nuevo-plan-de-empleo-dotado-con-mas-un-millon-de-euros\\\/#primaryimage\"},\"image\":{\"@id\":\"https:\\\/\\\/radiolitoral.com\\\/2023\\\/06\\\/calp-reedita-un-nuevo-plan-de-empleo-dotado-con-mas-un-millon-de-euros\\\/#primaryimage\"},\"thumbnailUrl\":\"https:\\\/\\\/media.radiolitoral.com\\\/wp-content\\\/uploads\\\/2023\\\/06\\\/29213544\\\/Plan-empleo-2023-A-700x350-1.jpg\",\"datePublished\":\"2023-06-29T19:38:14+00:00\",\"dateModified\":\"2023-06-29T19:40:34+00:00\",\"description\":\"Se ofertan un total de 68 puestos por concurso y durante un a\u00f1o Se ofertan un total de 68 puestos por concurso y durante un a\u00f1o\",\"breadcrumb\":{\"@id\":\"https:\\\/\\\/radiolitoral.com\\\/2023\\\/06\\\/calp-reedita-un-nuevo-plan-de-empleo-dotado-con-mas-un-millon-de-euros\\\/#breadcrumb\"},\"inLanguage\":\"ca\",\"potentialAction\":[{\"@type\":\"ReadAction\",\"target\":[\"https:\\\/\\\/radiolitoral.com\\\/2023\\\/06\\\/calp-reedita-un-nuevo-plan-de-empleo-dotado-con-mas-un-millon-de-euros\\\/\"]}]},{\"@type\":\"ImageObject\",\"inLanguage\":\"ca\",\"@id\":\"https:\\\/\\\/radiolitoral.com\\\/2023\\\/06\\\/calp-reedita-un-nuevo-plan-de-empleo-dotado-con-mas-un-millon-de-euros\\\/#primaryimage\",\"url\":\"https:\\\/\\\/media.radiolitoral.com\\\/wp-content\\\/uploads\\\/2023\\\/06\\\/29213544\\\/Plan-empleo-2023-A-700x350-1.jpg\",\"contentUrl\":\"https:\\\/\\\/media.radiolitoral.com\\\/wp-content\\\/uploads\\\/2023\\\/06\\\/29213544\\\/Plan-empleo-2023-A-700x350-1.jpg\",\"width\":700,\"height\":350},{\"@type\":\"BreadcrumbList\",\"@id\":\"https:\\\/\\\/radiolitoral.com\\\/2023\\\/06\\\/calp-reedita-un-nuevo-plan-de-empleo-dotado-con-mas-un-millon-de-euros\\\/#breadcrumb\",\"itemListElement\":[{\"@type\":\"ListItem\",\"position\":1,\"name\":\"Portada\",\"item\":\"https:\\\/\\\/radiolitoral.com\\\/\"},{\"@type\":\"ListItem\",\"position\":2,\"name\":\"Calp reedita un nuevo Plan de Empleo dotado con m\u00e1s un mill\u00f3n de euros\"}]},{\"@type\":\"WebSite\",\"@id\":\"https:\\\/\\\/radiolitoral.com\\\/#website\",\"url\":\"https:\\\/\\\/radiolitoral.com\\\/\",\"name\":\"Radio Litoral\",\"description\":\"La radio local de la Marina Alta\",\"publisher\":{\"@id\":\"https:\\\/\\\/radiolitoral.com\\\/#organization\"},\"alternateName\":\"Litoral FM\",\"potentialAction\":[{\"@type\":\"SearchAction\",\"target\":{\"@type\":\"EntryPoint\",\"urlTemplate\":\"https:\\\/\\\/radiolitoral.com\\\/?s={search_term_string}\"},\"query-input\":{\"@type\":\"PropertyValueSpecification\",\"valueRequired\":true,\"valueName\":\"search_term_string\"}}],\"inLanguage\":\"ca\"},{\"@type\":\"Organization\",\"@id\":\"https:\\\/\\\/radiolitoral.com\\\/#organization\",\"name\":\"Radio Litoral\",\"url\":\"https:\\\/\\\/radiolitoral.com\\\/\",\"logo\":{\"@type\":\"ImageObject\",\"inLanguage\":\"ca\",\"@id\":\"https:\\\/\\\/radiolitoral.com\\\/#\\\/schema\\\/logo\\\/image\\\/\",\"url\":\"https:\\\/\\\/media.radiolitoral.com\\\/wp-content\\\/uploads\\\/2023\\\/02\\\/24143238\\\/CL-V-RadioLitoral696.png\",\"contentUrl\":\"https:\\\/\\\/media.radiolitoral.com\\\/wp-content\\\/uploads\\\/2023\\\/02\\\/24143238\\\/CL-V-RadioLitoral696.png\",\"width\":696,\"height\":696,\"caption\":\"Radio Litoral\"},\"image\":{\"@id\":\"https:\\\/\\\/radiolitoral.com\\\/#\\\/schema\\\/logo\\\/image\\\/\"},\"sameAs\":[\"https:\\\/\\\/www.facebook.com\\\/Laradiolitoral\\\/\"]},{\"@type\":\"Person\",\"@id\":\"https:\\\/\\\/radiolitoral.com\\\/#\\\/schema\\\/person\\\/aad4f72efa404f85b68e832d24cac059\",\"name\":\"Mel Pescuezo\",\"image\":{\"@type\":\"ImageObject\",\"inLanguage\":\"ca\",\"@id\":\"https:\\\/\\\/secure.gravatar.com\\\/avatar\\\/993975ae489c70cb0dd9bfa9413a082f0bd276582dac13661af7b33f161e7eea?s=96&d=mm&r=g\",\"url\":\"https:\\\/\\\/secure.gravatar.com\\\/avatar\\\/993975ae489c70cb0dd9bfa9413a082f0bd276582dac13661af7b33f161e7eea?s=96&d=mm&r=g\",\"contentUrl\":\"https:\\\/\\\/secure.gravatar.com\\\/avatar\\\/993975ae489c70cb0dd9bfa9413a082f0bd276582dac13661af7b33f161e7eea?s=96&d=mm&r=g\",\"caption\":\"Mel Pescuezo\"},\"url\":\"https:\\\/\\\/radiolitoral.com\\\/ca\\\/author\\\/serviciospararadios\\\/\"}]}<\/script>\n<!-- \/ Yoast SEO plugin. -->","yoast_head_json":{"title":"Calp reedita un nou Pla d&#039;ocupaci\u00f3 dotat amb m\u00e9s d&#039;un mili\u00f3 d&#039;euros | R\u00e0dio Litoral","description":"S&#039;oferten un total de 68 llocs per concurs i durant un any S&#039;oferten un total de 68 llocs per concurs i durant un any","robots":{"index":"index","follow":"follow","max-snippet":"max-snippet:-1","max-image-preview":"max-image-preview:large","max-video-preview":"max-video-preview:-1"},"canonical":"https:\/\/radiolitoral.com\/ca\/2023\/06\/calp-reedita-un-nou-pla-docupacio-dotat-amb-mes-dun-milio-deuros\/","og_locale":"ca_ES","og_type":"article","og_title":"Calp reedita un nuevo Plan de Empleo dotado con m\u00e1s un mill\u00f3n de euros | R\u00e0dio Litoral","og_description":"Se ofertan un total de 68 puestos por concurso y durante un a\u00f1o Se ofertan un total de 68 puestos por concurso y durante un a\u00f1o","og_url":"https:\/\/radiolitoral.com\/ca\/2023\/06\/calp-reedita-un-nou-pla-docupacio-dotat-amb-mes-dun-milio-deuros\/","og_site_name":"R\u00e0dio Litoral","article_publisher":"https:\/\/www.facebook.com\/Laradiolitoral\/","article_published_time":"2023-06-29T19:38:14+00:00","article_modified_time":"2023-06-29T19:40:34+00:00","og_image":[{"width":700,"height":350,"url":"https:\/\/media.radiolitoral.com\/wp-content\/uploads\/2023\/06\/29213544\/Plan-empleo-2023-A-700x350-1.jpg","type":"image\/jpeg"}],"author":"Mel Pescuezo","twitter_card":"summary_large_image","twitter_misc":{"Escrit per":"Mel Pescuezo","Temps estimat de lectura":"2 minuts"},"schema":{"@context":"https:\/\/schema.org","@graph":[{"@type":"NewsArticle","@id":"https:\/\/radiolitoral.com\/2023\/06\/calp-reedita-un-nuevo-plan-de-empleo-dotado-con-mas-un-millon-de-euros\/#article","isPartOf":{"@id":"https:\/\/radiolitoral.com\/2023\/06\/calp-reedita-un-nuevo-plan-de-empleo-dotado-con-mas-un-millon-de-euros\/"},"author":{"name":"Mel Pescuezo","@id":"https:\/\/radiolitoral.com\/#\/schema\/person\/aad4f72efa404f85b68e832d24cac059"},"headline":"Calp reedita un nuevo Plan de Empleo dotado con m\u00e1s un mill\u00f3n de euros","datePublished":"2023-06-29T19:38:14+00:00","dateModified":"2023-06-29T19:40:34+00:00","mainEntityOfPage":{"@id":"https:\/\/radiolitoral.com\/2023\/06\/calp-reedita-un-nuevo-plan-de-empleo-dotado-con-mas-un-millon-de-euros\/"},"wordCount":289,"commentCount":0,"publisher":{"@id":"https:\/\/radiolitoral.com\/#organization"},"image":{"@id":"https:\/\/radiolitoral.com\/2023\/06\/calp-reedita-un-nuevo-plan-de-empleo-dotado-con-mas-un-millon-de-euros\/#primaryimage"},"thumbnailUrl":"https:\/\/media.radiolitoral.com\/wp-content\/uploads\/2023\/06\/29213544\/Plan-empleo-2023-A-700x350-1.jpg","keywords":["Calp","empleo"],"articleSection":["Empleo"],"inLanguage":"ca","potentialAction":[{"@type":"CommentAction","name":"Comment","target":["https:\/\/radiolitoral.com\/2023\/06\/calp-reedita-un-nuevo-plan-de-empleo-dotado-con-mas-un-millon-de-euros\/#respond"]}]},{"@type":["WebPage","ItemPage"],"@id":"https:\/\/radiolitoral.com\/2023\/06\/calp-reedita-un-nuevo-plan-de-empleo-dotado-con-mas-un-millon-de-euros\/","url":"https:\/\/radiolitoral.com\/2023\/06\/calp-reedita-un-nuevo-plan-de-empleo-dotado-con-mas-un-millon-de-euros\/","name":"Calp reedita un nou Pla d&#039;ocupaci\u00f3 dotat amb m\u00e9s d&#039;un mili\u00f3 d&#039;euros | R\u00e0dio Litoral","isPartOf":{"@id":"https:\/\/radiolitoral.com\/#website"},"primaryImageOfPage":{"@id":"https:\/\/radiolitoral.com\/2023\/06\/calp-reedita-un-nuevo-plan-de-empleo-dotado-con-mas-un-millon-de-euros\/#primaryimage"},"image":{"@id":"https:\/\/radiolitoral.com\/2023\/06\/calp-reedita-un-nuevo-plan-de-empleo-dotado-con-mas-un-millon-de-euros\/#primaryimage"},"thumbnailUrl":"https:\/\/media.radiolitoral.com\/wp-content\/uploads\/2023\/06\/29213544\/Plan-empleo-2023-A-700x350-1.jpg","datePublished":"2023-06-29T19:38:14+00:00","dateModified":"2023-06-29T19:40:34+00:00","description":"S&#039;oferten un total de 68 llocs per concurs i durant un any S&#039;oferten un total de 68 llocs per concurs i durant un any","breadcrumb":{"@id":"https:\/\/radiolitoral.com\/2023\/06\/calp-reedita-un-nuevo-plan-de-empleo-dotado-con-mas-un-millon-de-euros\/#breadcrumb"},"inLanguage":"ca","potentialAction":[{"@type":"ReadAction","target":["https:\/\/radiolitoral.com\/2023\/06\/calp-reedita-un-nuevo-plan-de-empleo-dotado-con-mas-un-millon-de-euros\/"]}]},{"@type":"ImageObject","inLanguage":"ca","@id":"https:\/\/radiolitoral.com\/2023\/06\/calp-reedita-un-nuevo-plan-de-empleo-dotado-con-mas-un-millon-de-euros\/#primaryimage","url":"https:\/\/media.radiolitoral.com\/wp-content\/uploads\/2023\/06\/29213544\/Plan-empleo-2023-A-700x350-1.jpg","contentUrl":"https:\/\/media.radiolitoral.com\/wp-content\/uploads\/2023\/06\/29213544\/Plan-empleo-2023-A-700x350-1.jpg","width":700,"height":350},{"@type":"BreadcrumbList","@id":"https:\/\/radiolitoral.com\/2023\/06\/calp-reedita-un-nuevo-plan-de-empleo-dotado-con-mas-un-millon-de-euros\/#breadcrumb","itemListElement":[{"@type":"ListItem","position":1,"name":"Portada","item":"https:\/\/radiolitoral.com\/"},{"@type":"ListItem","position":2,"name":"Calp reedita un nuevo Plan de Empleo dotado con m\u00e1s un mill\u00f3n de euros"}]},{"@type":"WebSite","@id":"https:\/\/radiolitoral.com\/#website","url":"https:\/\/radiolitoral.com\/","name":"R\u00e0dio Litoral","description":"La r\u00e0dio local de la Marina Alta","publisher":{"@id":"https:\/\/radiolitoral.com\/#organization"},"alternateName":"Litoral FM","potentialAction":[{"@type":"SearchAction","target":{"@type":"EntryPoint","urlTemplate":"https:\/\/radiolitoral.com\/?s={search_term_string}"},"query-input":{"@type":"PropertyValueSpecification","valueRequired":true,"valueName":"search_term_string"}}],"inLanguage":"ca"},{"@type":"Organization","@id":"https:\/\/radiolitoral.com\/#organization","name":"R\u00e0dio Litoral","url":"https:\/\/radiolitoral.com\/","logo":{"@type":"ImageObject","inLanguage":"ca","@id":"https:\/\/radiolitoral.com\/#\/schema\/logo\/image\/","url":"https:\/\/media.radiolitoral.com\/wp-content\/uploads\/2023\/02\/24143238\/CL-V-RadioLitoral696.png","contentUrl":"https:\/\/media.radiolitoral.com\/wp-content\/uploads\/2023\/02\/24143238\/CL-V-RadioLitoral696.png","width":696,"height":696,"caption":"Radio Litoral"},"image":{"@id":"https:\/\/radiolitoral.com\/#\/schema\/logo\/image\/"},"sameAs":["https:\/\/www.facebook.com\/Laradiolitoral\/"]},{"@type":"Person","@id":"https:\/\/radiolitoral.com\/#\/schema\/person\/aad4f72efa404f85b68e832d24cac059","name":"Mel Pescuezo","image":{"@type":"ImageObject","inLanguage":"ca","@id":"https:\/\/secure.gravatar.com\/avatar\/993975ae489c70cb0dd9bfa9413a082f0bd276582dac13661af7b33f161e7eea?s=96&d=mm&r=g","url":"https:\/\/secure.gravatar.com\/avatar\/993975ae489c70cb0dd9bfa9413a082f0bd276582dac13661af7b33f161e7eea?s=96&d=mm&r=g","contentUrl":"https:\/\/secure.gravatar.com\/avatar\/993975ae489c70cb0dd9bfa9413a082f0bd276582dac13661af7b33f161e7eea?s=96&d=mm&r=g","caption":"Mel Pescuezo"},"url":"https:\/\/radiolitoral.com\/ca\/author\/serviciospararadios\/"}]}},"_links":{"self":[{"href":"https:\/\/radiolitoral.com\/ca\/wp-json\/wp\/v2\/posts\/4491","targetHints":{"allow":["GET"]}}],"collection":[{"href":"https:\/\/radiolitoral.com\/ca\/wp-json\/wp\/v2\/posts"}],"about":[{"href":"https:\/\/radiolitoral.com\/ca\/wp-json\/wp\/v2\/types\/post"}],"author":[{"embeddable":true,"href":"https:\/\/radiolitoral.com\/ca\/wp-json\/wp\/v2\/users\/21"}],"replies":[{"embeddable":true,"href":"https:\/\/radiolitoral.com\/ca\/wp-json\/wp\/v2\/comments?post=4491"}],"version-history":[{"count":1,"href":"https:\/\/radiolitoral.com\/ca\/wp-json\/wp\/v2\/posts\/4491\/revisions"}],"predecessor-version":[{"id":4494,"href":"https:\/\/radiolitoral.com\/ca\/wp-json\/wp\/v2\/posts\/4491\/revisions\/4494"}],"wp:featuredmedia":[{"embeddable":true,"href":"https:\/\/radiolitoral.com\/ca\/wp-json\/wp\/v2\/media\/4493"}],"wp:attachment":[{"href":"https:\/\/radiolitoral.com\/ca\/wp-json\/wp\/v2\/media?parent=4491"}],"wp:term":[{"taxonomy":"category","embeddable":true,"href":"https:\/\/radiolitoral.com\/ca\/wp-json\/wp\/v2\/categories?post=4491"},{"taxonomy":"post_tag","embeddable":true,"href":"https:\/\/radiolitoral.com\/ca\/wp-json\/wp\/v2\/tags?post=4491"}],"curies":[{"name":"wp","href":"https:\/\/api.w.org\/{rel}","templated":true}]}}