{"id":4466,"date":"2023-06-29T08:03:01","date_gmt":"2023-06-29T06:03:01","guid":{"rendered":"https:\/\/radiolitoral.com\/?p=4466"},"modified":"2023-06-29T08:05:26","modified_gmt":"2023-06-29T06:05:26","slug":"el-pp-de-teulada-es-el-mes-car-de-les-ultimes-legislatures","status":"publish","type":"post","link":"https:\/\/radiolitoral.com\/ca\/2023\/06\/el-pp-de-teulada-es-el-mas-caro-de-las-ultimas-legislaturas\/","title":{"rendered":"El PP de Teulada \u00e9s el m\u00e9s car de les darreres legislatures"},"content":{"rendered":"<p>El PP a Teulada ser\u00e0 el govern m\u00e9s car de les darreres legislatures, segons denuncien des de l&#039;oposici\u00f3 Coalici\u00f3 Comprom\u00eds, que xifren en 313.000 \u20ac l&#039;any el que costar\u00e0 el nou executiu a les arques municipals.<\/p>\n<p>En el primer ple extraordinari de la legislatura, el govern que lidera Ra\u00fal Llobell va aprovar, amb la majoria absoluta, els sous i les dedicacions. Els valencianistes, adverteixen que per primera vegada a la hist\u00f2ria del municipi, tots els regidors tindran dedicaci\u00f3, \u00e9s a dir, els 9 regidors del PP estaran \u201ccontractats amb n\u00f2mina\u201d per l&#039;Ajuntament.<\/p>\n<p>Els valencianistes destaquen l&#039;augment de tots els sous, si es comparen les retribucions aprovades amb les de les legislatures anteriors. Comen\u00e7ant per l&#039;alcalde, Ra\u00fal Llobell, que amb una dedicaci\u00f3 del 95%, tindr\u00e0 un sou de 42.000 \u20ac anuals, 2.000 \u20ac m\u00e9s que a la legislatura que acabem de concloure.<\/p>\n<p>S&#039;han assignat tamb\u00e9 32.000 \u20ac per a 4 regidors, encara que no ha transcendit els qui seran. Aquests tindran una dedicaci\u00f3 del 80%. Respecte al passat govern sumen 2 edils m\u00e9s amb aquesta dedicaci\u00f3 i 2.000 \u20ac m\u00e9s cadascun.<\/p>\n<p>Altres 4 regidors rebran 24.000 \u20ac per una dedicaci\u00f3 del 50%. La legislatura passada hi havia 3 regidors amb un sou de 22.000 \u20ac al 75% de jornada. Per tant, indiquen els valencianistes, hi ha un increment de sou de m\u00e9s de 9.000\u20ac per a una dedicaci\u00f3 inferior.<\/p>\n<p>A m\u00e9s, tamb\u00e9 pugen els sous dels 2 c\u00e0rrecs de confian\u00e7a en 2.000\u20ac, passant de 25.000 a 27.000 i de 18.000 a 20.000\u20ac.<\/p>\n<p>La proposta va tirar endavant els vots favorables del PP, amb majoria absoluta. Des de Comprom\u00eds es van abstenir, argumentant que cadasc\u00fa valora la seva feina com creu. Alhora que subratllen que ara tocar\u00e0 al poble valorar, durant aquests 4 anys, si la feina feta val el preu que ells han determinat.<\/p>\n<p>&nbsp;<\/p>","protected":false},"excerpt":{"rendered":"<p>El PP en Teulada ser\u00e1 el gobierno m\u00e1s caro de las \u00faltimas legislaturas, seg\u00fan denuncian desde la oposici\u00f3n Coalici\u00f3 Comprom\u00eds, que cifran en 313.000\u202f\u20ac al a\u00f1o lo que costar\u00e1 el nuevo ejecutivo a las arcas municipales. En el primer pleno extraordinario de la legislatura, el gobierno que lidera Ra\u00fal Llobell, aprob\u00f3, con su mayor\u00eda absoluta, [&#8230;]<\/p>\n<p><a class=\"btn btn-secondary understrap-read-more-link\" href=\"https:\/\/radiolitoral.com\/ca\/2023\/06\/el-pp-de-teulada-es-el-mas-caro-de-las-ultimas-legislaturas\/\">Continua llegint&#8230;<span class=\"screen-reader-text\"> from El PP de Teulada es el m\u00e1s caro de las \u00faltimas legislaturas<\/span><\/a><\/p>\n","protected":false},"author":21,"featured_media":4467,"comment_status":"open","ping_status":"closed","sticky":false,"template":"","format":"standard","meta":{"_acf_changed":false,"inline_featured_image":false,"footnotes":""},"categories":[13],"tags":[387],"class_list":["post-4466","post","type-post","status-publish","format-standard","has-post-thumbnail","hentry","category-politica","tag-pp-teulada","cobertura-teulada-moraira"],"acf":[],"yoast_head":"<!-- This site is optimized with the Yoast SEO plugin v27.5 - https:\/\/yoast.com\/product\/yoast-seo-wordpress\/ -->\n<title>El PP de Teulada es el m\u00e1s caro de las \u00faltimas legislaturas | R\u00e0dio Litoral<\/title>\n<meta name=\"description\" content=\"La oposici\u00f3n ha alertado de la subida de sueldos La oposici\u00f3n ha alertado de la subida de sueldos\" \/>\n<meta name=\"robots\" content=\"index, follow, max-snippet:-1, max-image-preview:large, max-video-preview:-1\" \/>\n<link rel=\"canonical\" href=\"https:\/\/radiolitoral.com\/ca\/2023\/06\/el-pp-de-teulada-es-el-mes-car-de-les-ultimes-legislatures\/\" \/>\n<meta property=\"og:locale\" content=\"ca_ES\" \/>\n<meta property=\"og:type\" content=\"article\" \/>\n<meta property=\"og:title\" content=\"El PP de Teulada es el m\u00e1s caro de las \u00faltimas legislaturas | R\u00e0dio Litoral\" \/>\n<meta property=\"og:description\" content=\"La oposici\u00f3n ha alertado de la subida de sueldos La oposici\u00f3n ha alertado de la subida de sueldos\" \/>\n<meta property=\"og:url\" content=\"https:\/\/radiolitoral.com\/ca\/2023\/06\/el-pp-de-teulada-es-el-mes-car-de-les-ultimes-legislatures\/\" \/>\n<meta property=\"og:site_name\" content=\"R\u00e0dio Litoral\" \/>\n<meta property=\"article:publisher\" content=\"https:\/\/www.facebook.com\/Laradiolitoral\/\" \/>\n<meta property=\"article:published_time\" content=\"2023-06-29T06:03:01+00:00\" \/>\n<meta property=\"article:modified_time\" content=\"2023-06-29T06:05:26+00:00\" \/>\n<meta property=\"og:image\" content=\"https:\/\/media.radiolitoral.com\/wp-content\/uploads\/2023\/06\/29080248\/ajuntament-teulada.jpg\" \/>\n\t<meta property=\"og:image:width\" content=\"712\" \/>\n\t<meta property=\"og:image:height\" content=\"309\" \/>\n\t<meta property=\"og:image:type\" content=\"image\/jpeg\" \/>\n<meta name=\"author\" content=\"Mel Pescuezo\" \/>\n<meta name=\"twitter:card\" content=\"summary_large_image\" \/>\n<meta name=\"twitter:label1\" content=\"Escrit per\" \/>\n\t<meta name=\"twitter:data1\" content=\"Mel Pescuezo\" \/>\n\t<meta name=\"twitter:label2\" content=\"Temps estimat de lectura\" \/>\n\t<meta name=\"twitter:data2\" content=\"2 minuts\" \/>\n<script type=\"application\/ld+json\" class=\"yoast-schema-graph\">{\"@context\":\"https:\\\/\\\/schema.org\",\"@graph\":[{\"@type\":\"NewsArticle\",\"@id\":\"https:\\\/\\\/radiolitoral.com\\\/2023\\\/06\\\/el-pp-de-teulada-es-el-mas-caro-de-las-ultimas-legislaturas\\\/#article\",\"isPartOf\":{\"@id\":\"https:\\\/\\\/radiolitoral.com\\\/2023\\\/06\\\/el-pp-de-teulada-es-el-mas-caro-de-las-ultimas-legislaturas\\\/\"},\"author\":{\"name\":\"Mel Pescuezo\",\"@id\":\"https:\\\/\\\/radiolitoral.com\\\/#\\\/schema\\\/person\\\/aad4f72efa404f85b68e832d24cac059\"},\"headline\":\"El PP de Teulada es el m\u00e1s caro de las \u00faltimas legislaturas\",\"datePublished\":\"2023-06-29T06:03:01+00:00\",\"dateModified\":\"2023-06-29T06:05:26+00:00\",\"mainEntityOfPage\":{\"@id\":\"https:\\\/\\\/radiolitoral.com\\\/2023\\\/06\\\/el-pp-de-teulada-es-el-mas-caro-de-las-ultimas-legislaturas\\\/\"},\"wordCount\":316,\"commentCount\":0,\"publisher\":{\"@id\":\"https:\\\/\\\/radiolitoral.com\\\/#organization\"},\"image\":{\"@id\":\"https:\\\/\\\/radiolitoral.com\\\/2023\\\/06\\\/el-pp-de-teulada-es-el-mas-caro-de-las-ultimas-legislaturas\\\/#primaryimage\"},\"thumbnailUrl\":\"https:\\\/\\\/media.radiolitoral.com\\\/wp-content\\\/uploads\\\/2023\\\/06\\\/29080248\\\/ajuntament-teulada.jpg\",\"keywords\":[\"PP Teulada\"],\"articleSection\":[\"Pol\u00edtica\"],\"inLanguage\":\"ca\",\"potentialAction\":[{\"@type\":\"CommentAction\",\"name\":\"Comment\",\"target\":[\"https:\\\/\\\/radiolitoral.com\\\/2023\\\/06\\\/el-pp-de-teulada-es-el-mas-caro-de-las-ultimas-legislaturas\\\/#respond\"]}]},{\"@type\":[\"WebPage\",\"ItemPage\"],\"@id\":\"https:\\\/\\\/radiolitoral.com\\\/2023\\\/06\\\/el-pp-de-teulada-es-el-mas-caro-de-las-ultimas-legislaturas\\\/\",\"url\":\"https:\\\/\\\/radiolitoral.com\\\/2023\\\/06\\\/el-pp-de-teulada-es-el-mas-caro-de-las-ultimas-legislaturas\\\/\",\"name\":\"El PP de Teulada es el m\u00e1s caro de las \u00faltimas legislaturas | R\u00e0dio Litoral\",\"isPartOf\":{\"@id\":\"https:\\\/\\\/radiolitoral.com\\\/#website\"},\"primaryImageOfPage\":{\"@id\":\"https:\\\/\\\/radiolitoral.com\\\/2023\\\/06\\\/el-pp-de-teulada-es-el-mas-caro-de-las-ultimas-legislaturas\\\/#primaryimage\"},\"image\":{\"@id\":\"https:\\\/\\\/radiolitoral.com\\\/2023\\\/06\\\/el-pp-de-teulada-es-el-mas-caro-de-las-ultimas-legislaturas\\\/#primaryimage\"},\"thumbnailUrl\":\"https:\\\/\\\/media.radiolitoral.com\\\/wp-content\\\/uploads\\\/2023\\\/06\\\/29080248\\\/ajuntament-teulada.jpg\",\"datePublished\":\"2023-06-29T06:03:01+00:00\",\"dateModified\":\"2023-06-29T06:05:26+00:00\",\"description\":\"La oposici\u00f3n ha alertado de la subida de sueldos La oposici\u00f3n ha alertado de la subida de sueldos\",\"breadcrumb\":{\"@id\":\"https:\\\/\\\/radiolitoral.com\\\/2023\\\/06\\\/el-pp-de-teulada-es-el-mas-caro-de-las-ultimas-legislaturas\\\/#breadcrumb\"},\"inLanguage\":\"ca\",\"potentialAction\":[{\"@type\":\"ReadAction\",\"target\":[\"https:\\\/\\\/radiolitoral.com\\\/2023\\\/06\\\/el-pp-de-teulada-es-el-mas-caro-de-las-ultimas-legislaturas\\\/\"]}]},{\"@type\":\"ImageObject\",\"inLanguage\":\"ca\",\"@id\":\"https:\\\/\\\/radiolitoral.com\\\/2023\\\/06\\\/el-pp-de-teulada-es-el-mas-caro-de-las-ultimas-legislaturas\\\/#primaryimage\",\"url\":\"https:\\\/\\\/media.radiolitoral.com\\\/wp-content\\\/uploads\\\/2023\\\/06\\\/29080248\\\/ajuntament-teulada.jpg\",\"contentUrl\":\"https:\\\/\\\/media.radiolitoral.com\\\/wp-content\\\/uploads\\\/2023\\\/06\\\/29080248\\\/ajuntament-teulada.jpg\",\"width\":712,\"height\":309},{\"@type\":\"BreadcrumbList\",\"@id\":\"https:\\\/\\\/radiolitoral.com\\\/2023\\\/06\\\/el-pp-de-teulada-es-el-mas-caro-de-las-ultimas-legislaturas\\\/#breadcrumb\",\"itemListElement\":[{\"@type\":\"ListItem\",\"position\":1,\"name\":\"Portada\",\"item\":\"https:\\\/\\\/radiolitoral.com\\\/\"},{\"@type\":\"ListItem\",\"position\":2,\"name\":\"El PP de Teulada es el m\u00e1s caro de las \u00faltimas legislaturas\"}]},{\"@type\":\"WebSite\",\"@id\":\"https:\\\/\\\/radiolitoral.com\\\/#website\",\"url\":\"https:\\\/\\\/radiolitoral.com\\\/\",\"name\":\"Radio Litoral\",\"description\":\"La radio local de la Marina Alta\",\"publisher\":{\"@id\":\"https:\\\/\\\/radiolitoral.com\\\/#organization\"},\"alternateName\":\"Litoral FM\",\"potentialAction\":[{\"@type\":\"SearchAction\",\"target\":{\"@type\":\"EntryPoint\",\"urlTemplate\":\"https:\\\/\\\/radiolitoral.com\\\/?s={search_term_string}\"},\"query-input\":{\"@type\":\"PropertyValueSpecification\",\"valueRequired\":true,\"valueName\":\"search_term_string\"}}],\"inLanguage\":\"ca\"},{\"@type\":\"Organization\",\"@id\":\"https:\\\/\\\/radiolitoral.com\\\/#organization\",\"name\":\"Radio Litoral\",\"url\":\"https:\\\/\\\/radiolitoral.com\\\/\",\"logo\":{\"@type\":\"ImageObject\",\"inLanguage\":\"ca\",\"@id\":\"https:\\\/\\\/radiolitoral.com\\\/#\\\/schema\\\/logo\\\/image\\\/\",\"url\":\"https:\\\/\\\/media.radiolitoral.com\\\/wp-content\\\/uploads\\\/2023\\\/02\\\/24143238\\\/CL-V-RadioLitoral696.png\",\"contentUrl\":\"https:\\\/\\\/media.radiolitoral.com\\\/wp-content\\\/uploads\\\/2023\\\/02\\\/24143238\\\/CL-V-RadioLitoral696.png\",\"width\":696,\"height\":696,\"caption\":\"Radio Litoral\"},\"image\":{\"@id\":\"https:\\\/\\\/radiolitoral.com\\\/#\\\/schema\\\/logo\\\/image\\\/\"},\"sameAs\":[\"https:\\\/\\\/www.facebook.com\\\/Laradiolitoral\\\/\"]},{\"@type\":\"Person\",\"@id\":\"https:\\\/\\\/radiolitoral.com\\\/#\\\/schema\\\/person\\\/aad4f72efa404f85b68e832d24cac059\",\"name\":\"Mel Pescuezo\",\"image\":{\"@type\":\"ImageObject\",\"inLanguage\":\"ca\",\"@id\":\"https:\\\/\\\/secure.gravatar.com\\\/avatar\\\/993975ae489c70cb0dd9bfa9413a082f0bd276582dac13661af7b33f161e7eea?s=96&d=mm&r=g\",\"url\":\"https:\\\/\\\/secure.gravatar.com\\\/avatar\\\/993975ae489c70cb0dd9bfa9413a082f0bd276582dac13661af7b33f161e7eea?s=96&d=mm&r=g\",\"contentUrl\":\"https:\\\/\\\/secure.gravatar.com\\\/avatar\\\/993975ae489c70cb0dd9bfa9413a082f0bd276582dac13661af7b33f161e7eea?s=96&d=mm&r=g\",\"caption\":\"Mel Pescuezo\"},\"url\":\"https:\\\/\\\/radiolitoral.com\\\/ca\\\/author\\\/serviciospararadios\\\/\"}]}<\/script>\n<!-- \/ Yoast SEO plugin. -->","yoast_head_json":{"title":"El PP de Teulada \u00e9s el m\u00e9s car de les darreres legislatures | R\u00e0dio Litoral","description":"L&#039;oposici\u00f3 ha alertat de la pujada de sous L&#039;oposici\u00f3 ha alertat de la pujada de sous","robots":{"index":"index","follow":"follow","max-snippet":"max-snippet:-1","max-image-preview":"max-image-preview:large","max-video-preview":"max-video-preview:-1"},"canonical":"https:\/\/radiolitoral.com\/ca\/2023\/06\/el-pp-de-teulada-es-el-mes-car-de-les-ultimes-legislatures\/","og_locale":"ca_ES","og_type":"article","og_title":"El PP de Teulada es el m\u00e1s caro de las \u00faltimas legislaturas | R\u00e0dio Litoral","og_description":"La oposici\u00f3n ha alertado de la subida de sueldos La oposici\u00f3n ha alertado de la subida de sueldos","og_url":"https:\/\/radiolitoral.com\/ca\/2023\/06\/el-pp-de-teulada-es-el-mes-car-de-les-ultimes-legislatures\/","og_site_name":"R\u00e0dio Litoral","article_publisher":"https:\/\/www.facebook.com\/Laradiolitoral\/","article_published_time":"2023-06-29T06:03:01+00:00","article_modified_time":"2023-06-29T06:05:26+00:00","og_image":[{"width":712,"height":309,"url":"https:\/\/media.radiolitoral.com\/wp-content\/uploads\/2023\/06\/29080248\/ajuntament-teulada.jpg","type":"image\/jpeg"}],"author":"Mel Pescuezo","twitter_card":"summary_large_image","twitter_misc":{"Escrit per":"Mel Pescuezo","Temps estimat de lectura":"2 minuts"},"schema":{"@context":"https:\/\/schema.org","@graph":[{"@type":"NewsArticle","@id":"https:\/\/radiolitoral.com\/2023\/06\/el-pp-de-teulada-es-el-mas-caro-de-las-ultimas-legislaturas\/#article","isPartOf":{"@id":"https:\/\/radiolitoral.com\/2023\/06\/el-pp-de-teulada-es-el-mas-caro-de-las-ultimas-legislaturas\/"},"author":{"name":"Mel Pescuezo","@id":"https:\/\/radiolitoral.com\/#\/schema\/person\/aad4f72efa404f85b68e832d24cac059"},"headline":"El PP de Teulada es el m\u00e1s caro de las \u00faltimas legislaturas","datePublished":"2023-06-29T06:03:01+00:00","dateModified":"2023-06-29T06:05:26+00:00","mainEntityOfPage":{"@id":"https:\/\/radiolitoral.com\/2023\/06\/el-pp-de-teulada-es-el-mas-caro-de-las-ultimas-legislaturas\/"},"wordCount":316,"commentCount":0,"publisher":{"@id":"https:\/\/radiolitoral.com\/#organization"},"image":{"@id":"https:\/\/radiolitoral.com\/2023\/06\/el-pp-de-teulada-es-el-mas-caro-de-las-ultimas-legislaturas\/#primaryimage"},"thumbnailUrl":"https:\/\/media.radiolitoral.com\/wp-content\/uploads\/2023\/06\/29080248\/ajuntament-teulada.jpg","keywords":["PP Teulada"],"articleSection":["Pol\u00edtica"],"inLanguage":"ca","potentialAction":[{"@type":"CommentAction","name":"Comment","target":["https:\/\/radiolitoral.com\/2023\/06\/el-pp-de-teulada-es-el-mas-caro-de-las-ultimas-legislaturas\/#respond"]}]},{"@type":["WebPage","ItemPage"],"@id":"https:\/\/radiolitoral.com\/2023\/06\/el-pp-de-teulada-es-el-mas-caro-de-las-ultimas-legislaturas\/","url":"https:\/\/radiolitoral.com\/2023\/06\/el-pp-de-teulada-es-el-mas-caro-de-las-ultimas-legislaturas\/","name":"El PP de Teulada \u00e9s el m\u00e9s car de les darreres legislatures | R\u00e0dio Litoral","isPartOf":{"@id":"https:\/\/radiolitoral.com\/#website"},"primaryImageOfPage":{"@id":"https:\/\/radiolitoral.com\/2023\/06\/el-pp-de-teulada-es-el-mas-caro-de-las-ultimas-legislaturas\/#primaryimage"},"image":{"@id":"https:\/\/radiolitoral.com\/2023\/06\/el-pp-de-teulada-es-el-mas-caro-de-las-ultimas-legislaturas\/#primaryimage"},"thumbnailUrl":"https:\/\/media.radiolitoral.com\/wp-content\/uploads\/2023\/06\/29080248\/ajuntament-teulada.jpg","datePublished":"2023-06-29T06:03:01+00:00","dateModified":"2023-06-29T06:05:26+00:00","description":"L&#039;oposici\u00f3 ha alertat de la pujada de sous L&#039;oposici\u00f3 ha alertat de la pujada de sous","breadcrumb":{"@id":"https:\/\/radiolitoral.com\/2023\/06\/el-pp-de-teulada-es-el-mas-caro-de-las-ultimas-legislaturas\/#breadcrumb"},"inLanguage":"ca","potentialAction":[{"@type":"ReadAction","target":["https:\/\/radiolitoral.com\/2023\/06\/el-pp-de-teulada-es-el-mas-caro-de-las-ultimas-legislaturas\/"]}]},{"@type":"ImageObject","inLanguage":"ca","@id":"https:\/\/radiolitoral.com\/2023\/06\/el-pp-de-teulada-es-el-mas-caro-de-las-ultimas-legislaturas\/#primaryimage","url":"https:\/\/media.radiolitoral.com\/wp-content\/uploads\/2023\/06\/29080248\/ajuntament-teulada.jpg","contentUrl":"https:\/\/media.radiolitoral.com\/wp-content\/uploads\/2023\/06\/29080248\/ajuntament-teulada.jpg","width":712,"height":309},{"@type":"BreadcrumbList","@id":"https:\/\/radiolitoral.com\/2023\/06\/el-pp-de-teulada-es-el-mas-caro-de-las-ultimas-legislaturas\/#breadcrumb","itemListElement":[{"@type":"ListItem","position":1,"name":"Portada","item":"https:\/\/radiolitoral.com\/"},{"@type":"ListItem","position":2,"name":"El PP de Teulada es el m\u00e1s caro de las \u00faltimas legislaturas"}]},{"@type":"WebSite","@id":"https:\/\/radiolitoral.com\/#website","url":"https:\/\/radiolitoral.com\/","name":"R\u00e0dio Litoral","description":"La r\u00e0dio local de la Marina Alta","publisher":{"@id":"https:\/\/radiolitoral.com\/#organization"},"alternateName":"Litoral FM","potentialAction":[{"@type":"SearchAction","target":{"@type":"EntryPoint","urlTemplate":"https:\/\/radiolitoral.com\/?s={search_term_string}"},"query-input":{"@type":"PropertyValueSpecification","valueRequired":true,"valueName":"search_term_string"}}],"inLanguage":"ca"},{"@type":"Organization","@id":"https:\/\/radiolitoral.com\/#organization","name":"R\u00e0dio Litoral","url":"https:\/\/radiolitoral.com\/","logo":{"@type":"ImageObject","inLanguage":"ca","@id":"https:\/\/radiolitoral.com\/#\/schema\/logo\/image\/","url":"https:\/\/media.radiolitoral.com\/wp-content\/uploads\/2023\/02\/24143238\/CL-V-RadioLitoral696.png","contentUrl":"https:\/\/media.radiolitoral.com\/wp-content\/uploads\/2023\/02\/24143238\/CL-V-RadioLitoral696.png","width":696,"height":696,"caption":"Radio Litoral"},"image":{"@id":"https:\/\/radiolitoral.com\/#\/schema\/logo\/image\/"},"sameAs":["https:\/\/www.facebook.com\/Laradiolitoral\/"]},{"@type":"Person","@id":"https:\/\/radiolitoral.com\/#\/schema\/person\/aad4f72efa404f85b68e832d24cac059","name":"Mel Pescuezo","image":{"@type":"ImageObject","inLanguage":"ca","@id":"https:\/\/secure.gravatar.com\/avatar\/993975ae489c70cb0dd9bfa9413a082f0bd276582dac13661af7b33f161e7eea?s=96&d=mm&r=g","url":"https:\/\/secure.gravatar.com\/avatar\/993975ae489c70cb0dd9bfa9413a082f0bd276582dac13661af7b33f161e7eea?s=96&d=mm&r=g","contentUrl":"https:\/\/secure.gravatar.com\/avatar\/993975ae489c70cb0dd9bfa9413a082f0bd276582dac13661af7b33f161e7eea?s=96&d=mm&r=g","caption":"Mel Pescuezo"},"url":"https:\/\/radiolitoral.com\/ca\/author\/serviciospararadios\/"}]}},"_links":{"self":[{"href":"https:\/\/radiolitoral.com\/ca\/wp-json\/wp\/v2\/posts\/4466","targetHints":{"allow":["GET"]}}],"collection":[{"href":"https:\/\/radiolitoral.com\/ca\/wp-json\/wp\/v2\/posts"}],"about":[{"href":"https:\/\/radiolitoral.com\/ca\/wp-json\/wp\/v2\/types\/post"}],"author":[{"embeddable":true,"href":"https:\/\/radiolitoral.com\/ca\/wp-json\/wp\/v2\/users\/21"}],"replies":[{"embeddable":true,"href":"https:\/\/radiolitoral.com\/ca\/wp-json\/wp\/v2\/comments?post=4466"}],"version-history":[{"count":1,"href":"https:\/\/radiolitoral.com\/ca\/wp-json\/wp\/v2\/posts\/4466\/revisions"}],"predecessor-version":[{"id":4468,"href":"https:\/\/radiolitoral.com\/ca\/wp-json\/wp\/v2\/posts\/4466\/revisions\/4468"}],"wp:featuredmedia":[{"embeddable":true,"href":"https:\/\/radiolitoral.com\/ca\/wp-json\/wp\/v2\/media\/4467"}],"wp:attachment":[{"href":"https:\/\/radiolitoral.com\/ca\/wp-json\/wp\/v2\/media?parent=4466"}],"wp:term":[{"taxonomy":"category","embeddable":true,"href":"https:\/\/radiolitoral.com\/ca\/wp-json\/wp\/v2\/categories?post=4466"},{"taxonomy":"post_tag","embeddable":true,"href":"https:\/\/radiolitoral.com\/ca\/wp-json\/wp\/v2\/tags?post=4466"}],"curies":[{"name":"wp","href":"https:\/\/api.w.org\/{rel}","templated":true}]}}