{"id":4421,"date":"2023-06-27T23:09:03","date_gmt":"2023-06-27T21:09:03","guid":{"rendered":"https:\/\/radiolitoral.com\/?p=4421"},"modified":"2023-06-27T23:26:24","modified_gmt":"2023-06-27T21:26:24","slug":"la-ciutat-del-peno-es-prepara-per-estrenar-el-festival-llati","status":"publish","type":"post","link":"https:\/\/radiolitoral.com\/ca\/2023\/06\/la-ciudad-del-penon-se-prepara-para-estrenar-el-i-festival-latino\/","title":{"rendered":"La ciutat del Penyal es prepara per ballar al ritme del I Festival Llat\u00ed"},"content":{"rendered":"<p>El proper 8 de juliol a la Pla\u00e7a Major de Calp se celebrar\u00e0 el I Festival Llat\u00ed obert i gratu\u00eft a tots els amants de la m\u00fasica i el ball llatins. Bolero, salsa, bossa nova, m\u00fasica tropical, merenga o bachata, entre altres ritmes s&#039;entremesclaran en aquesta vetllada que organitza <a href=\"https:\/\/www.facebook.com\/gloria.fernandezgonzalez?__cft__%5b0%5d=AZXdFByNykjUosRaW6Iggx2Al-LOlA14nHXErS84XiXry91NDZ87J03X__ZfaHwY8W7QJlLOA3RPpmZkIGkdm3ECk1DILBTAM3EFC440QPYKfEurLCWJlkfq3Rc8v2pTwEC7QDUU4Gk6DZgXt3U32a4neFlRqcWzsLqp6CHAPpHQ7XhS7najItEjYKoQSvdxemE&amp;__tn__=-%5dK-R\">Gl\u00f2ria Salsa Calp<\/a> en col\u00b7laboraci\u00f3 amb la Regidoria de Cultura de l&#039;Ajuntament de Calp.<\/p>","protected":false},"excerpt":{"rendered":"<p>El pr\u00f3ximo 8 de julio en la Plaza Mayor de Calp se celebrar\u00e1 el I Festival Latino abierto y gratuito a todos los amantes de la m\u00fasica y el baile latinos. Bolero, salsa, bossa nova, m\u00fasica tropical, merengue o bachata, entre otros ritmos se entremezclar\u00e1n en esta velada que organiza Gloria Salsa Calpe en colaboraci\u00f3n [&#8230;]<\/p>\n<p><a class=\"btn btn-secondary understrap-read-more-link\" href=\"https:\/\/radiolitoral.com\/ca\/2023\/06\/la-ciudad-del-penon-se-prepara-para-estrenar-el-i-festival-latino\/\">Continua llegint&#8230;<span class=\"screen-reader-text\"> from La ciudad del Pe\u00f1\u00f3n se prepara para bailar al ritmo del I Festival Latino<\/span><\/a><\/p>\n","protected":false},"author":21,"featured_media":4422,"comment_status":"open","ping_status":"closed","sticky":false,"template":"","format":"standard","meta":{"_acf_changed":false,"inline_featured_image":false,"footnotes":""},"categories":[276],"tags":[444,122,806],"class_list":["post-4421","post","type-post","status-publish","format-standard","has-post-thumbnail","hentry","category-fiestas","tag-agenda-calp","tag-calp","tag-festival-calp","cobertura-calp"],"acf":[],"yoast_head":"<!-- This site is optimized with the Yoast SEO plugin v27.5 - https:\/\/yoast.com\/product\/yoast-seo-wordpress\/ -->\n<title>La ciudad del Pe\u00f1\u00f3n se prepara para bailar al ritmo del I Festival Latino | R\u00e0dio Litoral<\/title>\n<meta name=\"description\" content=\"La plaza Mayor congregar\u00e1 a los amantes del baile el pr\u00f3ximo 8 de julio La plaza Mayor congregar\u00e1 a los amantes del baile el pr\u00f3ximo 8 de julio\" \/>\n<meta name=\"robots\" content=\"index, follow, max-snippet:-1, max-image-preview:large, max-video-preview:-1\" \/>\n<link rel=\"canonical\" href=\"https:\/\/radiolitoral.com\/ca\/2023\/06\/la-ciutat-del-peno-es-prepara-per-estrenar-el-festival-llati\/\" \/>\n<meta property=\"og:locale\" content=\"ca_ES\" \/>\n<meta property=\"og:type\" content=\"article\" \/>\n<meta property=\"og:title\" content=\"La ciudad del Pe\u00f1\u00f3n se prepara para bailar al ritmo del I Festival Latino | R\u00e0dio Litoral\" \/>\n<meta property=\"og:description\" content=\"La plaza Mayor congregar\u00e1 a los amantes del baile el pr\u00f3ximo 8 de julio La plaza Mayor congregar\u00e1 a los amantes del baile el pr\u00f3ximo 8 de julio\" \/>\n<meta property=\"og:url\" content=\"https:\/\/radiolitoral.com\/ca\/2023\/06\/la-ciutat-del-peno-es-prepara-per-estrenar-el-festival-llati\/\" \/>\n<meta property=\"og:site_name\" content=\"R\u00e0dio Litoral\" \/>\n<meta property=\"article:publisher\" content=\"https:\/\/www.facebook.com\/Laradiolitoral\/\" \/>\n<meta property=\"article:published_time\" content=\"2023-06-27T21:09:03+00:00\" \/>\n<meta property=\"article:modified_time\" content=\"2023-06-27T21:26:24+00:00\" \/>\n<meta property=\"og:image\" content=\"https:\/\/media.radiolitoral.com\/wp-content\/uploads\/2023\/06\/27230540\/347414153_10229843896538988_3171123640779087829_n.jpg\" \/>\n\t<meta property=\"og:image:width\" content=\"1244\" \/>\n\t<meta property=\"og:image:height\" content=\"1600\" \/>\n\t<meta property=\"og:image:type\" content=\"image\/jpeg\" \/>\n<meta name=\"author\" content=\"Mel Pescuezo\" \/>\n<meta name=\"twitter:card\" content=\"summary_large_image\" \/>\n<meta name=\"twitter:label1\" content=\"Escrit per\" \/>\n\t<meta name=\"twitter:data1\" content=\"Mel Pescuezo\" \/>\n\t<meta name=\"twitter:label2\" content=\"Temps estimat de lectura\" \/>\n\t<meta name=\"twitter:data2\" content=\"1 minut\" \/>\n<script type=\"application\/ld+json\" class=\"yoast-schema-graph\">{\"@context\":\"https:\\\/\\\/schema.org\",\"@graph\":[{\"@type\":\"NewsArticle\",\"@id\":\"https:\\\/\\\/radiolitoral.com\\\/2023\\\/06\\\/la-ciudad-del-penon-se-prepara-para-estrenar-el-i-festival-latino\\\/#article\",\"isPartOf\":{\"@id\":\"https:\\\/\\\/radiolitoral.com\\\/2023\\\/06\\\/la-ciudad-del-penon-se-prepara-para-estrenar-el-i-festival-latino\\\/\"},\"author\":{\"name\":\"Mel Pescuezo\",\"@id\":\"https:\\\/\\\/radiolitoral.com\\\/#\\\/schema\\\/person\\\/aad4f72efa404f85b68e832d24cac059\"},\"headline\":\"La ciudad del Pe\u00f1\u00f3n se prepara para bailar al ritmo del I Festival Latino\",\"datePublished\":\"2023-06-27T21:09:03+00:00\",\"dateModified\":\"2023-06-27T21:26:24+00:00\",\"mainEntityOfPage\":{\"@id\":\"https:\\\/\\\/radiolitoral.com\\\/2023\\\/06\\\/la-ciudad-del-penon-se-prepara-para-estrenar-el-i-festival-latino\\\/\"},\"wordCount\":84,\"commentCount\":0,\"publisher\":{\"@id\":\"https:\\\/\\\/radiolitoral.com\\\/#organization\"},\"image\":{\"@id\":\"https:\\\/\\\/radiolitoral.com\\\/2023\\\/06\\\/la-ciudad-del-penon-se-prepara-para-estrenar-el-i-festival-latino\\\/#primaryimage\"},\"thumbnailUrl\":\"https:\\\/\\\/media.radiolitoral.com\\\/wp-content\\\/uploads\\\/2023\\\/06\\\/27230540\\\/347414153_10229843896538988_3171123640779087829_n.jpg\",\"keywords\":[\"agenda Calp\",\"Calp\",\"Festival Calp\"],\"articleSection\":[\"Fiestas\"],\"inLanguage\":\"ca\",\"potentialAction\":[{\"@type\":\"CommentAction\",\"name\":\"Comment\",\"target\":[\"https:\\\/\\\/radiolitoral.com\\\/2023\\\/06\\\/la-ciudad-del-penon-se-prepara-para-estrenar-el-i-festival-latino\\\/#respond\"]}]},{\"@type\":[\"WebPage\",\"ItemPage\"],\"@id\":\"https:\\\/\\\/radiolitoral.com\\\/2023\\\/06\\\/la-ciudad-del-penon-se-prepara-para-estrenar-el-i-festival-latino\\\/\",\"url\":\"https:\\\/\\\/radiolitoral.com\\\/2023\\\/06\\\/la-ciudad-del-penon-se-prepara-para-estrenar-el-i-festival-latino\\\/\",\"name\":\"La ciudad del Pe\u00f1\u00f3n se prepara para bailar al ritmo del I Festival Latino | R\u00e0dio Litoral\",\"isPartOf\":{\"@id\":\"https:\\\/\\\/radiolitoral.com\\\/#website\"},\"primaryImageOfPage\":{\"@id\":\"https:\\\/\\\/radiolitoral.com\\\/2023\\\/06\\\/la-ciudad-del-penon-se-prepara-para-estrenar-el-i-festival-latino\\\/#primaryimage\"},\"image\":{\"@id\":\"https:\\\/\\\/radiolitoral.com\\\/2023\\\/06\\\/la-ciudad-del-penon-se-prepara-para-estrenar-el-i-festival-latino\\\/#primaryimage\"},\"thumbnailUrl\":\"https:\\\/\\\/media.radiolitoral.com\\\/wp-content\\\/uploads\\\/2023\\\/06\\\/27230540\\\/347414153_10229843896538988_3171123640779087829_n.jpg\",\"datePublished\":\"2023-06-27T21:09:03+00:00\",\"dateModified\":\"2023-06-27T21:26:24+00:00\",\"description\":\"La plaza Mayor congregar\u00e1 a los amantes del baile el pr\u00f3ximo 8 de julio La plaza Mayor congregar\u00e1 a los amantes del baile el pr\u00f3ximo 8 de julio\",\"breadcrumb\":{\"@id\":\"https:\\\/\\\/radiolitoral.com\\\/2023\\\/06\\\/la-ciudad-del-penon-se-prepara-para-estrenar-el-i-festival-latino\\\/#breadcrumb\"},\"inLanguage\":\"ca\",\"potentialAction\":[{\"@type\":\"ReadAction\",\"target\":[\"https:\\\/\\\/radiolitoral.com\\\/2023\\\/06\\\/la-ciudad-del-penon-se-prepara-para-estrenar-el-i-festival-latino\\\/\"]}]},{\"@type\":\"ImageObject\",\"inLanguage\":\"ca\",\"@id\":\"https:\\\/\\\/radiolitoral.com\\\/2023\\\/06\\\/la-ciudad-del-penon-se-prepara-para-estrenar-el-i-festival-latino\\\/#primaryimage\",\"url\":\"https:\\\/\\\/media.radiolitoral.com\\\/wp-content\\\/uploads\\\/2023\\\/06\\\/27230540\\\/347414153_10229843896538988_3171123640779087829_n.jpg\",\"contentUrl\":\"https:\\\/\\\/media.radiolitoral.com\\\/wp-content\\\/uploads\\\/2023\\\/06\\\/27230540\\\/347414153_10229843896538988_3171123640779087829_n.jpg\",\"width\":1244,\"height\":1600},{\"@type\":\"BreadcrumbList\",\"@id\":\"https:\\\/\\\/radiolitoral.com\\\/2023\\\/06\\\/la-ciudad-del-penon-se-prepara-para-estrenar-el-i-festival-latino\\\/#breadcrumb\",\"itemListElement\":[{\"@type\":\"ListItem\",\"position\":1,\"name\":\"Portada\",\"item\":\"https:\\\/\\\/radiolitoral.com\\\/\"},{\"@type\":\"ListItem\",\"position\":2,\"name\":\"La ciudad del Pe\u00f1\u00f3n se prepara para bailar al ritmo del I Festival Latino\"}]},{\"@type\":\"WebSite\",\"@id\":\"https:\\\/\\\/radiolitoral.com\\\/#website\",\"url\":\"https:\\\/\\\/radiolitoral.com\\\/\",\"name\":\"Radio Litoral\",\"description\":\"La radio local de la Marina Alta\",\"publisher\":{\"@id\":\"https:\\\/\\\/radiolitoral.com\\\/#organization\"},\"alternateName\":\"Litoral FM\",\"potentialAction\":[{\"@type\":\"SearchAction\",\"target\":{\"@type\":\"EntryPoint\",\"urlTemplate\":\"https:\\\/\\\/radiolitoral.com\\\/?s={search_term_string}\"},\"query-input\":{\"@type\":\"PropertyValueSpecification\",\"valueRequired\":true,\"valueName\":\"search_term_string\"}}],\"inLanguage\":\"ca\"},{\"@type\":\"Organization\",\"@id\":\"https:\\\/\\\/radiolitoral.com\\\/#organization\",\"name\":\"Radio Litoral\",\"url\":\"https:\\\/\\\/radiolitoral.com\\\/\",\"logo\":{\"@type\":\"ImageObject\",\"inLanguage\":\"ca\",\"@id\":\"https:\\\/\\\/radiolitoral.com\\\/#\\\/schema\\\/logo\\\/image\\\/\",\"url\":\"https:\\\/\\\/media.radiolitoral.com\\\/wp-content\\\/uploads\\\/2023\\\/02\\\/24143238\\\/CL-V-RadioLitoral696.png\",\"contentUrl\":\"https:\\\/\\\/media.radiolitoral.com\\\/wp-content\\\/uploads\\\/2023\\\/02\\\/24143238\\\/CL-V-RadioLitoral696.png\",\"width\":696,\"height\":696,\"caption\":\"Radio Litoral\"},\"image\":{\"@id\":\"https:\\\/\\\/radiolitoral.com\\\/#\\\/schema\\\/logo\\\/image\\\/\"},\"sameAs\":[\"https:\\\/\\\/www.facebook.com\\\/Laradiolitoral\\\/\"]},{\"@type\":\"Person\",\"@id\":\"https:\\\/\\\/radiolitoral.com\\\/#\\\/schema\\\/person\\\/aad4f72efa404f85b68e832d24cac059\",\"name\":\"Mel Pescuezo\",\"image\":{\"@type\":\"ImageObject\",\"inLanguage\":\"ca\",\"@id\":\"https:\\\/\\\/secure.gravatar.com\\\/avatar\\\/993975ae489c70cb0dd9bfa9413a082f0bd276582dac13661af7b33f161e7eea?s=96&d=mm&r=g\",\"url\":\"https:\\\/\\\/secure.gravatar.com\\\/avatar\\\/993975ae489c70cb0dd9bfa9413a082f0bd276582dac13661af7b33f161e7eea?s=96&d=mm&r=g\",\"contentUrl\":\"https:\\\/\\\/secure.gravatar.com\\\/avatar\\\/993975ae489c70cb0dd9bfa9413a082f0bd276582dac13661af7b33f161e7eea?s=96&d=mm&r=g\",\"caption\":\"Mel Pescuezo\"},\"url\":\"https:\\\/\\\/radiolitoral.com\\\/ca\\\/author\\\/serviciospararadios\\\/\"}]}<\/script>\n<!-- \/ Yoast SEO plugin. -->","yoast_head_json":{"title":"La ciutat del Penyal es prepara per ballar al ritme de l&#039;I Festival Llat\u00ed | R\u00e0dio Litoral","description":"La pla\u00e7a Major congregar\u00e0 els amants del ball el proper 8 de juliol La pla\u00e7a Major congregar\u00e0 els amants del ball el proper 8 de juliol","robots":{"index":"index","follow":"follow","max-snippet":"max-snippet:-1","max-image-preview":"max-image-preview:large","max-video-preview":"max-video-preview:-1"},"canonical":"https:\/\/radiolitoral.com\/ca\/2023\/06\/la-ciutat-del-peno-es-prepara-per-estrenar-el-festival-llati\/","og_locale":"ca_ES","og_type":"article","og_title":"La ciudad del Pe\u00f1\u00f3n se prepara para bailar al ritmo del I Festival Latino | R\u00e0dio Litoral","og_description":"La plaza Mayor congregar\u00e1 a los amantes del baile el pr\u00f3ximo 8 de julio La plaza Mayor congregar\u00e1 a los amantes del baile el pr\u00f3ximo 8 de julio","og_url":"https:\/\/radiolitoral.com\/ca\/2023\/06\/la-ciutat-del-peno-es-prepara-per-estrenar-el-festival-llati\/","og_site_name":"R\u00e0dio Litoral","article_publisher":"https:\/\/www.facebook.com\/Laradiolitoral\/","article_published_time":"2023-06-27T21:09:03+00:00","article_modified_time":"2023-06-27T21:26:24+00:00","og_image":[{"width":1244,"height":1600,"url":"https:\/\/media.radiolitoral.com\/wp-content\/uploads\/2023\/06\/27230540\/347414153_10229843896538988_3171123640779087829_n.jpg","type":"image\/jpeg"}],"author":"Mel Pescuezo","twitter_card":"summary_large_image","twitter_misc":{"Escrit per":"Mel Pescuezo","Temps estimat de lectura":"1 minut"},"schema":{"@context":"https:\/\/schema.org","@graph":[{"@type":"NewsArticle","@id":"https:\/\/radiolitoral.com\/2023\/06\/la-ciudad-del-penon-se-prepara-para-estrenar-el-i-festival-latino\/#article","isPartOf":{"@id":"https:\/\/radiolitoral.com\/2023\/06\/la-ciudad-del-penon-se-prepara-para-estrenar-el-i-festival-latino\/"},"author":{"name":"Mel Pescuezo","@id":"https:\/\/radiolitoral.com\/#\/schema\/person\/aad4f72efa404f85b68e832d24cac059"},"headline":"La ciudad del Pe\u00f1\u00f3n se prepara para bailar al ritmo del I Festival Latino","datePublished":"2023-06-27T21:09:03+00:00","dateModified":"2023-06-27T21:26:24+00:00","mainEntityOfPage":{"@id":"https:\/\/radiolitoral.com\/2023\/06\/la-ciudad-del-penon-se-prepara-para-estrenar-el-i-festival-latino\/"},"wordCount":84,"commentCount":0,"publisher":{"@id":"https:\/\/radiolitoral.com\/#organization"},"image":{"@id":"https:\/\/radiolitoral.com\/2023\/06\/la-ciudad-del-penon-se-prepara-para-estrenar-el-i-festival-latino\/#primaryimage"},"thumbnailUrl":"https:\/\/media.radiolitoral.com\/wp-content\/uploads\/2023\/06\/27230540\/347414153_10229843896538988_3171123640779087829_n.jpg","keywords":["agenda Calp","Calp","Festival Calp"],"articleSection":["Fiestas"],"inLanguage":"ca","potentialAction":[{"@type":"CommentAction","name":"Comment","target":["https:\/\/radiolitoral.com\/2023\/06\/la-ciudad-del-penon-se-prepara-para-estrenar-el-i-festival-latino\/#respond"]}]},{"@type":["WebPage","ItemPage"],"@id":"https:\/\/radiolitoral.com\/2023\/06\/la-ciudad-del-penon-se-prepara-para-estrenar-el-i-festival-latino\/","url":"https:\/\/radiolitoral.com\/2023\/06\/la-ciudad-del-penon-se-prepara-para-estrenar-el-i-festival-latino\/","name":"La ciutat del Penyal es prepara per ballar al ritme de l&#039;I Festival Llat\u00ed | R\u00e0dio Litoral","isPartOf":{"@id":"https:\/\/radiolitoral.com\/#website"},"primaryImageOfPage":{"@id":"https:\/\/radiolitoral.com\/2023\/06\/la-ciudad-del-penon-se-prepara-para-estrenar-el-i-festival-latino\/#primaryimage"},"image":{"@id":"https:\/\/radiolitoral.com\/2023\/06\/la-ciudad-del-penon-se-prepara-para-estrenar-el-i-festival-latino\/#primaryimage"},"thumbnailUrl":"https:\/\/media.radiolitoral.com\/wp-content\/uploads\/2023\/06\/27230540\/347414153_10229843896538988_3171123640779087829_n.jpg","datePublished":"2023-06-27T21:09:03+00:00","dateModified":"2023-06-27T21:26:24+00:00","description":"La pla\u00e7a Major congregar\u00e0 els amants del ball el proper 8 de juliol La pla\u00e7a Major congregar\u00e0 els amants del ball el proper 8 de juliol","breadcrumb":{"@id":"https:\/\/radiolitoral.com\/2023\/06\/la-ciudad-del-penon-se-prepara-para-estrenar-el-i-festival-latino\/#breadcrumb"},"inLanguage":"ca","potentialAction":[{"@type":"ReadAction","target":["https:\/\/radiolitoral.com\/2023\/06\/la-ciudad-del-penon-se-prepara-para-estrenar-el-i-festival-latino\/"]}]},{"@type":"ImageObject","inLanguage":"ca","@id":"https:\/\/radiolitoral.com\/2023\/06\/la-ciudad-del-penon-se-prepara-para-estrenar-el-i-festival-latino\/#primaryimage","url":"https:\/\/media.radiolitoral.com\/wp-content\/uploads\/2023\/06\/27230540\/347414153_10229843896538988_3171123640779087829_n.jpg","contentUrl":"https:\/\/media.radiolitoral.com\/wp-content\/uploads\/2023\/06\/27230540\/347414153_10229843896538988_3171123640779087829_n.jpg","width":1244,"height":1600},{"@type":"BreadcrumbList","@id":"https:\/\/radiolitoral.com\/2023\/06\/la-ciudad-del-penon-se-prepara-para-estrenar-el-i-festival-latino\/#breadcrumb","itemListElement":[{"@type":"ListItem","position":1,"name":"Portada","item":"https:\/\/radiolitoral.com\/"},{"@type":"ListItem","position":2,"name":"La ciudad del Pe\u00f1\u00f3n se prepara para bailar al ritmo del I Festival Latino"}]},{"@type":"WebSite","@id":"https:\/\/radiolitoral.com\/#website","url":"https:\/\/radiolitoral.com\/","name":"R\u00e0dio Litoral","description":"La r\u00e0dio local de la Marina Alta","publisher":{"@id":"https:\/\/radiolitoral.com\/#organization"},"alternateName":"Litoral FM","potentialAction":[{"@type":"SearchAction","target":{"@type":"EntryPoint","urlTemplate":"https:\/\/radiolitoral.com\/?s={search_term_string}"},"query-input":{"@type":"PropertyValueSpecification","valueRequired":true,"valueName":"search_term_string"}}],"inLanguage":"ca"},{"@type":"Organization","@id":"https:\/\/radiolitoral.com\/#organization","name":"R\u00e0dio Litoral","url":"https:\/\/radiolitoral.com\/","logo":{"@type":"ImageObject","inLanguage":"ca","@id":"https:\/\/radiolitoral.com\/#\/schema\/logo\/image\/","url":"https:\/\/media.radiolitoral.com\/wp-content\/uploads\/2023\/02\/24143238\/CL-V-RadioLitoral696.png","contentUrl":"https:\/\/media.radiolitoral.com\/wp-content\/uploads\/2023\/02\/24143238\/CL-V-RadioLitoral696.png","width":696,"height":696,"caption":"Radio Litoral"},"image":{"@id":"https:\/\/radiolitoral.com\/#\/schema\/logo\/image\/"},"sameAs":["https:\/\/www.facebook.com\/Laradiolitoral\/"]},{"@type":"Person","@id":"https:\/\/radiolitoral.com\/#\/schema\/person\/aad4f72efa404f85b68e832d24cac059","name":"Mel Pescuezo","image":{"@type":"ImageObject","inLanguage":"ca","@id":"https:\/\/secure.gravatar.com\/avatar\/993975ae489c70cb0dd9bfa9413a082f0bd276582dac13661af7b33f161e7eea?s=96&d=mm&r=g","url":"https:\/\/secure.gravatar.com\/avatar\/993975ae489c70cb0dd9bfa9413a082f0bd276582dac13661af7b33f161e7eea?s=96&d=mm&r=g","contentUrl":"https:\/\/secure.gravatar.com\/avatar\/993975ae489c70cb0dd9bfa9413a082f0bd276582dac13661af7b33f161e7eea?s=96&d=mm&r=g","caption":"Mel Pescuezo"},"url":"https:\/\/radiolitoral.com\/ca\/author\/serviciospararadios\/"}]}},"_links":{"self":[{"href":"https:\/\/radiolitoral.com\/ca\/wp-json\/wp\/v2\/posts\/4421","targetHints":{"allow":["GET"]}}],"collection":[{"href":"https:\/\/radiolitoral.com\/ca\/wp-json\/wp\/v2\/posts"}],"about":[{"href":"https:\/\/radiolitoral.com\/ca\/wp-json\/wp\/v2\/types\/post"}],"author":[{"embeddable":true,"href":"https:\/\/radiolitoral.com\/ca\/wp-json\/wp\/v2\/users\/21"}],"replies":[{"embeddable":true,"href":"https:\/\/radiolitoral.com\/ca\/wp-json\/wp\/v2\/comments?post=4421"}],"version-history":[{"count":3,"href":"https:\/\/radiolitoral.com\/ca\/wp-json\/wp\/v2\/posts\/4421\/revisions"}],"predecessor-version":[{"id":4431,"href":"https:\/\/radiolitoral.com\/ca\/wp-json\/wp\/v2\/posts\/4421\/revisions\/4431"}],"wp:featuredmedia":[{"embeddable":true,"href":"https:\/\/radiolitoral.com\/ca\/wp-json\/wp\/v2\/media\/4422"}],"wp:attachment":[{"href":"https:\/\/radiolitoral.com\/ca\/wp-json\/wp\/v2\/media?parent=4421"}],"wp:term":[{"taxonomy":"category","embeddable":true,"href":"https:\/\/radiolitoral.com\/ca\/wp-json\/wp\/v2\/categories?post=4421"},{"taxonomy":"post_tag","embeddable":true,"href":"https:\/\/radiolitoral.com\/ca\/wp-json\/wp\/v2\/tags?post=4421"}],"curies":[{"name":"wp","href":"https:\/\/api.w.org\/{rel}","templated":true}]}}