{"id":4416,"date":"2023-06-27T22:57:56","date_gmt":"2023-06-27T20:57:56","guid":{"rendered":"https:\/\/radiolitoral.com\/?p=4416"},"modified":"2023-06-27T23:10:58","modified_gmt":"2023-06-27T21:10:58","slug":"arturo-poquet-alcalde-de-benissa-ocupes-lesca-del-pp-a-la-diputacio-dalacant-per-la-marina-alta","status":"publish","type":"post","link":"https:\/\/radiolitoral.com\/ca\/2023\/06\/arturo-poquet-alcalde-de-benissa-ocupara-el-escano-del-pp-en-la-diputacion-de-alicante-por-la-marina-alta\/","title":{"rendered":"Arturo Poquet, alcalde de Benissa, ocupar\u00e0 l&#039;esc\u00f3 del PP a la Diputaci\u00f3 d&#039;Alacant per la Marina Alta"},"content":{"rendered":"<p>El popular Arturo Poquet, alcalde de Benissa, completa la terna de diputats de la Marina Alta a la Diputaci\u00f3 d&#039;Alacant. Tot i que el PP no ho ha fet p\u00fablic de forma oficial aquesta elecci\u00f3 \u00e9s ja \u00e9s un secret de domini p\u00fablic.<\/p>\n<p>Amb el nom del representant del Partit Popular, la comarca ja t\u00e9 designats els tres representants que li corresponen. Aquests s\u00f3n, el socialista Jos\u00e9 Ramiro, alcalde d&#039;Ondara, i el valencianista Ximo Perles, regidor de Comprom\u00eds al govern de Calp, al qual se suma, com indic\u00e0vem, el mun\u00edcipe de Benissa, Arturo Poquet. Un esc\u00f3 per al PP, un altre per al PSOE i un altre per a Coalici\u00f3 Comprom\u00eds a partir dels resultats del 28M a la Marina Alta.<\/p>\n<p>Assenyalar que el PP compta amb 16 llocs a la corporaci\u00f3 provincial, que li atorguen la majoria absoluta d&#039;aquesta administraci\u00f3, davant dels 13 del PSPV-PSOE, un de Vox i un altre de Comprom\u00eds.<\/p>\n<p>&nbsp;<\/p>","protected":false},"excerpt":{"rendered":"<p>El popular Arturo Poquet, alcalde de Benissa, completa la terna de diputados de la Marina Alta en la Diputaci\u00f3n de Alicante. Aunque el PP no lo ha hecho p\u00fablico de forma oficial esta elecci\u00f3n es ya es un secreto a voces. Con el nombre del representante del Partido Popular, la comarca ya tiene designados a [&#8230;]<\/p>\n<p><a class=\"btn btn-secondary understrap-read-more-link\" href=\"https:\/\/radiolitoral.com\/ca\/2023\/06\/arturo-poquet-alcalde-de-benissa-ocupara-el-escano-del-pp-en-la-diputacion-de-alicante-por-la-marina-alta\/\">Continua llegint&#8230;<span class=\"screen-reader-text\"> from Arturo Poquet, alcalde de Benissa, ocupar\u00e1 el esca\u00f1o del PP en la Diputaci\u00f3n de Alicante por la Marina Alta<\/span><\/a><\/p>\n","protected":false},"author":13,"featured_media":3568,"comment_status":"open","ping_status":"closed","sticky":false,"template":"","format":"standard","meta":{"_acf_changed":false,"inline_featured_image":false,"footnotes":""},"categories":[13],"tags":[],"class_list":["post-4416","post","type-post","status-publish","format-standard","has-post-thumbnail","hentry","category-politica","cobertura-benissa"],"acf":[],"yoast_head":"<!-- This site is optimized with the Yoast SEO plugin v27.5 - https:\/\/yoast.com\/product\/yoast-seo-wordpress\/ -->\n<title>Arturo Poquet, alcalde de Benissa, ocupar\u00e1 el esca\u00f1o del PP en la Diputaci\u00f3n de Alicante por la Marina Alta | R\u00e0dio Litoral<\/title>\n<meta name=\"description\" content=\"La noticia a\u00fan no se ha hecho oficial por parte del consistorio La noticia a\u00fan no se ha hecho oficial por parte del consistorio\" \/>\n<meta name=\"robots\" content=\"index, follow, max-snippet:-1, max-image-preview:large, max-video-preview:-1\" \/>\n<link rel=\"canonical\" href=\"https:\/\/radiolitoral.com\/ca\/2023\/06\/arturo-poquet-alcalde-de-benissa-ocupes-lesca-del-pp-a-la-diputacio-dalacant-per-la-marina-alta\/\" \/>\n<meta property=\"og:locale\" content=\"ca_ES\" \/>\n<meta property=\"og:type\" content=\"article\" \/>\n<meta property=\"og:title\" content=\"Arturo Poquet, alcalde de Benissa, ocupar\u00e1 el esca\u00f1o del PP en la Diputaci\u00f3n de Alicante por la Marina Alta | R\u00e0dio Litoral\" \/>\n<meta property=\"og:description\" content=\"La noticia a\u00fan no se ha hecho oficial por parte del consistorio La noticia a\u00fan no se ha hecho oficial por parte del consistorio\" \/>\n<meta property=\"og:url\" content=\"https:\/\/radiolitoral.com\/ca\/2023\/06\/arturo-poquet-alcalde-de-benissa-ocupes-lesca-del-pp-a-la-diputacio-dalacant-per-la-marina-alta\/\" \/>\n<meta property=\"og:site_name\" content=\"R\u00e0dio Litoral\" \/>\n<meta property=\"article:publisher\" content=\"https:\/\/www.facebook.com\/Laradiolitoral\/\" \/>\n<meta property=\"article:published_time\" content=\"2023-06-27T20:57:56+00:00\" \/>\n<meta property=\"article:modified_time\" content=\"2023-06-27T21:10:58+00:00\" \/>\n<meta property=\"og:image\" content=\"https:\/\/media.radiolitoral.com\/wp-content\/uploads\/2023\/05\/29170854\/Arturo-Poquet-e1685374511209.jpeg\" \/>\n\t<meta property=\"og:image:width\" content=\"683\" \/>\n\t<meta property=\"og:image:height\" content=\"470\" \/>\n\t<meta property=\"og:image:type\" content=\"image\/jpeg\" \/>\n<meta name=\"author\" content=\"Redacci\u00f3n\" \/>\n<meta name=\"twitter:card\" content=\"summary_large_image\" \/>\n<meta name=\"twitter:label1\" content=\"Escrit per\" \/>\n\t<meta name=\"twitter:data1\" content=\"Redacci\u00f3n\" \/>\n\t<meta name=\"twitter:label2\" content=\"Temps estimat de lectura\" \/>\n\t<meta name=\"twitter:data2\" content=\"1 minut\" \/>\n<script type=\"application\/ld+json\" class=\"yoast-schema-graph\">{\"@context\":\"https:\\\/\\\/schema.org\",\"@graph\":[{\"@type\":\"NewsArticle\",\"@id\":\"https:\\\/\\\/radiolitoral.com\\\/2023\\\/06\\\/arturo-poquet-alcalde-de-benissa-ocupara-el-escano-del-pp-en-la-diputacion-de-alicante-por-la-marina-alta\\\/#article\",\"isPartOf\":{\"@id\":\"https:\\\/\\\/radiolitoral.com\\\/2023\\\/06\\\/arturo-poquet-alcalde-de-benissa-ocupara-el-escano-del-pp-en-la-diputacion-de-alicante-por-la-marina-alta\\\/\"},\"author\":{\"name\":\"Redacci\u00f3n\",\"@id\":\"https:\\\/\\\/radiolitoral.com\\\/#\\\/schema\\\/person\\\/f2b2343c49b5d721857cc1002bfdb151\"},\"headline\":\"Arturo Poquet, alcalde de Benissa, ocupar\u00e1 el esca\u00f1o del PP en la Diputaci\u00f3n de Alicante por la Marina Alta\",\"datePublished\":\"2023-06-27T20:57:56+00:00\",\"dateModified\":\"2023-06-27T21:10:58+00:00\",\"mainEntityOfPage\":{\"@id\":\"https:\\\/\\\/radiolitoral.com\\\/2023\\\/06\\\/arturo-poquet-alcalde-de-benissa-ocupara-el-escano-del-pp-en-la-diputacion-de-alicante-por-la-marina-alta\\\/\"},\"wordCount\":187,\"commentCount\":0,\"publisher\":{\"@id\":\"https:\\\/\\\/radiolitoral.com\\\/#organization\"},\"image\":{\"@id\":\"https:\\\/\\\/radiolitoral.com\\\/2023\\\/06\\\/arturo-poquet-alcalde-de-benissa-ocupara-el-escano-del-pp-en-la-diputacion-de-alicante-por-la-marina-alta\\\/#primaryimage\"},\"thumbnailUrl\":\"https:\\\/\\\/media.radiolitoral.com\\\/wp-content\\\/uploads\\\/2023\\\/05\\\/29170854\\\/Arturo-Poquet-e1685374511209.jpeg\",\"articleSection\":[\"Pol\u00edtica\"],\"inLanguage\":\"ca\",\"potentialAction\":[{\"@type\":\"CommentAction\",\"name\":\"Comment\",\"target\":[\"https:\\\/\\\/radiolitoral.com\\\/2023\\\/06\\\/arturo-poquet-alcalde-de-benissa-ocupara-el-escano-del-pp-en-la-diputacion-de-alicante-por-la-marina-alta\\\/#respond\"]}]},{\"@type\":[\"WebPage\",\"ItemPage\"],\"@id\":\"https:\\\/\\\/radiolitoral.com\\\/2023\\\/06\\\/arturo-poquet-alcalde-de-benissa-ocupara-el-escano-del-pp-en-la-diputacion-de-alicante-por-la-marina-alta\\\/\",\"url\":\"https:\\\/\\\/radiolitoral.com\\\/2023\\\/06\\\/arturo-poquet-alcalde-de-benissa-ocupara-el-escano-del-pp-en-la-diputacion-de-alicante-por-la-marina-alta\\\/\",\"name\":\"Arturo Poquet, alcalde de Benissa, ocupar\u00e1 el esca\u00f1o del PP en la Diputaci\u00f3n de Alicante por la Marina Alta | R\u00e0dio Litoral\",\"isPartOf\":{\"@id\":\"https:\\\/\\\/radiolitoral.com\\\/#website\"},\"primaryImageOfPage\":{\"@id\":\"https:\\\/\\\/radiolitoral.com\\\/2023\\\/06\\\/arturo-poquet-alcalde-de-benissa-ocupara-el-escano-del-pp-en-la-diputacion-de-alicante-por-la-marina-alta\\\/#primaryimage\"},\"image\":{\"@id\":\"https:\\\/\\\/radiolitoral.com\\\/2023\\\/06\\\/arturo-poquet-alcalde-de-benissa-ocupara-el-escano-del-pp-en-la-diputacion-de-alicante-por-la-marina-alta\\\/#primaryimage\"},\"thumbnailUrl\":\"https:\\\/\\\/media.radiolitoral.com\\\/wp-content\\\/uploads\\\/2023\\\/05\\\/29170854\\\/Arturo-Poquet-e1685374511209.jpeg\",\"datePublished\":\"2023-06-27T20:57:56+00:00\",\"dateModified\":\"2023-06-27T21:10:58+00:00\",\"description\":\"La noticia a\u00fan no se ha hecho oficial por parte del consistorio La noticia a\u00fan no se ha hecho oficial por parte del consistorio\",\"breadcrumb\":{\"@id\":\"https:\\\/\\\/radiolitoral.com\\\/2023\\\/06\\\/arturo-poquet-alcalde-de-benissa-ocupara-el-escano-del-pp-en-la-diputacion-de-alicante-por-la-marina-alta\\\/#breadcrumb\"},\"inLanguage\":\"ca\",\"potentialAction\":[{\"@type\":\"ReadAction\",\"target\":[\"https:\\\/\\\/radiolitoral.com\\\/2023\\\/06\\\/arturo-poquet-alcalde-de-benissa-ocupara-el-escano-del-pp-en-la-diputacion-de-alicante-por-la-marina-alta\\\/\"]}]},{\"@type\":\"ImageObject\",\"inLanguage\":\"ca\",\"@id\":\"https:\\\/\\\/radiolitoral.com\\\/2023\\\/06\\\/arturo-poquet-alcalde-de-benissa-ocupara-el-escano-del-pp-en-la-diputacion-de-alicante-por-la-marina-alta\\\/#primaryimage\",\"url\":\"https:\\\/\\\/media.radiolitoral.com\\\/wp-content\\\/uploads\\\/2023\\\/05\\\/29170854\\\/Arturo-Poquet-e1685374511209.jpeg\",\"contentUrl\":\"https:\\\/\\\/media.radiolitoral.com\\\/wp-content\\\/uploads\\\/2023\\\/05\\\/29170854\\\/Arturo-Poquet-e1685374511209.jpeg\",\"width\":683,\"height\":470},{\"@type\":\"BreadcrumbList\",\"@id\":\"https:\\\/\\\/radiolitoral.com\\\/2023\\\/06\\\/arturo-poquet-alcalde-de-benissa-ocupara-el-escano-del-pp-en-la-diputacion-de-alicante-por-la-marina-alta\\\/#breadcrumb\",\"itemListElement\":[{\"@type\":\"ListItem\",\"position\":1,\"name\":\"Portada\",\"item\":\"https:\\\/\\\/radiolitoral.com\\\/\"},{\"@type\":\"ListItem\",\"position\":2,\"name\":\"Arturo Poquet, alcalde de Benissa, ocupar\u00e1 el esca\u00f1o del PP en la Diputaci\u00f3n de Alicante por la Marina Alta\"}]},{\"@type\":\"WebSite\",\"@id\":\"https:\\\/\\\/radiolitoral.com\\\/#website\",\"url\":\"https:\\\/\\\/radiolitoral.com\\\/\",\"name\":\"Radio Litoral\",\"description\":\"La radio local de la Marina Alta\",\"publisher\":{\"@id\":\"https:\\\/\\\/radiolitoral.com\\\/#organization\"},\"alternateName\":\"Litoral FM\",\"potentialAction\":[{\"@type\":\"SearchAction\",\"target\":{\"@type\":\"EntryPoint\",\"urlTemplate\":\"https:\\\/\\\/radiolitoral.com\\\/?s={search_term_string}\"},\"query-input\":{\"@type\":\"PropertyValueSpecification\",\"valueRequired\":true,\"valueName\":\"search_term_string\"}}],\"inLanguage\":\"ca\"},{\"@type\":\"Organization\",\"@id\":\"https:\\\/\\\/radiolitoral.com\\\/#organization\",\"name\":\"Radio Litoral\",\"url\":\"https:\\\/\\\/radiolitoral.com\\\/\",\"logo\":{\"@type\":\"ImageObject\",\"inLanguage\":\"ca\",\"@id\":\"https:\\\/\\\/radiolitoral.com\\\/#\\\/schema\\\/logo\\\/image\\\/\",\"url\":\"https:\\\/\\\/media.radiolitoral.com\\\/wp-content\\\/uploads\\\/2023\\\/02\\\/24143238\\\/CL-V-RadioLitoral696.png\",\"contentUrl\":\"https:\\\/\\\/media.radiolitoral.com\\\/wp-content\\\/uploads\\\/2023\\\/02\\\/24143238\\\/CL-V-RadioLitoral696.png\",\"width\":696,\"height\":696,\"caption\":\"Radio Litoral\"},\"image\":{\"@id\":\"https:\\\/\\\/radiolitoral.com\\\/#\\\/schema\\\/logo\\\/image\\\/\"},\"sameAs\":[\"https:\\\/\\\/www.facebook.com\\\/Laradiolitoral\\\/\"]},{\"@type\":\"Person\",\"@id\":\"https:\\\/\\\/radiolitoral.com\\\/#\\\/schema\\\/person\\\/f2b2343c49b5d721857cc1002bfdb151\",\"name\":\"Redacci\u00f3n\",\"image\":{\"@type\":\"ImageObject\",\"inLanguage\":\"ca\",\"@id\":\"https:\\\/\\\/secure.gravatar.com\\\/avatar\\\/f771d896c203ad8b3382d7905cfcce5a5c9b008b84b3cd9114e9b9f4cb63f789?s=96&d=mm&r=g\",\"url\":\"https:\\\/\\\/secure.gravatar.com\\\/avatar\\\/f771d896c203ad8b3382d7905cfcce5a5c9b008b84b3cd9114e9b9f4cb63f789?s=96&d=mm&r=g\",\"contentUrl\":\"https:\\\/\\\/secure.gravatar.com\\\/avatar\\\/f771d896c203ad8b3382d7905cfcce5a5c9b008b84b3cd9114e9b9f4cb63f789?s=96&d=mm&r=g\",\"caption\":\"Redacci\u00f3n\"},\"url\":\"https:\\\/\\\/radiolitoral.com\\\/ca\\\/author\\\/miriam-pagan\\\/\"}]}<\/script>\n<!-- \/ Yoast SEO plugin. -->","yoast_head_json":{"title":"Arturo Poquet, alcalde de Benissa, ocupar\u00e0 l&#039;esc\u00f3 del PP a la Diputaci\u00f3 d&#039;Alacant per la Marina Alta | R\u00e0dio Litoral","description":"La not\u00edcia encara no s&#039;ha fet oficial per part del consistori La not\u00edcia encara no s&#039;ha fet oficial per part del consistori","robots":{"index":"index","follow":"follow","max-snippet":"max-snippet:-1","max-image-preview":"max-image-preview:large","max-video-preview":"max-video-preview:-1"},"canonical":"https:\/\/radiolitoral.com\/ca\/2023\/06\/arturo-poquet-alcalde-de-benissa-ocupes-lesca-del-pp-a-la-diputacio-dalacant-per-la-marina-alta\/","og_locale":"ca_ES","og_type":"article","og_title":"Arturo Poquet, alcalde de Benissa, ocupar\u00e1 el esca\u00f1o del PP en la Diputaci\u00f3n de Alicante por la Marina Alta | R\u00e0dio Litoral","og_description":"La noticia a\u00fan no se ha hecho oficial por parte del consistorio La noticia a\u00fan no se ha hecho oficial por parte del consistorio","og_url":"https:\/\/radiolitoral.com\/ca\/2023\/06\/arturo-poquet-alcalde-de-benissa-ocupes-lesca-del-pp-a-la-diputacio-dalacant-per-la-marina-alta\/","og_site_name":"R\u00e0dio Litoral","article_publisher":"https:\/\/www.facebook.com\/Laradiolitoral\/","article_published_time":"2023-06-27T20:57:56+00:00","article_modified_time":"2023-06-27T21:10:58+00:00","og_image":[{"width":683,"height":470,"url":"https:\/\/media.radiolitoral.com\/wp-content\/uploads\/2023\/05\/29170854\/Arturo-Poquet-e1685374511209.jpeg","type":"image\/jpeg"}],"author":"Redacci\u00f3n","twitter_card":"summary_large_image","twitter_misc":{"Escrit per":"Redacci\u00f3n","Temps estimat de lectura":"1 minut"},"schema":{"@context":"https:\/\/schema.org","@graph":[{"@type":"NewsArticle","@id":"https:\/\/radiolitoral.com\/2023\/06\/arturo-poquet-alcalde-de-benissa-ocupara-el-escano-del-pp-en-la-diputacion-de-alicante-por-la-marina-alta\/#article","isPartOf":{"@id":"https:\/\/radiolitoral.com\/2023\/06\/arturo-poquet-alcalde-de-benissa-ocupara-el-escano-del-pp-en-la-diputacion-de-alicante-por-la-marina-alta\/"},"author":{"name":"Redacci\u00f3n","@id":"https:\/\/radiolitoral.com\/#\/schema\/person\/f2b2343c49b5d721857cc1002bfdb151"},"headline":"Arturo Poquet, alcalde de Benissa, ocupar\u00e1 el esca\u00f1o del PP en la Diputaci\u00f3n de Alicante por la Marina Alta","datePublished":"2023-06-27T20:57:56+00:00","dateModified":"2023-06-27T21:10:58+00:00","mainEntityOfPage":{"@id":"https:\/\/radiolitoral.com\/2023\/06\/arturo-poquet-alcalde-de-benissa-ocupara-el-escano-del-pp-en-la-diputacion-de-alicante-por-la-marina-alta\/"},"wordCount":187,"commentCount":0,"publisher":{"@id":"https:\/\/radiolitoral.com\/#organization"},"image":{"@id":"https:\/\/radiolitoral.com\/2023\/06\/arturo-poquet-alcalde-de-benissa-ocupara-el-escano-del-pp-en-la-diputacion-de-alicante-por-la-marina-alta\/#primaryimage"},"thumbnailUrl":"https:\/\/media.radiolitoral.com\/wp-content\/uploads\/2023\/05\/29170854\/Arturo-Poquet-e1685374511209.jpeg","articleSection":["Pol\u00edtica"],"inLanguage":"ca","potentialAction":[{"@type":"CommentAction","name":"Comment","target":["https:\/\/radiolitoral.com\/2023\/06\/arturo-poquet-alcalde-de-benissa-ocupara-el-escano-del-pp-en-la-diputacion-de-alicante-por-la-marina-alta\/#respond"]}]},{"@type":["WebPage","ItemPage"],"@id":"https:\/\/radiolitoral.com\/2023\/06\/arturo-poquet-alcalde-de-benissa-ocupara-el-escano-del-pp-en-la-diputacion-de-alicante-por-la-marina-alta\/","url":"https:\/\/radiolitoral.com\/2023\/06\/arturo-poquet-alcalde-de-benissa-ocupara-el-escano-del-pp-en-la-diputacion-de-alicante-por-la-marina-alta\/","name":"Arturo Poquet, alcalde de Benissa, ocupar\u00e0 l&#039;esc\u00f3 del PP a la Diputaci\u00f3 d&#039;Alacant per la Marina Alta | R\u00e0dio Litoral","isPartOf":{"@id":"https:\/\/radiolitoral.com\/#website"},"primaryImageOfPage":{"@id":"https:\/\/radiolitoral.com\/2023\/06\/arturo-poquet-alcalde-de-benissa-ocupara-el-escano-del-pp-en-la-diputacion-de-alicante-por-la-marina-alta\/#primaryimage"},"image":{"@id":"https:\/\/radiolitoral.com\/2023\/06\/arturo-poquet-alcalde-de-benissa-ocupara-el-escano-del-pp-en-la-diputacion-de-alicante-por-la-marina-alta\/#primaryimage"},"thumbnailUrl":"https:\/\/media.radiolitoral.com\/wp-content\/uploads\/2023\/05\/29170854\/Arturo-Poquet-e1685374511209.jpeg","datePublished":"2023-06-27T20:57:56+00:00","dateModified":"2023-06-27T21:10:58+00:00","description":"La not\u00edcia encara no s&#039;ha fet oficial per part del consistori La not\u00edcia encara no s&#039;ha fet oficial per part del consistori","breadcrumb":{"@id":"https:\/\/radiolitoral.com\/2023\/06\/arturo-poquet-alcalde-de-benissa-ocupara-el-escano-del-pp-en-la-diputacion-de-alicante-por-la-marina-alta\/#breadcrumb"},"inLanguage":"ca","potentialAction":[{"@type":"ReadAction","target":["https:\/\/radiolitoral.com\/2023\/06\/arturo-poquet-alcalde-de-benissa-ocupara-el-escano-del-pp-en-la-diputacion-de-alicante-por-la-marina-alta\/"]}]},{"@type":"ImageObject","inLanguage":"ca","@id":"https:\/\/radiolitoral.com\/2023\/06\/arturo-poquet-alcalde-de-benissa-ocupara-el-escano-del-pp-en-la-diputacion-de-alicante-por-la-marina-alta\/#primaryimage","url":"https:\/\/media.radiolitoral.com\/wp-content\/uploads\/2023\/05\/29170854\/Arturo-Poquet-e1685374511209.jpeg","contentUrl":"https:\/\/media.radiolitoral.com\/wp-content\/uploads\/2023\/05\/29170854\/Arturo-Poquet-e1685374511209.jpeg","width":683,"height":470},{"@type":"BreadcrumbList","@id":"https:\/\/radiolitoral.com\/2023\/06\/arturo-poquet-alcalde-de-benissa-ocupara-el-escano-del-pp-en-la-diputacion-de-alicante-por-la-marina-alta\/#breadcrumb","itemListElement":[{"@type":"ListItem","position":1,"name":"Portada","item":"https:\/\/radiolitoral.com\/"},{"@type":"ListItem","position":2,"name":"Arturo Poquet, alcalde de Benissa, ocupar\u00e1 el esca\u00f1o del PP en la Diputaci\u00f3n de Alicante por la Marina Alta"}]},{"@type":"WebSite","@id":"https:\/\/radiolitoral.com\/#website","url":"https:\/\/radiolitoral.com\/","name":"R\u00e0dio Litoral","description":"La r\u00e0dio local de la Marina Alta","publisher":{"@id":"https:\/\/radiolitoral.com\/#organization"},"alternateName":"Litoral FM","potentialAction":[{"@type":"SearchAction","target":{"@type":"EntryPoint","urlTemplate":"https:\/\/radiolitoral.com\/?s={search_term_string}"},"query-input":{"@type":"PropertyValueSpecification","valueRequired":true,"valueName":"search_term_string"}}],"inLanguage":"ca"},{"@type":"Organization","@id":"https:\/\/radiolitoral.com\/#organization","name":"R\u00e0dio Litoral","url":"https:\/\/radiolitoral.com\/","logo":{"@type":"ImageObject","inLanguage":"ca","@id":"https:\/\/radiolitoral.com\/#\/schema\/logo\/image\/","url":"https:\/\/media.radiolitoral.com\/wp-content\/uploads\/2023\/02\/24143238\/CL-V-RadioLitoral696.png","contentUrl":"https:\/\/media.radiolitoral.com\/wp-content\/uploads\/2023\/02\/24143238\/CL-V-RadioLitoral696.png","width":696,"height":696,"caption":"Radio Litoral"},"image":{"@id":"https:\/\/radiolitoral.com\/#\/schema\/logo\/image\/"},"sameAs":["https:\/\/www.facebook.com\/Laradiolitoral\/"]},{"@type":"Person","@id":"https:\/\/radiolitoral.com\/#\/schema\/person\/f2b2343c49b5d721857cc1002bfdb151","name":"Redacci\u00f3","image":{"@type":"ImageObject","inLanguage":"ca","@id":"https:\/\/secure.gravatar.com\/avatar\/f771d896c203ad8b3382d7905cfcce5a5c9b008b84b3cd9114e9b9f4cb63f789?s=96&d=mm&r=g","url":"https:\/\/secure.gravatar.com\/avatar\/f771d896c203ad8b3382d7905cfcce5a5c9b008b84b3cd9114e9b9f4cb63f789?s=96&d=mm&r=g","contentUrl":"https:\/\/secure.gravatar.com\/avatar\/f771d896c203ad8b3382d7905cfcce5a5c9b008b84b3cd9114e9b9f4cb63f789?s=96&d=mm&r=g","caption":"Redacci\u00f3n"},"url":"https:\/\/radiolitoral.com\/ca\/author\/miriam-pagan\/"}]}},"_links":{"self":[{"href":"https:\/\/radiolitoral.com\/ca\/wp-json\/wp\/v2\/posts\/4416","targetHints":{"allow":["GET"]}}],"collection":[{"href":"https:\/\/radiolitoral.com\/ca\/wp-json\/wp\/v2\/posts"}],"about":[{"href":"https:\/\/radiolitoral.com\/ca\/wp-json\/wp\/v2\/types\/post"}],"author":[{"embeddable":true,"href":"https:\/\/radiolitoral.com\/ca\/wp-json\/wp\/v2\/users\/13"}],"replies":[{"embeddable":true,"href":"https:\/\/radiolitoral.com\/ca\/wp-json\/wp\/v2\/comments?post=4416"}],"version-history":[{"count":1,"href":"https:\/\/radiolitoral.com\/ca\/wp-json\/wp\/v2\/posts\/4416\/revisions"}],"predecessor-version":[{"id":4417,"href":"https:\/\/radiolitoral.com\/ca\/wp-json\/wp\/v2\/posts\/4416\/revisions\/4417"}],"wp:featuredmedia":[{"embeddable":true,"href":"https:\/\/radiolitoral.com\/ca\/wp-json\/wp\/v2\/media\/3568"}],"wp:attachment":[{"href":"https:\/\/radiolitoral.com\/ca\/wp-json\/wp\/v2\/media?parent=4416"}],"wp:term":[{"taxonomy":"category","embeddable":true,"href":"https:\/\/radiolitoral.com\/ca\/wp-json\/wp\/v2\/categories?post=4416"},{"taxonomy":"post_tag","embeddable":true,"href":"https:\/\/radiolitoral.com\/ca\/wp-json\/wp\/v2\/tags?post=4416"}],"curies":[{"name":"wp","href":"https:\/\/api.w.org\/{rel}","templated":true}]}}