{"id":4393,"date":"2023-06-26T18:53:45","date_gmt":"2023-06-26T16:53:45","guid":{"rendered":"https:\/\/radiolitoral.com\/?p=4393"},"modified":"2023-06-26T18:53:59","modified_gmt":"2023-06-26T16:53:59","slug":"laboratori-de-contes-sobre-diversitat-per-celebrar-el-dia-internacional-de-lorgull-a-benitatxell","status":"publish","type":"post","link":"https:\/\/radiolitoral.com\/ca\/2023\/06\/laboratorio-de-cuentos-sobre-diversidad-para-celebrar-el-dia-internacional-del-orgullo-en-benitatxell\/","title":{"rendered":"&quot;Laboratori de contes sobre diversitat&quot; per celebrar el Dia Internacional de l&#039;Orgull a Benitatxell"},"content":{"rendered":"<p>El Poble Nou de Benitatxell que durant aquesta setmana d\u00f3na continu\u00eftat a la programaci\u00f3 especial amb qu\u00e8 celebrar i defensar els drets LGTBI+. Aquest dimecres 28 de juny, coincidint amb el Dia Internacional de l&#039;Orgull LGTBI+, es far\u00e0 a la Pla\u00e7a de l&#039;esgl\u00e9sia un \u201cLaboratori de contes sobre diversitat\u201d per a nenes i nens a partir de 4 anys i fam\u00edlies.<\/p>\n<p>El colof\u00f3 d&#039;aquesta celebraci\u00f3 ser\u00e0 el divendres 30 de juny amb la celebraci\u00f3 d&#039;una Festa Holi (pols de colors) per la diversitat i l&#039;orgull LGTBI+. Una festa que comptar\u00e0 amb m\u00fasica i DJ i que est\u00e0 adre\u00e7ada a la gent jove del municipi i de tota la comarca.<\/p>\n<p>Segons el regidor V\u00edctor Bisquert, \u201camb aquestes activitats des de l&#039;executiu es pret\u00e9n seguir reivindicat l&#039;alegria de poder estimar i viure lliurement i defensar un col\u00b7lectiu que ha patit i segueix patint exclusi\u00f3 i agressions, m\u00e9s en un moment d&#039;apogeu d&#039;idees reaccion\u00e0ries contr\u00e0ries als Drets LGTBI+, que s\u00f3n Drets Humans\u201d.<\/p>\n<audio class=\"wp-audio-shortcode\" id=\"audio-4393-1\" preload=\"none\" style=\"width: 100%;\" controls=\"controls\"><source type=\"audio\/mpeg\" src=\"https:\/\/media.radiolitoral.com\/wp-content\/uploads\/2023\/06\/26184912\/Victor-LGTBI.mp3?_=1\" \/><a href=\"https:\/\/media.radiolitoral.com\/wp-content\/uploads\/2023\/06\/26184912\/Victor-LGTBI.mp3\">https:\/\/media.radiolitoral.com\/wp-content\/uploads\/2023\/06\/26184912\/Victor-LGTBI.mp3<\/a><\/audio>","protected":false},"excerpt":{"rendered":"<p>El Poble Nou de Benitatxell que durante esta semana da continuidad a la programaci\u00f3n especial con la que celebrar y defender los derechos LGTBI+. Este mi\u00e9rcoles 28 de junio, coincidiendo con el D\u00eda Internacional del Orgullo LGTBI+, se realizar\u00e1 en la Plaza de la iglesia un \u201cLaboratorio de cuentos sobre diversidad\u201d para ni\u00f1as y ni\u00f1os [&#8230;]<\/p>\n<p><a class=\"btn btn-secondary understrap-read-more-link\" href=\"https:\/\/radiolitoral.com\/ca\/2023\/06\/laboratorio-de-cuentos-sobre-diversidad-para-celebrar-el-dia-internacional-del-orgullo-en-benitatxell\/\">Continua llegint&#8230;<span class=\"screen-reader-text\"> from \u201cLaboratorio de cuentos sobre diversidad\u201d para celebrar el D\u00eda Internacional del Orgullo en Benitatxell<\/span><\/a><\/p>\n","protected":false},"author":21,"featured_media":4395,"comment_status":"open","ping_status":"closed","sticky":false,"template":"","format":"standard","meta":{"_acf_changed":false,"inline_featured_image":false,"footnotes":""},"categories":[276],"tags":[805,788],"class_list":["post-4393","post","type-post","status-publish","format-standard","has-post-thumbnail","hentry","category-fiestas","tag-dia-internacional-del-orgullo","tag-orgullo","cobertura-poble-nou-de-benitatxell"],"acf":[],"yoast_head":"<!-- This site is optimized with the Yoast SEO plugin v27.5 - https:\/\/yoast.com\/product\/yoast-seo-wordpress\/ -->\n<title>\u201cLaboratorio de cuentos sobre diversidad\u201d para celebrar el D\u00eda Internacional del Orgullo en Benitatxell | R\u00e0dio Litoral<\/title>\n<meta name=\"description\" content=\"El colof\u00f3n de esta celebraci\u00f3n ser\u00e1 el viernes 30 de junio con la celebraci\u00f3n de una Fiesta Holi\" \/>\n<meta name=\"robots\" content=\"index, follow, max-snippet:-1, max-image-preview:large, max-video-preview:-1\" \/>\n<link rel=\"canonical\" href=\"https:\/\/radiolitoral.com\/ca\/2023\/06\/laboratori-de-contes-sobre-diversitat-per-celebrar-el-dia-internacional-de-lorgull-a-benitatxell\/\" \/>\n<meta property=\"og:locale\" content=\"ca_ES\" \/>\n<meta property=\"og:type\" content=\"article\" \/>\n<meta property=\"og:title\" content=\"\u201cLaboratorio de cuentos sobre diversidad\u201d para celebrar el D\u00eda Internacional del Orgullo en Benitatxell | R\u00e0dio Litoral\" \/>\n<meta property=\"og:description\" content=\"El colof\u00f3n de esta celebraci\u00f3n ser\u00e1 el viernes 30 de junio con la celebraci\u00f3n de una Fiesta Holi\" \/>\n<meta property=\"og:url\" content=\"https:\/\/radiolitoral.com\/ca\/2023\/06\/laboratori-de-contes-sobre-diversitat-per-celebrar-el-dia-internacional-de-lorgull-a-benitatxell\/\" \/>\n<meta property=\"og:site_name\" content=\"R\u00e0dio Litoral\" \/>\n<meta property=\"article:publisher\" content=\"https:\/\/www.facebook.com\/Laradiolitoral\/\" \/>\n<meta property=\"article:published_time\" content=\"2023-06-26T16:53:45+00:00\" \/>\n<meta property=\"article:modified_time\" content=\"2023-06-26T16:53:59+00:00\" \/>\n<meta property=\"og:image\" content=\"https:\/\/media.radiolitoral.com\/wp-content\/uploads\/2023\/06\/26185227\/CARTELL-ORGULL-1-346x490-1.jpg\" \/>\n\t<meta property=\"og:image:width\" content=\"346\" \/>\n\t<meta property=\"og:image:height\" content=\"490\" \/>\n\t<meta property=\"og:image:type\" content=\"image\/jpeg\" \/>\n<meta name=\"author\" content=\"Mel Pescuezo\" \/>\n<meta name=\"twitter:card\" content=\"summary_large_image\" \/>\n<meta name=\"twitter:label1\" content=\"Escrit per\" \/>\n\t<meta name=\"twitter:data1\" content=\"Mel Pescuezo\" \/>\n\t<meta name=\"twitter:label2\" content=\"Temps estimat de lectura\" \/>\n\t<meta name=\"twitter:data2\" content=\"1 minut\" \/>\n<script type=\"application\/ld+json\" class=\"yoast-schema-graph\">{\"@context\":\"https:\\\/\\\/schema.org\",\"@graph\":[{\"@type\":\"NewsArticle\",\"@id\":\"https:\\\/\\\/radiolitoral.com\\\/2023\\\/06\\\/laboratorio-de-cuentos-sobre-diversidad-para-celebrar-el-dia-internacional-del-orgullo-en-benitatxell\\\/#article\",\"isPartOf\":{\"@id\":\"https:\\\/\\\/radiolitoral.com\\\/2023\\\/06\\\/laboratorio-de-cuentos-sobre-diversidad-para-celebrar-el-dia-internacional-del-orgullo-en-benitatxell\\\/\"},\"author\":{\"name\":\"Mel Pescuezo\",\"@id\":\"https:\\\/\\\/radiolitoral.com\\\/#\\\/schema\\\/person\\\/aad4f72efa404f85b68e832d24cac059\"},\"headline\":\"\u201cLaboratorio de cuentos sobre diversidad\u201d para celebrar el D\u00eda Internacional del Orgullo en Benitatxell\",\"datePublished\":\"2023-06-26T16:53:45+00:00\",\"dateModified\":\"2023-06-26T16:53:59+00:00\",\"mainEntityOfPage\":{\"@id\":\"https:\\\/\\\/radiolitoral.com\\\/2023\\\/06\\\/laboratorio-de-cuentos-sobre-diversidad-para-celebrar-el-dia-internacional-del-orgullo-en-benitatxell\\\/\"},\"wordCount\":206,\"commentCount\":0,\"publisher\":{\"@id\":\"https:\\\/\\\/radiolitoral.com\\\/#organization\"},\"image\":{\"@id\":\"https:\\\/\\\/radiolitoral.com\\\/2023\\\/06\\\/laboratorio-de-cuentos-sobre-diversidad-para-celebrar-el-dia-internacional-del-orgullo-en-benitatxell\\\/#primaryimage\"},\"thumbnailUrl\":\"https:\\\/\\\/media.radiolitoral.com\\\/wp-content\\\/uploads\\\/2023\\\/06\\\/26185227\\\/CARTELL-ORGULL-1-346x490-1.jpg\",\"keywords\":[\"D\u00eda Internacional del Orgullo\",\"Orgullo\"],\"articleSection\":[\"Fiestas\"],\"inLanguage\":\"ca\",\"potentialAction\":[{\"@type\":\"CommentAction\",\"name\":\"Comment\",\"target\":[\"https:\\\/\\\/radiolitoral.com\\\/2023\\\/06\\\/laboratorio-de-cuentos-sobre-diversidad-para-celebrar-el-dia-internacional-del-orgullo-en-benitatxell\\\/#respond\"]}]},{\"@type\":[\"WebPage\",\"ItemPage\"],\"@id\":\"https:\\\/\\\/radiolitoral.com\\\/2023\\\/06\\\/laboratorio-de-cuentos-sobre-diversidad-para-celebrar-el-dia-internacional-del-orgullo-en-benitatxell\\\/\",\"url\":\"https:\\\/\\\/radiolitoral.com\\\/2023\\\/06\\\/laboratorio-de-cuentos-sobre-diversidad-para-celebrar-el-dia-internacional-del-orgullo-en-benitatxell\\\/\",\"name\":\"\u201cLaboratorio de cuentos sobre diversidad\u201d para celebrar el D\u00eda Internacional del Orgullo en Benitatxell | R\u00e0dio Litoral\",\"isPartOf\":{\"@id\":\"https:\\\/\\\/radiolitoral.com\\\/#website\"},\"primaryImageOfPage\":{\"@id\":\"https:\\\/\\\/radiolitoral.com\\\/2023\\\/06\\\/laboratorio-de-cuentos-sobre-diversidad-para-celebrar-el-dia-internacional-del-orgullo-en-benitatxell\\\/#primaryimage\"},\"image\":{\"@id\":\"https:\\\/\\\/radiolitoral.com\\\/2023\\\/06\\\/laboratorio-de-cuentos-sobre-diversidad-para-celebrar-el-dia-internacional-del-orgullo-en-benitatxell\\\/#primaryimage\"},\"thumbnailUrl\":\"https:\\\/\\\/media.radiolitoral.com\\\/wp-content\\\/uploads\\\/2023\\\/06\\\/26185227\\\/CARTELL-ORGULL-1-346x490-1.jpg\",\"datePublished\":\"2023-06-26T16:53:45+00:00\",\"dateModified\":\"2023-06-26T16:53:59+00:00\",\"description\":\"El colof\u00f3n de esta celebraci\u00f3n ser\u00e1 el viernes 30 de junio con la celebraci\u00f3n de una Fiesta Holi\",\"breadcrumb\":{\"@id\":\"https:\\\/\\\/radiolitoral.com\\\/2023\\\/06\\\/laboratorio-de-cuentos-sobre-diversidad-para-celebrar-el-dia-internacional-del-orgullo-en-benitatxell\\\/#breadcrumb\"},\"inLanguage\":\"ca\",\"potentialAction\":[{\"@type\":\"ReadAction\",\"target\":[\"https:\\\/\\\/radiolitoral.com\\\/2023\\\/06\\\/laboratorio-de-cuentos-sobre-diversidad-para-celebrar-el-dia-internacional-del-orgullo-en-benitatxell\\\/\"]}]},{\"@type\":\"ImageObject\",\"inLanguage\":\"ca\",\"@id\":\"https:\\\/\\\/radiolitoral.com\\\/2023\\\/06\\\/laboratorio-de-cuentos-sobre-diversidad-para-celebrar-el-dia-internacional-del-orgullo-en-benitatxell\\\/#primaryimage\",\"url\":\"https:\\\/\\\/media.radiolitoral.com\\\/wp-content\\\/uploads\\\/2023\\\/06\\\/26185227\\\/CARTELL-ORGULL-1-346x490-1.jpg\",\"contentUrl\":\"https:\\\/\\\/media.radiolitoral.com\\\/wp-content\\\/uploads\\\/2023\\\/06\\\/26185227\\\/CARTELL-ORGULL-1-346x490-1.jpg\",\"width\":346,\"height\":490},{\"@type\":\"BreadcrumbList\",\"@id\":\"https:\\\/\\\/radiolitoral.com\\\/2023\\\/06\\\/laboratorio-de-cuentos-sobre-diversidad-para-celebrar-el-dia-internacional-del-orgullo-en-benitatxell\\\/#breadcrumb\",\"itemListElement\":[{\"@type\":\"ListItem\",\"position\":1,\"name\":\"Portada\",\"item\":\"https:\\\/\\\/radiolitoral.com\\\/\"},{\"@type\":\"ListItem\",\"position\":2,\"name\":\"\u201cLaboratorio de cuentos sobre diversidad\u201d para celebrar el D\u00eda Internacional del Orgullo en Benitatxell\"}]},{\"@type\":\"WebSite\",\"@id\":\"https:\\\/\\\/radiolitoral.com\\\/#website\",\"url\":\"https:\\\/\\\/radiolitoral.com\\\/\",\"name\":\"Radio Litoral\",\"description\":\"La radio local de la Marina Alta\",\"publisher\":{\"@id\":\"https:\\\/\\\/radiolitoral.com\\\/#organization\"},\"alternateName\":\"Litoral FM\",\"potentialAction\":[{\"@type\":\"SearchAction\",\"target\":{\"@type\":\"EntryPoint\",\"urlTemplate\":\"https:\\\/\\\/radiolitoral.com\\\/?s={search_term_string}\"},\"query-input\":{\"@type\":\"PropertyValueSpecification\",\"valueRequired\":true,\"valueName\":\"search_term_string\"}}],\"inLanguage\":\"ca\"},{\"@type\":\"Organization\",\"@id\":\"https:\\\/\\\/radiolitoral.com\\\/#organization\",\"name\":\"Radio Litoral\",\"url\":\"https:\\\/\\\/radiolitoral.com\\\/\",\"logo\":{\"@type\":\"ImageObject\",\"inLanguage\":\"ca\",\"@id\":\"https:\\\/\\\/radiolitoral.com\\\/#\\\/schema\\\/logo\\\/image\\\/\",\"url\":\"https:\\\/\\\/media.radiolitoral.com\\\/wp-content\\\/uploads\\\/2023\\\/02\\\/24143238\\\/CL-V-RadioLitoral696.png\",\"contentUrl\":\"https:\\\/\\\/media.radiolitoral.com\\\/wp-content\\\/uploads\\\/2023\\\/02\\\/24143238\\\/CL-V-RadioLitoral696.png\",\"width\":696,\"height\":696,\"caption\":\"Radio Litoral\"},\"image\":{\"@id\":\"https:\\\/\\\/radiolitoral.com\\\/#\\\/schema\\\/logo\\\/image\\\/\"},\"sameAs\":[\"https:\\\/\\\/www.facebook.com\\\/Laradiolitoral\\\/\"]},{\"@type\":\"Person\",\"@id\":\"https:\\\/\\\/radiolitoral.com\\\/#\\\/schema\\\/person\\\/aad4f72efa404f85b68e832d24cac059\",\"name\":\"Mel Pescuezo\",\"image\":{\"@type\":\"ImageObject\",\"inLanguage\":\"ca\",\"@id\":\"https:\\\/\\\/secure.gravatar.com\\\/avatar\\\/993975ae489c70cb0dd9bfa9413a082f0bd276582dac13661af7b33f161e7eea?s=96&d=mm&r=g\",\"url\":\"https:\\\/\\\/secure.gravatar.com\\\/avatar\\\/993975ae489c70cb0dd9bfa9413a082f0bd276582dac13661af7b33f161e7eea?s=96&d=mm&r=g\",\"contentUrl\":\"https:\\\/\\\/secure.gravatar.com\\\/avatar\\\/993975ae489c70cb0dd9bfa9413a082f0bd276582dac13661af7b33f161e7eea?s=96&d=mm&r=g\",\"caption\":\"Mel Pescuezo\"},\"url\":\"https:\\\/\\\/radiolitoral.com\\\/ca\\\/author\\\/serviciospararadios\\\/\"}]}<\/script>\n<!-- \/ Yoast SEO plugin. -->","yoast_head_json":{"title":"&quot;Laboratori de contes sobre diversitat&quot; per celebrar el Dia Internacional de l&#039;Orgull a Benitatxell | R\u00e0dio Litoral","description":"El colof\u00f3 d\u00b4aquesta celebraci\u00f3 ser\u00e0 el divendres 30 de juny amb la celebraci\u00f3 d\u00b4una Festa Holi","robots":{"index":"index","follow":"follow","max-snippet":"max-snippet:-1","max-image-preview":"max-image-preview:large","max-video-preview":"max-video-preview:-1"},"canonical":"https:\/\/radiolitoral.com\/ca\/2023\/06\/laboratori-de-contes-sobre-diversitat-per-celebrar-el-dia-internacional-de-lorgull-a-benitatxell\/","og_locale":"ca_ES","og_type":"article","og_title":"\u201cLaboratorio de cuentos sobre diversidad\u201d para celebrar el D\u00eda Internacional del Orgullo en Benitatxell | R\u00e0dio Litoral","og_description":"El colof\u00f3n de esta celebraci\u00f3n ser\u00e1 el viernes 30 de junio con la celebraci\u00f3n de una Fiesta Holi","og_url":"https:\/\/radiolitoral.com\/ca\/2023\/06\/laboratori-de-contes-sobre-diversitat-per-celebrar-el-dia-internacional-de-lorgull-a-benitatxell\/","og_site_name":"R\u00e0dio Litoral","article_publisher":"https:\/\/www.facebook.com\/Laradiolitoral\/","article_published_time":"2023-06-26T16:53:45+00:00","article_modified_time":"2023-06-26T16:53:59+00:00","og_image":[{"width":346,"height":490,"url":"https:\/\/media.radiolitoral.com\/wp-content\/uploads\/2023\/06\/26185227\/CARTELL-ORGULL-1-346x490-1.jpg","type":"image\/jpeg"}],"author":"Mel Pescuezo","twitter_card":"summary_large_image","twitter_misc":{"Escrit per":"Mel Pescuezo","Temps estimat de lectura":"1 minut"},"schema":{"@context":"https:\/\/schema.org","@graph":[{"@type":"NewsArticle","@id":"https:\/\/radiolitoral.com\/2023\/06\/laboratorio-de-cuentos-sobre-diversidad-para-celebrar-el-dia-internacional-del-orgullo-en-benitatxell\/#article","isPartOf":{"@id":"https:\/\/radiolitoral.com\/2023\/06\/laboratorio-de-cuentos-sobre-diversidad-para-celebrar-el-dia-internacional-del-orgullo-en-benitatxell\/"},"author":{"name":"Mel Pescuezo","@id":"https:\/\/radiolitoral.com\/#\/schema\/person\/aad4f72efa404f85b68e832d24cac059"},"headline":"\u201cLaboratorio de cuentos sobre diversidad\u201d para celebrar el D\u00eda Internacional del Orgullo en Benitatxell","datePublished":"2023-06-26T16:53:45+00:00","dateModified":"2023-06-26T16:53:59+00:00","mainEntityOfPage":{"@id":"https:\/\/radiolitoral.com\/2023\/06\/laboratorio-de-cuentos-sobre-diversidad-para-celebrar-el-dia-internacional-del-orgullo-en-benitatxell\/"},"wordCount":206,"commentCount":0,"publisher":{"@id":"https:\/\/radiolitoral.com\/#organization"},"image":{"@id":"https:\/\/radiolitoral.com\/2023\/06\/laboratorio-de-cuentos-sobre-diversidad-para-celebrar-el-dia-internacional-del-orgullo-en-benitatxell\/#primaryimage"},"thumbnailUrl":"https:\/\/media.radiolitoral.com\/wp-content\/uploads\/2023\/06\/26185227\/CARTELL-ORGULL-1-346x490-1.jpg","keywords":["D\u00eda Internacional del Orgullo","Orgullo"],"articleSection":["Fiestas"],"inLanguage":"ca","potentialAction":[{"@type":"CommentAction","name":"Comment","target":["https:\/\/radiolitoral.com\/2023\/06\/laboratorio-de-cuentos-sobre-diversidad-para-celebrar-el-dia-internacional-del-orgullo-en-benitatxell\/#respond"]}]},{"@type":["WebPage","ItemPage"],"@id":"https:\/\/radiolitoral.com\/2023\/06\/laboratorio-de-cuentos-sobre-diversidad-para-celebrar-el-dia-internacional-del-orgullo-en-benitatxell\/","url":"https:\/\/radiolitoral.com\/2023\/06\/laboratorio-de-cuentos-sobre-diversidad-para-celebrar-el-dia-internacional-del-orgullo-en-benitatxell\/","name":"&quot;Laboratori de contes sobre diversitat&quot; per celebrar el Dia Internacional de l&#039;Orgull a Benitatxell | R\u00e0dio Litoral","isPartOf":{"@id":"https:\/\/radiolitoral.com\/#website"},"primaryImageOfPage":{"@id":"https:\/\/radiolitoral.com\/2023\/06\/laboratorio-de-cuentos-sobre-diversidad-para-celebrar-el-dia-internacional-del-orgullo-en-benitatxell\/#primaryimage"},"image":{"@id":"https:\/\/radiolitoral.com\/2023\/06\/laboratorio-de-cuentos-sobre-diversidad-para-celebrar-el-dia-internacional-del-orgullo-en-benitatxell\/#primaryimage"},"thumbnailUrl":"https:\/\/media.radiolitoral.com\/wp-content\/uploads\/2023\/06\/26185227\/CARTELL-ORGULL-1-346x490-1.jpg","datePublished":"2023-06-26T16:53:45+00:00","dateModified":"2023-06-26T16:53:59+00:00","description":"El colof\u00f3 d\u00b4aquesta celebraci\u00f3 ser\u00e0 el divendres 30 de juny amb la celebraci\u00f3 d\u00b4una Festa Holi","breadcrumb":{"@id":"https:\/\/radiolitoral.com\/2023\/06\/laboratorio-de-cuentos-sobre-diversidad-para-celebrar-el-dia-internacional-del-orgullo-en-benitatxell\/#breadcrumb"},"inLanguage":"ca","potentialAction":[{"@type":"ReadAction","target":["https:\/\/radiolitoral.com\/2023\/06\/laboratorio-de-cuentos-sobre-diversidad-para-celebrar-el-dia-internacional-del-orgullo-en-benitatxell\/"]}]},{"@type":"ImageObject","inLanguage":"ca","@id":"https:\/\/radiolitoral.com\/2023\/06\/laboratorio-de-cuentos-sobre-diversidad-para-celebrar-el-dia-internacional-del-orgullo-en-benitatxell\/#primaryimage","url":"https:\/\/media.radiolitoral.com\/wp-content\/uploads\/2023\/06\/26185227\/CARTELL-ORGULL-1-346x490-1.jpg","contentUrl":"https:\/\/media.radiolitoral.com\/wp-content\/uploads\/2023\/06\/26185227\/CARTELL-ORGULL-1-346x490-1.jpg","width":346,"height":490},{"@type":"BreadcrumbList","@id":"https:\/\/radiolitoral.com\/2023\/06\/laboratorio-de-cuentos-sobre-diversidad-para-celebrar-el-dia-internacional-del-orgullo-en-benitatxell\/#breadcrumb","itemListElement":[{"@type":"ListItem","position":1,"name":"Portada","item":"https:\/\/radiolitoral.com\/"},{"@type":"ListItem","position":2,"name":"\u201cLaboratorio de cuentos sobre diversidad\u201d para celebrar el D\u00eda Internacional del Orgullo en Benitatxell"}]},{"@type":"WebSite","@id":"https:\/\/radiolitoral.com\/#website","url":"https:\/\/radiolitoral.com\/","name":"R\u00e0dio Litoral","description":"La r\u00e0dio local de la Marina Alta","publisher":{"@id":"https:\/\/radiolitoral.com\/#organization"},"alternateName":"Litoral FM","potentialAction":[{"@type":"SearchAction","target":{"@type":"EntryPoint","urlTemplate":"https:\/\/radiolitoral.com\/?s={search_term_string}"},"query-input":{"@type":"PropertyValueSpecification","valueRequired":true,"valueName":"search_term_string"}}],"inLanguage":"ca"},{"@type":"Organization","@id":"https:\/\/radiolitoral.com\/#organization","name":"R\u00e0dio Litoral","url":"https:\/\/radiolitoral.com\/","logo":{"@type":"ImageObject","inLanguage":"ca","@id":"https:\/\/radiolitoral.com\/#\/schema\/logo\/image\/","url":"https:\/\/media.radiolitoral.com\/wp-content\/uploads\/2023\/02\/24143238\/CL-V-RadioLitoral696.png","contentUrl":"https:\/\/media.radiolitoral.com\/wp-content\/uploads\/2023\/02\/24143238\/CL-V-RadioLitoral696.png","width":696,"height":696,"caption":"Radio Litoral"},"image":{"@id":"https:\/\/radiolitoral.com\/#\/schema\/logo\/image\/"},"sameAs":["https:\/\/www.facebook.com\/Laradiolitoral\/"]},{"@type":"Person","@id":"https:\/\/radiolitoral.com\/#\/schema\/person\/aad4f72efa404f85b68e832d24cac059","name":"Mel Pescuezo","image":{"@type":"ImageObject","inLanguage":"ca","@id":"https:\/\/secure.gravatar.com\/avatar\/993975ae489c70cb0dd9bfa9413a082f0bd276582dac13661af7b33f161e7eea?s=96&d=mm&r=g","url":"https:\/\/secure.gravatar.com\/avatar\/993975ae489c70cb0dd9bfa9413a082f0bd276582dac13661af7b33f161e7eea?s=96&d=mm&r=g","contentUrl":"https:\/\/secure.gravatar.com\/avatar\/993975ae489c70cb0dd9bfa9413a082f0bd276582dac13661af7b33f161e7eea?s=96&d=mm&r=g","caption":"Mel Pescuezo"},"url":"https:\/\/radiolitoral.com\/ca\/author\/serviciospararadios\/"}]}},"_links":{"self":[{"href":"https:\/\/radiolitoral.com\/ca\/wp-json\/wp\/v2\/posts\/4393","targetHints":{"allow":["GET"]}}],"collection":[{"href":"https:\/\/radiolitoral.com\/ca\/wp-json\/wp\/v2\/posts"}],"about":[{"href":"https:\/\/radiolitoral.com\/ca\/wp-json\/wp\/v2\/types\/post"}],"author":[{"embeddable":true,"href":"https:\/\/radiolitoral.com\/ca\/wp-json\/wp\/v2\/users\/21"}],"replies":[{"embeddable":true,"href":"https:\/\/radiolitoral.com\/ca\/wp-json\/wp\/v2\/comments?post=4393"}],"version-history":[{"count":1,"href":"https:\/\/radiolitoral.com\/ca\/wp-json\/wp\/v2\/posts\/4393\/revisions"}],"predecessor-version":[{"id":4396,"href":"https:\/\/radiolitoral.com\/ca\/wp-json\/wp\/v2\/posts\/4393\/revisions\/4396"}],"wp:featuredmedia":[{"embeddable":true,"href":"https:\/\/radiolitoral.com\/ca\/wp-json\/wp\/v2\/media\/4395"}],"wp:attachment":[{"href":"https:\/\/radiolitoral.com\/ca\/wp-json\/wp\/v2\/media?parent=4393"}],"wp:term":[{"taxonomy":"category","embeddable":true,"href":"https:\/\/radiolitoral.com\/ca\/wp-json\/wp\/v2\/categories?post=4393"},{"taxonomy":"post_tag","embeddable":true,"href":"https:\/\/radiolitoral.com\/ca\/wp-json\/wp\/v2\/tags?post=4393"}],"curies":[{"name":"wp","href":"https:\/\/api.w.org\/{rel}","templated":true}]}}