{"id":4332,"date":"2023-06-23T19:04:17","date_gmt":"2023-06-23T17:04:17","guid":{"rendered":"https:\/\/radiolitoral.com\/?p=4332"},"modified":"2023-06-23T19:05:29","modified_gmt":"2023-06-23T17:05:29","slug":"lalcaldessa-signa-les-delegacions-de-lequip-de-govern-calpi","status":"publish","type":"post","link":"https:\/\/radiolitoral.com\/ca\/2023\/06\/la-alcaldesa-firma-las-delegaciones-del-equipo-de-gobierno-calpino\/","title":{"rendered":"L&#039;alcaldessa signa les delegacions de l&#039;equip de govern calp\u00ed"},"content":{"rendered":"<p>L&#039;alcaldessa de Calp, Ana Sala, ha signat avui el decret amb la distribuci\u00f3 de delegacions del nou executiu calp\u00ed format per Som Calp, PSPV-PSOE i Comprom\u00eds.<\/p>\n<p>Ana Sala mant\u00e9 l&#039;Alcaldia, aix\u00ed com la regidoria de Comunicaci\u00f3 i la recent creada Oficina d&#039;Habitatge i Okupaci\u00f3, sens dubte, la gran novetat d&#039;aquesta legislatura que obeeix segons l&#039;alcaldessa a la preocupaci\u00f3 real d&#039;aquest govern per resoldre els problemes de resid\u00e8ncia de llarga durada, ja ens hem posat a treballar a les bases d&#039;ajuts de lloguer, aquest \u00e9s un objectiu prioritari encara que requerim l&#039;ajuda d&#039;altres administracions\u00bb. Sala tamb\u00e9 assumeix les compet\u00e8ncies de Transpar\u00e8ncia.<\/p>\n<p>El govern s&#039;estructura en vuit \u00e0rees:<\/p>\n<ol>\n<li>\u00c0rea d\u00b4Hisenda, Comunicaci\u00f3, Oficina d\u00b4Habitatge i Okupaci\u00f3, Bon govern i Transpar\u00e8ncia, que assumeix l\u00b4alcaldessa.<\/li>\n<li>\u00c0rea d&#039;Urbanisme, Infraestructures, Qualitat-Imatge Urbana, Parcs i jardins, Cicle Integral de l&#039;aigua, RSU i Neteja Vi\u00e0ria, que assumeix el primer tinent d&#039;alcalde Juan Manuel del Pi.<\/li>\n<li>Cultura, Nucli Antic, Seguretat Ciutadana, Protecci\u00f3 Civil i Emerg\u00e8ncies, que assumeix el segon tinent d&#039;alcalde Guillermo Sendra.<\/li>\n<li>\u00c0rea de Contractaci\u00f3, que assumeix el tercer tinent d&#039;alcalde Ximo Perles.<\/li>\n<\/ol>\n<p>5.- \u00c0rea de Recursos Humans, Promoci\u00f3 Econ\u00f2mica, Creama, Casa Nova (campus de formaci\u00f3), Desenvolupament Local, Comer\u00e7, OAC, OMIC i Mercats, que assumeix la quarta tinenta dalcalde, Paqui Solivelles.<\/p>\n<ol start=\"6\">\n<li>\u00c0rea d\u00b4Educaci\u00f3, Casa Nova (seu universit\u00e0ria), Festes, Ports i Pesca, que assumeix la cinquena tinenta d\u00b4alcalde, Mariola Mulet.<\/li>\n<li>\u00c0rea d&#039;Associacions, Joventut, Inf\u00e0ncia i Adolesc\u00e8ncia, Participaci\u00f3 Ciutadana, R\u00e8gim interior, Majors i Centre C\u00edvic, Delegats de Zona, que assumeix la sisena tinenta d&#039;alcalde Rebeca Merchan.<\/li>\n<li>\u00c0rea de Benestar Social, Igualtat i Protecci\u00f3 de la Salut, que assumeix la setena tent d&#039;alcalde Itziar Doval.<\/li>\n<\/ol>\n<p>A m\u00e9s es nomena Marc Bittner delegat especial de Residents, Inform\u00e0tica, Subvencions, Turisme, Agermanaments i Parc del Descans Etern, a m\u00e9s de delegat especial del Projecte Edusi i Fons Next Generation.<\/p>\n<p>I es nomena Pedro Moll, delegat especial de Canvi Clim\u00e0tic, Medi Ambient, Platges, Urbanitzacions, Salut P\u00fablica i Benestar Animal i Esports.<\/p>\n<p>A m\u00e9s, segons ha anunciat l&#039;alcaldessa, els portaveus quedaran de la manera seg\u00fcent: Juan Manuel del Pino ser\u00e0 el portaveu de Som Calp, Guillermo Sendra del grup municipal socialista i Ximo Perles ho ser\u00e0 de Comprom\u00eds ia m\u00e9s ser\u00e0 portaveu del Govern.<\/p>\n<p>L&#039;alcaldessa ha destacat que \u00abtinc molta confian\u00e7a en aquest equip de govern, les compet\u00e8ncies es vinculen a la formaci\u00f3 i la il\u00b7lusi\u00f3 de cadascun dels regidors del govern, i s&#039;estableix que els regidors de Comprom\u00eds assumiran delegacions a finals d&#039;any\u00bb.<\/p>\n<p>Pel que fa a la periodicitat de les sessions, creaci\u00f3 de comissions informatives i la relaci\u00f3 d&#039;edils amb dedicaci\u00f3 exclusiva o parcial i relaci\u00f3 del personal eventual es donar\u00e0 con\u00e8ixer al llarg dels propers dies.<\/p>","protected":false},"excerpt":{"rendered":"<p>La alcaldesa de Calp, Ana Sala, ha firmado hoy el decreto con la distribuci\u00f3n de\u00a0 delegaciones del nuevo ejecutivo calpino formado por Somos Calpe, PSPV-PSOE y Comprom\u00eds. Ana Sala mantiene la Alcald\u00eda, as\u00ed como la concejal\u00eda de Comunicaci\u00f3n y la reci\u00e9n creada \u00abOficina de Vivienda y Okupaci\u00f3n\u00bb, sin duda, la gran novedad de esta legislatura [&#8230;]<\/p>\n<p><a class=\"btn btn-secondary understrap-read-more-link\" href=\"https:\/\/radiolitoral.com\/ca\/2023\/06\/la-alcaldesa-firma-las-delegaciones-del-equipo-de-gobierno-calpino\/\">Continua llegint&#8230;<span class=\"screen-reader-text\"> from La alcaldesa firma las delegaciones del equipo de gobierno calpino<\/span><\/a><\/p>\n","protected":false},"author":21,"featured_media":4333,"comment_status":"open","ping_status":"closed","sticky":false,"template":"","format":"standard","meta":{"_acf_changed":false,"inline_featured_image":false,"footnotes":""},"categories":[13],"tags":[31,796],"class_list":["post-4332","post","type-post","status-publish","format-standard","has-post-thumbnail","hentry","category-politica","tag-ana-sala","tag-concejalias-calp","cobertura-calp"],"acf":[],"yoast_head":"<!-- This site is optimized with the Yoast SEO plugin v27.5 - https:\/\/yoast.com\/product\/yoast-seo-wordpress\/ -->\n<title>La alcaldesa firma las delegaciones del equipo de gobierno calpino | R\u00e0dio Litoral<\/title>\n<meta name=\"description\" content=\"Se crea la Oficina de Vivienda y Okupaci\u00f3n que depender\u00e1 de alcald\u00eda Se crea la Oficina de Vivienda y Okupaci\u00f3n que depender\u00e1 de alcald\u00eda\" \/>\n<meta name=\"robots\" content=\"index, follow, max-snippet:-1, max-image-preview:large, max-video-preview:-1\" \/>\n<link rel=\"canonical\" href=\"https:\/\/radiolitoral.com\/ca\/2023\/06\/lalcaldessa-signa-les-delegacions-de-lequip-de-govern-calpi\/\" \/>\n<meta property=\"og:locale\" content=\"ca_ES\" \/>\n<meta property=\"og:type\" content=\"article\" \/>\n<meta property=\"og:title\" content=\"La alcaldesa firma las delegaciones del equipo de gobierno calpino | R\u00e0dio Litoral\" \/>\n<meta property=\"og:description\" content=\"Se crea la Oficina de Vivienda y Okupaci\u00f3n que depender\u00e1 de alcald\u00eda Se crea la Oficina de Vivienda y Okupaci\u00f3n que depender\u00e1 de alcald\u00eda\" \/>\n<meta property=\"og:url\" content=\"https:\/\/radiolitoral.com\/ca\/2023\/06\/lalcaldessa-signa-les-delegacions-de-lequip-de-govern-calpi\/\" \/>\n<meta property=\"og:site_name\" content=\"R\u00e0dio Litoral\" \/>\n<meta property=\"article:publisher\" content=\"https:\/\/www.facebook.com\/Laradiolitoral\/\" \/>\n<meta property=\"article:published_time\" content=\"2023-06-23T17:04:17+00:00\" \/>\n<meta property=\"article:modified_time\" content=\"2023-06-23T17:05:29+00:00\" \/>\n<meta property=\"og:image\" content=\"https:\/\/media.radiolitoral.com\/wp-content\/uploads\/2023\/06\/23190335\/AYTO-POS-383-scaled.jpg\" \/>\n\t<meta property=\"og:image:width\" content=\"2560\" \/>\n\t<meta property=\"og:image:height\" content=\"1707\" \/>\n\t<meta property=\"og:image:type\" content=\"image\/jpeg\" \/>\n<meta name=\"author\" content=\"Mel Pescuezo\" \/>\n<meta name=\"twitter:card\" content=\"summary_large_image\" \/>\n<meta name=\"twitter:label1\" content=\"Escrit per\" \/>\n\t<meta name=\"twitter:data1\" content=\"Mel Pescuezo\" \/>\n\t<meta name=\"twitter:label2\" content=\"Temps estimat de lectura\" \/>\n\t<meta name=\"twitter:data2\" content=\"3 minuts\" \/>\n<script type=\"application\/ld+json\" class=\"yoast-schema-graph\">{\"@context\":\"https:\\\/\\\/schema.org\",\"@graph\":[{\"@type\":\"NewsArticle\",\"@id\":\"https:\\\/\\\/radiolitoral.com\\\/2023\\\/06\\\/la-alcaldesa-firma-las-delegaciones-del-equipo-de-gobierno-calpino\\\/#article\",\"isPartOf\":{\"@id\":\"https:\\\/\\\/radiolitoral.com\\\/2023\\\/06\\\/la-alcaldesa-firma-las-delegaciones-del-equipo-de-gobierno-calpino\\\/\"},\"author\":{\"name\":\"Mel Pescuezo\",\"@id\":\"https:\\\/\\\/radiolitoral.com\\\/#\\\/schema\\\/person\\\/aad4f72efa404f85b68e832d24cac059\"},\"headline\":\"La alcaldesa firma las delegaciones del equipo de gobierno calpino\",\"datePublished\":\"2023-06-23T17:04:17+00:00\",\"dateModified\":\"2023-06-23T17:05:29+00:00\",\"mainEntityOfPage\":{\"@id\":\"https:\\\/\\\/radiolitoral.com\\\/2023\\\/06\\\/la-alcaldesa-firma-las-delegaciones-del-equipo-de-gobierno-calpino\\\/\"},\"wordCount\":516,\"commentCount\":0,\"publisher\":{\"@id\":\"https:\\\/\\\/radiolitoral.com\\\/#organization\"},\"image\":{\"@id\":\"https:\\\/\\\/radiolitoral.com\\\/2023\\\/06\\\/la-alcaldesa-firma-las-delegaciones-del-equipo-de-gobierno-calpino\\\/#primaryimage\"},\"thumbnailUrl\":\"https:\\\/\\\/media.radiolitoral.com\\\/wp-content\\\/uploads\\\/2023\\\/06\\\/23190335\\\/AYTO-POS-383-scaled.jpg\",\"keywords\":[\"Ana Sala\",\"concejal\u00edas Calp\"],\"articleSection\":[\"Pol\u00edtica\"],\"inLanguage\":\"ca\",\"potentialAction\":[{\"@type\":\"CommentAction\",\"name\":\"Comment\",\"target\":[\"https:\\\/\\\/radiolitoral.com\\\/2023\\\/06\\\/la-alcaldesa-firma-las-delegaciones-del-equipo-de-gobierno-calpino\\\/#respond\"]}]},{\"@type\":[\"WebPage\",\"ItemPage\"],\"@id\":\"https:\\\/\\\/radiolitoral.com\\\/2023\\\/06\\\/la-alcaldesa-firma-las-delegaciones-del-equipo-de-gobierno-calpino\\\/\",\"url\":\"https:\\\/\\\/radiolitoral.com\\\/2023\\\/06\\\/la-alcaldesa-firma-las-delegaciones-del-equipo-de-gobierno-calpino\\\/\",\"name\":\"La alcaldesa firma las delegaciones del equipo de gobierno calpino | R\u00e0dio Litoral\",\"isPartOf\":{\"@id\":\"https:\\\/\\\/radiolitoral.com\\\/#website\"},\"primaryImageOfPage\":{\"@id\":\"https:\\\/\\\/radiolitoral.com\\\/2023\\\/06\\\/la-alcaldesa-firma-las-delegaciones-del-equipo-de-gobierno-calpino\\\/#primaryimage\"},\"image\":{\"@id\":\"https:\\\/\\\/radiolitoral.com\\\/2023\\\/06\\\/la-alcaldesa-firma-las-delegaciones-del-equipo-de-gobierno-calpino\\\/#primaryimage\"},\"thumbnailUrl\":\"https:\\\/\\\/media.radiolitoral.com\\\/wp-content\\\/uploads\\\/2023\\\/06\\\/23190335\\\/AYTO-POS-383-scaled.jpg\",\"datePublished\":\"2023-06-23T17:04:17+00:00\",\"dateModified\":\"2023-06-23T17:05:29+00:00\",\"description\":\"Se crea la Oficina de Vivienda y Okupaci\u00f3n que depender\u00e1 de alcald\u00eda Se crea la Oficina de Vivienda y Okupaci\u00f3n que depender\u00e1 de alcald\u00eda\",\"breadcrumb\":{\"@id\":\"https:\\\/\\\/radiolitoral.com\\\/2023\\\/06\\\/la-alcaldesa-firma-las-delegaciones-del-equipo-de-gobierno-calpino\\\/#breadcrumb\"},\"inLanguage\":\"ca\",\"potentialAction\":[{\"@type\":\"ReadAction\",\"target\":[\"https:\\\/\\\/radiolitoral.com\\\/2023\\\/06\\\/la-alcaldesa-firma-las-delegaciones-del-equipo-de-gobierno-calpino\\\/\"]}]},{\"@type\":\"ImageObject\",\"inLanguage\":\"ca\",\"@id\":\"https:\\\/\\\/radiolitoral.com\\\/2023\\\/06\\\/la-alcaldesa-firma-las-delegaciones-del-equipo-de-gobierno-calpino\\\/#primaryimage\",\"url\":\"https:\\\/\\\/media.radiolitoral.com\\\/wp-content\\\/uploads\\\/2023\\\/06\\\/23190335\\\/AYTO-POS-383-scaled.jpg\",\"contentUrl\":\"https:\\\/\\\/media.radiolitoral.com\\\/wp-content\\\/uploads\\\/2023\\\/06\\\/23190335\\\/AYTO-POS-383-scaled.jpg\",\"width\":2560,\"height\":1707},{\"@type\":\"BreadcrumbList\",\"@id\":\"https:\\\/\\\/radiolitoral.com\\\/2023\\\/06\\\/la-alcaldesa-firma-las-delegaciones-del-equipo-de-gobierno-calpino\\\/#breadcrumb\",\"itemListElement\":[{\"@type\":\"ListItem\",\"position\":1,\"name\":\"Portada\",\"item\":\"https:\\\/\\\/radiolitoral.com\\\/\"},{\"@type\":\"ListItem\",\"position\":2,\"name\":\"La alcaldesa firma las delegaciones del equipo de gobierno calpino\"}]},{\"@type\":\"WebSite\",\"@id\":\"https:\\\/\\\/radiolitoral.com\\\/#website\",\"url\":\"https:\\\/\\\/radiolitoral.com\\\/\",\"name\":\"Radio Litoral\",\"description\":\"La radio local de la Marina Alta\",\"publisher\":{\"@id\":\"https:\\\/\\\/radiolitoral.com\\\/#organization\"},\"alternateName\":\"Litoral FM\",\"potentialAction\":[{\"@type\":\"SearchAction\",\"target\":{\"@type\":\"EntryPoint\",\"urlTemplate\":\"https:\\\/\\\/radiolitoral.com\\\/?s={search_term_string}\"},\"query-input\":{\"@type\":\"PropertyValueSpecification\",\"valueRequired\":true,\"valueName\":\"search_term_string\"}}],\"inLanguage\":\"ca\"},{\"@type\":\"Organization\",\"@id\":\"https:\\\/\\\/radiolitoral.com\\\/#organization\",\"name\":\"Radio Litoral\",\"url\":\"https:\\\/\\\/radiolitoral.com\\\/\",\"logo\":{\"@type\":\"ImageObject\",\"inLanguage\":\"ca\",\"@id\":\"https:\\\/\\\/radiolitoral.com\\\/#\\\/schema\\\/logo\\\/image\\\/\",\"url\":\"https:\\\/\\\/media.radiolitoral.com\\\/wp-content\\\/uploads\\\/2023\\\/02\\\/24143238\\\/CL-V-RadioLitoral696.png\",\"contentUrl\":\"https:\\\/\\\/media.radiolitoral.com\\\/wp-content\\\/uploads\\\/2023\\\/02\\\/24143238\\\/CL-V-RadioLitoral696.png\",\"width\":696,\"height\":696,\"caption\":\"Radio Litoral\"},\"image\":{\"@id\":\"https:\\\/\\\/radiolitoral.com\\\/#\\\/schema\\\/logo\\\/image\\\/\"},\"sameAs\":[\"https:\\\/\\\/www.facebook.com\\\/Laradiolitoral\\\/\"]},{\"@type\":\"Person\",\"@id\":\"https:\\\/\\\/radiolitoral.com\\\/#\\\/schema\\\/person\\\/aad4f72efa404f85b68e832d24cac059\",\"name\":\"Mel Pescuezo\",\"image\":{\"@type\":\"ImageObject\",\"inLanguage\":\"ca\",\"@id\":\"https:\\\/\\\/secure.gravatar.com\\\/avatar\\\/993975ae489c70cb0dd9bfa9413a082f0bd276582dac13661af7b33f161e7eea?s=96&d=mm&r=g\",\"url\":\"https:\\\/\\\/secure.gravatar.com\\\/avatar\\\/993975ae489c70cb0dd9bfa9413a082f0bd276582dac13661af7b33f161e7eea?s=96&d=mm&r=g\",\"contentUrl\":\"https:\\\/\\\/secure.gravatar.com\\\/avatar\\\/993975ae489c70cb0dd9bfa9413a082f0bd276582dac13661af7b33f161e7eea?s=96&d=mm&r=g\",\"caption\":\"Mel Pescuezo\"},\"url\":\"https:\\\/\\\/radiolitoral.com\\\/ca\\\/author\\\/serviciospararadios\\\/\"}]}<\/script>\n<!-- \/ Yoast SEO plugin. -->","yoast_head_json":{"title":"L&#039;alcaldessa signa les delegacions de l&#039;equip de govern calp\u00ed | R\u00e0dio Litoral","description":"Es crea l&#039;Oficina d&#039;Habitatge i Okupaci\u00f3 que dependr\u00e0 d&#039;alcaldia Es crea l&#039;Oficina d&#039;Habitatge i Okupaci\u00f3 que dependr\u00e0 d&#039;alcaldia","robots":{"index":"index","follow":"follow","max-snippet":"max-snippet:-1","max-image-preview":"max-image-preview:large","max-video-preview":"max-video-preview:-1"},"canonical":"https:\/\/radiolitoral.com\/ca\/2023\/06\/lalcaldessa-signa-les-delegacions-de-lequip-de-govern-calpi\/","og_locale":"ca_ES","og_type":"article","og_title":"La alcaldesa firma las delegaciones del equipo de gobierno calpino | R\u00e0dio Litoral","og_description":"Se crea la Oficina de Vivienda y Okupaci\u00f3n que depender\u00e1 de alcald\u00eda Se crea la Oficina de Vivienda y Okupaci\u00f3n que depender\u00e1 de alcald\u00eda","og_url":"https:\/\/radiolitoral.com\/ca\/2023\/06\/lalcaldessa-signa-les-delegacions-de-lequip-de-govern-calpi\/","og_site_name":"R\u00e0dio Litoral","article_publisher":"https:\/\/www.facebook.com\/Laradiolitoral\/","article_published_time":"2023-06-23T17:04:17+00:00","article_modified_time":"2023-06-23T17:05:29+00:00","og_image":[{"width":2560,"height":1707,"url":"https:\/\/media.radiolitoral.com\/wp-content\/uploads\/2023\/06\/23190335\/AYTO-POS-383-scaled.jpg","type":"image\/jpeg"}],"author":"Mel Pescuezo","twitter_card":"summary_large_image","twitter_misc":{"Escrit per":"Mel Pescuezo","Temps estimat de lectura":"3 minuts"},"schema":{"@context":"https:\/\/schema.org","@graph":[{"@type":"NewsArticle","@id":"https:\/\/radiolitoral.com\/2023\/06\/la-alcaldesa-firma-las-delegaciones-del-equipo-de-gobierno-calpino\/#article","isPartOf":{"@id":"https:\/\/radiolitoral.com\/2023\/06\/la-alcaldesa-firma-las-delegaciones-del-equipo-de-gobierno-calpino\/"},"author":{"name":"Mel Pescuezo","@id":"https:\/\/radiolitoral.com\/#\/schema\/person\/aad4f72efa404f85b68e832d24cac059"},"headline":"La alcaldesa firma las delegaciones del equipo de gobierno calpino","datePublished":"2023-06-23T17:04:17+00:00","dateModified":"2023-06-23T17:05:29+00:00","mainEntityOfPage":{"@id":"https:\/\/radiolitoral.com\/2023\/06\/la-alcaldesa-firma-las-delegaciones-del-equipo-de-gobierno-calpino\/"},"wordCount":516,"commentCount":0,"publisher":{"@id":"https:\/\/radiolitoral.com\/#organization"},"image":{"@id":"https:\/\/radiolitoral.com\/2023\/06\/la-alcaldesa-firma-las-delegaciones-del-equipo-de-gobierno-calpino\/#primaryimage"},"thumbnailUrl":"https:\/\/media.radiolitoral.com\/wp-content\/uploads\/2023\/06\/23190335\/AYTO-POS-383-scaled.jpg","keywords":["Ana Sala","concejal\u00edas Calp"],"articleSection":["Pol\u00edtica"],"inLanguage":"ca","potentialAction":[{"@type":"CommentAction","name":"Comment","target":["https:\/\/radiolitoral.com\/2023\/06\/la-alcaldesa-firma-las-delegaciones-del-equipo-de-gobierno-calpino\/#respond"]}]},{"@type":["WebPage","ItemPage"],"@id":"https:\/\/radiolitoral.com\/2023\/06\/la-alcaldesa-firma-las-delegaciones-del-equipo-de-gobierno-calpino\/","url":"https:\/\/radiolitoral.com\/2023\/06\/la-alcaldesa-firma-las-delegaciones-del-equipo-de-gobierno-calpino\/","name":"L&#039;alcaldessa signa les delegacions de l&#039;equip de govern calp\u00ed | R\u00e0dio Litoral","isPartOf":{"@id":"https:\/\/radiolitoral.com\/#website"},"primaryImageOfPage":{"@id":"https:\/\/radiolitoral.com\/2023\/06\/la-alcaldesa-firma-las-delegaciones-del-equipo-de-gobierno-calpino\/#primaryimage"},"image":{"@id":"https:\/\/radiolitoral.com\/2023\/06\/la-alcaldesa-firma-las-delegaciones-del-equipo-de-gobierno-calpino\/#primaryimage"},"thumbnailUrl":"https:\/\/media.radiolitoral.com\/wp-content\/uploads\/2023\/06\/23190335\/AYTO-POS-383-scaled.jpg","datePublished":"2023-06-23T17:04:17+00:00","dateModified":"2023-06-23T17:05:29+00:00","description":"Es crea l&#039;Oficina d&#039;Habitatge i Okupaci\u00f3 que dependr\u00e0 d&#039;alcaldia Es crea l&#039;Oficina d&#039;Habitatge i Okupaci\u00f3 que dependr\u00e0 d&#039;alcaldia","breadcrumb":{"@id":"https:\/\/radiolitoral.com\/2023\/06\/la-alcaldesa-firma-las-delegaciones-del-equipo-de-gobierno-calpino\/#breadcrumb"},"inLanguage":"ca","potentialAction":[{"@type":"ReadAction","target":["https:\/\/radiolitoral.com\/2023\/06\/la-alcaldesa-firma-las-delegaciones-del-equipo-de-gobierno-calpino\/"]}]},{"@type":"ImageObject","inLanguage":"ca","@id":"https:\/\/radiolitoral.com\/2023\/06\/la-alcaldesa-firma-las-delegaciones-del-equipo-de-gobierno-calpino\/#primaryimage","url":"https:\/\/media.radiolitoral.com\/wp-content\/uploads\/2023\/06\/23190335\/AYTO-POS-383-scaled.jpg","contentUrl":"https:\/\/media.radiolitoral.com\/wp-content\/uploads\/2023\/06\/23190335\/AYTO-POS-383-scaled.jpg","width":2560,"height":1707},{"@type":"BreadcrumbList","@id":"https:\/\/radiolitoral.com\/2023\/06\/la-alcaldesa-firma-las-delegaciones-del-equipo-de-gobierno-calpino\/#breadcrumb","itemListElement":[{"@type":"ListItem","position":1,"name":"Portada","item":"https:\/\/radiolitoral.com\/"},{"@type":"ListItem","position":2,"name":"La alcaldesa firma las delegaciones del equipo de gobierno calpino"}]},{"@type":"WebSite","@id":"https:\/\/radiolitoral.com\/#website","url":"https:\/\/radiolitoral.com\/","name":"R\u00e0dio Litoral","description":"La r\u00e0dio local de la Marina Alta","publisher":{"@id":"https:\/\/radiolitoral.com\/#organization"},"alternateName":"Litoral FM","potentialAction":[{"@type":"SearchAction","target":{"@type":"EntryPoint","urlTemplate":"https:\/\/radiolitoral.com\/?s={search_term_string}"},"query-input":{"@type":"PropertyValueSpecification","valueRequired":true,"valueName":"search_term_string"}}],"inLanguage":"ca"},{"@type":"Organization","@id":"https:\/\/radiolitoral.com\/#organization","name":"R\u00e0dio Litoral","url":"https:\/\/radiolitoral.com\/","logo":{"@type":"ImageObject","inLanguage":"ca","@id":"https:\/\/radiolitoral.com\/#\/schema\/logo\/image\/","url":"https:\/\/media.radiolitoral.com\/wp-content\/uploads\/2023\/02\/24143238\/CL-V-RadioLitoral696.png","contentUrl":"https:\/\/media.radiolitoral.com\/wp-content\/uploads\/2023\/02\/24143238\/CL-V-RadioLitoral696.png","width":696,"height":696,"caption":"Radio Litoral"},"image":{"@id":"https:\/\/radiolitoral.com\/#\/schema\/logo\/image\/"},"sameAs":["https:\/\/www.facebook.com\/Laradiolitoral\/"]},{"@type":"Person","@id":"https:\/\/radiolitoral.com\/#\/schema\/person\/aad4f72efa404f85b68e832d24cac059","name":"Mel Pescuezo","image":{"@type":"ImageObject","inLanguage":"ca","@id":"https:\/\/secure.gravatar.com\/avatar\/993975ae489c70cb0dd9bfa9413a082f0bd276582dac13661af7b33f161e7eea?s=96&d=mm&r=g","url":"https:\/\/secure.gravatar.com\/avatar\/993975ae489c70cb0dd9bfa9413a082f0bd276582dac13661af7b33f161e7eea?s=96&d=mm&r=g","contentUrl":"https:\/\/secure.gravatar.com\/avatar\/993975ae489c70cb0dd9bfa9413a082f0bd276582dac13661af7b33f161e7eea?s=96&d=mm&r=g","caption":"Mel Pescuezo"},"url":"https:\/\/radiolitoral.com\/ca\/author\/serviciospararadios\/"}]}},"_links":{"self":[{"href":"https:\/\/radiolitoral.com\/ca\/wp-json\/wp\/v2\/posts\/4332","targetHints":{"allow":["GET"]}}],"collection":[{"href":"https:\/\/radiolitoral.com\/ca\/wp-json\/wp\/v2\/posts"}],"about":[{"href":"https:\/\/radiolitoral.com\/ca\/wp-json\/wp\/v2\/types\/post"}],"author":[{"embeddable":true,"href":"https:\/\/radiolitoral.com\/ca\/wp-json\/wp\/v2\/users\/21"}],"replies":[{"embeddable":true,"href":"https:\/\/radiolitoral.com\/ca\/wp-json\/wp\/v2\/comments?post=4332"}],"version-history":[{"count":1,"href":"https:\/\/radiolitoral.com\/ca\/wp-json\/wp\/v2\/posts\/4332\/revisions"}],"predecessor-version":[{"id":4334,"href":"https:\/\/radiolitoral.com\/ca\/wp-json\/wp\/v2\/posts\/4332\/revisions\/4334"}],"wp:featuredmedia":[{"embeddable":true,"href":"https:\/\/radiolitoral.com\/ca\/wp-json\/wp\/v2\/media\/4333"}],"wp:attachment":[{"href":"https:\/\/radiolitoral.com\/ca\/wp-json\/wp\/v2\/media?parent=4332"}],"wp:term":[{"taxonomy":"category","embeddable":true,"href":"https:\/\/radiolitoral.com\/ca\/wp-json\/wp\/v2\/categories?post=4332"},{"taxonomy":"post_tag","embeddable":true,"href":"https:\/\/radiolitoral.com\/ca\/wp-json\/wp\/v2\/tags?post=4332"}],"curies":[{"name":"wp","href":"https:\/\/api.w.org\/{rel}","templated":true}]}}