{"id":4327,"date":"2023-06-23T18:55:08","date_gmt":"2023-06-23T16:55:08","guid":{"rendered":"https:\/\/radiolitoral.com\/?p=4327"},"modified":"2023-06-23T18:55:23","modified_gmt":"2023-06-23T16:55:23","slug":"el-pp-de-calp-demana-dedicacions-exclusives-per-als-seus-regidors","status":"publish","type":"post","link":"https:\/\/radiolitoral.com\/ca\/2023\/06\/el-pp-de-calp-pide-dedicaciones-exclusivas-para-sus-ediles\/","title":{"rendered":"El PP de Calp demana dedicacions exclusives per als seus edils"},"content":{"rendered":"<p>El Grup Municipal del <strong>Partit Popular de Calp<\/strong> ha registrat la sol\u00b7licitud per disposar dels recursos necessaris per fer la seva tasca de control i fiscalitzaci\u00f3 al govern durant aquesta legislatura. En aquest sentit a l&#039;escrit els populars requereixen <strong>disposar d\u00b4un despatx a la planta baixa de l\u00b4Ajuntament i la possibilitat que hi hagi regidors del grup amb dedicaci\u00f3 exclusiva<\/strong>.<\/p>\n<p>Des del PP asseguren que afronten aquesta legislatura amb il\u00b7lusi\u00f3, comprom\u00eds i dedicaci\u00f3 per fer una oposici\u00f3 constructiva, responsable i que permeti que hi hagi un millor govern a la localitat.<\/p>\n<p>A trav\u00e9s d&#039;un comunicat s&#039;explica que <strong>C\u00e9sar S\u00e1nchez, com a n\u00famero 1 de la candidatura del PP, ser\u00e0 el portaveu<\/strong> municipal del grup, per\u00f2 juntament amb la resta de regidors, que seran portaveus suplents.<\/p>\n<p>Els populars indiquen que mantindran les portes obertes perqu\u00e8 qualsevol ciutad\u00e0 trobi un espai de reflexi\u00f3, de reivindicaci\u00f3 i una m\u00e0 estesa per ser la veu dels calpins, i aix\u00ed poder satisfer les seves necessitats i ser altaveu de les seves inquietuds.<\/p>\n<p>Des del PP tamb\u00e9 s&#039;ha sol\u00b7licitat que els plens i les comissions es continu\u00efn celebrant els dilluns a la tarda, perqu\u00e8 els ciutadans que aix\u00ed ho desitgin puguin assistir de manera presencial als plens. Els populars consideren que \u00e9s molt important que en aquesta legislatura, en qu\u00e8 hi ha tants partits pol\u00edtics, es promogui la m\u00e0xima transpar\u00e8ncia.<\/p>\n<p>&nbsp;<\/p>","protected":false},"excerpt":{"rendered":"<p>El Grupo Municipal del Partido Popular de Calp ha registrado la solicitud para disponer de los recursos necesarios para hacer su labor de control y fiscalizaci\u00f3n al gobierno durante la presente legislatura. En este sentido en el escrito los populares requieren disponer de un despacho en la planta baja del Ayuntamiento y la posibilidad de [&#8230;]<\/p>\n<p><a class=\"btn btn-secondary understrap-read-more-link\" href=\"https:\/\/radiolitoral.com\/ca\/2023\/06\/el-pp-de-calp-pide-dedicaciones-exclusivas-para-sus-ediles\/\">Continua llegint&#8230;<span class=\"screen-reader-text\"> from El PP de Calp pide dedicaciones exclusivas para sus ediles<\/span><\/a><\/p>\n","protected":false},"author":21,"featured_media":4328,"comment_status":"open","ping_status":"closed","sticky":false,"template":"","format":"standard","meta":{"_acf_changed":false,"inline_featured_image":false,"footnotes":""},"categories":[13],"tags":[99,121],"class_list":["post-4327","post","type-post","status-publish","format-standard","has-post-thumbnail","hentry","category-politica","tag-cesar-sanchez","tag-pp-calp","cobertura-calp"],"acf":[],"yoast_head":"<!-- This site is optimized with the Yoast SEO plugin v27.5 - https:\/\/yoast.com\/product\/yoast-seo-wordpress\/ -->\n<title>El PP de Calp pide dedicaciones exclusivas para sus ediles | R\u00e0dio Litoral<\/title>\n<meta name=\"description\" content=\"Tambi\u00e9n quieren disponer de un despacho en la planta baja del Ayuntamiento Tambi\u00e9n quieren disponer de un despacho en la planta baja del Ayuntamiento\" \/>\n<meta name=\"robots\" content=\"index, follow, max-snippet:-1, max-image-preview:large, max-video-preview:-1\" \/>\n<link rel=\"canonical\" href=\"https:\/\/radiolitoral.com\/ca\/2023\/06\/el-pp-de-calp-demana-dedicacions-exclusives-per-als-seus-regidors\/\" \/>\n<meta property=\"og:locale\" content=\"ca_ES\" \/>\n<meta property=\"og:type\" content=\"article\" \/>\n<meta property=\"og:title\" content=\"El PP de Calp pide dedicaciones exclusivas para sus ediles | R\u00e0dio Litoral\" \/>\n<meta property=\"og:description\" content=\"Tambi\u00e9n quieren disponer de un despacho en la planta baja del Ayuntamiento Tambi\u00e9n quieren disponer de un despacho en la planta baja del Ayuntamiento\" \/>\n<meta property=\"og:url\" content=\"https:\/\/radiolitoral.com\/ca\/2023\/06\/el-pp-de-calp-demana-dedicacions-exclusives-per-als-seus-regidors\/\" \/>\n<meta property=\"og:site_name\" content=\"R\u00e0dio Litoral\" \/>\n<meta property=\"article:publisher\" content=\"https:\/\/www.facebook.com\/Laradiolitoral\/\" \/>\n<meta property=\"article:published_time\" content=\"2023-06-23T16:55:08+00:00\" \/>\n<meta property=\"article:modified_time\" content=\"2023-06-23T16:55:23+00:00\" \/>\n<meta property=\"og:image\" content=\"https:\/\/media.radiolitoral.com\/wp-content\/uploads\/2023\/06\/23185019\/44ddc6a6-f10e-416a-86b9-f3276824d7e4_16-9-aspect-ratio_default_0.jpg\" \/>\n\t<meta property=\"og:image:width\" content=\"880\" \/>\n\t<meta property=\"og:image:height\" content=\"495\" \/>\n\t<meta property=\"og:image:type\" content=\"image\/jpeg\" \/>\n<meta name=\"author\" content=\"Mel Pescuezo\" \/>\n<meta name=\"twitter:card\" content=\"summary_large_image\" \/>\n<meta name=\"twitter:label1\" content=\"Escrit per\" \/>\n\t<meta name=\"twitter:data1\" content=\"Mel Pescuezo\" \/>\n\t<meta name=\"twitter:label2\" content=\"Temps estimat de lectura\" \/>\n\t<meta name=\"twitter:data2\" content=\"2 minuts\" \/>\n<script type=\"application\/ld+json\" class=\"yoast-schema-graph\">{\"@context\":\"https:\\\/\\\/schema.org\",\"@graph\":[{\"@type\":\"NewsArticle\",\"@id\":\"https:\\\/\\\/radiolitoral.com\\\/2023\\\/06\\\/el-pp-de-calp-pide-dedicaciones-exclusivas-para-sus-ediles\\\/#article\",\"isPartOf\":{\"@id\":\"https:\\\/\\\/radiolitoral.com\\\/2023\\\/06\\\/el-pp-de-calp-pide-dedicaciones-exclusivas-para-sus-ediles\\\/\"},\"author\":{\"name\":\"Mel Pescuezo\",\"@id\":\"https:\\\/\\\/radiolitoral.com\\\/#\\\/schema\\\/person\\\/aad4f72efa404f85b68e832d24cac059\"},\"headline\":\"El PP de Calp pide dedicaciones exclusivas para sus ediles\",\"datePublished\":\"2023-06-23T16:55:08+00:00\",\"dateModified\":\"2023-06-23T16:55:23+00:00\",\"mainEntityOfPage\":{\"@id\":\"https:\\\/\\\/radiolitoral.com\\\/2023\\\/06\\\/el-pp-de-calp-pide-dedicaciones-exclusivas-para-sus-ediles\\\/\"},\"wordCount\":255,\"commentCount\":0,\"publisher\":{\"@id\":\"https:\\\/\\\/radiolitoral.com\\\/#organization\"},\"image\":{\"@id\":\"https:\\\/\\\/radiolitoral.com\\\/2023\\\/06\\\/el-pp-de-calp-pide-dedicaciones-exclusivas-para-sus-ediles\\\/#primaryimage\"},\"thumbnailUrl\":\"https:\\\/\\\/media.radiolitoral.com\\\/wp-content\\\/uploads\\\/2023\\\/06\\\/23185019\\\/44ddc6a6-f10e-416a-86b9-f3276824d7e4_16-9-aspect-ratio_default_0.jpg\",\"keywords\":[\"C\u00e9sar S\u00e1nchez\",\"PP Calp\"],\"articleSection\":[\"Pol\u00edtica\"],\"inLanguage\":\"ca\",\"potentialAction\":[{\"@type\":\"CommentAction\",\"name\":\"Comment\",\"target\":[\"https:\\\/\\\/radiolitoral.com\\\/2023\\\/06\\\/el-pp-de-calp-pide-dedicaciones-exclusivas-para-sus-ediles\\\/#respond\"]}]},{\"@type\":[\"WebPage\",\"ItemPage\"],\"@id\":\"https:\\\/\\\/radiolitoral.com\\\/2023\\\/06\\\/el-pp-de-calp-pide-dedicaciones-exclusivas-para-sus-ediles\\\/\",\"url\":\"https:\\\/\\\/radiolitoral.com\\\/2023\\\/06\\\/el-pp-de-calp-pide-dedicaciones-exclusivas-para-sus-ediles\\\/\",\"name\":\"El PP de Calp pide dedicaciones exclusivas para sus ediles | R\u00e0dio Litoral\",\"isPartOf\":{\"@id\":\"https:\\\/\\\/radiolitoral.com\\\/#website\"},\"primaryImageOfPage\":{\"@id\":\"https:\\\/\\\/radiolitoral.com\\\/2023\\\/06\\\/el-pp-de-calp-pide-dedicaciones-exclusivas-para-sus-ediles\\\/#primaryimage\"},\"image\":{\"@id\":\"https:\\\/\\\/radiolitoral.com\\\/2023\\\/06\\\/el-pp-de-calp-pide-dedicaciones-exclusivas-para-sus-ediles\\\/#primaryimage\"},\"thumbnailUrl\":\"https:\\\/\\\/media.radiolitoral.com\\\/wp-content\\\/uploads\\\/2023\\\/06\\\/23185019\\\/44ddc6a6-f10e-416a-86b9-f3276824d7e4_16-9-aspect-ratio_default_0.jpg\",\"datePublished\":\"2023-06-23T16:55:08+00:00\",\"dateModified\":\"2023-06-23T16:55:23+00:00\",\"description\":\"Tambi\u00e9n quieren disponer de un despacho en la planta baja del Ayuntamiento Tambi\u00e9n quieren disponer de un despacho en la planta baja del Ayuntamiento\",\"breadcrumb\":{\"@id\":\"https:\\\/\\\/radiolitoral.com\\\/2023\\\/06\\\/el-pp-de-calp-pide-dedicaciones-exclusivas-para-sus-ediles\\\/#breadcrumb\"},\"inLanguage\":\"ca\",\"potentialAction\":[{\"@type\":\"ReadAction\",\"target\":[\"https:\\\/\\\/radiolitoral.com\\\/2023\\\/06\\\/el-pp-de-calp-pide-dedicaciones-exclusivas-para-sus-ediles\\\/\"]}]},{\"@type\":\"ImageObject\",\"inLanguage\":\"ca\",\"@id\":\"https:\\\/\\\/radiolitoral.com\\\/2023\\\/06\\\/el-pp-de-calp-pide-dedicaciones-exclusivas-para-sus-ediles\\\/#primaryimage\",\"url\":\"https:\\\/\\\/media.radiolitoral.com\\\/wp-content\\\/uploads\\\/2023\\\/06\\\/23185019\\\/44ddc6a6-f10e-416a-86b9-f3276824d7e4_16-9-aspect-ratio_default_0.jpg\",\"contentUrl\":\"https:\\\/\\\/media.radiolitoral.com\\\/wp-content\\\/uploads\\\/2023\\\/06\\\/23185019\\\/44ddc6a6-f10e-416a-86b9-f3276824d7e4_16-9-aspect-ratio_default_0.jpg\",\"width\":880,\"height\":495},{\"@type\":\"BreadcrumbList\",\"@id\":\"https:\\\/\\\/radiolitoral.com\\\/2023\\\/06\\\/el-pp-de-calp-pide-dedicaciones-exclusivas-para-sus-ediles\\\/#breadcrumb\",\"itemListElement\":[{\"@type\":\"ListItem\",\"position\":1,\"name\":\"Portada\",\"item\":\"https:\\\/\\\/radiolitoral.com\\\/\"},{\"@type\":\"ListItem\",\"position\":2,\"name\":\"El PP de Calp pide dedicaciones exclusivas para sus ediles\"}]},{\"@type\":\"WebSite\",\"@id\":\"https:\\\/\\\/radiolitoral.com\\\/#website\",\"url\":\"https:\\\/\\\/radiolitoral.com\\\/\",\"name\":\"Radio Litoral\",\"description\":\"La radio local de la Marina Alta\",\"publisher\":{\"@id\":\"https:\\\/\\\/radiolitoral.com\\\/#organization\"},\"alternateName\":\"Litoral FM\",\"potentialAction\":[{\"@type\":\"SearchAction\",\"target\":{\"@type\":\"EntryPoint\",\"urlTemplate\":\"https:\\\/\\\/radiolitoral.com\\\/?s={search_term_string}\"},\"query-input\":{\"@type\":\"PropertyValueSpecification\",\"valueRequired\":true,\"valueName\":\"search_term_string\"}}],\"inLanguage\":\"ca\"},{\"@type\":\"Organization\",\"@id\":\"https:\\\/\\\/radiolitoral.com\\\/#organization\",\"name\":\"Radio Litoral\",\"url\":\"https:\\\/\\\/radiolitoral.com\\\/\",\"logo\":{\"@type\":\"ImageObject\",\"inLanguage\":\"ca\",\"@id\":\"https:\\\/\\\/radiolitoral.com\\\/#\\\/schema\\\/logo\\\/image\\\/\",\"url\":\"https:\\\/\\\/media.radiolitoral.com\\\/wp-content\\\/uploads\\\/2023\\\/02\\\/24143238\\\/CL-V-RadioLitoral696.png\",\"contentUrl\":\"https:\\\/\\\/media.radiolitoral.com\\\/wp-content\\\/uploads\\\/2023\\\/02\\\/24143238\\\/CL-V-RadioLitoral696.png\",\"width\":696,\"height\":696,\"caption\":\"Radio Litoral\"},\"image\":{\"@id\":\"https:\\\/\\\/radiolitoral.com\\\/#\\\/schema\\\/logo\\\/image\\\/\"},\"sameAs\":[\"https:\\\/\\\/www.facebook.com\\\/Laradiolitoral\\\/\"]},{\"@type\":\"Person\",\"@id\":\"https:\\\/\\\/radiolitoral.com\\\/#\\\/schema\\\/person\\\/aad4f72efa404f85b68e832d24cac059\",\"name\":\"Mel Pescuezo\",\"image\":{\"@type\":\"ImageObject\",\"inLanguage\":\"ca\",\"@id\":\"https:\\\/\\\/secure.gravatar.com\\\/avatar\\\/993975ae489c70cb0dd9bfa9413a082f0bd276582dac13661af7b33f161e7eea?s=96&d=mm&r=g\",\"url\":\"https:\\\/\\\/secure.gravatar.com\\\/avatar\\\/993975ae489c70cb0dd9bfa9413a082f0bd276582dac13661af7b33f161e7eea?s=96&d=mm&r=g\",\"contentUrl\":\"https:\\\/\\\/secure.gravatar.com\\\/avatar\\\/993975ae489c70cb0dd9bfa9413a082f0bd276582dac13661af7b33f161e7eea?s=96&d=mm&r=g\",\"caption\":\"Mel Pescuezo\"},\"url\":\"https:\\\/\\\/radiolitoral.com\\\/ca\\\/author\\\/serviciospararadios\\\/\"}]}<\/script>\n<!-- \/ Yoast SEO plugin. -->","yoast_head_json":{"title":"El PP de Calp demana dedicacions exclusives per als regidors | R\u00e0dio Litoral","description":"Tamb\u00e9 volen disposar d\u00b4un despatx a la planta baixa de l\u00b4Ajuntament Tamb\u00e9 volen disposar d\u00b4un despatx a la planta baixa de l\u00b4Ajuntament","robots":{"index":"index","follow":"follow","max-snippet":"max-snippet:-1","max-image-preview":"max-image-preview:large","max-video-preview":"max-video-preview:-1"},"canonical":"https:\/\/radiolitoral.com\/ca\/2023\/06\/el-pp-de-calp-demana-dedicacions-exclusives-per-als-seus-regidors\/","og_locale":"ca_ES","og_type":"article","og_title":"El PP de Calp pide dedicaciones exclusivas para sus ediles | R\u00e0dio Litoral","og_description":"Tambi\u00e9n quieren disponer de un despacho en la planta baja del Ayuntamiento Tambi\u00e9n quieren disponer de un despacho en la planta baja del Ayuntamiento","og_url":"https:\/\/radiolitoral.com\/ca\/2023\/06\/el-pp-de-calp-demana-dedicacions-exclusives-per-als-seus-regidors\/","og_site_name":"R\u00e0dio Litoral","article_publisher":"https:\/\/www.facebook.com\/Laradiolitoral\/","article_published_time":"2023-06-23T16:55:08+00:00","article_modified_time":"2023-06-23T16:55:23+00:00","og_image":[{"width":880,"height":495,"url":"https:\/\/media.radiolitoral.com\/wp-content\/uploads\/2023\/06\/23185019\/44ddc6a6-f10e-416a-86b9-f3276824d7e4_16-9-aspect-ratio_default_0.jpg","type":"image\/jpeg"}],"author":"Mel Pescuezo","twitter_card":"summary_large_image","twitter_misc":{"Escrit per":"Mel Pescuezo","Temps estimat de lectura":"2 minuts"},"schema":{"@context":"https:\/\/schema.org","@graph":[{"@type":"NewsArticle","@id":"https:\/\/radiolitoral.com\/2023\/06\/el-pp-de-calp-pide-dedicaciones-exclusivas-para-sus-ediles\/#article","isPartOf":{"@id":"https:\/\/radiolitoral.com\/2023\/06\/el-pp-de-calp-pide-dedicaciones-exclusivas-para-sus-ediles\/"},"author":{"name":"Mel Pescuezo","@id":"https:\/\/radiolitoral.com\/#\/schema\/person\/aad4f72efa404f85b68e832d24cac059"},"headline":"El PP de Calp pide dedicaciones exclusivas para sus ediles","datePublished":"2023-06-23T16:55:08+00:00","dateModified":"2023-06-23T16:55:23+00:00","mainEntityOfPage":{"@id":"https:\/\/radiolitoral.com\/2023\/06\/el-pp-de-calp-pide-dedicaciones-exclusivas-para-sus-ediles\/"},"wordCount":255,"commentCount":0,"publisher":{"@id":"https:\/\/radiolitoral.com\/#organization"},"image":{"@id":"https:\/\/radiolitoral.com\/2023\/06\/el-pp-de-calp-pide-dedicaciones-exclusivas-para-sus-ediles\/#primaryimage"},"thumbnailUrl":"https:\/\/media.radiolitoral.com\/wp-content\/uploads\/2023\/06\/23185019\/44ddc6a6-f10e-416a-86b9-f3276824d7e4_16-9-aspect-ratio_default_0.jpg","keywords":["C\u00e9sar S\u00e1nchez","PP Calp"],"articleSection":["Pol\u00edtica"],"inLanguage":"ca","potentialAction":[{"@type":"CommentAction","name":"Comment","target":["https:\/\/radiolitoral.com\/2023\/06\/el-pp-de-calp-pide-dedicaciones-exclusivas-para-sus-ediles\/#respond"]}]},{"@type":["WebPage","ItemPage"],"@id":"https:\/\/radiolitoral.com\/2023\/06\/el-pp-de-calp-pide-dedicaciones-exclusivas-para-sus-ediles\/","url":"https:\/\/radiolitoral.com\/2023\/06\/el-pp-de-calp-pide-dedicaciones-exclusivas-para-sus-ediles\/","name":"El PP de Calp demana dedicacions exclusives per als regidors | R\u00e0dio Litoral","isPartOf":{"@id":"https:\/\/radiolitoral.com\/#website"},"primaryImageOfPage":{"@id":"https:\/\/radiolitoral.com\/2023\/06\/el-pp-de-calp-pide-dedicaciones-exclusivas-para-sus-ediles\/#primaryimage"},"image":{"@id":"https:\/\/radiolitoral.com\/2023\/06\/el-pp-de-calp-pide-dedicaciones-exclusivas-para-sus-ediles\/#primaryimage"},"thumbnailUrl":"https:\/\/media.radiolitoral.com\/wp-content\/uploads\/2023\/06\/23185019\/44ddc6a6-f10e-416a-86b9-f3276824d7e4_16-9-aspect-ratio_default_0.jpg","datePublished":"2023-06-23T16:55:08+00:00","dateModified":"2023-06-23T16:55:23+00:00","description":"Tamb\u00e9 volen disposar d\u00b4un despatx a la planta baixa de l\u00b4Ajuntament Tamb\u00e9 volen disposar d\u00b4un despatx a la planta baixa de l\u00b4Ajuntament","breadcrumb":{"@id":"https:\/\/radiolitoral.com\/2023\/06\/el-pp-de-calp-pide-dedicaciones-exclusivas-para-sus-ediles\/#breadcrumb"},"inLanguage":"ca","potentialAction":[{"@type":"ReadAction","target":["https:\/\/radiolitoral.com\/2023\/06\/el-pp-de-calp-pide-dedicaciones-exclusivas-para-sus-ediles\/"]}]},{"@type":"ImageObject","inLanguage":"ca","@id":"https:\/\/radiolitoral.com\/2023\/06\/el-pp-de-calp-pide-dedicaciones-exclusivas-para-sus-ediles\/#primaryimage","url":"https:\/\/media.radiolitoral.com\/wp-content\/uploads\/2023\/06\/23185019\/44ddc6a6-f10e-416a-86b9-f3276824d7e4_16-9-aspect-ratio_default_0.jpg","contentUrl":"https:\/\/media.radiolitoral.com\/wp-content\/uploads\/2023\/06\/23185019\/44ddc6a6-f10e-416a-86b9-f3276824d7e4_16-9-aspect-ratio_default_0.jpg","width":880,"height":495},{"@type":"BreadcrumbList","@id":"https:\/\/radiolitoral.com\/2023\/06\/el-pp-de-calp-pide-dedicaciones-exclusivas-para-sus-ediles\/#breadcrumb","itemListElement":[{"@type":"ListItem","position":1,"name":"Portada","item":"https:\/\/radiolitoral.com\/"},{"@type":"ListItem","position":2,"name":"El PP de Calp pide dedicaciones exclusivas para sus ediles"}]},{"@type":"WebSite","@id":"https:\/\/radiolitoral.com\/#website","url":"https:\/\/radiolitoral.com\/","name":"R\u00e0dio Litoral","description":"La r\u00e0dio local de la Marina Alta","publisher":{"@id":"https:\/\/radiolitoral.com\/#organization"},"alternateName":"Litoral FM","potentialAction":[{"@type":"SearchAction","target":{"@type":"EntryPoint","urlTemplate":"https:\/\/radiolitoral.com\/?s={search_term_string}"},"query-input":{"@type":"PropertyValueSpecification","valueRequired":true,"valueName":"search_term_string"}}],"inLanguage":"ca"},{"@type":"Organization","@id":"https:\/\/radiolitoral.com\/#organization","name":"R\u00e0dio Litoral","url":"https:\/\/radiolitoral.com\/","logo":{"@type":"ImageObject","inLanguage":"ca","@id":"https:\/\/radiolitoral.com\/#\/schema\/logo\/image\/","url":"https:\/\/media.radiolitoral.com\/wp-content\/uploads\/2023\/02\/24143238\/CL-V-RadioLitoral696.png","contentUrl":"https:\/\/media.radiolitoral.com\/wp-content\/uploads\/2023\/02\/24143238\/CL-V-RadioLitoral696.png","width":696,"height":696,"caption":"Radio Litoral"},"image":{"@id":"https:\/\/radiolitoral.com\/#\/schema\/logo\/image\/"},"sameAs":["https:\/\/www.facebook.com\/Laradiolitoral\/"]},{"@type":"Person","@id":"https:\/\/radiolitoral.com\/#\/schema\/person\/aad4f72efa404f85b68e832d24cac059","name":"Mel Pescuezo","image":{"@type":"ImageObject","inLanguage":"ca","@id":"https:\/\/secure.gravatar.com\/avatar\/993975ae489c70cb0dd9bfa9413a082f0bd276582dac13661af7b33f161e7eea?s=96&d=mm&r=g","url":"https:\/\/secure.gravatar.com\/avatar\/993975ae489c70cb0dd9bfa9413a082f0bd276582dac13661af7b33f161e7eea?s=96&d=mm&r=g","contentUrl":"https:\/\/secure.gravatar.com\/avatar\/993975ae489c70cb0dd9bfa9413a082f0bd276582dac13661af7b33f161e7eea?s=96&d=mm&r=g","caption":"Mel Pescuezo"},"url":"https:\/\/radiolitoral.com\/ca\/author\/serviciospararadios\/"}]}},"_links":{"self":[{"href":"https:\/\/radiolitoral.com\/ca\/wp-json\/wp\/v2\/posts\/4327","targetHints":{"allow":["GET"]}}],"collection":[{"href":"https:\/\/radiolitoral.com\/ca\/wp-json\/wp\/v2\/posts"}],"about":[{"href":"https:\/\/radiolitoral.com\/ca\/wp-json\/wp\/v2\/types\/post"}],"author":[{"embeddable":true,"href":"https:\/\/radiolitoral.com\/ca\/wp-json\/wp\/v2\/users\/21"}],"replies":[{"embeddable":true,"href":"https:\/\/radiolitoral.com\/ca\/wp-json\/wp\/v2\/comments?post=4327"}],"version-history":[{"count":1,"href":"https:\/\/radiolitoral.com\/ca\/wp-json\/wp\/v2\/posts\/4327\/revisions"}],"predecessor-version":[{"id":4329,"href":"https:\/\/radiolitoral.com\/ca\/wp-json\/wp\/v2\/posts\/4327\/revisions\/4329"}],"wp:featuredmedia":[{"embeddable":true,"href":"https:\/\/radiolitoral.com\/ca\/wp-json\/wp\/v2\/media\/4328"}],"wp:attachment":[{"href":"https:\/\/radiolitoral.com\/ca\/wp-json\/wp\/v2\/media?parent=4327"}],"wp:term":[{"taxonomy":"category","embeddable":true,"href":"https:\/\/radiolitoral.com\/ca\/wp-json\/wp\/v2\/categories?post=4327"},{"taxonomy":"post_tag","embeddable":true,"href":"https:\/\/radiolitoral.com\/ca\/wp-json\/wp\/v2\/tags?post=4327"}],"curies":[{"name":"wp","href":"https:\/\/api.w.org\/{rel}","templated":true}]}}