{"id":4322,"date":"2023-06-23T17:18:27","date_gmt":"2023-06-23T15:18:27","guid":{"rendered":"https:\/\/radiolitoral.com\/?p=4322"},"modified":"2023-06-23T18:58:21","modified_gmt":"2023-06-23T16:58:21","slug":"desarticulada-una-xarxa-dedicada-a-les-falsificacions-de-moda-i-tecnologia","status":"publish","type":"post","link":"https:\/\/radiolitoral.com\/ca\/2023\/06\/desarticulada-una-red-dedicada-a-las-falsificaciones-de-moda-y-tecnologia\/","title":{"rendered":"Desarticulada a Calp una xarxa dedicada a les falsificacions de moda i tecnologia"},"content":{"rendered":"<p>Agents de la Policia Nacional han detingut a <strong>Calp ia les localitats valencianes de Manises i Quart de Poblet<\/strong>, a un total de <strong>deu persones per delictes contra la propietat industrial<\/strong> que es dedicaven a la distribuci\u00f3 i venda de productes falsificats de conegudes <strong>marques de moda i tecnologia<\/strong>.<\/p>\n<p>Les dues operacions policials dutes a terme pels agents de la Brigada de Policia Judicial de la Comissaria de Benidorm i el Grup de Propietat Industrial de la Comissaria General de Policia Judicial a Madrid, tenen el seu inici a les den\u00fancies interposades pels representants de les marques dels productes falsificats que s&#039;estaven comercialitzant en diverses parades de mercat de Calp.<\/p>\n<p>Els agents van realitzar unes primeres indagacions per identificar els llocs de mercat en qu\u00e8 s&#039;estaven comercialitzant aquests productes, identificant set llocs ubicats en un mercat ambulant de la localitat alacantina de Calp.<\/p>\n<p>Els investigadors van comptar amb la col\u00b7laboraci\u00f3 d&#039;un p\u00e8rit judicial expert en marques per certificar que, efectivament, els productes que s&#039;estaven venent en aquests llocs eren falsificats.<\/p>\n<p>Els agents van inspeccionar un total de set llocs, en qu\u00e8 <strong>van confiscar un total de 2.251 productes falsificats<\/strong>, en aquest cas en la seva gran majoria peces de <strong>roba<\/strong>, encara que tamb\u00e9 van confiscar diversos productes de <strong>tecnologia i telefonia m\u00f2bil<\/strong>, sent detinguts els set propietaris d&#039;aquests llocs.<\/p>","protected":false},"excerpt":{"rendered":"<p>Agentes de la Polic\u00eda Nacional han detenido en Calp y en las localidades valencianas de Manises y Quart de Poblet, a un total de diez personas por delitos contra la propiedad industrial que se dedicaban a la distribuci\u00f3n y venta de productos falsificados de conocidas marcas de moda y tecnolog\u00eda. Las dos operaciones policiales llevadas [&#8230;]<\/p>\n<p><a class=\"btn btn-secondary understrap-read-more-link\" href=\"https:\/\/radiolitoral.com\/ca\/2023\/06\/desarticulada-una-red-dedicada-a-las-falsificaciones-de-moda-y-tecnologia\/\">Continua llegint&#8230;<span class=\"screen-reader-text\"> from Desarticulada en Calp una red dedicada a las falsificaciones de moda y tecnolog\u00eda<\/span><\/a><\/p>\n","protected":false},"author":21,"featured_media":4323,"comment_status":"open","ping_status":"closed","sticky":false,"template":"","format":"standard","meta":{"_acf_changed":false,"inline_featured_image":false,"footnotes":""},"categories":[8],"tags":[795,363],"class_list":["post-4322","post","type-post","status-publish","format-standard","has-post-thumbnail","hentry","category-sucesos","tag-falsificaciones","tag-sucesos-calp","cobertura-calp"],"acf":[],"yoast_head":"<!-- This site is optimized with the Yoast SEO plugin v27.5 - https:\/\/yoast.com\/product\/yoast-seo-wordpress\/ -->\n<title>Desarticulada en Calp una red dedicada a las falsificaciones de moda y tecnolog\u00eda | R\u00e0dio Litoral<\/title>\n<meta name=\"description\" content=\"Han incautado m\u00e1s de 2.200 productos falsos\" \/>\n<meta name=\"robots\" content=\"index, follow, max-snippet:-1, max-image-preview:large, max-video-preview:-1\" \/>\n<link rel=\"canonical\" href=\"https:\/\/radiolitoral.com\/ca\/2023\/06\/desarticulada-una-xarxa-dedicada-a-les-falsificacions-de-moda-i-tecnologia\/\" \/>\n<meta property=\"og:locale\" content=\"ca_ES\" \/>\n<meta property=\"og:type\" content=\"article\" \/>\n<meta property=\"og:title\" content=\"Desarticulada en Calp una red dedicada a las falsificaciones de moda y tecnolog\u00eda | R\u00e0dio Litoral\" \/>\n<meta property=\"og:description\" content=\"Han incautado m\u00e1s de 2.200 productos falsos\" \/>\n<meta property=\"og:url\" content=\"https:\/\/radiolitoral.com\/ca\/2023\/06\/desarticulada-una-xarxa-dedicada-a-les-falsificacions-de-moda-i-tecnologia\/\" \/>\n<meta property=\"og:site_name\" content=\"R\u00e0dio Litoral\" \/>\n<meta property=\"article:publisher\" content=\"https:\/\/www.facebook.com\/Laradiolitoral\/\" \/>\n<meta property=\"article:published_time\" content=\"2023-06-23T15:18:27+00:00\" \/>\n<meta property=\"article:modified_time\" content=\"2023-06-23T16:58:21+00:00\" \/>\n<meta property=\"og:image\" content=\"https:\/\/media.radiolitoral.com\/wp-content\/uploads\/2023\/06\/23170456\/registro-red-falsificacion-calp-1.jpg\" \/>\n\t<meta property=\"og:image:width\" content=\"1024\" \/>\n\t<meta property=\"og:image:height\" content=\"768\" \/>\n\t<meta property=\"og:image:type\" content=\"image\/jpeg\" \/>\n<meta name=\"author\" content=\"Mel Pescuezo\" \/>\n<meta name=\"twitter:card\" content=\"summary_large_image\" \/>\n<meta name=\"twitter:label1\" content=\"Escrit per\" \/>\n\t<meta name=\"twitter:data1\" content=\"Mel Pescuezo\" \/>\n\t<meta name=\"twitter:label2\" content=\"Temps estimat de lectura\" \/>\n\t<meta name=\"twitter:data2\" content=\"2 minuts\" \/>\n<script type=\"application\/ld+json\" class=\"yoast-schema-graph\">{\"@context\":\"https:\\\/\\\/schema.org\",\"@graph\":[{\"@type\":\"NewsArticle\",\"@id\":\"https:\\\/\\\/radiolitoral.com\\\/2023\\\/06\\\/desarticulada-una-red-dedicada-a-las-falsificaciones-de-moda-y-tecnologia\\\/#article\",\"isPartOf\":{\"@id\":\"https:\\\/\\\/radiolitoral.com\\\/2023\\\/06\\\/desarticulada-una-red-dedicada-a-las-falsificaciones-de-moda-y-tecnologia\\\/\"},\"author\":{\"name\":\"Mel Pescuezo\",\"@id\":\"https:\\\/\\\/radiolitoral.com\\\/#\\\/schema\\\/person\\\/aad4f72efa404f85b68e832d24cac059\"},\"headline\":\"Desarticulada en Calp una red dedicada a las falsificaciones de moda y tecnolog\u00eda\",\"datePublished\":\"2023-06-23T15:18:27+00:00\",\"dateModified\":\"2023-06-23T16:58:21+00:00\",\"mainEntityOfPage\":{\"@id\":\"https:\\\/\\\/radiolitoral.com\\\/2023\\\/06\\\/desarticulada-una-red-dedicada-a-las-falsificaciones-de-moda-y-tecnologia\\\/\"},\"wordCount\":248,\"commentCount\":0,\"publisher\":{\"@id\":\"https:\\\/\\\/radiolitoral.com\\\/#organization\"},\"image\":{\"@id\":\"https:\\\/\\\/radiolitoral.com\\\/2023\\\/06\\\/desarticulada-una-red-dedicada-a-las-falsificaciones-de-moda-y-tecnologia\\\/#primaryimage\"},\"thumbnailUrl\":\"https:\\\/\\\/media.radiolitoral.com\\\/wp-content\\\/uploads\\\/2023\\\/06\\\/23170456\\\/registro-red-falsificacion-calp-1.jpg\",\"keywords\":[\"falsificaciones\",\"sucesos Calp\"],\"articleSection\":[\"Sucesos\"],\"inLanguage\":\"ca\",\"potentialAction\":[{\"@type\":\"CommentAction\",\"name\":\"Comment\",\"target\":[\"https:\\\/\\\/radiolitoral.com\\\/2023\\\/06\\\/desarticulada-una-red-dedicada-a-las-falsificaciones-de-moda-y-tecnologia\\\/#respond\"]}]},{\"@type\":[\"WebPage\",\"ItemPage\"],\"@id\":\"https:\\\/\\\/radiolitoral.com\\\/2023\\\/06\\\/desarticulada-una-red-dedicada-a-las-falsificaciones-de-moda-y-tecnologia\\\/\",\"url\":\"https:\\\/\\\/radiolitoral.com\\\/2023\\\/06\\\/desarticulada-una-red-dedicada-a-las-falsificaciones-de-moda-y-tecnologia\\\/\",\"name\":\"Desarticulada en Calp una red dedicada a las falsificaciones de moda y tecnolog\u00eda | R\u00e0dio Litoral\",\"isPartOf\":{\"@id\":\"https:\\\/\\\/radiolitoral.com\\\/#website\"},\"primaryImageOfPage\":{\"@id\":\"https:\\\/\\\/radiolitoral.com\\\/2023\\\/06\\\/desarticulada-una-red-dedicada-a-las-falsificaciones-de-moda-y-tecnologia\\\/#primaryimage\"},\"image\":{\"@id\":\"https:\\\/\\\/radiolitoral.com\\\/2023\\\/06\\\/desarticulada-una-red-dedicada-a-las-falsificaciones-de-moda-y-tecnologia\\\/#primaryimage\"},\"thumbnailUrl\":\"https:\\\/\\\/media.radiolitoral.com\\\/wp-content\\\/uploads\\\/2023\\\/06\\\/23170456\\\/registro-red-falsificacion-calp-1.jpg\",\"datePublished\":\"2023-06-23T15:18:27+00:00\",\"dateModified\":\"2023-06-23T16:58:21+00:00\",\"description\":\"Han incautado m\u00e1s de 2.200 productos falsos\",\"breadcrumb\":{\"@id\":\"https:\\\/\\\/radiolitoral.com\\\/2023\\\/06\\\/desarticulada-una-red-dedicada-a-las-falsificaciones-de-moda-y-tecnologia\\\/#breadcrumb\"},\"inLanguage\":\"ca\",\"potentialAction\":[{\"@type\":\"ReadAction\",\"target\":[\"https:\\\/\\\/radiolitoral.com\\\/2023\\\/06\\\/desarticulada-una-red-dedicada-a-las-falsificaciones-de-moda-y-tecnologia\\\/\"]}]},{\"@type\":\"ImageObject\",\"inLanguage\":\"ca\",\"@id\":\"https:\\\/\\\/radiolitoral.com\\\/2023\\\/06\\\/desarticulada-una-red-dedicada-a-las-falsificaciones-de-moda-y-tecnologia\\\/#primaryimage\",\"url\":\"https:\\\/\\\/media.radiolitoral.com\\\/wp-content\\\/uploads\\\/2023\\\/06\\\/23170456\\\/registro-red-falsificacion-calp-1.jpg\",\"contentUrl\":\"https:\\\/\\\/media.radiolitoral.com\\\/wp-content\\\/uploads\\\/2023\\\/06\\\/23170456\\\/registro-red-falsificacion-calp-1.jpg\",\"width\":1024,\"height\":768},{\"@type\":\"BreadcrumbList\",\"@id\":\"https:\\\/\\\/radiolitoral.com\\\/2023\\\/06\\\/desarticulada-una-red-dedicada-a-las-falsificaciones-de-moda-y-tecnologia\\\/#breadcrumb\",\"itemListElement\":[{\"@type\":\"ListItem\",\"position\":1,\"name\":\"Portada\",\"item\":\"https:\\\/\\\/radiolitoral.com\\\/\"},{\"@type\":\"ListItem\",\"position\":2,\"name\":\"Desarticulada en Calp una red dedicada a las falsificaciones de moda y tecnolog\u00eda\"}]},{\"@type\":\"WebSite\",\"@id\":\"https:\\\/\\\/radiolitoral.com\\\/#website\",\"url\":\"https:\\\/\\\/radiolitoral.com\\\/\",\"name\":\"Radio Litoral\",\"description\":\"La radio local de la Marina Alta\",\"publisher\":{\"@id\":\"https:\\\/\\\/radiolitoral.com\\\/#organization\"},\"alternateName\":\"Litoral FM\",\"potentialAction\":[{\"@type\":\"SearchAction\",\"target\":{\"@type\":\"EntryPoint\",\"urlTemplate\":\"https:\\\/\\\/radiolitoral.com\\\/?s={search_term_string}\"},\"query-input\":{\"@type\":\"PropertyValueSpecification\",\"valueRequired\":true,\"valueName\":\"search_term_string\"}}],\"inLanguage\":\"ca\"},{\"@type\":\"Organization\",\"@id\":\"https:\\\/\\\/radiolitoral.com\\\/#organization\",\"name\":\"Radio Litoral\",\"url\":\"https:\\\/\\\/radiolitoral.com\\\/\",\"logo\":{\"@type\":\"ImageObject\",\"inLanguage\":\"ca\",\"@id\":\"https:\\\/\\\/radiolitoral.com\\\/#\\\/schema\\\/logo\\\/image\\\/\",\"url\":\"https:\\\/\\\/media.radiolitoral.com\\\/wp-content\\\/uploads\\\/2023\\\/02\\\/24143238\\\/CL-V-RadioLitoral696.png\",\"contentUrl\":\"https:\\\/\\\/media.radiolitoral.com\\\/wp-content\\\/uploads\\\/2023\\\/02\\\/24143238\\\/CL-V-RadioLitoral696.png\",\"width\":696,\"height\":696,\"caption\":\"Radio Litoral\"},\"image\":{\"@id\":\"https:\\\/\\\/radiolitoral.com\\\/#\\\/schema\\\/logo\\\/image\\\/\"},\"sameAs\":[\"https:\\\/\\\/www.facebook.com\\\/Laradiolitoral\\\/\"]},{\"@type\":\"Person\",\"@id\":\"https:\\\/\\\/radiolitoral.com\\\/#\\\/schema\\\/person\\\/aad4f72efa404f85b68e832d24cac059\",\"name\":\"Mel Pescuezo\",\"image\":{\"@type\":\"ImageObject\",\"inLanguage\":\"ca\",\"@id\":\"https:\\\/\\\/secure.gravatar.com\\\/avatar\\\/993975ae489c70cb0dd9bfa9413a082f0bd276582dac13661af7b33f161e7eea?s=96&d=mm&r=g\",\"url\":\"https:\\\/\\\/secure.gravatar.com\\\/avatar\\\/993975ae489c70cb0dd9bfa9413a082f0bd276582dac13661af7b33f161e7eea?s=96&d=mm&r=g\",\"contentUrl\":\"https:\\\/\\\/secure.gravatar.com\\\/avatar\\\/993975ae489c70cb0dd9bfa9413a082f0bd276582dac13661af7b33f161e7eea?s=96&d=mm&r=g\",\"caption\":\"Mel Pescuezo\"},\"url\":\"https:\\\/\\\/radiolitoral.com\\\/ca\\\/author\\\/serviciospararadios\\\/\"}]}<\/script>\n<!-- \/ Yoast SEO plugin. -->","yoast_head_json":{"title":"Desarticulada a Calp una xarxa dedicada a les falsificacions de moda i tecnologia | R\u00e0dio Litoral","description":"Han confiscat m\u00e9s de 2.200 productes falsos","robots":{"index":"index","follow":"follow","max-snippet":"max-snippet:-1","max-image-preview":"max-image-preview:large","max-video-preview":"max-video-preview:-1"},"canonical":"https:\/\/radiolitoral.com\/ca\/2023\/06\/desarticulada-una-xarxa-dedicada-a-les-falsificacions-de-moda-i-tecnologia\/","og_locale":"ca_ES","og_type":"article","og_title":"Desarticulada en Calp una red dedicada a las falsificaciones de moda y tecnolog\u00eda | R\u00e0dio Litoral","og_description":"Han incautado m\u00e1s de 2.200 productos falsos","og_url":"https:\/\/radiolitoral.com\/ca\/2023\/06\/desarticulada-una-xarxa-dedicada-a-les-falsificacions-de-moda-i-tecnologia\/","og_site_name":"R\u00e0dio Litoral","article_publisher":"https:\/\/www.facebook.com\/Laradiolitoral\/","article_published_time":"2023-06-23T15:18:27+00:00","article_modified_time":"2023-06-23T16:58:21+00:00","og_image":[{"width":1024,"height":768,"url":"https:\/\/media.radiolitoral.com\/wp-content\/uploads\/2023\/06\/23170456\/registro-red-falsificacion-calp-1.jpg","type":"image\/jpeg"}],"author":"Mel Pescuezo","twitter_card":"summary_large_image","twitter_misc":{"Escrit per":"Mel Pescuezo","Temps estimat de lectura":"2 minuts"},"schema":{"@context":"https:\/\/schema.org","@graph":[{"@type":"NewsArticle","@id":"https:\/\/radiolitoral.com\/2023\/06\/desarticulada-una-red-dedicada-a-las-falsificaciones-de-moda-y-tecnologia\/#article","isPartOf":{"@id":"https:\/\/radiolitoral.com\/2023\/06\/desarticulada-una-red-dedicada-a-las-falsificaciones-de-moda-y-tecnologia\/"},"author":{"name":"Mel Pescuezo","@id":"https:\/\/radiolitoral.com\/#\/schema\/person\/aad4f72efa404f85b68e832d24cac059"},"headline":"Desarticulada en Calp una red dedicada a las falsificaciones de moda y tecnolog\u00eda","datePublished":"2023-06-23T15:18:27+00:00","dateModified":"2023-06-23T16:58:21+00:00","mainEntityOfPage":{"@id":"https:\/\/radiolitoral.com\/2023\/06\/desarticulada-una-red-dedicada-a-las-falsificaciones-de-moda-y-tecnologia\/"},"wordCount":248,"commentCount":0,"publisher":{"@id":"https:\/\/radiolitoral.com\/#organization"},"image":{"@id":"https:\/\/radiolitoral.com\/2023\/06\/desarticulada-una-red-dedicada-a-las-falsificaciones-de-moda-y-tecnologia\/#primaryimage"},"thumbnailUrl":"https:\/\/media.radiolitoral.com\/wp-content\/uploads\/2023\/06\/23170456\/registro-red-falsificacion-calp-1.jpg","keywords":["falsificaciones","sucesos Calp"],"articleSection":["Sucesos"],"inLanguage":"ca","potentialAction":[{"@type":"CommentAction","name":"Comment","target":["https:\/\/radiolitoral.com\/2023\/06\/desarticulada-una-red-dedicada-a-las-falsificaciones-de-moda-y-tecnologia\/#respond"]}]},{"@type":["WebPage","ItemPage"],"@id":"https:\/\/radiolitoral.com\/2023\/06\/desarticulada-una-red-dedicada-a-las-falsificaciones-de-moda-y-tecnologia\/","url":"https:\/\/radiolitoral.com\/2023\/06\/desarticulada-una-red-dedicada-a-las-falsificaciones-de-moda-y-tecnologia\/","name":"Desarticulada a Calp una xarxa dedicada a les falsificacions de moda i tecnologia | R\u00e0dio Litoral","isPartOf":{"@id":"https:\/\/radiolitoral.com\/#website"},"primaryImageOfPage":{"@id":"https:\/\/radiolitoral.com\/2023\/06\/desarticulada-una-red-dedicada-a-las-falsificaciones-de-moda-y-tecnologia\/#primaryimage"},"image":{"@id":"https:\/\/radiolitoral.com\/2023\/06\/desarticulada-una-red-dedicada-a-las-falsificaciones-de-moda-y-tecnologia\/#primaryimage"},"thumbnailUrl":"https:\/\/media.radiolitoral.com\/wp-content\/uploads\/2023\/06\/23170456\/registro-red-falsificacion-calp-1.jpg","datePublished":"2023-06-23T15:18:27+00:00","dateModified":"2023-06-23T16:58:21+00:00","description":"Han confiscat m\u00e9s de 2.200 productes falsos","breadcrumb":{"@id":"https:\/\/radiolitoral.com\/2023\/06\/desarticulada-una-red-dedicada-a-las-falsificaciones-de-moda-y-tecnologia\/#breadcrumb"},"inLanguage":"ca","potentialAction":[{"@type":"ReadAction","target":["https:\/\/radiolitoral.com\/2023\/06\/desarticulada-una-red-dedicada-a-las-falsificaciones-de-moda-y-tecnologia\/"]}]},{"@type":"ImageObject","inLanguage":"ca","@id":"https:\/\/radiolitoral.com\/2023\/06\/desarticulada-una-red-dedicada-a-las-falsificaciones-de-moda-y-tecnologia\/#primaryimage","url":"https:\/\/media.radiolitoral.com\/wp-content\/uploads\/2023\/06\/23170456\/registro-red-falsificacion-calp-1.jpg","contentUrl":"https:\/\/media.radiolitoral.com\/wp-content\/uploads\/2023\/06\/23170456\/registro-red-falsificacion-calp-1.jpg","width":1024,"height":768},{"@type":"BreadcrumbList","@id":"https:\/\/radiolitoral.com\/2023\/06\/desarticulada-una-red-dedicada-a-las-falsificaciones-de-moda-y-tecnologia\/#breadcrumb","itemListElement":[{"@type":"ListItem","position":1,"name":"Portada","item":"https:\/\/radiolitoral.com\/"},{"@type":"ListItem","position":2,"name":"Desarticulada en Calp una red dedicada a las falsificaciones de moda y tecnolog\u00eda"}]},{"@type":"WebSite","@id":"https:\/\/radiolitoral.com\/#website","url":"https:\/\/radiolitoral.com\/","name":"R\u00e0dio Litoral","description":"La r\u00e0dio local de la Marina Alta","publisher":{"@id":"https:\/\/radiolitoral.com\/#organization"},"alternateName":"Litoral FM","potentialAction":[{"@type":"SearchAction","target":{"@type":"EntryPoint","urlTemplate":"https:\/\/radiolitoral.com\/?s={search_term_string}"},"query-input":{"@type":"PropertyValueSpecification","valueRequired":true,"valueName":"search_term_string"}}],"inLanguage":"ca"},{"@type":"Organization","@id":"https:\/\/radiolitoral.com\/#organization","name":"R\u00e0dio Litoral","url":"https:\/\/radiolitoral.com\/","logo":{"@type":"ImageObject","inLanguage":"ca","@id":"https:\/\/radiolitoral.com\/#\/schema\/logo\/image\/","url":"https:\/\/media.radiolitoral.com\/wp-content\/uploads\/2023\/02\/24143238\/CL-V-RadioLitoral696.png","contentUrl":"https:\/\/media.radiolitoral.com\/wp-content\/uploads\/2023\/02\/24143238\/CL-V-RadioLitoral696.png","width":696,"height":696,"caption":"Radio Litoral"},"image":{"@id":"https:\/\/radiolitoral.com\/#\/schema\/logo\/image\/"},"sameAs":["https:\/\/www.facebook.com\/Laradiolitoral\/"]},{"@type":"Person","@id":"https:\/\/radiolitoral.com\/#\/schema\/person\/aad4f72efa404f85b68e832d24cac059","name":"Mel Pescuezo","image":{"@type":"ImageObject","inLanguage":"ca","@id":"https:\/\/secure.gravatar.com\/avatar\/993975ae489c70cb0dd9bfa9413a082f0bd276582dac13661af7b33f161e7eea?s=96&d=mm&r=g","url":"https:\/\/secure.gravatar.com\/avatar\/993975ae489c70cb0dd9bfa9413a082f0bd276582dac13661af7b33f161e7eea?s=96&d=mm&r=g","contentUrl":"https:\/\/secure.gravatar.com\/avatar\/993975ae489c70cb0dd9bfa9413a082f0bd276582dac13661af7b33f161e7eea?s=96&d=mm&r=g","caption":"Mel Pescuezo"},"url":"https:\/\/radiolitoral.com\/ca\/author\/serviciospararadios\/"}]}},"_links":{"self":[{"href":"https:\/\/radiolitoral.com\/ca\/wp-json\/wp\/v2\/posts\/4322","targetHints":{"allow":["GET"]}}],"collection":[{"href":"https:\/\/radiolitoral.com\/ca\/wp-json\/wp\/v2\/posts"}],"about":[{"href":"https:\/\/radiolitoral.com\/ca\/wp-json\/wp\/v2\/types\/post"}],"author":[{"embeddable":true,"href":"https:\/\/radiolitoral.com\/ca\/wp-json\/wp\/v2\/users\/21"}],"replies":[{"embeddable":true,"href":"https:\/\/radiolitoral.com\/ca\/wp-json\/wp\/v2\/comments?post=4322"}],"version-history":[{"count":2,"href":"https:\/\/radiolitoral.com\/ca\/wp-json\/wp\/v2\/posts\/4322\/revisions"}],"predecessor-version":[{"id":4331,"href":"https:\/\/radiolitoral.com\/ca\/wp-json\/wp\/v2\/posts\/4322\/revisions\/4331"}],"wp:featuredmedia":[{"embeddable":true,"href":"https:\/\/radiolitoral.com\/ca\/wp-json\/wp\/v2\/media\/4323"}],"wp:attachment":[{"href":"https:\/\/radiolitoral.com\/ca\/wp-json\/wp\/v2\/media?parent=4322"}],"wp:term":[{"taxonomy":"category","embeddable":true,"href":"https:\/\/radiolitoral.com\/ca\/wp-json\/wp\/v2\/categories?post=4322"},{"taxonomy":"post_tag","embeddable":true,"href":"https:\/\/radiolitoral.com\/ca\/wp-json\/wp\/v2\/tags?post=4322"}],"curies":[{"name":"wp","href":"https:\/\/api.w.org\/{rel}","templated":true}]}}