{"id":4308,"date":"2023-06-22T16:38:25","date_gmt":"2023-06-22T14:38:25","guid":{"rendered":"https:\/\/radiolitoral.com\/?p=4308"},"modified":"2023-06-22T16:50:00","modified_gmt":"2023-06-22T14:50:00","slug":"el-iii-forum-jove-promou-la-salut-mental-i-el-benestar-emocional-entre-lalumnat-del-ies-teulada","status":"publish","type":"post","link":"https:\/\/radiolitoral.com\/ca\/2023\/06\/el-iii-forum-jove-promueve-la-salud-mental-y-el-bienestar-emocional-entre-el-alumnado-del-ies-teulada\/","title":{"rendered":"El III F\u00f2rum Jove promou la salut mental i el benestar emocional entre l&#039;alumnat de l&#039;IES Teulada"},"content":{"rendered":"<p>El 3r F\u00f2rum Jove celebrat a la Teulada promou la cura de la salut mental i el benestar emocional entre l&#039;alumnat de l&#039;IES teuladino. Aquesta setmana, darrera del curs, ha tingut lloc el F\u00f2rum Jove, centrat en aquestes mat\u00e8ries. Una activitat en qu\u00e8 han participat amb entusiasme els alumnes de 3r i 4t d&#039;ESO i de Batxillerat de l&#039;IES Teulada. Aquesta \u00e9s una iniciativa que t\u00e9 com a objectiu principal ajudar la gent jove a gestionar les emocions, millorar la salut mental i promoure un estil de vida saludable.<\/p>\n<p>Durant el F\u00f2rum Jove, l&#039;alumnat ha tingut l&#039;oportunitat d&#039;escoltar xerrades de professionals reconeguts al camp de la salut mental.<\/p>\n<p>S&#039;han abordat temes com l&#039;ansietat i la depressi\u00f3, proporcionant informaci\u00f3 \u00fatil i estrat\u00e8gies per fer front a aquestes condicions. A m\u00e9s, s&#039;ha dedicat una sessi\u00f3 especial al dol, una tem\u00e0tica important per ajudar els joves a gestionar la p\u00e8rdua d&#039;\u00e9ssers estimats i fer front als moments de tristesa.<\/p>\n<p>D&#039;altra banda, el F\u00f2rum Jove ha donat import\u00e0ncia a l&#039;equilibri entre el cos i la ment i ha oferit als participants una sessi\u00f3 de ioga. I tamb\u00e9 una de risoter\u00e0pia.<\/p>\n<p>Ver\u00f3nica Mart\u00ednez \u00e9s la regidora a l&#039;Ajuntament de Teulada.<\/p>\n<audio class=\"wp-audio-shortcode\" id=\"audio-4308-1\" preload=\"none\" style=\"width: 100%;\" controls=\"controls\"><source type=\"audio\/mpeg\" src=\"https:\/\/media.radiolitoral.com\/wp-content\/uploads\/2023\/06\/22163806\/Vero-Mtnez.mp3?_=1\" \/><a href=\"https:\/\/media.radiolitoral.com\/wp-content\/uploads\/2023\/06\/22163806\/Vero-Mtnez.mp3\">https:\/\/media.radiolitoral.com\/wp-content\/uploads\/2023\/06\/22163806\/Vero-Mtnez.mp3<\/a><\/audio>","protected":false},"excerpt":{"rendered":"<p>El 3r F\u00f2rum Jove celebrado en la Teulada promueve el cuidado de la salud mental y el bienestar emocional entre el alumnado del IES teuladino. Esta semana, \u00faltima del curso, ha tenido lugar el F\u00f2rum Jove, centrado en estas materias. Una actividad en la que han participado con entusiasmo el alumnado de 3\u00ba y 4\u00ba [&#8230;]<\/p>\n<p><a class=\"btn btn-secondary understrap-read-more-link\" href=\"https:\/\/radiolitoral.com\/ca\/2023\/06\/el-iii-forum-jove-promueve-la-salud-mental-y-el-bienestar-emocional-entre-el-alumnado-del-ies-teulada\/\">Continua llegint&#8230;<span class=\"screen-reader-text\"> from El III F\u00f2rum Jove promueve la salud mental y el bienestar emocional entre el alumnado del IES Teulada<\/span><\/a><\/p>\n","protected":false},"author":21,"featured_media":4310,"comment_status":"open","ping_status":"closed","sticky":false,"template":"","format":"standard","meta":{"_acf_changed":false,"inline_featured_image":false,"footnotes":""},"categories":[130],"tags":[],"class_list":["post-4308","post","type-post","status-publish","format-standard","has-post-thumbnail","hentry","category-educacion","cobertura-teulada-moraira"],"acf":[],"yoast_head":"<!-- This site is optimized with the Yoast SEO plugin v27.5 - https:\/\/yoast.com\/product\/yoast-seo-wordpress\/ -->\n<title>El III F\u00f2rum Jove promueve la salud mental y el bienestar emocional entre el alumnado del IES Teulada | R\u00e0dio Litoral<\/title>\n<meta name=\"description\" content=\"El alumnado ha tenido la oportunidad de escuchar charlas de profesionales reconocidos El alumnado ha tenido la oportunidad de escuchar charlas de profesionales reconocidos\" \/>\n<meta name=\"robots\" content=\"index, follow, max-snippet:-1, max-image-preview:large, max-video-preview:-1\" \/>\n<link rel=\"canonical\" href=\"https:\/\/radiolitoral.com\/ca\/2023\/06\/el-iii-forum-jove-promou-la-salut-mental-i-el-benestar-emocional-entre-lalumnat-del-ies-teulada\/\" \/>\n<meta property=\"og:locale\" content=\"ca_ES\" \/>\n<meta property=\"og:type\" content=\"article\" \/>\n<meta property=\"og:title\" content=\"El III F\u00f2rum Jove promueve la salud mental y el bienestar emocional entre el alumnado del IES Teulada | R\u00e0dio Litoral\" \/>\n<meta property=\"og:description\" content=\"El alumnado ha tenido la oportunidad de escuchar charlas de profesionales reconocidos El alumnado ha tenido la oportunidad de escuchar charlas de profesionales reconocidos\" \/>\n<meta property=\"og:url\" content=\"https:\/\/radiolitoral.com\/ca\/2023\/06\/el-iii-forum-jove-promou-la-salut-mental-i-el-benestar-emocional-entre-lalumnat-del-ies-teulada\/\" \/>\n<meta property=\"og:site_name\" content=\"R\u00e0dio Litoral\" \/>\n<meta property=\"article:publisher\" content=\"https:\/\/www.facebook.com\/Laradiolitoral\/\" \/>\n<meta property=\"article:published_time\" content=\"2023-06-22T14:38:25+00:00\" \/>\n<meta property=\"article:modified_time\" content=\"2023-06-22T14:50:00+00:00\" \/>\n<meta property=\"og:image\" content=\"https:\/\/media.radiolitoral.com\/wp-content\/uploads\/2023\/06\/22163945\/IMG_20230619_134540-700x350-1.jpg\" \/>\n\t<meta property=\"og:image:width\" content=\"700\" \/>\n\t<meta property=\"og:image:height\" content=\"350\" \/>\n\t<meta property=\"og:image:type\" content=\"image\/jpeg\" \/>\n<meta name=\"author\" content=\"Mel Pescuezo\" \/>\n<meta name=\"twitter:card\" content=\"summary_large_image\" \/>\n<meta name=\"twitter:label1\" content=\"Escrit per\" \/>\n\t<meta name=\"twitter:data1\" content=\"Mel Pescuezo\" \/>\n\t<meta name=\"twitter:label2\" content=\"Temps estimat de lectura\" \/>\n\t<meta name=\"twitter:data2\" content=\"1 minut\" \/>\n<script type=\"application\/ld+json\" class=\"yoast-schema-graph\">{\"@context\":\"https:\\\/\\\/schema.org\",\"@graph\":[{\"@type\":\"NewsArticle\",\"@id\":\"https:\\\/\\\/radiolitoral.com\\\/2023\\\/06\\\/el-iii-forum-jove-promueve-la-salud-mental-y-el-bienestar-emocional-entre-el-alumnado-del-ies-teulada\\\/#article\",\"isPartOf\":{\"@id\":\"https:\\\/\\\/radiolitoral.com\\\/2023\\\/06\\\/el-iii-forum-jove-promueve-la-salud-mental-y-el-bienestar-emocional-entre-el-alumnado-del-ies-teulada\\\/\"},\"author\":{\"name\":\"Mel Pescuezo\",\"@id\":\"https:\\\/\\\/radiolitoral.com\\\/#\\\/schema\\\/person\\\/aad4f72efa404f85b68e832d24cac059\"},\"headline\":\"El III F\u00f2rum Jove promueve la salud mental y el bienestar emocional entre el alumnado del IES Teulada\",\"datePublished\":\"2023-06-22T14:38:25+00:00\",\"dateModified\":\"2023-06-22T14:50:00+00:00\",\"mainEntityOfPage\":{\"@id\":\"https:\\\/\\\/radiolitoral.com\\\/2023\\\/06\\\/el-iii-forum-jove-promueve-la-salud-mental-y-el-bienestar-emocional-entre-el-alumnado-del-ies-teulada\\\/\"},\"wordCount\":246,\"commentCount\":0,\"publisher\":{\"@id\":\"https:\\\/\\\/radiolitoral.com\\\/#organization\"},\"image\":{\"@id\":\"https:\\\/\\\/radiolitoral.com\\\/2023\\\/06\\\/el-iii-forum-jove-promueve-la-salud-mental-y-el-bienestar-emocional-entre-el-alumnado-del-ies-teulada\\\/#primaryimage\"},\"thumbnailUrl\":\"https:\\\/\\\/media.radiolitoral.com\\\/wp-content\\\/uploads\\\/2023\\\/06\\\/22163945\\\/IMG_20230619_134540-700x350-1.jpg\",\"articleSection\":[\"Educaci\u00f3n\"],\"inLanguage\":\"ca\",\"potentialAction\":[{\"@type\":\"CommentAction\",\"name\":\"Comment\",\"target\":[\"https:\\\/\\\/radiolitoral.com\\\/2023\\\/06\\\/el-iii-forum-jove-promueve-la-salud-mental-y-el-bienestar-emocional-entre-el-alumnado-del-ies-teulada\\\/#respond\"]}]},{\"@type\":[\"WebPage\",\"ItemPage\"],\"@id\":\"https:\\\/\\\/radiolitoral.com\\\/2023\\\/06\\\/el-iii-forum-jove-promueve-la-salud-mental-y-el-bienestar-emocional-entre-el-alumnado-del-ies-teulada\\\/\",\"url\":\"https:\\\/\\\/radiolitoral.com\\\/2023\\\/06\\\/el-iii-forum-jove-promueve-la-salud-mental-y-el-bienestar-emocional-entre-el-alumnado-del-ies-teulada\\\/\",\"name\":\"El III F\u00f2rum Jove promueve la salud mental y el bienestar emocional entre el alumnado del IES Teulada | R\u00e0dio Litoral\",\"isPartOf\":{\"@id\":\"https:\\\/\\\/radiolitoral.com\\\/#website\"},\"primaryImageOfPage\":{\"@id\":\"https:\\\/\\\/radiolitoral.com\\\/2023\\\/06\\\/el-iii-forum-jove-promueve-la-salud-mental-y-el-bienestar-emocional-entre-el-alumnado-del-ies-teulada\\\/#primaryimage\"},\"image\":{\"@id\":\"https:\\\/\\\/radiolitoral.com\\\/2023\\\/06\\\/el-iii-forum-jove-promueve-la-salud-mental-y-el-bienestar-emocional-entre-el-alumnado-del-ies-teulada\\\/#primaryimage\"},\"thumbnailUrl\":\"https:\\\/\\\/media.radiolitoral.com\\\/wp-content\\\/uploads\\\/2023\\\/06\\\/22163945\\\/IMG_20230619_134540-700x350-1.jpg\",\"datePublished\":\"2023-06-22T14:38:25+00:00\",\"dateModified\":\"2023-06-22T14:50:00+00:00\",\"description\":\"El alumnado ha tenido la oportunidad de escuchar charlas de profesionales reconocidos El alumnado ha tenido la oportunidad de escuchar charlas de profesionales reconocidos\",\"breadcrumb\":{\"@id\":\"https:\\\/\\\/radiolitoral.com\\\/2023\\\/06\\\/el-iii-forum-jove-promueve-la-salud-mental-y-el-bienestar-emocional-entre-el-alumnado-del-ies-teulada\\\/#breadcrumb\"},\"inLanguage\":\"ca\",\"potentialAction\":[{\"@type\":\"ReadAction\",\"target\":[\"https:\\\/\\\/radiolitoral.com\\\/2023\\\/06\\\/el-iii-forum-jove-promueve-la-salud-mental-y-el-bienestar-emocional-entre-el-alumnado-del-ies-teulada\\\/\"]}]},{\"@type\":\"ImageObject\",\"inLanguage\":\"ca\",\"@id\":\"https:\\\/\\\/radiolitoral.com\\\/2023\\\/06\\\/el-iii-forum-jove-promueve-la-salud-mental-y-el-bienestar-emocional-entre-el-alumnado-del-ies-teulada\\\/#primaryimage\",\"url\":\"https:\\\/\\\/media.radiolitoral.com\\\/wp-content\\\/uploads\\\/2023\\\/06\\\/22163945\\\/IMG_20230619_134540-700x350-1.jpg\",\"contentUrl\":\"https:\\\/\\\/media.radiolitoral.com\\\/wp-content\\\/uploads\\\/2023\\\/06\\\/22163945\\\/IMG_20230619_134540-700x350-1.jpg\",\"width\":700,\"height\":350},{\"@type\":\"BreadcrumbList\",\"@id\":\"https:\\\/\\\/radiolitoral.com\\\/2023\\\/06\\\/el-iii-forum-jove-promueve-la-salud-mental-y-el-bienestar-emocional-entre-el-alumnado-del-ies-teulada\\\/#breadcrumb\",\"itemListElement\":[{\"@type\":\"ListItem\",\"position\":1,\"name\":\"Portada\",\"item\":\"https:\\\/\\\/radiolitoral.com\\\/\"},{\"@type\":\"ListItem\",\"position\":2,\"name\":\"El III F\u00f2rum Jove promueve la salud mental y el bienestar emocional entre el alumnado del IES Teulada\"}]},{\"@type\":\"WebSite\",\"@id\":\"https:\\\/\\\/radiolitoral.com\\\/#website\",\"url\":\"https:\\\/\\\/radiolitoral.com\\\/\",\"name\":\"Radio Litoral\",\"description\":\"La radio local de la Marina Alta\",\"publisher\":{\"@id\":\"https:\\\/\\\/radiolitoral.com\\\/#organization\"},\"alternateName\":\"Litoral FM\",\"potentialAction\":[{\"@type\":\"SearchAction\",\"target\":{\"@type\":\"EntryPoint\",\"urlTemplate\":\"https:\\\/\\\/radiolitoral.com\\\/?s={search_term_string}\"},\"query-input\":{\"@type\":\"PropertyValueSpecification\",\"valueRequired\":true,\"valueName\":\"search_term_string\"}}],\"inLanguage\":\"ca\"},{\"@type\":\"Organization\",\"@id\":\"https:\\\/\\\/radiolitoral.com\\\/#organization\",\"name\":\"Radio Litoral\",\"url\":\"https:\\\/\\\/radiolitoral.com\\\/\",\"logo\":{\"@type\":\"ImageObject\",\"inLanguage\":\"ca\",\"@id\":\"https:\\\/\\\/radiolitoral.com\\\/#\\\/schema\\\/logo\\\/image\\\/\",\"url\":\"https:\\\/\\\/media.radiolitoral.com\\\/wp-content\\\/uploads\\\/2023\\\/02\\\/24143238\\\/CL-V-RadioLitoral696.png\",\"contentUrl\":\"https:\\\/\\\/media.radiolitoral.com\\\/wp-content\\\/uploads\\\/2023\\\/02\\\/24143238\\\/CL-V-RadioLitoral696.png\",\"width\":696,\"height\":696,\"caption\":\"Radio Litoral\"},\"image\":{\"@id\":\"https:\\\/\\\/radiolitoral.com\\\/#\\\/schema\\\/logo\\\/image\\\/\"},\"sameAs\":[\"https:\\\/\\\/www.facebook.com\\\/Laradiolitoral\\\/\"]},{\"@type\":\"Person\",\"@id\":\"https:\\\/\\\/radiolitoral.com\\\/#\\\/schema\\\/person\\\/aad4f72efa404f85b68e832d24cac059\",\"name\":\"Mel Pescuezo\",\"image\":{\"@type\":\"ImageObject\",\"inLanguage\":\"ca\",\"@id\":\"https:\\\/\\\/secure.gravatar.com\\\/avatar\\\/993975ae489c70cb0dd9bfa9413a082f0bd276582dac13661af7b33f161e7eea?s=96&d=mm&r=g\",\"url\":\"https:\\\/\\\/secure.gravatar.com\\\/avatar\\\/993975ae489c70cb0dd9bfa9413a082f0bd276582dac13661af7b33f161e7eea?s=96&d=mm&r=g\",\"contentUrl\":\"https:\\\/\\\/secure.gravatar.com\\\/avatar\\\/993975ae489c70cb0dd9bfa9413a082f0bd276582dac13661af7b33f161e7eea?s=96&d=mm&r=g\",\"caption\":\"Mel Pescuezo\"},\"url\":\"https:\\\/\\\/radiolitoral.com\\\/ca\\\/author\\\/serviciospararadios\\\/\"}]}<\/script>\n<!-- \/ Yoast SEO plugin. -->","yoast_head_json":{"title":"El III F\u00f2rum Jove promou la salut mental i el benestar emocional entre els alumnes de l&#039;IES Teulada | R\u00e0dio Litoral","description":"L\u00b4alumnat ha tingut l\u00b4oportunitat d\u00b4escoltar xerrades de professionals reconeguts L\u00b4alumnat ha tingut l\u00b4oportunitat d\u00b4escoltar xerrades de professionals reconeguts","robots":{"index":"index","follow":"follow","max-snippet":"max-snippet:-1","max-image-preview":"max-image-preview:large","max-video-preview":"max-video-preview:-1"},"canonical":"https:\/\/radiolitoral.com\/ca\/2023\/06\/el-iii-forum-jove-promou-la-salut-mental-i-el-benestar-emocional-entre-lalumnat-del-ies-teulada\/","og_locale":"ca_ES","og_type":"article","og_title":"El III F\u00f2rum Jove promueve la salud mental y el bienestar emocional entre el alumnado del IES Teulada | R\u00e0dio Litoral","og_description":"El alumnado ha tenido la oportunidad de escuchar charlas de profesionales reconocidos El alumnado ha tenido la oportunidad de escuchar charlas de profesionales reconocidos","og_url":"https:\/\/radiolitoral.com\/ca\/2023\/06\/el-iii-forum-jove-promou-la-salut-mental-i-el-benestar-emocional-entre-lalumnat-del-ies-teulada\/","og_site_name":"R\u00e0dio Litoral","article_publisher":"https:\/\/www.facebook.com\/Laradiolitoral\/","article_published_time":"2023-06-22T14:38:25+00:00","article_modified_time":"2023-06-22T14:50:00+00:00","og_image":[{"width":700,"height":350,"url":"https:\/\/media.radiolitoral.com\/wp-content\/uploads\/2023\/06\/22163945\/IMG_20230619_134540-700x350-1.jpg","type":"image\/jpeg"}],"author":"Mel Pescuezo","twitter_card":"summary_large_image","twitter_misc":{"Escrit per":"Mel Pescuezo","Temps estimat de lectura":"1 minut"},"schema":{"@context":"https:\/\/schema.org","@graph":[{"@type":"NewsArticle","@id":"https:\/\/radiolitoral.com\/2023\/06\/el-iii-forum-jove-promueve-la-salud-mental-y-el-bienestar-emocional-entre-el-alumnado-del-ies-teulada\/#article","isPartOf":{"@id":"https:\/\/radiolitoral.com\/2023\/06\/el-iii-forum-jove-promueve-la-salud-mental-y-el-bienestar-emocional-entre-el-alumnado-del-ies-teulada\/"},"author":{"name":"Mel Pescuezo","@id":"https:\/\/radiolitoral.com\/#\/schema\/person\/aad4f72efa404f85b68e832d24cac059"},"headline":"El III F\u00f2rum Jove promueve la salud mental y el bienestar emocional entre el alumnado del IES Teulada","datePublished":"2023-06-22T14:38:25+00:00","dateModified":"2023-06-22T14:50:00+00:00","mainEntityOfPage":{"@id":"https:\/\/radiolitoral.com\/2023\/06\/el-iii-forum-jove-promueve-la-salud-mental-y-el-bienestar-emocional-entre-el-alumnado-del-ies-teulada\/"},"wordCount":246,"commentCount":0,"publisher":{"@id":"https:\/\/radiolitoral.com\/#organization"},"image":{"@id":"https:\/\/radiolitoral.com\/2023\/06\/el-iii-forum-jove-promueve-la-salud-mental-y-el-bienestar-emocional-entre-el-alumnado-del-ies-teulada\/#primaryimage"},"thumbnailUrl":"https:\/\/media.radiolitoral.com\/wp-content\/uploads\/2023\/06\/22163945\/IMG_20230619_134540-700x350-1.jpg","articleSection":["Educaci\u00f3n"],"inLanguage":"ca","potentialAction":[{"@type":"CommentAction","name":"Comment","target":["https:\/\/radiolitoral.com\/2023\/06\/el-iii-forum-jove-promueve-la-salud-mental-y-el-bienestar-emocional-entre-el-alumnado-del-ies-teulada\/#respond"]}]},{"@type":["WebPage","ItemPage"],"@id":"https:\/\/radiolitoral.com\/2023\/06\/el-iii-forum-jove-promueve-la-salud-mental-y-el-bienestar-emocional-entre-el-alumnado-del-ies-teulada\/","url":"https:\/\/radiolitoral.com\/2023\/06\/el-iii-forum-jove-promueve-la-salud-mental-y-el-bienestar-emocional-entre-el-alumnado-del-ies-teulada\/","name":"El III F\u00f2rum Jove promou la salut mental i el benestar emocional entre els alumnes de l&#039;IES Teulada | R\u00e0dio Litoral","isPartOf":{"@id":"https:\/\/radiolitoral.com\/#website"},"primaryImageOfPage":{"@id":"https:\/\/radiolitoral.com\/2023\/06\/el-iii-forum-jove-promueve-la-salud-mental-y-el-bienestar-emocional-entre-el-alumnado-del-ies-teulada\/#primaryimage"},"image":{"@id":"https:\/\/radiolitoral.com\/2023\/06\/el-iii-forum-jove-promueve-la-salud-mental-y-el-bienestar-emocional-entre-el-alumnado-del-ies-teulada\/#primaryimage"},"thumbnailUrl":"https:\/\/media.radiolitoral.com\/wp-content\/uploads\/2023\/06\/22163945\/IMG_20230619_134540-700x350-1.jpg","datePublished":"2023-06-22T14:38:25+00:00","dateModified":"2023-06-22T14:50:00+00:00","description":"L\u00b4alumnat ha tingut l\u00b4oportunitat d\u00b4escoltar xerrades de professionals reconeguts L\u00b4alumnat ha tingut l\u00b4oportunitat d\u00b4escoltar xerrades de professionals reconeguts","breadcrumb":{"@id":"https:\/\/radiolitoral.com\/2023\/06\/el-iii-forum-jove-promueve-la-salud-mental-y-el-bienestar-emocional-entre-el-alumnado-del-ies-teulada\/#breadcrumb"},"inLanguage":"ca","potentialAction":[{"@type":"ReadAction","target":["https:\/\/radiolitoral.com\/2023\/06\/el-iii-forum-jove-promueve-la-salud-mental-y-el-bienestar-emocional-entre-el-alumnado-del-ies-teulada\/"]}]},{"@type":"ImageObject","inLanguage":"ca","@id":"https:\/\/radiolitoral.com\/2023\/06\/el-iii-forum-jove-promueve-la-salud-mental-y-el-bienestar-emocional-entre-el-alumnado-del-ies-teulada\/#primaryimage","url":"https:\/\/media.radiolitoral.com\/wp-content\/uploads\/2023\/06\/22163945\/IMG_20230619_134540-700x350-1.jpg","contentUrl":"https:\/\/media.radiolitoral.com\/wp-content\/uploads\/2023\/06\/22163945\/IMG_20230619_134540-700x350-1.jpg","width":700,"height":350},{"@type":"BreadcrumbList","@id":"https:\/\/radiolitoral.com\/2023\/06\/el-iii-forum-jove-promueve-la-salud-mental-y-el-bienestar-emocional-entre-el-alumnado-del-ies-teulada\/#breadcrumb","itemListElement":[{"@type":"ListItem","position":1,"name":"Portada","item":"https:\/\/radiolitoral.com\/"},{"@type":"ListItem","position":2,"name":"El III F\u00f2rum Jove promueve la salud mental y el bienestar emocional entre el alumnado del IES Teulada"}]},{"@type":"WebSite","@id":"https:\/\/radiolitoral.com\/#website","url":"https:\/\/radiolitoral.com\/","name":"R\u00e0dio Litoral","description":"La r\u00e0dio local de la Marina Alta","publisher":{"@id":"https:\/\/radiolitoral.com\/#organization"},"alternateName":"Litoral FM","potentialAction":[{"@type":"SearchAction","target":{"@type":"EntryPoint","urlTemplate":"https:\/\/radiolitoral.com\/?s={search_term_string}"},"query-input":{"@type":"PropertyValueSpecification","valueRequired":true,"valueName":"search_term_string"}}],"inLanguage":"ca"},{"@type":"Organization","@id":"https:\/\/radiolitoral.com\/#organization","name":"R\u00e0dio Litoral","url":"https:\/\/radiolitoral.com\/","logo":{"@type":"ImageObject","inLanguage":"ca","@id":"https:\/\/radiolitoral.com\/#\/schema\/logo\/image\/","url":"https:\/\/media.radiolitoral.com\/wp-content\/uploads\/2023\/02\/24143238\/CL-V-RadioLitoral696.png","contentUrl":"https:\/\/media.radiolitoral.com\/wp-content\/uploads\/2023\/02\/24143238\/CL-V-RadioLitoral696.png","width":696,"height":696,"caption":"Radio Litoral"},"image":{"@id":"https:\/\/radiolitoral.com\/#\/schema\/logo\/image\/"},"sameAs":["https:\/\/www.facebook.com\/Laradiolitoral\/"]},{"@type":"Person","@id":"https:\/\/radiolitoral.com\/#\/schema\/person\/aad4f72efa404f85b68e832d24cac059","name":"Mel Pescuezo","image":{"@type":"ImageObject","inLanguage":"ca","@id":"https:\/\/secure.gravatar.com\/avatar\/993975ae489c70cb0dd9bfa9413a082f0bd276582dac13661af7b33f161e7eea?s=96&d=mm&r=g","url":"https:\/\/secure.gravatar.com\/avatar\/993975ae489c70cb0dd9bfa9413a082f0bd276582dac13661af7b33f161e7eea?s=96&d=mm&r=g","contentUrl":"https:\/\/secure.gravatar.com\/avatar\/993975ae489c70cb0dd9bfa9413a082f0bd276582dac13661af7b33f161e7eea?s=96&d=mm&r=g","caption":"Mel Pescuezo"},"url":"https:\/\/radiolitoral.com\/ca\/author\/serviciospararadios\/"}]}},"_links":{"self":[{"href":"https:\/\/radiolitoral.com\/ca\/wp-json\/wp\/v2\/posts\/4308","targetHints":{"allow":["GET"]}}],"collection":[{"href":"https:\/\/radiolitoral.com\/ca\/wp-json\/wp\/v2\/posts"}],"about":[{"href":"https:\/\/radiolitoral.com\/ca\/wp-json\/wp\/v2\/types\/post"}],"author":[{"embeddable":true,"href":"https:\/\/radiolitoral.com\/ca\/wp-json\/wp\/v2\/users\/21"}],"replies":[{"embeddable":true,"href":"https:\/\/radiolitoral.com\/ca\/wp-json\/wp\/v2\/comments?post=4308"}],"version-history":[{"count":3,"href":"https:\/\/radiolitoral.com\/ca\/wp-json\/wp\/v2\/posts\/4308\/revisions"}],"predecessor-version":[{"id":4313,"href":"https:\/\/radiolitoral.com\/ca\/wp-json\/wp\/v2\/posts\/4308\/revisions\/4313"}],"wp:featuredmedia":[{"embeddable":true,"href":"https:\/\/radiolitoral.com\/ca\/wp-json\/wp\/v2\/media\/4310"}],"wp:attachment":[{"href":"https:\/\/radiolitoral.com\/ca\/wp-json\/wp\/v2\/media?parent=4308"}],"wp:term":[{"taxonomy":"category","embeddable":true,"href":"https:\/\/radiolitoral.com\/ca\/wp-json\/wp\/v2\/categories?post=4308"},{"taxonomy":"post_tag","embeddable":true,"href":"https:\/\/radiolitoral.com\/ca\/wp-json\/wp\/v2\/tags?post=4308"}],"curies":[{"name":"wp","href":"https:\/\/api.w.org\/{rel}","templated":true}]}}