{"id":4271,"date":"2023-06-21T23:07:44","date_gmt":"2023-06-21T21:07:44","guid":{"rendered":"https:\/\/radiolitoral.com\/?p=4271"},"modified":"2023-06-21T23:10:33","modified_gmt":"2023-06-21T21:10:33","slug":"el-poble-nou-de-benitatxell-amb-orgull-compta-amb-una-variada-programacio","status":"publish","type":"post","link":"https:\/\/radiolitoral.com\/ca\/2023\/06\/el-poble-nou-de-benitatxell-amb-orgull-cuenta-con-una-variada-programacion\/","title":{"rendered":"\u201cEl Poble Nou de Benitatxell amb orgull\u201d compta amb una variada programaci\u00f3"},"content":{"rendered":"<p>El Poble Nou de Benitatxell celebrar\u00e0 i defensar\u00e0 els drets LGTBI+ amb activitats per a tots els p\u00fablics amb una variada i completa programaci\u00f3 que arrenca aquest divendres, 23 de juny. D&#039;aquesta manera, Benitatxell torna a ser garant en la defensa dels Drets Humans amb la celebraci\u00f3 de l&#039;Orgull LGTBI+ 2023.<\/p>\n<p>Amb el lema \u201cEl Poble Nou de Benitatxell amb orgull\u201d s&#039;han organitzat diferents activitats que es prolongaran fins al 30 de juny adre\u00e7ades a p\u00fablics de diferents edats.<\/p>\n<p>La programaci\u00f3, com ha avan\u00e7at el regidor en funcions, V\u00edctor Bisquert, arrenca amb l&#039;exposici\u00f3 \u201cDones lliures i diverses\u201d del col\u00b7lectiu LGTB+ per la diversitat sexual LAMBDA. Una exposici\u00f3 que estar\u00e0 al Mercat Municipal de la localitat fins al divendres 30 de juny.<\/p>\n<audio class=\"wp-audio-shortcode\" id=\"audio-4271-1\" preload=\"none\" style=\"width: 100%;\" controls=\"controls\"><source type=\"audio\/mpeg\" src=\"https:\/\/media.radiolitoral.com\/wp-content\/uploads\/2023\/06\/21230039\/Victor-Bisquert.mp3?_=1\" \/><a href=\"https:\/\/media.radiolitoral.com\/wp-content\/uploads\/2023\/06\/21230039\/Victor-Bisquert.mp3\">https:\/\/media.radiolitoral.com\/wp-content\/uploads\/2023\/06\/21230039\/Victor-Bisquert.mp3<\/a><\/audio>\n<p>La programaci\u00f3 continuar\u00e0 la setmana que ve, dimecres 28 de juny, coincidint amb el Dia internacional de l&#039;orgull LGTBI+, es realitzar\u00e0 a la Pla\u00e7a de l&#039;esgl\u00e9sia un \u201cLaboratori de contes sobre diversitat\u201d per a nenes i nens a partir de 4 anys i fam\u00edlies.<\/p>\n<p>El colof\u00f3 d&#039;aquesta celebraci\u00f3 ser\u00e0 el divendres 30 de juny amb la celebraci\u00f3 d&#039;una Festa Holi (pols de colors) per la diversitat i l&#039;orgull LGTBI+. Una festa que comptar\u00e0 amb m\u00fasica i DJ i que est\u00e0 adre\u00e7ada a la gent jove del municipi i de tota la comarca.<\/p>","protected":false},"excerpt":{"rendered":"<p>El Poble Nou de Benitatxell celebrar\u00e1 y defender\u00e1 los derechos LGTBI+ con actividades para todos los p\u00fablicos con una variada y completa programaci\u00f3n que arranca a partir de este viernes, 23 de junio.\u00a0De esta forma Benitatxell vuelve a ser garante en la defensa de los Derechos Humanos con la celebraci\u00f3n del Orgullo LGTBI+ 2023. Con [&#8230;]<\/p>\n<p><a class=\"btn btn-secondary understrap-read-more-link\" href=\"https:\/\/radiolitoral.com\/ca\/2023\/06\/el-poble-nou-de-benitatxell-amb-orgull-cuenta-con-una-variada-programacion\/\">Continua llegint&#8230;<span class=\"screen-reader-text\"> from \u201cEl Poble Nou de Benitatxell amb orgull\u201d cuenta con una variada programaci\u00f3n<\/span><\/a><\/p>\n","protected":false},"author":21,"featured_media":4273,"comment_status":"open","ping_status":"closed","sticky":false,"template":"","format":"standard","meta":{"_acf_changed":false,"inline_featured_image":false,"footnotes":""},"categories":[276],"tags":[184,787,789,788],"class_list":["post-4271","post","type-post","status-publish","format-standard","has-post-thumbnail","hentry","category-fiestas","tag-benitatxell","tag-fiesta-del-orgullo","tag-lgtbi","tag-orgullo","cobertura-poble-nou-de-benitatxell"],"acf":[],"yoast_head":"<!-- This site is optimized with the Yoast SEO plugin v27.5 - https:\/\/yoast.com\/product\/yoast-seo-wordpress\/ -->\n<title>\u201cEl Poble Nou de Benitatxell amb orgull\u201d cuenta con una variada programaci\u00f3n | R\u00e0dio Litoral<\/title>\n<meta name=\"description\" content=\"Actos que se celebrar\u00e1n desde el 23 al 30 de junio Actos que se celebrar\u00e1n desde el 23 al 30 de junio\" \/>\n<meta name=\"robots\" content=\"index, follow, max-snippet:-1, max-image-preview:large, max-video-preview:-1\" \/>\n<link rel=\"canonical\" href=\"https:\/\/radiolitoral.com\/ca\/2023\/06\/el-poble-nou-de-benitatxell-amb-orgull-compta-amb-una-variada-programacio\/\" \/>\n<meta property=\"og:locale\" content=\"ca_ES\" \/>\n<meta property=\"og:type\" content=\"article\" \/>\n<meta property=\"og:title\" content=\"\u201cEl Poble Nou de Benitatxell amb orgull\u201d cuenta con una variada programaci\u00f3n | R\u00e0dio Litoral\" \/>\n<meta property=\"og:description\" content=\"Actos que se celebrar\u00e1n desde el 23 al 30 de junio Actos que se celebrar\u00e1n desde el 23 al 30 de junio\" \/>\n<meta property=\"og:url\" content=\"https:\/\/radiolitoral.com\/ca\/2023\/06\/el-poble-nou-de-benitatxell-amb-orgull-compta-amb-una-variada-programacio\/\" \/>\n<meta property=\"og:site_name\" content=\"R\u00e0dio Litoral\" \/>\n<meta property=\"article:publisher\" content=\"https:\/\/www.facebook.com\/Laradiolitoral\/\" \/>\n<meta property=\"article:published_time\" content=\"2023-06-21T21:07:44+00:00\" \/>\n<meta property=\"article:modified_time\" content=\"2023-06-21T21:10:33+00:00\" \/>\n<meta property=\"og:image\" content=\"https:\/\/media.radiolitoral.com\/wp-content\/uploads\/2023\/06\/21230159\/bandera-lgtbi.jpeg\" \/>\n\t<meta property=\"og:image:width\" content=\"1200\" \/>\n\t<meta property=\"og:image:height\" content=\"675\" \/>\n\t<meta property=\"og:image:type\" content=\"image\/jpeg\" \/>\n<meta name=\"author\" content=\"Mel Pescuezo\" \/>\n<meta name=\"twitter:card\" content=\"summary_large_image\" \/>\n<meta name=\"twitter:label1\" content=\"Escrit per\" \/>\n\t<meta name=\"twitter:data1\" content=\"Mel Pescuezo\" \/>\n\t<meta name=\"twitter:label2\" content=\"Temps estimat de lectura\" \/>\n\t<meta name=\"twitter:data2\" content=\"2 minuts\" \/>\n<script type=\"application\/ld+json\" class=\"yoast-schema-graph\">{\"@context\":\"https:\\\/\\\/schema.org\",\"@graph\":[{\"@type\":\"NewsArticle\",\"@id\":\"https:\\\/\\\/radiolitoral.com\\\/2023\\\/06\\\/el-poble-nou-de-benitatxell-amb-orgull-cuenta-con-una-variada-programacion\\\/#article\",\"isPartOf\":{\"@id\":\"https:\\\/\\\/radiolitoral.com\\\/2023\\\/06\\\/el-poble-nou-de-benitatxell-amb-orgull-cuenta-con-una-variada-programacion\\\/\"},\"author\":{\"name\":\"Mel Pescuezo\",\"@id\":\"https:\\\/\\\/radiolitoral.com\\\/#\\\/schema\\\/person\\\/aad4f72efa404f85b68e832d24cac059\"},\"headline\":\"\u201cEl Poble Nou de Benitatxell amb orgull\u201d cuenta con una variada programaci\u00f3n\",\"datePublished\":\"2023-06-21T21:07:44+00:00\",\"dateModified\":\"2023-06-21T21:10:33+00:00\",\"mainEntityOfPage\":{\"@id\":\"https:\\\/\\\/radiolitoral.com\\\/2023\\\/06\\\/el-poble-nou-de-benitatxell-amb-orgull-cuenta-con-una-variada-programacion\\\/\"},\"wordCount\":259,\"commentCount\":0,\"publisher\":{\"@id\":\"https:\\\/\\\/radiolitoral.com\\\/#organization\"},\"image\":{\"@id\":\"https:\\\/\\\/radiolitoral.com\\\/2023\\\/06\\\/el-poble-nou-de-benitatxell-amb-orgull-cuenta-con-una-variada-programacion\\\/#primaryimage\"},\"thumbnailUrl\":\"https:\\\/\\\/media.radiolitoral.com\\\/wp-content\\\/uploads\\\/2023\\\/06\\\/21230159\\\/bandera-lgtbi.jpeg\",\"keywords\":[\"Benitatxell\",\"Fiesta del Orgullo\",\"LGTBI\",\"Orgullo\"],\"articleSection\":[\"Fiestas\"],\"inLanguage\":\"ca\",\"potentialAction\":[{\"@type\":\"CommentAction\",\"name\":\"Comment\",\"target\":[\"https:\\\/\\\/radiolitoral.com\\\/2023\\\/06\\\/el-poble-nou-de-benitatxell-amb-orgull-cuenta-con-una-variada-programacion\\\/#respond\"]}]},{\"@type\":[\"WebPage\",\"ItemPage\"],\"@id\":\"https:\\\/\\\/radiolitoral.com\\\/2023\\\/06\\\/el-poble-nou-de-benitatxell-amb-orgull-cuenta-con-una-variada-programacion\\\/\",\"url\":\"https:\\\/\\\/radiolitoral.com\\\/2023\\\/06\\\/el-poble-nou-de-benitatxell-amb-orgull-cuenta-con-una-variada-programacion\\\/\",\"name\":\"\u201cEl Poble Nou de Benitatxell amb orgull\u201d cuenta con una variada programaci\u00f3n | R\u00e0dio Litoral\",\"isPartOf\":{\"@id\":\"https:\\\/\\\/radiolitoral.com\\\/#website\"},\"primaryImageOfPage\":{\"@id\":\"https:\\\/\\\/radiolitoral.com\\\/2023\\\/06\\\/el-poble-nou-de-benitatxell-amb-orgull-cuenta-con-una-variada-programacion\\\/#primaryimage\"},\"image\":{\"@id\":\"https:\\\/\\\/radiolitoral.com\\\/2023\\\/06\\\/el-poble-nou-de-benitatxell-amb-orgull-cuenta-con-una-variada-programacion\\\/#primaryimage\"},\"thumbnailUrl\":\"https:\\\/\\\/media.radiolitoral.com\\\/wp-content\\\/uploads\\\/2023\\\/06\\\/21230159\\\/bandera-lgtbi.jpeg\",\"datePublished\":\"2023-06-21T21:07:44+00:00\",\"dateModified\":\"2023-06-21T21:10:33+00:00\",\"description\":\"Actos que se celebrar\u00e1n desde el 23 al 30 de junio Actos que se celebrar\u00e1n desde el 23 al 30 de junio\",\"breadcrumb\":{\"@id\":\"https:\\\/\\\/radiolitoral.com\\\/2023\\\/06\\\/el-poble-nou-de-benitatxell-amb-orgull-cuenta-con-una-variada-programacion\\\/#breadcrumb\"},\"inLanguage\":\"ca\",\"potentialAction\":[{\"@type\":\"ReadAction\",\"target\":[\"https:\\\/\\\/radiolitoral.com\\\/2023\\\/06\\\/el-poble-nou-de-benitatxell-amb-orgull-cuenta-con-una-variada-programacion\\\/\"]}]},{\"@type\":\"ImageObject\",\"inLanguage\":\"ca\",\"@id\":\"https:\\\/\\\/radiolitoral.com\\\/2023\\\/06\\\/el-poble-nou-de-benitatxell-amb-orgull-cuenta-con-una-variada-programacion\\\/#primaryimage\",\"url\":\"https:\\\/\\\/media.radiolitoral.com\\\/wp-content\\\/uploads\\\/2023\\\/06\\\/21230159\\\/bandera-lgtbi.jpeg\",\"contentUrl\":\"https:\\\/\\\/media.radiolitoral.com\\\/wp-content\\\/uploads\\\/2023\\\/06\\\/21230159\\\/bandera-lgtbi.jpeg\",\"width\":1200,\"height\":675},{\"@type\":\"BreadcrumbList\",\"@id\":\"https:\\\/\\\/radiolitoral.com\\\/2023\\\/06\\\/el-poble-nou-de-benitatxell-amb-orgull-cuenta-con-una-variada-programacion\\\/#breadcrumb\",\"itemListElement\":[{\"@type\":\"ListItem\",\"position\":1,\"name\":\"Portada\",\"item\":\"https:\\\/\\\/radiolitoral.com\\\/\"},{\"@type\":\"ListItem\",\"position\":2,\"name\":\"\u201cEl Poble Nou de Benitatxell amb orgull\u201d cuenta con una variada programaci\u00f3n\"}]},{\"@type\":\"WebSite\",\"@id\":\"https:\\\/\\\/radiolitoral.com\\\/#website\",\"url\":\"https:\\\/\\\/radiolitoral.com\\\/\",\"name\":\"Radio Litoral\",\"description\":\"La radio local de la Marina Alta\",\"publisher\":{\"@id\":\"https:\\\/\\\/radiolitoral.com\\\/#organization\"},\"alternateName\":\"Litoral FM\",\"potentialAction\":[{\"@type\":\"SearchAction\",\"target\":{\"@type\":\"EntryPoint\",\"urlTemplate\":\"https:\\\/\\\/radiolitoral.com\\\/?s={search_term_string}\"},\"query-input\":{\"@type\":\"PropertyValueSpecification\",\"valueRequired\":true,\"valueName\":\"search_term_string\"}}],\"inLanguage\":\"ca\"},{\"@type\":\"Organization\",\"@id\":\"https:\\\/\\\/radiolitoral.com\\\/#organization\",\"name\":\"Radio Litoral\",\"url\":\"https:\\\/\\\/radiolitoral.com\\\/\",\"logo\":{\"@type\":\"ImageObject\",\"inLanguage\":\"ca\",\"@id\":\"https:\\\/\\\/radiolitoral.com\\\/#\\\/schema\\\/logo\\\/image\\\/\",\"url\":\"https:\\\/\\\/media.radiolitoral.com\\\/wp-content\\\/uploads\\\/2023\\\/02\\\/24143238\\\/CL-V-RadioLitoral696.png\",\"contentUrl\":\"https:\\\/\\\/media.radiolitoral.com\\\/wp-content\\\/uploads\\\/2023\\\/02\\\/24143238\\\/CL-V-RadioLitoral696.png\",\"width\":696,\"height\":696,\"caption\":\"Radio Litoral\"},\"image\":{\"@id\":\"https:\\\/\\\/radiolitoral.com\\\/#\\\/schema\\\/logo\\\/image\\\/\"},\"sameAs\":[\"https:\\\/\\\/www.facebook.com\\\/Laradiolitoral\\\/\"]},{\"@type\":\"Person\",\"@id\":\"https:\\\/\\\/radiolitoral.com\\\/#\\\/schema\\\/person\\\/aad4f72efa404f85b68e832d24cac059\",\"name\":\"Mel Pescuezo\",\"image\":{\"@type\":\"ImageObject\",\"inLanguage\":\"ca\",\"@id\":\"https:\\\/\\\/secure.gravatar.com\\\/avatar\\\/993975ae489c70cb0dd9bfa9413a082f0bd276582dac13661af7b33f161e7eea?s=96&d=mm&r=g\",\"url\":\"https:\\\/\\\/secure.gravatar.com\\\/avatar\\\/993975ae489c70cb0dd9bfa9413a082f0bd276582dac13661af7b33f161e7eea?s=96&d=mm&r=g\",\"contentUrl\":\"https:\\\/\\\/secure.gravatar.com\\\/avatar\\\/993975ae489c70cb0dd9bfa9413a082f0bd276582dac13661af7b33f161e7eea?s=96&d=mm&r=g\",\"caption\":\"Mel Pescuezo\"},\"url\":\"https:\\\/\\\/radiolitoral.com\\\/ca\\\/author\\\/serviciospararadios\\\/\"}]}<\/script>\n<!-- \/ Yoast SEO plugin. -->","yoast_head_json":{"title":"El Poble Nou de Benitatxell amb orgull compta amb una variada programaci\u00f3 | R\u00e0dio Litoral","description":"Actes que se celebraran des del 23 al 30 de juny Actes que se celebraran des del 23 al 30 de juny","robots":{"index":"index","follow":"follow","max-snippet":"max-snippet:-1","max-image-preview":"max-image-preview:large","max-video-preview":"max-video-preview:-1"},"canonical":"https:\/\/radiolitoral.com\/ca\/2023\/06\/el-poble-nou-de-benitatxell-amb-orgull-compta-amb-una-variada-programacio\/","og_locale":"ca_ES","og_type":"article","og_title":"\u201cEl Poble Nou de Benitatxell amb orgull\u201d cuenta con una variada programaci\u00f3n | R\u00e0dio Litoral","og_description":"Actos que se celebrar\u00e1n desde el 23 al 30 de junio Actos que se celebrar\u00e1n desde el 23 al 30 de junio","og_url":"https:\/\/radiolitoral.com\/ca\/2023\/06\/el-poble-nou-de-benitatxell-amb-orgull-compta-amb-una-variada-programacio\/","og_site_name":"R\u00e0dio Litoral","article_publisher":"https:\/\/www.facebook.com\/Laradiolitoral\/","article_published_time":"2023-06-21T21:07:44+00:00","article_modified_time":"2023-06-21T21:10:33+00:00","og_image":[{"width":1200,"height":675,"url":"https:\/\/media.radiolitoral.com\/wp-content\/uploads\/2023\/06\/21230159\/bandera-lgtbi.jpeg","type":"image\/jpeg"}],"author":"Mel Pescuezo","twitter_card":"summary_large_image","twitter_misc":{"Escrit per":"Mel Pescuezo","Temps estimat de lectura":"2 minuts"},"schema":{"@context":"https:\/\/schema.org","@graph":[{"@type":"NewsArticle","@id":"https:\/\/radiolitoral.com\/2023\/06\/el-poble-nou-de-benitatxell-amb-orgull-cuenta-con-una-variada-programacion\/#article","isPartOf":{"@id":"https:\/\/radiolitoral.com\/2023\/06\/el-poble-nou-de-benitatxell-amb-orgull-cuenta-con-una-variada-programacion\/"},"author":{"name":"Mel Pescuezo","@id":"https:\/\/radiolitoral.com\/#\/schema\/person\/aad4f72efa404f85b68e832d24cac059"},"headline":"\u201cEl Poble Nou de Benitatxell amb orgull\u201d cuenta con una variada programaci\u00f3n","datePublished":"2023-06-21T21:07:44+00:00","dateModified":"2023-06-21T21:10:33+00:00","mainEntityOfPage":{"@id":"https:\/\/radiolitoral.com\/2023\/06\/el-poble-nou-de-benitatxell-amb-orgull-cuenta-con-una-variada-programacion\/"},"wordCount":259,"commentCount":0,"publisher":{"@id":"https:\/\/radiolitoral.com\/#organization"},"image":{"@id":"https:\/\/radiolitoral.com\/2023\/06\/el-poble-nou-de-benitatxell-amb-orgull-cuenta-con-una-variada-programacion\/#primaryimage"},"thumbnailUrl":"https:\/\/media.radiolitoral.com\/wp-content\/uploads\/2023\/06\/21230159\/bandera-lgtbi.jpeg","keywords":["Benitatxell","Fiesta del Orgullo","LGTBI","Orgullo"],"articleSection":["Fiestas"],"inLanguage":"ca","potentialAction":[{"@type":"CommentAction","name":"Comment","target":["https:\/\/radiolitoral.com\/2023\/06\/el-poble-nou-de-benitatxell-amb-orgull-cuenta-con-una-variada-programacion\/#respond"]}]},{"@type":["WebPage","ItemPage"],"@id":"https:\/\/radiolitoral.com\/2023\/06\/el-poble-nou-de-benitatxell-amb-orgull-cuenta-con-una-variada-programacion\/","url":"https:\/\/radiolitoral.com\/2023\/06\/el-poble-nou-de-benitatxell-amb-orgull-cuenta-con-una-variada-programacion\/","name":"El Poble Nou de Benitatxell amb orgull compta amb una variada programaci\u00f3 | R\u00e0dio Litoral","isPartOf":{"@id":"https:\/\/radiolitoral.com\/#website"},"primaryImageOfPage":{"@id":"https:\/\/radiolitoral.com\/2023\/06\/el-poble-nou-de-benitatxell-amb-orgull-cuenta-con-una-variada-programacion\/#primaryimage"},"image":{"@id":"https:\/\/radiolitoral.com\/2023\/06\/el-poble-nou-de-benitatxell-amb-orgull-cuenta-con-una-variada-programacion\/#primaryimage"},"thumbnailUrl":"https:\/\/media.radiolitoral.com\/wp-content\/uploads\/2023\/06\/21230159\/bandera-lgtbi.jpeg","datePublished":"2023-06-21T21:07:44+00:00","dateModified":"2023-06-21T21:10:33+00:00","description":"Actes que se celebraran des del 23 al 30 de juny Actes que se celebraran des del 23 al 30 de juny","breadcrumb":{"@id":"https:\/\/radiolitoral.com\/2023\/06\/el-poble-nou-de-benitatxell-amb-orgull-cuenta-con-una-variada-programacion\/#breadcrumb"},"inLanguage":"ca","potentialAction":[{"@type":"ReadAction","target":["https:\/\/radiolitoral.com\/2023\/06\/el-poble-nou-de-benitatxell-amb-orgull-cuenta-con-una-variada-programacion\/"]}]},{"@type":"ImageObject","inLanguage":"ca","@id":"https:\/\/radiolitoral.com\/2023\/06\/el-poble-nou-de-benitatxell-amb-orgull-cuenta-con-una-variada-programacion\/#primaryimage","url":"https:\/\/media.radiolitoral.com\/wp-content\/uploads\/2023\/06\/21230159\/bandera-lgtbi.jpeg","contentUrl":"https:\/\/media.radiolitoral.com\/wp-content\/uploads\/2023\/06\/21230159\/bandera-lgtbi.jpeg","width":1200,"height":675},{"@type":"BreadcrumbList","@id":"https:\/\/radiolitoral.com\/2023\/06\/el-poble-nou-de-benitatxell-amb-orgull-cuenta-con-una-variada-programacion\/#breadcrumb","itemListElement":[{"@type":"ListItem","position":1,"name":"Portada","item":"https:\/\/radiolitoral.com\/"},{"@type":"ListItem","position":2,"name":"\u201cEl Poble Nou de Benitatxell amb orgull\u201d cuenta con una variada programaci\u00f3n"}]},{"@type":"WebSite","@id":"https:\/\/radiolitoral.com\/#website","url":"https:\/\/radiolitoral.com\/","name":"R\u00e0dio Litoral","description":"La r\u00e0dio local de la Marina Alta","publisher":{"@id":"https:\/\/radiolitoral.com\/#organization"},"alternateName":"Litoral FM","potentialAction":[{"@type":"SearchAction","target":{"@type":"EntryPoint","urlTemplate":"https:\/\/radiolitoral.com\/?s={search_term_string}"},"query-input":{"@type":"PropertyValueSpecification","valueRequired":true,"valueName":"search_term_string"}}],"inLanguage":"ca"},{"@type":"Organization","@id":"https:\/\/radiolitoral.com\/#organization","name":"R\u00e0dio Litoral","url":"https:\/\/radiolitoral.com\/","logo":{"@type":"ImageObject","inLanguage":"ca","@id":"https:\/\/radiolitoral.com\/#\/schema\/logo\/image\/","url":"https:\/\/media.radiolitoral.com\/wp-content\/uploads\/2023\/02\/24143238\/CL-V-RadioLitoral696.png","contentUrl":"https:\/\/media.radiolitoral.com\/wp-content\/uploads\/2023\/02\/24143238\/CL-V-RadioLitoral696.png","width":696,"height":696,"caption":"Radio Litoral"},"image":{"@id":"https:\/\/radiolitoral.com\/#\/schema\/logo\/image\/"},"sameAs":["https:\/\/www.facebook.com\/Laradiolitoral\/"]},{"@type":"Person","@id":"https:\/\/radiolitoral.com\/#\/schema\/person\/aad4f72efa404f85b68e832d24cac059","name":"Mel Pescuezo","image":{"@type":"ImageObject","inLanguage":"ca","@id":"https:\/\/secure.gravatar.com\/avatar\/993975ae489c70cb0dd9bfa9413a082f0bd276582dac13661af7b33f161e7eea?s=96&d=mm&r=g","url":"https:\/\/secure.gravatar.com\/avatar\/993975ae489c70cb0dd9bfa9413a082f0bd276582dac13661af7b33f161e7eea?s=96&d=mm&r=g","contentUrl":"https:\/\/secure.gravatar.com\/avatar\/993975ae489c70cb0dd9bfa9413a082f0bd276582dac13661af7b33f161e7eea?s=96&d=mm&r=g","caption":"Mel Pescuezo"},"url":"https:\/\/radiolitoral.com\/ca\/author\/serviciospararadios\/"}]}},"_links":{"self":[{"href":"https:\/\/radiolitoral.com\/ca\/wp-json\/wp\/v2\/posts\/4271","targetHints":{"allow":["GET"]}}],"collection":[{"href":"https:\/\/radiolitoral.com\/ca\/wp-json\/wp\/v2\/posts"}],"about":[{"href":"https:\/\/radiolitoral.com\/ca\/wp-json\/wp\/v2\/types\/post"}],"author":[{"embeddable":true,"href":"https:\/\/radiolitoral.com\/ca\/wp-json\/wp\/v2\/users\/21"}],"replies":[{"embeddable":true,"href":"https:\/\/radiolitoral.com\/ca\/wp-json\/wp\/v2\/comments?post=4271"}],"version-history":[{"count":2,"href":"https:\/\/radiolitoral.com\/ca\/wp-json\/wp\/v2\/posts\/4271\/revisions"}],"predecessor-version":[{"id":4276,"href":"https:\/\/radiolitoral.com\/ca\/wp-json\/wp\/v2\/posts\/4271\/revisions\/4276"}],"wp:featuredmedia":[{"embeddable":true,"href":"https:\/\/radiolitoral.com\/ca\/wp-json\/wp\/v2\/media\/4273"}],"wp:attachment":[{"href":"https:\/\/radiolitoral.com\/ca\/wp-json\/wp\/v2\/media?parent=4271"}],"wp:term":[{"taxonomy":"category","embeddable":true,"href":"https:\/\/radiolitoral.com\/ca\/wp-json\/wp\/v2\/categories?post=4271"},{"taxonomy":"post_tag","embeddable":true,"href":"https:\/\/radiolitoral.com\/ca\/wp-json\/wp\/v2\/tags?post=4271"}],"curies":[{"name":"wp","href":"https:\/\/api.w.org\/{rel}","templated":true}]}}