{"id":4261,"date":"2023-06-21T22:44:40","date_gmt":"2023-06-21T20:44:40","guid":{"rendered":"https:\/\/radiolitoral.com\/?p=4261"},"modified":"2023-06-21T22:44:56","modified_gmt":"2023-06-21T20:44:56","slug":"xalo-estrena-dema-la-temporada-de-bany-en-una-piscina-renovada-ara-daigua-salada","status":"publish","type":"post","link":"https:\/\/radiolitoral.com\/ca\/2023\/06\/xalo-estrena-manana-la-temporada-de-bano-en-una-piscina-renovada-ahora-de-agua-salada\/","title":{"rendered":"Xal\u00f3 estrena dem\u00e0 la temporada de bany a una piscina renovada, ara d&#039;aigua salada"},"content":{"rendered":"<p>Xal\u00f3 anuncia l&#039;obertura de la piscina municipal dem\u00e0 22 de juny, estrenant aix\u00ed la temporada de bany incorporant diferents novetats despr\u00e9s de les millores que s&#039;han dut a terme en aquestes instal\u00b7lacions municipals.<\/p>\n<p>Cal destacar que la piscina ha estat equipada amb un nou sistema de desinfecci\u00f3 daigua salada. Una actuaci\u00f3 que, com ha explicat la regidora responsable de l&#039;\u00e0rea en funcions, Sara Tro, s&#039;ha pogut fer gr\u00e0cies a una subvenci\u00f3 de la Diputaci\u00f3 d&#039;Alacant.<\/p>\n<p>A m\u00e9s, amb aquest ajut tamb\u00e9 s&#039;ha adequat l&#039;entorn i s&#039;ha millorat la zona d&#039;ombra per al servei de vigil\u00e0ncia i socorrisme de la piscina.<\/p>\n<audio class=\"wp-audio-shortcode\" id=\"audio-4261-1\" preload=\"none\" style=\"width: 100%;\" controls=\"controls\"><source type=\"audio\/mpeg\" src=\"https:\/\/media.radiolitoral.com\/wp-content\/uploads\/2023\/06\/21224131\/Sara-Tro-1.mp3?_=1\" \/><a href=\"https:\/\/media.radiolitoral.com\/wp-content\/uploads\/2023\/06\/21224131\/Sara-Tro-1.mp3\">https:\/\/media.radiolitoral.com\/wp-content\/uploads\/2023\/06\/21224131\/Sara-Tro-1.mp3<\/a><\/audio>\n<p>Els usuaris podran gaudir d&#039;aquestes instal\u00b7lacions de dilluns a diumenge, tota la setmana, en horari de 10.00 a 20.00 h.<\/p>\n<p>Durant el mes de juliol, la piscina municipal de Xal\u00f3, oferir\u00e0 cursos de nataci\u00f3, i acuagym.<\/p>\n<p>Des de l&#039;ajuntament s&#039;especifica que els preus de l&#039;entrada individual d&#039;un dia s&#039;han fixat en 1&#039;50\u20ac. A m\u00e9s s&#039;ofereix Abonament de temporada individual per 50 \u20ac, Abonament temporada familiar per 90 \u20ac<\/p>\n<p>I Abonament temporada fam\u00edlies nombroses o monopatentals amb un cost de 75\u20ac.<\/p>\n<p>&nbsp;<\/p>","protected":false},"excerpt":{"rendered":"<p>Xal\u00f3 anuncia la apertura de su piscina municipal ma\u00f1ana 22 de junio, estrenando as\u00ed la temporada de ba\u00f1o incorporando distintas novedades tras las mejoras que se han llevado a cabo en estas instalaciones municipales. Destacar que la piscina ha sido equipada con un nuevo sistema de desinfecci\u00f3n de agua salada. Una actuaci\u00f3n que como ha [&#8230;]<\/p>\n<p><a class=\"btn btn-secondary understrap-read-more-link\" href=\"https:\/\/radiolitoral.com\/ca\/2023\/06\/xalo-estrena-manana-la-temporada-de-bano-en-una-piscina-renovada-ahora-de-agua-salada\/\">Continua llegint&#8230;<span class=\"screen-reader-text\"> from Xal\u00f3 estrena ma\u00f1ana la temporada de ba\u00f1o en una piscina renovada, ahora de agua salada<\/span><\/a><\/p>\n","protected":false},"author":13,"featured_media":4263,"comment_status":"open","ping_status":"closed","sticky":false,"template":"","format":"standard","meta":{"_acf_changed":false,"inline_featured_image":false,"footnotes":""},"categories":[85],"tags":[],"class_list":["post-4261","post","type-post","status-publish","format-standard","has-post-thumbnail","hentry","category-servicios-publicos","cobertura-xalo"],"acf":[],"yoast_head":"<!-- This site is optimized with the Yoast SEO plugin v27.5 - https:\/\/yoast.com\/product\/yoast-seo-wordpress\/ -->\n<title>Xal\u00f3 estrena ma\u00f1ana la temporada de ba\u00f1o en una piscina renovada, ahora de agua salada | R\u00e0dio Litoral<\/title>\n<meta name=\"description\" content=\"La entrada individual de un d\u00eda se ha fijado en 1&#039;50 \u20ac La entrada individual de un d\u00eda se ha fijado en 1&#039;50 \u20ac\" \/>\n<meta name=\"robots\" content=\"index, follow, max-snippet:-1, max-image-preview:large, max-video-preview:-1\" \/>\n<link rel=\"canonical\" href=\"https:\/\/radiolitoral.com\/ca\/2023\/06\/xalo-estrena-dema-la-temporada-de-bany-en-una-piscina-renovada-ara-daigua-salada\/\" \/>\n<meta property=\"og:locale\" content=\"ca_ES\" \/>\n<meta property=\"og:type\" content=\"article\" \/>\n<meta property=\"og:title\" content=\"Xal\u00f3 estrena ma\u00f1ana la temporada de ba\u00f1o en una piscina renovada, ahora de agua salada | R\u00e0dio Litoral\" \/>\n<meta property=\"og:description\" content=\"La entrada individual de un d\u00eda se ha fijado en 1&#039;50 \u20ac La entrada individual de un d\u00eda se ha fijado en 1&#039;50 \u20ac\" \/>\n<meta property=\"og:url\" content=\"https:\/\/radiolitoral.com\/ca\/2023\/06\/xalo-estrena-dema-la-temporada-de-bany-en-una-piscina-renovada-ara-daigua-salada\/\" \/>\n<meta property=\"og:site_name\" content=\"R\u00e0dio Litoral\" \/>\n<meta property=\"article:publisher\" content=\"https:\/\/www.facebook.com\/Laradiolitoral\/\" \/>\n<meta property=\"article:published_time\" content=\"2023-06-21T20:44:40+00:00\" \/>\n<meta property=\"article:modified_time\" content=\"2023-06-21T20:44:56+00:00\" \/>\n<meta property=\"og:image\" content=\"https:\/\/media.radiolitoral.com\/wp-content\/uploads\/2023\/06\/21224334\/WhatsApp-Image-2022-06-16-at-10.54.23-PM-980x653-1.jpeg\" \/>\n\t<meta property=\"og:image:width\" content=\"980\" \/>\n\t<meta property=\"og:image:height\" content=\"653\" \/>\n\t<meta property=\"og:image:type\" content=\"image\/jpeg\" \/>\n<meta name=\"author\" content=\"Redacci\u00f3n\" \/>\n<meta name=\"twitter:card\" content=\"summary_large_image\" \/>\n<meta name=\"twitter:label1\" content=\"Escrit per\" \/>\n\t<meta name=\"twitter:data1\" content=\"Redacci\u00f3n\" \/>\n\t<meta name=\"twitter:label2\" content=\"Temps estimat de lectura\" \/>\n\t<meta name=\"twitter:data2\" content=\"1 minut\" \/>\n<script type=\"application\/ld+json\" class=\"yoast-schema-graph\">{\"@context\":\"https:\\\/\\\/schema.org\",\"@graph\":[{\"@type\":\"NewsArticle\",\"@id\":\"https:\\\/\\\/radiolitoral.com\\\/2023\\\/06\\\/xalo-estrena-manana-la-temporada-de-bano-en-una-piscina-renovada-ahora-de-agua-salada\\\/#article\",\"isPartOf\":{\"@id\":\"https:\\\/\\\/radiolitoral.com\\\/2023\\\/06\\\/xalo-estrena-manana-la-temporada-de-bano-en-una-piscina-renovada-ahora-de-agua-salada\\\/\"},\"author\":{\"name\":\"Redacci\u00f3n\",\"@id\":\"https:\\\/\\\/radiolitoral.com\\\/#\\\/schema\\\/person\\\/f2b2343c49b5d721857cc1002bfdb151\"},\"headline\":\"Xal\u00f3 estrena ma\u00f1ana la temporada de ba\u00f1o en una piscina renovada, ahora de agua salada\",\"datePublished\":\"2023-06-21T20:44:40+00:00\",\"dateModified\":\"2023-06-21T20:44:56+00:00\",\"mainEntityOfPage\":{\"@id\":\"https:\\\/\\\/radiolitoral.com\\\/2023\\\/06\\\/xalo-estrena-manana-la-temporada-de-bano-en-una-piscina-renovada-ahora-de-agua-salada\\\/\"},\"wordCount\":222,\"commentCount\":0,\"publisher\":{\"@id\":\"https:\\\/\\\/radiolitoral.com\\\/#organization\"},\"image\":{\"@id\":\"https:\\\/\\\/radiolitoral.com\\\/2023\\\/06\\\/xalo-estrena-manana-la-temporada-de-bano-en-una-piscina-renovada-ahora-de-agua-salada\\\/#primaryimage\"},\"thumbnailUrl\":\"https:\\\/\\\/media.radiolitoral.com\\\/wp-content\\\/uploads\\\/2023\\\/06\\\/21224334\\\/WhatsApp-Image-2022-06-16-at-10.54.23-PM-980x653-1.jpeg\",\"articleSection\":[\"Servicios P\u00fablicos\"],\"inLanguage\":\"ca\",\"potentialAction\":[{\"@type\":\"CommentAction\",\"name\":\"Comment\",\"target\":[\"https:\\\/\\\/radiolitoral.com\\\/2023\\\/06\\\/xalo-estrena-manana-la-temporada-de-bano-en-una-piscina-renovada-ahora-de-agua-salada\\\/#respond\"]}]},{\"@type\":[\"WebPage\",\"ItemPage\"],\"@id\":\"https:\\\/\\\/radiolitoral.com\\\/2023\\\/06\\\/xalo-estrena-manana-la-temporada-de-bano-en-una-piscina-renovada-ahora-de-agua-salada\\\/\",\"url\":\"https:\\\/\\\/radiolitoral.com\\\/2023\\\/06\\\/xalo-estrena-manana-la-temporada-de-bano-en-una-piscina-renovada-ahora-de-agua-salada\\\/\",\"name\":\"Xal\u00f3 estrena ma\u00f1ana la temporada de ba\u00f1o en una piscina renovada, ahora de agua salada | R\u00e0dio Litoral\",\"isPartOf\":{\"@id\":\"https:\\\/\\\/radiolitoral.com\\\/#website\"},\"primaryImageOfPage\":{\"@id\":\"https:\\\/\\\/radiolitoral.com\\\/2023\\\/06\\\/xalo-estrena-manana-la-temporada-de-bano-en-una-piscina-renovada-ahora-de-agua-salada\\\/#primaryimage\"},\"image\":{\"@id\":\"https:\\\/\\\/radiolitoral.com\\\/2023\\\/06\\\/xalo-estrena-manana-la-temporada-de-bano-en-una-piscina-renovada-ahora-de-agua-salada\\\/#primaryimage\"},\"thumbnailUrl\":\"https:\\\/\\\/media.radiolitoral.com\\\/wp-content\\\/uploads\\\/2023\\\/06\\\/21224334\\\/WhatsApp-Image-2022-06-16-at-10.54.23-PM-980x653-1.jpeg\",\"datePublished\":\"2023-06-21T20:44:40+00:00\",\"dateModified\":\"2023-06-21T20:44:56+00:00\",\"description\":\"La entrada individual de un d\u00eda se ha fijado en 1'50 \u20ac La entrada individual de un d\u00eda se ha fijado en 1'50 \u20ac\",\"breadcrumb\":{\"@id\":\"https:\\\/\\\/radiolitoral.com\\\/2023\\\/06\\\/xalo-estrena-manana-la-temporada-de-bano-en-una-piscina-renovada-ahora-de-agua-salada\\\/#breadcrumb\"},\"inLanguage\":\"ca\",\"potentialAction\":[{\"@type\":\"ReadAction\",\"target\":[\"https:\\\/\\\/radiolitoral.com\\\/2023\\\/06\\\/xalo-estrena-manana-la-temporada-de-bano-en-una-piscina-renovada-ahora-de-agua-salada\\\/\"]}]},{\"@type\":\"ImageObject\",\"inLanguage\":\"ca\",\"@id\":\"https:\\\/\\\/radiolitoral.com\\\/2023\\\/06\\\/xalo-estrena-manana-la-temporada-de-bano-en-una-piscina-renovada-ahora-de-agua-salada\\\/#primaryimage\",\"url\":\"https:\\\/\\\/media.radiolitoral.com\\\/wp-content\\\/uploads\\\/2023\\\/06\\\/21224334\\\/WhatsApp-Image-2022-06-16-at-10.54.23-PM-980x653-1.jpeg\",\"contentUrl\":\"https:\\\/\\\/media.radiolitoral.com\\\/wp-content\\\/uploads\\\/2023\\\/06\\\/21224334\\\/WhatsApp-Image-2022-06-16-at-10.54.23-PM-980x653-1.jpeg\",\"width\":980,\"height\":653},{\"@type\":\"BreadcrumbList\",\"@id\":\"https:\\\/\\\/radiolitoral.com\\\/2023\\\/06\\\/xalo-estrena-manana-la-temporada-de-bano-en-una-piscina-renovada-ahora-de-agua-salada\\\/#breadcrumb\",\"itemListElement\":[{\"@type\":\"ListItem\",\"position\":1,\"name\":\"Portada\",\"item\":\"https:\\\/\\\/radiolitoral.com\\\/\"},{\"@type\":\"ListItem\",\"position\":2,\"name\":\"Xal\u00f3 estrena ma\u00f1ana la temporada de ba\u00f1o en una piscina renovada, ahora de agua salada\"}]},{\"@type\":\"WebSite\",\"@id\":\"https:\\\/\\\/radiolitoral.com\\\/#website\",\"url\":\"https:\\\/\\\/radiolitoral.com\\\/\",\"name\":\"Radio Litoral\",\"description\":\"La radio local de la Marina Alta\",\"publisher\":{\"@id\":\"https:\\\/\\\/radiolitoral.com\\\/#organization\"},\"alternateName\":\"Litoral FM\",\"potentialAction\":[{\"@type\":\"SearchAction\",\"target\":{\"@type\":\"EntryPoint\",\"urlTemplate\":\"https:\\\/\\\/radiolitoral.com\\\/?s={search_term_string}\"},\"query-input\":{\"@type\":\"PropertyValueSpecification\",\"valueRequired\":true,\"valueName\":\"search_term_string\"}}],\"inLanguage\":\"ca\"},{\"@type\":\"Organization\",\"@id\":\"https:\\\/\\\/radiolitoral.com\\\/#organization\",\"name\":\"Radio Litoral\",\"url\":\"https:\\\/\\\/radiolitoral.com\\\/\",\"logo\":{\"@type\":\"ImageObject\",\"inLanguage\":\"ca\",\"@id\":\"https:\\\/\\\/radiolitoral.com\\\/#\\\/schema\\\/logo\\\/image\\\/\",\"url\":\"https:\\\/\\\/media.radiolitoral.com\\\/wp-content\\\/uploads\\\/2023\\\/02\\\/24143238\\\/CL-V-RadioLitoral696.png\",\"contentUrl\":\"https:\\\/\\\/media.radiolitoral.com\\\/wp-content\\\/uploads\\\/2023\\\/02\\\/24143238\\\/CL-V-RadioLitoral696.png\",\"width\":696,\"height\":696,\"caption\":\"Radio Litoral\"},\"image\":{\"@id\":\"https:\\\/\\\/radiolitoral.com\\\/#\\\/schema\\\/logo\\\/image\\\/\"},\"sameAs\":[\"https:\\\/\\\/www.facebook.com\\\/Laradiolitoral\\\/\"]},{\"@type\":\"Person\",\"@id\":\"https:\\\/\\\/radiolitoral.com\\\/#\\\/schema\\\/person\\\/f2b2343c49b5d721857cc1002bfdb151\",\"name\":\"Redacci\u00f3n\",\"image\":{\"@type\":\"ImageObject\",\"inLanguage\":\"ca\",\"@id\":\"https:\\\/\\\/secure.gravatar.com\\\/avatar\\\/f771d896c203ad8b3382d7905cfcce5a5c9b008b84b3cd9114e9b9f4cb63f789?s=96&d=mm&r=g\",\"url\":\"https:\\\/\\\/secure.gravatar.com\\\/avatar\\\/f771d896c203ad8b3382d7905cfcce5a5c9b008b84b3cd9114e9b9f4cb63f789?s=96&d=mm&r=g\",\"contentUrl\":\"https:\\\/\\\/secure.gravatar.com\\\/avatar\\\/f771d896c203ad8b3382d7905cfcce5a5c9b008b84b3cd9114e9b9f4cb63f789?s=96&d=mm&r=g\",\"caption\":\"Redacci\u00f3n\"},\"url\":\"https:\\\/\\\/radiolitoral.com\\\/ca\\\/author\\\/miriam-pagan\\\/\"}]}<\/script>\n<!-- \/ Yoast SEO plugin. -->","yoast_head_json":{"title":"Xal\u00f3 estrena dem\u00e0 la temporada de bany a una piscina renovada, ara d&#039;aigua salada | R\u00e0dio Litoral","description":"L&#039;entrada individual d&#039;un dia s&#039;ha fixat a 1&#039;50 \u20ac L&#039;entrada individual d&#039;un dia s&#039;ha fixat a 1&#039;50 \u20ac","robots":{"index":"index","follow":"follow","max-snippet":"max-snippet:-1","max-image-preview":"max-image-preview:large","max-video-preview":"max-video-preview:-1"},"canonical":"https:\/\/radiolitoral.com\/ca\/2023\/06\/xalo-estrena-dema-la-temporada-de-bany-en-una-piscina-renovada-ara-daigua-salada\/","og_locale":"ca_ES","og_type":"article","og_title":"Xal\u00f3 estrena ma\u00f1ana la temporada de ba\u00f1o en una piscina renovada, ahora de agua salada | R\u00e0dio Litoral","og_description":"La entrada individual de un d\u00eda se ha fijado en 1'50 \u20ac La entrada individual de un d\u00eda se ha fijado en 1'50 \u20ac","og_url":"https:\/\/radiolitoral.com\/ca\/2023\/06\/xalo-estrena-dema-la-temporada-de-bany-en-una-piscina-renovada-ara-daigua-salada\/","og_site_name":"R\u00e0dio Litoral","article_publisher":"https:\/\/www.facebook.com\/Laradiolitoral\/","article_published_time":"2023-06-21T20:44:40+00:00","article_modified_time":"2023-06-21T20:44:56+00:00","og_image":[{"width":980,"height":653,"url":"https:\/\/media.radiolitoral.com\/wp-content\/uploads\/2023\/06\/21224334\/WhatsApp-Image-2022-06-16-at-10.54.23-PM-980x653-1.jpeg","type":"image\/jpeg"}],"author":"Redacci\u00f3n","twitter_card":"summary_large_image","twitter_misc":{"Escrit per":"Redacci\u00f3n","Temps estimat de lectura":"1 minut"},"schema":{"@context":"https:\/\/schema.org","@graph":[{"@type":"NewsArticle","@id":"https:\/\/radiolitoral.com\/2023\/06\/xalo-estrena-manana-la-temporada-de-bano-en-una-piscina-renovada-ahora-de-agua-salada\/#article","isPartOf":{"@id":"https:\/\/radiolitoral.com\/2023\/06\/xalo-estrena-manana-la-temporada-de-bano-en-una-piscina-renovada-ahora-de-agua-salada\/"},"author":{"name":"Redacci\u00f3n","@id":"https:\/\/radiolitoral.com\/#\/schema\/person\/f2b2343c49b5d721857cc1002bfdb151"},"headline":"Xal\u00f3 estrena ma\u00f1ana la temporada de ba\u00f1o en una piscina renovada, ahora de agua salada","datePublished":"2023-06-21T20:44:40+00:00","dateModified":"2023-06-21T20:44:56+00:00","mainEntityOfPage":{"@id":"https:\/\/radiolitoral.com\/2023\/06\/xalo-estrena-manana-la-temporada-de-bano-en-una-piscina-renovada-ahora-de-agua-salada\/"},"wordCount":222,"commentCount":0,"publisher":{"@id":"https:\/\/radiolitoral.com\/#organization"},"image":{"@id":"https:\/\/radiolitoral.com\/2023\/06\/xalo-estrena-manana-la-temporada-de-bano-en-una-piscina-renovada-ahora-de-agua-salada\/#primaryimage"},"thumbnailUrl":"https:\/\/media.radiolitoral.com\/wp-content\/uploads\/2023\/06\/21224334\/WhatsApp-Image-2022-06-16-at-10.54.23-PM-980x653-1.jpeg","articleSection":["Servicios P\u00fablicos"],"inLanguage":"ca","potentialAction":[{"@type":"CommentAction","name":"Comment","target":["https:\/\/radiolitoral.com\/2023\/06\/xalo-estrena-manana-la-temporada-de-bano-en-una-piscina-renovada-ahora-de-agua-salada\/#respond"]}]},{"@type":["WebPage","ItemPage"],"@id":"https:\/\/radiolitoral.com\/2023\/06\/xalo-estrena-manana-la-temporada-de-bano-en-una-piscina-renovada-ahora-de-agua-salada\/","url":"https:\/\/radiolitoral.com\/2023\/06\/xalo-estrena-manana-la-temporada-de-bano-en-una-piscina-renovada-ahora-de-agua-salada\/","name":"Xal\u00f3 estrena dem\u00e0 la temporada de bany a una piscina renovada, ara d&#039;aigua salada | R\u00e0dio Litoral","isPartOf":{"@id":"https:\/\/radiolitoral.com\/#website"},"primaryImageOfPage":{"@id":"https:\/\/radiolitoral.com\/2023\/06\/xalo-estrena-manana-la-temporada-de-bano-en-una-piscina-renovada-ahora-de-agua-salada\/#primaryimage"},"image":{"@id":"https:\/\/radiolitoral.com\/2023\/06\/xalo-estrena-manana-la-temporada-de-bano-en-una-piscina-renovada-ahora-de-agua-salada\/#primaryimage"},"thumbnailUrl":"https:\/\/media.radiolitoral.com\/wp-content\/uploads\/2023\/06\/21224334\/WhatsApp-Image-2022-06-16-at-10.54.23-PM-980x653-1.jpeg","datePublished":"2023-06-21T20:44:40+00:00","dateModified":"2023-06-21T20:44:56+00:00","description":"L&#039;entrada individual d&#039;un dia s&#039;ha fixat a 1&#039;50 \u20ac L&#039;entrada individual d&#039;un dia s&#039;ha fixat a 1&#039;50 \u20ac","breadcrumb":{"@id":"https:\/\/radiolitoral.com\/2023\/06\/xalo-estrena-manana-la-temporada-de-bano-en-una-piscina-renovada-ahora-de-agua-salada\/#breadcrumb"},"inLanguage":"ca","potentialAction":[{"@type":"ReadAction","target":["https:\/\/radiolitoral.com\/2023\/06\/xalo-estrena-manana-la-temporada-de-bano-en-una-piscina-renovada-ahora-de-agua-salada\/"]}]},{"@type":"ImageObject","inLanguage":"ca","@id":"https:\/\/radiolitoral.com\/2023\/06\/xalo-estrena-manana-la-temporada-de-bano-en-una-piscina-renovada-ahora-de-agua-salada\/#primaryimage","url":"https:\/\/media.radiolitoral.com\/wp-content\/uploads\/2023\/06\/21224334\/WhatsApp-Image-2022-06-16-at-10.54.23-PM-980x653-1.jpeg","contentUrl":"https:\/\/media.radiolitoral.com\/wp-content\/uploads\/2023\/06\/21224334\/WhatsApp-Image-2022-06-16-at-10.54.23-PM-980x653-1.jpeg","width":980,"height":653},{"@type":"BreadcrumbList","@id":"https:\/\/radiolitoral.com\/2023\/06\/xalo-estrena-manana-la-temporada-de-bano-en-una-piscina-renovada-ahora-de-agua-salada\/#breadcrumb","itemListElement":[{"@type":"ListItem","position":1,"name":"Portada","item":"https:\/\/radiolitoral.com\/"},{"@type":"ListItem","position":2,"name":"Xal\u00f3 estrena ma\u00f1ana la temporada de ba\u00f1o en una piscina renovada, ahora de agua salada"}]},{"@type":"WebSite","@id":"https:\/\/radiolitoral.com\/#website","url":"https:\/\/radiolitoral.com\/","name":"R\u00e0dio Litoral","description":"La r\u00e0dio local de la Marina Alta","publisher":{"@id":"https:\/\/radiolitoral.com\/#organization"},"alternateName":"Litoral FM","potentialAction":[{"@type":"SearchAction","target":{"@type":"EntryPoint","urlTemplate":"https:\/\/radiolitoral.com\/?s={search_term_string}"},"query-input":{"@type":"PropertyValueSpecification","valueRequired":true,"valueName":"search_term_string"}}],"inLanguage":"ca"},{"@type":"Organization","@id":"https:\/\/radiolitoral.com\/#organization","name":"R\u00e0dio Litoral","url":"https:\/\/radiolitoral.com\/","logo":{"@type":"ImageObject","inLanguage":"ca","@id":"https:\/\/radiolitoral.com\/#\/schema\/logo\/image\/","url":"https:\/\/media.radiolitoral.com\/wp-content\/uploads\/2023\/02\/24143238\/CL-V-RadioLitoral696.png","contentUrl":"https:\/\/media.radiolitoral.com\/wp-content\/uploads\/2023\/02\/24143238\/CL-V-RadioLitoral696.png","width":696,"height":696,"caption":"Radio Litoral"},"image":{"@id":"https:\/\/radiolitoral.com\/#\/schema\/logo\/image\/"},"sameAs":["https:\/\/www.facebook.com\/Laradiolitoral\/"]},{"@type":"Person","@id":"https:\/\/radiolitoral.com\/#\/schema\/person\/f2b2343c49b5d721857cc1002bfdb151","name":"Redacci\u00f3","image":{"@type":"ImageObject","inLanguage":"ca","@id":"https:\/\/secure.gravatar.com\/avatar\/f771d896c203ad8b3382d7905cfcce5a5c9b008b84b3cd9114e9b9f4cb63f789?s=96&d=mm&r=g","url":"https:\/\/secure.gravatar.com\/avatar\/f771d896c203ad8b3382d7905cfcce5a5c9b008b84b3cd9114e9b9f4cb63f789?s=96&d=mm&r=g","contentUrl":"https:\/\/secure.gravatar.com\/avatar\/f771d896c203ad8b3382d7905cfcce5a5c9b008b84b3cd9114e9b9f4cb63f789?s=96&d=mm&r=g","caption":"Redacci\u00f3n"},"url":"https:\/\/radiolitoral.com\/ca\/author\/miriam-pagan\/"}]}},"_links":{"self":[{"href":"https:\/\/radiolitoral.com\/ca\/wp-json\/wp\/v2\/posts\/4261","targetHints":{"allow":["GET"]}}],"collection":[{"href":"https:\/\/radiolitoral.com\/ca\/wp-json\/wp\/v2\/posts"}],"about":[{"href":"https:\/\/radiolitoral.com\/ca\/wp-json\/wp\/v2\/types\/post"}],"author":[{"embeddable":true,"href":"https:\/\/radiolitoral.com\/ca\/wp-json\/wp\/v2\/users\/13"}],"replies":[{"embeddable":true,"href":"https:\/\/radiolitoral.com\/ca\/wp-json\/wp\/v2\/comments?post=4261"}],"version-history":[{"count":1,"href":"https:\/\/radiolitoral.com\/ca\/wp-json\/wp\/v2\/posts\/4261\/revisions"}],"predecessor-version":[{"id":4264,"href":"https:\/\/radiolitoral.com\/ca\/wp-json\/wp\/v2\/posts\/4261\/revisions\/4264"}],"wp:featuredmedia":[{"embeddable":true,"href":"https:\/\/radiolitoral.com\/ca\/wp-json\/wp\/v2\/media\/4263"}],"wp:attachment":[{"href":"https:\/\/radiolitoral.com\/ca\/wp-json\/wp\/v2\/media?parent=4261"}],"wp:term":[{"taxonomy":"category","embeddable":true,"href":"https:\/\/radiolitoral.com\/ca\/wp-json\/wp\/v2\/categories?post=4261"},{"taxonomy":"post_tag","embeddable":true,"href":"https:\/\/radiolitoral.com\/ca\/wp-json\/wp\/v2\/tags?post=4261"}],"curies":[{"name":"wp","href":"https:\/\/api.w.org\/{rel}","templated":true}]}}