{"id":4236,"date":"2023-06-20T22:16:51","date_gmt":"2023-06-20T20:16:51","guid":{"rendered":"https:\/\/radiolitoral.com\/?p=4236"},"modified":"2023-06-20T22:16:51","modified_gmt":"2023-06-20T20:16:51","slug":"benissa-rep-les-seves-festes-de-moros-i-cristians","status":"publish","type":"post","link":"https:\/\/radiolitoral.com\/ca\/2023\/06\/benissa-recibe-sus-fiestas-de-moros-y-cristianos\/","title":{"rendered":"Benissa rep les seves festes de Moros i Cristians"},"content":{"rendered":"<p>Benissa es prepara per gaudir de les festes de Moros i Cristians en honor a Sant Pere. Unes celebracions que ompliran de color, m\u00fasica, p\u00f3lvora i alegria els carrers de la localitat del 30 de juny al 3 de juliol. Una programaci\u00f3 que inclou diverses novetats. Tot i que abans, aquest cap de setmana, el dissabte dia 24, i com una de les novetats a incorporar a l&#039;edici\u00f3 d&#039;aquest 2023, tindr\u00e0 lloc l&#039;acte de presentaci\u00f3 de banderins i c\u00e0rrecs i el preg\u00f3 amb qu\u00e8 donar el tret de sortida a aquestes festes.<\/p>\n<p>L&#039;encarregat d&#039;ocupar la responsabilitat de pregoner \u00e9s Quico Llopis, guanyador del Premi 25 d&#039;Abril Vila de Benissa en aquesta edici\u00f3 2023. Una persona vinculada a la festa com a m\u00fasic, que tamb\u00e9 participa de les desfilades de moros i cristians any rere any, a m\u00e9s de formar part d&#039;una fam\u00edlia molt festera, com reconeix el mateix Llopis.<\/p>\n<p>Quico Llopis ha avan\u00e7at als nostres companys de Litoral FM alguns detalls de com ser\u00e0 el preg\u00f3 d&#039;aquest 2023. Un discurs emotiu que unir\u00e0 els moments de la festa, la m\u00fasica i els records. La cita, aquest dissabte a les 20.30 hores al recinte del Castell.<\/p>\n<audio class=\"wp-audio-shortcode\" id=\"audio-4236-1\" preload=\"none\" style=\"width: 100%;\" controls=\"controls\"><source type=\"audio\/mpeg\" src=\"https:\/\/media.radiolitoral.com\/wp-content\/uploads\/2023\/06\/20221009\/Kiko-Llopis.mp3?_=1\" \/><a href=\"https:\/\/media.radiolitoral.com\/wp-content\/uploads\/2023\/06\/20221009\/Kiko-Llopis.mp3\">https:\/\/media.radiolitoral.com\/wp-content\/uploads\/2023\/06\/20221009\/Kiko-Llopis.mp3<\/a><\/audio>\n<p>&nbsp;<\/p>\n<p><strong><u>Programaci\u00f3 <\/u><\/strong><\/p>\n<p>&nbsp;<\/p>\n<p><strong>Dissabte 24 de juny<\/strong><\/p>\n<p>12.00 h Degustaci\u00f3 de vermuts al Parc Dolors Piera.<\/p>\n<p>19.30h Cercavila de Banderines i c\u00e0rrecs festers.<\/p>\n<p>20.30 h Acte de presentaci\u00f3 de banderoles, banderers, i capitans al recinte del Castell, i preg\u00f3 de festes a c\u00e0rrec de Quico Llopis Ivars. En finalitzar l&#039;acte, Castell de focs artificials a c\u00e0rrec de la pirot\u00e8cnica Hnos. Caballer.<\/p>\n<p>22.00 h Concentraci\u00f3 de les filaes i sopar de germanor al parc Dolores Piera.<\/p>\n<p>24.00 h Actuaci\u00f3 al parc Dolores Piera de l&#039;Orquestra La Pato.<\/p>\n<p>Servei de barra a benefici de l<em>\u00e9s filaes capitans <\/em>2024: Conqueridors i Bedu\u00efnes.<\/p>\n<p>&nbsp;<\/p>\n<p><strong>Dijous 29 de juny<\/strong><\/p>\n<p>19.30 h Inauguraci\u00f3 al Nou Casal dels Jovens de l&#039;Exposici\u00f3 de Dibuixos realitzats per l&#039;alumnat infantil dels col\u00b7legis Pare Melcior i Manuel Bru (Es pot visitar des del dia 29 fins al dia 7 de juliol en horari de 9.00ha 14.00hi el dijous 6 de juliol de 9.00ha 19.00h).<\/p>\n<p>20.00 h Concert de M\u00fasica Festera a la fa\u00e7ana de la Bas\u00edlica de la Pur\u00edssima Xiqueta a c\u00e0rrec de la <em>Societat L\u00edrica Musical de Benissa <\/em>i la <em>Colla de Xirimiters Pere Bigot.<\/em><\/p>\n<p>Durant l&#039;acte entrega de premis de:<\/p>\n<ul>\n<li>Disfresses de les Festes de Moros i Cristians 2022.<\/li>\n<li>XXX Concurs de caps d&#039;esquadra <em>infantils i juvenils.<\/em><\/li>\n<li>Concurs de Dibuixos Infantils.<\/li>\n<\/ul>\n<p>&nbsp;<\/p>\n<p><strong>Divendres 30 de juny<\/strong><\/p>\n<p>22.30 h Setge del b\u00e0ndol Moro des de la pla\u00e7a del Convent fins al Castell.<\/p>\n<p>23.30 h Ambaixada Mora i presa del Castell per part de les tropes del b\u00e0ndol Moro.<\/p>\n<p>00.30 h Actuaci\u00f3 musical a c\u00e0rrec de l\u00b4orquestra\u00a0<em>La People Band <\/em>a la pla\u00e7a Jaume I. Servei de barra a benefici de l<em>es filaes capitans 2024:<\/em>Fil\u00e0 Conqueridors i Fil\u00e0 Bedu\u00efnes.<\/p>\n<p>&nbsp;<\/p>\n<p><strong>Dissabte 1 de juliol<\/strong><\/p>\n<p>12.00h Recordatori dels festers difunts al Cementiri municipal.<\/p>\n<p>18.30 h Cercavila de totes \u00ab<em>les filaes\u00bb<\/em> portant a Sant Pere Ap\u00f2stol. En acabar, ofrena i missa en honor al nostre patr\u00f3 Sant Pere Ap\u00f2stol.<\/p>\n<p>20.30 h Entrada Infantil i XXXI Concurs de Caps d&#039;Esquadra infantil i juvenil.<\/p>\n<p>23.00 h \u2013 Setge del b\u00e0ndol Cristi\u00e0, des de la pla\u00e7a del Portal fins al recinte del Castell.<\/p>\n<p>00.00 h \u2013 Al recinte del Castell, ambaixada Cristiana i reconquesta per part de les forces cristianes de la vila de Benissa.<\/p>\n<p>En acabar, nit de cabil\u00b7les.<\/p>\n<p>&nbsp;<\/p>\n<p><strong>Diumenge 2 de juliol<\/strong><\/p>\n<p>11.00h Cercavila de les filaes<\/p>\n<p>19.30h Entrada de bandes de m\u00fasica.<\/p>\n<p>19.45h Arranc\u00e0 de l&#039;entr\u00e0. Acte d\u00b4inici de la desfilada de gala a c\u00e0rrec de Jose Andr\u00e9s Cabrera Ribes i Nuria Ivars Bertomeu.<\/p>\n<p>20.00h Desfilada de gala des del carrer Val\u00e8ncia fins al carrer Nou.<\/p>\n<p>&nbsp;<\/p>\n<p><strong>Dilluns 3 de juliol<\/strong><\/p>\n<p>11.00h Cercavila de les filaes<em> i <\/em>visita a la Resid\u00e8ncia d&#039;Avis.<\/p>\n<p>19.30h Desfilada informal de les bandes de m\u00fasica.<\/p>\n<p>20.00h Desfilada humor\u00edstica de les filaes i fi de festa.<\/p>\n<p>L\u00b4Associaci\u00f3 de Moros i Cristians de Benissa, es reserva el dret d\u00b4anul\u00b7lar o modificar qualsevol acte o horari.<\/p>\n<p>&nbsp;<\/p>\n<p>&nbsp;<\/p>","protected":false},"excerpt":{"rendered":"<p>Benissa se prepara para disfrutar de sus fiestas de Moros y Cristianos en honor a Sant Pere. Unas celebraciones que llenar\u00e1n de colorido, m\u00fasica, p\u00f3lvora y alegr\u00eda las calles de la localidad del 30 de junio al 3 de julio. Una programaci\u00f3n que incluye distintas novedades. Aunque antes, este fin de semana, el s\u00e1bado d\u00eda [&#8230;]<\/p>\n<p><a class=\"btn btn-secondary understrap-read-more-link\" href=\"https:\/\/radiolitoral.com\/ca\/2023\/06\/benissa-recibe-sus-fiestas-de-moros-y-cristianos\/\">Continua llegint&#8230;<span class=\"screen-reader-text\"> from Benissa recibe sus fiestas de Moros y Cristianos<\/span><\/a><\/p>\n","protected":false},"author":13,"featured_media":4238,"comment_status":"open","ping_status":"closed","sticky":false,"template":"","format":"standard","meta":{"_acf_changed":false,"inline_featured_image":false,"footnotes":""},"categories":[276],"tags":[218,126,510,660],"class_list":["post-4236","post","type-post","status-publish","format-standard","has-post-thumbnail","hentry","category-fiestas","tag-agenda-benissa","tag-benissa","tag-fiestas-benissa","tag-moros-y-cristianos","cobertura-benissa"],"acf":[],"yoast_head":"<!-- This site is optimized with the Yoast SEO plugin v27.5 - https:\/\/yoast.com\/product\/yoast-seo-wordpress\/ -->\n<title>Benissa recibe sus fiestas de Moros y Cristianos | R\u00e0dio Litoral<\/title>\n<meta name=\"description\" content=\"Comienzan este s\u00e1bado y se prolongar\u00e1n hasta el lunes Comienzan este s\u00e1bado y se prolongar\u00e1n hasta el lunes\" \/>\n<meta name=\"robots\" content=\"index, follow, max-snippet:-1, max-image-preview:large, max-video-preview:-1\" \/>\n<link rel=\"canonical\" href=\"https:\/\/radiolitoral.com\/ca\/2023\/06\/benissa-rep-les-seves-festes-de-moros-i-cristians\/\" \/>\n<meta property=\"og:locale\" content=\"ca_ES\" \/>\n<meta property=\"og:type\" content=\"article\" \/>\n<meta property=\"og:title\" content=\"Benissa recibe sus fiestas de Moros y Cristianos | R\u00e0dio Litoral\" \/>\n<meta property=\"og:description\" content=\"Comienzan este s\u00e1bado y se prolongar\u00e1n hasta el lunes Comienzan este s\u00e1bado y se prolongar\u00e1n hasta el lunes\" \/>\n<meta property=\"og:url\" content=\"https:\/\/radiolitoral.com\/ca\/2023\/06\/benissa-rep-les-seves-festes-de-moros-i-cristians\/\" \/>\n<meta property=\"og:site_name\" content=\"R\u00e0dio Litoral\" \/>\n<meta property=\"article:publisher\" content=\"https:\/\/www.facebook.com\/Laradiolitoral\/\" \/>\n<meta property=\"article:published_time\" content=\"2023-06-20T20:16:51+00:00\" \/>\n<meta property=\"og:image\" content=\"https:\/\/media.radiolitoral.com\/wp-content\/uploads\/2023\/06\/20221620\/moros.jpg\" \/>\n\t<meta property=\"og:image:width\" content=\"600\" \/>\n\t<meta property=\"og:image:height\" content=\"259\" \/>\n\t<meta property=\"og:image:type\" content=\"image\/jpeg\" \/>\n<meta name=\"author\" content=\"Redacci\u00f3n\" \/>\n<meta name=\"twitter:card\" content=\"summary_large_image\" \/>\n<meta name=\"twitter:label1\" content=\"Escrit per\" \/>\n\t<meta name=\"twitter:data1\" content=\"Redacci\u00f3n\" \/>\n\t<meta name=\"twitter:label2\" content=\"Temps estimat de lectura\" \/>\n\t<meta name=\"twitter:data2\" content=\"4 minuts\" \/>\n<script type=\"application\/ld+json\" class=\"yoast-schema-graph\">{\"@context\":\"https:\\\/\\\/schema.org\",\"@graph\":[{\"@type\":\"NewsArticle\",\"@id\":\"https:\\\/\\\/radiolitoral.com\\\/2023\\\/06\\\/benissa-recibe-sus-fiestas-de-moros-y-cristianos\\\/#article\",\"isPartOf\":{\"@id\":\"https:\\\/\\\/radiolitoral.com\\\/2023\\\/06\\\/benissa-recibe-sus-fiestas-de-moros-y-cristianos\\\/\"},\"author\":{\"name\":\"Redacci\u00f3n\",\"@id\":\"https:\\\/\\\/radiolitoral.com\\\/#\\\/schema\\\/person\\\/f2b2343c49b5d721857cc1002bfdb151\"},\"headline\":\"Benissa recibe sus fiestas de Moros y Cristianos\",\"datePublished\":\"2023-06-20T20:16:51+00:00\",\"mainEntityOfPage\":{\"@id\":\"https:\\\/\\\/radiolitoral.com\\\/2023\\\/06\\\/benissa-recibe-sus-fiestas-de-moros-y-cristianos\\\/\"},\"wordCount\":735,\"commentCount\":0,\"publisher\":{\"@id\":\"https:\\\/\\\/radiolitoral.com\\\/#organization\"},\"image\":{\"@id\":\"https:\\\/\\\/radiolitoral.com\\\/2023\\\/06\\\/benissa-recibe-sus-fiestas-de-moros-y-cristianos\\\/#primaryimage\"},\"thumbnailUrl\":\"https:\\\/\\\/media.radiolitoral.com\\\/wp-content\\\/uploads\\\/2023\\\/06\\\/20221620\\\/moros.jpg\",\"keywords\":[\"agenda Benissa\",\"Benissa\",\"fiestas Benissa\",\"Moros y Cristianos\"],\"articleSection\":[\"Fiestas\"],\"inLanguage\":\"ca\",\"potentialAction\":[{\"@type\":\"CommentAction\",\"name\":\"Comment\",\"target\":[\"https:\\\/\\\/radiolitoral.com\\\/2023\\\/06\\\/benissa-recibe-sus-fiestas-de-moros-y-cristianos\\\/#respond\"]}]},{\"@type\":[\"WebPage\",\"ItemPage\"],\"@id\":\"https:\\\/\\\/radiolitoral.com\\\/2023\\\/06\\\/benissa-recibe-sus-fiestas-de-moros-y-cristianos\\\/\",\"url\":\"https:\\\/\\\/radiolitoral.com\\\/2023\\\/06\\\/benissa-recibe-sus-fiestas-de-moros-y-cristianos\\\/\",\"name\":\"Benissa recibe sus fiestas de Moros y Cristianos | R\u00e0dio Litoral\",\"isPartOf\":{\"@id\":\"https:\\\/\\\/radiolitoral.com\\\/#website\"},\"primaryImageOfPage\":{\"@id\":\"https:\\\/\\\/radiolitoral.com\\\/2023\\\/06\\\/benissa-recibe-sus-fiestas-de-moros-y-cristianos\\\/#primaryimage\"},\"image\":{\"@id\":\"https:\\\/\\\/radiolitoral.com\\\/2023\\\/06\\\/benissa-recibe-sus-fiestas-de-moros-y-cristianos\\\/#primaryimage\"},\"thumbnailUrl\":\"https:\\\/\\\/media.radiolitoral.com\\\/wp-content\\\/uploads\\\/2023\\\/06\\\/20221620\\\/moros.jpg\",\"datePublished\":\"2023-06-20T20:16:51+00:00\",\"description\":\"Comienzan este s\u00e1bado y se prolongar\u00e1n hasta el lunes Comienzan este s\u00e1bado y se prolongar\u00e1n hasta el lunes\",\"breadcrumb\":{\"@id\":\"https:\\\/\\\/radiolitoral.com\\\/2023\\\/06\\\/benissa-recibe-sus-fiestas-de-moros-y-cristianos\\\/#breadcrumb\"},\"inLanguage\":\"ca\",\"potentialAction\":[{\"@type\":\"ReadAction\",\"target\":[\"https:\\\/\\\/radiolitoral.com\\\/2023\\\/06\\\/benissa-recibe-sus-fiestas-de-moros-y-cristianos\\\/\"]}]},{\"@type\":\"ImageObject\",\"inLanguage\":\"ca\",\"@id\":\"https:\\\/\\\/radiolitoral.com\\\/2023\\\/06\\\/benissa-recibe-sus-fiestas-de-moros-y-cristianos\\\/#primaryimage\",\"url\":\"https:\\\/\\\/media.radiolitoral.com\\\/wp-content\\\/uploads\\\/2023\\\/06\\\/20221620\\\/moros.jpg\",\"contentUrl\":\"https:\\\/\\\/media.radiolitoral.com\\\/wp-content\\\/uploads\\\/2023\\\/06\\\/20221620\\\/moros.jpg\",\"width\":600,\"height\":259},{\"@type\":\"BreadcrumbList\",\"@id\":\"https:\\\/\\\/radiolitoral.com\\\/2023\\\/06\\\/benissa-recibe-sus-fiestas-de-moros-y-cristianos\\\/#breadcrumb\",\"itemListElement\":[{\"@type\":\"ListItem\",\"position\":1,\"name\":\"Portada\",\"item\":\"https:\\\/\\\/radiolitoral.com\\\/\"},{\"@type\":\"ListItem\",\"position\":2,\"name\":\"Benissa recibe sus fiestas de Moros y Cristianos\"}]},{\"@type\":\"WebSite\",\"@id\":\"https:\\\/\\\/radiolitoral.com\\\/#website\",\"url\":\"https:\\\/\\\/radiolitoral.com\\\/\",\"name\":\"Radio Litoral\",\"description\":\"La radio local de la Marina Alta\",\"publisher\":{\"@id\":\"https:\\\/\\\/radiolitoral.com\\\/#organization\"},\"alternateName\":\"Litoral FM\",\"potentialAction\":[{\"@type\":\"SearchAction\",\"target\":{\"@type\":\"EntryPoint\",\"urlTemplate\":\"https:\\\/\\\/radiolitoral.com\\\/?s={search_term_string}\"},\"query-input\":{\"@type\":\"PropertyValueSpecification\",\"valueRequired\":true,\"valueName\":\"search_term_string\"}}],\"inLanguage\":\"ca\"},{\"@type\":\"Organization\",\"@id\":\"https:\\\/\\\/radiolitoral.com\\\/#organization\",\"name\":\"Radio Litoral\",\"url\":\"https:\\\/\\\/radiolitoral.com\\\/\",\"logo\":{\"@type\":\"ImageObject\",\"inLanguage\":\"ca\",\"@id\":\"https:\\\/\\\/radiolitoral.com\\\/#\\\/schema\\\/logo\\\/image\\\/\",\"url\":\"https:\\\/\\\/media.radiolitoral.com\\\/wp-content\\\/uploads\\\/2023\\\/02\\\/24143238\\\/CL-V-RadioLitoral696.png\",\"contentUrl\":\"https:\\\/\\\/media.radiolitoral.com\\\/wp-content\\\/uploads\\\/2023\\\/02\\\/24143238\\\/CL-V-RadioLitoral696.png\",\"width\":696,\"height\":696,\"caption\":\"Radio Litoral\"},\"image\":{\"@id\":\"https:\\\/\\\/radiolitoral.com\\\/#\\\/schema\\\/logo\\\/image\\\/\"},\"sameAs\":[\"https:\\\/\\\/www.facebook.com\\\/Laradiolitoral\\\/\"]},{\"@type\":\"Person\",\"@id\":\"https:\\\/\\\/radiolitoral.com\\\/#\\\/schema\\\/person\\\/f2b2343c49b5d721857cc1002bfdb151\",\"name\":\"Redacci\u00f3n\",\"image\":{\"@type\":\"ImageObject\",\"inLanguage\":\"ca\",\"@id\":\"https:\\\/\\\/secure.gravatar.com\\\/avatar\\\/f771d896c203ad8b3382d7905cfcce5a5c9b008b84b3cd9114e9b9f4cb63f789?s=96&d=mm&r=g\",\"url\":\"https:\\\/\\\/secure.gravatar.com\\\/avatar\\\/f771d896c203ad8b3382d7905cfcce5a5c9b008b84b3cd9114e9b9f4cb63f789?s=96&d=mm&r=g\",\"contentUrl\":\"https:\\\/\\\/secure.gravatar.com\\\/avatar\\\/f771d896c203ad8b3382d7905cfcce5a5c9b008b84b3cd9114e9b9f4cb63f789?s=96&d=mm&r=g\",\"caption\":\"Redacci\u00f3n\"},\"url\":\"https:\\\/\\\/radiolitoral.com\\\/ca\\\/author\\\/miriam-pagan\\\/\"}]}<\/script>\n<!-- \/ Yoast SEO plugin. -->","yoast_head_json":{"title":"Benissa rep les festes de Moros i Cristians | R\u00e0dio Litoral","description":"Comencen aquest dissabte i es prolongaran fins dilluns Comencen aquest dissabte i es prolongaran fins dilluns","robots":{"index":"index","follow":"follow","max-snippet":"max-snippet:-1","max-image-preview":"max-image-preview:large","max-video-preview":"max-video-preview:-1"},"canonical":"https:\/\/radiolitoral.com\/ca\/2023\/06\/benissa-rep-les-seves-festes-de-moros-i-cristians\/","og_locale":"ca_ES","og_type":"article","og_title":"Benissa recibe sus fiestas de Moros y Cristianos | R\u00e0dio Litoral","og_description":"Comienzan este s\u00e1bado y se prolongar\u00e1n hasta el lunes Comienzan este s\u00e1bado y se prolongar\u00e1n hasta el lunes","og_url":"https:\/\/radiolitoral.com\/ca\/2023\/06\/benissa-rep-les-seves-festes-de-moros-i-cristians\/","og_site_name":"R\u00e0dio Litoral","article_publisher":"https:\/\/www.facebook.com\/Laradiolitoral\/","article_published_time":"2023-06-20T20:16:51+00:00","og_image":[{"width":600,"height":259,"url":"https:\/\/media.radiolitoral.com\/wp-content\/uploads\/2023\/06\/20221620\/moros.jpg","type":"image\/jpeg"}],"author":"Redacci\u00f3n","twitter_card":"summary_large_image","twitter_misc":{"Escrit per":"Redacci\u00f3n","Temps estimat de lectura":"4 minuts"},"schema":{"@context":"https:\/\/schema.org","@graph":[{"@type":"NewsArticle","@id":"https:\/\/radiolitoral.com\/2023\/06\/benissa-recibe-sus-fiestas-de-moros-y-cristianos\/#article","isPartOf":{"@id":"https:\/\/radiolitoral.com\/2023\/06\/benissa-recibe-sus-fiestas-de-moros-y-cristianos\/"},"author":{"name":"Redacci\u00f3n","@id":"https:\/\/radiolitoral.com\/#\/schema\/person\/f2b2343c49b5d721857cc1002bfdb151"},"headline":"Benissa recibe sus fiestas de Moros y Cristianos","datePublished":"2023-06-20T20:16:51+00:00","mainEntityOfPage":{"@id":"https:\/\/radiolitoral.com\/2023\/06\/benissa-recibe-sus-fiestas-de-moros-y-cristianos\/"},"wordCount":735,"commentCount":0,"publisher":{"@id":"https:\/\/radiolitoral.com\/#organization"},"image":{"@id":"https:\/\/radiolitoral.com\/2023\/06\/benissa-recibe-sus-fiestas-de-moros-y-cristianos\/#primaryimage"},"thumbnailUrl":"https:\/\/media.radiolitoral.com\/wp-content\/uploads\/2023\/06\/20221620\/moros.jpg","keywords":["agenda Benissa","Benissa","fiestas Benissa","Moros y Cristianos"],"articleSection":["Fiestas"],"inLanguage":"ca","potentialAction":[{"@type":"CommentAction","name":"Comment","target":["https:\/\/radiolitoral.com\/2023\/06\/benissa-recibe-sus-fiestas-de-moros-y-cristianos\/#respond"]}]},{"@type":["WebPage","ItemPage"],"@id":"https:\/\/radiolitoral.com\/2023\/06\/benissa-recibe-sus-fiestas-de-moros-y-cristianos\/","url":"https:\/\/radiolitoral.com\/2023\/06\/benissa-recibe-sus-fiestas-de-moros-y-cristianos\/","name":"Benissa rep les festes de Moros i Cristians | R\u00e0dio Litoral","isPartOf":{"@id":"https:\/\/radiolitoral.com\/#website"},"primaryImageOfPage":{"@id":"https:\/\/radiolitoral.com\/2023\/06\/benissa-recibe-sus-fiestas-de-moros-y-cristianos\/#primaryimage"},"image":{"@id":"https:\/\/radiolitoral.com\/2023\/06\/benissa-recibe-sus-fiestas-de-moros-y-cristianos\/#primaryimage"},"thumbnailUrl":"https:\/\/media.radiolitoral.com\/wp-content\/uploads\/2023\/06\/20221620\/moros.jpg","datePublished":"2023-06-20T20:16:51+00:00","description":"Comencen aquest dissabte i es prolongaran fins dilluns Comencen aquest dissabte i es prolongaran fins dilluns","breadcrumb":{"@id":"https:\/\/radiolitoral.com\/2023\/06\/benissa-recibe-sus-fiestas-de-moros-y-cristianos\/#breadcrumb"},"inLanguage":"ca","potentialAction":[{"@type":"ReadAction","target":["https:\/\/radiolitoral.com\/2023\/06\/benissa-recibe-sus-fiestas-de-moros-y-cristianos\/"]}]},{"@type":"ImageObject","inLanguage":"ca","@id":"https:\/\/radiolitoral.com\/2023\/06\/benissa-recibe-sus-fiestas-de-moros-y-cristianos\/#primaryimage","url":"https:\/\/media.radiolitoral.com\/wp-content\/uploads\/2023\/06\/20221620\/moros.jpg","contentUrl":"https:\/\/media.radiolitoral.com\/wp-content\/uploads\/2023\/06\/20221620\/moros.jpg","width":600,"height":259},{"@type":"BreadcrumbList","@id":"https:\/\/radiolitoral.com\/2023\/06\/benissa-recibe-sus-fiestas-de-moros-y-cristianos\/#breadcrumb","itemListElement":[{"@type":"ListItem","position":1,"name":"Portada","item":"https:\/\/radiolitoral.com\/"},{"@type":"ListItem","position":2,"name":"Benissa recibe sus fiestas de Moros y Cristianos"}]},{"@type":"WebSite","@id":"https:\/\/radiolitoral.com\/#website","url":"https:\/\/radiolitoral.com\/","name":"R\u00e0dio Litoral","description":"La r\u00e0dio local de la Marina Alta","publisher":{"@id":"https:\/\/radiolitoral.com\/#organization"},"alternateName":"Litoral FM","potentialAction":[{"@type":"SearchAction","target":{"@type":"EntryPoint","urlTemplate":"https:\/\/radiolitoral.com\/?s={search_term_string}"},"query-input":{"@type":"PropertyValueSpecification","valueRequired":true,"valueName":"search_term_string"}}],"inLanguage":"ca"},{"@type":"Organization","@id":"https:\/\/radiolitoral.com\/#organization","name":"R\u00e0dio Litoral","url":"https:\/\/radiolitoral.com\/","logo":{"@type":"ImageObject","inLanguage":"ca","@id":"https:\/\/radiolitoral.com\/#\/schema\/logo\/image\/","url":"https:\/\/media.radiolitoral.com\/wp-content\/uploads\/2023\/02\/24143238\/CL-V-RadioLitoral696.png","contentUrl":"https:\/\/media.radiolitoral.com\/wp-content\/uploads\/2023\/02\/24143238\/CL-V-RadioLitoral696.png","width":696,"height":696,"caption":"Radio Litoral"},"image":{"@id":"https:\/\/radiolitoral.com\/#\/schema\/logo\/image\/"},"sameAs":["https:\/\/www.facebook.com\/Laradiolitoral\/"]},{"@type":"Person","@id":"https:\/\/radiolitoral.com\/#\/schema\/person\/f2b2343c49b5d721857cc1002bfdb151","name":"Redacci\u00f3","image":{"@type":"ImageObject","inLanguage":"ca","@id":"https:\/\/secure.gravatar.com\/avatar\/f771d896c203ad8b3382d7905cfcce5a5c9b008b84b3cd9114e9b9f4cb63f789?s=96&d=mm&r=g","url":"https:\/\/secure.gravatar.com\/avatar\/f771d896c203ad8b3382d7905cfcce5a5c9b008b84b3cd9114e9b9f4cb63f789?s=96&d=mm&r=g","contentUrl":"https:\/\/secure.gravatar.com\/avatar\/f771d896c203ad8b3382d7905cfcce5a5c9b008b84b3cd9114e9b9f4cb63f789?s=96&d=mm&r=g","caption":"Redacci\u00f3n"},"url":"https:\/\/radiolitoral.com\/ca\/author\/miriam-pagan\/"}]}},"_links":{"self":[{"href":"https:\/\/radiolitoral.com\/ca\/wp-json\/wp\/v2\/posts\/4236","targetHints":{"allow":["GET"]}}],"collection":[{"href":"https:\/\/radiolitoral.com\/ca\/wp-json\/wp\/v2\/posts"}],"about":[{"href":"https:\/\/radiolitoral.com\/ca\/wp-json\/wp\/v2\/types\/post"}],"author":[{"embeddable":true,"href":"https:\/\/radiolitoral.com\/ca\/wp-json\/wp\/v2\/users\/13"}],"replies":[{"embeddable":true,"href":"https:\/\/radiolitoral.com\/ca\/wp-json\/wp\/v2\/comments?post=4236"}],"version-history":[{"count":1,"href":"https:\/\/radiolitoral.com\/ca\/wp-json\/wp\/v2\/posts\/4236\/revisions"}],"predecessor-version":[{"id":4239,"href":"https:\/\/radiolitoral.com\/ca\/wp-json\/wp\/v2\/posts\/4236\/revisions\/4239"}],"wp:featuredmedia":[{"embeddable":true,"href":"https:\/\/radiolitoral.com\/ca\/wp-json\/wp\/v2\/media\/4238"}],"wp:attachment":[{"href":"https:\/\/radiolitoral.com\/ca\/wp-json\/wp\/v2\/media?parent=4236"}],"wp:term":[{"taxonomy":"category","embeddable":true,"href":"https:\/\/radiolitoral.com\/ca\/wp-json\/wp\/v2\/categories?post=4236"},{"taxonomy":"post_tag","embeddable":true,"href":"https:\/\/radiolitoral.com\/ca\/wp-json\/wp\/v2\/tags?post=4236"}],"curies":[{"name":"wp","href":"https:\/\/api.w.org\/{rel}","templated":true}]}}