{"id":4231,"date":"2023-06-20T22:06:37","date_gmt":"2023-06-20T20:06:37","guid":{"rendered":"https:\/\/radiolitoral.com\/?p=4231"},"modified":"2023-06-20T22:06:47","modified_gmt":"2023-06-20T20:06:47","slug":"la-ciutat-del-peno-organitza-rutes-per-coneixer-el-nucli-antic","status":"publish","type":"post","link":"https:\/\/radiolitoral.com\/ca\/2023\/06\/la-ciudad-del-penon-organiza-rutas-para-conocer-el-casco-antiguo\/","title":{"rendered":"La ciutat del Penyal organitza rutes per con\u00e8ixer el nucli antic"},"content":{"rendered":"<p>Calp organitza rutes per con\u00e8ixer els racons m\u00e9s emblem\u00e0tics del nucli antic. Una iniciativa que ha engegat l&#039;ajuntament de la ciutat del Penyal. Es tracta d\u00b4un programa de visites guiades gratu\u00eftes promogudes des del departament de Cultura, que s\u00b4ofereixen al llarg dels mesos estivals i que s\u00f3n totalment gratu\u00eftes.<\/p>\n<p>Durant aquest mes de juny, la cita \u00e9s cada dissabte i les explicacions s&#039;ofereixen en castell\u00e0. Al juliol els dimarts, dijous i dissabtes en castell\u00e0, valenci\u00e0, angl\u00e8s i franc\u00e8s. A l&#039;agost, dimarts, dijous i dissabtes en castell\u00e0, valenci\u00e0, angl\u00e8s i franc\u00e8s. I al setembre, dimarts 5 i dijous 7 en castell\u00e0. Cal fer inscripci\u00f3 pr\u00e8via.<\/p>","protected":false},"excerpt":{"rendered":"<p>Calp organiza rutas con las que conocer los rincones m\u00e1s emblem\u00e1ticos del casco antiguo. Una iniciativa que ha puesto en marcha el ayuntamiento de la ciudad del Pe\u00f1\u00f3n. Se trata de un programa de visitas guiadas gratuitas promovidas desde el departamento de Cultura, que se ofertan a lo largo de los meses estivales y que [&#8230;]<\/p>\n<p><a class=\"btn btn-secondary understrap-read-more-link\" href=\"https:\/\/radiolitoral.com\/ca\/2023\/06\/la-ciudad-del-penon-organiza-rutas-para-conocer-el-casco-antiguo\/\">Continua llegint&#8230;<span class=\"screen-reader-text\"> from La ciudad del Pe\u00f1\u00f3n organiza rutas para conocer el casco antiguo<\/span><\/a><\/p>\n","protected":false},"author":13,"featured_media":4232,"comment_status":"open","ping_status":"closed","sticky":false,"template":"","format":"standard","meta":{"_acf_changed":false,"inline_featured_image":false,"footnotes":""},"categories":[144],"tags":[122,779,164,780],"class_list":["post-4231","post","type-post","status-publish","format-standard","has-post-thumbnail","hentry","category-turismo","tag-calp","tag-rutas-calp","tag-turismo-calp","tag-visitas-guiadas","cobertura-calp"],"acf":[],"yoast_head":"<!-- This site is optimized with the Yoast SEO plugin v27.5 - https:\/\/yoast.com\/product\/yoast-seo-wordpress\/ -->\n<title>La ciudad del Pe\u00f1\u00f3n organiza rutas para conocer el casco antiguo | R\u00e0dio Litoral<\/title>\n<meta name=\"description\" content=\"Las citas ser\u00e1n durante junio, julio y agosto Las citas ser\u00e1n durante junio, julio y agosto\" \/>\n<meta name=\"robots\" content=\"index, follow, max-snippet:-1, max-image-preview:large, max-video-preview:-1\" \/>\n<link rel=\"canonical\" href=\"https:\/\/radiolitoral.com\/ca\/2023\/06\/la-ciutat-del-peno-organitza-rutes-per-coneixer-el-nucli-antic\/\" \/>\n<meta property=\"og:locale\" content=\"ca_ES\" \/>\n<meta property=\"og:type\" content=\"article\" \/>\n<meta property=\"og:title\" content=\"La ciudad del Pe\u00f1\u00f3n organiza rutas para conocer el casco antiguo | R\u00e0dio Litoral\" \/>\n<meta property=\"og:description\" content=\"Las citas ser\u00e1n durante junio, julio y agosto Las citas ser\u00e1n durante junio, julio y agosto\" \/>\n<meta property=\"og:url\" content=\"https:\/\/radiolitoral.com\/ca\/2023\/06\/la-ciutat-del-peno-organitza-rutes-per-coneixer-el-nucli-antic\/\" \/>\n<meta property=\"og:site_name\" content=\"R\u00e0dio Litoral\" \/>\n<meta property=\"article:publisher\" content=\"https:\/\/www.facebook.com\/Laradiolitoral\/\" \/>\n<meta property=\"article:published_time\" content=\"2023-06-20T20:06:37+00:00\" \/>\n<meta property=\"article:modified_time\" content=\"2023-06-20T20:06:47+00:00\" \/>\n<meta property=\"og:image\" content=\"https:\/\/media.radiolitoral.com\/wp-content\/uploads\/2023\/06\/20220052\/calp.jpg\" \/>\n\t<meta property=\"og:image:width\" content=\"1098\" \/>\n\t<meta property=\"og:image:height\" content=\"774\" \/>\n\t<meta property=\"og:image:type\" content=\"image\/jpeg\" \/>\n<meta name=\"author\" content=\"Redacci\u00f3n\" \/>\n<meta name=\"twitter:card\" content=\"summary_large_image\" \/>\n<meta name=\"twitter:label1\" content=\"Escrit per\" \/>\n\t<meta name=\"twitter:data1\" content=\"Redacci\u00f3n\" \/>\n\t<meta name=\"twitter:label2\" content=\"Temps estimat de lectura\" \/>\n\t<meta name=\"twitter:data2\" content=\"1 minut\" \/>\n<script type=\"application\/ld+json\" class=\"yoast-schema-graph\">{\"@context\":\"https:\\\/\\\/schema.org\",\"@graph\":[{\"@type\":\"NewsArticle\",\"@id\":\"https:\\\/\\\/radiolitoral.com\\\/2023\\\/06\\\/la-ciudad-del-penon-organiza-rutas-para-conocer-el-casco-antiguo\\\/#article\",\"isPartOf\":{\"@id\":\"https:\\\/\\\/radiolitoral.com\\\/2023\\\/06\\\/la-ciudad-del-penon-organiza-rutas-para-conocer-el-casco-antiguo\\\/\"},\"author\":{\"name\":\"Redacci\u00f3n\",\"@id\":\"https:\\\/\\\/radiolitoral.com\\\/#\\\/schema\\\/person\\\/f2b2343c49b5d721857cc1002bfdb151\"},\"headline\":\"La ciudad del Pe\u00f1\u00f3n organiza rutas para conocer el casco antiguo\",\"datePublished\":\"2023-06-20T20:06:37+00:00\",\"dateModified\":\"2023-06-20T20:06:47+00:00\",\"mainEntityOfPage\":{\"@id\":\"https:\\\/\\\/radiolitoral.com\\\/2023\\\/06\\\/la-ciudad-del-penon-organiza-rutas-para-conocer-el-casco-antiguo\\\/\"},\"wordCount\":136,\"commentCount\":0,\"publisher\":{\"@id\":\"https:\\\/\\\/radiolitoral.com\\\/#organization\"},\"image\":{\"@id\":\"https:\\\/\\\/radiolitoral.com\\\/2023\\\/06\\\/la-ciudad-del-penon-organiza-rutas-para-conocer-el-casco-antiguo\\\/#primaryimage\"},\"thumbnailUrl\":\"https:\\\/\\\/media.radiolitoral.com\\\/wp-content\\\/uploads\\\/2023\\\/06\\\/20220052\\\/calp.jpg\",\"keywords\":[\"Calp\",\"rutas Calp\",\"turismo Calp\",\"visitas guiadas\"],\"articleSection\":[\"Turismo\"],\"inLanguage\":\"ca\",\"potentialAction\":[{\"@type\":\"CommentAction\",\"name\":\"Comment\",\"target\":[\"https:\\\/\\\/radiolitoral.com\\\/2023\\\/06\\\/la-ciudad-del-penon-organiza-rutas-para-conocer-el-casco-antiguo\\\/#respond\"]}]},{\"@type\":[\"WebPage\",\"ItemPage\"],\"@id\":\"https:\\\/\\\/radiolitoral.com\\\/2023\\\/06\\\/la-ciudad-del-penon-organiza-rutas-para-conocer-el-casco-antiguo\\\/\",\"url\":\"https:\\\/\\\/radiolitoral.com\\\/2023\\\/06\\\/la-ciudad-del-penon-organiza-rutas-para-conocer-el-casco-antiguo\\\/\",\"name\":\"La ciudad del Pe\u00f1\u00f3n organiza rutas para conocer el casco antiguo | R\u00e0dio Litoral\",\"isPartOf\":{\"@id\":\"https:\\\/\\\/radiolitoral.com\\\/#website\"},\"primaryImageOfPage\":{\"@id\":\"https:\\\/\\\/radiolitoral.com\\\/2023\\\/06\\\/la-ciudad-del-penon-organiza-rutas-para-conocer-el-casco-antiguo\\\/#primaryimage\"},\"image\":{\"@id\":\"https:\\\/\\\/radiolitoral.com\\\/2023\\\/06\\\/la-ciudad-del-penon-organiza-rutas-para-conocer-el-casco-antiguo\\\/#primaryimage\"},\"thumbnailUrl\":\"https:\\\/\\\/media.radiolitoral.com\\\/wp-content\\\/uploads\\\/2023\\\/06\\\/20220052\\\/calp.jpg\",\"datePublished\":\"2023-06-20T20:06:37+00:00\",\"dateModified\":\"2023-06-20T20:06:47+00:00\",\"description\":\"Las citas ser\u00e1n durante junio, julio y agosto Las citas ser\u00e1n durante junio, julio y agosto\",\"breadcrumb\":{\"@id\":\"https:\\\/\\\/radiolitoral.com\\\/2023\\\/06\\\/la-ciudad-del-penon-organiza-rutas-para-conocer-el-casco-antiguo\\\/#breadcrumb\"},\"inLanguage\":\"ca\",\"potentialAction\":[{\"@type\":\"ReadAction\",\"target\":[\"https:\\\/\\\/radiolitoral.com\\\/2023\\\/06\\\/la-ciudad-del-penon-organiza-rutas-para-conocer-el-casco-antiguo\\\/\"]}]},{\"@type\":\"ImageObject\",\"inLanguage\":\"ca\",\"@id\":\"https:\\\/\\\/radiolitoral.com\\\/2023\\\/06\\\/la-ciudad-del-penon-organiza-rutas-para-conocer-el-casco-antiguo\\\/#primaryimage\",\"url\":\"https:\\\/\\\/media.radiolitoral.com\\\/wp-content\\\/uploads\\\/2023\\\/06\\\/20220052\\\/calp.jpg\",\"contentUrl\":\"https:\\\/\\\/media.radiolitoral.com\\\/wp-content\\\/uploads\\\/2023\\\/06\\\/20220052\\\/calp.jpg\",\"width\":1098,\"height\":774},{\"@type\":\"BreadcrumbList\",\"@id\":\"https:\\\/\\\/radiolitoral.com\\\/2023\\\/06\\\/la-ciudad-del-penon-organiza-rutas-para-conocer-el-casco-antiguo\\\/#breadcrumb\",\"itemListElement\":[{\"@type\":\"ListItem\",\"position\":1,\"name\":\"Portada\",\"item\":\"https:\\\/\\\/radiolitoral.com\\\/\"},{\"@type\":\"ListItem\",\"position\":2,\"name\":\"La ciudad del Pe\u00f1\u00f3n organiza rutas para conocer el casco antiguo\"}]},{\"@type\":\"WebSite\",\"@id\":\"https:\\\/\\\/radiolitoral.com\\\/#website\",\"url\":\"https:\\\/\\\/radiolitoral.com\\\/\",\"name\":\"Radio Litoral\",\"description\":\"La radio local de la Marina Alta\",\"publisher\":{\"@id\":\"https:\\\/\\\/radiolitoral.com\\\/#organization\"},\"alternateName\":\"Litoral FM\",\"potentialAction\":[{\"@type\":\"SearchAction\",\"target\":{\"@type\":\"EntryPoint\",\"urlTemplate\":\"https:\\\/\\\/radiolitoral.com\\\/?s={search_term_string}\"},\"query-input\":{\"@type\":\"PropertyValueSpecification\",\"valueRequired\":true,\"valueName\":\"search_term_string\"}}],\"inLanguage\":\"ca\"},{\"@type\":\"Organization\",\"@id\":\"https:\\\/\\\/radiolitoral.com\\\/#organization\",\"name\":\"Radio Litoral\",\"url\":\"https:\\\/\\\/radiolitoral.com\\\/\",\"logo\":{\"@type\":\"ImageObject\",\"inLanguage\":\"ca\",\"@id\":\"https:\\\/\\\/radiolitoral.com\\\/#\\\/schema\\\/logo\\\/image\\\/\",\"url\":\"https:\\\/\\\/media.radiolitoral.com\\\/wp-content\\\/uploads\\\/2023\\\/02\\\/24143238\\\/CL-V-RadioLitoral696.png\",\"contentUrl\":\"https:\\\/\\\/media.radiolitoral.com\\\/wp-content\\\/uploads\\\/2023\\\/02\\\/24143238\\\/CL-V-RadioLitoral696.png\",\"width\":696,\"height\":696,\"caption\":\"Radio Litoral\"},\"image\":{\"@id\":\"https:\\\/\\\/radiolitoral.com\\\/#\\\/schema\\\/logo\\\/image\\\/\"},\"sameAs\":[\"https:\\\/\\\/www.facebook.com\\\/Laradiolitoral\\\/\"]},{\"@type\":\"Person\",\"@id\":\"https:\\\/\\\/radiolitoral.com\\\/#\\\/schema\\\/person\\\/f2b2343c49b5d721857cc1002bfdb151\",\"name\":\"Redacci\u00f3n\",\"image\":{\"@type\":\"ImageObject\",\"inLanguage\":\"ca\",\"@id\":\"https:\\\/\\\/secure.gravatar.com\\\/avatar\\\/f771d896c203ad8b3382d7905cfcce5a5c9b008b84b3cd9114e9b9f4cb63f789?s=96&d=mm&r=g\",\"url\":\"https:\\\/\\\/secure.gravatar.com\\\/avatar\\\/f771d896c203ad8b3382d7905cfcce5a5c9b008b84b3cd9114e9b9f4cb63f789?s=96&d=mm&r=g\",\"contentUrl\":\"https:\\\/\\\/secure.gravatar.com\\\/avatar\\\/f771d896c203ad8b3382d7905cfcce5a5c9b008b84b3cd9114e9b9f4cb63f789?s=96&d=mm&r=g\",\"caption\":\"Redacci\u00f3n\"},\"url\":\"https:\\\/\\\/radiolitoral.com\\\/ca\\\/author\\\/miriam-pagan\\\/\"}]}<\/script>\n<!-- \/ Yoast SEO plugin. -->","yoast_head_json":{"title":"La ciutat del Penyal organitza rutes per con\u00e8ixer el nucli antic | R\u00e0dio Litoral","description":"Les cites seran durant juny, juliol i agost Les cites seran durant juny, juliol i agost","robots":{"index":"index","follow":"follow","max-snippet":"max-snippet:-1","max-image-preview":"max-image-preview:large","max-video-preview":"max-video-preview:-1"},"canonical":"https:\/\/radiolitoral.com\/ca\/2023\/06\/la-ciutat-del-peno-organitza-rutes-per-coneixer-el-nucli-antic\/","og_locale":"ca_ES","og_type":"article","og_title":"La ciudad del Pe\u00f1\u00f3n organiza rutas para conocer el casco antiguo | R\u00e0dio Litoral","og_description":"Las citas ser\u00e1n durante junio, julio y agosto Las citas ser\u00e1n durante junio, julio y agosto","og_url":"https:\/\/radiolitoral.com\/ca\/2023\/06\/la-ciutat-del-peno-organitza-rutes-per-coneixer-el-nucli-antic\/","og_site_name":"R\u00e0dio Litoral","article_publisher":"https:\/\/www.facebook.com\/Laradiolitoral\/","article_published_time":"2023-06-20T20:06:37+00:00","article_modified_time":"2023-06-20T20:06:47+00:00","og_image":[{"width":1098,"height":774,"url":"https:\/\/media.radiolitoral.com\/wp-content\/uploads\/2023\/06\/20220052\/calp.jpg","type":"image\/jpeg"}],"author":"Redacci\u00f3n","twitter_card":"summary_large_image","twitter_misc":{"Escrit per":"Redacci\u00f3n","Temps estimat de lectura":"1 minut"},"schema":{"@context":"https:\/\/schema.org","@graph":[{"@type":"NewsArticle","@id":"https:\/\/radiolitoral.com\/2023\/06\/la-ciudad-del-penon-organiza-rutas-para-conocer-el-casco-antiguo\/#article","isPartOf":{"@id":"https:\/\/radiolitoral.com\/2023\/06\/la-ciudad-del-penon-organiza-rutas-para-conocer-el-casco-antiguo\/"},"author":{"name":"Redacci\u00f3n","@id":"https:\/\/radiolitoral.com\/#\/schema\/person\/f2b2343c49b5d721857cc1002bfdb151"},"headline":"La ciudad del Pe\u00f1\u00f3n organiza rutas para conocer el casco antiguo","datePublished":"2023-06-20T20:06:37+00:00","dateModified":"2023-06-20T20:06:47+00:00","mainEntityOfPage":{"@id":"https:\/\/radiolitoral.com\/2023\/06\/la-ciudad-del-penon-organiza-rutas-para-conocer-el-casco-antiguo\/"},"wordCount":136,"commentCount":0,"publisher":{"@id":"https:\/\/radiolitoral.com\/#organization"},"image":{"@id":"https:\/\/radiolitoral.com\/2023\/06\/la-ciudad-del-penon-organiza-rutas-para-conocer-el-casco-antiguo\/#primaryimage"},"thumbnailUrl":"https:\/\/media.radiolitoral.com\/wp-content\/uploads\/2023\/06\/20220052\/calp.jpg","keywords":["Calp","rutas Calp","turismo Calp","visitas guiadas"],"articleSection":["Turismo"],"inLanguage":"ca","potentialAction":[{"@type":"CommentAction","name":"Comment","target":["https:\/\/radiolitoral.com\/2023\/06\/la-ciudad-del-penon-organiza-rutas-para-conocer-el-casco-antiguo\/#respond"]}]},{"@type":["WebPage","ItemPage"],"@id":"https:\/\/radiolitoral.com\/2023\/06\/la-ciudad-del-penon-organiza-rutas-para-conocer-el-casco-antiguo\/","url":"https:\/\/radiolitoral.com\/2023\/06\/la-ciudad-del-penon-organiza-rutas-para-conocer-el-casco-antiguo\/","name":"La ciutat del Penyal organitza rutes per con\u00e8ixer el nucli antic | R\u00e0dio Litoral","isPartOf":{"@id":"https:\/\/radiolitoral.com\/#website"},"primaryImageOfPage":{"@id":"https:\/\/radiolitoral.com\/2023\/06\/la-ciudad-del-penon-organiza-rutas-para-conocer-el-casco-antiguo\/#primaryimage"},"image":{"@id":"https:\/\/radiolitoral.com\/2023\/06\/la-ciudad-del-penon-organiza-rutas-para-conocer-el-casco-antiguo\/#primaryimage"},"thumbnailUrl":"https:\/\/media.radiolitoral.com\/wp-content\/uploads\/2023\/06\/20220052\/calp.jpg","datePublished":"2023-06-20T20:06:37+00:00","dateModified":"2023-06-20T20:06:47+00:00","description":"Les cites seran durant juny, juliol i agost Les cites seran durant juny, juliol i agost","breadcrumb":{"@id":"https:\/\/radiolitoral.com\/2023\/06\/la-ciudad-del-penon-organiza-rutas-para-conocer-el-casco-antiguo\/#breadcrumb"},"inLanguage":"ca","potentialAction":[{"@type":"ReadAction","target":["https:\/\/radiolitoral.com\/2023\/06\/la-ciudad-del-penon-organiza-rutas-para-conocer-el-casco-antiguo\/"]}]},{"@type":"ImageObject","inLanguage":"ca","@id":"https:\/\/radiolitoral.com\/2023\/06\/la-ciudad-del-penon-organiza-rutas-para-conocer-el-casco-antiguo\/#primaryimage","url":"https:\/\/media.radiolitoral.com\/wp-content\/uploads\/2023\/06\/20220052\/calp.jpg","contentUrl":"https:\/\/media.radiolitoral.com\/wp-content\/uploads\/2023\/06\/20220052\/calp.jpg","width":1098,"height":774},{"@type":"BreadcrumbList","@id":"https:\/\/radiolitoral.com\/2023\/06\/la-ciudad-del-penon-organiza-rutas-para-conocer-el-casco-antiguo\/#breadcrumb","itemListElement":[{"@type":"ListItem","position":1,"name":"Portada","item":"https:\/\/radiolitoral.com\/"},{"@type":"ListItem","position":2,"name":"La ciudad del Pe\u00f1\u00f3n organiza rutas para conocer el casco antiguo"}]},{"@type":"WebSite","@id":"https:\/\/radiolitoral.com\/#website","url":"https:\/\/radiolitoral.com\/","name":"R\u00e0dio Litoral","description":"La r\u00e0dio local de la Marina Alta","publisher":{"@id":"https:\/\/radiolitoral.com\/#organization"},"alternateName":"Litoral FM","potentialAction":[{"@type":"SearchAction","target":{"@type":"EntryPoint","urlTemplate":"https:\/\/radiolitoral.com\/?s={search_term_string}"},"query-input":{"@type":"PropertyValueSpecification","valueRequired":true,"valueName":"search_term_string"}}],"inLanguage":"ca"},{"@type":"Organization","@id":"https:\/\/radiolitoral.com\/#organization","name":"R\u00e0dio Litoral","url":"https:\/\/radiolitoral.com\/","logo":{"@type":"ImageObject","inLanguage":"ca","@id":"https:\/\/radiolitoral.com\/#\/schema\/logo\/image\/","url":"https:\/\/media.radiolitoral.com\/wp-content\/uploads\/2023\/02\/24143238\/CL-V-RadioLitoral696.png","contentUrl":"https:\/\/media.radiolitoral.com\/wp-content\/uploads\/2023\/02\/24143238\/CL-V-RadioLitoral696.png","width":696,"height":696,"caption":"Radio Litoral"},"image":{"@id":"https:\/\/radiolitoral.com\/#\/schema\/logo\/image\/"},"sameAs":["https:\/\/www.facebook.com\/Laradiolitoral\/"]},{"@type":"Person","@id":"https:\/\/radiolitoral.com\/#\/schema\/person\/f2b2343c49b5d721857cc1002bfdb151","name":"Redacci\u00f3","image":{"@type":"ImageObject","inLanguage":"ca","@id":"https:\/\/secure.gravatar.com\/avatar\/f771d896c203ad8b3382d7905cfcce5a5c9b008b84b3cd9114e9b9f4cb63f789?s=96&d=mm&r=g","url":"https:\/\/secure.gravatar.com\/avatar\/f771d896c203ad8b3382d7905cfcce5a5c9b008b84b3cd9114e9b9f4cb63f789?s=96&d=mm&r=g","contentUrl":"https:\/\/secure.gravatar.com\/avatar\/f771d896c203ad8b3382d7905cfcce5a5c9b008b84b3cd9114e9b9f4cb63f789?s=96&d=mm&r=g","caption":"Redacci\u00f3n"},"url":"https:\/\/radiolitoral.com\/ca\/author\/miriam-pagan\/"}]}},"_links":{"self":[{"href":"https:\/\/radiolitoral.com\/ca\/wp-json\/wp\/v2\/posts\/4231","targetHints":{"allow":["GET"]}}],"collection":[{"href":"https:\/\/radiolitoral.com\/ca\/wp-json\/wp\/v2\/posts"}],"about":[{"href":"https:\/\/radiolitoral.com\/ca\/wp-json\/wp\/v2\/types\/post"}],"author":[{"embeddable":true,"href":"https:\/\/radiolitoral.com\/ca\/wp-json\/wp\/v2\/users\/13"}],"replies":[{"embeddable":true,"href":"https:\/\/radiolitoral.com\/ca\/wp-json\/wp\/v2\/comments?post=4231"}],"version-history":[{"count":1,"href":"https:\/\/radiolitoral.com\/ca\/wp-json\/wp\/v2\/posts\/4231\/revisions"}],"predecessor-version":[{"id":4233,"href":"https:\/\/radiolitoral.com\/ca\/wp-json\/wp\/v2\/posts\/4231\/revisions\/4233"}],"wp:featuredmedia":[{"embeddable":true,"href":"https:\/\/radiolitoral.com\/ca\/wp-json\/wp\/v2\/media\/4232"}],"wp:attachment":[{"href":"https:\/\/radiolitoral.com\/ca\/wp-json\/wp\/v2\/media?parent=4231"}],"wp:term":[{"taxonomy":"category","embeddable":true,"href":"https:\/\/radiolitoral.com\/ca\/wp-json\/wp\/v2\/categories?post=4231"},{"taxonomy":"post_tag","embeddable":true,"href":"https:\/\/radiolitoral.com\/ca\/wp-json\/wp\/v2\/tags?post=4231"}],"curies":[{"name":"wp","href":"https:\/\/api.w.org\/{rel}","templated":true}]}}