{"id":4213,"date":"2023-06-20T17:13:00","date_gmt":"2023-06-20T15:13:00","guid":{"rendered":"https:\/\/radiolitoral.com\/?p=4213"},"modified":"2023-06-20T17:13:09","modified_gmt":"2023-06-20T15:13:09","slug":"conselleria-dobres-publiques-comenca-a-retirar-els-vaixells-abandonats-al-port-blanc-de-calp","status":"publish","type":"post","link":"https:\/\/radiolitoral.com\/ca\/2023\/06\/conselleria-de-obras-publicas-comienza-a-retirar-los-barcos-abandonados-en-puerto-blanco-de-calp\/","title":{"rendered":"Conselleria d&#039;Obres P\u00fabliques comen\u00e7a a retirar els vaixells abandonats a Puerto Blanco de Calp"},"content":{"rendered":"<p>Mirem a Calp, on la Conselleria de Pol\u00edtica Territorial, Obres P\u00fabliques i Mobilitat ha comen\u00e7at a <strong>retirar els<\/strong> <strong>vaixells abandonats de Puerto Blanco<\/strong>. Aix\u00ed ho constaten fonts municipals.<\/p>\n<p>Es tracta de la primera actuaci\u00f3 que t\u00e9 lloc en aquest enclavament despr\u00e9s de diversos anys en qu\u00e8 el projecte ha estat paralitzat. Uns treballs necessaris perqu\u00e8 l&#039;empresa adjudicat\u00e0ria de la concessi\u00f3 Marina PortBlanc pugui prendre possessi\u00f3 dels terrenys i comenci les <strong>obres d&#039;adequaci\u00f3 i modernitzaci\u00f3 d&#039;aquesta zona del litoral calp\u00ed<\/strong>.<\/p>\n<p>Tot i aix\u00f2, encara queden pendents dos tr\u00e0mits necessaris perqu\u00e8 la mercantil pugui iniciar els treballs: d&#039;una banda, que Conselleria aprovi el projecte de construcci\u00f3 presentat per l&#039;empresa, i de l&#039;altra, que concedeixi a aquesta l&#039;acta de lliurament de b\u00e9ns, \u00e9s dir, dels terrenys.<\/p>\n<p>Des de l?ajuntament l?alcaldessa, Ana Sala, assenyala que, tot i que encara es desconeix quan comen\u00e7aran les obres, el fet que comencin a retirar-se aquests vaixells \u00e9s un pas molt important. La mun\u00edcipe confia que estigui propera la data en qu\u00e8 l&#039;empresa pugui iniciar els treballs.<\/p>\n<p>Es tracta d&#039;un projecte que porta un retard de dos anys ja que les obres havien d&#039;haver comen\u00e7at el 2021 i estava previst que el nou port obr\u00eds les portes l&#039;estiu del 2022. No obstant, va ser paralitzat per un problema de l\u00edmits entre les administracions que va ser resolt a l&#039;agost del 2022 quan Costes va donar el vistiplau a les modificacions de les l\u00ednies d&#039;adscripci\u00f3 que va sol\u00b7licitar el mateix Ministeri de Transici\u00f3 Ecol\u00f2gica.<\/p>\n<p>Est\u00e0 previst que l&#039;empresa inverteixi cinc milions d&#039;euros en el projecte i es faran obres tant d&#039;urbanitzaci\u00f3, com d&#039;edificaci\u00f3 i portu\u00e0ries. Marina PortBlanc albergar\u00e0 uns 200 amarratges entre motos d&#039;aigua i embarcacions de fins a 15 m d&#039;eslora, aparcaments, restaurants i zona d&#039;oci.<\/p>","protected":false},"excerpt":{"rendered":"<p>Miramos a Calp, donde la Conselleria de Pol\u00edtica Territorial, Obras P\u00fablicas y Movilidad ha comenzado a retirar los barcos abandonados de Puerto Blanco. As\u00ed lo constatan fuentes municipales. Se trata de la primera actuaci\u00f3n que tiene lugar en este enclave tras varios a\u00f1os en los que el proyecto ha estado paralizado. Unos trabajos necesarios para [&#8230;]<\/p>\n<p><a class=\"btn btn-secondary understrap-read-more-link\" href=\"https:\/\/radiolitoral.com\/ca\/2023\/06\/conselleria-de-obras-publicas-comienza-a-retirar-los-barcos-abandonados-en-puerto-blanco-de-calp\/\">Continua llegint&#8230;<span class=\"screen-reader-text\"> from Conseller\u00eda de Obras P\u00fablicas comienza a retirar los barcos abandonados en Puerto Blanco de Calp<\/span><\/a><\/p>\n","protected":false},"author":21,"featured_media":4214,"comment_status":"open","ping_status":"closed","sticky":false,"template":"","format":"standard","meta":{"_acf_changed":false,"inline_featured_image":false,"footnotes":""},"categories":[100],"tags":[122,773,774],"class_list":["post-4213","post","type-post","status-publish","format-standard","has-post-thumbnail","hentry","category-obras","tag-calp","tag-marina-portblanc","tag-puerto-blanco","cobertura-calp"],"acf":[],"yoast_head":"<!-- This site is optimized with the Yoast SEO plugin v27.5 - https:\/\/yoast.com\/product\/yoast-seo-wordpress\/ -->\n<title>Conseller\u00eda de Obras P\u00fablicas comienza a retirar los barcos abandonados en Puerto Blanco de Calp | R\u00e0dio Litoral<\/title>\n<meta name=\"description\" content=\"Se trata de un proyecto que lleva un retraso de dos a\u00f1os Se trata de un proyecto que lleva un retraso de dos a\u00f1os\" \/>\n<meta name=\"robots\" content=\"index, follow, max-snippet:-1, max-image-preview:large, max-video-preview:-1\" \/>\n<link rel=\"canonical\" href=\"https:\/\/radiolitoral.com\/ca\/2023\/06\/conselleria-dobres-publiques-comenca-a-retirar-els-vaixells-abandonats-al-port-blanc-de-calp\/\" \/>\n<meta property=\"og:locale\" content=\"ca_ES\" \/>\n<meta property=\"og:type\" content=\"article\" \/>\n<meta property=\"og:title\" content=\"Conseller\u00eda de Obras P\u00fablicas comienza a retirar los barcos abandonados en Puerto Blanco de Calp | R\u00e0dio Litoral\" \/>\n<meta property=\"og:description\" content=\"Se trata de un proyecto que lleva un retraso de dos a\u00f1os Se trata de un proyecto que lleva un retraso de dos a\u00f1os\" \/>\n<meta property=\"og:url\" content=\"https:\/\/radiolitoral.com\/ca\/2023\/06\/conselleria-dobres-publiques-comenca-a-retirar-els-vaixells-abandonats-al-port-blanc-de-calp\/\" \/>\n<meta property=\"og:site_name\" content=\"R\u00e0dio Litoral\" \/>\n<meta property=\"article:publisher\" content=\"https:\/\/www.facebook.com\/Laradiolitoral\/\" \/>\n<meta property=\"article:published_time\" content=\"2023-06-20T15:13:00+00:00\" \/>\n<meta property=\"article:modified_time\" content=\"2023-06-20T15:13:09+00:00\" \/>\n<meta property=\"og:image\" content=\"https:\/\/media.radiolitoral.com\/wp-content\/uploads\/2023\/06\/20170457\/Retirada-barcos-Puerto-Blanco-1-653x490-1.jpg\" \/>\n\t<meta property=\"og:image:width\" content=\"653\" \/>\n\t<meta property=\"og:image:height\" content=\"490\" \/>\n\t<meta property=\"og:image:type\" content=\"image\/jpeg\" \/>\n<meta name=\"author\" content=\"Mel Pescuezo\" \/>\n<meta name=\"twitter:card\" content=\"summary_large_image\" \/>\n<meta name=\"twitter:label1\" content=\"Escrit per\" \/>\n\t<meta name=\"twitter:data1\" content=\"Mel Pescuezo\" \/>\n\t<meta name=\"twitter:label2\" content=\"Temps estimat de lectura\" \/>\n\t<meta name=\"twitter:data2\" content=\"2 minuts\" \/>\n<script type=\"application\/ld+json\" class=\"yoast-schema-graph\">{\"@context\":\"https:\\\/\\\/schema.org\",\"@graph\":[{\"@type\":\"NewsArticle\",\"@id\":\"https:\\\/\\\/radiolitoral.com\\\/2023\\\/06\\\/conselleria-de-obras-publicas-comienza-a-retirar-los-barcos-abandonados-en-puerto-blanco-de-calp\\\/#article\",\"isPartOf\":{\"@id\":\"https:\\\/\\\/radiolitoral.com\\\/2023\\\/06\\\/conselleria-de-obras-publicas-comienza-a-retirar-los-barcos-abandonados-en-puerto-blanco-de-calp\\\/\"},\"author\":{\"name\":\"Mel Pescuezo\",\"@id\":\"https:\\\/\\\/radiolitoral.com\\\/#\\\/schema\\\/person\\\/aad4f72efa404f85b68e832d24cac059\"},\"headline\":\"Conseller\u00eda de Obras P\u00fablicas comienza a retirar los barcos abandonados en Puerto Blanco de Calp\",\"datePublished\":\"2023-06-20T15:13:00+00:00\",\"dateModified\":\"2023-06-20T15:13:09+00:00\",\"mainEntityOfPage\":{\"@id\":\"https:\\\/\\\/radiolitoral.com\\\/2023\\\/06\\\/conselleria-de-obras-publicas-comienza-a-retirar-los-barcos-abandonados-en-puerto-blanco-de-calp\\\/\"},\"wordCount\":348,\"commentCount\":0,\"publisher\":{\"@id\":\"https:\\\/\\\/radiolitoral.com\\\/#organization\"},\"image\":{\"@id\":\"https:\\\/\\\/radiolitoral.com\\\/2023\\\/06\\\/conselleria-de-obras-publicas-comienza-a-retirar-los-barcos-abandonados-en-puerto-blanco-de-calp\\\/#primaryimage\"},\"thumbnailUrl\":\"https:\\\/\\\/media.radiolitoral.com\\\/wp-content\\\/uploads\\\/2023\\\/06\\\/20170457\\\/Retirada-barcos-Puerto-Blanco-1-653x490-1.jpg\",\"keywords\":[\"Calp\",\"Marina PortBlanc\",\"Puerto Blanco\"],\"articleSection\":[\"Obras\"],\"inLanguage\":\"ca\",\"potentialAction\":[{\"@type\":\"CommentAction\",\"name\":\"Comment\",\"target\":[\"https:\\\/\\\/radiolitoral.com\\\/2023\\\/06\\\/conselleria-de-obras-publicas-comienza-a-retirar-los-barcos-abandonados-en-puerto-blanco-de-calp\\\/#respond\"]}]},{\"@type\":[\"WebPage\",\"ItemPage\"],\"@id\":\"https:\\\/\\\/radiolitoral.com\\\/2023\\\/06\\\/conselleria-de-obras-publicas-comienza-a-retirar-los-barcos-abandonados-en-puerto-blanco-de-calp\\\/\",\"url\":\"https:\\\/\\\/radiolitoral.com\\\/2023\\\/06\\\/conselleria-de-obras-publicas-comienza-a-retirar-los-barcos-abandonados-en-puerto-blanco-de-calp\\\/\",\"name\":\"Conseller\u00eda de Obras P\u00fablicas comienza a retirar los barcos abandonados en Puerto Blanco de Calp | R\u00e0dio Litoral\",\"isPartOf\":{\"@id\":\"https:\\\/\\\/radiolitoral.com\\\/#website\"},\"primaryImageOfPage\":{\"@id\":\"https:\\\/\\\/radiolitoral.com\\\/2023\\\/06\\\/conselleria-de-obras-publicas-comienza-a-retirar-los-barcos-abandonados-en-puerto-blanco-de-calp\\\/#primaryimage\"},\"image\":{\"@id\":\"https:\\\/\\\/radiolitoral.com\\\/2023\\\/06\\\/conselleria-de-obras-publicas-comienza-a-retirar-los-barcos-abandonados-en-puerto-blanco-de-calp\\\/#primaryimage\"},\"thumbnailUrl\":\"https:\\\/\\\/media.radiolitoral.com\\\/wp-content\\\/uploads\\\/2023\\\/06\\\/20170457\\\/Retirada-barcos-Puerto-Blanco-1-653x490-1.jpg\",\"datePublished\":\"2023-06-20T15:13:00+00:00\",\"dateModified\":\"2023-06-20T15:13:09+00:00\",\"description\":\"Se trata de un proyecto que lleva un retraso de dos a\u00f1os Se trata de un proyecto que lleva un retraso de dos a\u00f1os\",\"breadcrumb\":{\"@id\":\"https:\\\/\\\/radiolitoral.com\\\/2023\\\/06\\\/conselleria-de-obras-publicas-comienza-a-retirar-los-barcos-abandonados-en-puerto-blanco-de-calp\\\/#breadcrumb\"},\"inLanguage\":\"ca\",\"potentialAction\":[{\"@type\":\"ReadAction\",\"target\":[\"https:\\\/\\\/radiolitoral.com\\\/2023\\\/06\\\/conselleria-de-obras-publicas-comienza-a-retirar-los-barcos-abandonados-en-puerto-blanco-de-calp\\\/\"]}]},{\"@type\":\"ImageObject\",\"inLanguage\":\"ca\",\"@id\":\"https:\\\/\\\/radiolitoral.com\\\/2023\\\/06\\\/conselleria-de-obras-publicas-comienza-a-retirar-los-barcos-abandonados-en-puerto-blanco-de-calp\\\/#primaryimage\",\"url\":\"https:\\\/\\\/media.radiolitoral.com\\\/wp-content\\\/uploads\\\/2023\\\/06\\\/20170457\\\/Retirada-barcos-Puerto-Blanco-1-653x490-1.jpg\",\"contentUrl\":\"https:\\\/\\\/media.radiolitoral.com\\\/wp-content\\\/uploads\\\/2023\\\/06\\\/20170457\\\/Retirada-barcos-Puerto-Blanco-1-653x490-1.jpg\",\"width\":653,\"height\":490},{\"@type\":\"BreadcrumbList\",\"@id\":\"https:\\\/\\\/radiolitoral.com\\\/2023\\\/06\\\/conselleria-de-obras-publicas-comienza-a-retirar-los-barcos-abandonados-en-puerto-blanco-de-calp\\\/#breadcrumb\",\"itemListElement\":[{\"@type\":\"ListItem\",\"position\":1,\"name\":\"Portada\",\"item\":\"https:\\\/\\\/radiolitoral.com\\\/\"},{\"@type\":\"ListItem\",\"position\":2,\"name\":\"Conseller\u00eda de Obras P\u00fablicas comienza a retirar los barcos abandonados en Puerto Blanco de Calp\"}]},{\"@type\":\"WebSite\",\"@id\":\"https:\\\/\\\/radiolitoral.com\\\/#website\",\"url\":\"https:\\\/\\\/radiolitoral.com\\\/\",\"name\":\"Radio Litoral\",\"description\":\"La radio local de la Marina Alta\",\"publisher\":{\"@id\":\"https:\\\/\\\/radiolitoral.com\\\/#organization\"},\"alternateName\":\"Litoral FM\",\"potentialAction\":[{\"@type\":\"SearchAction\",\"target\":{\"@type\":\"EntryPoint\",\"urlTemplate\":\"https:\\\/\\\/radiolitoral.com\\\/?s={search_term_string}\"},\"query-input\":{\"@type\":\"PropertyValueSpecification\",\"valueRequired\":true,\"valueName\":\"search_term_string\"}}],\"inLanguage\":\"ca\"},{\"@type\":\"Organization\",\"@id\":\"https:\\\/\\\/radiolitoral.com\\\/#organization\",\"name\":\"Radio Litoral\",\"url\":\"https:\\\/\\\/radiolitoral.com\\\/\",\"logo\":{\"@type\":\"ImageObject\",\"inLanguage\":\"ca\",\"@id\":\"https:\\\/\\\/radiolitoral.com\\\/#\\\/schema\\\/logo\\\/image\\\/\",\"url\":\"https:\\\/\\\/media.radiolitoral.com\\\/wp-content\\\/uploads\\\/2023\\\/02\\\/24143238\\\/CL-V-RadioLitoral696.png\",\"contentUrl\":\"https:\\\/\\\/media.radiolitoral.com\\\/wp-content\\\/uploads\\\/2023\\\/02\\\/24143238\\\/CL-V-RadioLitoral696.png\",\"width\":696,\"height\":696,\"caption\":\"Radio Litoral\"},\"image\":{\"@id\":\"https:\\\/\\\/radiolitoral.com\\\/#\\\/schema\\\/logo\\\/image\\\/\"},\"sameAs\":[\"https:\\\/\\\/www.facebook.com\\\/Laradiolitoral\\\/\"]},{\"@type\":\"Person\",\"@id\":\"https:\\\/\\\/radiolitoral.com\\\/#\\\/schema\\\/person\\\/aad4f72efa404f85b68e832d24cac059\",\"name\":\"Mel Pescuezo\",\"image\":{\"@type\":\"ImageObject\",\"inLanguage\":\"ca\",\"@id\":\"https:\\\/\\\/secure.gravatar.com\\\/avatar\\\/993975ae489c70cb0dd9bfa9413a082f0bd276582dac13661af7b33f161e7eea?s=96&d=mm&r=g\",\"url\":\"https:\\\/\\\/secure.gravatar.com\\\/avatar\\\/993975ae489c70cb0dd9bfa9413a082f0bd276582dac13661af7b33f161e7eea?s=96&d=mm&r=g\",\"contentUrl\":\"https:\\\/\\\/secure.gravatar.com\\\/avatar\\\/993975ae489c70cb0dd9bfa9413a082f0bd276582dac13661af7b33f161e7eea?s=96&d=mm&r=g\",\"caption\":\"Mel Pescuezo\"},\"url\":\"https:\\\/\\\/radiolitoral.com\\\/ca\\\/author\\\/serviciospararadios\\\/\"}]}<\/script>\n<!-- \/ Yoast SEO plugin. -->","yoast_head_json":{"title":"Conselleria d&#039;Obres P\u00fabliques comen\u00e7a a retirar els vaixells abandonats a Puerto Blanco de Calp | R\u00e0dio Litoral","description":"Es tracta d\u00b4un projecte que porta un retard de dos anys Es tracta d\u00b4un projecte que porta un retard de dos anys","robots":{"index":"index","follow":"follow","max-snippet":"max-snippet:-1","max-image-preview":"max-image-preview:large","max-video-preview":"max-video-preview:-1"},"canonical":"https:\/\/radiolitoral.com\/ca\/2023\/06\/conselleria-dobres-publiques-comenca-a-retirar-els-vaixells-abandonats-al-port-blanc-de-calp\/","og_locale":"ca_ES","og_type":"article","og_title":"Conseller\u00eda de Obras P\u00fablicas comienza a retirar los barcos abandonados en Puerto Blanco de Calp | R\u00e0dio Litoral","og_description":"Se trata de un proyecto que lleva un retraso de dos a\u00f1os Se trata de un proyecto que lleva un retraso de dos a\u00f1os","og_url":"https:\/\/radiolitoral.com\/ca\/2023\/06\/conselleria-dobres-publiques-comenca-a-retirar-els-vaixells-abandonats-al-port-blanc-de-calp\/","og_site_name":"R\u00e0dio Litoral","article_publisher":"https:\/\/www.facebook.com\/Laradiolitoral\/","article_published_time":"2023-06-20T15:13:00+00:00","article_modified_time":"2023-06-20T15:13:09+00:00","og_image":[{"width":653,"height":490,"url":"https:\/\/media.radiolitoral.com\/wp-content\/uploads\/2023\/06\/20170457\/Retirada-barcos-Puerto-Blanco-1-653x490-1.jpg","type":"image\/jpeg"}],"author":"Mel Pescuezo","twitter_card":"summary_large_image","twitter_misc":{"Escrit per":"Mel Pescuezo","Temps estimat de lectura":"2 minuts"},"schema":{"@context":"https:\/\/schema.org","@graph":[{"@type":"NewsArticle","@id":"https:\/\/radiolitoral.com\/2023\/06\/conselleria-de-obras-publicas-comienza-a-retirar-los-barcos-abandonados-en-puerto-blanco-de-calp\/#article","isPartOf":{"@id":"https:\/\/radiolitoral.com\/2023\/06\/conselleria-de-obras-publicas-comienza-a-retirar-los-barcos-abandonados-en-puerto-blanco-de-calp\/"},"author":{"name":"Mel Pescuezo","@id":"https:\/\/radiolitoral.com\/#\/schema\/person\/aad4f72efa404f85b68e832d24cac059"},"headline":"Conseller\u00eda de Obras P\u00fablicas comienza a retirar los barcos abandonados en Puerto Blanco de Calp","datePublished":"2023-06-20T15:13:00+00:00","dateModified":"2023-06-20T15:13:09+00:00","mainEntityOfPage":{"@id":"https:\/\/radiolitoral.com\/2023\/06\/conselleria-de-obras-publicas-comienza-a-retirar-los-barcos-abandonados-en-puerto-blanco-de-calp\/"},"wordCount":348,"commentCount":0,"publisher":{"@id":"https:\/\/radiolitoral.com\/#organization"},"image":{"@id":"https:\/\/radiolitoral.com\/2023\/06\/conselleria-de-obras-publicas-comienza-a-retirar-los-barcos-abandonados-en-puerto-blanco-de-calp\/#primaryimage"},"thumbnailUrl":"https:\/\/media.radiolitoral.com\/wp-content\/uploads\/2023\/06\/20170457\/Retirada-barcos-Puerto-Blanco-1-653x490-1.jpg","keywords":["Calp","Marina PortBlanc","Puerto Blanco"],"articleSection":["Obras"],"inLanguage":"ca","potentialAction":[{"@type":"CommentAction","name":"Comment","target":["https:\/\/radiolitoral.com\/2023\/06\/conselleria-de-obras-publicas-comienza-a-retirar-los-barcos-abandonados-en-puerto-blanco-de-calp\/#respond"]}]},{"@type":["WebPage","ItemPage"],"@id":"https:\/\/radiolitoral.com\/2023\/06\/conselleria-de-obras-publicas-comienza-a-retirar-los-barcos-abandonados-en-puerto-blanco-de-calp\/","url":"https:\/\/radiolitoral.com\/2023\/06\/conselleria-de-obras-publicas-comienza-a-retirar-los-barcos-abandonados-en-puerto-blanco-de-calp\/","name":"Conselleria d&#039;Obres P\u00fabliques comen\u00e7a a retirar els vaixells abandonats a Puerto Blanco de Calp | R\u00e0dio Litoral","isPartOf":{"@id":"https:\/\/radiolitoral.com\/#website"},"primaryImageOfPage":{"@id":"https:\/\/radiolitoral.com\/2023\/06\/conselleria-de-obras-publicas-comienza-a-retirar-los-barcos-abandonados-en-puerto-blanco-de-calp\/#primaryimage"},"image":{"@id":"https:\/\/radiolitoral.com\/2023\/06\/conselleria-de-obras-publicas-comienza-a-retirar-los-barcos-abandonados-en-puerto-blanco-de-calp\/#primaryimage"},"thumbnailUrl":"https:\/\/media.radiolitoral.com\/wp-content\/uploads\/2023\/06\/20170457\/Retirada-barcos-Puerto-Blanco-1-653x490-1.jpg","datePublished":"2023-06-20T15:13:00+00:00","dateModified":"2023-06-20T15:13:09+00:00","description":"Es tracta d\u00b4un projecte que porta un retard de dos anys Es tracta d\u00b4un projecte que porta un retard de dos anys","breadcrumb":{"@id":"https:\/\/radiolitoral.com\/2023\/06\/conselleria-de-obras-publicas-comienza-a-retirar-los-barcos-abandonados-en-puerto-blanco-de-calp\/#breadcrumb"},"inLanguage":"ca","potentialAction":[{"@type":"ReadAction","target":["https:\/\/radiolitoral.com\/2023\/06\/conselleria-de-obras-publicas-comienza-a-retirar-los-barcos-abandonados-en-puerto-blanco-de-calp\/"]}]},{"@type":"ImageObject","inLanguage":"ca","@id":"https:\/\/radiolitoral.com\/2023\/06\/conselleria-de-obras-publicas-comienza-a-retirar-los-barcos-abandonados-en-puerto-blanco-de-calp\/#primaryimage","url":"https:\/\/media.radiolitoral.com\/wp-content\/uploads\/2023\/06\/20170457\/Retirada-barcos-Puerto-Blanco-1-653x490-1.jpg","contentUrl":"https:\/\/media.radiolitoral.com\/wp-content\/uploads\/2023\/06\/20170457\/Retirada-barcos-Puerto-Blanco-1-653x490-1.jpg","width":653,"height":490},{"@type":"BreadcrumbList","@id":"https:\/\/radiolitoral.com\/2023\/06\/conselleria-de-obras-publicas-comienza-a-retirar-los-barcos-abandonados-en-puerto-blanco-de-calp\/#breadcrumb","itemListElement":[{"@type":"ListItem","position":1,"name":"Portada","item":"https:\/\/radiolitoral.com\/"},{"@type":"ListItem","position":2,"name":"Conseller\u00eda de Obras P\u00fablicas comienza a retirar los barcos abandonados en Puerto Blanco de Calp"}]},{"@type":"WebSite","@id":"https:\/\/radiolitoral.com\/#website","url":"https:\/\/radiolitoral.com\/","name":"R\u00e0dio Litoral","description":"La r\u00e0dio local de la Marina Alta","publisher":{"@id":"https:\/\/radiolitoral.com\/#organization"},"alternateName":"Litoral FM","potentialAction":[{"@type":"SearchAction","target":{"@type":"EntryPoint","urlTemplate":"https:\/\/radiolitoral.com\/?s={search_term_string}"},"query-input":{"@type":"PropertyValueSpecification","valueRequired":true,"valueName":"search_term_string"}}],"inLanguage":"ca"},{"@type":"Organization","@id":"https:\/\/radiolitoral.com\/#organization","name":"R\u00e0dio Litoral","url":"https:\/\/radiolitoral.com\/","logo":{"@type":"ImageObject","inLanguage":"ca","@id":"https:\/\/radiolitoral.com\/#\/schema\/logo\/image\/","url":"https:\/\/media.radiolitoral.com\/wp-content\/uploads\/2023\/02\/24143238\/CL-V-RadioLitoral696.png","contentUrl":"https:\/\/media.radiolitoral.com\/wp-content\/uploads\/2023\/02\/24143238\/CL-V-RadioLitoral696.png","width":696,"height":696,"caption":"Radio Litoral"},"image":{"@id":"https:\/\/radiolitoral.com\/#\/schema\/logo\/image\/"},"sameAs":["https:\/\/www.facebook.com\/Laradiolitoral\/"]},{"@type":"Person","@id":"https:\/\/radiolitoral.com\/#\/schema\/person\/aad4f72efa404f85b68e832d24cac059","name":"Mel Pescuezo","image":{"@type":"ImageObject","inLanguage":"ca","@id":"https:\/\/secure.gravatar.com\/avatar\/993975ae489c70cb0dd9bfa9413a082f0bd276582dac13661af7b33f161e7eea?s=96&d=mm&r=g","url":"https:\/\/secure.gravatar.com\/avatar\/993975ae489c70cb0dd9bfa9413a082f0bd276582dac13661af7b33f161e7eea?s=96&d=mm&r=g","contentUrl":"https:\/\/secure.gravatar.com\/avatar\/993975ae489c70cb0dd9bfa9413a082f0bd276582dac13661af7b33f161e7eea?s=96&d=mm&r=g","caption":"Mel Pescuezo"},"url":"https:\/\/radiolitoral.com\/ca\/author\/serviciospararadios\/"}]}},"_links":{"self":[{"href":"https:\/\/radiolitoral.com\/ca\/wp-json\/wp\/v2\/posts\/4213","targetHints":{"allow":["GET"]}}],"collection":[{"href":"https:\/\/radiolitoral.com\/ca\/wp-json\/wp\/v2\/posts"}],"about":[{"href":"https:\/\/radiolitoral.com\/ca\/wp-json\/wp\/v2\/types\/post"}],"author":[{"embeddable":true,"href":"https:\/\/radiolitoral.com\/ca\/wp-json\/wp\/v2\/users\/21"}],"replies":[{"embeddable":true,"href":"https:\/\/radiolitoral.com\/ca\/wp-json\/wp\/v2\/comments?post=4213"}],"version-history":[{"count":1,"href":"https:\/\/radiolitoral.com\/ca\/wp-json\/wp\/v2\/posts\/4213\/revisions"}],"predecessor-version":[{"id":4215,"href":"https:\/\/radiolitoral.com\/ca\/wp-json\/wp\/v2\/posts\/4213\/revisions\/4215"}],"wp:featuredmedia":[{"embeddable":true,"href":"https:\/\/radiolitoral.com\/ca\/wp-json\/wp\/v2\/media\/4214"}],"wp:attachment":[{"href":"https:\/\/radiolitoral.com\/ca\/wp-json\/wp\/v2\/media?parent=4213"}],"wp:term":[{"taxonomy":"category","embeddable":true,"href":"https:\/\/radiolitoral.com\/ca\/wp-json\/wp\/v2\/categories?post=4213"},{"taxonomy":"post_tag","embeddable":true,"href":"https:\/\/radiolitoral.com\/ca\/wp-json\/wp\/v2\/tags?post=4213"}],"curies":[{"name":"wp","href":"https:\/\/api.w.org\/{rel}","templated":true}]}}