{"id":4212,"date":"2023-06-20T18:21:25","date_gmt":"2023-06-20T16:21:25","guid":{"rendered":"https:\/\/radiolitoral.com\/?p=4212"},"modified":"2023-06-20T18:23:19","modified_gmt":"2023-06-20T16:23:19","slug":"benissa-rep-la-bandera-qualitur","status":"publish","type":"post","link":"https:\/\/radiolitoral.com\/ca\/2023\/06\/benissa-recibe-la-bandera-qualitur\/","title":{"rendered":"Benissa rep la bandera Qualitur"},"content":{"rendered":"<p>Benissa acaba de rebre la bandera Qualitur. Un guard\u00f3 que com subratllen des de l&#039;ajuntament, converteix el municipi en una destinaci\u00f3 referent a la Comunitat Valenciana.<\/p>\n<p>Un estendard que lliura Turisme CV, i que han rebut <strong>un total de 90 platges i cales del litoral de la Costa Blanca<\/strong>. La Bandera Qualitur reconeix l&#039;esfor\u00e7 dels municipis que ofereixen platges amb aig\u00fces netes i sorres cuidades, mesures de vigil\u00e0ncia, serveis higi\u00e8nics, equipaments l\u00fadics, mesures de protecci\u00f3 ambiental i la garantia de la seva accessibilitat universal.<\/p>\n<p>Al costat de Benissa, a la Marina Alta, tamb\u00e9 podr\u00e0 lluir aquest estendard D\u00e9nia.<\/p>\n<p>Aquest estiu lluiran la Bandera Qualitur un total de <strong>204 platges i cales de 39 municipis de la Comunitat<\/strong> valenciana en reconeixement a la seua aposta per l&#039;excel\u00b7l\u00e8ncia, tant de qualitat, medi ambient o accessibilitat.<\/p>","protected":false},"excerpt":{"rendered":"<p>Benissa acaba de recibir la bandera Qualitur. Un galard\u00f3n que como subrayan desde el ayuntamiento, convierte al municipio en un destino referente en la Comunitat Valenciana. Un estandarte que entrega Turisme CV, y que han recibido un total de 90 playas y calas del litoral de la Costa Blanca. La Bandera Qualitur reconoce el esfuerzo [&#8230;]<\/p>\n<p><a class=\"btn btn-secondary understrap-read-more-link\" href=\"https:\/\/radiolitoral.com\/ca\/2023\/06\/benissa-recibe-la-bandera-qualitur\/\">Continua llegint&#8230;<span class=\"screen-reader-text\"> from Benissa recibe la bandera Qualitur<\/span><\/a><\/p>\n","protected":false},"author":13,"featured_media":4221,"comment_status":"open","ping_status":"closed","sticky":false,"template":"","format":"standard","meta":{"_acf_changed":false,"inline_featured_image":false,"footnotes":""},"categories":[144],"tags":[665],"class_list":["post-4212","post","type-post","status-publish","format-standard","has-post-thumbnail","hentry","category-turismo","tag-banderas-azules","cobertura-benissa"],"acf":[],"yoast_head":"<!-- This site is optimized with the Yoast SEO plugin v27.5 - https:\/\/yoast.com\/product\/yoast-seo-wordpress\/ -->\n<title>Benissa recibe la bandera Qualitur | R\u00e0dio Litoral<\/title>\n<meta name=\"description\" content=\"Un total de 90 playas y calas del litoral de la Costa Blanca han recibido el distintivo Un total de 90 playas y calas del litoral de la Costa Blanca han recibido el distintivo\" \/>\n<meta name=\"robots\" content=\"index, follow, max-snippet:-1, max-image-preview:large, max-video-preview:-1\" \/>\n<link rel=\"canonical\" href=\"https:\/\/radiolitoral.com\/ca\/2023\/06\/benissa-rep-la-bandera-qualitur\/\" \/>\n<meta property=\"og:locale\" content=\"ca_ES\" \/>\n<meta property=\"og:type\" content=\"article\" \/>\n<meta property=\"og:title\" content=\"Benissa recibe la bandera Qualitur | R\u00e0dio Litoral\" \/>\n<meta property=\"og:description\" content=\"Un total de 90 playas y calas del litoral de la Costa Blanca han recibido el distintivo Un total de 90 playas y calas del litoral de la Costa Blanca han recibido el distintivo\" \/>\n<meta property=\"og:url\" content=\"https:\/\/radiolitoral.com\/ca\/2023\/06\/benissa-rep-la-bandera-qualitur\/\" \/>\n<meta property=\"og:site_name\" content=\"R\u00e0dio Litoral\" \/>\n<meta property=\"article:publisher\" content=\"https:\/\/www.facebook.com\/Laradiolitoral\/\" \/>\n<meta property=\"article:published_time\" content=\"2023-06-20T16:21:25+00:00\" \/>\n<meta property=\"article:modified_time\" content=\"2023-06-20T16:23:19+00:00\" \/>\n<meta property=\"og:image\" content=\"https:\/\/media.radiolitoral.com\/wp-content\/uploads\/2023\/06\/20181057\/be-nissa-1024x594.png\" \/>\n\t<meta property=\"og:image:width\" content=\"1024\" \/>\n\t<meta property=\"og:image:height\" content=\"594\" \/>\n\t<meta property=\"og:image:type\" content=\"image\/png\" \/>\n<meta name=\"author\" content=\"Redacci\u00f3n\" \/>\n<meta name=\"twitter:card\" content=\"summary_large_image\" \/>\n<meta name=\"twitter:label1\" content=\"Escrit per\" \/>\n\t<meta name=\"twitter:data1\" content=\"Redacci\u00f3n\" \/>\n\t<meta name=\"twitter:label2\" content=\"Temps estimat de lectura\" \/>\n\t<meta name=\"twitter:data2\" content=\"1 minut\" \/>\n<script type=\"application\/ld+json\" class=\"yoast-schema-graph\">{\"@context\":\"https:\\\/\\\/schema.org\",\"@graph\":[{\"@type\":\"NewsArticle\",\"@id\":\"https:\\\/\\\/radiolitoral.com\\\/2023\\\/06\\\/benissa-recibe-la-bandera-qualitur\\\/#article\",\"isPartOf\":{\"@id\":\"https:\\\/\\\/radiolitoral.com\\\/2023\\\/06\\\/benissa-recibe-la-bandera-qualitur\\\/\"},\"author\":{\"name\":\"Redacci\u00f3n\",\"@id\":\"https:\\\/\\\/radiolitoral.com\\\/#\\\/schema\\\/person\\\/f2b2343c49b5d721857cc1002bfdb151\"},\"headline\":\"Benissa recibe la bandera Qualitur\",\"datePublished\":\"2023-06-20T16:21:25+00:00\",\"dateModified\":\"2023-06-20T16:23:19+00:00\",\"mainEntityOfPage\":{\"@id\":\"https:\\\/\\\/radiolitoral.com\\\/2023\\\/06\\\/benissa-recibe-la-bandera-qualitur\\\/\"},\"wordCount\":143,\"commentCount\":0,\"publisher\":{\"@id\":\"https:\\\/\\\/radiolitoral.com\\\/#organization\"},\"image\":{\"@id\":\"https:\\\/\\\/radiolitoral.com\\\/2023\\\/06\\\/benissa-recibe-la-bandera-qualitur\\\/#primaryimage\"},\"thumbnailUrl\":\"https:\\\/\\\/media.radiolitoral.com\\\/wp-content\\\/uploads\\\/2023\\\/06\\\/20181057\\\/be-nissa.png\",\"keywords\":[\"Banderas Azules\"],\"articleSection\":[\"Turismo\"],\"inLanguage\":\"ca\",\"potentialAction\":[{\"@type\":\"CommentAction\",\"name\":\"Comment\",\"target\":[\"https:\\\/\\\/radiolitoral.com\\\/2023\\\/06\\\/benissa-recibe-la-bandera-qualitur\\\/#respond\"]}]},{\"@type\":[\"WebPage\",\"ItemPage\"],\"@id\":\"https:\\\/\\\/radiolitoral.com\\\/2023\\\/06\\\/benissa-recibe-la-bandera-qualitur\\\/\",\"url\":\"https:\\\/\\\/radiolitoral.com\\\/2023\\\/06\\\/benissa-recibe-la-bandera-qualitur\\\/\",\"name\":\"Benissa recibe la bandera Qualitur | R\u00e0dio Litoral\",\"isPartOf\":{\"@id\":\"https:\\\/\\\/radiolitoral.com\\\/#website\"},\"primaryImageOfPage\":{\"@id\":\"https:\\\/\\\/radiolitoral.com\\\/2023\\\/06\\\/benissa-recibe-la-bandera-qualitur\\\/#primaryimage\"},\"image\":{\"@id\":\"https:\\\/\\\/radiolitoral.com\\\/2023\\\/06\\\/benissa-recibe-la-bandera-qualitur\\\/#primaryimage\"},\"thumbnailUrl\":\"https:\\\/\\\/media.radiolitoral.com\\\/wp-content\\\/uploads\\\/2023\\\/06\\\/20181057\\\/be-nissa.png\",\"datePublished\":\"2023-06-20T16:21:25+00:00\",\"dateModified\":\"2023-06-20T16:23:19+00:00\",\"description\":\"Un total de 90 playas y calas del litoral de la Costa Blanca han recibido el distintivo Un total de 90 playas y calas del litoral de la Costa Blanca han recibido el distintivo\",\"breadcrumb\":{\"@id\":\"https:\\\/\\\/radiolitoral.com\\\/2023\\\/06\\\/benissa-recibe-la-bandera-qualitur\\\/#breadcrumb\"},\"inLanguage\":\"ca\",\"potentialAction\":[{\"@type\":\"ReadAction\",\"target\":[\"https:\\\/\\\/radiolitoral.com\\\/2023\\\/06\\\/benissa-recibe-la-bandera-qualitur\\\/\"]}]},{\"@type\":\"ImageObject\",\"inLanguage\":\"ca\",\"@id\":\"https:\\\/\\\/radiolitoral.com\\\/2023\\\/06\\\/benissa-recibe-la-bandera-qualitur\\\/#primaryimage\",\"url\":\"https:\\\/\\\/media.radiolitoral.com\\\/wp-content\\\/uploads\\\/2023\\\/06\\\/20181057\\\/be-nissa.png\",\"contentUrl\":\"https:\\\/\\\/media.radiolitoral.com\\\/wp-content\\\/uploads\\\/2023\\\/06\\\/20181057\\\/be-nissa.png\",\"width\":1706,\"height\":990},{\"@type\":\"BreadcrumbList\",\"@id\":\"https:\\\/\\\/radiolitoral.com\\\/2023\\\/06\\\/benissa-recibe-la-bandera-qualitur\\\/#breadcrumb\",\"itemListElement\":[{\"@type\":\"ListItem\",\"position\":1,\"name\":\"Portada\",\"item\":\"https:\\\/\\\/radiolitoral.com\\\/\"},{\"@type\":\"ListItem\",\"position\":2,\"name\":\"Benissa recibe la bandera Qualitur\"}]},{\"@type\":\"WebSite\",\"@id\":\"https:\\\/\\\/radiolitoral.com\\\/#website\",\"url\":\"https:\\\/\\\/radiolitoral.com\\\/\",\"name\":\"Radio Litoral\",\"description\":\"La radio local de la Marina Alta\",\"publisher\":{\"@id\":\"https:\\\/\\\/radiolitoral.com\\\/#organization\"},\"alternateName\":\"Litoral FM\",\"potentialAction\":[{\"@type\":\"SearchAction\",\"target\":{\"@type\":\"EntryPoint\",\"urlTemplate\":\"https:\\\/\\\/radiolitoral.com\\\/?s={search_term_string}\"},\"query-input\":{\"@type\":\"PropertyValueSpecification\",\"valueRequired\":true,\"valueName\":\"search_term_string\"}}],\"inLanguage\":\"ca\"},{\"@type\":\"Organization\",\"@id\":\"https:\\\/\\\/radiolitoral.com\\\/#organization\",\"name\":\"Radio Litoral\",\"url\":\"https:\\\/\\\/radiolitoral.com\\\/\",\"logo\":{\"@type\":\"ImageObject\",\"inLanguage\":\"ca\",\"@id\":\"https:\\\/\\\/radiolitoral.com\\\/#\\\/schema\\\/logo\\\/image\\\/\",\"url\":\"https:\\\/\\\/media.radiolitoral.com\\\/wp-content\\\/uploads\\\/2023\\\/02\\\/24143238\\\/CL-V-RadioLitoral696.png\",\"contentUrl\":\"https:\\\/\\\/media.radiolitoral.com\\\/wp-content\\\/uploads\\\/2023\\\/02\\\/24143238\\\/CL-V-RadioLitoral696.png\",\"width\":696,\"height\":696,\"caption\":\"Radio Litoral\"},\"image\":{\"@id\":\"https:\\\/\\\/radiolitoral.com\\\/#\\\/schema\\\/logo\\\/image\\\/\"},\"sameAs\":[\"https:\\\/\\\/www.facebook.com\\\/Laradiolitoral\\\/\"]},{\"@type\":\"Person\",\"@id\":\"https:\\\/\\\/radiolitoral.com\\\/#\\\/schema\\\/person\\\/f2b2343c49b5d721857cc1002bfdb151\",\"name\":\"Redacci\u00f3n\",\"image\":{\"@type\":\"ImageObject\",\"inLanguage\":\"ca\",\"@id\":\"https:\\\/\\\/secure.gravatar.com\\\/avatar\\\/f771d896c203ad8b3382d7905cfcce5a5c9b008b84b3cd9114e9b9f4cb63f789?s=96&d=mm&r=g\",\"url\":\"https:\\\/\\\/secure.gravatar.com\\\/avatar\\\/f771d896c203ad8b3382d7905cfcce5a5c9b008b84b3cd9114e9b9f4cb63f789?s=96&d=mm&r=g\",\"contentUrl\":\"https:\\\/\\\/secure.gravatar.com\\\/avatar\\\/f771d896c203ad8b3382d7905cfcce5a5c9b008b84b3cd9114e9b9f4cb63f789?s=96&d=mm&r=g\",\"caption\":\"Redacci\u00f3n\"},\"url\":\"https:\\\/\\\/radiolitoral.com\\\/ca\\\/author\\\/miriam-pagan\\\/\"}]}<\/script>\n<!-- \/ Yoast SEO plugin. -->","yoast_head_json":{"title":"Benissa rep la bandera Qualitur | R\u00e0dio Litoral","description":"Un total de 90 platges i cales del litoral de la Costa Blanca han rebut el distintiu Un total de 90 platges i cales del litoral de la Costa Blanca han rebut el distintiu","robots":{"index":"index","follow":"follow","max-snippet":"max-snippet:-1","max-image-preview":"max-image-preview:large","max-video-preview":"max-video-preview:-1"},"canonical":"https:\/\/radiolitoral.com\/ca\/2023\/06\/benissa-rep-la-bandera-qualitur\/","og_locale":"ca_ES","og_type":"article","og_title":"Benissa recibe la bandera Qualitur | R\u00e0dio Litoral","og_description":"Un total de 90 playas y calas del litoral de la Costa Blanca han recibido el distintivo Un total de 90 playas y calas del litoral de la Costa Blanca han recibido el distintivo","og_url":"https:\/\/radiolitoral.com\/ca\/2023\/06\/benissa-rep-la-bandera-qualitur\/","og_site_name":"R\u00e0dio Litoral","article_publisher":"https:\/\/www.facebook.com\/Laradiolitoral\/","article_published_time":"2023-06-20T16:21:25+00:00","article_modified_time":"2023-06-20T16:23:19+00:00","og_image":[{"width":1024,"height":594,"url":"https:\/\/media.radiolitoral.com\/wp-content\/uploads\/2023\/06\/20181057\/be-nissa-1024x594.png","type":"image\/png"}],"author":"Redacci\u00f3n","twitter_card":"summary_large_image","twitter_misc":{"Escrit per":"Redacci\u00f3n","Temps estimat de lectura":"1 minut"},"schema":{"@context":"https:\/\/schema.org","@graph":[{"@type":"NewsArticle","@id":"https:\/\/radiolitoral.com\/2023\/06\/benissa-recibe-la-bandera-qualitur\/#article","isPartOf":{"@id":"https:\/\/radiolitoral.com\/2023\/06\/benissa-recibe-la-bandera-qualitur\/"},"author":{"name":"Redacci\u00f3n","@id":"https:\/\/radiolitoral.com\/#\/schema\/person\/f2b2343c49b5d721857cc1002bfdb151"},"headline":"Benissa recibe la bandera Qualitur","datePublished":"2023-06-20T16:21:25+00:00","dateModified":"2023-06-20T16:23:19+00:00","mainEntityOfPage":{"@id":"https:\/\/radiolitoral.com\/2023\/06\/benissa-recibe-la-bandera-qualitur\/"},"wordCount":143,"commentCount":0,"publisher":{"@id":"https:\/\/radiolitoral.com\/#organization"},"image":{"@id":"https:\/\/radiolitoral.com\/2023\/06\/benissa-recibe-la-bandera-qualitur\/#primaryimage"},"thumbnailUrl":"https:\/\/media.radiolitoral.com\/wp-content\/uploads\/2023\/06\/20181057\/be-nissa.png","keywords":["Banderas Azules"],"articleSection":["Turismo"],"inLanguage":"ca","potentialAction":[{"@type":"CommentAction","name":"Comment","target":["https:\/\/radiolitoral.com\/2023\/06\/benissa-recibe-la-bandera-qualitur\/#respond"]}]},{"@type":["WebPage","ItemPage"],"@id":"https:\/\/radiolitoral.com\/2023\/06\/benissa-recibe-la-bandera-qualitur\/","url":"https:\/\/radiolitoral.com\/2023\/06\/benissa-recibe-la-bandera-qualitur\/","name":"Benissa rep la bandera Qualitur | R\u00e0dio Litoral","isPartOf":{"@id":"https:\/\/radiolitoral.com\/#website"},"primaryImageOfPage":{"@id":"https:\/\/radiolitoral.com\/2023\/06\/benissa-recibe-la-bandera-qualitur\/#primaryimage"},"image":{"@id":"https:\/\/radiolitoral.com\/2023\/06\/benissa-recibe-la-bandera-qualitur\/#primaryimage"},"thumbnailUrl":"https:\/\/media.radiolitoral.com\/wp-content\/uploads\/2023\/06\/20181057\/be-nissa.png","datePublished":"2023-06-20T16:21:25+00:00","dateModified":"2023-06-20T16:23:19+00:00","description":"Un total de 90 platges i cales del litoral de la Costa Blanca han rebut el distintiu Un total de 90 platges i cales del litoral de la Costa Blanca han rebut el distintiu","breadcrumb":{"@id":"https:\/\/radiolitoral.com\/2023\/06\/benissa-recibe-la-bandera-qualitur\/#breadcrumb"},"inLanguage":"ca","potentialAction":[{"@type":"ReadAction","target":["https:\/\/radiolitoral.com\/2023\/06\/benissa-recibe-la-bandera-qualitur\/"]}]},{"@type":"ImageObject","inLanguage":"ca","@id":"https:\/\/radiolitoral.com\/2023\/06\/benissa-recibe-la-bandera-qualitur\/#primaryimage","url":"https:\/\/media.radiolitoral.com\/wp-content\/uploads\/2023\/06\/20181057\/be-nissa.png","contentUrl":"https:\/\/media.radiolitoral.com\/wp-content\/uploads\/2023\/06\/20181057\/be-nissa.png","width":1706,"height":990},{"@type":"BreadcrumbList","@id":"https:\/\/radiolitoral.com\/2023\/06\/benissa-recibe-la-bandera-qualitur\/#breadcrumb","itemListElement":[{"@type":"ListItem","position":1,"name":"Portada","item":"https:\/\/radiolitoral.com\/"},{"@type":"ListItem","position":2,"name":"Benissa recibe la bandera Qualitur"}]},{"@type":"WebSite","@id":"https:\/\/radiolitoral.com\/#website","url":"https:\/\/radiolitoral.com\/","name":"R\u00e0dio Litoral","description":"La r\u00e0dio local de la Marina Alta","publisher":{"@id":"https:\/\/radiolitoral.com\/#organization"},"alternateName":"Litoral FM","potentialAction":[{"@type":"SearchAction","target":{"@type":"EntryPoint","urlTemplate":"https:\/\/radiolitoral.com\/?s={search_term_string}"},"query-input":{"@type":"PropertyValueSpecification","valueRequired":true,"valueName":"search_term_string"}}],"inLanguage":"ca"},{"@type":"Organization","@id":"https:\/\/radiolitoral.com\/#organization","name":"R\u00e0dio Litoral","url":"https:\/\/radiolitoral.com\/","logo":{"@type":"ImageObject","inLanguage":"ca","@id":"https:\/\/radiolitoral.com\/#\/schema\/logo\/image\/","url":"https:\/\/media.radiolitoral.com\/wp-content\/uploads\/2023\/02\/24143238\/CL-V-RadioLitoral696.png","contentUrl":"https:\/\/media.radiolitoral.com\/wp-content\/uploads\/2023\/02\/24143238\/CL-V-RadioLitoral696.png","width":696,"height":696,"caption":"Radio Litoral"},"image":{"@id":"https:\/\/radiolitoral.com\/#\/schema\/logo\/image\/"},"sameAs":["https:\/\/www.facebook.com\/Laradiolitoral\/"]},{"@type":"Person","@id":"https:\/\/radiolitoral.com\/#\/schema\/person\/f2b2343c49b5d721857cc1002bfdb151","name":"Redacci\u00f3","image":{"@type":"ImageObject","inLanguage":"ca","@id":"https:\/\/secure.gravatar.com\/avatar\/f771d896c203ad8b3382d7905cfcce5a5c9b008b84b3cd9114e9b9f4cb63f789?s=96&d=mm&r=g","url":"https:\/\/secure.gravatar.com\/avatar\/f771d896c203ad8b3382d7905cfcce5a5c9b008b84b3cd9114e9b9f4cb63f789?s=96&d=mm&r=g","contentUrl":"https:\/\/secure.gravatar.com\/avatar\/f771d896c203ad8b3382d7905cfcce5a5c9b008b84b3cd9114e9b9f4cb63f789?s=96&d=mm&r=g","caption":"Redacci\u00f3n"},"url":"https:\/\/radiolitoral.com\/ca\/author\/miriam-pagan\/"}]}},"_links":{"self":[{"href":"https:\/\/radiolitoral.com\/ca\/wp-json\/wp\/v2\/posts\/4212","targetHints":{"allow":["GET"]}}],"collection":[{"href":"https:\/\/radiolitoral.com\/ca\/wp-json\/wp\/v2\/posts"}],"about":[{"href":"https:\/\/radiolitoral.com\/ca\/wp-json\/wp\/v2\/types\/post"}],"author":[{"embeddable":true,"href":"https:\/\/radiolitoral.com\/ca\/wp-json\/wp\/v2\/users\/13"}],"replies":[{"embeddable":true,"href":"https:\/\/radiolitoral.com\/ca\/wp-json\/wp\/v2\/comments?post=4212"}],"version-history":[{"count":3,"href":"https:\/\/radiolitoral.com\/ca\/wp-json\/wp\/v2\/posts\/4212\/revisions"}],"predecessor-version":[{"id":4224,"href":"https:\/\/radiolitoral.com\/ca\/wp-json\/wp\/v2\/posts\/4212\/revisions\/4224"}],"wp:featuredmedia":[{"embeddable":true,"href":"https:\/\/radiolitoral.com\/ca\/wp-json\/wp\/v2\/media\/4221"}],"wp:attachment":[{"href":"https:\/\/radiolitoral.com\/ca\/wp-json\/wp\/v2\/media?parent=4212"}],"wp:term":[{"taxonomy":"category","embeddable":true,"href":"https:\/\/radiolitoral.com\/ca\/wp-json\/wp\/v2\/categories?post=4212"},{"taxonomy":"post_tag","embeddable":true,"href":"https:\/\/radiolitoral.com\/ca\/wp-json\/wp\/v2\/tags?post=4212"}],"curies":[{"name":"wp","href":"https:\/\/api.w.org\/{rel}","templated":true}]}}