{"id":4186,"date":"2023-06-19T16:29:58","date_gmt":"2023-06-19T14:29:58","guid":{"rendered":"https:\/\/radiolitoral.com\/?p=4186"},"modified":"2023-06-19T16:34:58","modified_gmt":"2023-06-19T14:34:58","slug":"sobre-el-dispositiu-especial-per-prevenir-incendis","status":"publish","type":"post","link":"https:\/\/radiolitoral.com\/ca\/2023\/06\/se-abre-el-dispositivo-especial-para-prevenir-incendios\/","title":{"rendered":"S&#039;obre el dispositiu especial per prevenir incendis"},"content":{"rendered":"<p>Les temperatures que s&#039;estan registrant aquests dies ens recorden com estem a prop de l&#039;estiu. Temporada on augmenta el risc d&#039;incendis forestals. Des del Consorci Provincial de Bombers de la Diputaci\u00f3 s&#039;ha posat en marxa, un dispositiu especial, que romandr\u00e0 en funcionament fins al 17 de setembre que inclou retens nocturns, retens fixos i itinerants i un segon helic\u00f2pter, per tal de prevenir incendis com el de la Vall d&#039;Ebo.<\/p>\n<p>Tamb\u00e9 est\u00e0 previst fer gu\u00e0rdies localitzades per, en cas de necessitat, facilitar la incorporaci\u00f3 immediata de personal.<\/p>\n<p>Fonts de la instituci\u00f3 expliquen que l&#039;operatiu estival compta amb una inversi\u00f3 d&#039;1,1 milions d&#039;euros i que el seu objectiu principal \u00e9s garantir una intervenci\u00f3 m\u00e9s r\u00e0pida i efica\u00e7 davant dels incendis o qualsevol altre tipus de sinistres.<\/p>\n<p>El diputat responsable de l&#039;\u00e0rea, Javier Sendra, ha remarcat que l&#039;incendi que l&#039;estiu passat va assolar La Vall d&#039;Ebo i el seu entorn ha motivat la posada en marxa d&#039;aquesta mesura preventiva encaminada a reduir el temps de resposta i, aix\u00ed, les conseq\u00fc\u00e8ncies d&#039;aquest tipus d&#039;incidents motivats per raigs que, tot i que aparentment no causen danys, al cap d&#039;unes hores poden provocar un incendi.<\/p>\n<audio class=\"wp-audio-shortcode\" id=\"audio-4186-1\" preload=\"none\" style=\"width: 100%;\" controls=\"controls\"><source type=\"audio\/mpeg\" src=\"https:\/\/media.radiolitoral.com\/wp-content\/uploads\/2023\/06\/19161728\/Javier-Sendra.mp3?_=1\" \/><a href=\"https:\/\/media.radiolitoral.com\/wp-content\/uploads\/2023\/06\/19161728\/Javier-Sendra.mp3\">https:\/\/media.radiolitoral.com\/wp-content\/uploads\/2023\/06\/19161728\/Javier-Sendra.mp3<\/a><\/audio>\n<p>&nbsp;<\/p>","protected":false},"excerpt":{"rendered":"<p>Las temperaturas que se est\u00e1n registrando estos d\u00edas nos recuerdan lo cerca que estamos del verano. Temporada en la que aumenta el riesgo de incendios forestales. Desde el Consorcio Provincial de Bomberos de la Diputaci\u00f3n se ha puesto en marcha, un dispositivo especial, que permanecer\u00e1 en funcionamiento hasta el 17 de septiembre que incluye retenes [&#8230;]<\/p>\n<p><a class=\"btn btn-secondary understrap-read-more-link\" href=\"https:\/\/radiolitoral.com\/ca\/2023\/06\/se-abre-el-dispositivo-especial-para-prevenir-incendios\/\">Continua llegint&#8230;<span class=\"screen-reader-text\"> from Se abre el dispositivo especial para prevenir incendios<\/span><\/a><\/p>\n","protected":false},"author":21,"featured_media":4188,"comment_status":"open","ping_status":"closed","sticky":false,"template":"","format":"standard","meta":{"_acf_changed":false,"inline_featured_image":false,"footnotes":""},"categories":[71],"tags":[],"class_list":["post-4186","post","type-post","status-publish","format-standard","has-post-thumbnail","hentry","category-informacion-de-servicios","cobertura-vall-debo"],"acf":[],"yoast_head":"<!-- This site is optimized with the Yoast SEO plugin v27.5 - https:\/\/yoast.com\/product\/yoast-seo-wordpress\/ -->\n<title>Se abre el dispositivo especial para prevenir incendios | R\u00e0dio Litoral<\/title>\n<meta name=\"description\" content=\"Hasta el 17 de septiembre se incluyen retenes nocturnos, retenes fijos e itinerantes y un segundo helic\u00f3ptero Hasta el 17 de septiembre se incluyen retenes nocturnos, retenes fijos e itinerantes y un segundo helic\u00f3ptero\" \/>\n<meta name=\"robots\" content=\"index, follow, max-snippet:-1, max-image-preview:large, max-video-preview:-1\" \/>\n<link rel=\"canonical\" href=\"https:\/\/radiolitoral.com\/ca\/2023\/06\/sobre-el-dispositiu-especial-per-prevenir-incendis\/\" \/>\n<meta property=\"og:locale\" content=\"ca_ES\" \/>\n<meta property=\"og:type\" content=\"article\" \/>\n<meta property=\"og:title\" content=\"Se abre el dispositivo especial para prevenir incendios | R\u00e0dio Litoral\" \/>\n<meta property=\"og:description\" content=\"Hasta el 17 de septiembre se incluyen retenes nocturnos, retenes fijos e itinerantes y un segundo helic\u00f3ptero Hasta el 17 de septiembre se incluyen retenes nocturnos, retenes fijos e itinerantes y un segundo helic\u00f3ptero\" \/>\n<meta property=\"og:url\" content=\"https:\/\/radiolitoral.com\/ca\/2023\/06\/sobre-el-dispositiu-especial-per-prevenir-incendis\/\" \/>\n<meta property=\"og:site_name\" content=\"R\u00e0dio Litoral\" \/>\n<meta property=\"article:publisher\" content=\"https:\/\/www.facebook.com\/Laradiolitoral\/\" \/>\n<meta property=\"article:published_time\" content=\"2023-06-19T14:29:58+00:00\" \/>\n<meta property=\"article:modified_time\" content=\"2023-06-19T14:34:58+00:00\" \/>\n<meta property=\"og:image\" content=\"https:\/\/media.radiolitoral.com\/wp-content\/uploads\/2023\/06\/19161926\/ebo.jpeg\" \/>\n\t<meta property=\"og:image:width\" content=\"948\" \/>\n\t<meta property=\"og:image:height\" content=\"465\" \/>\n\t<meta property=\"og:image:type\" content=\"image\/jpeg\" \/>\n<meta name=\"author\" content=\"Mel Pescuezo\" \/>\n<meta name=\"twitter:card\" content=\"summary_large_image\" \/>\n<meta name=\"twitter:label1\" content=\"Escrit per\" \/>\n\t<meta name=\"twitter:data1\" content=\"Mel Pescuezo\" \/>\n\t<meta name=\"twitter:label2\" content=\"Temps estimat de lectura\" \/>\n\t<meta name=\"twitter:data2\" content=\"1 minut\" \/>\n<script type=\"application\/ld+json\" class=\"yoast-schema-graph\">{\"@context\":\"https:\\\/\\\/schema.org\",\"@graph\":[{\"@type\":\"NewsArticle\",\"@id\":\"https:\\\/\\\/radiolitoral.com\\\/2023\\\/06\\\/se-abre-el-dispositivo-especial-para-prevenir-incendios\\\/#article\",\"isPartOf\":{\"@id\":\"https:\\\/\\\/radiolitoral.com\\\/2023\\\/06\\\/se-abre-el-dispositivo-especial-para-prevenir-incendios\\\/\"},\"author\":{\"name\":\"Mel Pescuezo\",\"@id\":\"https:\\\/\\\/radiolitoral.com\\\/#\\\/schema\\\/person\\\/aad4f72efa404f85b68e832d24cac059\"},\"headline\":\"Se abre el dispositivo especial para prevenir incendios\",\"datePublished\":\"2023-06-19T14:29:58+00:00\",\"dateModified\":\"2023-06-19T14:34:58+00:00\",\"mainEntityOfPage\":{\"@id\":\"https:\\\/\\\/radiolitoral.com\\\/2023\\\/06\\\/se-abre-el-dispositivo-especial-para-prevenir-incendios\\\/\"},\"wordCount\":232,\"commentCount\":0,\"publisher\":{\"@id\":\"https:\\\/\\\/radiolitoral.com\\\/#organization\"},\"image\":{\"@id\":\"https:\\\/\\\/radiolitoral.com\\\/2023\\\/06\\\/se-abre-el-dispositivo-especial-para-prevenir-incendios\\\/#primaryimage\"},\"thumbnailUrl\":\"https:\\\/\\\/media.radiolitoral.com\\\/wp-content\\\/uploads\\\/2023\\\/06\\\/19161926\\\/ebo.jpeg\",\"articleSection\":[\"Informaci\u00f3n de Servicios\"],\"inLanguage\":\"ca\",\"potentialAction\":[{\"@type\":\"CommentAction\",\"name\":\"Comment\",\"target\":[\"https:\\\/\\\/radiolitoral.com\\\/2023\\\/06\\\/se-abre-el-dispositivo-especial-para-prevenir-incendios\\\/#respond\"]}]},{\"@type\":[\"WebPage\",\"ItemPage\"],\"@id\":\"https:\\\/\\\/radiolitoral.com\\\/2023\\\/06\\\/se-abre-el-dispositivo-especial-para-prevenir-incendios\\\/\",\"url\":\"https:\\\/\\\/radiolitoral.com\\\/2023\\\/06\\\/se-abre-el-dispositivo-especial-para-prevenir-incendios\\\/\",\"name\":\"Se abre el dispositivo especial para prevenir incendios | R\u00e0dio Litoral\",\"isPartOf\":{\"@id\":\"https:\\\/\\\/radiolitoral.com\\\/#website\"},\"primaryImageOfPage\":{\"@id\":\"https:\\\/\\\/radiolitoral.com\\\/2023\\\/06\\\/se-abre-el-dispositivo-especial-para-prevenir-incendios\\\/#primaryimage\"},\"image\":{\"@id\":\"https:\\\/\\\/radiolitoral.com\\\/2023\\\/06\\\/se-abre-el-dispositivo-especial-para-prevenir-incendios\\\/#primaryimage\"},\"thumbnailUrl\":\"https:\\\/\\\/media.radiolitoral.com\\\/wp-content\\\/uploads\\\/2023\\\/06\\\/19161926\\\/ebo.jpeg\",\"datePublished\":\"2023-06-19T14:29:58+00:00\",\"dateModified\":\"2023-06-19T14:34:58+00:00\",\"description\":\"Hasta el 17 de septiembre se incluyen retenes nocturnos, retenes fijos e itinerantes y un segundo helic\u00f3ptero Hasta el 17 de septiembre se incluyen retenes nocturnos, retenes fijos e itinerantes y un segundo helic\u00f3ptero\",\"breadcrumb\":{\"@id\":\"https:\\\/\\\/radiolitoral.com\\\/2023\\\/06\\\/se-abre-el-dispositivo-especial-para-prevenir-incendios\\\/#breadcrumb\"},\"inLanguage\":\"ca\",\"potentialAction\":[{\"@type\":\"ReadAction\",\"target\":[\"https:\\\/\\\/radiolitoral.com\\\/2023\\\/06\\\/se-abre-el-dispositivo-especial-para-prevenir-incendios\\\/\"]}]},{\"@type\":\"ImageObject\",\"inLanguage\":\"ca\",\"@id\":\"https:\\\/\\\/radiolitoral.com\\\/2023\\\/06\\\/se-abre-el-dispositivo-especial-para-prevenir-incendios\\\/#primaryimage\",\"url\":\"https:\\\/\\\/media.radiolitoral.com\\\/wp-content\\\/uploads\\\/2023\\\/06\\\/19161926\\\/ebo.jpeg\",\"contentUrl\":\"https:\\\/\\\/media.radiolitoral.com\\\/wp-content\\\/uploads\\\/2023\\\/06\\\/19161926\\\/ebo.jpeg\",\"width\":948,\"height\":465},{\"@type\":\"BreadcrumbList\",\"@id\":\"https:\\\/\\\/radiolitoral.com\\\/2023\\\/06\\\/se-abre-el-dispositivo-especial-para-prevenir-incendios\\\/#breadcrumb\",\"itemListElement\":[{\"@type\":\"ListItem\",\"position\":1,\"name\":\"Portada\",\"item\":\"https:\\\/\\\/radiolitoral.com\\\/\"},{\"@type\":\"ListItem\",\"position\":2,\"name\":\"Se abre el dispositivo especial para prevenir incendios\"}]},{\"@type\":\"WebSite\",\"@id\":\"https:\\\/\\\/radiolitoral.com\\\/#website\",\"url\":\"https:\\\/\\\/radiolitoral.com\\\/\",\"name\":\"Radio Litoral\",\"description\":\"La radio local de la Marina Alta\",\"publisher\":{\"@id\":\"https:\\\/\\\/radiolitoral.com\\\/#organization\"},\"alternateName\":\"Litoral FM\",\"potentialAction\":[{\"@type\":\"SearchAction\",\"target\":{\"@type\":\"EntryPoint\",\"urlTemplate\":\"https:\\\/\\\/radiolitoral.com\\\/?s={search_term_string}\"},\"query-input\":{\"@type\":\"PropertyValueSpecification\",\"valueRequired\":true,\"valueName\":\"search_term_string\"}}],\"inLanguage\":\"ca\"},{\"@type\":\"Organization\",\"@id\":\"https:\\\/\\\/radiolitoral.com\\\/#organization\",\"name\":\"Radio Litoral\",\"url\":\"https:\\\/\\\/radiolitoral.com\\\/\",\"logo\":{\"@type\":\"ImageObject\",\"inLanguage\":\"ca\",\"@id\":\"https:\\\/\\\/radiolitoral.com\\\/#\\\/schema\\\/logo\\\/image\\\/\",\"url\":\"https:\\\/\\\/media.radiolitoral.com\\\/wp-content\\\/uploads\\\/2023\\\/02\\\/24143238\\\/CL-V-RadioLitoral696.png\",\"contentUrl\":\"https:\\\/\\\/media.radiolitoral.com\\\/wp-content\\\/uploads\\\/2023\\\/02\\\/24143238\\\/CL-V-RadioLitoral696.png\",\"width\":696,\"height\":696,\"caption\":\"Radio Litoral\"},\"image\":{\"@id\":\"https:\\\/\\\/radiolitoral.com\\\/#\\\/schema\\\/logo\\\/image\\\/\"},\"sameAs\":[\"https:\\\/\\\/www.facebook.com\\\/Laradiolitoral\\\/\"]},{\"@type\":\"Person\",\"@id\":\"https:\\\/\\\/radiolitoral.com\\\/#\\\/schema\\\/person\\\/aad4f72efa404f85b68e832d24cac059\",\"name\":\"Mel Pescuezo\",\"image\":{\"@type\":\"ImageObject\",\"inLanguage\":\"ca\",\"@id\":\"https:\\\/\\\/secure.gravatar.com\\\/avatar\\\/993975ae489c70cb0dd9bfa9413a082f0bd276582dac13661af7b33f161e7eea?s=96&d=mm&r=g\",\"url\":\"https:\\\/\\\/secure.gravatar.com\\\/avatar\\\/993975ae489c70cb0dd9bfa9413a082f0bd276582dac13661af7b33f161e7eea?s=96&d=mm&r=g\",\"contentUrl\":\"https:\\\/\\\/secure.gravatar.com\\\/avatar\\\/993975ae489c70cb0dd9bfa9413a082f0bd276582dac13661af7b33f161e7eea?s=96&d=mm&r=g\",\"caption\":\"Mel Pescuezo\"},\"url\":\"https:\\\/\\\/radiolitoral.com\\\/ca\\\/author\\\/serviciospararadios\\\/\"}]}<\/script>\n<!-- \/ Yoast SEO plugin. -->","yoast_head_json":{"title":"S&#039;obre el dispositiu especial per prevenir incendis R\u00e0dio Litoral","description":"Fins al 17 de setembre s&#039;inclouen retens nocturns, retens fixos i itinerants i un segon helic\u00f2pter Fins al 17 de setembre s&#039;inclouen retens nocturns, retens fixos i itinerants i un segon helic\u00f2pter","robots":{"index":"index","follow":"follow","max-snippet":"max-snippet:-1","max-image-preview":"max-image-preview:large","max-video-preview":"max-video-preview:-1"},"canonical":"https:\/\/radiolitoral.com\/ca\/2023\/06\/sobre-el-dispositiu-especial-per-prevenir-incendis\/","og_locale":"ca_ES","og_type":"article","og_title":"Se abre el dispositivo especial para prevenir incendios | R\u00e0dio Litoral","og_description":"Hasta el 17 de septiembre se incluyen retenes nocturnos, retenes fijos e itinerantes y un segundo helic\u00f3ptero Hasta el 17 de septiembre se incluyen retenes nocturnos, retenes fijos e itinerantes y un segundo helic\u00f3ptero","og_url":"https:\/\/radiolitoral.com\/ca\/2023\/06\/sobre-el-dispositiu-especial-per-prevenir-incendis\/","og_site_name":"R\u00e0dio Litoral","article_publisher":"https:\/\/www.facebook.com\/Laradiolitoral\/","article_published_time":"2023-06-19T14:29:58+00:00","article_modified_time":"2023-06-19T14:34:58+00:00","og_image":[{"width":948,"height":465,"url":"https:\/\/media.radiolitoral.com\/wp-content\/uploads\/2023\/06\/19161926\/ebo.jpeg","type":"image\/jpeg"}],"author":"Mel Pescuezo","twitter_card":"summary_large_image","twitter_misc":{"Escrit per":"Mel Pescuezo","Temps estimat de lectura":"1 minut"},"schema":{"@context":"https:\/\/schema.org","@graph":[{"@type":"NewsArticle","@id":"https:\/\/radiolitoral.com\/2023\/06\/se-abre-el-dispositivo-especial-para-prevenir-incendios\/#article","isPartOf":{"@id":"https:\/\/radiolitoral.com\/2023\/06\/se-abre-el-dispositivo-especial-para-prevenir-incendios\/"},"author":{"name":"Mel Pescuezo","@id":"https:\/\/radiolitoral.com\/#\/schema\/person\/aad4f72efa404f85b68e832d24cac059"},"headline":"Se abre el dispositivo especial para prevenir incendios","datePublished":"2023-06-19T14:29:58+00:00","dateModified":"2023-06-19T14:34:58+00:00","mainEntityOfPage":{"@id":"https:\/\/radiolitoral.com\/2023\/06\/se-abre-el-dispositivo-especial-para-prevenir-incendios\/"},"wordCount":232,"commentCount":0,"publisher":{"@id":"https:\/\/radiolitoral.com\/#organization"},"image":{"@id":"https:\/\/radiolitoral.com\/2023\/06\/se-abre-el-dispositivo-especial-para-prevenir-incendios\/#primaryimage"},"thumbnailUrl":"https:\/\/media.radiolitoral.com\/wp-content\/uploads\/2023\/06\/19161926\/ebo.jpeg","articleSection":["Informaci\u00f3n de Servicios"],"inLanguage":"ca","potentialAction":[{"@type":"CommentAction","name":"Comment","target":["https:\/\/radiolitoral.com\/2023\/06\/se-abre-el-dispositivo-especial-para-prevenir-incendios\/#respond"]}]},{"@type":["WebPage","ItemPage"],"@id":"https:\/\/radiolitoral.com\/2023\/06\/se-abre-el-dispositivo-especial-para-prevenir-incendios\/","url":"https:\/\/radiolitoral.com\/2023\/06\/se-abre-el-dispositivo-especial-para-prevenir-incendios\/","name":"S&#039;obre el dispositiu especial per prevenir incendis R\u00e0dio Litoral","isPartOf":{"@id":"https:\/\/radiolitoral.com\/#website"},"primaryImageOfPage":{"@id":"https:\/\/radiolitoral.com\/2023\/06\/se-abre-el-dispositivo-especial-para-prevenir-incendios\/#primaryimage"},"image":{"@id":"https:\/\/radiolitoral.com\/2023\/06\/se-abre-el-dispositivo-especial-para-prevenir-incendios\/#primaryimage"},"thumbnailUrl":"https:\/\/media.radiolitoral.com\/wp-content\/uploads\/2023\/06\/19161926\/ebo.jpeg","datePublished":"2023-06-19T14:29:58+00:00","dateModified":"2023-06-19T14:34:58+00:00","description":"Fins al 17 de setembre s&#039;inclouen retens nocturns, retens fixos i itinerants i un segon helic\u00f2pter Fins al 17 de setembre s&#039;inclouen retens nocturns, retens fixos i itinerants i un segon helic\u00f2pter","breadcrumb":{"@id":"https:\/\/radiolitoral.com\/2023\/06\/se-abre-el-dispositivo-especial-para-prevenir-incendios\/#breadcrumb"},"inLanguage":"ca","potentialAction":[{"@type":"ReadAction","target":["https:\/\/radiolitoral.com\/2023\/06\/se-abre-el-dispositivo-especial-para-prevenir-incendios\/"]}]},{"@type":"ImageObject","inLanguage":"ca","@id":"https:\/\/radiolitoral.com\/2023\/06\/se-abre-el-dispositivo-especial-para-prevenir-incendios\/#primaryimage","url":"https:\/\/media.radiolitoral.com\/wp-content\/uploads\/2023\/06\/19161926\/ebo.jpeg","contentUrl":"https:\/\/media.radiolitoral.com\/wp-content\/uploads\/2023\/06\/19161926\/ebo.jpeg","width":948,"height":465},{"@type":"BreadcrumbList","@id":"https:\/\/radiolitoral.com\/2023\/06\/se-abre-el-dispositivo-especial-para-prevenir-incendios\/#breadcrumb","itemListElement":[{"@type":"ListItem","position":1,"name":"Portada","item":"https:\/\/radiolitoral.com\/"},{"@type":"ListItem","position":2,"name":"Se abre el dispositivo especial para prevenir incendios"}]},{"@type":"WebSite","@id":"https:\/\/radiolitoral.com\/#website","url":"https:\/\/radiolitoral.com\/","name":"R\u00e0dio Litoral","description":"La r\u00e0dio local de la Marina Alta","publisher":{"@id":"https:\/\/radiolitoral.com\/#organization"},"alternateName":"Litoral FM","potentialAction":[{"@type":"SearchAction","target":{"@type":"EntryPoint","urlTemplate":"https:\/\/radiolitoral.com\/?s={search_term_string}"},"query-input":{"@type":"PropertyValueSpecification","valueRequired":true,"valueName":"search_term_string"}}],"inLanguage":"ca"},{"@type":"Organization","@id":"https:\/\/radiolitoral.com\/#organization","name":"R\u00e0dio Litoral","url":"https:\/\/radiolitoral.com\/","logo":{"@type":"ImageObject","inLanguage":"ca","@id":"https:\/\/radiolitoral.com\/#\/schema\/logo\/image\/","url":"https:\/\/media.radiolitoral.com\/wp-content\/uploads\/2023\/02\/24143238\/CL-V-RadioLitoral696.png","contentUrl":"https:\/\/media.radiolitoral.com\/wp-content\/uploads\/2023\/02\/24143238\/CL-V-RadioLitoral696.png","width":696,"height":696,"caption":"Radio Litoral"},"image":{"@id":"https:\/\/radiolitoral.com\/#\/schema\/logo\/image\/"},"sameAs":["https:\/\/www.facebook.com\/Laradiolitoral\/"]},{"@type":"Person","@id":"https:\/\/radiolitoral.com\/#\/schema\/person\/aad4f72efa404f85b68e832d24cac059","name":"Mel Pescuezo","image":{"@type":"ImageObject","inLanguage":"ca","@id":"https:\/\/secure.gravatar.com\/avatar\/993975ae489c70cb0dd9bfa9413a082f0bd276582dac13661af7b33f161e7eea?s=96&d=mm&r=g","url":"https:\/\/secure.gravatar.com\/avatar\/993975ae489c70cb0dd9bfa9413a082f0bd276582dac13661af7b33f161e7eea?s=96&d=mm&r=g","contentUrl":"https:\/\/secure.gravatar.com\/avatar\/993975ae489c70cb0dd9bfa9413a082f0bd276582dac13661af7b33f161e7eea?s=96&d=mm&r=g","caption":"Mel Pescuezo"},"url":"https:\/\/radiolitoral.com\/ca\/author\/serviciospararadios\/"}]}},"_links":{"self":[{"href":"https:\/\/radiolitoral.com\/ca\/wp-json\/wp\/v2\/posts\/4186","targetHints":{"allow":["GET"]}}],"collection":[{"href":"https:\/\/radiolitoral.com\/ca\/wp-json\/wp\/v2\/posts"}],"about":[{"href":"https:\/\/radiolitoral.com\/ca\/wp-json\/wp\/v2\/types\/post"}],"author":[{"embeddable":true,"href":"https:\/\/radiolitoral.com\/ca\/wp-json\/wp\/v2\/users\/21"}],"replies":[{"embeddable":true,"href":"https:\/\/radiolitoral.com\/ca\/wp-json\/wp\/v2\/comments?post=4186"}],"version-history":[{"count":1,"href":"https:\/\/radiolitoral.com\/ca\/wp-json\/wp\/v2\/posts\/4186\/revisions"}],"predecessor-version":[{"id":4189,"href":"https:\/\/radiolitoral.com\/ca\/wp-json\/wp\/v2\/posts\/4186\/revisions\/4189"}],"wp:featuredmedia":[{"embeddable":true,"href":"https:\/\/radiolitoral.com\/ca\/wp-json\/wp\/v2\/media\/4188"}],"wp:attachment":[{"href":"https:\/\/radiolitoral.com\/ca\/wp-json\/wp\/v2\/media?parent=4186"}],"wp:term":[{"taxonomy":"category","embeddable":true,"href":"https:\/\/radiolitoral.com\/ca\/wp-json\/wp\/v2\/categories?post=4186"},{"taxonomy":"post_tag","embeddable":true,"href":"https:\/\/radiolitoral.com\/ca\/wp-json\/wp\/v2\/tags?post=4186"}],"curies":[{"name":"wp","href":"https:\/\/api.w.org\/{rel}","templated":true}]}}