{"id":4126,"date":"2023-06-17T09:27:33","date_gmt":"2023-06-17T07:27:33","guid":{"rendered":"https:\/\/radiolitoral.com\/?p=4126"},"modified":"2023-06-19T18:01:32","modified_gmt":"2023-06-19T16:01:32","slug":"investidura-dalcaldes-a-la-marina-alta-mantenint-informat-en-temps-real-dels-resultats","status":"publish","type":"post","link":"https:\/\/radiolitoral.com\/ca\/2023\/06\/investidura-de-alcaldes-en-la-marina-alta-mantente-informado-en-tiempo-real-de-los-resultados\/","title":{"rendered":"Investidura d&#039;Alcaldes a la Marina Alta: Estigues Informat en Temps Reial dels Resultats"},"content":{"rendered":"<p>Els ajuntaments de la comarca de Marina Alta, a excepci\u00f3 d&#039;Alcalal\u00ed, ja tenen alcaldes i alcaldesses per al per\u00edode 2023-27 despr\u00e9s de les recents sessions d&#039;investidura. El Partit Popular governar\u00e0 a X\u00e0bia, Benissa i Teulada, mentre que el Partit Socialista ho far\u00e0 a D\u00e9nia, Pego i Ondara. Comprom\u00eds tindr\u00e0 el control al Poble Nou, Pedreguer i Gata de Gorgos. Finalment, Som Calp liderar\u00e0 a Calp.<\/p>\n<p>A Ràdio Radio Litoral hem cobert per a tu aquest decisiu mat\u00ed per a la pol\u00edtica de la comarca: Mayca, Amanda, Ra\u00fal, Mar\u00eda Jos\u00e9, Mari\u00e1n, Paula i Carlos. Gr\u00e0cies equip!<\/p>\n<p>13:20h \u2013 El nou equip de govern de Benissa, posant al Taller d\u00b4Ivars despr\u00e9s de l\u00b4elecci\u00f3 de Poquet com a nou alcalde.<\/p>\n<p><img loading=\"lazy\" decoding=\"async\" class=\"alignnone size-medium wp-image-4177\" src=\"https:\/\/media.radiolitoral.com\/wp-content\/uploads\/2023\/06\/17133344\/WhatsApp-Image-2023-06-17-at-13.26.49-300x225.jpeg\" alt=\"\" width=\"300\" height=\"225\" srcset=\"https:\/\/media.radiolitoral.com\/wp-content\/uploads\/2023\/06\/17133344\/WhatsApp-Image-2023-06-17-at-13.26.49-300x225.jpeg 300w, https:\/\/media.radiolitoral.com\/wp-content\/uploads\/2023\/06\/17133344\/WhatsApp-Image-2023-06-17-at-13.26.49-768x576.jpeg 768w, https:\/\/media.radiolitoral.com\/wp-content\/uploads\/2023\/06\/17133344\/WhatsApp-Image-2023-06-17-at-13.26.49-16x12.jpeg 16w, https:\/\/media.radiolitoral.com\/wp-content\/uploads\/2023\/06\/17133344\/WhatsApp-Image-2023-06-17-at-13.26.49-1000x750.jpeg 1000w, https:\/\/media.radiolitoral.com\/wp-content\/uploads\/2023\/06\/17133344\/WhatsApp-Image-2023-06-17-at-13.26.49-100x75.jpeg 100w, https:\/\/media.radiolitoral.com\/wp-content\/uploads\/2023\/06\/17133344\/WhatsApp-Image-2023-06-17-at-13.26.49-200x150.jpeg 200w, https:\/\/media.radiolitoral.com\/wp-content\/uploads\/2023\/06\/17133344\/WhatsApp-Image-2023-06-17-at-13.26.49.jpeg 1024w\" sizes=\"auto, (max-width: 300px) 100vw, 300px\" \/><\/p>\n<p>13:12h \u2013 Ra\u00fal Llobell, flament alcalde de Teulada pel partit Popular, exhibeix el bast\u00f3 de comandament d&#039;alcalde.<\/p>\n<p><img loading=\"lazy\" decoding=\"async\" class=\"alignnone size-medium wp-image-12040\" src=\"https:\/\/media.marinaalta.es\/wp-content\/uploads\/2023\/06\/17131310\/WhatsApp-Image-2023-06-17-at-13.09.55-300x225.jpeg\" alt=\"\" width=\"300\" height=\"225\" \/><\/p>\n<p>13:07h - Pego: el socialista Enrique Moll alcalde. PSPV-PSOE governar\u00e0 en minoria.<br \/>\nPP ha votat en blanc<br \/>\nComprom\u00eds ha votat el seu candidat V\u00edctor Climent.<\/p>\n<p><img loading=\"lazy\" decoding=\"async\" class=\"alignnone size-medium wp-image-12038\" src=\"https:\/\/media.marinaalta.es\/wp-content\/uploads\/2023\/06\/17130727\/WhatsApp-Image-2023-06-17-at-13.06.08-300x225.jpeg\" alt=\"\" width=\"300\" height=\"225\" \/><\/p>\n<p>13:04h \u2013 A Pedreguer, el seu ajuntament tamb\u00e9 ha quedat constitu\u00eft. En aquesta localitat el resultat de la votaci\u00f3 ha estat:<br \/>\nComprom\u00eds: ha votat el seu candidat, Sergi Ferr\u00fas.<br \/>\nPP: ha votat el seu candidat, Juan Gay\u00e0.<br \/>\nPSPV-PSOE: ha votat en blanc.<br \/>\nPer tant, Ferr\u00fas assumeix la vara de comandament amb majoria simple.<\/p>\n<p>13:01h \u2013 En les primeres declaracions com a alcalde, Vicent Grimalt ha reconegut estar emocionat per la confian\u00e7a que els ve\u00efns de D\u00e9nia han dipositat en el seu projecte, aix\u00ed com que \u201cseguir\u00e0 treballant per D\u00e9nia, ja que encara queda molt per fer\u201d . Recordem que Grimalt ha estat elegit amb els vots de la seva formaci\u00f3, el PSOE, Acord per Guanyar i Gent de D\u00e9nia.<\/p>\n<p>12:56h \u2013 L&#039;alcalde Vicent Grimalt amb la vara de comandament.<\/p>\n<p><img loading=\"lazy\" decoding=\"async\" class=\"alignnone size-medium wp-image-12034\" src=\"https:\/\/media.marinaalta.es\/wp-content\/uploads\/2023\/06\/17125626\/WhatsApp-Image-2023-06-17-at-12.26.56-300x225.jpeg\" alt=\"\" width=\"300\" height=\"225\" \/><\/p>\n<p>12:51h \u2013 Miguel \u00c1ngel Garc\u00eda, de M\u00e9s Benitatxell, ja ha estat elegit alcalde del municipi per a la propera legislatura. Amb aquesta, ser\u00e0 la 3a vegada que es posar\u00e0 al comandament del govern local.<\/p>\n<p>12:50h \u2013 A D\u00e9nia, despr\u00e9s de l&#039;elecci\u00f3 de Grimalt, s&#039;estan produint els discursos.<\/p>\n<p>12:49h \u2013 Teulada<\/p>\n<p><img loading=\"lazy\" decoding=\"async\" class=\"alignnone size-medium wp-image-4168\" src=\"https:\/\/media.radiolitoral.com\/wp-content\/uploads\/2023\/06\/17124929\/WhatsApp-Image-2023-06-17-at-12.47.43-300x192.jpeg\" alt=\"\" width=\"300\" height=\"192\" srcset=\"https:\/\/media.radiolitoral.com\/wp-content\/uploads\/2023\/06\/17124929\/WhatsApp-Image-2023-06-17-at-12.47.43-300x192.jpeg 300w, https:\/\/media.radiolitoral.com\/wp-content\/uploads\/2023\/06\/17124929\/WhatsApp-Image-2023-06-17-at-12.47.43-1024x657.jpeg 1024w, https:\/\/media.radiolitoral.com\/wp-content\/uploads\/2023\/06\/17124929\/WhatsApp-Image-2023-06-17-at-12.47.43-768x493.jpeg 768w, https:\/\/media.radiolitoral.com\/wp-content\/uploads\/2023\/06\/17124929\/WhatsApp-Image-2023-06-17-at-12.47.43-1536x986.jpeg 1536w, https:\/\/media.radiolitoral.com\/wp-content\/uploads\/2023\/06\/17124929\/WhatsApp-Image-2023-06-17-at-12.47.43-18x12.jpeg 18w, https:\/\/media.radiolitoral.com\/wp-content\/uploads\/2023\/06\/17124929\/WhatsApp-Image-2023-06-17-at-12.47.43-1000x642.jpeg 1000w, https:\/\/media.radiolitoral.com\/wp-content\/uploads\/2023\/06\/17124929\/WhatsApp-Image-2023-06-17-at-12.47.43-100x64.jpeg 100w, https:\/\/media.radiolitoral.com\/wp-content\/uploads\/2023\/06\/17124929\/WhatsApp-Image-2023-06-17-at-12.47.43-200x128.jpeg 200w, https:\/\/media.radiolitoral.com\/wp-content\/uploads\/2023\/06\/17124929\/WhatsApp-Image-2023-06-17-at-12.47.43.jpeg 2048w\" sizes=\"auto, (max-width: 300px) 100vw, 300px\" \/><\/p>\n<p>12:40h \u2013 Recompte de vots a Calp. 11 vots Ana Sala, 8 C\u00e9sar S\u00e1nchez i 2 Francisco Quiles.<\/p>\n<p><img loading=\"lazy\" decoding=\"async\" class=\"alignnone size-medium wp-image-4163\" src=\"https:\/\/media.radiolitoral.com\/wp-content\/uploads\/2023\/06\/17124140\/WhatsApp-Image-2023-06-17-at-12.39.48-300x224.jpeg\" alt=\"\" width=\"300\" height=\"224\" srcset=\"https:\/\/media.radiolitoral.com\/wp-content\/uploads\/2023\/06\/17124140\/WhatsApp-Image-2023-06-17-at-12.39.48-300x224.jpeg 300w, https:\/\/media.radiolitoral.com\/wp-content\/uploads\/2023\/06\/17124140\/WhatsApp-Image-2023-06-17-at-12.39.48-1024x765.jpeg 1024w, https:\/\/media.radiolitoral.com\/wp-content\/uploads\/2023\/06\/17124140\/WhatsApp-Image-2023-06-17-at-12.39.48-768x574.jpeg 768w, https:\/\/media.radiolitoral.com\/wp-content\/uploads\/2023\/06\/17124140\/WhatsApp-Image-2023-06-17-at-12.39.48-1536x1148.jpeg 1536w, https:\/\/media.radiolitoral.com\/wp-content\/uploads\/2023\/06\/17124140\/WhatsApp-Image-2023-06-17-at-12.39.48-16x12.jpeg 16w, https:\/\/media.radiolitoral.com\/wp-content\/uploads\/2023\/06\/17124140\/WhatsApp-Image-2023-06-17-at-12.39.48-1000x748.jpeg 1000w, https:\/\/media.radiolitoral.com\/wp-content\/uploads\/2023\/06\/17124140\/WhatsApp-Image-2023-06-17-at-12.39.48-100x75.jpeg 100w, https:\/\/media.radiolitoral.com\/wp-content\/uploads\/2023\/06\/17124140\/WhatsApp-Image-2023-06-17-at-12.39.48-200x150.jpeg 200w, https:\/\/media.radiolitoral.com\/wp-content\/uploads\/2023\/06\/17124140\/WhatsApp-Image-2023-06-17-at-12.39.48.jpeg 1600w\" sizes=\"auto, (max-width: 300px) 100vw, 300px\" \/><\/p>\n<p>12:36h \u2013 Arturo Poquet, alcalde electe de Benissa per a 2023-27. Segons estava previst, els 9 regidors del PP han donat l&#039;alcaldia al capdavant de llista. El partit Popular mant\u00e9 el govern en aquesta legislatura.<\/p>\n<p><img loading=\"lazy\" decoding=\"async\" class=\"alignnone size-medium wp-image-4159\" src=\"https:\/\/media.radiolitoral.com\/wp-content\/uploads\/2023\/06\/17123613\/WhatsApp-Image-2023-06-17-at-12.33.51-300x225.jpeg\" alt=\"\" width=\"300\" height=\"225\" srcset=\"https:\/\/media.radiolitoral.com\/wp-content\/uploads\/2023\/06\/17123613\/WhatsApp-Image-2023-06-17-at-12.33.51-300x225.jpeg 300w, https:\/\/media.radiolitoral.com\/wp-content\/uploads\/2023\/06\/17123613\/WhatsApp-Image-2023-06-17-at-12.33.51-768x576.jpeg 768w, https:\/\/media.radiolitoral.com\/wp-content\/uploads\/2023\/06\/17123613\/WhatsApp-Image-2023-06-17-at-12.33.51-16x12.jpeg 16w, https:\/\/media.radiolitoral.com\/wp-content\/uploads\/2023\/06\/17123613\/WhatsApp-Image-2023-06-17-at-12.33.51-1000x750.jpeg 1000w, https:\/\/media.radiolitoral.com\/wp-content\/uploads\/2023\/06\/17123613\/WhatsApp-Image-2023-06-17-at-12.33.51-100x75.jpeg 100w, https:\/\/media.radiolitoral.com\/wp-content\/uploads\/2023\/06\/17123613\/WhatsApp-Image-2023-06-17-at-12.33.51-200x150.jpeg 200w, https:\/\/media.radiolitoral.com\/wp-content\/uploads\/2023\/06\/17123613\/WhatsApp-Image-2023-06-17-at-12.33.51.jpeg 1024w\" sizes=\"auto, (max-width: 300px) 100vw, 300px\" \/><\/p>\n<p>12:34h \u2013 Teulada-Moraria ja t\u00e9 alcalde: Ra\u00fal Llobell, amb els seus 9 regidors (majoria absoluta) ha estat elegit m\u00e0xim representant per a la legislatura 2023-27.<\/p>\n<p>12:25h - Discurs de l&#039;alcalde Poble Nou.<br \/>\n<img loading=\"lazy\" decoding=\"async\" class=\"alignnone size-medium wp-image-4179\" src=\"https:\/\/media.radiolitoral.com\/wp-content\/uploads\/2023\/06\/17135101\/WhatsApp-Image-2023-06-17-at-12.18.29-225x300.jpeg\" alt=\"\" width=\"225\" height=\"300\" srcset=\"https:\/\/media.radiolitoral.com\/wp-content\/uploads\/2023\/06\/17135101\/WhatsApp-Image-2023-06-17-at-12.18.29-225x300.jpeg 225w, https:\/\/media.radiolitoral.com\/wp-content\/uploads\/2023\/06\/17135101\/WhatsApp-Image-2023-06-17-at-12.18.29-768x1024.jpeg 768w, https:\/\/media.radiolitoral.com\/wp-content\/uploads\/2023\/06\/17135101\/WhatsApp-Image-2023-06-17-at-12.18.29-1152x1536.jpeg 1152w, https:\/\/media.radiolitoral.com\/wp-content\/uploads\/2023\/06\/17135101\/WhatsApp-Image-2023-06-17-at-12.18.29-9x12.jpeg 9w, https:\/\/media.radiolitoral.com\/wp-content\/uploads\/2023\/06\/17135101\/WhatsApp-Image-2023-06-17-at-12.18.29-750x1000.jpeg 750w, https:\/\/media.radiolitoral.com\/wp-content\/uploads\/2023\/06\/17135101\/WhatsApp-Image-2023-06-17-at-12.18.29-75x100.jpeg 75w, https:\/\/media.radiolitoral.com\/wp-content\/uploads\/2023\/06\/17135101\/WhatsApp-Image-2023-06-17-at-12.18.29-150x200.jpeg 150w, https:\/\/media.radiolitoral.com\/wp-content\/uploads\/2023\/06\/17135101\/WhatsApp-Image-2023-06-17-at-12.18.29.jpeg 1200w\" sizes=\"auto, (max-width: 225px) 100vw, 225px\" \/><\/p>\n<p>12:24h \u2013 Eleccions a D\u00e9nia acabades: Vicent Grimalt 13 vots, Pepa Font 7 i F\u00e9lix Redondo 1.<\/p>\n<p>12:22h \u2013 Agra\u00eft pel suport que ha rebut en els anys anteriors, i assumeix el resultat de les eleccions de maig passant a l&#039;oposici\u00f3, des d&#039;on es mostrar\u00e0 ferm en la defensa dels interessos del municipi. Segons declaracions de Jos\u00e9 Francisco Chulvi, alcalde pel PSOE des del 2011, \u201ces tanca una etapa del meu viatge, per\u00f2 no \u00e9s la fi del viatge. Estarem treballant pels interessos de X\u00e0bia i ser l&#039;alternativa de govern a la propera legislatura\u201d.<\/p>\n<p>12:20h \u2013 Les primeres sessions d&#039;investidura a La Marina Alta ja han donat les primeres nominacions del mat\u00ed, entre les quals:<br \/>\n\u2022 Ondara: Jos\u00e9 Ramiro (PSOE).<br \/>\n\u2022 X\u00e0bia: Rosa Cardona (PP).<br \/>\n\u2022 Pego: Enric Moll (PSOE).<br \/>\nEn breu prometran o juraran el c\u00e0rrec els de D\u00e9nia, Benissa, Calp i Teulada.<\/p>\n<p>12:16h \u2013 Edils jurant o prometent els seus c\u00e0rrecs a tots els municipis de la comarca que tenies l&#039;acte programat per a les 12 h. D\u00e9nia, Benissa, Teulada, Calp i el Poble Nou en s\u00f3n nom\u00e9s alguns.<\/p>\n<p>12:15h - Tots els pobles de La Marina Alta que tenien prevista la sessi\u00f3 d&#039;investidura a les 12 h ja han comen\u00e7at amb el solemne acte.<\/p>\n<p>12:11h \u2013 A les primeres declaracions de Rosa Cardona (PP) s&#039;ha mostrat agra\u00efda pel suport que ha rebut de la ciutadania de X\u00e0bia, i ha mostrat la seva predisposici\u00f3 per treballar per la localitat costanera de La Marina Alta que, amb ella, canvia de color pol\u00edtic els propers quatre anys.<\/p>\n<p><img loading=\"lazy\" decoding=\"async\" class=\"alignnone size-medium wp-image-4156\" src=\"https:\/\/media.radiolitoral.com\/wp-content\/uploads\/2023\/06\/17122706\/WhatsApp-Image-2023-06-17-at-12.24.20-169x300.jpeg\" alt=\"\" width=\"169\" height=\"300\" srcset=\"https:\/\/media.radiolitoral.com\/wp-content\/uploads\/2023\/06\/17122706\/WhatsApp-Image-2023-06-17-at-12.24.20-169x300.jpeg 169w, https:\/\/media.radiolitoral.com\/wp-content\/uploads\/2023\/06\/17122706\/WhatsApp-Image-2023-06-17-at-12.24.20-576x1024.jpeg 576w, https:\/\/media.radiolitoral.com\/wp-content\/uploads\/2023\/06\/17122706\/WhatsApp-Image-2023-06-17-at-12.24.20-768x1365.jpeg 768w, https:\/\/media.radiolitoral.com\/wp-content\/uploads\/2023\/06\/17122706\/WhatsApp-Image-2023-06-17-at-12.24.20-864x1536.jpeg 864w, https:\/\/media.radiolitoral.com\/wp-content\/uploads\/2023\/06\/17122706\/WhatsApp-Image-2023-06-17-at-12.24.20-7x12.jpeg 7w, https:\/\/media.radiolitoral.com\/wp-content\/uploads\/2023\/06\/17122706\/WhatsApp-Image-2023-06-17-at-12.24.20-563x1000.jpeg 563w, https:\/\/media.radiolitoral.com\/wp-content\/uploads\/2023\/06\/17122706\/WhatsApp-Image-2023-06-17-at-12.24.20-56x100.jpeg 56w, https:\/\/media.radiolitoral.com\/wp-content\/uploads\/2023\/06\/17122706\/WhatsApp-Image-2023-06-17-at-12.24.20-113x200.jpeg 113w, https:\/\/media.radiolitoral.com\/wp-content\/uploads\/2023\/06\/17122706\/WhatsApp-Image-2023-06-17-at-12.24.20.jpeg 900w\" sizes=\"auto, (max-width: 169px) 100vw, 169px\" \/><\/p>\n<p>12:11h \u2013 Teulada ja t\u00e9 la taula d&#039;edat constitu\u00efda, per la qual cosa aviat passaran a prometre o jurar els seus c\u00e0rrecs els diferents regidors, per posteriorment passar a la votaci\u00f3. Aqu\u00ed, que el partit Popular t\u00e9 majoria absoluta, Vicente Ra\u00fal Llobell ser\u00e0 elegit alcalde.<\/p>\n<p>12:07h \u2013 Pego ja t\u00e9 alcalde electe. Enrique Moll, en el c\u00e0rrec des del 2014, ha estat reelegit per majoria simple proper alcalde del municipi per a la legislatura 2023-27 que principia avui.<\/p>\n<p>12:06h \u2013 Marta Gasc\u00f3 prometent c\u00e0rrec a D\u00e9nia.<\/p>\n<p><img loading=\"lazy\" decoding=\"async\" class=\"alignnone size-medium wp-image-11995\" src=\"https:\/\/media.marinaalta.es\/wp-content\/uploads\/2023\/06\/17120613\/WhatsApp-Image-2023-06-17-at-12.04.39-300x169.jpeg\" alt=\"\" width=\"300\" height=\"169\" \/><\/p>\n<p>12:05h \u2013 D\u00e9nia ja t\u00e9 la taula constitu\u00efda tots els regidors estan prometent el c\u00e0rrec en aquest moment. Entre ells, el que ser\u00e0 proper alcalde de la localitat: Vicent Grimalt, del PSOE.<\/p>\n<p><img loading=\"lazy\" decoding=\"async\" class=\"alignnone size-medium wp-image-11994\" src=\"https:\/\/media.marinaalta.es\/wp-content\/uploads\/2023\/06\/17120547\/WhatsApp-Image-2023-06-17-at-12.01.14-300x169.jpeg\" alt=\"\" width=\"300\" height=\"169\" \/><\/p>\n<p>12:03h \u2013 Al Sal\u00f3 d&#039;Actes de l&#039;Ajuntament de D\u00e9nia, des de les 11.30 h en qu\u00e8 s&#039;han obert les portes, ja no hi cap ning\u00fa m\u00e9s. Els edils ja estan entrant i col\u00b7locant-se perqu\u00e8 en breus minuts comenci aquesta sessi\u00f3 d&#039;investidura de Grimalt, que repeteix com a alcalde.<\/p>\n<p>12:00h - El Taller d\u00b4Ivars a Benissa comen\u00e7a a la sessi\u00f3 d\u00b4investidura del seu alcalde, el popular Arturo Poquet. El PP va treure 8 regidors el 28M passat, cosa que significa que amb la seva majoria absoluta no ha necessitat pactes per ser elegit. Un cas similar que t\u00e9 el seu company de partit a Teulada, Vicente Ra\u00fal Llobell.<\/p>\n<p>11:59h \u2013 Rosa Cardona ja \u00e9s la primera alcaldessa de X\u00e0bia. Segons ha expressat la representant de Ciutadans, amb qui han signat un pacte de govern, estan conven\u00e7uts que seran quatre anys molt productius per a la localitat. Des del PP es mostren il\u00b7lusionats per la nova etapa que s&#039;obre avui, en qu\u00e8 treballessin intensament per rellan\u00e7ar l&#039;economia local, segons han manifestat.<\/p>\n<p>11:57h \u2013 Instants abans de la investidura a Calp.<\/p>\n<p><img loading=\"lazy\" decoding=\"async\" class=\"alignnone size-medium wp-image-4140\" src=\"https:\/\/media.radiolitoral.com\/wp-content\/uploads\/2023\/06\/17115728\/WhatsApp-Image-2023-06-17-at-11.41.32-300x224.jpeg\" alt=\"\" width=\"300\" height=\"224\" srcset=\"https:\/\/media.radiolitoral.com\/wp-content\/uploads\/2023\/06\/17115728\/WhatsApp-Image-2023-06-17-at-11.41.32-300x224.jpeg 300w, https:\/\/media.radiolitoral.com\/wp-content\/uploads\/2023\/06\/17115728\/WhatsApp-Image-2023-06-17-at-11.41.32-1024x765.jpeg 1024w, https:\/\/media.radiolitoral.com\/wp-content\/uploads\/2023\/06\/17115728\/WhatsApp-Image-2023-06-17-at-11.41.32-768x574.jpeg 768w, https:\/\/media.radiolitoral.com\/wp-content\/uploads\/2023\/06\/17115728\/WhatsApp-Image-2023-06-17-at-11.41.32-1536x1148.jpeg 1536w, https:\/\/media.radiolitoral.com\/wp-content\/uploads\/2023\/06\/17115728\/WhatsApp-Image-2023-06-17-at-11.41.32-16x12.jpeg 16w, https:\/\/media.radiolitoral.com\/wp-content\/uploads\/2023\/06\/17115728\/WhatsApp-Image-2023-06-17-at-11.41.32-1000x748.jpeg 1000w, https:\/\/media.radiolitoral.com\/wp-content\/uploads\/2023\/06\/17115728\/WhatsApp-Image-2023-06-17-at-11.41.32-100x75.jpeg 100w, https:\/\/media.radiolitoral.com\/wp-content\/uploads\/2023\/06\/17115728\/WhatsApp-Image-2023-06-17-at-11.41.32-200x150.jpeg 200w, https:\/\/media.radiolitoral.com\/wp-content\/uploads\/2023\/06\/17115728\/WhatsApp-Image-2023-06-17-at-11.41.32.jpeg 1600w\" sizes=\"auto, (max-width: 300px) 100vw, 300px\" \/> <img loading=\"lazy\" decoding=\"async\" class=\"alignnone size-medium wp-image-4141\" src=\"https:\/\/media.radiolitoral.com\/wp-content\/uploads\/2023\/06\/17115730\/WhatsApp-Image-2023-06-17-at-11.54.03-224x300.jpeg\" alt=\"\" width=\"224\" height=\"300\" srcset=\"https:\/\/media.radiolitoral.com\/wp-content\/uploads\/2023\/06\/17115730\/WhatsApp-Image-2023-06-17-at-11.54.03-224x300.jpeg 224w, https:\/\/media.radiolitoral.com\/wp-content\/uploads\/2023\/06\/17115730\/WhatsApp-Image-2023-06-17-at-11.54.03-765x1024.jpeg 765w, https:\/\/media.radiolitoral.com\/wp-content\/uploads\/2023\/06\/17115730\/WhatsApp-Image-2023-06-17-at-11.54.03-768x1027.jpeg 768w, https:\/\/media.radiolitoral.com\/wp-content\/uploads\/2023\/06\/17115730\/WhatsApp-Image-2023-06-17-at-11.54.03-1148x1536.jpeg 1148w, https:\/\/media.radiolitoral.com\/wp-content\/uploads\/2023\/06\/17115730\/WhatsApp-Image-2023-06-17-at-11.54.03-9x12.jpeg 9w, https:\/\/media.radiolitoral.com\/wp-content\/uploads\/2023\/06\/17115730\/WhatsApp-Image-2023-06-17-at-11.54.03-748x1000.jpeg 748w, https:\/\/media.radiolitoral.com\/wp-content\/uploads\/2023\/06\/17115730\/WhatsApp-Image-2023-06-17-at-11.54.03-75x100.jpeg 75w, https:\/\/media.radiolitoral.com\/wp-content\/uploads\/2023\/06\/17115730\/WhatsApp-Image-2023-06-17-at-11.54.03-150x200.jpeg 150w, https:\/\/media.radiolitoral.com\/wp-content\/uploads\/2023\/06\/17115730\/WhatsApp-Image-2023-06-17-at-11.54.03.jpeg 1196w\" sizes=\"auto, (max-width: 224px) 100vw, 224px\" \/> <img loading=\"lazy\" decoding=\"async\" class=\"alignnone size-medium wp-image-4142\" src=\"https:\/\/media.radiolitoral.com\/wp-content\/uploads\/2023\/06\/17115731\/WhatsApp-Image-2023-06-17-at-11.51.39-224x300.jpeg\" alt=\"\" width=\"224\" height=\"300\" srcset=\"https:\/\/media.radiolitoral.com\/wp-content\/uploads\/2023\/06\/17115731\/WhatsApp-Image-2023-06-17-at-11.51.39-224x300.jpeg 224w, https:\/\/media.radiolitoral.com\/wp-content\/uploads\/2023\/06\/17115731\/WhatsApp-Image-2023-06-17-at-11.51.39-765x1024.jpeg 765w, https:\/\/media.radiolitoral.com\/wp-content\/uploads\/2023\/06\/17115731\/WhatsApp-Image-2023-06-17-at-11.51.39-768x1027.jpeg 768w, https:\/\/media.radiolitoral.com\/wp-content\/uploads\/2023\/06\/17115731\/WhatsApp-Image-2023-06-17-at-11.51.39-1148x1536.jpeg 1148w, https:\/\/media.radiolitoral.com\/wp-content\/uploads\/2023\/06\/17115731\/WhatsApp-Image-2023-06-17-at-11.51.39-9x12.jpeg 9w, https:\/\/media.radiolitoral.com\/wp-content\/uploads\/2023\/06\/17115731\/WhatsApp-Image-2023-06-17-at-11.51.39-748x1000.jpeg 748w, https:\/\/media.radiolitoral.com\/wp-content\/uploads\/2023\/06\/17115731\/WhatsApp-Image-2023-06-17-at-11.51.39-75x100.jpeg 75w, https:\/\/media.radiolitoral.com\/wp-content\/uploads\/2023\/06\/17115731\/WhatsApp-Image-2023-06-17-at-11.51.39-150x200.jpeg 150w, https:\/\/media.radiolitoral.com\/wp-content\/uploads\/2023\/06\/17115731\/WhatsApp-Image-2023-06-17-at-11.51.39.jpeg 1196w\" sizes=\"auto, (max-width: 224px) 100vw, 224px\" \/><\/p>\n<p>&nbsp;<\/p>\n<p>11:47h \u2013 A Calp, l&#039;aforament ja \u00e9s complet del Sal\u00f3 de Plens que en pocs minuts comen\u00e7ar\u00e0 a la sessi\u00f3 d&#039;investidura del nou alcalde. Segons les previsions, Ana Sala aconseguir\u00e0 el nomenament amb els vots del seu partit (Somos Calpe, 6 regidors), PSOE (3 regidors) i Comprom\u00eds (2).<\/p>\n<p>11:38h \u2013 El socialista Jos\u00e9 Ramiro ja t\u00e9 la vara de comandament a les mans, amb la qual governar\u00e0 el poble d&#039;Ondara els propers quatre anys. Aix\u00f2 ha estat possible per l&#039;acord que el seu partit i Comprom\u00eds (Acord per Guanyar), amb 5 i 3 regidors respectivament, van signar ahir al mat\u00ed, a menys de 24 hores de la sessi\u00f3 d&#039;investidura.<\/p>\n<p>&nbsp;<\/p>\n<p><img loading=\"lazy\" decoding=\"async\" class=\"alignnone size-medium wp-image-4136\" src=\"https:\/\/media.radiolitoral.com\/wp-content\/uploads\/2023\/06\/17113858\/WhatsApp-Image-2023-06-17-at-11.35.32-300x225.jpeg\" alt=\"\" width=\"300\" height=\"225\" srcset=\"https:\/\/media.radiolitoral.com\/wp-content\/uploads\/2023\/06\/17113858\/WhatsApp-Image-2023-06-17-at-11.35.32-300x225.jpeg 300w, https:\/\/media.radiolitoral.com\/wp-content\/uploads\/2023\/06\/17113858\/WhatsApp-Image-2023-06-17-at-11.35.32-1024x768.jpeg 1024w, https:\/\/media.radiolitoral.com\/wp-content\/uploads\/2023\/06\/17113858\/WhatsApp-Image-2023-06-17-at-11.35.32-768x576.jpeg 768w, https:\/\/media.radiolitoral.com\/wp-content\/uploads\/2023\/06\/17113858\/WhatsApp-Image-2023-06-17-at-11.35.32-1536x1152.jpeg 1536w, https:\/\/media.radiolitoral.com\/wp-content\/uploads\/2023\/06\/17113858\/WhatsApp-Image-2023-06-17-at-11.35.32-16x12.jpeg 16w, https:\/\/media.radiolitoral.com\/wp-content\/uploads\/2023\/06\/17113858\/WhatsApp-Image-2023-06-17-at-11.35.32-1000x750.jpeg 1000w, https:\/\/media.radiolitoral.com\/wp-content\/uploads\/2023\/06\/17113858\/WhatsApp-Image-2023-06-17-at-11.35.32-100x75.jpeg 100w, https:\/\/media.radiolitoral.com\/wp-content\/uploads\/2023\/06\/17113858\/WhatsApp-Image-2023-06-17-at-11.35.32-200x150.jpeg 200w, https:\/\/media.radiolitoral.com\/wp-content\/uploads\/2023\/06\/17113858\/WhatsApp-Image-2023-06-17-at-11.35.32.jpeg 2048w\" sizes=\"auto, (max-width: 300px) 100vw, 300px\" \/><\/p>\n<p>11:30h - En aproximadament 30 minuts, D\u00e9nia renovar\u00e0 l&#039;alcaldia amb Vicent Grimalt liderant els propers 3 anys, i el quart any ser\u00e0 per a Rafa Carri\u00f3 de Comprom\u00eds. Tot est\u00e0 preparat per a l&#039;esdeveniment i estarem presents per informar sobre tot el que passi.<\/p>\n<p>&nbsp;<\/p>\n<p>11:24h \u2013 A Ondara l&#039;alcalde fa el jurament.<\/p>\n<p><img loading=\"lazy\" decoding=\"async\" class=\"alignnone size-medium wp-image-4132\" src=\"https:\/\/media.radiolitoral.com\/wp-content\/uploads\/2023\/06\/17112512\/WhatsApp-Image-2023-06-17-at-11.14.30-225x300.jpeg\" alt=\"\" width=\"225\" height=\"300\" srcset=\"https:\/\/media.radiolitoral.com\/wp-content\/uploads\/2023\/06\/17112512\/WhatsApp-Image-2023-06-17-at-11.14.30-225x300.jpeg 225w, https:\/\/media.radiolitoral.com\/wp-content\/uploads\/2023\/06\/17112512\/WhatsApp-Image-2023-06-17-at-11.14.30-768x1024.jpeg 768w, https:\/\/media.radiolitoral.com\/wp-content\/uploads\/2023\/06\/17112512\/WhatsApp-Image-2023-06-17-at-11.14.30-1152x1536.jpeg 1152w, https:\/\/media.radiolitoral.com\/wp-content\/uploads\/2023\/06\/17112512\/WhatsApp-Image-2023-06-17-at-11.14.30-9x12.jpeg 9w, https:\/\/media.radiolitoral.com\/wp-content\/uploads\/2023\/06\/17112512\/WhatsApp-Image-2023-06-17-at-11.14.30-750x1000.jpeg 750w, https:\/\/media.radiolitoral.com\/wp-content\/uploads\/2023\/06\/17112512\/WhatsApp-Image-2023-06-17-at-11.14.30-75x100.jpeg 75w, https:\/\/media.radiolitoral.com\/wp-content\/uploads\/2023\/06\/17112512\/WhatsApp-Image-2023-06-17-at-11.14.30-150x200.jpeg 150w, https:\/\/media.radiolitoral.com\/wp-content\/uploads\/2023\/06\/17112512\/WhatsApp-Image-2023-06-17-at-11.14.30.jpeg 1536w\" sizes=\"auto, (max-width: 225px) 100vw, 225px\" \/><\/p>\n<p>&nbsp;<\/p>\n<p>&nbsp;<\/p>\n<p>11:00h \u2013 El Partit Popular governar\u00e0 sense necessitat de suports externs a Benissa i Teulada-Moraira. En aquesta localitat, dels 7 regidors que va treure a les anteriors eleccions de 2019, han passat a 9 des del passat 28M; mentre que a Benissa tamb\u00e9 va pujar de vots, per la qual cosa dels 8 regidors de 2019 n&#039;ha aconseguit 1 m\u00e9s al maig, quedant el seu grup en 9.<\/p>\n<p>&nbsp;<\/p>\n<p><span style=\"font-weight: 400;\">Totes les novetats sobre aquest 17-J, el dia que consolida els resultats del 28-M<\/span><\/p>\n<p><span style=\"font-weight: 400;\">El nostre equip ja est\u00e0 despla\u00e7at als punts m\u00e9s calents de La Marina Alta per ser els primers a oferir-nos tota la informaci\u00f3 de la jornada. En directe, minut a minut estarem connectats amb les sessions d&#039;investidura m\u00e9s destacades de la comarca.<\/span><\/p>","protected":false},"excerpt":{"rendered":"<p>Los ayuntamientos de la comarca de Marina Alta, con excepci\u00f3n de Alcalal\u00ed, ya tienen alcaldes y alcaldesas para el periodo 2023-27 despu\u00e9s de las sesiones de investidura recientes. El Partido Popular gobernar\u00e1 en X\u00e0bia, Benissa y Teulada, mientras que el Partido Socialista lo har\u00e1 en D\u00e9nia, Pego y Ondara. Comprom\u00eds tendr\u00e1 el control en El [&#8230;]<\/p>\n<p><a class=\"btn btn-secondary understrap-read-more-link\" href=\"https:\/\/radiolitoral.com\/ca\/2023\/06\/investidura-de-alcaldes-en-la-marina-alta-mantente-informado-en-tiempo-real-de-los-resultados\/\">Continua llegint&#8230;<span class=\"screen-reader-text\"> from Investidura de Alcaldes en la Marina Alta: Mantente Informado en Tiempo Real de los Resultados<\/span><\/a><\/p>\n","protected":false},"author":13,"featured_media":4124,"comment_status":"open","ping_status":"closed","sticky":false,"template":"","format":"standard","meta":{"_acf_changed":false,"inline_featured_image":false,"footnotes":""},"categories":[13],"tags":[756],"class_list":["post-4126","post","type-post","status-publish","format-standard","has-post-thumbnail","hentry","category-politica","tag-investidura","cobertura-benissa","cobertura-calp","cobertura-denia","cobertura-ondara","cobertura-poble-nou-de-benitatxell","cobertura-teulada-moraira"],"acf":[],"yoast_head":"<!-- This site is optimized with the Yoast SEO plugin v27.5 - https:\/\/yoast.com\/product\/yoast-seo-wordpress\/ -->\n<title>Investidura de Alcaldes en la Marina Alta: Mantente Informado en Tiempo Real de los Resultados | R\u00e0dio Litoral<\/title>\n<meta name=\"description\" content=\"Todas las novedades sobre este 17-J\" \/>\n<meta name=\"robots\" content=\"index, follow, max-snippet:-1, max-image-preview:large, max-video-preview:-1\" \/>\n<link rel=\"canonical\" href=\"https:\/\/radiolitoral.com\/ca\/2023\/06\/investidura-dalcaldes-a-la-marina-alta-mantenint-informat-en-temps-real-dels-resultats\/\" \/>\n<meta property=\"og:locale\" content=\"ca_ES\" \/>\n<meta property=\"og:type\" content=\"article\" \/>\n<meta property=\"og:title\" content=\"Investidura de Alcaldes en la Marina Alta: Mantente Informado en Tiempo Real de los Resultados | R\u00e0dio Litoral\" \/>\n<meta property=\"og:description\" content=\"Todas las novedades sobre este 17-J\" \/>\n<meta property=\"og:url\" content=\"https:\/\/radiolitoral.com\/ca\/2023\/06\/investidura-dalcaldes-a-la-marina-alta-mantenint-informat-en-temps-real-dels-resultats\/\" \/>\n<meta property=\"og:site_name\" content=\"R\u00e0dio Litoral\" \/>\n<meta property=\"article:publisher\" content=\"https:\/\/www.facebook.com\/Laradiolitoral\/\" \/>\n<meta property=\"article:published_time\" content=\"2023-06-17T07:27:33+00:00\" \/>\n<meta property=\"article:modified_time\" content=\"2023-06-19T16:01:32+00:00\" \/>\n<meta property=\"og:image\" content=\"https:\/\/media.radiolitoral.com\/wp-content\/uploads\/2023\/06\/16230055\/investidura-litoral-17J-scaled.jpg\" \/>\n\t<meta property=\"og:image:width\" content=\"2560\" \/>\n\t<meta property=\"og:image:height\" content=\"1707\" \/>\n\t<meta property=\"og:image:type\" content=\"image\/jpeg\" \/>\n<meta name=\"author\" content=\"Redacci\u00f3n\" \/>\n<meta name=\"twitter:card\" content=\"summary_large_image\" \/>\n<meta name=\"twitter:label1\" content=\"Escrit per\" \/>\n\t<meta name=\"twitter:data1\" content=\"Redacci\u00f3n\" \/>\n\t<meta name=\"twitter:label2\" content=\"Temps estimat de lectura\" \/>\n\t<meta name=\"twitter:data2\" content=\"9 minuts\" \/>\n<script type=\"application\/ld+json\" class=\"yoast-schema-graph\">{\"@context\":\"https:\\\/\\\/schema.org\",\"@graph\":[{\"@type\":\"NewsArticle\",\"@id\":\"https:\\\/\\\/radiolitoral.com\\\/2023\\\/06\\\/investidura-de-alcaldes-en-la-marina-alta-mantente-informado-en-tiempo-real-de-los-resultados\\\/#article\",\"isPartOf\":{\"@id\":\"https:\\\/\\\/radiolitoral.com\\\/2023\\\/06\\\/investidura-de-alcaldes-en-la-marina-alta-mantente-informado-en-tiempo-real-de-los-resultados\\\/\"},\"author\":{\"name\":\"Redacci\u00f3n\",\"@id\":\"https:\\\/\\\/radiolitoral.com\\\/#\\\/schema\\\/person\\\/f2b2343c49b5d721857cc1002bfdb151\"},\"headline\":\"Investidura de Alcaldes en la Marina Alta: Mantente Informado en Tiempo Real de los Resultados\",\"datePublished\":\"2023-06-17T07:27:33+00:00\",\"dateModified\":\"2023-06-19T16:01:32+00:00\",\"mainEntityOfPage\":{\"@id\":\"https:\\\/\\\/radiolitoral.com\\\/2023\\\/06\\\/investidura-de-alcaldes-en-la-marina-alta-mantente-informado-en-tiempo-real-de-los-resultados\\\/\"},\"wordCount\":1380,\"commentCount\":0,\"publisher\":{\"@id\":\"https:\\\/\\\/radiolitoral.com\\\/#organization\"},\"image\":{\"@id\":\"https:\\\/\\\/radiolitoral.com\\\/2023\\\/06\\\/investidura-de-alcaldes-en-la-marina-alta-mantente-informado-en-tiempo-real-de-los-resultados\\\/#primaryimage\"},\"thumbnailUrl\":\"https:\\\/\\\/media.radiolitoral.com\\\/wp-content\\\/uploads\\\/2023\\\/06\\\/16230055\\\/investidura-litoral-17J-scaled.jpg\",\"keywords\":[\"investidura\"],\"articleSection\":[\"Pol\u00edtica\"],\"inLanguage\":\"ca\",\"potentialAction\":[{\"@type\":\"CommentAction\",\"name\":\"Comment\",\"target\":[\"https:\\\/\\\/radiolitoral.com\\\/2023\\\/06\\\/investidura-de-alcaldes-en-la-marina-alta-mantente-informado-en-tiempo-real-de-los-resultados\\\/#respond\"]}]},{\"@type\":[\"WebPage\",\"ItemPage\"],\"@id\":\"https:\\\/\\\/radiolitoral.com\\\/2023\\\/06\\\/investidura-de-alcaldes-en-la-marina-alta-mantente-informado-en-tiempo-real-de-los-resultados\\\/\",\"url\":\"https:\\\/\\\/radiolitoral.com\\\/2023\\\/06\\\/investidura-de-alcaldes-en-la-marina-alta-mantente-informado-en-tiempo-real-de-los-resultados\\\/\",\"name\":\"Investidura de Alcaldes en la Marina Alta: Mantente Informado en Tiempo Real de los Resultados | R\u00e0dio Litoral\",\"isPartOf\":{\"@id\":\"https:\\\/\\\/radiolitoral.com\\\/#website\"},\"primaryImageOfPage\":{\"@id\":\"https:\\\/\\\/radiolitoral.com\\\/2023\\\/06\\\/investidura-de-alcaldes-en-la-marina-alta-mantente-informado-en-tiempo-real-de-los-resultados\\\/#primaryimage\"},\"image\":{\"@id\":\"https:\\\/\\\/radiolitoral.com\\\/2023\\\/06\\\/investidura-de-alcaldes-en-la-marina-alta-mantente-informado-en-tiempo-real-de-los-resultados\\\/#primaryimage\"},\"thumbnailUrl\":\"https:\\\/\\\/media.radiolitoral.com\\\/wp-content\\\/uploads\\\/2023\\\/06\\\/16230055\\\/investidura-litoral-17J-scaled.jpg\",\"datePublished\":\"2023-06-17T07:27:33+00:00\",\"dateModified\":\"2023-06-19T16:01:32+00:00\",\"description\":\"Todas las novedades sobre este 17-J\",\"breadcrumb\":{\"@id\":\"https:\\\/\\\/radiolitoral.com\\\/2023\\\/06\\\/investidura-de-alcaldes-en-la-marina-alta-mantente-informado-en-tiempo-real-de-los-resultados\\\/#breadcrumb\"},\"inLanguage\":\"ca\",\"potentialAction\":[{\"@type\":\"ReadAction\",\"target\":[\"https:\\\/\\\/radiolitoral.com\\\/2023\\\/06\\\/investidura-de-alcaldes-en-la-marina-alta-mantente-informado-en-tiempo-real-de-los-resultados\\\/\"]}]},{\"@type\":\"ImageObject\",\"inLanguage\":\"ca\",\"@id\":\"https:\\\/\\\/radiolitoral.com\\\/2023\\\/06\\\/investidura-de-alcaldes-en-la-marina-alta-mantente-informado-en-tiempo-real-de-los-resultados\\\/#primaryimage\",\"url\":\"https:\\\/\\\/media.radiolitoral.com\\\/wp-content\\\/uploads\\\/2023\\\/06\\\/16230055\\\/investidura-litoral-17J-scaled.jpg\",\"contentUrl\":\"https:\\\/\\\/media.radiolitoral.com\\\/wp-content\\\/uploads\\\/2023\\\/06\\\/16230055\\\/investidura-litoral-17J-scaled.jpg\",\"width\":2560,\"height\":1707},{\"@type\":\"BreadcrumbList\",\"@id\":\"https:\\\/\\\/radiolitoral.com\\\/2023\\\/06\\\/investidura-de-alcaldes-en-la-marina-alta-mantente-informado-en-tiempo-real-de-los-resultados\\\/#breadcrumb\",\"itemListElement\":[{\"@type\":\"ListItem\",\"position\":1,\"name\":\"Portada\",\"item\":\"https:\\\/\\\/radiolitoral.com\\\/\"},{\"@type\":\"ListItem\",\"position\":2,\"name\":\"Investidura de Alcaldes en la Marina Alta: Mantente Informado en Tiempo Real de los Resultados\"}]},{\"@type\":\"WebSite\",\"@id\":\"https:\\\/\\\/radiolitoral.com\\\/#website\",\"url\":\"https:\\\/\\\/radiolitoral.com\\\/\",\"name\":\"Radio Litoral\",\"description\":\"La radio local de la Marina Alta\",\"publisher\":{\"@id\":\"https:\\\/\\\/radiolitoral.com\\\/#organization\"},\"alternateName\":\"Litoral FM\",\"potentialAction\":[{\"@type\":\"SearchAction\",\"target\":{\"@type\":\"EntryPoint\",\"urlTemplate\":\"https:\\\/\\\/radiolitoral.com\\\/?s={search_term_string}\"},\"query-input\":{\"@type\":\"PropertyValueSpecification\",\"valueRequired\":true,\"valueName\":\"search_term_string\"}}],\"inLanguage\":\"ca\"},{\"@type\":\"Organization\",\"@id\":\"https:\\\/\\\/radiolitoral.com\\\/#organization\",\"name\":\"Radio Litoral\",\"url\":\"https:\\\/\\\/radiolitoral.com\\\/\",\"logo\":{\"@type\":\"ImageObject\",\"inLanguage\":\"ca\",\"@id\":\"https:\\\/\\\/radiolitoral.com\\\/#\\\/schema\\\/logo\\\/image\\\/\",\"url\":\"https:\\\/\\\/media.radiolitoral.com\\\/wp-content\\\/uploads\\\/2023\\\/02\\\/24143238\\\/CL-V-RadioLitoral696.png\",\"contentUrl\":\"https:\\\/\\\/media.radiolitoral.com\\\/wp-content\\\/uploads\\\/2023\\\/02\\\/24143238\\\/CL-V-RadioLitoral696.png\",\"width\":696,\"height\":696,\"caption\":\"Radio Litoral\"},\"image\":{\"@id\":\"https:\\\/\\\/radiolitoral.com\\\/#\\\/schema\\\/logo\\\/image\\\/\"},\"sameAs\":[\"https:\\\/\\\/www.facebook.com\\\/Laradiolitoral\\\/\"]},{\"@type\":\"Person\",\"@id\":\"https:\\\/\\\/radiolitoral.com\\\/#\\\/schema\\\/person\\\/f2b2343c49b5d721857cc1002bfdb151\",\"name\":\"Redacci\u00f3n\",\"image\":{\"@type\":\"ImageObject\",\"inLanguage\":\"ca\",\"@id\":\"https:\\\/\\\/secure.gravatar.com\\\/avatar\\\/f771d896c203ad8b3382d7905cfcce5a5c9b008b84b3cd9114e9b9f4cb63f789?s=96&d=mm&r=g\",\"url\":\"https:\\\/\\\/secure.gravatar.com\\\/avatar\\\/f771d896c203ad8b3382d7905cfcce5a5c9b008b84b3cd9114e9b9f4cb63f789?s=96&d=mm&r=g\",\"contentUrl\":\"https:\\\/\\\/secure.gravatar.com\\\/avatar\\\/f771d896c203ad8b3382d7905cfcce5a5c9b008b84b3cd9114e9b9f4cb63f789?s=96&d=mm&r=g\",\"caption\":\"Redacci\u00f3n\"},\"url\":\"https:\\\/\\\/radiolitoral.com\\\/ca\\\/author\\\/miriam-pagan\\\/\"}]}<\/script>\n<!-- \/ Yoast SEO plugin. -->","yoast_head_json":{"title":"Investidura d&#039;Alcaldes a la Marina Alta: Estigues informat en temps real dels resultats | R\u00e0dio Litoral","description":"Totes les novetats sobre aquest 17-J","robots":{"index":"index","follow":"follow","max-snippet":"max-snippet:-1","max-image-preview":"max-image-preview:large","max-video-preview":"max-video-preview:-1"},"canonical":"https:\/\/radiolitoral.com\/ca\/2023\/06\/investidura-dalcaldes-a-la-marina-alta-mantenint-informat-en-temps-real-dels-resultats\/","og_locale":"ca_ES","og_type":"article","og_title":"Investidura de Alcaldes en la Marina Alta: Mantente Informado en Tiempo Real de los Resultados | R\u00e0dio Litoral","og_description":"Todas las novedades sobre este 17-J","og_url":"https:\/\/radiolitoral.com\/ca\/2023\/06\/investidura-dalcaldes-a-la-marina-alta-mantenint-informat-en-temps-real-dels-resultats\/","og_site_name":"R\u00e0dio Litoral","article_publisher":"https:\/\/www.facebook.com\/Laradiolitoral\/","article_published_time":"2023-06-17T07:27:33+00:00","article_modified_time":"2023-06-19T16:01:32+00:00","og_image":[{"width":2560,"height":1707,"url":"https:\/\/media.radiolitoral.com\/wp-content\/uploads\/2023\/06\/16230055\/investidura-litoral-17J-scaled.jpg","type":"image\/jpeg"}],"author":"Redacci\u00f3n","twitter_card":"summary_large_image","twitter_misc":{"Escrit per":"Redacci\u00f3n","Temps estimat de lectura":"9 minuts"},"schema":{"@context":"https:\/\/schema.org","@graph":[{"@type":"NewsArticle","@id":"https:\/\/radiolitoral.com\/2023\/06\/investidura-de-alcaldes-en-la-marina-alta-mantente-informado-en-tiempo-real-de-los-resultados\/#article","isPartOf":{"@id":"https:\/\/radiolitoral.com\/2023\/06\/investidura-de-alcaldes-en-la-marina-alta-mantente-informado-en-tiempo-real-de-los-resultados\/"},"author":{"name":"Redacci\u00f3n","@id":"https:\/\/radiolitoral.com\/#\/schema\/person\/f2b2343c49b5d721857cc1002bfdb151"},"headline":"Investidura de Alcaldes en la Marina Alta: Mantente Informado en Tiempo Real de los Resultados","datePublished":"2023-06-17T07:27:33+00:00","dateModified":"2023-06-19T16:01:32+00:00","mainEntityOfPage":{"@id":"https:\/\/radiolitoral.com\/2023\/06\/investidura-de-alcaldes-en-la-marina-alta-mantente-informado-en-tiempo-real-de-los-resultados\/"},"wordCount":1380,"commentCount":0,"publisher":{"@id":"https:\/\/radiolitoral.com\/#organization"},"image":{"@id":"https:\/\/radiolitoral.com\/2023\/06\/investidura-de-alcaldes-en-la-marina-alta-mantente-informado-en-tiempo-real-de-los-resultados\/#primaryimage"},"thumbnailUrl":"https:\/\/media.radiolitoral.com\/wp-content\/uploads\/2023\/06\/16230055\/investidura-litoral-17J-scaled.jpg","keywords":["investidura"],"articleSection":["Pol\u00edtica"],"inLanguage":"ca","potentialAction":[{"@type":"CommentAction","name":"Comment","target":["https:\/\/radiolitoral.com\/2023\/06\/investidura-de-alcaldes-en-la-marina-alta-mantente-informado-en-tiempo-real-de-los-resultados\/#respond"]}]},{"@type":["WebPage","ItemPage"],"@id":"https:\/\/radiolitoral.com\/2023\/06\/investidura-de-alcaldes-en-la-marina-alta-mantente-informado-en-tiempo-real-de-los-resultados\/","url":"https:\/\/radiolitoral.com\/2023\/06\/investidura-de-alcaldes-en-la-marina-alta-mantente-informado-en-tiempo-real-de-los-resultados\/","name":"Investidura d&#039;Alcaldes a la Marina Alta: Estigues informat en temps real dels resultats | R\u00e0dio Litoral","isPartOf":{"@id":"https:\/\/radiolitoral.com\/#website"},"primaryImageOfPage":{"@id":"https:\/\/radiolitoral.com\/2023\/06\/investidura-de-alcaldes-en-la-marina-alta-mantente-informado-en-tiempo-real-de-los-resultados\/#primaryimage"},"image":{"@id":"https:\/\/radiolitoral.com\/2023\/06\/investidura-de-alcaldes-en-la-marina-alta-mantente-informado-en-tiempo-real-de-los-resultados\/#primaryimage"},"thumbnailUrl":"https:\/\/media.radiolitoral.com\/wp-content\/uploads\/2023\/06\/16230055\/investidura-litoral-17J-scaled.jpg","datePublished":"2023-06-17T07:27:33+00:00","dateModified":"2023-06-19T16:01:32+00:00","description":"Totes les novetats sobre aquest 17-J","breadcrumb":{"@id":"https:\/\/radiolitoral.com\/2023\/06\/investidura-de-alcaldes-en-la-marina-alta-mantente-informado-en-tiempo-real-de-los-resultados\/#breadcrumb"},"inLanguage":"ca","potentialAction":[{"@type":"ReadAction","target":["https:\/\/radiolitoral.com\/2023\/06\/investidura-de-alcaldes-en-la-marina-alta-mantente-informado-en-tiempo-real-de-los-resultados\/"]}]},{"@type":"ImageObject","inLanguage":"ca","@id":"https:\/\/radiolitoral.com\/2023\/06\/investidura-de-alcaldes-en-la-marina-alta-mantente-informado-en-tiempo-real-de-los-resultados\/#primaryimage","url":"https:\/\/media.radiolitoral.com\/wp-content\/uploads\/2023\/06\/16230055\/investidura-litoral-17J-scaled.jpg","contentUrl":"https:\/\/media.radiolitoral.com\/wp-content\/uploads\/2023\/06\/16230055\/investidura-litoral-17J-scaled.jpg","width":2560,"height":1707},{"@type":"BreadcrumbList","@id":"https:\/\/radiolitoral.com\/2023\/06\/investidura-de-alcaldes-en-la-marina-alta-mantente-informado-en-tiempo-real-de-los-resultados\/#breadcrumb","itemListElement":[{"@type":"ListItem","position":1,"name":"Portada","item":"https:\/\/radiolitoral.com\/"},{"@type":"ListItem","position":2,"name":"Investidura de Alcaldes en la Marina Alta: Mantente Informado en Tiempo Real de los Resultados"}]},{"@type":"WebSite","@id":"https:\/\/radiolitoral.com\/#website","url":"https:\/\/radiolitoral.com\/","name":"R\u00e0dio Litoral","description":"La r\u00e0dio local de la Marina Alta","publisher":{"@id":"https:\/\/radiolitoral.com\/#organization"},"alternateName":"Litoral FM","potentialAction":[{"@type":"SearchAction","target":{"@type":"EntryPoint","urlTemplate":"https:\/\/radiolitoral.com\/?s={search_term_string}"},"query-input":{"@type":"PropertyValueSpecification","valueRequired":true,"valueName":"search_term_string"}}],"inLanguage":"ca"},{"@type":"Organization","@id":"https:\/\/radiolitoral.com\/#organization","name":"R\u00e0dio Litoral","url":"https:\/\/radiolitoral.com\/","logo":{"@type":"ImageObject","inLanguage":"ca","@id":"https:\/\/radiolitoral.com\/#\/schema\/logo\/image\/","url":"https:\/\/media.radiolitoral.com\/wp-content\/uploads\/2023\/02\/24143238\/CL-V-RadioLitoral696.png","contentUrl":"https:\/\/media.radiolitoral.com\/wp-content\/uploads\/2023\/02\/24143238\/CL-V-RadioLitoral696.png","width":696,"height":696,"caption":"Radio Litoral"},"image":{"@id":"https:\/\/radiolitoral.com\/#\/schema\/logo\/image\/"},"sameAs":["https:\/\/www.facebook.com\/Laradiolitoral\/"]},{"@type":"Person","@id":"https:\/\/radiolitoral.com\/#\/schema\/person\/f2b2343c49b5d721857cc1002bfdb151","name":"Redacci\u00f3","image":{"@type":"ImageObject","inLanguage":"ca","@id":"https:\/\/secure.gravatar.com\/avatar\/f771d896c203ad8b3382d7905cfcce5a5c9b008b84b3cd9114e9b9f4cb63f789?s=96&d=mm&r=g","url":"https:\/\/secure.gravatar.com\/avatar\/f771d896c203ad8b3382d7905cfcce5a5c9b008b84b3cd9114e9b9f4cb63f789?s=96&d=mm&r=g","contentUrl":"https:\/\/secure.gravatar.com\/avatar\/f771d896c203ad8b3382d7905cfcce5a5c9b008b84b3cd9114e9b9f4cb63f789?s=96&d=mm&r=g","caption":"Redacci\u00f3n"},"url":"https:\/\/radiolitoral.com\/ca\/author\/miriam-pagan\/"}]}},"_links":{"self":[{"href":"https:\/\/radiolitoral.com\/ca\/wp-json\/wp\/v2\/posts\/4126","targetHints":{"allow":["GET"]}}],"collection":[{"href":"https:\/\/radiolitoral.com\/ca\/wp-json\/wp\/v2\/posts"}],"about":[{"href":"https:\/\/radiolitoral.com\/ca\/wp-json\/wp\/v2\/types\/post"}],"author":[{"embeddable":true,"href":"https:\/\/radiolitoral.com\/ca\/wp-json\/wp\/v2\/users\/13"}],"replies":[{"embeddable":true,"href":"https:\/\/radiolitoral.com\/ca\/wp-json\/wp\/v2\/comments?post=4126"}],"version-history":[{"count":43,"href":"https:\/\/radiolitoral.com\/ca\/wp-json\/wp\/v2\/posts\/4126\/revisions"}],"predecessor-version":[{"id":4198,"href":"https:\/\/radiolitoral.com\/ca\/wp-json\/wp\/v2\/posts\/4126\/revisions\/4198"}],"wp:featuredmedia":[{"embeddable":true,"href":"https:\/\/radiolitoral.com\/ca\/wp-json\/wp\/v2\/media\/4124"}],"wp:attachment":[{"href":"https:\/\/radiolitoral.com\/ca\/wp-json\/wp\/v2\/media?parent=4126"}],"wp:term":[{"taxonomy":"category","embeddable":true,"href":"https:\/\/radiolitoral.com\/ca\/wp-json\/wp\/v2\/categories?post=4126"},{"taxonomy":"post_tag","embeddable":true,"href":"https:\/\/radiolitoral.com\/ca\/wp-json\/wp\/v2\/tags?post=4126"}],"curies":[{"name":"wp","href":"https:\/\/api.w.org\/{rel}","templated":true}]}}