{"id":4123,"date":"2023-06-17T08:57:54","date_gmt":"2023-06-17T06:57:54","guid":{"rendered":"https:\/\/radiolitoral.com\/?p=4123"},"modified":"2023-06-16T23:01:23","modified_gmt":"2023-06-16T21:01:23","slug":"investidures-municipals-acords-pactes-i-majoria-absolutes-definiran-els-governs-locals","status":"publish","type":"post","link":"https:\/\/radiolitoral.com\/ca\/2023\/06\/investiduras-municipales-acuerdos-pactos-y-mayorias-absolutas-definiran-los-gobiernos-locales\/","title":{"rendered":"Investidures municipals: Acords, pactes i majories absolutes definiran els governs locals"},"content":{"rendered":"<p><span style=\"font-weight: 400;\">Investidures municipals: Acords, pactes i majories absolutes definiran els governs locals<\/span><\/p>\n<p><span style=\"font-weight: 400;\">Avui, les investidures municipals marcaran una fita a la pol\u00edtica local de la Marina Alta. Per aix\u00f2 a R\u00e0dio Litoral hem desplegat els nostres efectius per disposar de tota la informaci\u00f3 a l&#039;instant. A partir de les 10 del mat\u00ed, des dels principals ajuntaments de la comarca, hi viu tots els pactes, les votacions i la configuraci\u00f3 dels nous equips de govern que regiran els nostres pobles els propers anys.<\/span><\/p>\n<p><span style=\"font-weight: 400;\">Comptem amb enviats especials a cada seu, els quals ens mantindran informats sobre els detalls crucials. A continuaci\u00f3, presentem els horaris d&#039;inici de les investidures a les principals localitats:<\/span><\/p>\n<ul>\n<li style=\"font-weight: 400;\" aria-level=\"1\"><span style=\"font-weight: 400;\">D\u00e9nia: 12 h<\/span><\/li>\n<li style=\"font-weight: 400;\" aria-level=\"1\"><span style=\"font-weight: 400;\">X\u00e0bia: 11 h<\/span><\/li>\n<li style=\"font-weight: 400;\" aria-level=\"1\"><span style=\"font-weight: 400;\">Ondara: 11 h<\/span><\/li>\n<li style=\"font-weight: 400;\" aria-level=\"1\"><span style=\"font-weight: 400;\">Teulada-Moraira: 12 h<\/span><\/li>\n<li style=\"font-weight: 400;\" aria-level=\"1\"><span style=\"font-weight: 400;\">El Poble Nou de Benitatxell: 12 h<\/span><\/li>\n<li style=\"font-weight: 400;\" aria-level=\"1\"><span style=\"font-weight: 400;\">Benissa: 12 h<\/span><\/li>\n<li style=\"font-weight: 400;\" aria-level=\"1\"><span style=\"font-weight: 400;\">Calp: 12 h<\/span><\/li>\n<\/ul>\n<p><span style=\"font-weight: 400;\">I aquest \u00e9s el panorama preliminar dels possibles governs a algunes d&#039;aquestes localitats:<\/span><\/p>\n<ul>\n<li style=\"font-weight: 400;\" aria-level=\"1\"><span style=\"font-weight: 400;\">D\u00e9nia: S&#039;espera un acord entre el PSOE i Comprom\u00eds, amb el PSOE governant durant tres anys i Comprom\u00eds assumint el govern durant el darrer any del mandat.<\/span><\/li>\n<li style=\"font-weight: 400;\" aria-level=\"1\"><span style=\"font-weight: 400;\">X\u00e0bia: La popular Rosa Cardona ser\u00e0 investida alcaldessa amb els suports de Ciutadans per X\u00e0bia (CpJ) i Vox.<\/span><\/li>\n<li style=\"font-weight: 400;\" aria-level=\"1\"><span style=\"font-weight: 400;\">Ondara: Amb el pacte renovat entre PSOE i Comprom\u00eds, el socialista Jos\u00e9 Ramiro mantindr\u00e0 l&#039;alcaldia els propers 4 anys.<\/span><\/li>\n<li style=\"font-weight: 400;\" aria-level=\"1\"><span style=\"font-weight: 400;\">Teulada-Moraira: Es preveu que el Partit Popular, amb Ra\u00fal Llobell al capdavant, assumeixi el govern gr\u00e0cies als vots de la seva majoria absoluta.<\/span><\/li>\n<li style=\"font-weight: 400;\" aria-level=\"1\"><span style=\"font-weight: 400;\">El Poble Nou: Miguel \u00c1ngel Garc\u00eda (M\u00e9s Benitatxell) repetir\u00e0 com a alcalde despr\u00e9s de revalidar la majoria absoluta.<\/span><\/li>\n<li style=\"font-weight: 400;\" aria-level=\"1\"><span style=\"font-weight: 400;\">Benissa: Amb la majoria absoluta, el PP de Juan Bautista Rosell\u00f3 podr\u00e0 governar en solitari.<\/span><\/li>\n<\/ul>\n<p><span style=\"font-weight: 400;\">Roman atent a la nostra cobertura en directe per con\u00e8ixer els desenlla\u00e7os d&#039;aquestes investidures i les implicacions pol\u00edtiques que tindran a les nostres localitats. Segueix-nos a les nostres xarxes socials per obtenir informaci\u00f3 a l&#039;instant i una an\u00e0lisi detallada dels nous governs locals que es conformaran en les properes hores.<\/span><\/p>","protected":false},"excerpt":{"rendered":"<p>Investiduras municipales: Acuerdos, pactos y mayor\u00edas absolutas definir\u00e1n los gobiernos locales Hoy, las investiduras municipales marcar\u00e1n un hito en la pol\u00edtica local de la Marina Alta. Por eso en Radio Litoral hemos desplegado nuestros efectivos para disponer de toda la informaci\u00f3n al instante. A partir de las 10 de la ma\u00f1ana, desde los principales ayuntamientos [&#8230;]<\/p>\n<p><a class=\"btn btn-secondary understrap-read-more-link\" href=\"https:\/\/radiolitoral.com\/ca\/2023\/06\/investiduras-municipales-acuerdos-pactos-y-mayorias-absolutas-definiran-los-gobiernos-locales\/\">Continua llegint&#8230;<span class=\"screen-reader-text\"> from Investiduras municipales: Acuerdos, pactos y mayor\u00edas absolutas definir\u00e1n los gobiernos locales<\/span><\/a><\/p>\n","protected":false},"author":13,"featured_media":4124,"comment_status":"open","ping_status":"closed","sticky":false,"template":"","format":"standard","meta":{"_acf_changed":false,"inline_featured_image":false,"footnotes":""},"categories":[13],"tags":[756,725],"class_list":["post-4123","post","type-post","status-publish","format-standard","has-post-thumbnail","hentry","category-politica","tag-investidura","tag-marinaalta","cobertura-benissa","cobertura-calp","cobertura-denia","cobertura-ondara","cobertura-poble-nou-de-benitatxell","cobertura-teulada-moraira"],"acf":[],"yoast_head":"<!-- This site is optimized with the Yoast SEO plugin v27.5 - https:\/\/yoast.com\/product\/yoast-seo-wordpress\/ -->\n<title>Investiduras municipales: Acuerdos, pactos y mayor\u00edas absolutas definir\u00e1n los gobiernos locales | R\u00e0dio Litoral<\/title>\n<meta name=\"description\" content=\"Marcar\u00e1n un hito en la pol\u00edtica local de la Marina Alta\" \/>\n<meta name=\"robots\" content=\"index, follow, max-snippet:-1, max-image-preview:large, max-video-preview:-1\" \/>\n<link rel=\"canonical\" href=\"https:\/\/radiolitoral.com\/ca\/2023\/06\/investidures-municipals-acords-pactes-i-majoria-absolutes-definiran-els-governs-locals\/\" \/>\n<meta property=\"og:locale\" content=\"ca_ES\" \/>\n<meta property=\"og:type\" content=\"article\" \/>\n<meta property=\"og:title\" content=\"Investiduras municipales: Acuerdos, pactos y mayor\u00edas absolutas definir\u00e1n los gobiernos locales | R\u00e0dio Litoral\" \/>\n<meta property=\"og:description\" content=\"Marcar\u00e1n un hito en la pol\u00edtica local de la Marina Alta\" \/>\n<meta property=\"og:url\" content=\"https:\/\/radiolitoral.com\/ca\/2023\/06\/investidures-municipals-acords-pactes-i-majoria-absolutes-definiran-els-governs-locals\/\" \/>\n<meta property=\"og:site_name\" content=\"R\u00e0dio Litoral\" \/>\n<meta property=\"article:publisher\" content=\"https:\/\/www.facebook.com\/Laradiolitoral\/\" \/>\n<meta property=\"article:published_time\" content=\"2023-06-17T06:57:54+00:00\" \/>\n<meta property=\"og:image\" content=\"https:\/\/media.radiolitoral.com\/wp-content\/uploads\/2023\/06\/16230055\/investidura-litoral-17J-scaled.jpg\" \/>\n\t<meta property=\"og:image:width\" content=\"2560\" \/>\n\t<meta property=\"og:image:height\" content=\"1707\" \/>\n\t<meta property=\"og:image:type\" content=\"image\/jpeg\" \/>\n<meta name=\"author\" content=\"Redacci\u00f3n\" \/>\n<meta name=\"twitter:card\" content=\"summary_large_image\" \/>\n<meta name=\"twitter:label1\" content=\"Escrit per\" \/>\n\t<meta name=\"twitter:data1\" content=\"Redacci\u00f3n\" \/>\n\t<meta name=\"twitter:label2\" content=\"Temps estimat de lectura\" \/>\n\t<meta name=\"twitter:data2\" content=\"2 minuts\" \/>\n<script type=\"application\/ld+json\" class=\"yoast-schema-graph\">{\"@context\":\"https:\\\/\\\/schema.org\",\"@graph\":[{\"@type\":\"NewsArticle\",\"@id\":\"https:\\\/\\\/radiolitoral.com\\\/2023\\\/06\\\/investiduras-municipales-acuerdos-pactos-y-mayorias-absolutas-definiran-los-gobiernos-locales\\\/#article\",\"isPartOf\":{\"@id\":\"https:\\\/\\\/radiolitoral.com\\\/2023\\\/06\\\/investiduras-municipales-acuerdos-pactos-y-mayorias-absolutas-definiran-los-gobiernos-locales\\\/\"},\"author\":{\"name\":\"Redacci\u00f3n\",\"@id\":\"https:\\\/\\\/radiolitoral.com\\\/#\\\/schema\\\/person\\\/f2b2343c49b5d721857cc1002bfdb151\"},\"headline\":\"Investiduras municipales: Acuerdos, pactos y mayor\u00edas absolutas definir\u00e1n los gobiernos locales\",\"datePublished\":\"2023-06-17T06:57:54+00:00\",\"mainEntityOfPage\":{\"@id\":\"https:\\\/\\\/radiolitoral.com\\\/2023\\\/06\\\/investiduras-municipales-acuerdos-pactos-y-mayorias-absolutas-definiran-los-gobiernos-locales\\\/\"},\"wordCount\":361,\"commentCount\":0,\"publisher\":{\"@id\":\"https:\\\/\\\/radiolitoral.com\\\/#organization\"},\"image\":{\"@id\":\"https:\\\/\\\/radiolitoral.com\\\/2023\\\/06\\\/investiduras-municipales-acuerdos-pactos-y-mayorias-absolutas-definiran-los-gobiernos-locales\\\/#primaryimage\"},\"thumbnailUrl\":\"https:\\\/\\\/media.radiolitoral.com\\\/wp-content\\\/uploads\\\/2023\\\/06\\\/16230055\\\/investidura-litoral-17J-scaled.jpg\",\"keywords\":[\"investidura\",\"MarinaAlta\"],\"articleSection\":[\"Pol\u00edtica\"],\"inLanguage\":\"ca\",\"potentialAction\":[{\"@type\":\"CommentAction\",\"name\":\"Comment\",\"target\":[\"https:\\\/\\\/radiolitoral.com\\\/2023\\\/06\\\/investiduras-municipales-acuerdos-pactos-y-mayorias-absolutas-definiran-los-gobiernos-locales\\\/#respond\"]}]},{\"@type\":[\"WebPage\",\"ItemPage\"],\"@id\":\"https:\\\/\\\/radiolitoral.com\\\/2023\\\/06\\\/investiduras-municipales-acuerdos-pactos-y-mayorias-absolutas-definiran-los-gobiernos-locales\\\/\",\"url\":\"https:\\\/\\\/radiolitoral.com\\\/2023\\\/06\\\/investiduras-municipales-acuerdos-pactos-y-mayorias-absolutas-definiran-los-gobiernos-locales\\\/\",\"name\":\"Investiduras municipales: Acuerdos, pactos y mayor\u00edas absolutas definir\u00e1n los gobiernos locales | R\u00e0dio Litoral\",\"isPartOf\":{\"@id\":\"https:\\\/\\\/radiolitoral.com\\\/#website\"},\"primaryImageOfPage\":{\"@id\":\"https:\\\/\\\/radiolitoral.com\\\/2023\\\/06\\\/investiduras-municipales-acuerdos-pactos-y-mayorias-absolutas-definiran-los-gobiernos-locales\\\/#primaryimage\"},\"image\":{\"@id\":\"https:\\\/\\\/radiolitoral.com\\\/2023\\\/06\\\/investiduras-municipales-acuerdos-pactos-y-mayorias-absolutas-definiran-los-gobiernos-locales\\\/#primaryimage\"},\"thumbnailUrl\":\"https:\\\/\\\/media.radiolitoral.com\\\/wp-content\\\/uploads\\\/2023\\\/06\\\/16230055\\\/investidura-litoral-17J-scaled.jpg\",\"datePublished\":\"2023-06-17T06:57:54+00:00\",\"description\":\"Marcar\u00e1n un hito en la pol\u00edtica local de la Marina Alta\",\"breadcrumb\":{\"@id\":\"https:\\\/\\\/radiolitoral.com\\\/2023\\\/06\\\/investiduras-municipales-acuerdos-pactos-y-mayorias-absolutas-definiran-los-gobiernos-locales\\\/#breadcrumb\"},\"inLanguage\":\"ca\",\"potentialAction\":[{\"@type\":\"ReadAction\",\"target\":[\"https:\\\/\\\/radiolitoral.com\\\/2023\\\/06\\\/investiduras-municipales-acuerdos-pactos-y-mayorias-absolutas-definiran-los-gobiernos-locales\\\/\"]}]},{\"@type\":\"ImageObject\",\"inLanguage\":\"ca\",\"@id\":\"https:\\\/\\\/radiolitoral.com\\\/2023\\\/06\\\/investiduras-municipales-acuerdos-pactos-y-mayorias-absolutas-definiran-los-gobiernos-locales\\\/#primaryimage\",\"url\":\"https:\\\/\\\/media.radiolitoral.com\\\/wp-content\\\/uploads\\\/2023\\\/06\\\/16230055\\\/investidura-litoral-17J-scaled.jpg\",\"contentUrl\":\"https:\\\/\\\/media.radiolitoral.com\\\/wp-content\\\/uploads\\\/2023\\\/06\\\/16230055\\\/investidura-litoral-17J-scaled.jpg\",\"width\":2560,\"height\":1707},{\"@type\":\"BreadcrumbList\",\"@id\":\"https:\\\/\\\/radiolitoral.com\\\/2023\\\/06\\\/investiduras-municipales-acuerdos-pactos-y-mayorias-absolutas-definiran-los-gobiernos-locales\\\/#breadcrumb\",\"itemListElement\":[{\"@type\":\"ListItem\",\"position\":1,\"name\":\"Portada\",\"item\":\"https:\\\/\\\/radiolitoral.com\\\/\"},{\"@type\":\"ListItem\",\"position\":2,\"name\":\"Investiduras municipales: Acuerdos, pactos y mayor\u00edas absolutas definir\u00e1n los gobiernos locales\"}]},{\"@type\":\"WebSite\",\"@id\":\"https:\\\/\\\/radiolitoral.com\\\/#website\",\"url\":\"https:\\\/\\\/radiolitoral.com\\\/\",\"name\":\"Radio Litoral\",\"description\":\"La radio local de la Marina Alta\",\"publisher\":{\"@id\":\"https:\\\/\\\/radiolitoral.com\\\/#organization\"},\"alternateName\":\"Litoral FM\",\"potentialAction\":[{\"@type\":\"SearchAction\",\"target\":{\"@type\":\"EntryPoint\",\"urlTemplate\":\"https:\\\/\\\/radiolitoral.com\\\/?s={search_term_string}\"},\"query-input\":{\"@type\":\"PropertyValueSpecification\",\"valueRequired\":true,\"valueName\":\"search_term_string\"}}],\"inLanguage\":\"ca\"},{\"@type\":\"Organization\",\"@id\":\"https:\\\/\\\/radiolitoral.com\\\/#organization\",\"name\":\"Radio Litoral\",\"url\":\"https:\\\/\\\/radiolitoral.com\\\/\",\"logo\":{\"@type\":\"ImageObject\",\"inLanguage\":\"ca\",\"@id\":\"https:\\\/\\\/radiolitoral.com\\\/#\\\/schema\\\/logo\\\/image\\\/\",\"url\":\"https:\\\/\\\/media.radiolitoral.com\\\/wp-content\\\/uploads\\\/2023\\\/02\\\/24143238\\\/CL-V-RadioLitoral696.png\",\"contentUrl\":\"https:\\\/\\\/media.radiolitoral.com\\\/wp-content\\\/uploads\\\/2023\\\/02\\\/24143238\\\/CL-V-RadioLitoral696.png\",\"width\":696,\"height\":696,\"caption\":\"Radio Litoral\"},\"image\":{\"@id\":\"https:\\\/\\\/radiolitoral.com\\\/#\\\/schema\\\/logo\\\/image\\\/\"},\"sameAs\":[\"https:\\\/\\\/www.facebook.com\\\/Laradiolitoral\\\/\"]},{\"@type\":\"Person\",\"@id\":\"https:\\\/\\\/radiolitoral.com\\\/#\\\/schema\\\/person\\\/f2b2343c49b5d721857cc1002bfdb151\",\"name\":\"Redacci\u00f3n\",\"image\":{\"@type\":\"ImageObject\",\"inLanguage\":\"ca\",\"@id\":\"https:\\\/\\\/secure.gravatar.com\\\/avatar\\\/f771d896c203ad8b3382d7905cfcce5a5c9b008b84b3cd9114e9b9f4cb63f789?s=96&d=mm&r=g\",\"url\":\"https:\\\/\\\/secure.gravatar.com\\\/avatar\\\/f771d896c203ad8b3382d7905cfcce5a5c9b008b84b3cd9114e9b9f4cb63f789?s=96&d=mm&r=g\",\"contentUrl\":\"https:\\\/\\\/secure.gravatar.com\\\/avatar\\\/f771d896c203ad8b3382d7905cfcce5a5c9b008b84b3cd9114e9b9f4cb63f789?s=96&d=mm&r=g\",\"caption\":\"Redacci\u00f3n\"},\"url\":\"https:\\\/\\\/radiolitoral.com\\\/ca\\\/author\\\/miriam-pagan\\\/\"}]}<\/script>\n<!-- \/ Yoast SEO plugin. -->","yoast_head_json":{"title":"Investidures municipals: Acords, pactes i majories absolutes definiran els governs locals | R\u00e0dio Litoral","description":"Marcaran una fita a la pol\u00edtica local de la Marina Alta","robots":{"index":"index","follow":"follow","max-snippet":"max-snippet:-1","max-image-preview":"max-image-preview:large","max-video-preview":"max-video-preview:-1"},"canonical":"https:\/\/radiolitoral.com\/ca\/2023\/06\/investidures-municipals-acords-pactes-i-majoria-absolutes-definiran-els-governs-locals\/","og_locale":"ca_ES","og_type":"article","og_title":"Investiduras municipales: Acuerdos, pactos y mayor\u00edas absolutas definir\u00e1n los gobiernos locales | R\u00e0dio Litoral","og_description":"Marcar\u00e1n un hito en la pol\u00edtica local de la Marina Alta","og_url":"https:\/\/radiolitoral.com\/ca\/2023\/06\/investidures-municipals-acords-pactes-i-majoria-absolutes-definiran-els-governs-locals\/","og_site_name":"R\u00e0dio Litoral","article_publisher":"https:\/\/www.facebook.com\/Laradiolitoral\/","article_published_time":"2023-06-17T06:57:54+00:00","og_image":[{"width":2560,"height":1707,"url":"https:\/\/media.radiolitoral.com\/wp-content\/uploads\/2023\/06\/16230055\/investidura-litoral-17J-scaled.jpg","type":"image\/jpeg"}],"author":"Redacci\u00f3n","twitter_card":"summary_large_image","twitter_misc":{"Escrit per":"Redacci\u00f3n","Temps estimat de lectura":"2 minuts"},"schema":{"@context":"https:\/\/schema.org","@graph":[{"@type":"NewsArticle","@id":"https:\/\/radiolitoral.com\/2023\/06\/investiduras-municipales-acuerdos-pactos-y-mayorias-absolutas-definiran-los-gobiernos-locales\/#article","isPartOf":{"@id":"https:\/\/radiolitoral.com\/2023\/06\/investiduras-municipales-acuerdos-pactos-y-mayorias-absolutas-definiran-los-gobiernos-locales\/"},"author":{"name":"Redacci\u00f3n","@id":"https:\/\/radiolitoral.com\/#\/schema\/person\/f2b2343c49b5d721857cc1002bfdb151"},"headline":"Investiduras municipales: Acuerdos, pactos y mayor\u00edas absolutas definir\u00e1n los gobiernos locales","datePublished":"2023-06-17T06:57:54+00:00","mainEntityOfPage":{"@id":"https:\/\/radiolitoral.com\/2023\/06\/investiduras-municipales-acuerdos-pactos-y-mayorias-absolutas-definiran-los-gobiernos-locales\/"},"wordCount":361,"commentCount":0,"publisher":{"@id":"https:\/\/radiolitoral.com\/#organization"},"image":{"@id":"https:\/\/radiolitoral.com\/2023\/06\/investiduras-municipales-acuerdos-pactos-y-mayorias-absolutas-definiran-los-gobiernos-locales\/#primaryimage"},"thumbnailUrl":"https:\/\/media.radiolitoral.com\/wp-content\/uploads\/2023\/06\/16230055\/investidura-litoral-17J-scaled.jpg","keywords":["investidura","MarinaAlta"],"articleSection":["Pol\u00edtica"],"inLanguage":"ca","potentialAction":[{"@type":"CommentAction","name":"Comment","target":["https:\/\/radiolitoral.com\/2023\/06\/investiduras-municipales-acuerdos-pactos-y-mayorias-absolutas-definiran-los-gobiernos-locales\/#respond"]}]},{"@type":["WebPage","ItemPage"],"@id":"https:\/\/radiolitoral.com\/2023\/06\/investiduras-municipales-acuerdos-pactos-y-mayorias-absolutas-definiran-los-gobiernos-locales\/","url":"https:\/\/radiolitoral.com\/2023\/06\/investiduras-municipales-acuerdos-pactos-y-mayorias-absolutas-definiran-los-gobiernos-locales\/","name":"Investidures municipals: Acords, pactes i majories absolutes definiran els governs locals | R\u00e0dio Litoral","isPartOf":{"@id":"https:\/\/radiolitoral.com\/#website"},"primaryImageOfPage":{"@id":"https:\/\/radiolitoral.com\/2023\/06\/investiduras-municipales-acuerdos-pactos-y-mayorias-absolutas-definiran-los-gobiernos-locales\/#primaryimage"},"image":{"@id":"https:\/\/radiolitoral.com\/2023\/06\/investiduras-municipales-acuerdos-pactos-y-mayorias-absolutas-definiran-los-gobiernos-locales\/#primaryimage"},"thumbnailUrl":"https:\/\/media.radiolitoral.com\/wp-content\/uploads\/2023\/06\/16230055\/investidura-litoral-17J-scaled.jpg","datePublished":"2023-06-17T06:57:54+00:00","description":"Marcaran una fita a la pol\u00edtica local de la Marina Alta","breadcrumb":{"@id":"https:\/\/radiolitoral.com\/2023\/06\/investiduras-municipales-acuerdos-pactos-y-mayorias-absolutas-definiran-los-gobiernos-locales\/#breadcrumb"},"inLanguage":"ca","potentialAction":[{"@type":"ReadAction","target":["https:\/\/radiolitoral.com\/2023\/06\/investiduras-municipales-acuerdos-pactos-y-mayorias-absolutas-definiran-los-gobiernos-locales\/"]}]},{"@type":"ImageObject","inLanguage":"ca","@id":"https:\/\/radiolitoral.com\/2023\/06\/investiduras-municipales-acuerdos-pactos-y-mayorias-absolutas-definiran-los-gobiernos-locales\/#primaryimage","url":"https:\/\/media.radiolitoral.com\/wp-content\/uploads\/2023\/06\/16230055\/investidura-litoral-17J-scaled.jpg","contentUrl":"https:\/\/media.radiolitoral.com\/wp-content\/uploads\/2023\/06\/16230055\/investidura-litoral-17J-scaled.jpg","width":2560,"height":1707},{"@type":"BreadcrumbList","@id":"https:\/\/radiolitoral.com\/2023\/06\/investiduras-municipales-acuerdos-pactos-y-mayorias-absolutas-definiran-los-gobiernos-locales\/#breadcrumb","itemListElement":[{"@type":"ListItem","position":1,"name":"Portada","item":"https:\/\/radiolitoral.com\/"},{"@type":"ListItem","position":2,"name":"Investiduras municipales: Acuerdos, pactos y mayor\u00edas absolutas definir\u00e1n los gobiernos locales"}]},{"@type":"WebSite","@id":"https:\/\/radiolitoral.com\/#website","url":"https:\/\/radiolitoral.com\/","name":"R\u00e0dio Litoral","description":"La r\u00e0dio local de la Marina Alta","publisher":{"@id":"https:\/\/radiolitoral.com\/#organization"},"alternateName":"Litoral FM","potentialAction":[{"@type":"SearchAction","target":{"@type":"EntryPoint","urlTemplate":"https:\/\/radiolitoral.com\/?s={search_term_string}"},"query-input":{"@type":"PropertyValueSpecification","valueRequired":true,"valueName":"search_term_string"}}],"inLanguage":"ca"},{"@type":"Organization","@id":"https:\/\/radiolitoral.com\/#organization","name":"R\u00e0dio Litoral","url":"https:\/\/radiolitoral.com\/","logo":{"@type":"ImageObject","inLanguage":"ca","@id":"https:\/\/radiolitoral.com\/#\/schema\/logo\/image\/","url":"https:\/\/media.radiolitoral.com\/wp-content\/uploads\/2023\/02\/24143238\/CL-V-RadioLitoral696.png","contentUrl":"https:\/\/media.radiolitoral.com\/wp-content\/uploads\/2023\/02\/24143238\/CL-V-RadioLitoral696.png","width":696,"height":696,"caption":"Radio Litoral"},"image":{"@id":"https:\/\/radiolitoral.com\/#\/schema\/logo\/image\/"},"sameAs":["https:\/\/www.facebook.com\/Laradiolitoral\/"]},{"@type":"Person","@id":"https:\/\/radiolitoral.com\/#\/schema\/person\/f2b2343c49b5d721857cc1002bfdb151","name":"Redacci\u00f3","image":{"@type":"ImageObject","inLanguage":"ca","@id":"https:\/\/secure.gravatar.com\/avatar\/f771d896c203ad8b3382d7905cfcce5a5c9b008b84b3cd9114e9b9f4cb63f789?s=96&d=mm&r=g","url":"https:\/\/secure.gravatar.com\/avatar\/f771d896c203ad8b3382d7905cfcce5a5c9b008b84b3cd9114e9b9f4cb63f789?s=96&d=mm&r=g","contentUrl":"https:\/\/secure.gravatar.com\/avatar\/f771d896c203ad8b3382d7905cfcce5a5c9b008b84b3cd9114e9b9f4cb63f789?s=96&d=mm&r=g","caption":"Redacci\u00f3n"},"url":"https:\/\/radiolitoral.com\/ca\/author\/miriam-pagan\/"}]}},"_links":{"self":[{"href":"https:\/\/radiolitoral.com\/ca\/wp-json\/wp\/v2\/posts\/4123","targetHints":{"allow":["GET"]}}],"collection":[{"href":"https:\/\/radiolitoral.com\/ca\/wp-json\/wp\/v2\/posts"}],"about":[{"href":"https:\/\/radiolitoral.com\/ca\/wp-json\/wp\/v2\/types\/post"}],"author":[{"embeddable":true,"href":"https:\/\/radiolitoral.com\/ca\/wp-json\/wp\/v2\/users\/13"}],"replies":[{"embeddable":true,"href":"https:\/\/radiolitoral.com\/ca\/wp-json\/wp\/v2\/comments?post=4123"}],"version-history":[{"count":1,"href":"https:\/\/radiolitoral.com\/ca\/wp-json\/wp\/v2\/posts\/4123\/revisions"}],"predecessor-version":[{"id":4125,"href":"https:\/\/radiolitoral.com\/ca\/wp-json\/wp\/v2\/posts\/4123\/revisions\/4125"}],"wp:featuredmedia":[{"embeddable":true,"href":"https:\/\/radiolitoral.com\/ca\/wp-json\/wp\/v2\/media\/4124"}],"wp:attachment":[{"href":"https:\/\/radiolitoral.com\/ca\/wp-json\/wp\/v2\/media?parent=4123"}],"wp:term":[{"taxonomy":"category","embeddable":true,"href":"https:\/\/radiolitoral.com\/ca\/wp-json\/wp\/v2\/categories?post=4123"},{"taxonomy":"post_tag","embeddable":true,"href":"https:\/\/radiolitoral.com\/ca\/wp-json\/wp\/v2\/tags?post=4123"}],"curies":[{"name":"wp","href":"https:\/\/api.w.org\/{rel}","templated":true}]}}