{"id":4101,"date":"2023-06-16T16:45:24","date_gmt":"2023-06-16T14:45:24","guid":{"rendered":"https:\/\/radiolitoral.com\/?p=4101"},"modified":"2023-06-16T16:45:35","modified_gmt":"2023-06-16T14:45:35","slug":"benitatxell-instal%c2%b7la-el-seu-primer-punt-de-recarrega-de-vehicles-electrics","status":"publish","type":"post","link":"https:\/\/radiolitoral.com\/ca\/2023\/06\/benitatxell-instala-su-primer-punto-de-recarga-de-vehiculos-electricos\/","title":{"rendered":"Benitatxell instal\u00b7la el primer punt de rec\u00e0rrega de vehicles el\u00e8ctrics"},"content":{"rendered":"<p>L&#039;Ajuntament del Poble Nou de Benitatxell instal\u00b7la el seu primer punt de rec\u00e0rrega de vehicles el\u00e8ctrics a l&#039;acc\u00e9s nord a Cimera del Sol. Aquesta actuaci\u00f3 \u00e9s possible gr\u00e0cies a la convocat\u00f2ria de subvencions de la Diputaci\u00f3 d&#039;Alacant per a obres d&#039;instal\u00b7laci\u00f3 de punts de rec\u00e0rrega de vehicles el\u00e8ctrics (convocat\u00f2ria 2022), que ha atorgat una quantia de 14.741,77 euros al consistori.<\/p>\n<p>El punt est\u00e0 situat a la carretera d&#039;acc\u00e9s nord a la urbanitzaci\u00f3 Cimera del Sol, a prop de l&#039;edifici municipal El Puig (actual retingues de Protecci\u00f3 Civil), i compta amb dues preses de corrent de c\u00e0rrega semir\u00e0pida de 22 kW.<\/p>\n<p>Aquest ajut est\u00e0 emmarcat en la iniciativa europea &#039;El Pacte dels Alcaldes&#039;, que t\u00e9 com a objectiu promoure l&#039;\u00fas d&#039;energies renovables i energies netes que evitin les emissions de CO2. Benitatxell forma part, juntament amb 135 municipis m\u00e9s de la prov\u00edncia d&#039;Alacant, d&#039;aquest acord.<\/p>","protected":false},"excerpt":{"rendered":"<p>El Ayuntamiento de El Poble Nou de Benitatxell instala su primer punto de recarga de veh\u00edculos el\u00e9ctricos en el acceso norte a Cumbre del Sol. Esta actuaci\u00f3n es posible gracias a la convocatoria de subvenciones de la Diputaci\u00f3n de Alicante para obras de instalaci\u00f3n de puntos de recarga de veh\u00edculos el\u00e9ctricos (convocatoria 2022), que ha [&#8230;]<\/p>\n<p><a class=\"btn btn-secondary understrap-read-more-link\" href=\"https:\/\/radiolitoral.com\/ca\/2023\/06\/benitatxell-instala-su-primer-punto-de-recarga-de-vehiculos-electricos\/\">Continua llegint&#8230;<span class=\"screen-reader-text\"> from Benitatxell instala su primer punto de recarga de veh\u00edculos el\u00e9ctricos<\/span><\/a><\/p>\n","protected":false},"author":21,"featured_media":4102,"comment_status":"open","ping_status":"closed","sticky":false,"template":"","format":"standard","meta":{"_acf_changed":false,"inline_featured_image":false,"footnotes":""},"categories":[1],"tags":[],"class_list":["post-4101","post","type-post","status-publish","format-standard","has-post-thumbnail","hentry","category-uncategorized","cobertura-poble-nou-de-benitatxell"],"acf":[],"yoast_head":"<!-- This site is optimized with the Yoast SEO plugin v27.5 - https:\/\/yoast.com\/product\/yoast-seo-wordpress\/ -->\n<title>Benitatxell instala su primer punto de recarga de veh\u00edculos el\u00e9ctricos | R\u00e0dio Litoral<\/title>\n<meta name=\"description\" content=\"Es posible gracias a la convocatoria de subvenciones de la Diputaci\u00f3n Es posible gracias a la convocatoria de subvenciones de la Diputaci\u00f3n\" \/>\n<meta name=\"robots\" content=\"index, follow, max-snippet:-1, max-image-preview:large, max-video-preview:-1\" \/>\n<link rel=\"canonical\" href=\"https:\/\/radiolitoral.com\/ca\/2023\/06\/benitatxell-instal\u00b7la-el-seu-primer-punt-de-recarrega-de-vehicles-electrics\/\" \/>\n<meta property=\"og:locale\" content=\"ca_ES\" \/>\n<meta property=\"og:type\" content=\"article\" \/>\n<meta property=\"og:title\" content=\"Benitatxell instala su primer punto de recarga de veh\u00edculos el\u00e9ctricos | R\u00e0dio Litoral\" \/>\n<meta property=\"og:description\" content=\"Es posible gracias a la convocatoria de subvenciones de la Diputaci\u00f3n Es posible gracias a la convocatoria de subvenciones de la Diputaci\u00f3n\" \/>\n<meta property=\"og:url\" content=\"https:\/\/radiolitoral.com\/ca\/2023\/06\/benitatxell-instal\u00b7la-el-seu-primer-punt-de-recarrega-de-vehicles-electrics\/\" \/>\n<meta property=\"og:site_name\" content=\"R\u00e0dio Litoral\" \/>\n<meta property=\"article:publisher\" content=\"https:\/\/www.facebook.com\/Laradiolitoral\/\" \/>\n<meta property=\"article:published_time\" content=\"2023-06-16T14:45:24+00:00\" \/>\n<meta property=\"article:modified_time\" content=\"2023-06-16T14:45:35+00:00\" \/>\n<meta property=\"og:image\" content=\"https:\/\/media.radiolitoral.com\/wp-content\/uploads\/2023\/06\/16164509\/descarga-2.jpg\" \/>\n\t<meta property=\"og:image:width\" content=\"275\" \/>\n\t<meta property=\"og:image:height\" content=\"183\" \/>\n\t<meta property=\"og:image:type\" content=\"image\/jpeg\" \/>\n<meta name=\"author\" content=\"Mel Pescuezo\" \/>\n<meta name=\"twitter:card\" content=\"summary_large_image\" \/>\n<meta name=\"twitter:label1\" content=\"Escrit per\" \/>\n\t<meta name=\"twitter:data1\" content=\"Mel Pescuezo\" \/>\n\t<meta name=\"twitter:label2\" content=\"Temps estimat de lectura\" \/>\n\t<meta name=\"twitter:data2\" content=\"1 minut\" \/>\n<script type=\"application\/ld+json\" class=\"yoast-schema-graph\">{\"@context\":\"https:\\\/\\\/schema.org\",\"@graph\":[{\"@type\":\"NewsArticle\",\"@id\":\"https:\\\/\\\/radiolitoral.com\\\/2023\\\/06\\\/benitatxell-instala-su-primer-punto-de-recarga-de-vehiculos-electricos\\\/#article\",\"isPartOf\":{\"@id\":\"https:\\\/\\\/radiolitoral.com\\\/2023\\\/06\\\/benitatxell-instala-su-primer-punto-de-recarga-de-vehiculos-electricos\\\/\"},\"author\":{\"name\":\"Mel Pescuezo\",\"@id\":\"https:\\\/\\\/radiolitoral.com\\\/#\\\/schema\\\/person\\\/aad4f72efa404f85b68e832d24cac059\"},\"headline\":\"Benitatxell instala su primer punto de recarga de veh\u00edculos el\u00e9ctricos\",\"datePublished\":\"2023-06-16T14:45:24+00:00\",\"dateModified\":\"2023-06-16T14:45:35+00:00\",\"mainEntityOfPage\":{\"@id\":\"https:\\\/\\\/radiolitoral.com\\\/2023\\\/06\\\/benitatxell-instala-su-primer-punto-de-recarga-de-vehiculos-electricos\\\/\"},\"wordCount\":172,\"commentCount\":0,\"publisher\":{\"@id\":\"https:\\\/\\\/radiolitoral.com\\\/#organization\"},\"image\":{\"@id\":\"https:\\\/\\\/radiolitoral.com\\\/2023\\\/06\\\/benitatxell-instala-su-primer-punto-de-recarga-de-vehiculos-electricos\\\/#primaryimage\"},\"thumbnailUrl\":\"https:\\\/\\\/media.radiolitoral.com\\\/wp-content\\\/uploads\\\/2023\\\/06\\\/16164509\\\/descarga-2.jpg\",\"articleSection\":[\"Uncategorized\"],\"inLanguage\":\"ca\",\"potentialAction\":[{\"@type\":\"CommentAction\",\"name\":\"Comment\",\"target\":[\"https:\\\/\\\/radiolitoral.com\\\/2023\\\/06\\\/benitatxell-instala-su-primer-punto-de-recarga-de-vehiculos-electricos\\\/#respond\"]}]},{\"@type\":[\"WebPage\",\"ItemPage\"],\"@id\":\"https:\\\/\\\/radiolitoral.com\\\/2023\\\/06\\\/benitatxell-instala-su-primer-punto-de-recarga-de-vehiculos-electricos\\\/\",\"url\":\"https:\\\/\\\/radiolitoral.com\\\/2023\\\/06\\\/benitatxell-instala-su-primer-punto-de-recarga-de-vehiculos-electricos\\\/\",\"name\":\"Benitatxell instala su primer punto de recarga de veh\u00edculos el\u00e9ctricos | R\u00e0dio Litoral\",\"isPartOf\":{\"@id\":\"https:\\\/\\\/radiolitoral.com\\\/#website\"},\"primaryImageOfPage\":{\"@id\":\"https:\\\/\\\/radiolitoral.com\\\/2023\\\/06\\\/benitatxell-instala-su-primer-punto-de-recarga-de-vehiculos-electricos\\\/#primaryimage\"},\"image\":{\"@id\":\"https:\\\/\\\/radiolitoral.com\\\/2023\\\/06\\\/benitatxell-instala-su-primer-punto-de-recarga-de-vehiculos-electricos\\\/#primaryimage\"},\"thumbnailUrl\":\"https:\\\/\\\/media.radiolitoral.com\\\/wp-content\\\/uploads\\\/2023\\\/06\\\/16164509\\\/descarga-2.jpg\",\"datePublished\":\"2023-06-16T14:45:24+00:00\",\"dateModified\":\"2023-06-16T14:45:35+00:00\",\"description\":\"Es posible gracias a la convocatoria de subvenciones de la Diputaci\u00f3n Es posible gracias a la convocatoria de subvenciones de la Diputaci\u00f3n\",\"breadcrumb\":{\"@id\":\"https:\\\/\\\/radiolitoral.com\\\/2023\\\/06\\\/benitatxell-instala-su-primer-punto-de-recarga-de-vehiculos-electricos\\\/#breadcrumb\"},\"inLanguage\":\"ca\",\"potentialAction\":[{\"@type\":\"ReadAction\",\"target\":[\"https:\\\/\\\/radiolitoral.com\\\/2023\\\/06\\\/benitatxell-instala-su-primer-punto-de-recarga-de-vehiculos-electricos\\\/\"]}]},{\"@type\":\"ImageObject\",\"inLanguage\":\"ca\",\"@id\":\"https:\\\/\\\/radiolitoral.com\\\/2023\\\/06\\\/benitatxell-instala-su-primer-punto-de-recarga-de-vehiculos-electricos\\\/#primaryimage\",\"url\":\"https:\\\/\\\/media.radiolitoral.com\\\/wp-content\\\/uploads\\\/2023\\\/06\\\/16164509\\\/descarga-2.jpg\",\"contentUrl\":\"https:\\\/\\\/media.radiolitoral.com\\\/wp-content\\\/uploads\\\/2023\\\/06\\\/16164509\\\/descarga-2.jpg\",\"width\":275,\"height\":183},{\"@type\":\"BreadcrumbList\",\"@id\":\"https:\\\/\\\/radiolitoral.com\\\/2023\\\/06\\\/benitatxell-instala-su-primer-punto-de-recarga-de-vehiculos-electricos\\\/#breadcrumb\",\"itemListElement\":[{\"@type\":\"ListItem\",\"position\":1,\"name\":\"Portada\",\"item\":\"https:\\\/\\\/radiolitoral.com\\\/\"},{\"@type\":\"ListItem\",\"position\":2,\"name\":\"Benitatxell instala su primer punto de recarga de veh\u00edculos el\u00e9ctricos\"}]},{\"@type\":\"WebSite\",\"@id\":\"https:\\\/\\\/radiolitoral.com\\\/#website\",\"url\":\"https:\\\/\\\/radiolitoral.com\\\/\",\"name\":\"Radio Litoral\",\"description\":\"La radio local de la Marina Alta\",\"publisher\":{\"@id\":\"https:\\\/\\\/radiolitoral.com\\\/#organization\"},\"alternateName\":\"Litoral FM\",\"potentialAction\":[{\"@type\":\"SearchAction\",\"target\":{\"@type\":\"EntryPoint\",\"urlTemplate\":\"https:\\\/\\\/radiolitoral.com\\\/?s={search_term_string}\"},\"query-input\":{\"@type\":\"PropertyValueSpecification\",\"valueRequired\":true,\"valueName\":\"search_term_string\"}}],\"inLanguage\":\"ca\"},{\"@type\":\"Organization\",\"@id\":\"https:\\\/\\\/radiolitoral.com\\\/#organization\",\"name\":\"Radio Litoral\",\"url\":\"https:\\\/\\\/radiolitoral.com\\\/\",\"logo\":{\"@type\":\"ImageObject\",\"inLanguage\":\"ca\",\"@id\":\"https:\\\/\\\/radiolitoral.com\\\/#\\\/schema\\\/logo\\\/image\\\/\",\"url\":\"https:\\\/\\\/media.radiolitoral.com\\\/wp-content\\\/uploads\\\/2023\\\/02\\\/24143238\\\/CL-V-RadioLitoral696.png\",\"contentUrl\":\"https:\\\/\\\/media.radiolitoral.com\\\/wp-content\\\/uploads\\\/2023\\\/02\\\/24143238\\\/CL-V-RadioLitoral696.png\",\"width\":696,\"height\":696,\"caption\":\"Radio Litoral\"},\"image\":{\"@id\":\"https:\\\/\\\/radiolitoral.com\\\/#\\\/schema\\\/logo\\\/image\\\/\"},\"sameAs\":[\"https:\\\/\\\/www.facebook.com\\\/Laradiolitoral\\\/\"]},{\"@type\":\"Person\",\"@id\":\"https:\\\/\\\/radiolitoral.com\\\/#\\\/schema\\\/person\\\/aad4f72efa404f85b68e832d24cac059\",\"name\":\"Mel Pescuezo\",\"image\":{\"@type\":\"ImageObject\",\"inLanguage\":\"ca\",\"@id\":\"https:\\\/\\\/secure.gravatar.com\\\/avatar\\\/993975ae489c70cb0dd9bfa9413a082f0bd276582dac13661af7b33f161e7eea?s=96&d=mm&r=g\",\"url\":\"https:\\\/\\\/secure.gravatar.com\\\/avatar\\\/993975ae489c70cb0dd9bfa9413a082f0bd276582dac13661af7b33f161e7eea?s=96&d=mm&r=g\",\"contentUrl\":\"https:\\\/\\\/secure.gravatar.com\\\/avatar\\\/993975ae489c70cb0dd9bfa9413a082f0bd276582dac13661af7b33f161e7eea?s=96&d=mm&r=g\",\"caption\":\"Mel Pescuezo\"},\"url\":\"https:\\\/\\\/radiolitoral.com\\\/ca\\\/author\\\/serviciospararadios\\\/\"}]}<\/script>\n<!-- \/ Yoast SEO plugin. -->","yoast_head_json":{"title":"Benitatxell instal\u00b7la el primer punt de rec\u00e0rrega de vehicles el\u00e8ctrics | R\u00e0dio Litoral","description":"\u00c9s possible gr\u00e0cies a la convocat\u00f2ria de subvencions de la Diputaci\u00f3 \u00c9s possible gr\u00e0cies a la convocat\u00f2ria de subvencions de la Diputaci\u00f3","robots":{"index":"index","follow":"follow","max-snippet":"max-snippet:-1","max-image-preview":"max-image-preview:large","max-video-preview":"max-video-preview:-1"},"canonical":"https:\/\/radiolitoral.com\/ca\/2023\/06\/benitatxell-instal\u00b7la-el-seu-primer-punt-de-recarrega-de-vehicles-electrics\/","og_locale":"ca_ES","og_type":"article","og_title":"Benitatxell instala su primer punto de recarga de veh\u00edculos el\u00e9ctricos | R\u00e0dio Litoral","og_description":"Es posible gracias a la convocatoria de subvenciones de la Diputaci\u00f3n Es posible gracias a la convocatoria de subvenciones de la Diputaci\u00f3n","og_url":"https:\/\/radiolitoral.com\/ca\/2023\/06\/benitatxell-instal\u00b7la-el-seu-primer-punt-de-recarrega-de-vehicles-electrics\/","og_site_name":"R\u00e0dio Litoral","article_publisher":"https:\/\/www.facebook.com\/Laradiolitoral\/","article_published_time":"2023-06-16T14:45:24+00:00","article_modified_time":"2023-06-16T14:45:35+00:00","og_image":[{"width":275,"height":183,"url":"https:\/\/media.radiolitoral.com\/wp-content\/uploads\/2023\/06\/16164509\/descarga-2.jpg","type":"image\/jpeg"}],"author":"Mel Pescuezo","twitter_card":"summary_large_image","twitter_misc":{"Escrit per":"Mel Pescuezo","Temps estimat de lectura":"1 minut"},"schema":{"@context":"https:\/\/schema.org","@graph":[{"@type":"NewsArticle","@id":"https:\/\/radiolitoral.com\/2023\/06\/benitatxell-instala-su-primer-punto-de-recarga-de-vehiculos-electricos\/#article","isPartOf":{"@id":"https:\/\/radiolitoral.com\/2023\/06\/benitatxell-instala-su-primer-punto-de-recarga-de-vehiculos-electricos\/"},"author":{"name":"Mel Pescuezo","@id":"https:\/\/radiolitoral.com\/#\/schema\/person\/aad4f72efa404f85b68e832d24cac059"},"headline":"Benitatxell instala su primer punto de recarga de veh\u00edculos el\u00e9ctricos","datePublished":"2023-06-16T14:45:24+00:00","dateModified":"2023-06-16T14:45:35+00:00","mainEntityOfPage":{"@id":"https:\/\/radiolitoral.com\/2023\/06\/benitatxell-instala-su-primer-punto-de-recarga-de-vehiculos-electricos\/"},"wordCount":172,"commentCount":0,"publisher":{"@id":"https:\/\/radiolitoral.com\/#organization"},"image":{"@id":"https:\/\/radiolitoral.com\/2023\/06\/benitatxell-instala-su-primer-punto-de-recarga-de-vehiculos-electricos\/#primaryimage"},"thumbnailUrl":"https:\/\/media.radiolitoral.com\/wp-content\/uploads\/2023\/06\/16164509\/descarga-2.jpg","articleSection":["Uncategorized"],"inLanguage":"ca","potentialAction":[{"@type":"CommentAction","name":"Comment","target":["https:\/\/radiolitoral.com\/2023\/06\/benitatxell-instala-su-primer-punto-de-recarga-de-vehiculos-electricos\/#respond"]}]},{"@type":["WebPage","ItemPage"],"@id":"https:\/\/radiolitoral.com\/2023\/06\/benitatxell-instala-su-primer-punto-de-recarga-de-vehiculos-electricos\/","url":"https:\/\/radiolitoral.com\/2023\/06\/benitatxell-instala-su-primer-punto-de-recarga-de-vehiculos-electricos\/","name":"Benitatxell instal\u00b7la el primer punt de rec\u00e0rrega de vehicles el\u00e8ctrics | R\u00e0dio Litoral","isPartOf":{"@id":"https:\/\/radiolitoral.com\/#website"},"primaryImageOfPage":{"@id":"https:\/\/radiolitoral.com\/2023\/06\/benitatxell-instala-su-primer-punto-de-recarga-de-vehiculos-electricos\/#primaryimage"},"image":{"@id":"https:\/\/radiolitoral.com\/2023\/06\/benitatxell-instala-su-primer-punto-de-recarga-de-vehiculos-electricos\/#primaryimage"},"thumbnailUrl":"https:\/\/media.radiolitoral.com\/wp-content\/uploads\/2023\/06\/16164509\/descarga-2.jpg","datePublished":"2023-06-16T14:45:24+00:00","dateModified":"2023-06-16T14:45:35+00:00","description":"\u00c9s possible gr\u00e0cies a la convocat\u00f2ria de subvencions de la Diputaci\u00f3 \u00c9s possible gr\u00e0cies a la convocat\u00f2ria de subvencions de la Diputaci\u00f3","breadcrumb":{"@id":"https:\/\/radiolitoral.com\/2023\/06\/benitatxell-instala-su-primer-punto-de-recarga-de-vehiculos-electricos\/#breadcrumb"},"inLanguage":"ca","potentialAction":[{"@type":"ReadAction","target":["https:\/\/radiolitoral.com\/2023\/06\/benitatxell-instala-su-primer-punto-de-recarga-de-vehiculos-electricos\/"]}]},{"@type":"ImageObject","inLanguage":"ca","@id":"https:\/\/radiolitoral.com\/2023\/06\/benitatxell-instala-su-primer-punto-de-recarga-de-vehiculos-electricos\/#primaryimage","url":"https:\/\/media.radiolitoral.com\/wp-content\/uploads\/2023\/06\/16164509\/descarga-2.jpg","contentUrl":"https:\/\/media.radiolitoral.com\/wp-content\/uploads\/2023\/06\/16164509\/descarga-2.jpg","width":275,"height":183},{"@type":"BreadcrumbList","@id":"https:\/\/radiolitoral.com\/2023\/06\/benitatxell-instala-su-primer-punto-de-recarga-de-vehiculos-electricos\/#breadcrumb","itemListElement":[{"@type":"ListItem","position":1,"name":"Portada","item":"https:\/\/radiolitoral.com\/"},{"@type":"ListItem","position":2,"name":"Benitatxell instala su primer punto de recarga de veh\u00edculos el\u00e9ctricos"}]},{"@type":"WebSite","@id":"https:\/\/radiolitoral.com\/#website","url":"https:\/\/radiolitoral.com\/","name":"R\u00e0dio Litoral","description":"La r\u00e0dio local de la Marina Alta","publisher":{"@id":"https:\/\/radiolitoral.com\/#organization"},"alternateName":"Litoral FM","potentialAction":[{"@type":"SearchAction","target":{"@type":"EntryPoint","urlTemplate":"https:\/\/radiolitoral.com\/?s={search_term_string}"},"query-input":{"@type":"PropertyValueSpecification","valueRequired":true,"valueName":"search_term_string"}}],"inLanguage":"ca"},{"@type":"Organization","@id":"https:\/\/radiolitoral.com\/#organization","name":"R\u00e0dio Litoral","url":"https:\/\/radiolitoral.com\/","logo":{"@type":"ImageObject","inLanguage":"ca","@id":"https:\/\/radiolitoral.com\/#\/schema\/logo\/image\/","url":"https:\/\/media.radiolitoral.com\/wp-content\/uploads\/2023\/02\/24143238\/CL-V-RadioLitoral696.png","contentUrl":"https:\/\/media.radiolitoral.com\/wp-content\/uploads\/2023\/02\/24143238\/CL-V-RadioLitoral696.png","width":696,"height":696,"caption":"Radio Litoral"},"image":{"@id":"https:\/\/radiolitoral.com\/#\/schema\/logo\/image\/"},"sameAs":["https:\/\/www.facebook.com\/Laradiolitoral\/"]},{"@type":"Person","@id":"https:\/\/radiolitoral.com\/#\/schema\/person\/aad4f72efa404f85b68e832d24cac059","name":"Mel Pescuezo","image":{"@type":"ImageObject","inLanguage":"ca","@id":"https:\/\/secure.gravatar.com\/avatar\/993975ae489c70cb0dd9bfa9413a082f0bd276582dac13661af7b33f161e7eea?s=96&d=mm&r=g","url":"https:\/\/secure.gravatar.com\/avatar\/993975ae489c70cb0dd9bfa9413a082f0bd276582dac13661af7b33f161e7eea?s=96&d=mm&r=g","contentUrl":"https:\/\/secure.gravatar.com\/avatar\/993975ae489c70cb0dd9bfa9413a082f0bd276582dac13661af7b33f161e7eea?s=96&d=mm&r=g","caption":"Mel Pescuezo"},"url":"https:\/\/radiolitoral.com\/ca\/author\/serviciospararadios\/"}]}},"_links":{"self":[{"href":"https:\/\/radiolitoral.com\/ca\/wp-json\/wp\/v2\/posts\/4101","targetHints":{"allow":["GET"]}}],"collection":[{"href":"https:\/\/radiolitoral.com\/ca\/wp-json\/wp\/v2\/posts"}],"about":[{"href":"https:\/\/radiolitoral.com\/ca\/wp-json\/wp\/v2\/types\/post"}],"author":[{"embeddable":true,"href":"https:\/\/radiolitoral.com\/ca\/wp-json\/wp\/v2\/users\/21"}],"replies":[{"embeddable":true,"href":"https:\/\/radiolitoral.com\/ca\/wp-json\/wp\/v2\/comments?post=4101"}],"version-history":[{"count":1,"href":"https:\/\/radiolitoral.com\/ca\/wp-json\/wp\/v2\/posts\/4101\/revisions"}],"predecessor-version":[{"id":4103,"href":"https:\/\/radiolitoral.com\/ca\/wp-json\/wp\/v2\/posts\/4101\/revisions\/4103"}],"wp:featuredmedia":[{"embeddable":true,"href":"https:\/\/radiolitoral.com\/ca\/wp-json\/wp\/v2\/media\/4102"}],"wp:attachment":[{"href":"https:\/\/radiolitoral.com\/ca\/wp-json\/wp\/v2\/media?parent=4101"}],"wp:term":[{"taxonomy":"category","embeddable":true,"href":"https:\/\/radiolitoral.com\/ca\/wp-json\/wp\/v2\/categories?post=4101"},{"taxonomy":"post_tag","embeddable":true,"href":"https:\/\/radiolitoral.com\/ca\/wp-json\/wp\/v2\/tags?post=4101"}],"curies":[{"name":"wp","href":"https:\/\/api.w.org\/{rel}","templated":true}]}}