{"id":4095,"date":"2023-06-16T16:29:05","date_gmt":"2023-06-16T14:29:05","guid":{"rendered":"https:\/\/radiolitoral.com\/?p=4095"},"modified":"2023-06-16T16:34:21","modified_gmt":"2023-06-16T14:34:21","slug":"lassociacio-de-turisme-nautic-de-la-marina-alta-suneix-a-la-campana-respectant-les-normes-gaudiras-segur-per-evitar-accidents-al-mar","status":"publish","type":"post","link":"https:\/\/radiolitoral.com\/ca\/2023\/06\/la-asociacion-de-turismo-nautico-de-la-marina-alta-se-une-a-la-campana-respetando-las-normas-disfrutaras-seguro-para-evitar-accidentes-en-el-mar\/","title":{"rendered":"L&#039;Associaci\u00f3 de Turisme N\u00e0utic de la Marina Alta s&#039;uneix a la campanya \u201cRespectant les normes, gaudir\u00e0s segur\u201d per evitar accidents"},"content":{"rendered":"<p>ATNMA, l&#039;Associaci\u00f3 de Turisme N\u00e0utic de la Marina Alta, s&#039;uneix a la campanya \u201cRespectant les normes, gaudir\u00e0s segur\u201d per evitar accidents al mar. Segons indica des de l&#039;associaci\u00f3, Ricardo Burriel, des de fa uns dies han posat en marxa una tasca d&#039;informaci\u00f3 als usuaris del mar per evitar possibles accidents, tot recolzant la campanya iniciada per la Direcci\u00f3 General de la Marina Mercant.<\/p>\n<p>Unes accions que s&#039;inicien just ara, entenent que, durant els mesos estivals, es multiplica el tr\u00e0nsit d&#039;embarcacions a la mar i la pr\u00e0ctica d&#039;activitats d&#039;oci n\u00e0utic, i aix\u00f2 provoca un augment d&#039;accidents i situacions de risc que obliga a extremar la precauci\u00f3.<\/p>\n<p>Burriel aposta per la conscienciaci\u00f3 i la formaci\u00f3 dels usuaris de mar, i llan\u00e7a un missatge de conscienciaci\u00f3 als usuaris d&#039;embarcacions d&#039;esbarjo, motos n\u00e0utiques i altres esports i activitats recreatives perqu\u00e8 entenguin la import\u00e0ncia de complir les normes en un espai compartit com \u00e9s el mar.<\/p>\n<audio class=\"wp-audio-shortcode\" id=\"audio-4095-1\" preload=\"none\" style=\"width: 100%;\" controls=\"controls\"><source type=\"audio\/mpeg\" src=\"https:\/\/media.radiolitoral.com\/wp-content\/uploads\/2023\/06\/16162517\/Ricardo-Burriel-3.mp3?_=1\" \/><a href=\"https:\/\/media.radiolitoral.com\/wp-content\/uploads\/2023\/06\/16162517\/Ricardo-Burriel-3.mp3\">https:\/\/media.radiolitoral.com\/wp-content\/uploads\/2023\/06\/16162517\/Ricardo-Burriel-3.mp3<\/a><\/audio>","protected":false},"excerpt":{"rendered":"<p>ATNMA, la Asociaci\u00f3n de Turismo N\u00e1utico de la Marina Alta, se une a la campa\u00f1a \u201cRespetando las normas, disfrutar\u00e1s seguro\u201d para evitar accidentes en el mar. Seg\u00fan indica desde la asociaci\u00f3n, Ricardo Burriel, desde hace unos d\u00edas han puesto en marcha una labor de informaci\u00f3n a los usuarios del mar para evitar posibles accidentes, apoyando [&#8230;]<\/p>\n<p><a class=\"btn btn-secondary understrap-read-more-link\" href=\"https:\/\/radiolitoral.com\/ca\/2023\/06\/la-asociacion-de-turismo-nautico-de-la-marina-alta-se-une-a-la-campana-respetando-las-normas-disfrutaras-seguro-para-evitar-accidentes-en-el-mar\/\">Continua llegint&#8230;<span class=\"screen-reader-text\"> from La Asociaci\u00f3n de Turismo N\u00e1utico de la Marina Alta se une a la campa\u00f1a \u201cRespetando las normas, disfrutar\u00e1s seguro\u201d para evitar accidentes<\/span><\/a><\/p>\n","protected":false},"author":21,"featured_media":3856,"comment_status":"open","ping_status":"closed","sticky":false,"template":"","format":"standard","meta":{"_acf_changed":false,"inline_featured_image":false,"footnotes":""},"categories":[130],"tags":[],"class_list":["post-4095","post","type-post","status-publish","format-standard","has-post-thumbnail","hentry","category-educacion","cobertura-marina-alta"],"acf":[],"yoast_head":"<!-- This site is optimized with the Yoast SEO plugin v27.5 - https:\/\/yoast.com\/product\/yoast-seo-wordpress\/ -->\n<title>La Asociaci\u00f3n de Turismo N\u00e1utico de la Marina Alta se une a la campa\u00f1a \u201cRespetando las normas, disfrutar\u00e1s seguro\u201d para evitar accidentes | R\u00e0dio Litoral<\/title>\n<meta name=\"description\" content=\"Se apuesta por la concienciaci\u00f3n y la formaci\u00f3n de los usuarios de mar Se apuesta por la concienciaci\u00f3n y la formaci\u00f3n de los usuarios de mar\" \/>\n<meta name=\"robots\" content=\"index, follow, max-snippet:-1, max-image-preview:large, max-video-preview:-1\" \/>\n<link rel=\"canonical\" href=\"https:\/\/radiolitoral.com\/ca\/2023\/06\/lassociacio-de-turisme-nautic-de-la-marina-alta-suneix-a-la-campana-respectant-les-normes-gaudiras-segur-per-evitar-accidents-al-mar\/\" \/>\n<meta property=\"og:locale\" content=\"ca_ES\" \/>\n<meta property=\"og:type\" content=\"article\" \/>\n<meta property=\"og:title\" content=\"La Asociaci\u00f3n de Turismo N\u00e1utico de la Marina Alta se une a la campa\u00f1a \u201cRespetando las normas, disfrutar\u00e1s seguro\u201d para evitar accidentes | R\u00e0dio Litoral\" \/>\n<meta property=\"og:description\" content=\"Se apuesta por la concienciaci\u00f3n y la formaci\u00f3n de los usuarios de mar Se apuesta por la concienciaci\u00f3n y la formaci\u00f3n de los usuarios de mar\" \/>\n<meta property=\"og:url\" content=\"https:\/\/radiolitoral.com\/ca\/2023\/06\/lassociacio-de-turisme-nautic-de-la-marina-alta-suneix-a-la-campana-respectant-les-normes-gaudiras-segur-per-evitar-accidents-al-mar\/\" \/>\n<meta property=\"og:site_name\" content=\"R\u00e0dio Litoral\" \/>\n<meta property=\"article:publisher\" content=\"https:\/\/www.facebook.com\/Laradiolitoral\/\" \/>\n<meta property=\"article:published_time\" content=\"2023-06-16T14:29:05+00:00\" \/>\n<meta property=\"article:modified_time\" content=\"2023-06-16T14:34:21+00:00\" \/>\n<meta property=\"og:image\" content=\"https:\/\/media.radiolitoral.com\/wp-content\/uploads\/2023\/06\/07200019\/barco.jpg\" \/>\n\t<meta property=\"og:image:width\" content=\"708\" \/>\n\t<meta property=\"og:image:height\" content=\"473\" \/>\n\t<meta property=\"og:image:type\" content=\"image\/jpeg\" \/>\n<meta name=\"author\" content=\"Mel Pescuezo\" \/>\n<meta name=\"twitter:card\" content=\"summary_large_image\" \/>\n<meta name=\"twitter:label1\" content=\"Escrit per\" \/>\n\t<meta name=\"twitter:data1\" content=\"Mel Pescuezo\" \/>\n\t<meta name=\"twitter:label2\" content=\"Temps estimat de lectura\" \/>\n\t<meta name=\"twitter:data2\" content=\"1 minut\" \/>\n<script type=\"application\/ld+json\" class=\"yoast-schema-graph\">{\"@context\":\"https:\\\/\\\/schema.org\",\"@graph\":[{\"@type\":\"NewsArticle\",\"@id\":\"https:\\\/\\\/radiolitoral.com\\\/2023\\\/06\\\/la-asociacion-de-turismo-nautico-de-la-marina-alta-se-une-a-la-campana-respetando-las-normas-disfrutaras-seguro-para-evitar-accidentes-en-el-mar\\\/#article\",\"isPartOf\":{\"@id\":\"https:\\\/\\\/radiolitoral.com\\\/2023\\\/06\\\/la-asociacion-de-turismo-nautico-de-la-marina-alta-se-une-a-la-campana-respetando-las-normas-disfrutaras-seguro-para-evitar-accidentes-en-el-mar\\\/\"},\"author\":{\"name\":\"Mel Pescuezo\",\"@id\":\"https:\\\/\\\/radiolitoral.com\\\/#\\\/schema\\\/person\\\/aad4f72efa404f85b68e832d24cac059\"},\"headline\":\"La Asociaci\u00f3n de Turismo N\u00e1utico de la Marina Alta se une a la campa\u00f1a \u201cRespetando las normas, disfrutar\u00e1s seguro\u201d para evitar accidentes\",\"datePublished\":\"2023-06-16T14:29:05+00:00\",\"dateModified\":\"2023-06-16T14:34:21+00:00\",\"mainEntityOfPage\":{\"@id\":\"https:\\\/\\\/radiolitoral.com\\\/2023\\\/06\\\/la-asociacion-de-turismo-nautico-de-la-marina-alta-se-une-a-la-campana-respetando-las-normas-disfrutaras-seguro-para-evitar-accidentes-en-el-mar\\\/\"},\"wordCount\":218,\"commentCount\":0,\"publisher\":{\"@id\":\"https:\\\/\\\/radiolitoral.com\\\/#organization\"},\"image\":{\"@id\":\"https:\\\/\\\/radiolitoral.com\\\/2023\\\/06\\\/la-asociacion-de-turismo-nautico-de-la-marina-alta-se-une-a-la-campana-respetando-las-normas-disfrutaras-seguro-para-evitar-accidentes-en-el-mar\\\/#primaryimage\"},\"thumbnailUrl\":\"https:\\\/\\\/media.radiolitoral.com\\\/wp-content\\\/uploads\\\/2023\\\/06\\\/07200019\\\/barco.jpg\",\"articleSection\":[\"Educaci\u00f3n\"],\"inLanguage\":\"ca\",\"potentialAction\":[{\"@type\":\"CommentAction\",\"name\":\"Comment\",\"target\":[\"https:\\\/\\\/radiolitoral.com\\\/2023\\\/06\\\/la-asociacion-de-turismo-nautico-de-la-marina-alta-se-une-a-la-campana-respetando-las-normas-disfrutaras-seguro-para-evitar-accidentes-en-el-mar\\\/#respond\"]}]},{\"@type\":[\"WebPage\",\"ItemPage\"],\"@id\":\"https:\\\/\\\/radiolitoral.com\\\/2023\\\/06\\\/la-asociacion-de-turismo-nautico-de-la-marina-alta-se-une-a-la-campana-respetando-las-normas-disfrutaras-seguro-para-evitar-accidentes-en-el-mar\\\/\",\"url\":\"https:\\\/\\\/radiolitoral.com\\\/2023\\\/06\\\/la-asociacion-de-turismo-nautico-de-la-marina-alta-se-une-a-la-campana-respetando-las-normas-disfrutaras-seguro-para-evitar-accidentes-en-el-mar\\\/\",\"name\":\"La Asociaci\u00f3n de Turismo N\u00e1utico de la Marina Alta se une a la campa\u00f1a \u201cRespetando las normas, disfrutar\u00e1s seguro\u201d para evitar accidentes | R\u00e0dio Litoral\",\"isPartOf\":{\"@id\":\"https:\\\/\\\/radiolitoral.com\\\/#website\"},\"primaryImageOfPage\":{\"@id\":\"https:\\\/\\\/radiolitoral.com\\\/2023\\\/06\\\/la-asociacion-de-turismo-nautico-de-la-marina-alta-se-une-a-la-campana-respetando-las-normas-disfrutaras-seguro-para-evitar-accidentes-en-el-mar\\\/#primaryimage\"},\"image\":{\"@id\":\"https:\\\/\\\/radiolitoral.com\\\/2023\\\/06\\\/la-asociacion-de-turismo-nautico-de-la-marina-alta-se-une-a-la-campana-respetando-las-normas-disfrutaras-seguro-para-evitar-accidentes-en-el-mar\\\/#primaryimage\"},\"thumbnailUrl\":\"https:\\\/\\\/media.radiolitoral.com\\\/wp-content\\\/uploads\\\/2023\\\/06\\\/07200019\\\/barco.jpg\",\"datePublished\":\"2023-06-16T14:29:05+00:00\",\"dateModified\":\"2023-06-16T14:34:21+00:00\",\"description\":\"Se apuesta por la concienciaci\u00f3n y la formaci\u00f3n de los usuarios de mar Se apuesta por la concienciaci\u00f3n y la formaci\u00f3n de los usuarios de mar\",\"breadcrumb\":{\"@id\":\"https:\\\/\\\/radiolitoral.com\\\/2023\\\/06\\\/la-asociacion-de-turismo-nautico-de-la-marina-alta-se-une-a-la-campana-respetando-las-normas-disfrutaras-seguro-para-evitar-accidentes-en-el-mar\\\/#breadcrumb\"},\"inLanguage\":\"ca\",\"potentialAction\":[{\"@type\":\"ReadAction\",\"target\":[\"https:\\\/\\\/radiolitoral.com\\\/2023\\\/06\\\/la-asociacion-de-turismo-nautico-de-la-marina-alta-se-une-a-la-campana-respetando-las-normas-disfrutaras-seguro-para-evitar-accidentes-en-el-mar\\\/\"]}]},{\"@type\":\"ImageObject\",\"inLanguage\":\"ca\",\"@id\":\"https:\\\/\\\/radiolitoral.com\\\/2023\\\/06\\\/la-asociacion-de-turismo-nautico-de-la-marina-alta-se-une-a-la-campana-respetando-las-normas-disfrutaras-seguro-para-evitar-accidentes-en-el-mar\\\/#primaryimage\",\"url\":\"https:\\\/\\\/media.radiolitoral.com\\\/wp-content\\\/uploads\\\/2023\\\/06\\\/07200019\\\/barco.jpg\",\"contentUrl\":\"https:\\\/\\\/media.radiolitoral.com\\\/wp-content\\\/uploads\\\/2023\\\/06\\\/07200019\\\/barco.jpg\",\"width\":708,\"height\":473},{\"@type\":\"BreadcrumbList\",\"@id\":\"https:\\\/\\\/radiolitoral.com\\\/2023\\\/06\\\/la-asociacion-de-turismo-nautico-de-la-marina-alta-se-une-a-la-campana-respetando-las-normas-disfrutaras-seguro-para-evitar-accidentes-en-el-mar\\\/#breadcrumb\",\"itemListElement\":[{\"@type\":\"ListItem\",\"position\":1,\"name\":\"Portada\",\"item\":\"https:\\\/\\\/radiolitoral.com\\\/\"},{\"@type\":\"ListItem\",\"position\":2,\"name\":\"La Asociaci\u00f3n de Turismo N\u00e1utico de la Marina Alta se une a la campa\u00f1a \u201cRespetando las normas, disfrutar\u00e1s seguro\u201d para evitar accidentes\"}]},{\"@type\":\"WebSite\",\"@id\":\"https:\\\/\\\/radiolitoral.com\\\/#website\",\"url\":\"https:\\\/\\\/radiolitoral.com\\\/\",\"name\":\"Radio Litoral\",\"description\":\"La radio local de la Marina Alta\",\"publisher\":{\"@id\":\"https:\\\/\\\/radiolitoral.com\\\/#organization\"},\"alternateName\":\"Litoral FM\",\"potentialAction\":[{\"@type\":\"SearchAction\",\"target\":{\"@type\":\"EntryPoint\",\"urlTemplate\":\"https:\\\/\\\/radiolitoral.com\\\/?s={search_term_string}\"},\"query-input\":{\"@type\":\"PropertyValueSpecification\",\"valueRequired\":true,\"valueName\":\"search_term_string\"}}],\"inLanguage\":\"ca\"},{\"@type\":\"Organization\",\"@id\":\"https:\\\/\\\/radiolitoral.com\\\/#organization\",\"name\":\"Radio Litoral\",\"url\":\"https:\\\/\\\/radiolitoral.com\\\/\",\"logo\":{\"@type\":\"ImageObject\",\"inLanguage\":\"ca\",\"@id\":\"https:\\\/\\\/radiolitoral.com\\\/#\\\/schema\\\/logo\\\/image\\\/\",\"url\":\"https:\\\/\\\/media.radiolitoral.com\\\/wp-content\\\/uploads\\\/2023\\\/02\\\/24143238\\\/CL-V-RadioLitoral696.png\",\"contentUrl\":\"https:\\\/\\\/media.radiolitoral.com\\\/wp-content\\\/uploads\\\/2023\\\/02\\\/24143238\\\/CL-V-RadioLitoral696.png\",\"width\":696,\"height\":696,\"caption\":\"Radio Litoral\"},\"image\":{\"@id\":\"https:\\\/\\\/radiolitoral.com\\\/#\\\/schema\\\/logo\\\/image\\\/\"},\"sameAs\":[\"https:\\\/\\\/www.facebook.com\\\/Laradiolitoral\\\/\"]},{\"@type\":\"Person\",\"@id\":\"https:\\\/\\\/radiolitoral.com\\\/#\\\/schema\\\/person\\\/aad4f72efa404f85b68e832d24cac059\",\"name\":\"Mel Pescuezo\",\"image\":{\"@type\":\"ImageObject\",\"inLanguage\":\"ca\",\"@id\":\"https:\\\/\\\/secure.gravatar.com\\\/avatar\\\/993975ae489c70cb0dd9bfa9413a082f0bd276582dac13661af7b33f161e7eea?s=96&d=mm&r=g\",\"url\":\"https:\\\/\\\/secure.gravatar.com\\\/avatar\\\/993975ae489c70cb0dd9bfa9413a082f0bd276582dac13661af7b33f161e7eea?s=96&d=mm&r=g\",\"contentUrl\":\"https:\\\/\\\/secure.gravatar.com\\\/avatar\\\/993975ae489c70cb0dd9bfa9413a082f0bd276582dac13661af7b33f161e7eea?s=96&d=mm&r=g\",\"caption\":\"Mel Pescuezo\"},\"url\":\"https:\\\/\\\/radiolitoral.com\\\/ca\\\/author\\\/serviciospararadios\\\/\"}]}<\/script>\n<!-- \/ Yoast SEO plugin. -->","yoast_head_json":{"title":"L&#039;Associaci\u00f3 de Turisme N\u00e0utic de la Marina Alta s&#039;uneix a la campanya \u201cRespectant les normes, en gaudir\u00e0s segur\u201d per evitar accidents | R\u00e0dio Litoral","description":"S&#039;aposta per la conscienciaci\u00f3 i la formaci\u00f3 dels usuaris de mar S&#039;aposta per la conscienciaci\u00f3 i la formaci\u00f3 dels usuaris de mar","robots":{"index":"index","follow":"follow","max-snippet":"max-snippet:-1","max-image-preview":"max-image-preview:large","max-video-preview":"max-video-preview:-1"},"canonical":"https:\/\/radiolitoral.com\/ca\/2023\/06\/lassociacio-de-turisme-nautic-de-la-marina-alta-suneix-a-la-campana-respectant-les-normes-gaudiras-segur-per-evitar-accidents-al-mar\/","og_locale":"ca_ES","og_type":"article","og_title":"La Asociaci\u00f3n de Turismo N\u00e1utico de la Marina Alta se une a la campa\u00f1a \u201cRespetando las normas, disfrutar\u00e1s seguro\u201d para evitar accidentes | R\u00e0dio Litoral","og_description":"Se apuesta por la concienciaci\u00f3n y la formaci\u00f3n de los usuarios de mar Se apuesta por la concienciaci\u00f3n y la formaci\u00f3n de los usuarios de mar","og_url":"https:\/\/radiolitoral.com\/ca\/2023\/06\/lassociacio-de-turisme-nautic-de-la-marina-alta-suneix-a-la-campana-respectant-les-normes-gaudiras-segur-per-evitar-accidents-al-mar\/","og_site_name":"R\u00e0dio Litoral","article_publisher":"https:\/\/www.facebook.com\/Laradiolitoral\/","article_published_time":"2023-06-16T14:29:05+00:00","article_modified_time":"2023-06-16T14:34:21+00:00","og_image":[{"width":708,"height":473,"url":"https:\/\/media.radiolitoral.com\/wp-content\/uploads\/2023\/06\/07200019\/barco.jpg","type":"image\/jpeg"}],"author":"Mel Pescuezo","twitter_card":"summary_large_image","twitter_misc":{"Escrit per":"Mel Pescuezo","Temps estimat de lectura":"1 minut"},"schema":{"@context":"https:\/\/schema.org","@graph":[{"@type":"NewsArticle","@id":"https:\/\/radiolitoral.com\/2023\/06\/la-asociacion-de-turismo-nautico-de-la-marina-alta-se-une-a-la-campana-respetando-las-normas-disfrutaras-seguro-para-evitar-accidentes-en-el-mar\/#article","isPartOf":{"@id":"https:\/\/radiolitoral.com\/2023\/06\/la-asociacion-de-turismo-nautico-de-la-marina-alta-se-une-a-la-campana-respetando-las-normas-disfrutaras-seguro-para-evitar-accidentes-en-el-mar\/"},"author":{"name":"Mel Pescuezo","@id":"https:\/\/radiolitoral.com\/#\/schema\/person\/aad4f72efa404f85b68e832d24cac059"},"headline":"La Asociaci\u00f3n de Turismo N\u00e1utico de la Marina Alta se une a la campa\u00f1a \u201cRespetando las normas, disfrutar\u00e1s seguro\u201d para evitar accidentes","datePublished":"2023-06-16T14:29:05+00:00","dateModified":"2023-06-16T14:34:21+00:00","mainEntityOfPage":{"@id":"https:\/\/radiolitoral.com\/2023\/06\/la-asociacion-de-turismo-nautico-de-la-marina-alta-se-une-a-la-campana-respetando-las-normas-disfrutaras-seguro-para-evitar-accidentes-en-el-mar\/"},"wordCount":218,"commentCount":0,"publisher":{"@id":"https:\/\/radiolitoral.com\/#organization"},"image":{"@id":"https:\/\/radiolitoral.com\/2023\/06\/la-asociacion-de-turismo-nautico-de-la-marina-alta-se-une-a-la-campana-respetando-las-normas-disfrutaras-seguro-para-evitar-accidentes-en-el-mar\/#primaryimage"},"thumbnailUrl":"https:\/\/media.radiolitoral.com\/wp-content\/uploads\/2023\/06\/07200019\/barco.jpg","articleSection":["Educaci\u00f3n"],"inLanguage":"ca","potentialAction":[{"@type":"CommentAction","name":"Comment","target":["https:\/\/radiolitoral.com\/2023\/06\/la-asociacion-de-turismo-nautico-de-la-marina-alta-se-une-a-la-campana-respetando-las-normas-disfrutaras-seguro-para-evitar-accidentes-en-el-mar\/#respond"]}]},{"@type":["WebPage","ItemPage"],"@id":"https:\/\/radiolitoral.com\/2023\/06\/la-asociacion-de-turismo-nautico-de-la-marina-alta-se-une-a-la-campana-respetando-las-normas-disfrutaras-seguro-para-evitar-accidentes-en-el-mar\/","url":"https:\/\/radiolitoral.com\/2023\/06\/la-asociacion-de-turismo-nautico-de-la-marina-alta-se-une-a-la-campana-respetando-las-normas-disfrutaras-seguro-para-evitar-accidentes-en-el-mar\/","name":"L&#039;Associaci\u00f3 de Turisme N\u00e0utic de la Marina Alta s&#039;uneix a la campanya \u201cRespectant les normes, en gaudir\u00e0s segur\u201d per evitar accidents | R\u00e0dio Litoral","isPartOf":{"@id":"https:\/\/radiolitoral.com\/#website"},"primaryImageOfPage":{"@id":"https:\/\/radiolitoral.com\/2023\/06\/la-asociacion-de-turismo-nautico-de-la-marina-alta-se-une-a-la-campana-respetando-las-normas-disfrutaras-seguro-para-evitar-accidentes-en-el-mar\/#primaryimage"},"image":{"@id":"https:\/\/radiolitoral.com\/2023\/06\/la-asociacion-de-turismo-nautico-de-la-marina-alta-se-une-a-la-campana-respetando-las-normas-disfrutaras-seguro-para-evitar-accidentes-en-el-mar\/#primaryimage"},"thumbnailUrl":"https:\/\/media.radiolitoral.com\/wp-content\/uploads\/2023\/06\/07200019\/barco.jpg","datePublished":"2023-06-16T14:29:05+00:00","dateModified":"2023-06-16T14:34:21+00:00","description":"S&#039;aposta per la conscienciaci\u00f3 i la formaci\u00f3 dels usuaris de mar S&#039;aposta per la conscienciaci\u00f3 i la formaci\u00f3 dels usuaris de mar","breadcrumb":{"@id":"https:\/\/radiolitoral.com\/2023\/06\/la-asociacion-de-turismo-nautico-de-la-marina-alta-se-une-a-la-campana-respetando-las-normas-disfrutaras-seguro-para-evitar-accidentes-en-el-mar\/#breadcrumb"},"inLanguage":"ca","potentialAction":[{"@type":"ReadAction","target":["https:\/\/radiolitoral.com\/2023\/06\/la-asociacion-de-turismo-nautico-de-la-marina-alta-se-une-a-la-campana-respetando-las-normas-disfrutaras-seguro-para-evitar-accidentes-en-el-mar\/"]}]},{"@type":"ImageObject","inLanguage":"ca","@id":"https:\/\/radiolitoral.com\/2023\/06\/la-asociacion-de-turismo-nautico-de-la-marina-alta-se-une-a-la-campana-respetando-las-normas-disfrutaras-seguro-para-evitar-accidentes-en-el-mar\/#primaryimage","url":"https:\/\/media.radiolitoral.com\/wp-content\/uploads\/2023\/06\/07200019\/barco.jpg","contentUrl":"https:\/\/media.radiolitoral.com\/wp-content\/uploads\/2023\/06\/07200019\/barco.jpg","width":708,"height":473},{"@type":"BreadcrumbList","@id":"https:\/\/radiolitoral.com\/2023\/06\/la-asociacion-de-turismo-nautico-de-la-marina-alta-se-une-a-la-campana-respetando-las-normas-disfrutaras-seguro-para-evitar-accidentes-en-el-mar\/#breadcrumb","itemListElement":[{"@type":"ListItem","position":1,"name":"Portada","item":"https:\/\/radiolitoral.com\/"},{"@type":"ListItem","position":2,"name":"La Asociaci\u00f3n de Turismo N\u00e1utico de la Marina Alta se une a la campa\u00f1a \u201cRespetando las normas, disfrutar\u00e1s seguro\u201d para evitar accidentes"}]},{"@type":"WebSite","@id":"https:\/\/radiolitoral.com\/#website","url":"https:\/\/radiolitoral.com\/","name":"R\u00e0dio Litoral","description":"La r\u00e0dio local de la Marina Alta","publisher":{"@id":"https:\/\/radiolitoral.com\/#organization"},"alternateName":"Litoral FM","potentialAction":[{"@type":"SearchAction","target":{"@type":"EntryPoint","urlTemplate":"https:\/\/radiolitoral.com\/?s={search_term_string}"},"query-input":{"@type":"PropertyValueSpecification","valueRequired":true,"valueName":"search_term_string"}}],"inLanguage":"ca"},{"@type":"Organization","@id":"https:\/\/radiolitoral.com\/#organization","name":"R\u00e0dio Litoral","url":"https:\/\/radiolitoral.com\/","logo":{"@type":"ImageObject","inLanguage":"ca","@id":"https:\/\/radiolitoral.com\/#\/schema\/logo\/image\/","url":"https:\/\/media.radiolitoral.com\/wp-content\/uploads\/2023\/02\/24143238\/CL-V-RadioLitoral696.png","contentUrl":"https:\/\/media.radiolitoral.com\/wp-content\/uploads\/2023\/02\/24143238\/CL-V-RadioLitoral696.png","width":696,"height":696,"caption":"Radio Litoral"},"image":{"@id":"https:\/\/radiolitoral.com\/#\/schema\/logo\/image\/"},"sameAs":["https:\/\/www.facebook.com\/Laradiolitoral\/"]},{"@type":"Person","@id":"https:\/\/radiolitoral.com\/#\/schema\/person\/aad4f72efa404f85b68e832d24cac059","name":"Mel Pescuezo","image":{"@type":"ImageObject","inLanguage":"ca","@id":"https:\/\/secure.gravatar.com\/avatar\/993975ae489c70cb0dd9bfa9413a082f0bd276582dac13661af7b33f161e7eea?s=96&d=mm&r=g","url":"https:\/\/secure.gravatar.com\/avatar\/993975ae489c70cb0dd9bfa9413a082f0bd276582dac13661af7b33f161e7eea?s=96&d=mm&r=g","contentUrl":"https:\/\/secure.gravatar.com\/avatar\/993975ae489c70cb0dd9bfa9413a082f0bd276582dac13661af7b33f161e7eea?s=96&d=mm&r=g","caption":"Mel Pescuezo"},"url":"https:\/\/radiolitoral.com\/ca\/author\/serviciospararadios\/"}]}},"_links":{"self":[{"href":"https:\/\/radiolitoral.com\/ca\/wp-json\/wp\/v2\/posts\/4095","targetHints":{"allow":["GET"]}}],"collection":[{"href":"https:\/\/radiolitoral.com\/ca\/wp-json\/wp\/v2\/posts"}],"about":[{"href":"https:\/\/radiolitoral.com\/ca\/wp-json\/wp\/v2\/types\/post"}],"author":[{"embeddable":true,"href":"https:\/\/radiolitoral.com\/ca\/wp-json\/wp\/v2\/users\/21"}],"replies":[{"embeddable":true,"href":"https:\/\/radiolitoral.com\/ca\/wp-json\/wp\/v2\/comments?post=4095"}],"version-history":[{"count":2,"href":"https:\/\/radiolitoral.com\/ca\/wp-json\/wp\/v2\/posts\/4095\/revisions"}],"predecessor-version":[{"id":4100,"href":"https:\/\/radiolitoral.com\/ca\/wp-json\/wp\/v2\/posts\/4095\/revisions\/4100"}],"wp:featuredmedia":[{"embeddable":true,"href":"https:\/\/radiolitoral.com\/ca\/wp-json\/wp\/v2\/media\/3856"}],"wp:attachment":[{"href":"https:\/\/radiolitoral.com\/ca\/wp-json\/wp\/v2\/media?parent=4095"}],"wp:term":[{"taxonomy":"category","embeddable":true,"href":"https:\/\/radiolitoral.com\/ca\/wp-json\/wp\/v2\/categories?post=4095"},{"taxonomy":"post_tag","embeddable":true,"href":"https:\/\/radiolitoral.com\/ca\/wp-json\/wp\/v2\/tags?post=4095"}],"curies":[{"name":"wp","href":"https:\/\/api.w.org\/{rel}","templated":true}]}}