{"id":4091,"date":"2023-06-16T16:21:10","date_gmt":"2023-06-16T14:21:10","guid":{"rendered":"https:\/\/radiolitoral.com\/?p=4091"},"modified":"2023-06-16T16:21:26","modified_gmt":"2023-06-16T14:21:26","slug":"aprovat-provisionalment-lacondicionament-del-tram-benissa-gata-de-gorgos-pedreguer-de-la-n-332","status":"publish","type":"post","link":"https:\/\/radiolitoral.com\/ca\/2023\/06\/aprobado-provisionalmente-el-acondicionamiento-del-tramo-benissa-gata-de-gorgos-pedreguer-de-la-n-332\/","title":{"rendered":"Aprovat provisionalment l&#039;acondicionament del tram Benissa-Gata de Gorgos-Pedreguer de la N-332"},"content":{"rendered":"<p>El Ministeri de Transports, Mobilitat i Agenda Urbana (Mitma) ha aprovat provisionalment l&#039;Estudi Informatiu: \u00abCondicionament de la carretera N-332. Tram: Benissa \u2013 Gata de Gorgos \u2013 Pedreguer\u00bb.<\/p>\n<p>L&#039;anunci d&#039;aprovaci\u00f3 provisional s&#039;ha publicat aquesta setmana al Butllet\u00ed Oficial de l&#039;Estat (BOE) i la documentaci\u00f3 es pot consultar al seg\u00fcent enlla\u00e7: <a href=\"https:\/\/www.mitma.gob.es\/el-ministerio\/buscador-participacion-publica\/anuncio-de-la-demarcacion-de-carreteras-del-estado-en-la-comunidad-valenciana-sobre-la-aprobacion-provisional-del-estudio-informativo-acondicionamiento-de\">EI Condicionament N-332<\/a>.<\/p>\n<p>L&#039;estudi conclou que l&#039;alternativa 3D \u00e9s la m\u00e9s favorable d&#039;acord amb l&#039;an\u00e0lisi multicriteri realitzada, en qu\u00e8 s&#039;han valorat factors funcionals, mediambientals, econ\u00f2mics, territorials i de seguretat vi\u00e0ria. S&#039;estima que el pressupost base de licitaci\u00f3 de les obres d&#039;aquesta alternativa pujar\u00e0 a 30 milions d&#039;euros (IVA incl\u00f2s).<\/p>\n<p>Un projecte amb qu\u00e8, segons fonts ministerials, es pret\u00e9n facilitar l&#039;accessibilitat als municipis d&#039;Ondara, D\u00e9nia, Pedreguer, Gata de Gorgos, X\u00e0bia, Benissa i Teulada, entre d&#039;altres poblacions.<\/p>\n<p>Des del Mitma destaquen que la N-332 forma part de les infraestructures del Corredor Mediterrani de carreteres, constituint un dels principals itineraris de connexi\u00f3 entre els municipis de la costa llevantina. Entre Ondara i Gata de Gorgos presenta una intensitat mitjana di\u00e0ria propera als 20.000 vehicles al dia, amb puntes de tr\u00e0nsit en per\u00edode estival en ser l&#039;itinerari principal al terme municipal de X\u00e0bia.<\/p>\n<p>L&#039;eliminaci\u00f3 del peatge de l&#039;autopista AP-7 el 31 de desembre del 2019 ha perm\u00e8s potenciar la utilitzaci\u00f3 de l&#039;autopista AP-7 com a corredor d&#039;alta capacitat a la comarca de la Marina Alta.<\/p>\n<p>Amb l&#039;objectiu de reduir a la meitat el tr\u00e0nsit a la carretera N-332, millorar la seguretat vi\u00e0ria i reduir els temps de recorregut, Mitma ha coordinat amb els ajuntaments de Pedreguer i Gata de Gorgos, i amb els desenvolupaments industrials d&#039;Oquins i Plans , la implantaci\u00f3 d&#039;una nova connexi\u00f3 de l&#039;autopista AP-7 amb la carretera N-332.<\/p>\n<p>La nova connexi\u00f3 inclou un enlla\u00e7 nou amb l&#039;autopista AP-7, el condicionament d&#039;un tram de la carretera CV-732 de la Diputaci\u00f3 d&#039;Alacant i la remodelaci\u00f3 de l&#039;enlla\u00e7 existent entre la carretera N-332 i CV-734 de la Generalitat Valenciana .<\/p>\n<p>Aquesta nova connexi\u00f3 amb l&#039;autopista AP-7 tamb\u00e9 permetr\u00e0 reduir el tr\u00e0nsit a l&#039;enlla\u00e7 d&#039;Ondara i D\u00e9nia i l&#039;enlla\u00e7 de Benissa, millorant l&#039;accessibilitat als municipis d&#039;Ondara, D\u00e9nia, Pedreguer, Gata de Gorgos, X\u00e0bia, Benissa i Teulada, entre d&#039;altres.<\/p>\n<p>Aquesta millora a les infraestructures, juntament amb la posada en servei de la Variant de Benissa el juliol de 2022 i la propera licitaci\u00f3 de les obres del projecte complementari de la Variant de Benissa, que implica l&#039;acondicionament de la carretera N-332 entre Benissa i Teulada suposa un gran salt en la mobilitat i la seguretat vi\u00e0ria a la comarca de la Marina Alta, amb m\u00e9s connectivitat amb l&#039;autopista AP-7, segons fonts del Ministeri.<\/p>","protected":false},"excerpt":{"rendered":"<p>El Ministerio de Transportes, Movilidad y Agenda Urbana (Mitma) ha aprobado provisionalmente el Estudio Informativo: \u00abAcondicionamiento de la Carretera N-332. Tramo: Benissa &#8211; Gata de Gorgos &#8211; Pedreguer\u00bb. El anuncio de aprobaci\u00f3n provisional se ha publicado esta semana en el Bolet\u00edn Oficial del Estado (BOE) y la documentaci\u00f3n puede consultarse en el siguiente enlace: E.I. [&#8230;]<\/p>\n<p><a class=\"btn btn-secondary understrap-read-more-link\" href=\"https:\/\/radiolitoral.com\/ca\/2023\/06\/aprobado-provisionalmente-el-acondicionamiento-del-tramo-benissa-gata-de-gorgos-pedreguer-de-la-n-332\/\">Continua llegint&#8230;<span class=\"screen-reader-text\"> from Aprobado provisionalmente el acondicionamiento del tramo Benissa-Gata de Gorgos-Pedreguer de la N-332<\/span><\/a><\/p>\n","protected":false},"author":21,"featured_media":4092,"comment_status":"open","ping_status":"closed","sticky":false,"template":"","format":"standard","meta":{"_acf_changed":false,"inline_featured_image":false,"footnotes":""},"categories":[100],"tags":[],"class_list":["post-4091","post","type-post","status-publish","format-standard","has-post-thumbnail","hentry","category-obras","cobertura-marina-alta"],"acf":[],"yoast_head":"<!-- This site is optimized with the Yoast SEO plugin v27.5 - https:\/\/yoast.com\/product\/yoast-seo-wordpress\/ -->\n<title>Aprobado provisionalmente el acondicionamiento del tramo Benissa-Gata de Gorgos-Pedreguer de la N-332 | R\u00e0dio Litoral<\/title>\n<meta name=\"description\" content=\"Se pretende facilitar la accesibilidad a Ondara, D\u00e9nia, Pedreguer, Gata, X\u00e0bia, Benissa y Teulada, entre otras poblaciones Se pretende facilitar la accesibilidad a Ondara, D\u00e9nia, Pedreguer, Gata, X\u00e0bia, Benissa y Teulada, entre otras poblaciones\" \/>\n<meta name=\"robots\" content=\"index, follow, max-snippet:-1, max-image-preview:large, max-video-preview:-1\" \/>\n<link rel=\"canonical\" href=\"https:\/\/radiolitoral.com\/ca\/2023\/06\/aprovat-provisionalment-lacondicionament-del-tram-benissa-gata-de-gorgos-pedreguer-de-la-n-332\/\" \/>\n<meta property=\"og:locale\" content=\"ca_ES\" \/>\n<meta property=\"og:type\" content=\"article\" \/>\n<meta property=\"og:title\" content=\"Aprobado provisionalmente el acondicionamiento del tramo Benissa-Gata de Gorgos-Pedreguer de la N-332 | R\u00e0dio Litoral\" \/>\n<meta property=\"og:description\" content=\"Se pretende facilitar la accesibilidad a Ondara, D\u00e9nia, Pedreguer, Gata, X\u00e0bia, Benissa y Teulada, entre otras poblaciones Se pretende facilitar la accesibilidad a Ondara, D\u00e9nia, Pedreguer, Gata, X\u00e0bia, Benissa y Teulada, entre otras poblaciones\" \/>\n<meta property=\"og:url\" content=\"https:\/\/radiolitoral.com\/ca\/2023\/06\/aprovat-provisionalment-lacondicionament-del-tram-benissa-gata-de-gorgos-pedreguer-de-la-n-332\/\" \/>\n<meta property=\"og:site_name\" content=\"R\u00e0dio Litoral\" \/>\n<meta property=\"article:publisher\" content=\"https:\/\/www.facebook.com\/Laradiolitoral\/\" \/>\n<meta property=\"article:published_time\" content=\"2023-06-16T14:21:10+00:00\" \/>\n<meta property=\"article:modified_time\" content=\"2023-06-16T14:21:26+00:00\" \/>\n<meta property=\"og:image\" content=\"https:\/\/media.radiolitoral.com\/wp-content\/uploads\/2023\/06\/16162057\/Carrertera_332-scaled.jpg\" \/>\n\t<meta property=\"og:image:width\" content=\"2560\" \/>\n\t<meta property=\"og:image:height\" content=\"1799\" \/>\n\t<meta property=\"og:image:type\" content=\"image\/jpeg\" \/>\n<meta name=\"author\" content=\"Mel Pescuezo\" \/>\n<meta name=\"twitter:card\" content=\"summary_large_image\" \/>\n<meta name=\"twitter:label1\" content=\"Escrit per\" \/>\n\t<meta name=\"twitter:data1\" content=\"Mel Pescuezo\" \/>\n\t<meta name=\"twitter:label2\" content=\"Temps estimat de lectura\" \/>\n\t<meta name=\"twitter:data2\" content=\"3 minuts\" \/>\n<script type=\"application\/ld+json\" class=\"yoast-schema-graph\">{\"@context\":\"https:\\\/\\\/schema.org\",\"@graph\":[{\"@type\":\"NewsArticle\",\"@id\":\"https:\\\/\\\/radiolitoral.com\\\/2023\\\/06\\\/aprobado-provisionalmente-el-acondicionamiento-del-tramo-benissa-gata-de-gorgos-pedreguer-de-la-n-332\\\/#article\",\"isPartOf\":{\"@id\":\"https:\\\/\\\/radiolitoral.com\\\/2023\\\/06\\\/aprobado-provisionalmente-el-acondicionamiento-del-tramo-benissa-gata-de-gorgos-pedreguer-de-la-n-332\\\/\"},\"author\":{\"name\":\"Mel Pescuezo\",\"@id\":\"https:\\\/\\\/radiolitoral.com\\\/#\\\/schema\\\/person\\\/aad4f72efa404f85b68e832d24cac059\"},\"headline\":\"Aprobado provisionalmente el acondicionamiento del tramo Benissa-Gata de Gorgos-Pedreguer de la N-332\",\"datePublished\":\"2023-06-16T14:21:10+00:00\",\"dateModified\":\"2023-06-16T14:21:26+00:00\",\"mainEntityOfPage\":{\"@id\":\"https:\\\/\\\/radiolitoral.com\\\/2023\\\/06\\\/aprobado-provisionalmente-el-acondicionamiento-del-tramo-benissa-gata-de-gorgos-pedreguer-de-la-n-332\\\/\"},\"wordCount\":509,\"commentCount\":0,\"publisher\":{\"@id\":\"https:\\\/\\\/radiolitoral.com\\\/#organization\"},\"image\":{\"@id\":\"https:\\\/\\\/radiolitoral.com\\\/2023\\\/06\\\/aprobado-provisionalmente-el-acondicionamiento-del-tramo-benissa-gata-de-gorgos-pedreguer-de-la-n-332\\\/#primaryimage\"},\"thumbnailUrl\":\"https:\\\/\\\/media.radiolitoral.com\\\/wp-content\\\/uploads\\\/2023\\\/06\\\/16162057\\\/Carrertera_332-scaled.jpg\",\"articleSection\":[\"Obras\"],\"inLanguage\":\"ca\",\"potentialAction\":[{\"@type\":\"CommentAction\",\"name\":\"Comment\",\"target\":[\"https:\\\/\\\/radiolitoral.com\\\/2023\\\/06\\\/aprobado-provisionalmente-el-acondicionamiento-del-tramo-benissa-gata-de-gorgos-pedreguer-de-la-n-332\\\/#respond\"]}]},{\"@type\":[\"WebPage\",\"ItemPage\"],\"@id\":\"https:\\\/\\\/radiolitoral.com\\\/2023\\\/06\\\/aprobado-provisionalmente-el-acondicionamiento-del-tramo-benissa-gata-de-gorgos-pedreguer-de-la-n-332\\\/\",\"url\":\"https:\\\/\\\/radiolitoral.com\\\/2023\\\/06\\\/aprobado-provisionalmente-el-acondicionamiento-del-tramo-benissa-gata-de-gorgos-pedreguer-de-la-n-332\\\/\",\"name\":\"Aprobado provisionalmente el acondicionamiento del tramo Benissa-Gata de Gorgos-Pedreguer de la N-332 | R\u00e0dio Litoral\",\"isPartOf\":{\"@id\":\"https:\\\/\\\/radiolitoral.com\\\/#website\"},\"primaryImageOfPage\":{\"@id\":\"https:\\\/\\\/radiolitoral.com\\\/2023\\\/06\\\/aprobado-provisionalmente-el-acondicionamiento-del-tramo-benissa-gata-de-gorgos-pedreguer-de-la-n-332\\\/#primaryimage\"},\"image\":{\"@id\":\"https:\\\/\\\/radiolitoral.com\\\/2023\\\/06\\\/aprobado-provisionalmente-el-acondicionamiento-del-tramo-benissa-gata-de-gorgos-pedreguer-de-la-n-332\\\/#primaryimage\"},\"thumbnailUrl\":\"https:\\\/\\\/media.radiolitoral.com\\\/wp-content\\\/uploads\\\/2023\\\/06\\\/16162057\\\/Carrertera_332-scaled.jpg\",\"datePublished\":\"2023-06-16T14:21:10+00:00\",\"dateModified\":\"2023-06-16T14:21:26+00:00\",\"description\":\"Se pretende facilitar la accesibilidad a Ondara, D\u00e9nia, Pedreguer, Gata, X\u00e0bia, Benissa y Teulada, entre otras poblaciones Se pretende facilitar la accesibilidad a Ondara, D\u00e9nia, Pedreguer, Gata, X\u00e0bia, Benissa y Teulada, entre otras poblaciones\",\"breadcrumb\":{\"@id\":\"https:\\\/\\\/radiolitoral.com\\\/2023\\\/06\\\/aprobado-provisionalmente-el-acondicionamiento-del-tramo-benissa-gata-de-gorgos-pedreguer-de-la-n-332\\\/#breadcrumb\"},\"inLanguage\":\"ca\",\"potentialAction\":[{\"@type\":\"ReadAction\",\"target\":[\"https:\\\/\\\/radiolitoral.com\\\/2023\\\/06\\\/aprobado-provisionalmente-el-acondicionamiento-del-tramo-benissa-gata-de-gorgos-pedreguer-de-la-n-332\\\/\"]}]},{\"@type\":\"ImageObject\",\"inLanguage\":\"ca\",\"@id\":\"https:\\\/\\\/radiolitoral.com\\\/2023\\\/06\\\/aprobado-provisionalmente-el-acondicionamiento-del-tramo-benissa-gata-de-gorgos-pedreguer-de-la-n-332\\\/#primaryimage\",\"url\":\"https:\\\/\\\/media.radiolitoral.com\\\/wp-content\\\/uploads\\\/2023\\\/06\\\/16162057\\\/Carrertera_332-scaled.jpg\",\"contentUrl\":\"https:\\\/\\\/media.radiolitoral.com\\\/wp-content\\\/uploads\\\/2023\\\/06\\\/16162057\\\/Carrertera_332-scaled.jpg\",\"width\":2560,\"height\":1799},{\"@type\":\"BreadcrumbList\",\"@id\":\"https:\\\/\\\/radiolitoral.com\\\/2023\\\/06\\\/aprobado-provisionalmente-el-acondicionamiento-del-tramo-benissa-gata-de-gorgos-pedreguer-de-la-n-332\\\/#breadcrumb\",\"itemListElement\":[{\"@type\":\"ListItem\",\"position\":1,\"name\":\"Portada\",\"item\":\"https:\\\/\\\/radiolitoral.com\\\/\"},{\"@type\":\"ListItem\",\"position\":2,\"name\":\"Aprobado provisionalmente el acondicionamiento del tramo Benissa-Gata de Gorgos-Pedreguer de la N-332\"}]},{\"@type\":\"WebSite\",\"@id\":\"https:\\\/\\\/radiolitoral.com\\\/#website\",\"url\":\"https:\\\/\\\/radiolitoral.com\\\/\",\"name\":\"Radio Litoral\",\"description\":\"La radio local de la Marina Alta\",\"publisher\":{\"@id\":\"https:\\\/\\\/radiolitoral.com\\\/#organization\"},\"alternateName\":\"Litoral FM\",\"potentialAction\":[{\"@type\":\"SearchAction\",\"target\":{\"@type\":\"EntryPoint\",\"urlTemplate\":\"https:\\\/\\\/radiolitoral.com\\\/?s={search_term_string}\"},\"query-input\":{\"@type\":\"PropertyValueSpecification\",\"valueRequired\":true,\"valueName\":\"search_term_string\"}}],\"inLanguage\":\"ca\"},{\"@type\":\"Organization\",\"@id\":\"https:\\\/\\\/radiolitoral.com\\\/#organization\",\"name\":\"Radio Litoral\",\"url\":\"https:\\\/\\\/radiolitoral.com\\\/\",\"logo\":{\"@type\":\"ImageObject\",\"inLanguage\":\"ca\",\"@id\":\"https:\\\/\\\/radiolitoral.com\\\/#\\\/schema\\\/logo\\\/image\\\/\",\"url\":\"https:\\\/\\\/media.radiolitoral.com\\\/wp-content\\\/uploads\\\/2023\\\/02\\\/24143238\\\/CL-V-RadioLitoral696.png\",\"contentUrl\":\"https:\\\/\\\/media.radiolitoral.com\\\/wp-content\\\/uploads\\\/2023\\\/02\\\/24143238\\\/CL-V-RadioLitoral696.png\",\"width\":696,\"height\":696,\"caption\":\"Radio Litoral\"},\"image\":{\"@id\":\"https:\\\/\\\/radiolitoral.com\\\/#\\\/schema\\\/logo\\\/image\\\/\"},\"sameAs\":[\"https:\\\/\\\/www.facebook.com\\\/Laradiolitoral\\\/\"]},{\"@type\":\"Person\",\"@id\":\"https:\\\/\\\/radiolitoral.com\\\/#\\\/schema\\\/person\\\/aad4f72efa404f85b68e832d24cac059\",\"name\":\"Mel Pescuezo\",\"image\":{\"@type\":\"ImageObject\",\"inLanguage\":\"ca\",\"@id\":\"https:\\\/\\\/secure.gravatar.com\\\/avatar\\\/993975ae489c70cb0dd9bfa9413a082f0bd276582dac13661af7b33f161e7eea?s=96&d=mm&r=g\",\"url\":\"https:\\\/\\\/secure.gravatar.com\\\/avatar\\\/993975ae489c70cb0dd9bfa9413a082f0bd276582dac13661af7b33f161e7eea?s=96&d=mm&r=g\",\"contentUrl\":\"https:\\\/\\\/secure.gravatar.com\\\/avatar\\\/993975ae489c70cb0dd9bfa9413a082f0bd276582dac13661af7b33f161e7eea?s=96&d=mm&r=g\",\"caption\":\"Mel Pescuezo\"},\"url\":\"https:\\\/\\\/radiolitoral.com\\\/ca\\\/author\\\/serviciospararadios\\\/\"}]}<\/script>\n<!-- \/ Yoast SEO plugin. -->","yoast_head_json":{"title":"Aprovat provisionalment l&#039;acondicionament del tram Benissa-Gata de Gorgos-Pedreguer de la N-332 | R\u00e0dio Litoral","description":"Es pret\u00e9n facilitar l&#039;accessibilitat a Ondara, D\u00e9nia, Pedreguer, Gata, X\u00e0bia, Benissa i Teulada, entre d&#039;altres poblacions Es pret\u00e9n facilitar l&#039;accessibilitat a Ondara, D\u00e9nia, Pedreguer, Gata, X\u00e0bia, Benissa i Teulada, entre d&#039;altres poblacions","robots":{"index":"index","follow":"follow","max-snippet":"max-snippet:-1","max-image-preview":"max-image-preview:large","max-video-preview":"max-video-preview:-1"},"canonical":"https:\/\/radiolitoral.com\/ca\/2023\/06\/aprovat-provisionalment-lacondicionament-del-tram-benissa-gata-de-gorgos-pedreguer-de-la-n-332\/","og_locale":"ca_ES","og_type":"article","og_title":"Aprobado provisionalmente el acondicionamiento del tramo Benissa-Gata de Gorgos-Pedreguer de la N-332 | R\u00e0dio Litoral","og_description":"Se pretende facilitar la accesibilidad a Ondara, D\u00e9nia, Pedreguer, Gata, X\u00e0bia, Benissa y Teulada, entre otras poblaciones Se pretende facilitar la accesibilidad a Ondara, D\u00e9nia, Pedreguer, Gata, X\u00e0bia, Benissa y Teulada, entre otras poblaciones","og_url":"https:\/\/radiolitoral.com\/ca\/2023\/06\/aprovat-provisionalment-lacondicionament-del-tram-benissa-gata-de-gorgos-pedreguer-de-la-n-332\/","og_site_name":"R\u00e0dio Litoral","article_publisher":"https:\/\/www.facebook.com\/Laradiolitoral\/","article_published_time":"2023-06-16T14:21:10+00:00","article_modified_time":"2023-06-16T14:21:26+00:00","og_image":[{"width":2560,"height":1799,"url":"https:\/\/media.radiolitoral.com\/wp-content\/uploads\/2023\/06\/16162057\/Carrertera_332-scaled.jpg","type":"image\/jpeg"}],"author":"Mel Pescuezo","twitter_card":"summary_large_image","twitter_misc":{"Escrit per":"Mel Pescuezo","Temps estimat de lectura":"3 minuts"},"schema":{"@context":"https:\/\/schema.org","@graph":[{"@type":"NewsArticle","@id":"https:\/\/radiolitoral.com\/2023\/06\/aprobado-provisionalmente-el-acondicionamiento-del-tramo-benissa-gata-de-gorgos-pedreguer-de-la-n-332\/#article","isPartOf":{"@id":"https:\/\/radiolitoral.com\/2023\/06\/aprobado-provisionalmente-el-acondicionamiento-del-tramo-benissa-gata-de-gorgos-pedreguer-de-la-n-332\/"},"author":{"name":"Mel Pescuezo","@id":"https:\/\/radiolitoral.com\/#\/schema\/person\/aad4f72efa404f85b68e832d24cac059"},"headline":"Aprobado provisionalmente el acondicionamiento del tramo Benissa-Gata de Gorgos-Pedreguer de la N-332","datePublished":"2023-06-16T14:21:10+00:00","dateModified":"2023-06-16T14:21:26+00:00","mainEntityOfPage":{"@id":"https:\/\/radiolitoral.com\/2023\/06\/aprobado-provisionalmente-el-acondicionamiento-del-tramo-benissa-gata-de-gorgos-pedreguer-de-la-n-332\/"},"wordCount":509,"commentCount":0,"publisher":{"@id":"https:\/\/radiolitoral.com\/#organization"},"image":{"@id":"https:\/\/radiolitoral.com\/2023\/06\/aprobado-provisionalmente-el-acondicionamiento-del-tramo-benissa-gata-de-gorgos-pedreguer-de-la-n-332\/#primaryimage"},"thumbnailUrl":"https:\/\/media.radiolitoral.com\/wp-content\/uploads\/2023\/06\/16162057\/Carrertera_332-scaled.jpg","articleSection":["Obras"],"inLanguage":"ca","potentialAction":[{"@type":"CommentAction","name":"Comment","target":["https:\/\/radiolitoral.com\/2023\/06\/aprobado-provisionalmente-el-acondicionamiento-del-tramo-benissa-gata-de-gorgos-pedreguer-de-la-n-332\/#respond"]}]},{"@type":["WebPage","ItemPage"],"@id":"https:\/\/radiolitoral.com\/2023\/06\/aprobado-provisionalmente-el-acondicionamiento-del-tramo-benissa-gata-de-gorgos-pedreguer-de-la-n-332\/","url":"https:\/\/radiolitoral.com\/2023\/06\/aprobado-provisionalmente-el-acondicionamiento-del-tramo-benissa-gata-de-gorgos-pedreguer-de-la-n-332\/","name":"Aprovat provisionalment l&#039;acondicionament del tram Benissa-Gata de Gorgos-Pedreguer de la N-332 | R\u00e0dio Litoral","isPartOf":{"@id":"https:\/\/radiolitoral.com\/#website"},"primaryImageOfPage":{"@id":"https:\/\/radiolitoral.com\/2023\/06\/aprobado-provisionalmente-el-acondicionamiento-del-tramo-benissa-gata-de-gorgos-pedreguer-de-la-n-332\/#primaryimage"},"image":{"@id":"https:\/\/radiolitoral.com\/2023\/06\/aprobado-provisionalmente-el-acondicionamiento-del-tramo-benissa-gata-de-gorgos-pedreguer-de-la-n-332\/#primaryimage"},"thumbnailUrl":"https:\/\/media.radiolitoral.com\/wp-content\/uploads\/2023\/06\/16162057\/Carrertera_332-scaled.jpg","datePublished":"2023-06-16T14:21:10+00:00","dateModified":"2023-06-16T14:21:26+00:00","description":"Es pret\u00e9n facilitar l&#039;accessibilitat a Ondara, D\u00e9nia, Pedreguer, Gata, X\u00e0bia, Benissa i Teulada, entre d&#039;altres poblacions Es pret\u00e9n facilitar l&#039;accessibilitat a Ondara, D\u00e9nia, Pedreguer, Gata, X\u00e0bia, Benissa i Teulada, entre d&#039;altres poblacions","breadcrumb":{"@id":"https:\/\/radiolitoral.com\/2023\/06\/aprobado-provisionalmente-el-acondicionamiento-del-tramo-benissa-gata-de-gorgos-pedreguer-de-la-n-332\/#breadcrumb"},"inLanguage":"ca","potentialAction":[{"@type":"ReadAction","target":["https:\/\/radiolitoral.com\/2023\/06\/aprobado-provisionalmente-el-acondicionamiento-del-tramo-benissa-gata-de-gorgos-pedreguer-de-la-n-332\/"]}]},{"@type":"ImageObject","inLanguage":"ca","@id":"https:\/\/radiolitoral.com\/2023\/06\/aprobado-provisionalmente-el-acondicionamiento-del-tramo-benissa-gata-de-gorgos-pedreguer-de-la-n-332\/#primaryimage","url":"https:\/\/media.radiolitoral.com\/wp-content\/uploads\/2023\/06\/16162057\/Carrertera_332-scaled.jpg","contentUrl":"https:\/\/media.radiolitoral.com\/wp-content\/uploads\/2023\/06\/16162057\/Carrertera_332-scaled.jpg","width":2560,"height":1799},{"@type":"BreadcrumbList","@id":"https:\/\/radiolitoral.com\/2023\/06\/aprobado-provisionalmente-el-acondicionamiento-del-tramo-benissa-gata-de-gorgos-pedreguer-de-la-n-332\/#breadcrumb","itemListElement":[{"@type":"ListItem","position":1,"name":"Portada","item":"https:\/\/radiolitoral.com\/"},{"@type":"ListItem","position":2,"name":"Aprobado provisionalmente el acondicionamiento del tramo Benissa-Gata de Gorgos-Pedreguer de la N-332"}]},{"@type":"WebSite","@id":"https:\/\/radiolitoral.com\/#website","url":"https:\/\/radiolitoral.com\/","name":"R\u00e0dio Litoral","description":"La r\u00e0dio local de la Marina Alta","publisher":{"@id":"https:\/\/radiolitoral.com\/#organization"},"alternateName":"Litoral FM","potentialAction":[{"@type":"SearchAction","target":{"@type":"EntryPoint","urlTemplate":"https:\/\/radiolitoral.com\/?s={search_term_string}"},"query-input":{"@type":"PropertyValueSpecification","valueRequired":true,"valueName":"search_term_string"}}],"inLanguage":"ca"},{"@type":"Organization","@id":"https:\/\/radiolitoral.com\/#organization","name":"R\u00e0dio Litoral","url":"https:\/\/radiolitoral.com\/","logo":{"@type":"ImageObject","inLanguage":"ca","@id":"https:\/\/radiolitoral.com\/#\/schema\/logo\/image\/","url":"https:\/\/media.radiolitoral.com\/wp-content\/uploads\/2023\/02\/24143238\/CL-V-RadioLitoral696.png","contentUrl":"https:\/\/media.radiolitoral.com\/wp-content\/uploads\/2023\/02\/24143238\/CL-V-RadioLitoral696.png","width":696,"height":696,"caption":"Radio Litoral"},"image":{"@id":"https:\/\/radiolitoral.com\/#\/schema\/logo\/image\/"},"sameAs":["https:\/\/www.facebook.com\/Laradiolitoral\/"]},{"@type":"Person","@id":"https:\/\/radiolitoral.com\/#\/schema\/person\/aad4f72efa404f85b68e832d24cac059","name":"Mel Pescuezo","image":{"@type":"ImageObject","inLanguage":"ca","@id":"https:\/\/secure.gravatar.com\/avatar\/993975ae489c70cb0dd9bfa9413a082f0bd276582dac13661af7b33f161e7eea?s=96&d=mm&r=g","url":"https:\/\/secure.gravatar.com\/avatar\/993975ae489c70cb0dd9bfa9413a082f0bd276582dac13661af7b33f161e7eea?s=96&d=mm&r=g","contentUrl":"https:\/\/secure.gravatar.com\/avatar\/993975ae489c70cb0dd9bfa9413a082f0bd276582dac13661af7b33f161e7eea?s=96&d=mm&r=g","caption":"Mel Pescuezo"},"url":"https:\/\/radiolitoral.com\/ca\/author\/serviciospararadios\/"}]}},"_links":{"self":[{"href":"https:\/\/radiolitoral.com\/ca\/wp-json\/wp\/v2\/posts\/4091","targetHints":{"allow":["GET"]}}],"collection":[{"href":"https:\/\/radiolitoral.com\/ca\/wp-json\/wp\/v2\/posts"}],"about":[{"href":"https:\/\/radiolitoral.com\/ca\/wp-json\/wp\/v2\/types\/post"}],"author":[{"embeddable":true,"href":"https:\/\/radiolitoral.com\/ca\/wp-json\/wp\/v2\/users\/21"}],"replies":[{"embeddable":true,"href":"https:\/\/radiolitoral.com\/ca\/wp-json\/wp\/v2\/comments?post=4091"}],"version-history":[{"count":1,"href":"https:\/\/radiolitoral.com\/ca\/wp-json\/wp\/v2\/posts\/4091\/revisions"}],"predecessor-version":[{"id":4093,"href":"https:\/\/radiolitoral.com\/ca\/wp-json\/wp\/v2\/posts\/4091\/revisions\/4093"}],"wp:featuredmedia":[{"embeddable":true,"href":"https:\/\/radiolitoral.com\/ca\/wp-json\/wp\/v2\/media\/4092"}],"wp:attachment":[{"href":"https:\/\/radiolitoral.com\/ca\/wp-json\/wp\/v2\/media?parent=4091"}],"wp:term":[{"taxonomy":"category","embeddable":true,"href":"https:\/\/radiolitoral.com\/ca\/wp-json\/wp\/v2\/categories?post=4091"},{"taxonomy":"post_tag","embeddable":true,"href":"https:\/\/radiolitoral.com\/ca\/wp-json\/wp\/v2\/tags?post=4091"}],"curies":[{"name":"wp","href":"https:\/\/api.w.org\/{rel}","templated":true}]}}