{"id":4085,"date":"2023-06-16T16:05:48","date_gmt":"2023-06-16T14:05:48","guid":{"rendered":"https:\/\/radiolitoral.com\/?p=4085"},"modified":"2023-06-16T16:09:55","modified_gmt":"2023-06-16T14:09:55","slug":"jose-ramiro-substituira-a-oscar-mingual-diputat-provincial-socialista-per-la-marina-alta","status":"publish","type":"post","link":"https:\/\/radiolitoral.com\/ca\/2023\/06\/jose-ramiro-sustituira-a-oscar-mengual-diputado-provincial-socialista-por-la-marina-alta\/","title":{"rendered":"Jos\u00e9 Ramiro, alcalde d&#039;Ondara, substituir\u00e0 \u00d3scar Mengual, diputat provincial socialista per la Marina Alta"},"content":{"rendered":"<p>L&#039;executiva provincial del PSPV ha aprovat el llistat dels representants municipals que seran diputats provincials la propera legislatura i designat per la Marina Alta, a qui ha estat alcalde d&#039;Ondara des del 2017, Jos\u00e9 Ramiro. Recordeu que Ramiro \u00e9s tamb\u00e9 el secretari comarcal dels socialistes.<\/p>\n<p>D&#039;aquesta manera Jos\u00e9 Ramiro substituir\u00e0 \u00d3scar Mengual, que ha estat el diputat provincial socialista per la Marina Alta en els darrers quatre anys.<\/p>\n<p>Faltaria con\u00e8ixer la decisi\u00f3 oficial de la resta de partits. Apuntar que al PP li correspon un diputat per la comarca, i Comprom\u00eds en tindr\u00e0 un altre. El portaveu a Calp de la coalici\u00f3 valencianista, Ximo Perles, \u00e9s un dels candidats a aquest c\u00e0rrec, i tamb\u00e9 la regidora de Pedreguer, Noelia Miralles ha mostrat el seu inter\u00e8s per ocupar aquesta pla\u00e7a a la instituci\u00f3 provincial.<\/p>\n<p>&nbsp;<\/p>","protected":false},"excerpt":{"rendered":"<p>La ejecutiva provincial del PSPV ha aprobado el listado de los representantes municipales que ser\u00e1n diputados provinciales en la pr\u00f3xima legislatura y designado por la Marina Alta, al que ha sido alcalde de Ondara desde 2017, Jos\u00e9 Ramiro. Recordar que Ramiro es tambi\u00e9n el secretario comarcal de los socialistas. De esta forma Jos\u00e9 Ramiro sustituir\u00e1\u00a0a [&#8230;]<\/p>\n<p><a class=\"btn btn-secondary understrap-read-more-link\" href=\"https:\/\/radiolitoral.com\/ca\/2023\/06\/jose-ramiro-sustituira-a-oscar-mengual-diputado-provincial-socialista-por-la-marina-alta\/\">Continua llegint&#8230;<span class=\"screen-reader-text\"> from Jos\u00e9 Ramiro, alcalde de Ondara, sustituir\u00e1\u00a0a \u00d3scar Mengual, diputado provincial socialista por la Marina Alta<\/span><\/a><\/p>\n","protected":false},"author":21,"featured_media":4086,"comment_status":"open","ping_status":"closed","sticky":false,"template":"","format":"standard","meta":{"_acf_changed":false,"inline_featured_image":false,"footnotes":""},"categories":[13],"tags":[770,771],"class_list":["post-4085","post","type-post","status-publish","format-standard","has-post-thumbnail","hentry","category-politica","tag-alcalde-ondara","tag-jose-ramiro","cobertura-ondara"],"acf":[],"yoast_head":"<!-- This site is optimized with the Yoast SEO plugin v27.5 - https:\/\/yoast.com\/product\/yoast-seo-wordpress\/ -->\n<title>Jos\u00e9 Ramiro, alcalde de Ondara, sustituir\u00e1\u00a0a \u00d3scar Mengual, diputado provincial socialista por la Marina Alta | R\u00e0dio Litoral<\/title>\n<meta name=\"description\" content=\"Ramiro es tambi\u00e9n el secretario comarcal de los socialistas\" \/>\n<meta name=\"robots\" content=\"index, follow, max-snippet:-1, max-image-preview:large, max-video-preview:-1\" \/>\n<link rel=\"canonical\" href=\"https:\/\/radiolitoral.com\/ca\/2023\/06\/jose-ramiro-substituira-a-oscar-mingual-diputat-provincial-socialista-per-la-marina-alta\/\" \/>\n<meta property=\"og:locale\" content=\"ca_ES\" \/>\n<meta property=\"og:type\" content=\"article\" \/>\n<meta property=\"og:title\" content=\"Jos\u00e9 Ramiro, alcalde de Ondara, sustituir\u00e1\u00a0a \u00d3scar Mengual, diputado provincial socialista por la Marina Alta | R\u00e0dio Litoral\" \/>\n<meta property=\"og:description\" content=\"Ramiro es tambi\u00e9n el secretario comarcal de los socialistas\" \/>\n<meta property=\"og:url\" content=\"https:\/\/radiolitoral.com\/ca\/2023\/06\/jose-ramiro-substituira-a-oscar-mingual-diputat-provincial-socialista-per-la-marina-alta\/\" \/>\n<meta property=\"og:site_name\" content=\"R\u00e0dio Litoral\" \/>\n<meta property=\"article:publisher\" content=\"https:\/\/www.facebook.com\/Laradiolitoral\/\" \/>\n<meta property=\"article:published_time\" content=\"2023-06-16T14:05:48+00:00\" \/>\n<meta property=\"article:modified_time\" content=\"2023-06-16T14:09:55+00:00\" \/>\n<meta property=\"og:image\" content=\"https:\/\/media.radiolitoral.com\/wp-content\/uploads\/2023\/06\/16160419\/1483363520_716309_1483380027_noticia_normal.jpg\" \/>\n\t<meta property=\"og:image:width\" content=\"770\" \/>\n\t<meta property=\"og:image:height\" content=\"807\" \/>\n\t<meta property=\"og:image:type\" content=\"image\/jpeg\" \/>\n<meta name=\"author\" content=\"Mel Pescuezo\" \/>\n<meta name=\"twitter:card\" content=\"summary_large_image\" \/>\n<meta name=\"twitter:label1\" content=\"Escrit per\" \/>\n\t<meta name=\"twitter:data1\" content=\"Mel Pescuezo\" \/>\n\t<meta name=\"twitter:label2\" content=\"Temps estimat de lectura\" \/>\n\t<meta name=\"twitter:data2\" content=\"1 minut\" \/>\n<script type=\"application\/ld+json\" class=\"yoast-schema-graph\">{\"@context\":\"https:\\\/\\\/schema.org\",\"@graph\":[{\"@type\":\"NewsArticle\",\"@id\":\"https:\\\/\\\/radiolitoral.com\\\/2023\\\/06\\\/jose-ramiro-sustituira-a-oscar-mengual-diputado-provincial-socialista-por-la-marina-alta\\\/#article\",\"isPartOf\":{\"@id\":\"https:\\\/\\\/radiolitoral.com\\\/2023\\\/06\\\/jose-ramiro-sustituira-a-oscar-mengual-diputado-provincial-socialista-por-la-marina-alta\\\/\"},\"author\":{\"name\":\"Mel Pescuezo\",\"@id\":\"https:\\\/\\\/radiolitoral.com\\\/#\\\/schema\\\/person\\\/aad4f72efa404f85b68e832d24cac059\"},\"headline\":\"Jos\u00e9 Ramiro, alcalde de Ondara, sustituir\u00e1\u00a0a \u00d3scar Mengual, diputado provincial socialista por la Marina Alta\",\"datePublished\":\"2023-06-16T14:05:48+00:00\",\"dateModified\":\"2023-06-16T14:09:55+00:00\",\"mainEntityOfPage\":{\"@id\":\"https:\\\/\\\/radiolitoral.com\\\/2023\\\/06\\\/jose-ramiro-sustituira-a-oscar-mengual-diputado-provincial-socialista-por-la-marina-alta\\\/\"},\"wordCount\":163,\"commentCount\":0,\"publisher\":{\"@id\":\"https:\\\/\\\/radiolitoral.com\\\/#organization\"},\"image\":{\"@id\":\"https:\\\/\\\/radiolitoral.com\\\/2023\\\/06\\\/jose-ramiro-sustituira-a-oscar-mengual-diputado-provincial-socialista-por-la-marina-alta\\\/#primaryimage\"},\"thumbnailUrl\":\"https:\\\/\\\/media.radiolitoral.com\\\/wp-content\\\/uploads\\\/2023\\\/06\\\/16160419\\\/1483363520_716309_1483380027_noticia_normal.jpg\",\"keywords\":[\"Alcalde Ondara\",\"Jos\u00e9 Ramiro\"],\"articleSection\":[\"Pol\u00edtica\"],\"inLanguage\":\"ca\",\"potentialAction\":[{\"@type\":\"CommentAction\",\"name\":\"Comment\",\"target\":[\"https:\\\/\\\/radiolitoral.com\\\/2023\\\/06\\\/jose-ramiro-sustituira-a-oscar-mengual-diputado-provincial-socialista-por-la-marina-alta\\\/#respond\"]}]},{\"@type\":[\"WebPage\",\"ItemPage\"],\"@id\":\"https:\\\/\\\/radiolitoral.com\\\/2023\\\/06\\\/jose-ramiro-sustituira-a-oscar-mengual-diputado-provincial-socialista-por-la-marina-alta\\\/\",\"url\":\"https:\\\/\\\/radiolitoral.com\\\/2023\\\/06\\\/jose-ramiro-sustituira-a-oscar-mengual-diputado-provincial-socialista-por-la-marina-alta\\\/\",\"name\":\"Jos\u00e9 Ramiro, alcalde de Ondara, sustituir\u00e1\u00a0a \u00d3scar Mengual, diputado provincial socialista por la Marina Alta | R\u00e0dio Litoral\",\"isPartOf\":{\"@id\":\"https:\\\/\\\/radiolitoral.com\\\/#website\"},\"primaryImageOfPage\":{\"@id\":\"https:\\\/\\\/radiolitoral.com\\\/2023\\\/06\\\/jose-ramiro-sustituira-a-oscar-mengual-diputado-provincial-socialista-por-la-marina-alta\\\/#primaryimage\"},\"image\":{\"@id\":\"https:\\\/\\\/radiolitoral.com\\\/2023\\\/06\\\/jose-ramiro-sustituira-a-oscar-mengual-diputado-provincial-socialista-por-la-marina-alta\\\/#primaryimage\"},\"thumbnailUrl\":\"https:\\\/\\\/media.radiolitoral.com\\\/wp-content\\\/uploads\\\/2023\\\/06\\\/16160419\\\/1483363520_716309_1483380027_noticia_normal.jpg\",\"datePublished\":\"2023-06-16T14:05:48+00:00\",\"dateModified\":\"2023-06-16T14:09:55+00:00\",\"description\":\"Ramiro es tambi\u00e9n el secretario comarcal de los socialistas\",\"breadcrumb\":{\"@id\":\"https:\\\/\\\/radiolitoral.com\\\/2023\\\/06\\\/jose-ramiro-sustituira-a-oscar-mengual-diputado-provincial-socialista-por-la-marina-alta\\\/#breadcrumb\"},\"inLanguage\":\"ca\",\"potentialAction\":[{\"@type\":\"ReadAction\",\"target\":[\"https:\\\/\\\/radiolitoral.com\\\/2023\\\/06\\\/jose-ramiro-sustituira-a-oscar-mengual-diputado-provincial-socialista-por-la-marina-alta\\\/\"]}]},{\"@type\":\"ImageObject\",\"inLanguage\":\"ca\",\"@id\":\"https:\\\/\\\/radiolitoral.com\\\/2023\\\/06\\\/jose-ramiro-sustituira-a-oscar-mengual-diputado-provincial-socialista-por-la-marina-alta\\\/#primaryimage\",\"url\":\"https:\\\/\\\/media.radiolitoral.com\\\/wp-content\\\/uploads\\\/2023\\\/06\\\/16160419\\\/1483363520_716309_1483380027_noticia_normal.jpg\",\"contentUrl\":\"https:\\\/\\\/media.radiolitoral.com\\\/wp-content\\\/uploads\\\/2023\\\/06\\\/16160419\\\/1483363520_716309_1483380027_noticia_normal.jpg\",\"width\":770,\"height\":807},{\"@type\":\"BreadcrumbList\",\"@id\":\"https:\\\/\\\/radiolitoral.com\\\/2023\\\/06\\\/jose-ramiro-sustituira-a-oscar-mengual-diputado-provincial-socialista-por-la-marina-alta\\\/#breadcrumb\",\"itemListElement\":[{\"@type\":\"ListItem\",\"position\":1,\"name\":\"Portada\",\"item\":\"https:\\\/\\\/radiolitoral.com\\\/\"},{\"@type\":\"ListItem\",\"position\":2,\"name\":\"Jos\u00e9 Ramiro, alcalde de Ondara, sustituir\u00e1\u00a0a \u00d3scar Mengual, diputado provincial socialista por la Marina Alta\"}]},{\"@type\":\"WebSite\",\"@id\":\"https:\\\/\\\/radiolitoral.com\\\/#website\",\"url\":\"https:\\\/\\\/radiolitoral.com\\\/\",\"name\":\"Radio Litoral\",\"description\":\"La radio local de la Marina Alta\",\"publisher\":{\"@id\":\"https:\\\/\\\/radiolitoral.com\\\/#organization\"},\"alternateName\":\"Litoral FM\",\"potentialAction\":[{\"@type\":\"SearchAction\",\"target\":{\"@type\":\"EntryPoint\",\"urlTemplate\":\"https:\\\/\\\/radiolitoral.com\\\/?s={search_term_string}\"},\"query-input\":{\"@type\":\"PropertyValueSpecification\",\"valueRequired\":true,\"valueName\":\"search_term_string\"}}],\"inLanguage\":\"ca\"},{\"@type\":\"Organization\",\"@id\":\"https:\\\/\\\/radiolitoral.com\\\/#organization\",\"name\":\"Radio Litoral\",\"url\":\"https:\\\/\\\/radiolitoral.com\\\/\",\"logo\":{\"@type\":\"ImageObject\",\"inLanguage\":\"ca\",\"@id\":\"https:\\\/\\\/radiolitoral.com\\\/#\\\/schema\\\/logo\\\/image\\\/\",\"url\":\"https:\\\/\\\/media.radiolitoral.com\\\/wp-content\\\/uploads\\\/2023\\\/02\\\/24143238\\\/CL-V-RadioLitoral696.png\",\"contentUrl\":\"https:\\\/\\\/media.radiolitoral.com\\\/wp-content\\\/uploads\\\/2023\\\/02\\\/24143238\\\/CL-V-RadioLitoral696.png\",\"width\":696,\"height\":696,\"caption\":\"Radio Litoral\"},\"image\":{\"@id\":\"https:\\\/\\\/radiolitoral.com\\\/#\\\/schema\\\/logo\\\/image\\\/\"},\"sameAs\":[\"https:\\\/\\\/www.facebook.com\\\/Laradiolitoral\\\/\"]},{\"@type\":\"Person\",\"@id\":\"https:\\\/\\\/radiolitoral.com\\\/#\\\/schema\\\/person\\\/aad4f72efa404f85b68e832d24cac059\",\"name\":\"Mel Pescuezo\",\"image\":{\"@type\":\"ImageObject\",\"inLanguage\":\"ca\",\"@id\":\"https:\\\/\\\/secure.gravatar.com\\\/avatar\\\/993975ae489c70cb0dd9bfa9413a082f0bd276582dac13661af7b33f161e7eea?s=96&d=mm&r=g\",\"url\":\"https:\\\/\\\/secure.gravatar.com\\\/avatar\\\/993975ae489c70cb0dd9bfa9413a082f0bd276582dac13661af7b33f161e7eea?s=96&d=mm&r=g\",\"contentUrl\":\"https:\\\/\\\/secure.gravatar.com\\\/avatar\\\/993975ae489c70cb0dd9bfa9413a082f0bd276582dac13661af7b33f161e7eea?s=96&d=mm&r=g\",\"caption\":\"Mel Pescuezo\"},\"url\":\"https:\\\/\\\/radiolitoral.com\\\/ca\\\/author\\\/serviciospararadios\\\/\"}]}<\/script>\n<!-- \/ Yoast SEO plugin. -->","yoast_head_json":{"title":"Jos\u00e9 Ramiro, alcalde d&#039;Ondara, substituir\u00e0 \u00d3scar Mengual, diputat provincial socialista per la Marina Alta | R\u00e0dio Litoral","description":"Ramiro \u00e9s tamb\u00e9 el secretari comarcal dels socialistes","robots":{"index":"index","follow":"follow","max-snippet":"max-snippet:-1","max-image-preview":"max-image-preview:large","max-video-preview":"max-video-preview:-1"},"canonical":"https:\/\/radiolitoral.com\/ca\/2023\/06\/jose-ramiro-substituira-a-oscar-mingual-diputat-provincial-socialista-per-la-marina-alta\/","og_locale":"ca_ES","og_type":"article","og_title":"Jos\u00e9 Ramiro, alcalde de Ondara, sustituir\u00e1\u00a0a \u00d3scar Mengual, diputado provincial socialista por la Marina Alta | R\u00e0dio Litoral","og_description":"Ramiro es tambi\u00e9n el secretario comarcal de los socialistas","og_url":"https:\/\/radiolitoral.com\/ca\/2023\/06\/jose-ramiro-substituira-a-oscar-mingual-diputat-provincial-socialista-per-la-marina-alta\/","og_site_name":"R\u00e0dio Litoral","article_publisher":"https:\/\/www.facebook.com\/Laradiolitoral\/","article_published_time":"2023-06-16T14:05:48+00:00","article_modified_time":"2023-06-16T14:09:55+00:00","og_image":[{"width":770,"height":807,"url":"https:\/\/media.radiolitoral.com\/wp-content\/uploads\/2023\/06\/16160419\/1483363520_716309_1483380027_noticia_normal.jpg","type":"image\/jpeg"}],"author":"Mel Pescuezo","twitter_card":"summary_large_image","twitter_misc":{"Escrit per":"Mel Pescuezo","Temps estimat de lectura":"1 minut"},"schema":{"@context":"https:\/\/schema.org","@graph":[{"@type":"NewsArticle","@id":"https:\/\/radiolitoral.com\/2023\/06\/jose-ramiro-sustituira-a-oscar-mengual-diputado-provincial-socialista-por-la-marina-alta\/#article","isPartOf":{"@id":"https:\/\/radiolitoral.com\/2023\/06\/jose-ramiro-sustituira-a-oscar-mengual-diputado-provincial-socialista-por-la-marina-alta\/"},"author":{"name":"Mel Pescuezo","@id":"https:\/\/radiolitoral.com\/#\/schema\/person\/aad4f72efa404f85b68e832d24cac059"},"headline":"Jos\u00e9 Ramiro, alcalde de Ondara, sustituir\u00e1\u00a0a \u00d3scar Mengual, diputado provincial socialista por la Marina Alta","datePublished":"2023-06-16T14:05:48+00:00","dateModified":"2023-06-16T14:09:55+00:00","mainEntityOfPage":{"@id":"https:\/\/radiolitoral.com\/2023\/06\/jose-ramiro-sustituira-a-oscar-mengual-diputado-provincial-socialista-por-la-marina-alta\/"},"wordCount":163,"commentCount":0,"publisher":{"@id":"https:\/\/radiolitoral.com\/#organization"},"image":{"@id":"https:\/\/radiolitoral.com\/2023\/06\/jose-ramiro-sustituira-a-oscar-mengual-diputado-provincial-socialista-por-la-marina-alta\/#primaryimage"},"thumbnailUrl":"https:\/\/media.radiolitoral.com\/wp-content\/uploads\/2023\/06\/16160419\/1483363520_716309_1483380027_noticia_normal.jpg","keywords":["Alcalde Ondara","Jos\u00e9 Ramiro"],"articleSection":["Pol\u00edtica"],"inLanguage":"ca","potentialAction":[{"@type":"CommentAction","name":"Comment","target":["https:\/\/radiolitoral.com\/2023\/06\/jose-ramiro-sustituira-a-oscar-mengual-diputado-provincial-socialista-por-la-marina-alta\/#respond"]}]},{"@type":["WebPage","ItemPage"],"@id":"https:\/\/radiolitoral.com\/2023\/06\/jose-ramiro-sustituira-a-oscar-mengual-diputado-provincial-socialista-por-la-marina-alta\/","url":"https:\/\/radiolitoral.com\/2023\/06\/jose-ramiro-sustituira-a-oscar-mengual-diputado-provincial-socialista-por-la-marina-alta\/","name":"Jos\u00e9 Ramiro, alcalde d&#039;Ondara, substituir\u00e0 \u00d3scar Mengual, diputat provincial socialista per la Marina Alta | R\u00e0dio Litoral","isPartOf":{"@id":"https:\/\/radiolitoral.com\/#website"},"primaryImageOfPage":{"@id":"https:\/\/radiolitoral.com\/2023\/06\/jose-ramiro-sustituira-a-oscar-mengual-diputado-provincial-socialista-por-la-marina-alta\/#primaryimage"},"image":{"@id":"https:\/\/radiolitoral.com\/2023\/06\/jose-ramiro-sustituira-a-oscar-mengual-diputado-provincial-socialista-por-la-marina-alta\/#primaryimage"},"thumbnailUrl":"https:\/\/media.radiolitoral.com\/wp-content\/uploads\/2023\/06\/16160419\/1483363520_716309_1483380027_noticia_normal.jpg","datePublished":"2023-06-16T14:05:48+00:00","dateModified":"2023-06-16T14:09:55+00:00","description":"Ramiro \u00e9s tamb\u00e9 el secretari comarcal dels socialistes","breadcrumb":{"@id":"https:\/\/radiolitoral.com\/2023\/06\/jose-ramiro-sustituira-a-oscar-mengual-diputado-provincial-socialista-por-la-marina-alta\/#breadcrumb"},"inLanguage":"ca","potentialAction":[{"@type":"ReadAction","target":["https:\/\/radiolitoral.com\/2023\/06\/jose-ramiro-sustituira-a-oscar-mengual-diputado-provincial-socialista-por-la-marina-alta\/"]}]},{"@type":"ImageObject","inLanguage":"ca","@id":"https:\/\/radiolitoral.com\/2023\/06\/jose-ramiro-sustituira-a-oscar-mengual-diputado-provincial-socialista-por-la-marina-alta\/#primaryimage","url":"https:\/\/media.radiolitoral.com\/wp-content\/uploads\/2023\/06\/16160419\/1483363520_716309_1483380027_noticia_normal.jpg","contentUrl":"https:\/\/media.radiolitoral.com\/wp-content\/uploads\/2023\/06\/16160419\/1483363520_716309_1483380027_noticia_normal.jpg","width":770,"height":807},{"@type":"BreadcrumbList","@id":"https:\/\/radiolitoral.com\/2023\/06\/jose-ramiro-sustituira-a-oscar-mengual-diputado-provincial-socialista-por-la-marina-alta\/#breadcrumb","itemListElement":[{"@type":"ListItem","position":1,"name":"Portada","item":"https:\/\/radiolitoral.com\/"},{"@type":"ListItem","position":2,"name":"Jos\u00e9 Ramiro, alcalde de Ondara, sustituir\u00e1\u00a0a \u00d3scar Mengual, diputado provincial socialista por la Marina Alta"}]},{"@type":"WebSite","@id":"https:\/\/radiolitoral.com\/#website","url":"https:\/\/radiolitoral.com\/","name":"R\u00e0dio Litoral","description":"La r\u00e0dio local de la Marina Alta","publisher":{"@id":"https:\/\/radiolitoral.com\/#organization"},"alternateName":"Litoral FM","potentialAction":[{"@type":"SearchAction","target":{"@type":"EntryPoint","urlTemplate":"https:\/\/radiolitoral.com\/?s={search_term_string}"},"query-input":{"@type":"PropertyValueSpecification","valueRequired":true,"valueName":"search_term_string"}}],"inLanguage":"ca"},{"@type":"Organization","@id":"https:\/\/radiolitoral.com\/#organization","name":"R\u00e0dio Litoral","url":"https:\/\/radiolitoral.com\/","logo":{"@type":"ImageObject","inLanguage":"ca","@id":"https:\/\/radiolitoral.com\/#\/schema\/logo\/image\/","url":"https:\/\/media.radiolitoral.com\/wp-content\/uploads\/2023\/02\/24143238\/CL-V-RadioLitoral696.png","contentUrl":"https:\/\/media.radiolitoral.com\/wp-content\/uploads\/2023\/02\/24143238\/CL-V-RadioLitoral696.png","width":696,"height":696,"caption":"Radio Litoral"},"image":{"@id":"https:\/\/radiolitoral.com\/#\/schema\/logo\/image\/"},"sameAs":["https:\/\/www.facebook.com\/Laradiolitoral\/"]},{"@type":"Person","@id":"https:\/\/radiolitoral.com\/#\/schema\/person\/aad4f72efa404f85b68e832d24cac059","name":"Mel Pescuezo","image":{"@type":"ImageObject","inLanguage":"ca","@id":"https:\/\/secure.gravatar.com\/avatar\/993975ae489c70cb0dd9bfa9413a082f0bd276582dac13661af7b33f161e7eea?s=96&d=mm&r=g","url":"https:\/\/secure.gravatar.com\/avatar\/993975ae489c70cb0dd9bfa9413a082f0bd276582dac13661af7b33f161e7eea?s=96&d=mm&r=g","contentUrl":"https:\/\/secure.gravatar.com\/avatar\/993975ae489c70cb0dd9bfa9413a082f0bd276582dac13661af7b33f161e7eea?s=96&d=mm&r=g","caption":"Mel Pescuezo"},"url":"https:\/\/radiolitoral.com\/ca\/author\/serviciospararadios\/"}]}},"_links":{"self":[{"href":"https:\/\/radiolitoral.com\/ca\/wp-json\/wp\/v2\/posts\/4085","targetHints":{"allow":["GET"]}}],"collection":[{"href":"https:\/\/radiolitoral.com\/ca\/wp-json\/wp\/v2\/posts"}],"about":[{"href":"https:\/\/radiolitoral.com\/ca\/wp-json\/wp\/v2\/types\/post"}],"author":[{"embeddable":true,"href":"https:\/\/radiolitoral.com\/ca\/wp-json\/wp\/v2\/users\/21"}],"replies":[{"embeddable":true,"href":"https:\/\/radiolitoral.com\/ca\/wp-json\/wp\/v2\/comments?post=4085"}],"version-history":[{"count":2,"href":"https:\/\/radiolitoral.com\/ca\/wp-json\/wp\/v2\/posts\/4085\/revisions"}],"predecessor-version":[{"id":4090,"href":"https:\/\/radiolitoral.com\/ca\/wp-json\/wp\/v2\/posts\/4085\/revisions\/4090"}],"wp:featuredmedia":[{"embeddable":true,"href":"https:\/\/radiolitoral.com\/ca\/wp-json\/wp\/v2\/media\/4086"}],"wp:attachment":[{"href":"https:\/\/radiolitoral.com\/ca\/wp-json\/wp\/v2\/media?parent=4085"}],"wp:term":[{"taxonomy":"category","embeddable":true,"href":"https:\/\/radiolitoral.com\/ca\/wp-json\/wp\/v2\/categories?post=4085"},{"taxonomy":"post_tag","embeddable":true,"href":"https:\/\/radiolitoral.com\/ca\/wp-json\/wp\/v2\/tags?post=4085"}],"curies":[{"name":"wp","href":"https:\/\/api.w.org\/{rel}","templated":true}]}}