{"id":4063,"date":"2023-06-15T17:51:25","date_gmt":"2023-06-15T15:51:25","guid":{"rendered":"https:\/\/radiolitoral.com\/?p=4063"},"modified":"2023-06-15T17:55:58","modified_gmt":"2023-06-15T15:55:58","slug":"cesar-sanchez-afirma-que-estara-sempre-en-calp-encara-que-sigui-diputat-a-madrid-i-acusa-la-sala-de-trair-els-seus-principis","status":"publish","type":"post","link":"https:\/\/radiolitoral.com\/ca\/2023\/06\/cesar-sanchez-afirma-que-estara-siempre-en-calp-aunque-sea-diputado-en-madrid-y-acusa-a-sala-de-traicionar-sus-principios\/","title":{"rendered":"C\u00e9sar S\u00e1nchez afirma que estar\u00e0 sempre a Calp encara que sigui diputat a Madrid i acusa Sala de trair els seus principis"},"content":{"rendered":"<p>L&#039;actual cap de cartell del PP a Calp, C\u00e9sar S\u00e1nchez, ha estat designat pel Comit\u00e8 Electoral del seu partit com a n\u00famero 4 de la candidatura d&#039;Alacant al Congr\u00e9s dels Diputats. S\u00e1nchez s&#039;ha mostrat il\u00b7lusionat davant d&#039;aquesta decisi\u00f3 del partit, alhora que ha assegurat que ser alcalde de Calp \u00e9s la seva prioritat, i entenent que ser diputat a Madrid ser\u00e0 una oportunitat per al seu poble.<\/p>\n<p>En aquesta l\u00ednia, el l\u00edder dels populars calpins explica que si dissabte \u00e9s investit alcalde governar\u00e0 amb di\u00e0leg i transpar\u00e8ncia. I en cas contrari, est\u00e0 disposat a ocupar el lloc de l\u00edder de l&#039;oposici\u00f3 durant els propers quatre anys.<\/p>\n<p>S\u00e1nchez carrega contra la seva excompanya de sigles, i titlla Ana Sala d&#039;anar de v\u00edctima, assegurant que no mereix ser alcaldessa de Calp. Ho escoltem:<\/p>\n<audio class=\"wp-audio-shortcode\" id=\"audio-4063-1\" preload=\"none\" style=\"width: 100%;\" controls=\"controls\"><source type=\"audio\/mpeg\" src=\"https:\/\/media.radiolitoral.com\/wp-content\/uploads\/2023\/06\/15175121\/Cesar-Sanchez-2.mp3?_=1\" \/><a href=\"https:\/\/media.radiolitoral.com\/wp-content\/uploads\/2023\/06\/15175121\/Cesar-Sanchez-2.mp3\">https:\/\/media.radiolitoral.com\/wp-content\/uploads\/2023\/06\/15175121\/Cesar-Sanchez-2.mp3<\/a><\/audio>\n<p>&nbsp;<\/p>","protected":false},"excerpt":{"rendered":"<p>El actual cabeza de cartel del PP en Calp, C\u00e9sar S\u00e1nchez, ha sido designado por el Comit\u00e9 Electoral de su partido como n\u00famero 4 de la candidatura de Alicante al Congreso de los Diputados. S\u00e1nchez se ha mostrado ilusionado ante esta decisi\u00f3n del partido, al tiempo que ha asegurado que ser alcalde de Calp es [&#8230;]<\/p>\n<p><a class=\"btn btn-secondary understrap-read-more-link\" href=\"https:\/\/radiolitoral.com\/ca\/2023\/06\/cesar-sanchez-afirma-que-estara-siempre-en-calp-aunque-sea-diputado-en-madrid-y-acusa-a-sala-de-traicionar-sus-principios\/\">Continua llegint&#8230;<span class=\"screen-reader-text\"> from C\u00e9sar S\u00e1nchez afirma que estar\u00e1 siempre en Calp aunque sea diputado en Madrid y acusa a Sala de traicionar sus principios<\/span><\/a><\/p>\n","protected":false},"author":13,"featured_media":1726,"comment_status":"open","ping_status":"closed","sticky":false,"template":"","format":"standard","meta":{"_acf_changed":false,"inline_featured_image":false,"footnotes":""},"categories":[13],"tags":[99,121],"class_list":["post-4063","post","type-post","status-publish","format-standard","has-post-thumbnail","hentry","category-politica","tag-cesar-sanchez","tag-pp-calp","cobertura-calp"],"acf":[],"yoast_head":"<!-- This site is optimized with the Yoast SEO plugin v27.5 - https:\/\/yoast.com\/product\/yoast-seo-wordpress\/ -->\n<title>C\u00e9sar S\u00e1nchez afirma que estar\u00e1 siempre en Calp aunque sea diputado en Madrid y acusa a Sala de traicionar sus principios | R\u00e0dio Litoral<\/title>\n<meta name=\"description\" content=\"Tacha a Ana Sala de ir de v\u00edctima, asegurando que no merece ser alcaldesa Tacha a Ana Sala de ir de v\u00edctima, asegurando que no merece ser alcaldesa\" \/>\n<meta name=\"robots\" content=\"index, follow, max-snippet:-1, max-image-preview:large, max-video-preview:-1\" \/>\n<link rel=\"canonical\" href=\"https:\/\/radiolitoral.com\/ca\/2023\/06\/cesar-sanchez-afirma-que-estara-sempre-en-calp-encara-que-sigui-diputat-a-madrid-i-acusa-la-sala-de-trair-els-seus-principis\/\" \/>\n<meta property=\"og:locale\" content=\"ca_ES\" \/>\n<meta property=\"og:type\" content=\"article\" \/>\n<meta property=\"og:title\" content=\"C\u00e9sar S\u00e1nchez afirma que estar\u00e1 siempre en Calp aunque sea diputado en Madrid y acusa a Sala de traicionar sus principios | R\u00e0dio Litoral\" \/>\n<meta property=\"og:description\" content=\"Tacha a Ana Sala de ir de v\u00edctima, asegurando que no merece ser alcaldesa Tacha a Ana Sala de ir de v\u00edctima, asegurando que no merece ser alcaldesa\" \/>\n<meta property=\"og:url\" content=\"https:\/\/radiolitoral.com\/ca\/2023\/06\/cesar-sanchez-afirma-que-estara-sempre-en-calp-encara-que-sigui-diputat-a-madrid-i-acusa-la-sala-de-trair-els-seus-principis\/\" \/>\n<meta property=\"og:site_name\" content=\"R\u00e0dio Litoral\" \/>\n<meta property=\"article:publisher\" content=\"https:\/\/www.facebook.com\/Laradiolitoral\/\" \/>\n<meta property=\"article:published_time\" content=\"2023-06-15T15:51:25+00:00\" \/>\n<meta property=\"article:modified_time\" content=\"2023-06-15T15:55:58+00:00\" \/>\n<meta property=\"og:image\" content=\"https:\/\/media.radiolitoral.com\/wp-content\/uploads\/2023\/03\/28152337\/Cesar-Sanchez.jpg\" \/>\n\t<meta property=\"og:image:width\" content=\"283\" \/>\n\t<meta property=\"og:image:height\" content=\"397\" \/>\n\t<meta property=\"og:image:type\" content=\"image\/jpeg\" \/>\n<meta name=\"author\" content=\"Redacci\u00f3n\" \/>\n<meta name=\"twitter:card\" content=\"summary_large_image\" \/>\n<meta name=\"twitter:label1\" content=\"Escrit per\" \/>\n\t<meta name=\"twitter:data1\" content=\"Redacci\u00f3n\" \/>\n\t<meta name=\"twitter:label2\" content=\"Temps estimat de lectura\" \/>\n\t<meta name=\"twitter:data2\" content=\"1 minut\" \/>\n<script type=\"application\/ld+json\" class=\"yoast-schema-graph\">{\"@context\":\"https:\\\/\\\/schema.org\",\"@graph\":[{\"@type\":\"NewsArticle\",\"@id\":\"https:\\\/\\\/radiolitoral.com\\\/2023\\\/06\\\/cesar-sanchez-afirma-que-estara-siempre-en-calp-aunque-sea-diputado-en-madrid-y-acusa-a-sala-de-traicionar-sus-principios\\\/#article\",\"isPartOf\":{\"@id\":\"https:\\\/\\\/radiolitoral.com\\\/2023\\\/06\\\/cesar-sanchez-afirma-que-estara-siempre-en-calp-aunque-sea-diputado-en-madrid-y-acusa-a-sala-de-traicionar-sus-principios\\\/\"},\"author\":{\"name\":\"Redacci\u00f3n\",\"@id\":\"https:\\\/\\\/radiolitoral.com\\\/#\\\/schema\\\/person\\\/f2b2343c49b5d721857cc1002bfdb151\"},\"headline\":\"C\u00e9sar S\u00e1nchez afirma que estar\u00e1 siempre en Calp aunque sea diputado en Madrid y acusa a Sala de traicionar sus principios\",\"datePublished\":\"2023-06-15T15:51:25+00:00\",\"dateModified\":\"2023-06-15T15:55:58+00:00\",\"mainEntityOfPage\":{\"@id\":\"https:\\\/\\\/radiolitoral.com\\\/2023\\\/06\\\/cesar-sanchez-afirma-que-estara-siempre-en-calp-aunque-sea-diputado-en-madrid-y-acusa-a-sala-de-traicionar-sus-principios\\\/\"},\"wordCount\":188,\"commentCount\":0,\"publisher\":{\"@id\":\"https:\\\/\\\/radiolitoral.com\\\/#organization\"},\"image\":{\"@id\":\"https:\\\/\\\/radiolitoral.com\\\/2023\\\/06\\\/cesar-sanchez-afirma-que-estara-siempre-en-calp-aunque-sea-diputado-en-madrid-y-acusa-a-sala-de-traicionar-sus-principios\\\/#primaryimage\"},\"thumbnailUrl\":\"https:\\\/\\\/media.radiolitoral.com\\\/wp-content\\\/uploads\\\/2023\\\/03\\\/28152337\\\/Cesar-Sanchez.jpg\",\"keywords\":[\"C\u00e9sar S\u00e1nchez\",\"PP Calp\"],\"articleSection\":[\"Pol\u00edtica\"],\"inLanguage\":\"ca\",\"potentialAction\":[{\"@type\":\"CommentAction\",\"name\":\"Comment\",\"target\":[\"https:\\\/\\\/radiolitoral.com\\\/2023\\\/06\\\/cesar-sanchez-afirma-que-estara-siempre-en-calp-aunque-sea-diputado-en-madrid-y-acusa-a-sala-de-traicionar-sus-principios\\\/#respond\"]}]},{\"@type\":[\"WebPage\",\"ItemPage\"],\"@id\":\"https:\\\/\\\/radiolitoral.com\\\/2023\\\/06\\\/cesar-sanchez-afirma-que-estara-siempre-en-calp-aunque-sea-diputado-en-madrid-y-acusa-a-sala-de-traicionar-sus-principios\\\/\",\"url\":\"https:\\\/\\\/radiolitoral.com\\\/2023\\\/06\\\/cesar-sanchez-afirma-que-estara-siempre-en-calp-aunque-sea-diputado-en-madrid-y-acusa-a-sala-de-traicionar-sus-principios\\\/\",\"name\":\"C\u00e9sar S\u00e1nchez afirma que estar\u00e1 siempre en Calp aunque sea diputado en Madrid y acusa a Sala de traicionar sus principios | R\u00e0dio Litoral\",\"isPartOf\":{\"@id\":\"https:\\\/\\\/radiolitoral.com\\\/#website\"},\"primaryImageOfPage\":{\"@id\":\"https:\\\/\\\/radiolitoral.com\\\/2023\\\/06\\\/cesar-sanchez-afirma-que-estara-siempre-en-calp-aunque-sea-diputado-en-madrid-y-acusa-a-sala-de-traicionar-sus-principios\\\/#primaryimage\"},\"image\":{\"@id\":\"https:\\\/\\\/radiolitoral.com\\\/2023\\\/06\\\/cesar-sanchez-afirma-que-estara-siempre-en-calp-aunque-sea-diputado-en-madrid-y-acusa-a-sala-de-traicionar-sus-principios\\\/#primaryimage\"},\"thumbnailUrl\":\"https:\\\/\\\/media.radiolitoral.com\\\/wp-content\\\/uploads\\\/2023\\\/03\\\/28152337\\\/Cesar-Sanchez.jpg\",\"datePublished\":\"2023-06-15T15:51:25+00:00\",\"dateModified\":\"2023-06-15T15:55:58+00:00\",\"description\":\"Tacha a Ana Sala de ir de v\u00edctima, asegurando que no merece ser alcaldesa Tacha a Ana Sala de ir de v\u00edctima, asegurando que no merece ser alcaldesa\",\"breadcrumb\":{\"@id\":\"https:\\\/\\\/radiolitoral.com\\\/2023\\\/06\\\/cesar-sanchez-afirma-que-estara-siempre-en-calp-aunque-sea-diputado-en-madrid-y-acusa-a-sala-de-traicionar-sus-principios\\\/#breadcrumb\"},\"inLanguage\":\"ca\",\"potentialAction\":[{\"@type\":\"ReadAction\",\"target\":[\"https:\\\/\\\/radiolitoral.com\\\/2023\\\/06\\\/cesar-sanchez-afirma-que-estara-siempre-en-calp-aunque-sea-diputado-en-madrid-y-acusa-a-sala-de-traicionar-sus-principios\\\/\"]}]},{\"@type\":\"ImageObject\",\"inLanguage\":\"ca\",\"@id\":\"https:\\\/\\\/radiolitoral.com\\\/2023\\\/06\\\/cesar-sanchez-afirma-que-estara-siempre-en-calp-aunque-sea-diputado-en-madrid-y-acusa-a-sala-de-traicionar-sus-principios\\\/#primaryimage\",\"url\":\"https:\\\/\\\/media.radiolitoral.com\\\/wp-content\\\/uploads\\\/2023\\\/03\\\/28152337\\\/Cesar-Sanchez.jpg\",\"contentUrl\":\"https:\\\/\\\/media.radiolitoral.com\\\/wp-content\\\/uploads\\\/2023\\\/03\\\/28152337\\\/Cesar-Sanchez.jpg\",\"width\":283,\"height\":397},{\"@type\":\"BreadcrumbList\",\"@id\":\"https:\\\/\\\/radiolitoral.com\\\/2023\\\/06\\\/cesar-sanchez-afirma-que-estara-siempre-en-calp-aunque-sea-diputado-en-madrid-y-acusa-a-sala-de-traicionar-sus-principios\\\/#breadcrumb\",\"itemListElement\":[{\"@type\":\"ListItem\",\"position\":1,\"name\":\"Portada\",\"item\":\"https:\\\/\\\/radiolitoral.com\\\/\"},{\"@type\":\"ListItem\",\"position\":2,\"name\":\"C\u00e9sar S\u00e1nchez afirma que estar\u00e1 siempre en Calp aunque sea diputado en Madrid y acusa a Sala de traicionar sus principios\"}]},{\"@type\":\"WebSite\",\"@id\":\"https:\\\/\\\/radiolitoral.com\\\/#website\",\"url\":\"https:\\\/\\\/radiolitoral.com\\\/\",\"name\":\"Radio Litoral\",\"description\":\"La radio local de la Marina Alta\",\"publisher\":{\"@id\":\"https:\\\/\\\/radiolitoral.com\\\/#organization\"},\"alternateName\":\"Litoral FM\",\"potentialAction\":[{\"@type\":\"SearchAction\",\"target\":{\"@type\":\"EntryPoint\",\"urlTemplate\":\"https:\\\/\\\/radiolitoral.com\\\/?s={search_term_string}\"},\"query-input\":{\"@type\":\"PropertyValueSpecification\",\"valueRequired\":true,\"valueName\":\"search_term_string\"}}],\"inLanguage\":\"ca\"},{\"@type\":\"Organization\",\"@id\":\"https:\\\/\\\/radiolitoral.com\\\/#organization\",\"name\":\"Radio Litoral\",\"url\":\"https:\\\/\\\/radiolitoral.com\\\/\",\"logo\":{\"@type\":\"ImageObject\",\"inLanguage\":\"ca\",\"@id\":\"https:\\\/\\\/radiolitoral.com\\\/#\\\/schema\\\/logo\\\/image\\\/\",\"url\":\"https:\\\/\\\/media.radiolitoral.com\\\/wp-content\\\/uploads\\\/2023\\\/02\\\/24143238\\\/CL-V-RadioLitoral696.png\",\"contentUrl\":\"https:\\\/\\\/media.radiolitoral.com\\\/wp-content\\\/uploads\\\/2023\\\/02\\\/24143238\\\/CL-V-RadioLitoral696.png\",\"width\":696,\"height\":696,\"caption\":\"Radio Litoral\"},\"image\":{\"@id\":\"https:\\\/\\\/radiolitoral.com\\\/#\\\/schema\\\/logo\\\/image\\\/\"},\"sameAs\":[\"https:\\\/\\\/www.facebook.com\\\/Laradiolitoral\\\/\"]},{\"@type\":\"Person\",\"@id\":\"https:\\\/\\\/radiolitoral.com\\\/#\\\/schema\\\/person\\\/f2b2343c49b5d721857cc1002bfdb151\",\"name\":\"Redacci\u00f3n\",\"image\":{\"@type\":\"ImageObject\",\"inLanguage\":\"ca\",\"@id\":\"https:\\\/\\\/secure.gravatar.com\\\/avatar\\\/f771d896c203ad8b3382d7905cfcce5a5c9b008b84b3cd9114e9b9f4cb63f789?s=96&d=mm&r=g\",\"url\":\"https:\\\/\\\/secure.gravatar.com\\\/avatar\\\/f771d896c203ad8b3382d7905cfcce5a5c9b008b84b3cd9114e9b9f4cb63f789?s=96&d=mm&r=g\",\"contentUrl\":\"https:\\\/\\\/secure.gravatar.com\\\/avatar\\\/f771d896c203ad8b3382d7905cfcce5a5c9b008b84b3cd9114e9b9f4cb63f789?s=96&d=mm&r=g\",\"caption\":\"Redacci\u00f3n\"},\"url\":\"https:\\\/\\\/radiolitoral.com\\\/ca\\\/author\\\/miriam-pagan\\\/\"}]}<\/script>\n<!-- \/ Yoast SEO plugin. -->","yoast_head_json":{"title":"C\u00e9sar S\u00e1nchez afirma que estar\u00e0 sempre a Calp encara que sigui diputat a Madrid i acusa Sala de trair els seus principis | R\u00e0dio Litoral","description":"Tatxa Ana Sala d&#039;anar de v\u00edctima, assegurant que no mereix ser alcaldessa Tatxa Ana Sala d&#039;anar de v\u00edctima, assegurant que no mereix ser alcaldessa","robots":{"index":"index","follow":"follow","max-snippet":"max-snippet:-1","max-image-preview":"max-image-preview:large","max-video-preview":"max-video-preview:-1"},"canonical":"https:\/\/radiolitoral.com\/ca\/2023\/06\/cesar-sanchez-afirma-que-estara-sempre-en-calp-encara-que-sigui-diputat-a-madrid-i-acusa-la-sala-de-trair-els-seus-principis\/","og_locale":"ca_ES","og_type":"article","og_title":"C\u00e9sar S\u00e1nchez afirma que estar\u00e1 siempre en Calp aunque sea diputado en Madrid y acusa a Sala de traicionar sus principios | R\u00e0dio Litoral","og_description":"Tacha a Ana Sala de ir de v\u00edctima, asegurando que no merece ser alcaldesa Tacha a Ana Sala de ir de v\u00edctima, asegurando que no merece ser alcaldesa","og_url":"https:\/\/radiolitoral.com\/ca\/2023\/06\/cesar-sanchez-afirma-que-estara-sempre-en-calp-encara-que-sigui-diputat-a-madrid-i-acusa-la-sala-de-trair-els-seus-principis\/","og_site_name":"R\u00e0dio Litoral","article_publisher":"https:\/\/www.facebook.com\/Laradiolitoral\/","article_published_time":"2023-06-15T15:51:25+00:00","article_modified_time":"2023-06-15T15:55:58+00:00","og_image":[{"width":283,"height":397,"url":"https:\/\/media.radiolitoral.com\/wp-content\/uploads\/2023\/03\/28152337\/Cesar-Sanchez.jpg","type":"image\/jpeg"}],"author":"Redacci\u00f3n","twitter_card":"summary_large_image","twitter_misc":{"Escrit per":"Redacci\u00f3n","Temps estimat de lectura":"1 minut"},"schema":{"@context":"https:\/\/schema.org","@graph":[{"@type":"NewsArticle","@id":"https:\/\/radiolitoral.com\/2023\/06\/cesar-sanchez-afirma-que-estara-siempre-en-calp-aunque-sea-diputado-en-madrid-y-acusa-a-sala-de-traicionar-sus-principios\/#article","isPartOf":{"@id":"https:\/\/radiolitoral.com\/2023\/06\/cesar-sanchez-afirma-que-estara-siempre-en-calp-aunque-sea-diputado-en-madrid-y-acusa-a-sala-de-traicionar-sus-principios\/"},"author":{"name":"Redacci\u00f3n","@id":"https:\/\/radiolitoral.com\/#\/schema\/person\/f2b2343c49b5d721857cc1002bfdb151"},"headline":"C\u00e9sar S\u00e1nchez afirma que estar\u00e1 siempre en Calp aunque sea diputado en Madrid y acusa a Sala de traicionar sus principios","datePublished":"2023-06-15T15:51:25+00:00","dateModified":"2023-06-15T15:55:58+00:00","mainEntityOfPage":{"@id":"https:\/\/radiolitoral.com\/2023\/06\/cesar-sanchez-afirma-que-estara-siempre-en-calp-aunque-sea-diputado-en-madrid-y-acusa-a-sala-de-traicionar-sus-principios\/"},"wordCount":188,"commentCount":0,"publisher":{"@id":"https:\/\/radiolitoral.com\/#organization"},"image":{"@id":"https:\/\/radiolitoral.com\/2023\/06\/cesar-sanchez-afirma-que-estara-siempre-en-calp-aunque-sea-diputado-en-madrid-y-acusa-a-sala-de-traicionar-sus-principios\/#primaryimage"},"thumbnailUrl":"https:\/\/media.radiolitoral.com\/wp-content\/uploads\/2023\/03\/28152337\/Cesar-Sanchez.jpg","keywords":["C\u00e9sar S\u00e1nchez","PP Calp"],"articleSection":["Pol\u00edtica"],"inLanguage":"ca","potentialAction":[{"@type":"CommentAction","name":"Comment","target":["https:\/\/radiolitoral.com\/2023\/06\/cesar-sanchez-afirma-que-estara-siempre-en-calp-aunque-sea-diputado-en-madrid-y-acusa-a-sala-de-traicionar-sus-principios\/#respond"]}]},{"@type":["WebPage","ItemPage"],"@id":"https:\/\/radiolitoral.com\/2023\/06\/cesar-sanchez-afirma-que-estara-siempre-en-calp-aunque-sea-diputado-en-madrid-y-acusa-a-sala-de-traicionar-sus-principios\/","url":"https:\/\/radiolitoral.com\/2023\/06\/cesar-sanchez-afirma-que-estara-siempre-en-calp-aunque-sea-diputado-en-madrid-y-acusa-a-sala-de-traicionar-sus-principios\/","name":"C\u00e9sar S\u00e1nchez afirma que estar\u00e0 sempre a Calp encara que sigui diputat a Madrid i acusa Sala de trair els seus principis | R\u00e0dio Litoral","isPartOf":{"@id":"https:\/\/radiolitoral.com\/#website"},"primaryImageOfPage":{"@id":"https:\/\/radiolitoral.com\/2023\/06\/cesar-sanchez-afirma-que-estara-siempre-en-calp-aunque-sea-diputado-en-madrid-y-acusa-a-sala-de-traicionar-sus-principios\/#primaryimage"},"image":{"@id":"https:\/\/radiolitoral.com\/2023\/06\/cesar-sanchez-afirma-que-estara-siempre-en-calp-aunque-sea-diputado-en-madrid-y-acusa-a-sala-de-traicionar-sus-principios\/#primaryimage"},"thumbnailUrl":"https:\/\/media.radiolitoral.com\/wp-content\/uploads\/2023\/03\/28152337\/Cesar-Sanchez.jpg","datePublished":"2023-06-15T15:51:25+00:00","dateModified":"2023-06-15T15:55:58+00:00","description":"Tatxa Ana Sala d&#039;anar de v\u00edctima, assegurant que no mereix ser alcaldessa Tatxa Ana Sala d&#039;anar de v\u00edctima, assegurant que no mereix ser alcaldessa","breadcrumb":{"@id":"https:\/\/radiolitoral.com\/2023\/06\/cesar-sanchez-afirma-que-estara-siempre-en-calp-aunque-sea-diputado-en-madrid-y-acusa-a-sala-de-traicionar-sus-principios\/#breadcrumb"},"inLanguage":"ca","potentialAction":[{"@type":"ReadAction","target":["https:\/\/radiolitoral.com\/2023\/06\/cesar-sanchez-afirma-que-estara-siempre-en-calp-aunque-sea-diputado-en-madrid-y-acusa-a-sala-de-traicionar-sus-principios\/"]}]},{"@type":"ImageObject","inLanguage":"ca","@id":"https:\/\/radiolitoral.com\/2023\/06\/cesar-sanchez-afirma-que-estara-siempre-en-calp-aunque-sea-diputado-en-madrid-y-acusa-a-sala-de-traicionar-sus-principios\/#primaryimage","url":"https:\/\/media.radiolitoral.com\/wp-content\/uploads\/2023\/03\/28152337\/Cesar-Sanchez.jpg","contentUrl":"https:\/\/media.radiolitoral.com\/wp-content\/uploads\/2023\/03\/28152337\/Cesar-Sanchez.jpg","width":283,"height":397},{"@type":"BreadcrumbList","@id":"https:\/\/radiolitoral.com\/2023\/06\/cesar-sanchez-afirma-que-estara-siempre-en-calp-aunque-sea-diputado-en-madrid-y-acusa-a-sala-de-traicionar-sus-principios\/#breadcrumb","itemListElement":[{"@type":"ListItem","position":1,"name":"Portada","item":"https:\/\/radiolitoral.com\/"},{"@type":"ListItem","position":2,"name":"C\u00e9sar S\u00e1nchez afirma que estar\u00e1 siempre en Calp aunque sea diputado en Madrid y acusa a Sala de traicionar sus principios"}]},{"@type":"WebSite","@id":"https:\/\/radiolitoral.com\/#website","url":"https:\/\/radiolitoral.com\/","name":"R\u00e0dio Litoral","description":"La r\u00e0dio local de la Marina Alta","publisher":{"@id":"https:\/\/radiolitoral.com\/#organization"},"alternateName":"Litoral FM","potentialAction":[{"@type":"SearchAction","target":{"@type":"EntryPoint","urlTemplate":"https:\/\/radiolitoral.com\/?s={search_term_string}"},"query-input":{"@type":"PropertyValueSpecification","valueRequired":true,"valueName":"search_term_string"}}],"inLanguage":"ca"},{"@type":"Organization","@id":"https:\/\/radiolitoral.com\/#organization","name":"R\u00e0dio Litoral","url":"https:\/\/radiolitoral.com\/","logo":{"@type":"ImageObject","inLanguage":"ca","@id":"https:\/\/radiolitoral.com\/#\/schema\/logo\/image\/","url":"https:\/\/media.radiolitoral.com\/wp-content\/uploads\/2023\/02\/24143238\/CL-V-RadioLitoral696.png","contentUrl":"https:\/\/media.radiolitoral.com\/wp-content\/uploads\/2023\/02\/24143238\/CL-V-RadioLitoral696.png","width":696,"height":696,"caption":"Radio Litoral"},"image":{"@id":"https:\/\/radiolitoral.com\/#\/schema\/logo\/image\/"},"sameAs":["https:\/\/www.facebook.com\/Laradiolitoral\/"]},{"@type":"Person","@id":"https:\/\/radiolitoral.com\/#\/schema\/person\/f2b2343c49b5d721857cc1002bfdb151","name":"Redacci\u00f3","image":{"@type":"ImageObject","inLanguage":"ca","@id":"https:\/\/secure.gravatar.com\/avatar\/f771d896c203ad8b3382d7905cfcce5a5c9b008b84b3cd9114e9b9f4cb63f789?s=96&d=mm&r=g","url":"https:\/\/secure.gravatar.com\/avatar\/f771d896c203ad8b3382d7905cfcce5a5c9b008b84b3cd9114e9b9f4cb63f789?s=96&d=mm&r=g","contentUrl":"https:\/\/secure.gravatar.com\/avatar\/f771d896c203ad8b3382d7905cfcce5a5c9b008b84b3cd9114e9b9f4cb63f789?s=96&d=mm&r=g","caption":"Redacci\u00f3n"},"url":"https:\/\/radiolitoral.com\/ca\/author\/miriam-pagan\/"}]}},"_links":{"self":[{"href":"https:\/\/radiolitoral.com\/ca\/wp-json\/wp\/v2\/posts\/4063","targetHints":{"allow":["GET"]}}],"collection":[{"href":"https:\/\/radiolitoral.com\/ca\/wp-json\/wp\/v2\/posts"}],"about":[{"href":"https:\/\/radiolitoral.com\/ca\/wp-json\/wp\/v2\/types\/post"}],"author":[{"embeddable":true,"href":"https:\/\/radiolitoral.com\/ca\/wp-json\/wp\/v2\/users\/13"}],"replies":[{"embeddable":true,"href":"https:\/\/radiolitoral.com\/ca\/wp-json\/wp\/v2\/comments?post=4063"}],"version-history":[{"count":2,"href":"https:\/\/radiolitoral.com\/ca\/wp-json\/wp\/v2\/posts\/4063\/revisions"}],"predecessor-version":[{"id":4066,"href":"https:\/\/radiolitoral.com\/ca\/wp-json\/wp\/v2\/posts\/4063\/revisions\/4066"}],"wp:featuredmedia":[{"embeddable":true,"href":"https:\/\/radiolitoral.com\/ca\/wp-json\/wp\/v2\/media\/1726"}],"wp:attachment":[{"href":"https:\/\/radiolitoral.com\/ca\/wp-json\/wp\/v2\/media?parent=4063"}],"wp:term":[{"taxonomy":"category","embeddable":true,"href":"https:\/\/radiolitoral.com\/ca\/wp-json\/wp\/v2\/categories?post=4063"},{"taxonomy":"post_tag","embeddable":true,"href":"https:\/\/radiolitoral.com\/ca\/wp-json\/wp\/v2\/tags?post=4063"}],"curies":[{"name":"wp","href":"https:\/\/api.w.org\/{rel}","templated":true}]}}