{"id":4041,"date":"2023-06-14T20:35:09","date_gmt":"2023-06-14T18:35:09","guid":{"rendered":"https:\/\/radiolitoral.com\/?p=4041"},"modified":"2023-06-14T20:36:58","modified_gmt":"2023-06-14T18:36:58","slug":"les-banderes-blaves-ja-onegen-a-les-platges-de-moraira","status":"publish","type":"post","link":"https:\/\/radiolitoral.com\/ca\/2023\/06\/las-banderas-azules-ya-ondean-en-las-playas-de-moraira\/","title":{"rendered":"Les banderes blaves ja onegen a les platges de Moraira"},"content":{"rendered":"<p>Les banderes blaves de Teulada Moraira ja onegen a les platges de l&#039;Ampolla, Platgetes i el Portet. A les quals se suma, tamb\u00e9, el Club N\u00e0utic de Moraira, premiat juntament amb les tres platges per l&#039;elevada qualitat de l&#039;aigua i el compliment dels criteris exigits de legalitat, accessibilitat, sanitat, educaci\u00f3 ambiental, neteja i seguretat.<\/p>\n<p>Aquesta setmana han acudit a l&#039;hissada de banderes l&#039;alcalde de Teulada Moraira, Ra\u00fal Llobell; la inspectora de Platges, Esther Crespo; la inspectora de Medi ambient, Mari Cant\u00f3; el regidor de Platges i Medi ambient, Luis Caballero; la regidora, Ver\u00f3nica Mart\u00ednez; i l&#039;equip de socorrisme.<\/p>\n<p>El guard\u00f3 l&#039;atorga anualment, des del 1987, la Fundaci\u00f3 d&#039;Educaci\u00f3 Ambiental a les platges i ports que compleixen una s\u00e8rie de condicions ambientals i instal\u00b7lacions.<\/p>","protected":false},"excerpt":{"rendered":"<p>Las banderas azules de Teulada Moraira ya ondean en las playas de la Ampolla, Platgetes y el Portet. A ellas que se suma, tambi\u00e9n, el Club N\u00e1utico de Moraira, premiado junto a las tres playas por la elevada calidad del agua y el cumplimiento de los criterios exigidos de legalidad, accesibilidad, sanidad, educaci\u00f3n ambiental, limpieza [&#8230;]<\/p>\n<p><a class=\"btn btn-secondary understrap-read-more-link\" href=\"https:\/\/radiolitoral.com\/ca\/2023\/06\/las-banderas-azules-ya-ondean-en-las-playas-de-moraira\/\">Continua llegint&#8230;<span class=\"screen-reader-text\"> from Las banderas azules ya ondean en las playas de Moraira<\/span><\/a><\/p>\n","protected":false},"author":21,"featured_media":4042,"comment_status":"open","ping_status":"closed","sticky":false,"template":"","format":"standard","meta":{"_acf_changed":false,"inline_featured_image":false,"footnotes":""},"categories":[85],"tags":[665],"class_list":["post-4041","post","type-post","status-publish","format-standard","has-post-thumbnail","hentry","category-servicios-publicos","tag-banderas-azules","cobertura-teulada-moraira"],"acf":[],"yoast_head":"<!-- This site is optimized with the Yoast SEO plugin v27.5 - https:\/\/yoast.com\/product\/yoast-seo-wordpress\/ -->\n<title>Las banderas azules ya ondean en las playas de Moraira | R\u00e0dio Litoral<\/title>\n<meta name=\"description\" content=\"Ampolla, Platgetes y el Portet, adem\u00e1s de la del Club N\u00e1utico Ampolla, Platgetes y el Portet, adem\u00e1s de la del Club N\u00e1utico\" \/>\n<meta name=\"robots\" content=\"index, follow, max-snippet:-1, max-image-preview:large, max-video-preview:-1\" \/>\n<link rel=\"canonical\" href=\"https:\/\/radiolitoral.com\/ca\/2023\/06\/les-banderes-blaves-ja-onegen-a-les-platges-de-moraira\/\" \/>\n<meta property=\"og:locale\" content=\"ca_ES\" \/>\n<meta property=\"og:type\" content=\"article\" \/>\n<meta property=\"og:title\" content=\"Las banderas azules ya ondean en las playas de Moraira | R\u00e0dio Litoral\" \/>\n<meta property=\"og:description\" content=\"Ampolla, Platgetes y el Portet, adem\u00e1s de la del Club N\u00e1utico Ampolla, Platgetes y el Portet, adem\u00e1s de la del Club N\u00e1utico\" \/>\n<meta property=\"og:url\" content=\"https:\/\/radiolitoral.com\/ca\/2023\/06\/les-banderes-blaves-ja-onegen-a-les-platges-de-moraira\/\" \/>\n<meta property=\"og:site_name\" content=\"R\u00e0dio Litoral\" \/>\n<meta property=\"article:publisher\" content=\"https:\/\/www.facebook.com\/Laradiolitoral\/\" \/>\n<meta property=\"article:published_time\" content=\"2023-06-14T18:35:09+00:00\" \/>\n<meta property=\"article:modified_time\" content=\"2023-06-14T18:36:58+00:00\" \/>\n<meta property=\"og:image\" content=\"https:\/\/media.radiolitoral.com\/wp-content\/uploads\/2023\/06\/14203504\/izada-bandera-azul-tm-2023-1-735x490-1.jpg\" \/>\n\t<meta property=\"og:image:width\" content=\"735\" \/>\n\t<meta property=\"og:image:height\" content=\"490\" \/>\n\t<meta property=\"og:image:type\" content=\"image\/jpeg\" \/>\n<meta name=\"author\" content=\"Mel Pescuezo\" \/>\n<meta name=\"twitter:card\" content=\"summary_large_image\" \/>\n<meta name=\"twitter:label1\" content=\"Escrit per\" \/>\n\t<meta name=\"twitter:data1\" content=\"Mel Pescuezo\" \/>\n\t<meta name=\"twitter:label2\" content=\"Temps estimat de lectura\" \/>\n\t<meta name=\"twitter:data2\" content=\"1 minut\" \/>\n<script type=\"application\/ld+json\" class=\"yoast-schema-graph\">{\"@context\":\"https:\\\/\\\/schema.org\",\"@graph\":[{\"@type\":\"NewsArticle\",\"@id\":\"https:\\\/\\\/radiolitoral.com\\\/2023\\\/06\\\/las-banderas-azules-ya-ondean-en-las-playas-de-moraira\\\/#article\",\"isPartOf\":{\"@id\":\"https:\\\/\\\/radiolitoral.com\\\/2023\\\/06\\\/las-banderas-azules-ya-ondean-en-las-playas-de-moraira\\\/\"},\"author\":{\"name\":\"Mel Pescuezo\",\"@id\":\"https:\\\/\\\/radiolitoral.com\\\/#\\\/schema\\\/person\\\/aad4f72efa404f85b68e832d24cac059\"},\"headline\":\"Las banderas azules ya ondean en las playas de Moraira\",\"datePublished\":\"2023-06-14T18:35:09+00:00\",\"dateModified\":\"2023-06-14T18:36:58+00:00\",\"mainEntityOfPage\":{\"@id\":\"https:\\\/\\\/radiolitoral.com\\\/2023\\\/06\\\/las-banderas-azules-ya-ondean-en-las-playas-de-moraira\\\/\"},\"wordCount\":146,\"commentCount\":0,\"publisher\":{\"@id\":\"https:\\\/\\\/radiolitoral.com\\\/#organization\"},\"image\":{\"@id\":\"https:\\\/\\\/radiolitoral.com\\\/2023\\\/06\\\/las-banderas-azules-ya-ondean-en-las-playas-de-moraira\\\/#primaryimage\"},\"thumbnailUrl\":\"https:\\\/\\\/media.radiolitoral.com\\\/wp-content\\\/uploads\\\/2023\\\/06\\\/14203504\\\/izada-bandera-azul-tm-2023-1-735x490-1.jpg\",\"keywords\":[\"Banderas Azules\"],\"articleSection\":[\"Servicios P\u00fablicos\"],\"inLanguage\":\"ca\",\"potentialAction\":[{\"@type\":\"CommentAction\",\"name\":\"Comment\",\"target\":[\"https:\\\/\\\/radiolitoral.com\\\/2023\\\/06\\\/las-banderas-azules-ya-ondean-en-las-playas-de-moraira\\\/#respond\"]}]},{\"@type\":[\"WebPage\",\"ItemPage\"],\"@id\":\"https:\\\/\\\/radiolitoral.com\\\/2023\\\/06\\\/las-banderas-azules-ya-ondean-en-las-playas-de-moraira\\\/\",\"url\":\"https:\\\/\\\/radiolitoral.com\\\/2023\\\/06\\\/las-banderas-azules-ya-ondean-en-las-playas-de-moraira\\\/\",\"name\":\"Las banderas azules ya ondean en las playas de Moraira | R\u00e0dio Litoral\",\"isPartOf\":{\"@id\":\"https:\\\/\\\/radiolitoral.com\\\/#website\"},\"primaryImageOfPage\":{\"@id\":\"https:\\\/\\\/radiolitoral.com\\\/2023\\\/06\\\/las-banderas-azules-ya-ondean-en-las-playas-de-moraira\\\/#primaryimage\"},\"image\":{\"@id\":\"https:\\\/\\\/radiolitoral.com\\\/2023\\\/06\\\/las-banderas-azules-ya-ondean-en-las-playas-de-moraira\\\/#primaryimage\"},\"thumbnailUrl\":\"https:\\\/\\\/media.radiolitoral.com\\\/wp-content\\\/uploads\\\/2023\\\/06\\\/14203504\\\/izada-bandera-azul-tm-2023-1-735x490-1.jpg\",\"datePublished\":\"2023-06-14T18:35:09+00:00\",\"dateModified\":\"2023-06-14T18:36:58+00:00\",\"description\":\"Ampolla, Platgetes y el Portet, adem\u00e1s de la del Club N\u00e1utico Ampolla, Platgetes y el Portet, adem\u00e1s de la del Club N\u00e1utico\",\"breadcrumb\":{\"@id\":\"https:\\\/\\\/radiolitoral.com\\\/2023\\\/06\\\/las-banderas-azules-ya-ondean-en-las-playas-de-moraira\\\/#breadcrumb\"},\"inLanguage\":\"ca\",\"potentialAction\":[{\"@type\":\"ReadAction\",\"target\":[\"https:\\\/\\\/radiolitoral.com\\\/2023\\\/06\\\/las-banderas-azules-ya-ondean-en-las-playas-de-moraira\\\/\"]}]},{\"@type\":\"ImageObject\",\"inLanguage\":\"ca\",\"@id\":\"https:\\\/\\\/radiolitoral.com\\\/2023\\\/06\\\/las-banderas-azules-ya-ondean-en-las-playas-de-moraira\\\/#primaryimage\",\"url\":\"https:\\\/\\\/media.radiolitoral.com\\\/wp-content\\\/uploads\\\/2023\\\/06\\\/14203504\\\/izada-bandera-azul-tm-2023-1-735x490-1.jpg\",\"contentUrl\":\"https:\\\/\\\/media.radiolitoral.com\\\/wp-content\\\/uploads\\\/2023\\\/06\\\/14203504\\\/izada-bandera-azul-tm-2023-1-735x490-1.jpg\",\"width\":735,\"height\":490},{\"@type\":\"BreadcrumbList\",\"@id\":\"https:\\\/\\\/radiolitoral.com\\\/2023\\\/06\\\/las-banderas-azules-ya-ondean-en-las-playas-de-moraira\\\/#breadcrumb\",\"itemListElement\":[{\"@type\":\"ListItem\",\"position\":1,\"name\":\"Portada\",\"item\":\"https:\\\/\\\/radiolitoral.com\\\/\"},{\"@type\":\"ListItem\",\"position\":2,\"name\":\"Las banderas azules ya ondean en las playas de Moraira\"}]},{\"@type\":\"WebSite\",\"@id\":\"https:\\\/\\\/radiolitoral.com\\\/#website\",\"url\":\"https:\\\/\\\/radiolitoral.com\\\/\",\"name\":\"Radio Litoral\",\"description\":\"La radio local de la Marina Alta\",\"publisher\":{\"@id\":\"https:\\\/\\\/radiolitoral.com\\\/#organization\"},\"alternateName\":\"Litoral FM\",\"potentialAction\":[{\"@type\":\"SearchAction\",\"target\":{\"@type\":\"EntryPoint\",\"urlTemplate\":\"https:\\\/\\\/radiolitoral.com\\\/?s={search_term_string}\"},\"query-input\":{\"@type\":\"PropertyValueSpecification\",\"valueRequired\":true,\"valueName\":\"search_term_string\"}}],\"inLanguage\":\"ca\"},{\"@type\":\"Organization\",\"@id\":\"https:\\\/\\\/radiolitoral.com\\\/#organization\",\"name\":\"Radio Litoral\",\"url\":\"https:\\\/\\\/radiolitoral.com\\\/\",\"logo\":{\"@type\":\"ImageObject\",\"inLanguage\":\"ca\",\"@id\":\"https:\\\/\\\/radiolitoral.com\\\/#\\\/schema\\\/logo\\\/image\\\/\",\"url\":\"https:\\\/\\\/media.radiolitoral.com\\\/wp-content\\\/uploads\\\/2023\\\/02\\\/24143238\\\/CL-V-RadioLitoral696.png\",\"contentUrl\":\"https:\\\/\\\/media.radiolitoral.com\\\/wp-content\\\/uploads\\\/2023\\\/02\\\/24143238\\\/CL-V-RadioLitoral696.png\",\"width\":696,\"height\":696,\"caption\":\"Radio Litoral\"},\"image\":{\"@id\":\"https:\\\/\\\/radiolitoral.com\\\/#\\\/schema\\\/logo\\\/image\\\/\"},\"sameAs\":[\"https:\\\/\\\/www.facebook.com\\\/Laradiolitoral\\\/\"]},{\"@type\":\"Person\",\"@id\":\"https:\\\/\\\/radiolitoral.com\\\/#\\\/schema\\\/person\\\/aad4f72efa404f85b68e832d24cac059\",\"name\":\"Mel Pescuezo\",\"image\":{\"@type\":\"ImageObject\",\"inLanguage\":\"ca\",\"@id\":\"https:\\\/\\\/secure.gravatar.com\\\/avatar\\\/993975ae489c70cb0dd9bfa9413a082f0bd276582dac13661af7b33f161e7eea?s=96&d=mm&r=g\",\"url\":\"https:\\\/\\\/secure.gravatar.com\\\/avatar\\\/993975ae489c70cb0dd9bfa9413a082f0bd276582dac13661af7b33f161e7eea?s=96&d=mm&r=g\",\"contentUrl\":\"https:\\\/\\\/secure.gravatar.com\\\/avatar\\\/993975ae489c70cb0dd9bfa9413a082f0bd276582dac13661af7b33f161e7eea?s=96&d=mm&r=g\",\"caption\":\"Mel Pescuezo\"},\"url\":\"https:\\\/\\\/radiolitoral.com\\\/ca\\\/author\\\/serviciospararadios\\\/\"}]}<\/script>\n<!-- \/ Yoast SEO plugin. -->","yoast_head_json":{"title":"Les banderes blaves ja onegen a les platges de Moraira | R\u00e0dio Litoral","description":"Ampolla, Platgetes i el Portet, a m\u00e9s de la del Club N\u00e0utic Ampolla, Platgetes i el Portet, a m\u00e9s de la del Club N\u00e0utic","robots":{"index":"index","follow":"follow","max-snippet":"max-snippet:-1","max-image-preview":"max-image-preview:large","max-video-preview":"max-video-preview:-1"},"canonical":"https:\/\/radiolitoral.com\/ca\/2023\/06\/les-banderes-blaves-ja-onegen-a-les-platges-de-moraira\/","og_locale":"ca_ES","og_type":"article","og_title":"Las banderas azules ya ondean en las playas de Moraira | R\u00e0dio Litoral","og_description":"Ampolla, Platgetes y el Portet, adem\u00e1s de la del Club N\u00e1utico Ampolla, Platgetes y el Portet, adem\u00e1s de la del Club N\u00e1utico","og_url":"https:\/\/radiolitoral.com\/ca\/2023\/06\/les-banderes-blaves-ja-onegen-a-les-platges-de-moraira\/","og_site_name":"R\u00e0dio Litoral","article_publisher":"https:\/\/www.facebook.com\/Laradiolitoral\/","article_published_time":"2023-06-14T18:35:09+00:00","article_modified_time":"2023-06-14T18:36:58+00:00","og_image":[{"width":735,"height":490,"url":"https:\/\/media.radiolitoral.com\/wp-content\/uploads\/2023\/06\/14203504\/izada-bandera-azul-tm-2023-1-735x490-1.jpg","type":"image\/jpeg"}],"author":"Mel Pescuezo","twitter_card":"summary_large_image","twitter_misc":{"Escrit per":"Mel Pescuezo","Temps estimat de lectura":"1 minut"},"schema":{"@context":"https:\/\/schema.org","@graph":[{"@type":"NewsArticle","@id":"https:\/\/radiolitoral.com\/2023\/06\/las-banderas-azules-ya-ondean-en-las-playas-de-moraira\/#article","isPartOf":{"@id":"https:\/\/radiolitoral.com\/2023\/06\/las-banderas-azules-ya-ondean-en-las-playas-de-moraira\/"},"author":{"name":"Mel Pescuezo","@id":"https:\/\/radiolitoral.com\/#\/schema\/person\/aad4f72efa404f85b68e832d24cac059"},"headline":"Las banderas azules ya ondean en las playas de Moraira","datePublished":"2023-06-14T18:35:09+00:00","dateModified":"2023-06-14T18:36:58+00:00","mainEntityOfPage":{"@id":"https:\/\/radiolitoral.com\/2023\/06\/las-banderas-azules-ya-ondean-en-las-playas-de-moraira\/"},"wordCount":146,"commentCount":0,"publisher":{"@id":"https:\/\/radiolitoral.com\/#organization"},"image":{"@id":"https:\/\/radiolitoral.com\/2023\/06\/las-banderas-azules-ya-ondean-en-las-playas-de-moraira\/#primaryimage"},"thumbnailUrl":"https:\/\/media.radiolitoral.com\/wp-content\/uploads\/2023\/06\/14203504\/izada-bandera-azul-tm-2023-1-735x490-1.jpg","keywords":["Banderas Azules"],"articleSection":["Servicios P\u00fablicos"],"inLanguage":"ca","potentialAction":[{"@type":"CommentAction","name":"Comment","target":["https:\/\/radiolitoral.com\/2023\/06\/las-banderas-azules-ya-ondean-en-las-playas-de-moraira\/#respond"]}]},{"@type":["WebPage","ItemPage"],"@id":"https:\/\/radiolitoral.com\/2023\/06\/las-banderas-azules-ya-ondean-en-las-playas-de-moraira\/","url":"https:\/\/radiolitoral.com\/2023\/06\/las-banderas-azules-ya-ondean-en-las-playas-de-moraira\/","name":"Les banderes blaves ja onegen a les platges de Moraira | R\u00e0dio Litoral","isPartOf":{"@id":"https:\/\/radiolitoral.com\/#website"},"primaryImageOfPage":{"@id":"https:\/\/radiolitoral.com\/2023\/06\/las-banderas-azules-ya-ondean-en-las-playas-de-moraira\/#primaryimage"},"image":{"@id":"https:\/\/radiolitoral.com\/2023\/06\/las-banderas-azules-ya-ondean-en-las-playas-de-moraira\/#primaryimage"},"thumbnailUrl":"https:\/\/media.radiolitoral.com\/wp-content\/uploads\/2023\/06\/14203504\/izada-bandera-azul-tm-2023-1-735x490-1.jpg","datePublished":"2023-06-14T18:35:09+00:00","dateModified":"2023-06-14T18:36:58+00:00","description":"Ampolla, Platgetes i el Portet, a m\u00e9s de la del Club N\u00e0utic Ampolla, Platgetes i el Portet, a m\u00e9s de la del Club N\u00e0utic","breadcrumb":{"@id":"https:\/\/radiolitoral.com\/2023\/06\/las-banderas-azules-ya-ondean-en-las-playas-de-moraira\/#breadcrumb"},"inLanguage":"ca","potentialAction":[{"@type":"ReadAction","target":["https:\/\/radiolitoral.com\/2023\/06\/las-banderas-azules-ya-ondean-en-las-playas-de-moraira\/"]}]},{"@type":"ImageObject","inLanguage":"ca","@id":"https:\/\/radiolitoral.com\/2023\/06\/las-banderas-azules-ya-ondean-en-las-playas-de-moraira\/#primaryimage","url":"https:\/\/media.radiolitoral.com\/wp-content\/uploads\/2023\/06\/14203504\/izada-bandera-azul-tm-2023-1-735x490-1.jpg","contentUrl":"https:\/\/media.radiolitoral.com\/wp-content\/uploads\/2023\/06\/14203504\/izada-bandera-azul-tm-2023-1-735x490-1.jpg","width":735,"height":490},{"@type":"BreadcrumbList","@id":"https:\/\/radiolitoral.com\/2023\/06\/las-banderas-azules-ya-ondean-en-las-playas-de-moraira\/#breadcrumb","itemListElement":[{"@type":"ListItem","position":1,"name":"Portada","item":"https:\/\/radiolitoral.com\/"},{"@type":"ListItem","position":2,"name":"Las banderas azules ya ondean en las playas de Moraira"}]},{"@type":"WebSite","@id":"https:\/\/radiolitoral.com\/#website","url":"https:\/\/radiolitoral.com\/","name":"R\u00e0dio Litoral","description":"La r\u00e0dio local de la Marina Alta","publisher":{"@id":"https:\/\/radiolitoral.com\/#organization"},"alternateName":"Litoral FM","potentialAction":[{"@type":"SearchAction","target":{"@type":"EntryPoint","urlTemplate":"https:\/\/radiolitoral.com\/?s={search_term_string}"},"query-input":{"@type":"PropertyValueSpecification","valueRequired":true,"valueName":"search_term_string"}}],"inLanguage":"ca"},{"@type":"Organization","@id":"https:\/\/radiolitoral.com\/#organization","name":"R\u00e0dio Litoral","url":"https:\/\/radiolitoral.com\/","logo":{"@type":"ImageObject","inLanguage":"ca","@id":"https:\/\/radiolitoral.com\/#\/schema\/logo\/image\/","url":"https:\/\/media.radiolitoral.com\/wp-content\/uploads\/2023\/02\/24143238\/CL-V-RadioLitoral696.png","contentUrl":"https:\/\/media.radiolitoral.com\/wp-content\/uploads\/2023\/02\/24143238\/CL-V-RadioLitoral696.png","width":696,"height":696,"caption":"Radio Litoral"},"image":{"@id":"https:\/\/radiolitoral.com\/#\/schema\/logo\/image\/"},"sameAs":["https:\/\/www.facebook.com\/Laradiolitoral\/"]},{"@type":"Person","@id":"https:\/\/radiolitoral.com\/#\/schema\/person\/aad4f72efa404f85b68e832d24cac059","name":"Mel Pescuezo","image":{"@type":"ImageObject","inLanguage":"ca","@id":"https:\/\/secure.gravatar.com\/avatar\/993975ae489c70cb0dd9bfa9413a082f0bd276582dac13661af7b33f161e7eea?s=96&d=mm&r=g","url":"https:\/\/secure.gravatar.com\/avatar\/993975ae489c70cb0dd9bfa9413a082f0bd276582dac13661af7b33f161e7eea?s=96&d=mm&r=g","contentUrl":"https:\/\/secure.gravatar.com\/avatar\/993975ae489c70cb0dd9bfa9413a082f0bd276582dac13661af7b33f161e7eea?s=96&d=mm&r=g","caption":"Mel Pescuezo"},"url":"https:\/\/radiolitoral.com\/ca\/author\/serviciospararadios\/"}]}},"_links":{"self":[{"href":"https:\/\/radiolitoral.com\/ca\/wp-json\/wp\/v2\/posts\/4041","targetHints":{"allow":["GET"]}}],"collection":[{"href":"https:\/\/radiolitoral.com\/ca\/wp-json\/wp\/v2\/posts"}],"about":[{"href":"https:\/\/radiolitoral.com\/ca\/wp-json\/wp\/v2\/types\/post"}],"author":[{"embeddable":true,"href":"https:\/\/radiolitoral.com\/ca\/wp-json\/wp\/v2\/users\/21"}],"replies":[{"embeddable":true,"href":"https:\/\/radiolitoral.com\/ca\/wp-json\/wp\/v2\/comments?post=4041"}],"version-history":[{"count":1,"href":"https:\/\/radiolitoral.com\/ca\/wp-json\/wp\/v2\/posts\/4041\/revisions"}],"predecessor-version":[{"id":4043,"href":"https:\/\/radiolitoral.com\/ca\/wp-json\/wp\/v2\/posts\/4041\/revisions\/4043"}],"wp:featuredmedia":[{"embeddable":true,"href":"https:\/\/radiolitoral.com\/ca\/wp-json\/wp\/v2\/media\/4042"}],"wp:attachment":[{"href":"https:\/\/radiolitoral.com\/ca\/wp-json\/wp\/v2\/media?parent=4041"}],"wp:term":[{"taxonomy":"category","embeddable":true,"href":"https:\/\/radiolitoral.com\/ca\/wp-json\/wp\/v2\/categories?post=4041"},{"taxonomy":"post_tag","embeddable":true,"href":"https:\/\/radiolitoral.com\/ca\/wp-json\/wp\/v2\/tags?post=4041"}],"curies":[{"name":"wp","href":"https:\/\/api.w.org\/{rel}","templated":true}]}}