{"id":4021,"date":"2023-06-14T19:53:33","date_gmt":"2023-06-14T17:53:33","guid":{"rendered":"https:\/\/radiolitoral.com\/?p=4021"},"modified":"2023-06-14T19:53:52","modified_gmt":"2023-06-14T17:53:52","slug":"troben-el-cadaver-dun-baro-a-casa-seva-de-tellada","status":"publish","type":"post","link":"https:\/\/radiolitoral.com\/ca\/2023\/06\/hallan-el-cadaver-de-un-varon-en-su-casa-de-teulada\/","title":{"rendered":"Troben el cad\u00e0ver d&#039;un home a casa seva a Teulada"},"content":{"rendered":"<p>La Gu\u00e0rdia Civil ha descobert en un habitatge de Teulada el cad\u00e0ver d&#039;un home que sembla que ja havia mort fa uns quants dies. La macabre troballa es va produir ahir despr\u00e9s d&#039;atendre els advertiments dels ve\u00efns per la forta olor que es percebia al c\u00e8ntric carrer Lepant del municipi. Segons apunten fonts properes al cas, la v\u00edctima tenia 54 anys i tot indica que va morir per causes naturals. L&#039;aut\u00f2psia determinar\u00e0 les causes de la mort.<\/p>\n<p>&nbsp;<\/p>","protected":false},"excerpt":{"rendered":"<p>La Guardia Civil ha descubierto en una vivienda de Teulada el cad\u00e1ver de un hombre que al parecer llevaba fallecido hace varios d\u00edas. El macabro hallazgo se produjo ayer tras atender las advertencias de los vecinos por el fuerte olor que se percib\u00eda en la c\u00e9ntrica calle Lepanto del municipio. Seg\u00fan apuntan fuentes pr\u00f3ximas al [&#8230;]<\/p>\n<p><a class=\"btn btn-secondary understrap-read-more-link\" href=\"https:\/\/radiolitoral.com\/ca\/2023\/06\/hallan-el-cadaver-de-un-varon-en-su-casa-de-teulada\/\">Continua llegint&#8230;<span class=\"screen-reader-text\"> from Hallan el cad\u00e1ver de un var\u00f3n en su casa de Teulada<\/span><\/a><\/p>\n","protected":false},"author":21,"featured_media":4022,"comment_status":"open","ping_status":"closed","sticky":false,"template":"","format":"standard","meta":{"_acf_changed":false,"inline_featured_image":false,"footnotes":""},"categories":[8],"tags":[767,766],"class_list":["post-4021","post","type-post","status-publish","format-standard","has-post-thumbnail","hentry","category-sucesos","tag-cadaver-en-teulada","tag-sucesos-teulada","cobertura-teulada-moraira"],"acf":[],"yoast_head":"<!-- This site is optimized with the Yoast SEO plugin v27.5 - https:\/\/yoast.com\/product\/yoast-seo-wordpress\/ -->\n<title>Hallan el cad\u00e1ver de un var\u00f3n en su casa de Teulada | R\u00e0dio Litoral<\/title>\n<meta name=\"description\" content=\"Los vecinos han alertado de olor que emanaba la casa\" \/>\n<meta name=\"robots\" content=\"index, follow, max-snippet:-1, max-image-preview:large, max-video-preview:-1\" \/>\n<link rel=\"canonical\" href=\"https:\/\/radiolitoral.com\/ca\/2023\/06\/troben-el-cadaver-dun-baro-a-casa-seva-de-tellada\/\" \/>\n<meta property=\"og:locale\" content=\"ca_ES\" \/>\n<meta property=\"og:type\" content=\"article\" \/>\n<meta property=\"og:title\" content=\"Hallan el cad\u00e1ver de un var\u00f3n en su casa de Teulada | R\u00e0dio Litoral\" \/>\n<meta property=\"og:description\" content=\"Los vecinos han alertado de olor que emanaba la casa\" \/>\n<meta property=\"og:url\" content=\"https:\/\/radiolitoral.com\/ca\/2023\/06\/troben-el-cadaver-dun-baro-a-casa-seva-de-tellada\/\" \/>\n<meta property=\"og:site_name\" content=\"R\u00e0dio Litoral\" \/>\n<meta property=\"article:publisher\" content=\"https:\/\/www.facebook.com\/Laradiolitoral\/\" \/>\n<meta property=\"article:published_time\" content=\"2023-06-14T17:53:33+00:00\" \/>\n<meta property=\"article:modified_time\" content=\"2023-06-14T17:53:52+00:00\" \/>\n<meta property=\"og:image\" content=\"https:\/\/media.radiolitoral.com\/wp-content\/uploads\/2023\/06\/14194911\/guardia-civil.jpg\" \/>\n\t<meta property=\"og:image:width\" content=\"420\" \/>\n\t<meta property=\"og:image:height\" content=\"247\" \/>\n\t<meta property=\"og:image:type\" content=\"image\/jpeg\" \/>\n<meta name=\"author\" content=\"Mel Pescuezo\" \/>\n<meta name=\"twitter:card\" content=\"summary_large_image\" \/>\n<meta name=\"twitter:label1\" content=\"Escrit per\" \/>\n\t<meta name=\"twitter:data1\" content=\"Mel Pescuezo\" \/>\n\t<meta name=\"twitter:label2\" content=\"Temps estimat de lectura\" \/>\n\t<meta name=\"twitter:data2\" content=\"1 minut\" \/>\n<script type=\"application\/ld+json\" class=\"yoast-schema-graph\">{\"@context\":\"https:\\\/\\\/schema.org\",\"@graph\":[{\"@type\":\"NewsArticle\",\"@id\":\"https:\\\/\\\/radiolitoral.com\\\/2023\\\/06\\\/hallan-el-cadaver-de-un-varon-en-su-casa-de-teulada\\\/#article\",\"isPartOf\":{\"@id\":\"https:\\\/\\\/radiolitoral.com\\\/2023\\\/06\\\/hallan-el-cadaver-de-un-varon-en-su-casa-de-teulada\\\/\"},\"author\":{\"name\":\"Mel Pescuezo\",\"@id\":\"https:\\\/\\\/radiolitoral.com\\\/#\\\/schema\\\/person\\\/aad4f72efa404f85b68e832d24cac059\"},\"headline\":\"Hallan el cad\u00e1ver de un var\u00f3n en su casa de Teulada\",\"datePublished\":\"2023-06-14T17:53:33+00:00\",\"dateModified\":\"2023-06-14T17:53:52+00:00\",\"mainEntityOfPage\":{\"@id\":\"https:\\\/\\\/radiolitoral.com\\\/2023\\\/06\\\/hallan-el-cadaver-de-un-varon-en-su-casa-de-teulada\\\/\"},\"wordCount\":98,\"commentCount\":0,\"publisher\":{\"@id\":\"https:\\\/\\\/radiolitoral.com\\\/#organization\"},\"image\":{\"@id\":\"https:\\\/\\\/radiolitoral.com\\\/2023\\\/06\\\/hallan-el-cadaver-de-un-varon-en-su-casa-de-teulada\\\/#primaryimage\"},\"thumbnailUrl\":\"https:\\\/\\\/media.radiolitoral.com\\\/wp-content\\\/uploads\\\/2023\\\/06\\\/14194911\\\/guardia-civil.jpg\",\"keywords\":[\"cad\u00e1ver en Teulada\",\"sucesos Teulada\"],\"articleSection\":[\"Sucesos\"],\"inLanguage\":\"ca\",\"potentialAction\":[{\"@type\":\"CommentAction\",\"name\":\"Comment\",\"target\":[\"https:\\\/\\\/radiolitoral.com\\\/2023\\\/06\\\/hallan-el-cadaver-de-un-varon-en-su-casa-de-teulada\\\/#respond\"]}]},{\"@type\":[\"WebPage\",\"ItemPage\"],\"@id\":\"https:\\\/\\\/radiolitoral.com\\\/2023\\\/06\\\/hallan-el-cadaver-de-un-varon-en-su-casa-de-teulada\\\/\",\"url\":\"https:\\\/\\\/radiolitoral.com\\\/2023\\\/06\\\/hallan-el-cadaver-de-un-varon-en-su-casa-de-teulada\\\/\",\"name\":\"Hallan el cad\u00e1ver de un var\u00f3n en su casa de Teulada | R\u00e0dio Litoral\",\"isPartOf\":{\"@id\":\"https:\\\/\\\/radiolitoral.com\\\/#website\"},\"primaryImageOfPage\":{\"@id\":\"https:\\\/\\\/radiolitoral.com\\\/2023\\\/06\\\/hallan-el-cadaver-de-un-varon-en-su-casa-de-teulada\\\/#primaryimage\"},\"image\":{\"@id\":\"https:\\\/\\\/radiolitoral.com\\\/2023\\\/06\\\/hallan-el-cadaver-de-un-varon-en-su-casa-de-teulada\\\/#primaryimage\"},\"thumbnailUrl\":\"https:\\\/\\\/media.radiolitoral.com\\\/wp-content\\\/uploads\\\/2023\\\/06\\\/14194911\\\/guardia-civil.jpg\",\"datePublished\":\"2023-06-14T17:53:33+00:00\",\"dateModified\":\"2023-06-14T17:53:52+00:00\",\"description\":\"Los vecinos han alertado de olor que emanaba la casa\",\"breadcrumb\":{\"@id\":\"https:\\\/\\\/radiolitoral.com\\\/2023\\\/06\\\/hallan-el-cadaver-de-un-varon-en-su-casa-de-teulada\\\/#breadcrumb\"},\"inLanguage\":\"ca\",\"potentialAction\":[{\"@type\":\"ReadAction\",\"target\":[\"https:\\\/\\\/radiolitoral.com\\\/2023\\\/06\\\/hallan-el-cadaver-de-un-varon-en-su-casa-de-teulada\\\/\"]}]},{\"@type\":\"ImageObject\",\"inLanguage\":\"ca\",\"@id\":\"https:\\\/\\\/radiolitoral.com\\\/2023\\\/06\\\/hallan-el-cadaver-de-un-varon-en-su-casa-de-teulada\\\/#primaryimage\",\"url\":\"https:\\\/\\\/media.radiolitoral.com\\\/wp-content\\\/uploads\\\/2023\\\/06\\\/14194911\\\/guardia-civil.jpg\",\"contentUrl\":\"https:\\\/\\\/media.radiolitoral.com\\\/wp-content\\\/uploads\\\/2023\\\/06\\\/14194911\\\/guardia-civil.jpg\",\"width\":420,\"height\":247},{\"@type\":\"BreadcrumbList\",\"@id\":\"https:\\\/\\\/radiolitoral.com\\\/2023\\\/06\\\/hallan-el-cadaver-de-un-varon-en-su-casa-de-teulada\\\/#breadcrumb\",\"itemListElement\":[{\"@type\":\"ListItem\",\"position\":1,\"name\":\"Portada\",\"item\":\"https:\\\/\\\/radiolitoral.com\\\/\"},{\"@type\":\"ListItem\",\"position\":2,\"name\":\"Hallan el cad\u00e1ver de un var\u00f3n en su casa de Teulada\"}]},{\"@type\":\"WebSite\",\"@id\":\"https:\\\/\\\/radiolitoral.com\\\/#website\",\"url\":\"https:\\\/\\\/radiolitoral.com\\\/\",\"name\":\"Radio Litoral\",\"description\":\"La radio local de la Marina Alta\",\"publisher\":{\"@id\":\"https:\\\/\\\/radiolitoral.com\\\/#organization\"},\"alternateName\":\"Litoral FM\",\"potentialAction\":[{\"@type\":\"SearchAction\",\"target\":{\"@type\":\"EntryPoint\",\"urlTemplate\":\"https:\\\/\\\/radiolitoral.com\\\/?s={search_term_string}\"},\"query-input\":{\"@type\":\"PropertyValueSpecification\",\"valueRequired\":true,\"valueName\":\"search_term_string\"}}],\"inLanguage\":\"ca\"},{\"@type\":\"Organization\",\"@id\":\"https:\\\/\\\/radiolitoral.com\\\/#organization\",\"name\":\"Radio Litoral\",\"url\":\"https:\\\/\\\/radiolitoral.com\\\/\",\"logo\":{\"@type\":\"ImageObject\",\"inLanguage\":\"ca\",\"@id\":\"https:\\\/\\\/radiolitoral.com\\\/#\\\/schema\\\/logo\\\/image\\\/\",\"url\":\"https:\\\/\\\/media.radiolitoral.com\\\/wp-content\\\/uploads\\\/2023\\\/02\\\/24143238\\\/CL-V-RadioLitoral696.png\",\"contentUrl\":\"https:\\\/\\\/media.radiolitoral.com\\\/wp-content\\\/uploads\\\/2023\\\/02\\\/24143238\\\/CL-V-RadioLitoral696.png\",\"width\":696,\"height\":696,\"caption\":\"Radio Litoral\"},\"image\":{\"@id\":\"https:\\\/\\\/radiolitoral.com\\\/#\\\/schema\\\/logo\\\/image\\\/\"},\"sameAs\":[\"https:\\\/\\\/www.facebook.com\\\/Laradiolitoral\\\/\"]},{\"@type\":\"Person\",\"@id\":\"https:\\\/\\\/radiolitoral.com\\\/#\\\/schema\\\/person\\\/aad4f72efa404f85b68e832d24cac059\",\"name\":\"Mel Pescuezo\",\"image\":{\"@type\":\"ImageObject\",\"inLanguage\":\"ca\",\"@id\":\"https:\\\/\\\/secure.gravatar.com\\\/avatar\\\/993975ae489c70cb0dd9bfa9413a082f0bd276582dac13661af7b33f161e7eea?s=96&d=mm&r=g\",\"url\":\"https:\\\/\\\/secure.gravatar.com\\\/avatar\\\/993975ae489c70cb0dd9bfa9413a082f0bd276582dac13661af7b33f161e7eea?s=96&d=mm&r=g\",\"contentUrl\":\"https:\\\/\\\/secure.gravatar.com\\\/avatar\\\/993975ae489c70cb0dd9bfa9413a082f0bd276582dac13661af7b33f161e7eea?s=96&d=mm&r=g\",\"caption\":\"Mel Pescuezo\"},\"url\":\"https:\\\/\\\/radiolitoral.com\\\/ca\\\/author\\\/serviciospararadios\\\/\"}]}<\/script>\n<!-- \/ Yoast SEO plugin. -->","yoast_head_json":{"title":"Troben el cad\u00e0ver d&#039;un home a casa seva a Teulada | R\u00e0dio Litoral","description":"Els ve\u00efns han alertat d&#039;olor que emanava la casa","robots":{"index":"index","follow":"follow","max-snippet":"max-snippet:-1","max-image-preview":"max-image-preview:large","max-video-preview":"max-video-preview:-1"},"canonical":"https:\/\/radiolitoral.com\/ca\/2023\/06\/troben-el-cadaver-dun-baro-a-casa-seva-de-tellada\/","og_locale":"ca_ES","og_type":"article","og_title":"Hallan el cad\u00e1ver de un var\u00f3n en su casa de Teulada | R\u00e0dio Litoral","og_description":"Los vecinos han alertado de olor que emanaba la casa","og_url":"https:\/\/radiolitoral.com\/ca\/2023\/06\/troben-el-cadaver-dun-baro-a-casa-seva-de-tellada\/","og_site_name":"R\u00e0dio Litoral","article_publisher":"https:\/\/www.facebook.com\/Laradiolitoral\/","article_published_time":"2023-06-14T17:53:33+00:00","article_modified_time":"2023-06-14T17:53:52+00:00","og_image":[{"width":420,"height":247,"url":"https:\/\/media.radiolitoral.com\/wp-content\/uploads\/2023\/06\/14194911\/guardia-civil.jpg","type":"image\/jpeg"}],"author":"Mel Pescuezo","twitter_card":"summary_large_image","twitter_misc":{"Escrit per":"Mel Pescuezo","Temps estimat de lectura":"1 minut"},"schema":{"@context":"https:\/\/schema.org","@graph":[{"@type":"NewsArticle","@id":"https:\/\/radiolitoral.com\/2023\/06\/hallan-el-cadaver-de-un-varon-en-su-casa-de-teulada\/#article","isPartOf":{"@id":"https:\/\/radiolitoral.com\/2023\/06\/hallan-el-cadaver-de-un-varon-en-su-casa-de-teulada\/"},"author":{"name":"Mel Pescuezo","@id":"https:\/\/radiolitoral.com\/#\/schema\/person\/aad4f72efa404f85b68e832d24cac059"},"headline":"Hallan el cad\u00e1ver de un var\u00f3n en su casa de Teulada","datePublished":"2023-06-14T17:53:33+00:00","dateModified":"2023-06-14T17:53:52+00:00","mainEntityOfPage":{"@id":"https:\/\/radiolitoral.com\/2023\/06\/hallan-el-cadaver-de-un-varon-en-su-casa-de-teulada\/"},"wordCount":98,"commentCount":0,"publisher":{"@id":"https:\/\/radiolitoral.com\/#organization"},"image":{"@id":"https:\/\/radiolitoral.com\/2023\/06\/hallan-el-cadaver-de-un-varon-en-su-casa-de-teulada\/#primaryimage"},"thumbnailUrl":"https:\/\/media.radiolitoral.com\/wp-content\/uploads\/2023\/06\/14194911\/guardia-civil.jpg","keywords":["cad\u00e1ver en Teulada","sucesos Teulada"],"articleSection":["Sucesos"],"inLanguage":"ca","potentialAction":[{"@type":"CommentAction","name":"Comment","target":["https:\/\/radiolitoral.com\/2023\/06\/hallan-el-cadaver-de-un-varon-en-su-casa-de-teulada\/#respond"]}]},{"@type":["WebPage","ItemPage"],"@id":"https:\/\/radiolitoral.com\/2023\/06\/hallan-el-cadaver-de-un-varon-en-su-casa-de-teulada\/","url":"https:\/\/radiolitoral.com\/2023\/06\/hallan-el-cadaver-de-un-varon-en-su-casa-de-teulada\/","name":"Troben el cad\u00e0ver d&#039;un home a casa seva a Teulada | R\u00e0dio Litoral","isPartOf":{"@id":"https:\/\/radiolitoral.com\/#website"},"primaryImageOfPage":{"@id":"https:\/\/radiolitoral.com\/2023\/06\/hallan-el-cadaver-de-un-varon-en-su-casa-de-teulada\/#primaryimage"},"image":{"@id":"https:\/\/radiolitoral.com\/2023\/06\/hallan-el-cadaver-de-un-varon-en-su-casa-de-teulada\/#primaryimage"},"thumbnailUrl":"https:\/\/media.radiolitoral.com\/wp-content\/uploads\/2023\/06\/14194911\/guardia-civil.jpg","datePublished":"2023-06-14T17:53:33+00:00","dateModified":"2023-06-14T17:53:52+00:00","description":"Els ve\u00efns han alertat d&#039;olor que emanava la casa","breadcrumb":{"@id":"https:\/\/radiolitoral.com\/2023\/06\/hallan-el-cadaver-de-un-varon-en-su-casa-de-teulada\/#breadcrumb"},"inLanguage":"ca","potentialAction":[{"@type":"ReadAction","target":["https:\/\/radiolitoral.com\/2023\/06\/hallan-el-cadaver-de-un-varon-en-su-casa-de-teulada\/"]}]},{"@type":"ImageObject","inLanguage":"ca","@id":"https:\/\/radiolitoral.com\/2023\/06\/hallan-el-cadaver-de-un-varon-en-su-casa-de-teulada\/#primaryimage","url":"https:\/\/media.radiolitoral.com\/wp-content\/uploads\/2023\/06\/14194911\/guardia-civil.jpg","contentUrl":"https:\/\/media.radiolitoral.com\/wp-content\/uploads\/2023\/06\/14194911\/guardia-civil.jpg","width":420,"height":247},{"@type":"BreadcrumbList","@id":"https:\/\/radiolitoral.com\/2023\/06\/hallan-el-cadaver-de-un-varon-en-su-casa-de-teulada\/#breadcrumb","itemListElement":[{"@type":"ListItem","position":1,"name":"Portada","item":"https:\/\/radiolitoral.com\/"},{"@type":"ListItem","position":2,"name":"Hallan el cad\u00e1ver de un var\u00f3n en su casa de Teulada"}]},{"@type":"WebSite","@id":"https:\/\/radiolitoral.com\/#website","url":"https:\/\/radiolitoral.com\/","name":"R\u00e0dio Litoral","description":"La r\u00e0dio local de la Marina Alta","publisher":{"@id":"https:\/\/radiolitoral.com\/#organization"},"alternateName":"Litoral FM","potentialAction":[{"@type":"SearchAction","target":{"@type":"EntryPoint","urlTemplate":"https:\/\/radiolitoral.com\/?s={search_term_string}"},"query-input":{"@type":"PropertyValueSpecification","valueRequired":true,"valueName":"search_term_string"}}],"inLanguage":"ca"},{"@type":"Organization","@id":"https:\/\/radiolitoral.com\/#organization","name":"R\u00e0dio Litoral","url":"https:\/\/radiolitoral.com\/","logo":{"@type":"ImageObject","inLanguage":"ca","@id":"https:\/\/radiolitoral.com\/#\/schema\/logo\/image\/","url":"https:\/\/media.radiolitoral.com\/wp-content\/uploads\/2023\/02\/24143238\/CL-V-RadioLitoral696.png","contentUrl":"https:\/\/media.radiolitoral.com\/wp-content\/uploads\/2023\/02\/24143238\/CL-V-RadioLitoral696.png","width":696,"height":696,"caption":"Radio Litoral"},"image":{"@id":"https:\/\/radiolitoral.com\/#\/schema\/logo\/image\/"},"sameAs":["https:\/\/www.facebook.com\/Laradiolitoral\/"]},{"@type":"Person","@id":"https:\/\/radiolitoral.com\/#\/schema\/person\/aad4f72efa404f85b68e832d24cac059","name":"Mel Pescuezo","image":{"@type":"ImageObject","inLanguage":"ca","@id":"https:\/\/secure.gravatar.com\/avatar\/993975ae489c70cb0dd9bfa9413a082f0bd276582dac13661af7b33f161e7eea?s=96&d=mm&r=g","url":"https:\/\/secure.gravatar.com\/avatar\/993975ae489c70cb0dd9bfa9413a082f0bd276582dac13661af7b33f161e7eea?s=96&d=mm&r=g","contentUrl":"https:\/\/secure.gravatar.com\/avatar\/993975ae489c70cb0dd9bfa9413a082f0bd276582dac13661af7b33f161e7eea?s=96&d=mm&r=g","caption":"Mel Pescuezo"},"url":"https:\/\/radiolitoral.com\/ca\/author\/serviciospararadios\/"}]}},"_links":{"self":[{"href":"https:\/\/radiolitoral.com\/ca\/wp-json\/wp\/v2\/posts\/4021","targetHints":{"allow":["GET"]}}],"collection":[{"href":"https:\/\/radiolitoral.com\/ca\/wp-json\/wp\/v2\/posts"}],"about":[{"href":"https:\/\/radiolitoral.com\/ca\/wp-json\/wp\/v2\/types\/post"}],"author":[{"embeddable":true,"href":"https:\/\/radiolitoral.com\/ca\/wp-json\/wp\/v2\/users\/21"}],"replies":[{"embeddable":true,"href":"https:\/\/radiolitoral.com\/ca\/wp-json\/wp\/v2\/comments?post=4021"}],"version-history":[{"count":2,"href":"https:\/\/radiolitoral.com\/ca\/wp-json\/wp\/v2\/posts\/4021\/revisions"}],"predecessor-version":[{"id":4024,"href":"https:\/\/radiolitoral.com\/ca\/wp-json\/wp\/v2\/posts\/4021\/revisions\/4024"}],"wp:featuredmedia":[{"embeddable":true,"href":"https:\/\/radiolitoral.com\/ca\/wp-json\/wp\/v2\/media\/4022"}],"wp:attachment":[{"href":"https:\/\/radiolitoral.com\/ca\/wp-json\/wp\/v2\/media?parent=4021"}],"wp:term":[{"taxonomy":"category","embeddable":true,"href":"https:\/\/radiolitoral.com\/ca\/wp-json\/wp\/v2\/categories?post=4021"},{"taxonomy":"post_tag","embeddable":true,"href":"https:\/\/radiolitoral.com\/ca\/wp-json\/wp\/v2\/tags?post=4021"}],"curies":[{"name":"wp","href":"https:\/\/api.w.org\/{rel}","templated":true}]}}