{"id":399,"date":"2023-01-10T11:51:47","date_gmt":"2023-01-10T10:51:47","guid":{"rendered":"https:\/\/radiolitoral.com\/?p=399"},"modified":"2023-01-10T11:51:47","modified_gmt":"2023-01-10T10:51:47","slug":"els-treballadors-del-servei-descombraries-de-calp-tornen-a-les-protestes-i-no-descarten-una-vaga-general","status":"publish","type":"post","link":"https:\/\/radiolitoral.com\/ca\/2023\/01\/los-trabajadores-del-servicio-de-basuras-de-calp-vuelven-a-las-protestas-y-no-descartan-una-huelga-general\/","title":{"rendered":"Els treballadors del servei d&#039;escombraries de Calp tornen a les protestes i no descarten una vaga general"},"content":{"rendered":"<p>Amb l&#039;arrencada del nou any es tornen a repetir les <strong>concentracions reivindicatives<\/strong> dels treballadors del servei de neteja i recollida de RSU, residus s\u00f2lids urbans, a Calp. Mobilitzacions convocades pel sindicat <strong>CSIF<\/strong>, com a mesura de pressi\u00f3 i protesta davant la situaci\u00f3 laboral en qu\u00e8 es troben els empleats d&#039;aquest servei, adjudicat a l&#039;empresa Acciona, i el minvament que estan patint els seus salaris.<\/p>\n<p>Passen els mesos i no hi ha aven\u00e7os, assegura el <strong>delegat sindical Juan Miguel Perles<\/strong>, que explica que han programat concentracions reivindicatives di\u00e0ries davant de les portes de l&#039;ajuntament almenys durant els propers 10 dies.<\/p>\n<audio class=\"wp-audio-shortcode\" id=\"audio-399-1\" preload=\"none\" style=\"width: 100%;\" controls=\"controls\"><source type=\"audio\/mpeg\" src=\"https:\/\/media.radiolitoral.com\/wp-content\/uploads\/2023\/01\/24143255\/Juan-Perles-CSIF-1.mp3?_=1\" \/><a href=\"https:\/\/media.radiolitoral.com\/wp-content\/uploads\/2023\/01\/24143255\/Juan-Perles-CSIF-1.mp3\">https:\/\/media.radiolitoral.com\/wp-content\/uploads\/2023\/01\/24143255\/Juan-Perles-CSIF-1.mp3<\/a><\/audio>\n<p>&nbsp;<\/p>\n<p>Com es reflecteix en les declaracions del representant dels treballadors el malestar a la plantilla de <strong>Acciona<\/strong> persisteix i no descarten, afegeix Perles, anar a la vaga general, si no hi ha una resposta efectiva tant per part de l&#039;empresa com per part de l&#039;ajuntament calp\u00ed.<\/p>\n<audio class=\"wp-audio-shortcode\" id=\"audio-399-2\" preload=\"none\" style=\"width: 100%;\" controls=\"controls\"><source type=\"audio\/mpeg\" src=\"https:\/\/media.radiolitoral.com\/wp-content\/uploads\/2023\/01\/24143255\/Juan-Perles-CSIF-2.mp3?_=2\" \/><a href=\"https:\/\/media.radiolitoral.com\/wp-content\/uploads\/2023\/01\/24143255\/Juan-Perles-CSIF-2.mp3\">https:\/\/media.radiolitoral.com\/wp-content\/uploads\/2023\/01\/24143255\/Juan-Perles-CSIF-2.mp3<\/a><\/audio>\n<p><strong>SUPORTS POL\u00cdTICS<\/strong><\/p>\n<p>Les demandes dels treballadors d&#039;Acciona han rebut el suport de <strong>Coalici\u00f3 Comprom\u00eds per Calp<\/strong>. El portaveu de la formaci\u00f3 valencianista, Ximo Perles, ha assenyalat que resulta una irresponsabilitat per part de l&#039;executiu local, PP i C&#039;s, no intervenir en aquest conflicte laboral, i reclamar a la concession\u00e0ria que compleixi els deures amb els seus empleats. Com tamb\u00e9 titlla d&#039;inadequada, l&#039;actuaci\u00f3 de la mercantil en aquest tema, perqu\u00e8 no est\u00e0 complint les obligacions amb els treballadors.<\/p>\n<p>Perles apunta que s&#039;est\u00e0 propiciant una vaga general que afectaria un servei tan b\u00e0sic com \u00e9s el de recollida de residus i neteja vi\u00e0ria.<\/p>\n<audio class=\"wp-audio-shortcode\" id=\"audio-399-3\" preload=\"none\" style=\"width: 100%;\" controls=\"controls\"><source type=\"audio\/mpeg\" src=\"https:\/\/media.radiolitoral.com\/wp-content\/uploads\/2023\/01\/24143254\/Ximo-Perles-1.mp3?_=3\" \/><a href=\"https:\/\/media.radiolitoral.com\/wp-content\/uploads\/2023\/01\/24143254\/Ximo-Perles-1.mp3\">https:\/\/media.radiolitoral.com\/wp-content\/uploads\/2023\/01\/24143254\/Ximo-Perles-1.mp3<\/a><\/audio>\n<p>&nbsp;<\/p>\n<p><strong>\u00a0<\/strong><\/p>","protected":false},"excerpt":{"rendered":"<p>Con el arranque del nuevo a\u00f1o se vuelven a repetir las concentraciones reivindicativas de los trabajadores del servicio de limpieza y recogida de RSU, residuos s\u00f3lidos urbanos, en Calp. Movilizaciones convocadas por el sindicato CSIF, como medida de presi\u00f3n y protesta ante la situaci\u00f3n laboral en la que se encuentran los empleados de este servicio, [&#8230;]<\/p>\n<p><a class=\"btn btn-secondary understrap-read-more-link\" href=\"https:\/\/radiolitoral.com\/ca\/2023\/01\/los-trabajadores-del-servicio-de-basuras-de-calp-vuelven-a-las-protestas-y-no-descartan-una-huelga-general\/\">Continua llegint&#8230;<span class=\"screen-reader-text\"> from Los trabajadores del servicio de basuras de Calp vuelven a las protestas y no descartan una huelga general<\/span><\/a><\/p>\n","protected":false},"author":13,"featured_media":403,"comment_status":"open","ping_status":"closed","sticky":false,"template":"","format":"standard","meta":{"_acf_changed":false,"inline_featured_image":false,"footnotes":""},"categories":[13],"tags":[28,29,26,27],"class_list":["post-399","post","type-post","status-publish","format-standard","has-post-thumbnail","hentry","category-politica","tag-huelga","tag-movilizaciones","tag-protestas","tag-rsu","cobertura-calp"],"acf":[],"yoast_head":"<!-- This site is optimized with the Yoast SEO plugin v27.5 - https:\/\/yoast.com\/product\/yoast-seo-wordpress\/ -->\n<title>Los trabajadores del servicio de basuras de Calp vuelven a las protestas y no descartan una huelga general | R\u00e0dio Litoral<\/title>\n<meta name=\"description\" content=\"Comprom\u00eds apoya las demandas de la plantilla de Acciona y pide la intermediaci\u00f3n del Ayuntamiento\" \/>\n<meta name=\"robots\" content=\"index, follow, max-snippet:-1, max-image-preview:large, max-video-preview:-1\" \/>\n<link rel=\"canonical\" href=\"https:\/\/radiolitoral.com\/ca\/2023\/01\/els-treballadors-del-servei-descombraries-de-calp-tornen-a-les-protestes-i-no-descarten-una-vaga-general\/\" \/>\n<meta property=\"og:locale\" content=\"ca_ES\" \/>\n<meta property=\"og:type\" content=\"article\" \/>\n<meta property=\"og:title\" content=\"Los trabajadores del servicio de basuras de Calp vuelven a las protestas y no descartan una huelga general | R\u00e0dio Litoral\" \/>\n<meta property=\"og:description\" content=\"Comprom\u00eds apoya las demandas de la plantilla de Acciona y pide la intermediaci\u00f3n del Ayuntamiento\" \/>\n<meta property=\"og:url\" content=\"https:\/\/radiolitoral.com\/ca\/2023\/01\/els-treballadors-del-servei-descombraries-de-calp-tornen-a-les-protestes-i-no-descarten-una-vaga-general\/\" \/>\n<meta property=\"og:site_name\" content=\"R\u00e0dio Litoral\" \/>\n<meta property=\"article:publisher\" content=\"https:\/\/www.facebook.com\/Laradiolitoral\/\" \/>\n<meta property=\"article:published_time\" content=\"2023-01-10T10:51:47+00:00\" \/>\n<meta property=\"og:image\" content=\"https:\/\/s3.eu-west-2.wasabisys.com\/radiolitoral.com\/wp-content\/uploads\/2023\/01\/23184310\/Calp.-Concentracion-CSIF-trabajadores-Acciona-1.jpg\" \/>\n\t<meta property=\"og:image:width\" content=\"2000\" \/>\n\t<meta property=\"og:image:height\" content=\"1500\" \/>\n\t<meta property=\"og:image:type\" content=\"image\/jpeg\" \/>\n<meta name=\"author\" content=\"Redacci\u00f3n\" \/>\n<meta name=\"twitter:card\" content=\"summary_large_image\" \/>\n<meta name=\"twitter:label1\" content=\"Escrit per\" \/>\n\t<meta name=\"twitter:data1\" content=\"Redacci\u00f3n\" \/>\n\t<meta name=\"twitter:label2\" content=\"Temps estimat de lectura\" \/>\n\t<meta name=\"twitter:data2\" content=\"2 minuts\" \/>\n<script type=\"application\/ld+json\" class=\"yoast-schema-graph\">{\"@context\":\"https:\\\/\\\/schema.org\",\"@graph\":[{\"@type\":\"NewsArticle\",\"@id\":\"https:\\\/\\\/radiolitoral.com\\\/2023\\\/01\\\/los-trabajadores-del-servicio-de-basuras-de-calp-vuelven-a-las-protestas-y-no-descartan-una-huelga-general\\\/#article\",\"isPartOf\":{\"@id\":\"https:\\\/\\\/radiolitoral.com\\\/2023\\\/01\\\/los-trabajadores-del-servicio-de-basuras-de-calp-vuelven-a-las-protestas-y-no-descartan-una-huelga-general\\\/\"},\"author\":{\"name\":\"Redacci\u00f3n\",\"@id\":\"https:\\\/\\\/radiolitoral.com\\\/#\\\/schema\\\/person\\\/f2b2343c49b5d721857cc1002bfdb151\"},\"headline\":\"Los trabajadores del servicio de basuras de Calp vuelven a las protestas y no descartan una huelga general\",\"datePublished\":\"2023-01-10T10:51:47+00:00\",\"mainEntityOfPage\":{\"@id\":\"https:\\\/\\\/radiolitoral.com\\\/2023\\\/01\\\/los-trabajadores-del-servicio-de-basuras-de-calp-vuelven-a-las-protestas-y-no-descartan-una-huelga-general\\\/\"},\"wordCount\":321,\"commentCount\":0,\"publisher\":{\"@id\":\"https:\\\/\\\/radiolitoral.com\\\/#organization\"},\"image\":{\"@id\":\"https:\\\/\\\/radiolitoral.com\\\/2023\\\/01\\\/los-trabajadores-del-servicio-de-basuras-de-calp-vuelven-a-las-protestas-y-no-descartan-una-huelga-general\\\/#primaryimage\"},\"thumbnailUrl\":\"https:\\\/\\\/media.radiolitoral.com\\\/wp-content\\\/uploads\\\/2023\\\/01\\\/24143254\\\/Calp.-Concentracion-CSIF-trabajadores-Acciona-1.jpg\",\"keywords\":[\"Huelga\",\"Movilizaciones\",\"Protestas\",\"RSU\"],\"articleSection\":[\"Pol\u00edtica\"],\"inLanguage\":\"ca\",\"potentialAction\":[{\"@type\":\"CommentAction\",\"name\":\"Comment\",\"target\":[\"https:\\\/\\\/radiolitoral.com\\\/2023\\\/01\\\/los-trabajadores-del-servicio-de-basuras-de-calp-vuelven-a-las-protestas-y-no-descartan-una-huelga-general\\\/#respond\"]}]},{\"@type\":[\"WebPage\",\"ItemPage\"],\"@id\":\"https:\\\/\\\/radiolitoral.com\\\/2023\\\/01\\\/los-trabajadores-del-servicio-de-basuras-de-calp-vuelven-a-las-protestas-y-no-descartan-una-huelga-general\\\/\",\"url\":\"https:\\\/\\\/radiolitoral.com\\\/2023\\\/01\\\/los-trabajadores-del-servicio-de-basuras-de-calp-vuelven-a-las-protestas-y-no-descartan-una-huelga-general\\\/\",\"name\":\"Los trabajadores del servicio de basuras de Calp vuelven a las protestas y no descartan una huelga general | R\u00e0dio Litoral\",\"isPartOf\":{\"@id\":\"https:\\\/\\\/radiolitoral.com\\\/#website\"},\"primaryImageOfPage\":{\"@id\":\"https:\\\/\\\/radiolitoral.com\\\/2023\\\/01\\\/los-trabajadores-del-servicio-de-basuras-de-calp-vuelven-a-las-protestas-y-no-descartan-una-huelga-general\\\/#primaryimage\"},\"image\":{\"@id\":\"https:\\\/\\\/radiolitoral.com\\\/2023\\\/01\\\/los-trabajadores-del-servicio-de-basuras-de-calp-vuelven-a-las-protestas-y-no-descartan-una-huelga-general\\\/#primaryimage\"},\"thumbnailUrl\":\"https:\\\/\\\/media.radiolitoral.com\\\/wp-content\\\/uploads\\\/2023\\\/01\\\/24143254\\\/Calp.-Concentracion-CSIF-trabajadores-Acciona-1.jpg\",\"datePublished\":\"2023-01-10T10:51:47+00:00\",\"description\":\"Comprom\u00eds apoya las demandas de la plantilla de Acciona y pide la intermediaci\u00f3n del Ayuntamiento\",\"breadcrumb\":{\"@id\":\"https:\\\/\\\/radiolitoral.com\\\/2023\\\/01\\\/los-trabajadores-del-servicio-de-basuras-de-calp-vuelven-a-las-protestas-y-no-descartan-una-huelga-general\\\/#breadcrumb\"},\"inLanguage\":\"ca\",\"potentialAction\":[{\"@type\":\"ReadAction\",\"target\":[\"https:\\\/\\\/radiolitoral.com\\\/2023\\\/01\\\/los-trabajadores-del-servicio-de-basuras-de-calp-vuelven-a-las-protestas-y-no-descartan-una-huelga-general\\\/\"]}]},{\"@type\":\"ImageObject\",\"inLanguage\":\"ca\",\"@id\":\"https:\\\/\\\/radiolitoral.com\\\/2023\\\/01\\\/los-trabajadores-del-servicio-de-basuras-de-calp-vuelven-a-las-protestas-y-no-descartan-una-huelga-general\\\/#primaryimage\",\"url\":\"https:\\\/\\\/media.radiolitoral.com\\\/wp-content\\\/uploads\\\/2023\\\/01\\\/24143254\\\/Calp.-Concentracion-CSIF-trabajadores-Acciona-1.jpg\",\"contentUrl\":\"https:\\\/\\\/media.radiolitoral.com\\\/wp-content\\\/uploads\\\/2023\\\/01\\\/24143254\\\/Calp.-Concentracion-CSIF-trabajadores-Acciona-1.jpg\",\"width\":2000,\"height\":1500},{\"@type\":\"BreadcrumbList\",\"@id\":\"https:\\\/\\\/radiolitoral.com\\\/2023\\\/01\\\/los-trabajadores-del-servicio-de-basuras-de-calp-vuelven-a-las-protestas-y-no-descartan-una-huelga-general\\\/#breadcrumb\",\"itemListElement\":[{\"@type\":\"ListItem\",\"position\":1,\"name\":\"Portada\",\"item\":\"https:\\\/\\\/radiolitoral.com\\\/\"},{\"@type\":\"ListItem\",\"position\":2,\"name\":\"Los trabajadores del servicio de basuras de Calp vuelven a las protestas y no descartan una huelga general\"}]},{\"@type\":\"WebSite\",\"@id\":\"https:\\\/\\\/radiolitoral.com\\\/#website\",\"url\":\"https:\\\/\\\/radiolitoral.com\\\/\",\"name\":\"Radio Litoral\",\"description\":\"La radio local de la Marina Alta\",\"publisher\":{\"@id\":\"https:\\\/\\\/radiolitoral.com\\\/#organization\"},\"alternateName\":\"Litoral FM\",\"potentialAction\":[{\"@type\":\"SearchAction\",\"target\":{\"@type\":\"EntryPoint\",\"urlTemplate\":\"https:\\\/\\\/radiolitoral.com\\\/?s={search_term_string}\"},\"query-input\":{\"@type\":\"PropertyValueSpecification\",\"valueRequired\":true,\"valueName\":\"search_term_string\"}}],\"inLanguage\":\"ca\"},{\"@type\":\"Organization\",\"@id\":\"https:\\\/\\\/radiolitoral.com\\\/#organization\",\"name\":\"Radio Litoral\",\"url\":\"https:\\\/\\\/radiolitoral.com\\\/\",\"logo\":{\"@type\":\"ImageObject\",\"inLanguage\":\"ca\",\"@id\":\"https:\\\/\\\/radiolitoral.com\\\/#\\\/schema\\\/logo\\\/image\\\/\",\"url\":\"https:\\\/\\\/media.radiolitoral.com\\\/wp-content\\\/uploads\\\/2023\\\/02\\\/24143238\\\/CL-V-RadioLitoral696.png\",\"contentUrl\":\"https:\\\/\\\/media.radiolitoral.com\\\/wp-content\\\/uploads\\\/2023\\\/02\\\/24143238\\\/CL-V-RadioLitoral696.png\",\"width\":696,\"height\":696,\"caption\":\"Radio Litoral\"},\"image\":{\"@id\":\"https:\\\/\\\/radiolitoral.com\\\/#\\\/schema\\\/logo\\\/image\\\/\"},\"sameAs\":[\"https:\\\/\\\/www.facebook.com\\\/Laradiolitoral\\\/\"]},{\"@type\":\"Person\",\"@id\":\"https:\\\/\\\/radiolitoral.com\\\/#\\\/schema\\\/person\\\/f2b2343c49b5d721857cc1002bfdb151\",\"name\":\"Redacci\u00f3n\",\"image\":{\"@type\":\"ImageObject\",\"inLanguage\":\"ca\",\"@id\":\"https:\\\/\\\/secure.gravatar.com\\\/avatar\\\/f771d896c203ad8b3382d7905cfcce5a5c9b008b84b3cd9114e9b9f4cb63f789?s=96&d=mm&r=g\",\"url\":\"https:\\\/\\\/secure.gravatar.com\\\/avatar\\\/f771d896c203ad8b3382d7905cfcce5a5c9b008b84b3cd9114e9b9f4cb63f789?s=96&d=mm&r=g\",\"contentUrl\":\"https:\\\/\\\/secure.gravatar.com\\\/avatar\\\/f771d896c203ad8b3382d7905cfcce5a5c9b008b84b3cd9114e9b9f4cb63f789?s=96&d=mm&r=g\",\"caption\":\"Redacci\u00f3n\"},\"url\":\"https:\\\/\\\/radiolitoral.com\\\/ca\\\/author\\\/miriam-pagan\\\/\"}]}<\/script>\n<!-- \/ Yoast SEO plugin. -->","yoast_head_json":{"title":"Els treballadors del servei d&#039;escombraries de Calp tornen a les protestes i no descarten una vaga general | R\u00e0dio Litoral","description":"Comprom\u00eds recolza les demandes de la plantilla d&#039;Acciona i demana la intermediaci\u00f3 de l&#039;Ajuntament","robots":{"index":"index","follow":"follow","max-snippet":"max-snippet:-1","max-image-preview":"max-image-preview:large","max-video-preview":"max-video-preview:-1"},"canonical":"https:\/\/radiolitoral.com\/ca\/2023\/01\/els-treballadors-del-servei-descombraries-de-calp-tornen-a-les-protestes-i-no-descarten-una-vaga-general\/","og_locale":"ca_ES","og_type":"article","og_title":"Los trabajadores del servicio de basuras de Calp vuelven a las protestas y no descartan una huelga general | R\u00e0dio Litoral","og_description":"Comprom\u00eds apoya las demandas de la plantilla de Acciona y pide la intermediaci\u00f3n del Ayuntamiento","og_url":"https:\/\/radiolitoral.com\/ca\/2023\/01\/els-treballadors-del-servei-descombraries-de-calp-tornen-a-les-protestes-i-no-descarten-una-vaga-general\/","og_site_name":"R\u00e0dio Litoral","article_publisher":"https:\/\/www.facebook.com\/Laradiolitoral\/","article_published_time":"2023-01-10T10:51:47+00:00","og_image":[{"width":2000,"height":1500,"url":"https:\/\/s3.eu-west-2.wasabisys.com\/radiolitoral.com\/wp-content\/uploads\/2023\/01\/23184310\/Calp.-Concentracion-CSIF-trabajadores-Acciona-1.jpg","type":"image\/jpeg"}],"author":"Redacci\u00f3n","twitter_card":"summary_large_image","twitter_misc":{"Escrit per":"Redacci\u00f3n","Temps estimat de lectura":"2 minuts"},"schema":{"@context":"https:\/\/schema.org","@graph":[{"@type":"NewsArticle","@id":"https:\/\/radiolitoral.com\/2023\/01\/los-trabajadores-del-servicio-de-basuras-de-calp-vuelven-a-las-protestas-y-no-descartan-una-huelga-general\/#article","isPartOf":{"@id":"https:\/\/radiolitoral.com\/2023\/01\/los-trabajadores-del-servicio-de-basuras-de-calp-vuelven-a-las-protestas-y-no-descartan-una-huelga-general\/"},"author":{"name":"Redacci\u00f3n","@id":"https:\/\/radiolitoral.com\/#\/schema\/person\/f2b2343c49b5d721857cc1002bfdb151"},"headline":"Los trabajadores del servicio de basuras de Calp vuelven a las protestas y no descartan una huelga general","datePublished":"2023-01-10T10:51:47+00:00","mainEntityOfPage":{"@id":"https:\/\/radiolitoral.com\/2023\/01\/los-trabajadores-del-servicio-de-basuras-de-calp-vuelven-a-las-protestas-y-no-descartan-una-huelga-general\/"},"wordCount":321,"commentCount":0,"publisher":{"@id":"https:\/\/radiolitoral.com\/#organization"},"image":{"@id":"https:\/\/radiolitoral.com\/2023\/01\/los-trabajadores-del-servicio-de-basuras-de-calp-vuelven-a-las-protestas-y-no-descartan-una-huelga-general\/#primaryimage"},"thumbnailUrl":"https:\/\/media.radiolitoral.com\/wp-content\/uploads\/2023\/01\/24143254\/Calp.-Concentracion-CSIF-trabajadores-Acciona-1.jpg","keywords":["Huelga","Movilizaciones","Protestas","RSU"],"articleSection":["Pol\u00edtica"],"inLanguage":"ca","potentialAction":[{"@type":"CommentAction","name":"Comment","target":["https:\/\/radiolitoral.com\/2023\/01\/los-trabajadores-del-servicio-de-basuras-de-calp-vuelven-a-las-protestas-y-no-descartan-una-huelga-general\/#respond"]}]},{"@type":["WebPage","ItemPage"],"@id":"https:\/\/radiolitoral.com\/2023\/01\/los-trabajadores-del-servicio-de-basuras-de-calp-vuelven-a-las-protestas-y-no-descartan-una-huelga-general\/","url":"https:\/\/radiolitoral.com\/2023\/01\/los-trabajadores-del-servicio-de-basuras-de-calp-vuelven-a-las-protestas-y-no-descartan-una-huelga-general\/","name":"Els treballadors del servei d&#039;escombraries de Calp tornen a les protestes i no descarten una vaga general | R\u00e0dio Litoral","isPartOf":{"@id":"https:\/\/radiolitoral.com\/#website"},"primaryImageOfPage":{"@id":"https:\/\/radiolitoral.com\/2023\/01\/los-trabajadores-del-servicio-de-basuras-de-calp-vuelven-a-las-protestas-y-no-descartan-una-huelga-general\/#primaryimage"},"image":{"@id":"https:\/\/radiolitoral.com\/2023\/01\/los-trabajadores-del-servicio-de-basuras-de-calp-vuelven-a-las-protestas-y-no-descartan-una-huelga-general\/#primaryimage"},"thumbnailUrl":"https:\/\/media.radiolitoral.com\/wp-content\/uploads\/2023\/01\/24143254\/Calp.-Concentracion-CSIF-trabajadores-Acciona-1.jpg","datePublished":"2023-01-10T10:51:47+00:00","description":"Comprom\u00eds recolza les demandes de la plantilla d&#039;Acciona i demana la intermediaci\u00f3 de l&#039;Ajuntament","breadcrumb":{"@id":"https:\/\/radiolitoral.com\/2023\/01\/los-trabajadores-del-servicio-de-basuras-de-calp-vuelven-a-las-protestas-y-no-descartan-una-huelga-general\/#breadcrumb"},"inLanguage":"ca","potentialAction":[{"@type":"ReadAction","target":["https:\/\/radiolitoral.com\/2023\/01\/los-trabajadores-del-servicio-de-basuras-de-calp-vuelven-a-las-protestas-y-no-descartan-una-huelga-general\/"]}]},{"@type":"ImageObject","inLanguage":"ca","@id":"https:\/\/radiolitoral.com\/2023\/01\/los-trabajadores-del-servicio-de-basuras-de-calp-vuelven-a-las-protestas-y-no-descartan-una-huelga-general\/#primaryimage","url":"https:\/\/media.radiolitoral.com\/wp-content\/uploads\/2023\/01\/24143254\/Calp.-Concentracion-CSIF-trabajadores-Acciona-1.jpg","contentUrl":"https:\/\/media.radiolitoral.com\/wp-content\/uploads\/2023\/01\/24143254\/Calp.-Concentracion-CSIF-trabajadores-Acciona-1.jpg","width":2000,"height":1500},{"@type":"BreadcrumbList","@id":"https:\/\/radiolitoral.com\/2023\/01\/los-trabajadores-del-servicio-de-basuras-de-calp-vuelven-a-las-protestas-y-no-descartan-una-huelga-general\/#breadcrumb","itemListElement":[{"@type":"ListItem","position":1,"name":"Portada","item":"https:\/\/radiolitoral.com\/"},{"@type":"ListItem","position":2,"name":"Los trabajadores del servicio de basuras de Calp vuelven a las protestas y no descartan una huelga general"}]},{"@type":"WebSite","@id":"https:\/\/radiolitoral.com\/#website","url":"https:\/\/radiolitoral.com\/","name":"R\u00e0dio Litoral","description":"La r\u00e0dio local de la Marina Alta","publisher":{"@id":"https:\/\/radiolitoral.com\/#organization"},"alternateName":"Litoral FM","potentialAction":[{"@type":"SearchAction","target":{"@type":"EntryPoint","urlTemplate":"https:\/\/radiolitoral.com\/?s={search_term_string}"},"query-input":{"@type":"PropertyValueSpecification","valueRequired":true,"valueName":"search_term_string"}}],"inLanguage":"ca"},{"@type":"Organization","@id":"https:\/\/radiolitoral.com\/#organization","name":"R\u00e0dio Litoral","url":"https:\/\/radiolitoral.com\/","logo":{"@type":"ImageObject","inLanguage":"ca","@id":"https:\/\/radiolitoral.com\/#\/schema\/logo\/image\/","url":"https:\/\/media.radiolitoral.com\/wp-content\/uploads\/2023\/02\/24143238\/CL-V-RadioLitoral696.png","contentUrl":"https:\/\/media.radiolitoral.com\/wp-content\/uploads\/2023\/02\/24143238\/CL-V-RadioLitoral696.png","width":696,"height":696,"caption":"Radio Litoral"},"image":{"@id":"https:\/\/radiolitoral.com\/#\/schema\/logo\/image\/"},"sameAs":["https:\/\/www.facebook.com\/Laradiolitoral\/"]},{"@type":"Person","@id":"https:\/\/radiolitoral.com\/#\/schema\/person\/f2b2343c49b5d721857cc1002bfdb151","name":"Redacci\u00f3","image":{"@type":"ImageObject","inLanguage":"ca","@id":"https:\/\/secure.gravatar.com\/avatar\/f771d896c203ad8b3382d7905cfcce5a5c9b008b84b3cd9114e9b9f4cb63f789?s=96&d=mm&r=g","url":"https:\/\/secure.gravatar.com\/avatar\/f771d896c203ad8b3382d7905cfcce5a5c9b008b84b3cd9114e9b9f4cb63f789?s=96&d=mm&r=g","contentUrl":"https:\/\/secure.gravatar.com\/avatar\/f771d896c203ad8b3382d7905cfcce5a5c9b008b84b3cd9114e9b9f4cb63f789?s=96&d=mm&r=g","caption":"Redacci\u00f3n"},"url":"https:\/\/radiolitoral.com\/ca\/author\/miriam-pagan\/"}]}},"_links":{"self":[{"href":"https:\/\/radiolitoral.com\/ca\/wp-json\/wp\/v2\/posts\/399","targetHints":{"allow":["GET"]}}],"collection":[{"href":"https:\/\/radiolitoral.com\/ca\/wp-json\/wp\/v2\/posts"}],"about":[{"href":"https:\/\/radiolitoral.com\/ca\/wp-json\/wp\/v2\/types\/post"}],"author":[{"embeddable":true,"href":"https:\/\/radiolitoral.com\/ca\/wp-json\/wp\/v2\/users\/13"}],"replies":[{"embeddable":true,"href":"https:\/\/radiolitoral.com\/ca\/wp-json\/wp\/v2\/comments?post=399"}],"version-history":[{"count":2,"href":"https:\/\/radiolitoral.com\/ca\/wp-json\/wp\/v2\/posts\/399\/revisions"}],"predecessor-version":[{"id":405,"href":"https:\/\/radiolitoral.com\/ca\/wp-json\/wp\/v2\/posts\/399\/revisions\/405"}],"wp:featuredmedia":[{"embeddable":true,"href":"https:\/\/radiolitoral.com\/ca\/wp-json\/wp\/v2\/media\/403"}],"wp:attachment":[{"href":"https:\/\/radiolitoral.com\/ca\/wp-json\/wp\/v2\/media?parent=399"}],"wp:term":[{"taxonomy":"category","embeddable":true,"href":"https:\/\/radiolitoral.com\/ca\/wp-json\/wp\/v2\/categories?post=399"},{"taxonomy":"post_tag","embeddable":true,"href":"https:\/\/radiolitoral.com\/ca\/wp-json\/wp\/v2\/tags?post=399"}],"curies":[{"name":"wp","href":"https:\/\/api.w.org\/{rel}","templated":true}]}}