{"id":3973,"date":"2023-06-13T16:01:00","date_gmt":"2023-06-13T14:01:00","guid":{"rendered":"https:\/\/radiolitoral.com\/?p=3973"},"modified":"2023-06-13T16:01:13","modified_gmt":"2023-06-13T14:01:13","slug":"benissa-calp-teulada-i-el-poble-nou-convoquen-els-respectius-plens-dinvestidura-el-dissabte-a-les-12-del-migdia","status":"publish","type":"post","link":"https:\/\/radiolitoral.com\/ca\/2023\/06\/benissa-calp-teulada-y-el-poble-nou-convocan-sus-respectivos-plenos-de-investidura-el-sabado-a-las-12-del-mediodia\/","title":{"rendered":"Benissa, Calp, Teulada i Poble Nou convoquen els seus respectius plens d&#039;investidura dissabte a les 12 del migdia"},"content":{"rendered":"<p>L&#039;actualitat pol\u00edtica segueix amb la mirada posada a l&#039;acte de constituci\u00f3 dels nous Ajuntaments despr\u00e9s dels resultats electorals del 28M. Convocat\u00f2ria que tindr\u00e0 lloc el proper dissabte, dia 17. Convocat\u00f2ria que a Calp, una de les localitats que m\u00e9s expectaci\u00f3 ha deixat el vot dels ciutadans, ja t\u00e9 fixada l&#039;hora del ple per a la presa de possessi\u00f3 dels regidors de la nova corporaci\u00f3 i la investidura del nou alcalde o alcaldessa. Ser\u00e0 a les 12 del migdia.<\/p>\n<p>Un ple que es podr\u00e0 seguir en directe a trav\u00e9s del canal de YouTube de l&#039;Ajuntament i tamb\u00e9, ateses les limitacions d&#039;aforament al mateix sal\u00f3 de plens del consistori, s&#039;ha decidit instal\u00b7lar una pantalla gegant al Sal\u00f3 Blau de la Casa de Cultura Jaume Pastor i Fluix\u00e0.<\/p>\n<p>Tamb\u00e9 a Teulada han confirmat que el ple de constituci\u00f3 de la nova corporaci\u00f3 municipal s&#039;iniciar\u00e0 a les 12 del migdia. En aquest cas, les urnes ja van deixar clar qui ser\u00e0 l&#039;alcalde de la propera legislatura, Ra\u00fal Llobell, que revalida el c\u00e0rrec, despr\u00e9s que el PP aconsegu\u00eds la majoria absoluta el 28M.<\/p>\n<p>A Benissa, un any m\u00e9s, reconverteixen el Centre d&#039;Art Taller d&#039;Ivars, a la sala de plens, per tal de donar cabuda al m\u00e0xim de p\u00fablic possible que vulgui seguir l&#039;acte d&#039;investidura del nou alcalde per a la legislatura 2023-2027 . C\u00e0rrec que revalida l&#039;actual mun\u00edcipe, Arturo Poquet, despr\u00e9s d&#039;aconseguir el PP majoria absoluta a les municipals del mes de maig passat. La cita tamb\u00e9 a partir de les 12 hores.<\/p>\n<p>A aquesta mateixa hora ha convocat la sessi\u00f3 per a la constituci\u00f3 de la nova corporaci\u00f3 municipal El Poble Nou de Benitatxell. Ple en qu\u00e8 ser\u00e0 proclamat Miguel \u00c1ngel Garc\u00eda, de M\u00e9s Benitatxell, alcalde, despr\u00e9s de sumar majoria absoluta a les urnes el 28M passat.<\/p>","protected":false},"excerpt":{"rendered":"<p>La actualidad pol\u00edtica sigue con la mirada puesta en el acto de constituci\u00f3n de los nuevos Ayuntamientos tras los resultados electorales del 28M. Convocatoria que tendr\u00e1 lugar el pr\u00f3ximo s\u00e1bado, d\u00eda 17. Convocatoria que en Calp, una de las localidades que m\u00e1s expectaci\u00f3n ha dejado el voto de los ciudadanos, ya tiene fijada la hora [&#8230;]<\/p>\n<p><a class=\"btn btn-secondary understrap-read-more-link\" href=\"https:\/\/radiolitoral.com\/ca\/2023\/06\/benissa-calp-teulada-y-el-poble-nou-convocan-sus-respectivos-plenos-de-investidura-el-sabado-a-las-12-del-mediodia\/\">Continua llegint&#8230;<span class=\"screen-reader-text\"> from Benissa, Calp, Teulada y El Poble Nou convocan sus respectivos plenos de investidura el s\u00e1bado a las 12 del mediod\u00eda<\/span><\/a><\/p>\n","protected":false},"author":13,"featured_media":3115,"comment_status":"open","ping_status":"closed","sticky":false,"template":"","format":"standard","meta":{"_acf_changed":false,"inline_featured_image":false,"footnotes":""},"categories":[13],"tags":[762],"class_list":["post-3973","post","type-post","status-publish","format-standard","has-post-thumbnail","hentry","category-politica","tag-investiduras","cobertura-benissa","cobertura-calp","cobertura-poble-nou-de-benitatxell","cobertura-teulada-moraira"],"acf":[],"yoast_head":"<!-- This site is optimized with the Yoast SEO plugin v27.5 - https:\/\/yoast.com\/product\/yoast-seo-wordpress\/ -->\n<title>Benissa, Calp, Teulada y El Poble Nou convocan sus respectivos plenos de investidura el s\u00e1bado a las 12 del mediod\u00eda | R\u00e0dio Litoral<\/title>\n<meta name=\"description\" content=\"Mayor\u00eda absoluta para Benissa, Teulada y El Poble Nou\" \/>\n<meta name=\"robots\" content=\"index, follow, max-snippet:-1, max-image-preview:large, max-video-preview:-1\" \/>\n<link rel=\"canonical\" href=\"https:\/\/radiolitoral.com\/ca\/2023\/06\/benissa-calp-teulada-i-el-poble-nou-convoquen-els-respectius-plens-dinvestidura-el-dissabte-a-les-12-del-migdia\/\" \/>\n<meta property=\"og:locale\" content=\"ca_ES\" \/>\n<meta property=\"og:type\" content=\"article\" \/>\n<meta property=\"og:title\" content=\"Benissa, Calp, Teulada y El Poble Nou convocan sus respectivos plenos de investidura el s\u00e1bado a las 12 del mediod\u00eda | R\u00e0dio Litoral\" \/>\n<meta property=\"og:description\" content=\"Mayor\u00eda absoluta para Benissa, Teulada y El Poble Nou\" \/>\n<meta property=\"og:url\" content=\"https:\/\/radiolitoral.com\/ca\/2023\/06\/benissa-calp-teulada-i-el-poble-nou-convoquen-els-respectius-plens-dinvestidura-el-dissabte-a-les-12-del-migdia\/\" \/>\n<meta property=\"og:site_name\" content=\"R\u00e0dio Litoral\" \/>\n<meta property=\"article:publisher\" content=\"https:\/\/www.facebook.com\/Laradiolitoral\/\" \/>\n<meta property=\"article:published_time\" content=\"2023-06-13T14:01:00+00:00\" \/>\n<meta property=\"article:modified_time\" content=\"2023-06-13T14:01:13+00:00\" \/>\n<meta property=\"og:image\" content=\"https:\/\/media.radiolitoral.com\/wp-content\/uploads\/2023\/05\/15173014\/raul-1.png\" \/>\n\t<meta property=\"og:image:width\" content=\"397\" \/>\n\t<meta property=\"og:image:height\" content=\"476\" \/>\n\t<meta property=\"og:image:type\" content=\"image\/png\" \/>\n<meta name=\"author\" content=\"Redacci\u00f3n\" \/>\n<meta name=\"twitter:card\" content=\"summary_large_image\" \/>\n<meta name=\"twitter:label1\" content=\"Escrit per\" \/>\n\t<meta name=\"twitter:data1\" content=\"Redacci\u00f3n\" \/>\n\t<meta name=\"twitter:label2\" content=\"Temps estimat de lectura\" \/>\n\t<meta name=\"twitter:data2\" content=\"2 minuts\" \/>\n<script type=\"application\/ld+json\" class=\"yoast-schema-graph\">{\"@context\":\"https:\\\/\\\/schema.org\",\"@graph\":[{\"@type\":\"NewsArticle\",\"@id\":\"https:\\\/\\\/radiolitoral.com\\\/2023\\\/06\\\/benissa-calp-teulada-y-el-poble-nou-convocan-sus-respectivos-plenos-de-investidura-el-sabado-a-las-12-del-mediodia\\\/#article\",\"isPartOf\":{\"@id\":\"https:\\\/\\\/radiolitoral.com\\\/2023\\\/06\\\/benissa-calp-teulada-y-el-poble-nou-convocan-sus-respectivos-plenos-de-investidura-el-sabado-a-las-12-del-mediodia\\\/\"},\"author\":{\"name\":\"Redacci\u00f3n\",\"@id\":\"https:\\\/\\\/radiolitoral.com\\\/#\\\/schema\\\/person\\\/f2b2343c49b5d721857cc1002bfdb151\"},\"headline\":\"Benissa, Calp, Teulada y El Poble Nou convocan sus respectivos plenos de investidura el s\u00e1bado a las 12 del mediod\u00eda\",\"datePublished\":\"2023-06-13T14:01:00+00:00\",\"dateModified\":\"2023-06-13T14:01:13+00:00\",\"mainEntityOfPage\":{\"@id\":\"https:\\\/\\\/radiolitoral.com\\\/2023\\\/06\\\/benissa-calp-teulada-y-el-poble-nou-convocan-sus-respectivos-plenos-de-investidura-el-sabado-a-las-12-del-mediodia\\\/\"},\"wordCount\":358,\"commentCount\":0,\"publisher\":{\"@id\":\"https:\\\/\\\/radiolitoral.com\\\/#organization\"},\"image\":{\"@id\":\"https:\\\/\\\/radiolitoral.com\\\/2023\\\/06\\\/benissa-calp-teulada-y-el-poble-nou-convocan-sus-respectivos-plenos-de-investidura-el-sabado-a-las-12-del-mediodia\\\/#primaryimage\"},\"thumbnailUrl\":\"https:\\\/\\\/media.radiolitoral.com\\\/wp-content\\\/uploads\\\/2023\\\/05\\\/15173014\\\/raul-1.png\",\"keywords\":[\"investiduras\"],\"articleSection\":[\"Pol\u00edtica\"],\"inLanguage\":\"ca\",\"potentialAction\":[{\"@type\":\"CommentAction\",\"name\":\"Comment\",\"target\":[\"https:\\\/\\\/radiolitoral.com\\\/2023\\\/06\\\/benissa-calp-teulada-y-el-poble-nou-convocan-sus-respectivos-plenos-de-investidura-el-sabado-a-las-12-del-mediodia\\\/#respond\"]}]},{\"@type\":[\"WebPage\",\"ItemPage\"],\"@id\":\"https:\\\/\\\/radiolitoral.com\\\/2023\\\/06\\\/benissa-calp-teulada-y-el-poble-nou-convocan-sus-respectivos-plenos-de-investidura-el-sabado-a-las-12-del-mediodia\\\/\",\"url\":\"https:\\\/\\\/radiolitoral.com\\\/2023\\\/06\\\/benissa-calp-teulada-y-el-poble-nou-convocan-sus-respectivos-plenos-de-investidura-el-sabado-a-las-12-del-mediodia\\\/\",\"name\":\"Benissa, Calp, Teulada y El Poble Nou convocan sus respectivos plenos de investidura el s\u00e1bado a las 12 del mediod\u00eda | R\u00e0dio Litoral\",\"isPartOf\":{\"@id\":\"https:\\\/\\\/radiolitoral.com\\\/#website\"},\"primaryImageOfPage\":{\"@id\":\"https:\\\/\\\/radiolitoral.com\\\/2023\\\/06\\\/benissa-calp-teulada-y-el-poble-nou-convocan-sus-respectivos-plenos-de-investidura-el-sabado-a-las-12-del-mediodia\\\/#primaryimage\"},\"image\":{\"@id\":\"https:\\\/\\\/radiolitoral.com\\\/2023\\\/06\\\/benissa-calp-teulada-y-el-poble-nou-convocan-sus-respectivos-plenos-de-investidura-el-sabado-a-las-12-del-mediodia\\\/#primaryimage\"},\"thumbnailUrl\":\"https:\\\/\\\/media.radiolitoral.com\\\/wp-content\\\/uploads\\\/2023\\\/05\\\/15173014\\\/raul-1.png\",\"datePublished\":\"2023-06-13T14:01:00+00:00\",\"dateModified\":\"2023-06-13T14:01:13+00:00\",\"description\":\"Mayor\u00eda absoluta para Benissa, Teulada y El Poble Nou\",\"breadcrumb\":{\"@id\":\"https:\\\/\\\/radiolitoral.com\\\/2023\\\/06\\\/benissa-calp-teulada-y-el-poble-nou-convocan-sus-respectivos-plenos-de-investidura-el-sabado-a-las-12-del-mediodia\\\/#breadcrumb\"},\"inLanguage\":\"ca\",\"potentialAction\":[{\"@type\":\"ReadAction\",\"target\":[\"https:\\\/\\\/radiolitoral.com\\\/2023\\\/06\\\/benissa-calp-teulada-y-el-poble-nou-convocan-sus-respectivos-plenos-de-investidura-el-sabado-a-las-12-del-mediodia\\\/\"]}]},{\"@type\":\"ImageObject\",\"inLanguage\":\"ca\",\"@id\":\"https:\\\/\\\/radiolitoral.com\\\/2023\\\/06\\\/benissa-calp-teulada-y-el-poble-nou-convocan-sus-respectivos-plenos-de-investidura-el-sabado-a-las-12-del-mediodia\\\/#primaryimage\",\"url\":\"https:\\\/\\\/media.radiolitoral.com\\\/wp-content\\\/uploads\\\/2023\\\/05\\\/15173014\\\/raul-1.png\",\"contentUrl\":\"https:\\\/\\\/media.radiolitoral.com\\\/wp-content\\\/uploads\\\/2023\\\/05\\\/15173014\\\/raul-1.png\",\"width\":397,\"height\":476},{\"@type\":\"BreadcrumbList\",\"@id\":\"https:\\\/\\\/radiolitoral.com\\\/2023\\\/06\\\/benissa-calp-teulada-y-el-poble-nou-convocan-sus-respectivos-plenos-de-investidura-el-sabado-a-las-12-del-mediodia\\\/#breadcrumb\",\"itemListElement\":[{\"@type\":\"ListItem\",\"position\":1,\"name\":\"Portada\",\"item\":\"https:\\\/\\\/radiolitoral.com\\\/\"},{\"@type\":\"ListItem\",\"position\":2,\"name\":\"Benissa, Calp, Teulada y El Poble Nou convocan sus respectivos plenos de investidura el s\u00e1bado a las 12 del mediod\u00eda\"}]},{\"@type\":\"WebSite\",\"@id\":\"https:\\\/\\\/radiolitoral.com\\\/#website\",\"url\":\"https:\\\/\\\/radiolitoral.com\\\/\",\"name\":\"Radio Litoral\",\"description\":\"La radio local de la Marina Alta\",\"publisher\":{\"@id\":\"https:\\\/\\\/radiolitoral.com\\\/#organization\"},\"alternateName\":\"Litoral FM\",\"potentialAction\":[{\"@type\":\"SearchAction\",\"target\":{\"@type\":\"EntryPoint\",\"urlTemplate\":\"https:\\\/\\\/radiolitoral.com\\\/?s={search_term_string}\"},\"query-input\":{\"@type\":\"PropertyValueSpecification\",\"valueRequired\":true,\"valueName\":\"search_term_string\"}}],\"inLanguage\":\"ca\"},{\"@type\":\"Organization\",\"@id\":\"https:\\\/\\\/radiolitoral.com\\\/#organization\",\"name\":\"Radio Litoral\",\"url\":\"https:\\\/\\\/radiolitoral.com\\\/\",\"logo\":{\"@type\":\"ImageObject\",\"inLanguage\":\"ca\",\"@id\":\"https:\\\/\\\/radiolitoral.com\\\/#\\\/schema\\\/logo\\\/image\\\/\",\"url\":\"https:\\\/\\\/media.radiolitoral.com\\\/wp-content\\\/uploads\\\/2023\\\/02\\\/24143238\\\/CL-V-RadioLitoral696.png\",\"contentUrl\":\"https:\\\/\\\/media.radiolitoral.com\\\/wp-content\\\/uploads\\\/2023\\\/02\\\/24143238\\\/CL-V-RadioLitoral696.png\",\"width\":696,\"height\":696,\"caption\":\"Radio Litoral\"},\"image\":{\"@id\":\"https:\\\/\\\/radiolitoral.com\\\/#\\\/schema\\\/logo\\\/image\\\/\"},\"sameAs\":[\"https:\\\/\\\/www.facebook.com\\\/Laradiolitoral\\\/\"]},{\"@type\":\"Person\",\"@id\":\"https:\\\/\\\/radiolitoral.com\\\/#\\\/schema\\\/person\\\/f2b2343c49b5d721857cc1002bfdb151\",\"name\":\"Redacci\u00f3n\",\"image\":{\"@type\":\"ImageObject\",\"inLanguage\":\"ca\",\"@id\":\"https:\\\/\\\/secure.gravatar.com\\\/avatar\\\/f771d896c203ad8b3382d7905cfcce5a5c9b008b84b3cd9114e9b9f4cb63f789?s=96&d=mm&r=g\",\"url\":\"https:\\\/\\\/secure.gravatar.com\\\/avatar\\\/f771d896c203ad8b3382d7905cfcce5a5c9b008b84b3cd9114e9b9f4cb63f789?s=96&d=mm&r=g\",\"contentUrl\":\"https:\\\/\\\/secure.gravatar.com\\\/avatar\\\/f771d896c203ad8b3382d7905cfcce5a5c9b008b84b3cd9114e9b9f4cb63f789?s=96&d=mm&r=g\",\"caption\":\"Redacci\u00f3n\"},\"url\":\"https:\\\/\\\/radiolitoral.com\\\/ca\\\/author\\\/miriam-pagan\\\/\"}]}<\/script>\n<!-- \/ Yoast SEO plugin. -->","yoast_head_json":{"title":"Benissa, Calp, Teulada i el Poble Nou convoquen els respectius plens d&#039;investidura dissabte a les 12 del migdia | R\u00e0dio Litoral","description":"Majoria absoluta per a Benissa, Teulada i El Poble Nou","robots":{"index":"index","follow":"follow","max-snippet":"max-snippet:-1","max-image-preview":"max-image-preview:large","max-video-preview":"max-video-preview:-1"},"canonical":"https:\/\/radiolitoral.com\/ca\/2023\/06\/benissa-calp-teulada-i-el-poble-nou-convoquen-els-respectius-plens-dinvestidura-el-dissabte-a-les-12-del-migdia\/","og_locale":"ca_ES","og_type":"article","og_title":"Benissa, Calp, Teulada y El Poble Nou convocan sus respectivos plenos de investidura el s\u00e1bado a las 12 del mediod\u00eda | R\u00e0dio Litoral","og_description":"Mayor\u00eda absoluta para Benissa, Teulada y El Poble Nou","og_url":"https:\/\/radiolitoral.com\/ca\/2023\/06\/benissa-calp-teulada-i-el-poble-nou-convoquen-els-respectius-plens-dinvestidura-el-dissabte-a-les-12-del-migdia\/","og_site_name":"R\u00e0dio Litoral","article_publisher":"https:\/\/www.facebook.com\/Laradiolitoral\/","article_published_time":"2023-06-13T14:01:00+00:00","article_modified_time":"2023-06-13T14:01:13+00:00","og_image":[{"width":397,"height":476,"url":"https:\/\/media.radiolitoral.com\/wp-content\/uploads\/2023\/05\/15173014\/raul-1.png","type":"image\/png"}],"author":"Redacci\u00f3n","twitter_card":"summary_large_image","twitter_misc":{"Escrit per":"Redacci\u00f3n","Temps estimat de lectura":"2 minuts"},"schema":{"@context":"https:\/\/schema.org","@graph":[{"@type":"NewsArticle","@id":"https:\/\/radiolitoral.com\/2023\/06\/benissa-calp-teulada-y-el-poble-nou-convocan-sus-respectivos-plenos-de-investidura-el-sabado-a-las-12-del-mediodia\/#article","isPartOf":{"@id":"https:\/\/radiolitoral.com\/2023\/06\/benissa-calp-teulada-y-el-poble-nou-convocan-sus-respectivos-plenos-de-investidura-el-sabado-a-las-12-del-mediodia\/"},"author":{"name":"Redacci\u00f3n","@id":"https:\/\/radiolitoral.com\/#\/schema\/person\/f2b2343c49b5d721857cc1002bfdb151"},"headline":"Benissa, Calp, Teulada y El Poble Nou convocan sus respectivos plenos de investidura el s\u00e1bado a las 12 del mediod\u00eda","datePublished":"2023-06-13T14:01:00+00:00","dateModified":"2023-06-13T14:01:13+00:00","mainEntityOfPage":{"@id":"https:\/\/radiolitoral.com\/2023\/06\/benissa-calp-teulada-y-el-poble-nou-convocan-sus-respectivos-plenos-de-investidura-el-sabado-a-las-12-del-mediodia\/"},"wordCount":358,"commentCount":0,"publisher":{"@id":"https:\/\/radiolitoral.com\/#organization"},"image":{"@id":"https:\/\/radiolitoral.com\/2023\/06\/benissa-calp-teulada-y-el-poble-nou-convocan-sus-respectivos-plenos-de-investidura-el-sabado-a-las-12-del-mediodia\/#primaryimage"},"thumbnailUrl":"https:\/\/media.radiolitoral.com\/wp-content\/uploads\/2023\/05\/15173014\/raul-1.png","keywords":["investiduras"],"articleSection":["Pol\u00edtica"],"inLanguage":"ca","potentialAction":[{"@type":"CommentAction","name":"Comment","target":["https:\/\/radiolitoral.com\/2023\/06\/benissa-calp-teulada-y-el-poble-nou-convocan-sus-respectivos-plenos-de-investidura-el-sabado-a-las-12-del-mediodia\/#respond"]}]},{"@type":["WebPage","ItemPage"],"@id":"https:\/\/radiolitoral.com\/2023\/06\/benissa-calp-teulada-y-el-poble-nou-convocan-sus-respectivos-plenos-de-investidura-el-sabado-a-las-12-del-mediodia\/","url":"https:\/\/radiolitoral.com\/2023\/06\/benissa-calp-teulada-y-el-poble-nou-convocan-sus-respectivos-plenos-de-investidura-el-sabado-a-las-12-del-mediodia\/","name":"Benissa, Calp, Teulada i el Poble Nou convoquen els respectius plens d&#039;investidura dissabte a les 12 del migdia | R\u00e0dio Litoral","isPartOf":{"@id":"https:\/\/radiolitoral.com\/#website"},"primaryImageOfPage":{"@id":"https:\/\/radiolitoral.com\/2023\/06\/benissa-calp-teulada-y-el-poble-nou-convocan-sus-respectivos-plenos-de-investidura-el-sabado-a-las-12-del-mediodia\/#primaryimage"},"image":{"@id":"https:\/\/radiolitoral.com\/2023\/06\/benissa-calp-teulada-y-el-poble-nou-convocan-sus-respectivos-plenos-de-investidura-el-sabado-a-las-12-del-mediodia\/#primaryimage"},"thumbnailUrl":"https:\/\/media.radiolitoral.com\/wp-content\/uploads\/2023\/05\/15173014\/raul-1.png","datePublished":"2023-06-13T14:01:00+00:00","dateModified":"2023-06-13T14:01:13+00:00","description":"Majoria absoluta per a Benissa, Teulada i El Poble Nou","breadcrumb":{"@id":"https:\/\/radiolitoral.com\/2023\/06\/benissa-calp-teulada-y-el-poble-nou-convocan-sus-respectivos-plenos-de-investidura-el-sabado-a-las-12-del-mediodia\/#breadcrumb"},"inLanguage":"ca","potentialAction":[{"@type":"ReadAction","target":["https:\/\/radiolitoral.com\/2023\/06\/benissa-calp-teulada-y-el-poble-nou-convocan-sus-respectivos-plenos-de-investidura-el-sabado-a-las-12-del-mediodia\/"]}]},{"@type":"ImageObject","inLanguage":"ca","@id":"https:\/\/radiolitoral.com\/2023\/06\/benissa-calp-teulada-y-el-poble-nou-convocan-sus-respectivos-plenos-de-investidura-el-sabado-a-las-12-del-mediodia\/#primaryimage","url":"https:\/\/media.radiolitoral.com\/wp-content\/uploads\/2023\/05\/15173014\/raul-1.png","contentUrl":"https:\/\/media.radiolitoral.com\/wp-content\/uploads\/2023\/05\/15173014\/raul-1.png","width":397,"height":476},{"@type":"BreadcrumbList","@id":"https:\/\/radiolitoral.com\/2023\/06\/benissa-calp-teulada-y-el-poble-nou-convocan-sus-respectivos-plenos-de-investidura-el-sabado-a-las-12-del-mediodia\/#breadcrumb","itemListElement":[{"@type":"ListItem","position":1,"name":"Portada","item":"https:\/\/radiolitoral.com\/"},{"@type":"ListItem","position":2,"name":"Benissa, Calp, Teulada y El Poble Nou convocan sus respectivos plenos de investidura el s\u00e1bado a las 12 del mediod\u00eda"}]},{"@type":"WebSite","@id":"https:\/\/radiolitoral.com\/#website","url":"https:\/\/radiolitoral.com\/","name":"R\u00e0dio Litoral","description":"La r\u00e0dio local de la Marina Alta","publisher":{"@id":"https:\/\/radiolitoral.com\/#organization"},"alternateName":"Litoral FM","potentialAction":[{"@type":"SearchAction","target":{"@type":"EntryPoint","urlTemplate":"https:\/\/radiolitoral.com\/?s={search_term_string}"},"query-input":{"@type":"PropertyValueSpecification","valueRequired":true,"valueName":"search_term_string"}}],"inLanguage":"ca"},{"@type":"Organization","@id":"https:\/\/radiolitoral.com\/#organization","name":"R\u00e0dio Litoral","url":"https:\/\/radiolitoral.com\/","logo":{"@type":"ImageObject","inLanguage":"ca","@id":"https:\/\/radiolitoral.com\/#\/schema\/logo\/image\/","url":"https:\/\/media.radiolitoral.com\/wp-content\/uploads\/2023\/02\/24143238\/CL-V-RadioLitoral696.png","contentUrl":"https:\/\/media.radiolitoral.com\/wp-content\/uploads\/2023\/02\/24143238\/CL-V-RadioLitoral696.png","width":696,"height":696,"caption":"Radio Litoral"},"image":{"@id":"https:\/\/radiolitoral.com\/#\/schema\/logo\/image\/"},"sameAs":["https:\/\/www.facebook.com\/Laradiolitoral\/"]},{"@type":"Person","@id":"https:\/\/radiolitoral.com\/#\/schema\/person\/f2b2343c49b5d721857cc1002bfdb151","name":"Redacci\u00f3","image":{"@type":"ImageObject","inLanguage":"ca","@id":"https:\/\/secure.gravatar.com\/avatar\/f771d896c203ad8b3382d7905cfcce5a5c9b008b84b3cd9114e9b9f4cb63f789?s=96&d=mm&r=g","url":"https:\/\/secure.gravatar.com\/avatar\/f771d896c203ad8b3382d7905cfcce5a5c9b008b84b3cd9114e9b9f4cb63f789?s=96&d=mm&r=g","contentUrl":"https:\/\/secure.gravatar.com\/avatar\/f771d896c203ad8b3382d7905cfcce5a5c9b008b84b3cd9114e9b9f4cb63f789?s=96&d=mm&r=g","caption":"Redacci\u00f3n"},"url":"https:\/\/radiolitoral.com\/ca\/author\/miriam-pagan\/"}]}},"_links":{"self":[{"href":"https:\/\/radiolitoral.com\/ca\/wp-json\/wp\/v2\/posts\/3973","targetHints":{"allow":["GET"]}}],"collection":[{"href":"https:\/\/radiolitoral.com\/ca\/wp-json\/wp\/v2\/posts"}],"about":[{"href":"https:\/\/radiolitoral.com\/ca\/wp-json\/wp\/v2\/types\/post"}],"author":[{"embeddable":true,"href":"https:\/\/radiolitoral.com\/ca\/wp-json\/wp\/v2\/users\/13"}],"replies":[{"embeddable":true,"href":"https:\/\/radiolitoral.com\/ca\/wp-json\/wp\/v2\/comments?post=3973"}],"version-history":[{"count":1,"href":"https:\/\/radiolitoral.com\/ca\/wp-json\/wp\/v2\/posts\/3973\/revisions"}],"predecessor-version":[{"id":3974,"href":"https:\/\/radiolitoral.com\/ca\/wp-json\/wp\/v2\/posts\/3973\/revisions\/3974"}],"wp:featuredmedia":[{"embeddable":true,"href":"https:\/\/radiolitoral.com\/ca\/wp-json\/wp\/v2\/media\/3115"}],"wp:attachment":[{"href":"https:\/\/radiolitoral.com\/ca\/wp-json\/wp\/v2\/media?parent=3973"}],"wp:term":[{"taxonomy":"category","embeddable":true,"href":"https:\/\/radiolitoral.com\/ca\/wp-json\/wp\/v2\/categories?post=3973"},{"taxonomy":"post_tag","embeddable":true,"href":"https:\/\/radiolitoral.com\/ca\/wp-json\/wp\/v2\/tags?post=3973"}],"curies":[{"name":"wp","href":"https:\/\/api.w.org\/{rel}","templated":true}]}}