{"id":3935,"date":"2023-06-12T19:38:58","date_gmt":"2023-06-12T17:38:58","guid":{"rendered":"https:\/\/radiolitoral.com\/?p=3935"},"modified":"2023-06-12T19:38:58","modified_gmt":"2023-06-12T17:38:58","slug":"samplia-fins-al-16-de-juny-el-periode-de-crema-de-residus-agricoles","status":"publish","type":"post","link":"https:\/\/radiolitoral.com\/ca\/2023\/06\/se-amplia-hasta-el-16-de-junio-el-periodo-de-quema-de-residuos-agricolas\/","title":{"rendered":"S&#039;amplia fins al 16 de juny el per\u00edode de crema de residus agr\u00edcoles"},"content":{"rendered":"<p>La Conselleria de Transici\u00f3 Ecol\u00f2gica ha ampliat, de forma excepcional i fins al 16 de juny inclusivament, el per\u00edode de crema de residus vegetals generats en labors agr\u00edcoles situats als terrenys confrontants o amb una proximitat menor de 500 metres de terrenys forestals.<\/p>\n<p>D&#039;aquesta manera, s&#039;atenen la demanda dels titulars d&#039;explotacions agr\u00e0ries que havien sol\u00b7licitat l&#039;ampliaci\u00f3 del per\u00edode de crema. Per adoptar aquesta mesura s&#039;han tingut en compte les precipitacions en forma de pluja registrades durant la segona quinzena de maig, que per una banda han dificultat l&#039;\u00fas del foc per poder gestionar els residus agr\u00edcoles, i de l&#039;altra han perm\u00e8s augmentar la humitat del combustible forestal, disminuint el perill dincendi forestal.<\/p>","protected":false},"excerpt":{"rendered":"<p>La Conselleria de Transici\u00f3n Ecol\u00f3gica ha ampliado, de forma excepcional y hasta el 16 de junio inclusive, el periodo de quema de residuos vegetales generados en labores agr\u00edcolas situados en los terrenos colindantes o con una proximidad menor de 500 metros de terrenos forestales. De este modo, se atiende la demanda de los titulares de [&#8230;]<\/p>\n<p><a class=\"btn btn-secondary understrap-read-more-link\" href=\"https:\/\/radiolitoral.com\/ca\/2023\/06\/se-amplia-hasta-el-16-de-junio-el-periodo-de-quema-de-residuos-agricolas\/\">Continua llegint&#8230;<span class=\"screen-reader-text\"> from Se amplia hasta el 16 de junio el periodo de quema de residuos agr\u00edcolas<\/span><\/a><\/p>\n","protected":false},"author":13,"featured_media":3936,"comment_status":"open","ping_status":"closed","sticky":false,"template":"","format":"standard","meta":{"_acf_changed":false,"inline_featured_image":false,"footnotes":""},"categories":[71,325],"tags":[757],"class_list":["post-3935","post","type-post","status-publish","format-standard","has-post-thumbnail","hentry","category-informacion-de-servicios","category-medioambiente","tag-periodo-quemas"],"acf":[],"yoast_head":"<!-- This site is optimized with the Yoast SEO plugin v27.5 - https:\/\/yoast.com\/product\/yoast-seo-wordpress\/ -->\n<title>Se amplia hasta el 16 de junio el periodo de quema de residuos agr\u00edcolas | R\u00e0dio Litoral<\/title>\n<meta name=\"description\" content=\"Conseller\u00eda amplia el periodo debido a las \u00faltimas lluvias Conseller\u00eda amplia el periodo debido a las \u00faltimas lluvias\" \/>\n<meta name=\"robots\" content=\"index, follow, max-snippet:-1, max-image-preview:large, max-video-preview:-1\" \/>\n<link rel=\"canonical\" href=\"https:\/\/radiolitoral.com\/ca\/2023\/06\/samplia-fins-al-16-de-juny-el-periode-de-crema-de-residus-agricoles\/\" \/>\n<meta property=\"og:locale\" content=\"ca_ES\" \/>\n<meta property=\"og:type\" content=\"article\" \/>\n<meta property=\"og:title\" content=\"Se amplia hasta el 16 de junio el periodo de quema de residuos agr\u00edcolas | R\u00e0dio Litoral\" \/>\n<meta property=\"og:description\" content=\"Conseller\u00eda amplia el periodo debido a las \u00faltimas lluvias Conseller\u00eda amplia el periodo debido a las \u00faltimas lluvias\" \/>\n<meta property=\"og:url\" content=\"https:\/\/radiolitoral.com\/ca\/2023\/06\/samplia-fins-al-16-de-juny-el-periode-de-crema-de-residus-agricoles\/\" \/>\n<meta property=\"og:site_name\" content=\"R\u00e0dio Litoral\" \/>\n<meta property=\"article:publisher\" content=\"https:\/\/www.facebook.com\/Laradiolitoral\/\" \/>\n<meta property=\"article:published_time\" content=\"2023-06-12T17:38:58+00:00\" \/>\n<meta property=\"og:image\" content=\"https:\/\/media.radiolitoral.com\/wp-content\/uploads\/2023\/06\/12193428\/rastrojo.jpg\" \/>\n\t<meta property=\"og:image:width\" content=\"1200\" \/>\n\t<meta property=\"og:image:height\" content=\"657\" \/>\n\t<meta property=\"og:image:type\" content=\"image\/jpeg\" \/>\n<meta name=\"author\" content=\"Redacci\u00f3n\" \/>\n<meta name=\"twitter:card\" content=\"summary_large_image\" \/>\n<meta name=\"twitter:label1\" content=\"Escrit per\" \/>\n\t<meta name=\"twitter:data1\" content=\"Redacci\u00f3n\" \/>\n\t<meta name=\"twitter:label2\" content=\"Temps estimat de lectura\" \/>\n\t<meta name=\"twitter:data2\" content=\"1 minut\" \/>\n<script type=\"application\/ld+json\" class=\"yoast-schema-graph\">{\"@context\":\"https:\\\/\\\/schema.org\",\"@graph\":[{\"@type\":\"NewsArticle\",\"@id\":\"https:\\\/\\\/radiolitoral.com\\\/2023\\\/06\\\/se-amplia-hasta-el-16-de-junio-el-periodo-de-quema-de-residuos-agricolas\\\/#article\",\"isPartOf\":{\"@id\":\"https:\\\/\\\/radiolitoral.com\\\/2023\\\/06\\\/se-amplia-hasta-el-16-de-junio-el-periodo-de-quema-de-residuos-agricolas\\\/\"},\"author\":{\"name\":\"Redacci\u00f3n\",\"@id\":\"https:\\\/\\\/radiolitoral.com\\\/#\\\/schema\\\/person\\\/f2b2343c49b5d721857cc1002bfdb151\"},\"headline\":\"Se amplia hasta el 16 de junio el periodo de quema de residuos agr\u00edcolas\",\"datePublished\":\"2023-06-12T17:38:58+00:00\",\"mainEntityOfPage\":{\"@id\":\"https:\\\/\\\/radiolitoral.com\\\/2023\\\/06\\\/se-amplia-hasta-el-16-de-junio-el-periodo-de-quema-de-residuos-agricolas\\\/\"},\"wordCount\":142,\"commentCount\":0,\"publisher\":{\"@id\":\"https:\\\/\\\/radiolitoral.com\\\/#organization\"},\"image\":{\"@id\":\"https:\\\/\\\/radiolitoral.com\\\/2023\\\/06\\\/se-amplia-hasta-el-16-de-junio-el-periodo-de-quema-de-residuos-agricolas\\\/#primaryimage\"},\"thumbnailUrl\":\"https:\\\/\\\/media.radiolitoral.com\\\/wp-content\\\/uploads\\\/2023\\\/06\\\/12193428\\\/rastrojo.jpg\",\"keywords\":[\"periodo quemas\"],\"articleSection\":[\"Informaci\u00f3n de Servicios\",\"Medioambiente\"],\"inLanguage\":\"ca\",\"potentialAction\":[{\"@type\":\"CommentAction\",\"name\":\"Comment\",\"target\":[\"https:\\\/\\\/radiolitoral.com\\\/2023\\\/06\\\/se-amplia-hasta-el-16-de-junio-el-periodo-de-quema-de-residuos-agricolas\\\/#respond\"]}]},{\"@type\":[\"WebPage\",\"ItemPage\"],\"@id\":\"https:\\\/\\\/radiolitoral.com\\\/2023\\\/06\\\/se-amplia-hasta-el-16-de-junio-el-periodo-de-quema-de-residuos-agricolas\\\/\",\"url\":\"https:\\\/\\\/radiolitoral.com\\\/2023\\\/06\\\/se-amplia-hasta-el-16-de-junio-el-periodo-de-quema-de-residuos-agricolas\\\/\",\"name\":\"Se amplia hasta el 16 de junio el periodo de quema de residuos agr\u00edcolas | R\u00e0dio Litoral\",\"isPartOf\":{\"@id\":\"https:\\\/\\\/radiolitoral.com\\\/#website\"},\"primaryImageOfPage\":{\"@id\":\"https:\\\/\\\/radiolitoral.com\\\/2023\\\/06\\\/se-amplia-hasta-el-16-de-junio-el-periodo-de-quema-de-residuos-agricolas\\\/#primaryimage\"},\"image\":{\"@id\":\"https:\\\/\\\/radiolitoral.com\\\/2023\\\/06\\\/se-amplia-hasta-el-16-de-junio-el-periodo-de-quema-de-residuos-agricolas\\\/#primaryimage\"},\"thumbnailUrl\":\"https:\\\/\\\/media.radiolitoral.com\\\/wp-content\\\/uploads\\\/2023\\\/06\\\/12193428\\\/rastrojo.jpg\",\"datePublished\":\"2023-06-12T17:38:58+00:00\",\"description\":\"Conseller\u00eda amplia el periodo debido a las \u00faltimas lluvias Conseller\u00eda amplia el periodo debido a las \u00faltimas lluvias\",\"breadcrumb\":{\"@id\":\"https:\\\/\\\/radiolitoral.com\\\/2023\\\/06\\\/se-amplia-hasta-el-16-de-junio-el-periodo-de-quema-de-residuos-agricolas\\\/#breadcrumb\"},\"inLanguage\":\"ca\",\"potentialAction\":[{\"@type\":\"ReadAction\",\"target\":[\"https:\\\/\\\/radiolitoral.com\\\/2023\\\/06\\\/se-amplia-hasta-el-16-de-junio-el-periodo-de-quema-de-residuos-agricolas\\\/\"]}]},{\"@type\":\"ImageObject\",\"inLanguage\":\"ca\",\"@id\":\"https:\\\/\\\/radiolitoral.com\\\/2023\\\/06\\\/se-amplia-hasta-el-16-de-junio-el-periodo-de-quema-de-residuos-agricolas\\\/#primaryimage\",\"url\":\"https:\\\/\\\/media.radiolitoral.com\\\/wp-content\\\/uploads\\\/2023\\\/06\\\/12193428\\\/rastrojo.jpg\",\"contentUrl\":\"https:\\\/\\\/media.radiolitoral.com\\\/wp-content\\\/uploads\\\/2023\\\/06\\\/12193428\\\/rastrojo.jpg\",\"width\":1200,\"height\":657},{\"@type\":\"BreadcrumbList\",\"@id\":\"https:\\\/\\\/radiolitoral.com\\\/2023\\\/06\\\/se-amplia-hasta-el-16-de-junio-el-periodo-de-quema-de-residuos-agricolas\\\/#breadcrumb\",\"itemListElement\":[{\"@type\":\"ListItem\",\"position\":1,\"name\":\"Portada\",\"item\":\"https:\\\/\\\/radiolitoral.com\\\/\"},{\"@type\":\"ListItem\",\"position\":2,\"name\":\"Se amplia hasta el 16 de junio el periodo de quema de residuos agr\u00edcolas\"}]},{\"@type\":\"WebSite\",\"@id\":\"https:\\\/\\\/radiolitoral.com\\\/#website\",\"url\":\"https:\\\/\\\/radiolitoral.com\\\/\",\"name\":\"Radio Litoral\",\"description\":\"La radio local de la Marina Alta\",\"publisher\":{\"@id\":\"https:\\\/\\\/radiolitoral.com\\\/#organization\"},\"alternateName\":\"Litoral FM\",\"potentialAction\":[{\"@type\":\"SearchAction\",\"target\":{\"@type\":\"EntryPoint\",\"urlTemplate\":\"https:\\\/\\\/radiolitoral.com\\\/?s={search_term_string}\"},\"query-input\":{\"@type\":\"PropertyValueSpecification\",\"valueRequired\":true,\"valueName\":\"search_term_string\"}}],\"inLanguage\":\"ca\"},{\"@type\":\"Organization\",\"@id\":\"https:\\\/\\\/radiolitoral.com\\\/#organization\",\"name\":\"Radio Litoral\",\"url\":\"https:\\\/\\\/radiolitoral.com\\\/\",\"logo\":{\"@type\":\"ImageObject\",\"inLanguage\":\"ca\",\"@id\":\"https:\\\/\\\/radiolitoral.com\\\/#\\\/schema\\\/logo\\\/image\\\/\",\"url\":\"https:\\\/\\\/media.radiolitoral.com\\\/wp-content\\\/uploads\\\/2023\\\/02\\\/24143238\\\/CL-V-RadioLitoral696.png\",\"contentUrl\":\"https:\\\/\\\/media.radiolitoral.com\\\/wp-content\\\/uploads\\\/2023\\\/02\\\/24143238\\\/CL-V-RadioLitoral696.png\",\"width\":696,\"height\":696,\"caption\":\"Radio Litoral\"},\"image\":{\"@id\":\"https:\\\/\\\/radiolitoral.com\\\/#\\\/schema\\\/logo\\\/image\\\/\"},\"sameAs\":[\"https:\\\/\\\/www.facebook.com\\\/Laradiolitoral\\\/\"]},{\"@type\":\"Person\",\"@id\":\"https:\\\/\\\/radiolitoral.com\\\/#\\\/schema\\\/person\\\/f2b2343c49b5d721857cc1002bfdb151\",\"name\":\"Redacci\u00f3n\",\"image\":{\"@type\":\"ImageObject\",\"inLanguage\":\"ca\",\"@id\":\"https:\\\/\\\/secure.gravatar.com\\\/avatar\\\/f771d896c203ad8b3382d7905cfcce5a5c9b008b84b3cd9114e9b9f4cb63f789?s=96&d=mm&r=g\",\"url\":\"https:\\\/\\\/secure.gravatar.com\\\/avatar\\\/f771d896c203ad8b3382d7905cfcce5a5c9b008b84b3cd9114e9b9f4cb63f789?s=96&d=mm&r=g\",\"contentUrl\":\"https:\\\/\\\/secure.gravatar.com\\\/avatar\\\/f771d896c203ad8b3382d7905cfcce5a5c9b008b84b3cd9114e9b9f4cb63f789?s=96&d=mm&r=g\",\"caption\":\"Redacci\u00f3n\"},\"url\":\"https:\\\/\\\/radiolitoral.com\\\/ca\\\/author\\\/miriam-pagan\\\/\"}]}<\/script>\n<!-- \/ Yoast SEO plugin. -->","yoast_head_json":{"title":"S&#039;amplia fins al 16 de juny el per\u00edode de crema de residus agr\u00edcoles | R\u00e0dio Litoral","description":"Conselleria amplia el per\u00edode a causa de les \u00faltimes pluges Conselleria amplia el per\u00edode a causa de les \u00faltimes pluges","robots":{"index":"index","follow":"follow","max-snippet":"max-snippet:-1","max-image-preview":"max-image-preview:large","max-video-preview":"max-video-preview:-1"},"canonical":"https:\/\/radiolitoral.com\/ca\/2023\/06\/samplia-fins-al-16-de-juny-el-periode-de-crema-de-residus-agricoles\/","og_locale":"ca_ES","og_type":"article","og_title":"Se amplia hasta el 16 de junio el periodo de quema de residuos agr\u00edcolas | R\u00e0dio Litoral","og_description":"Conseller\u00eda amplia el periodo debido a las \u00faltimas lluvias Conseller\u00eda amplia el periodo debido a las \u00faltimas lluvias","og_url":"https:\/\/radiolitoral.com\/ca\/2023\/06\/samplia-fins-al-16-de-juny-el-periode-de-crema-de-residus-agricoles\/","og_site_name":"R\u00e0dio Litoral","article_publisher":"https:\/\/www.facebook.com\/Laradiolitoral\/","article_published_time":"2023-06-12T17:38:58+00:00","og_image":[{"width":1200,"height":657,"url":"https:\/\/media.radiolitoral.com\/wp-content\/uploads\/2023\/06\/12193428\/rastrojo.jpg","type":"image\/jpeg"}],"author":"Redacci\u00f3n","twitter_card":"summary_large_image","twitter_misc":{"Escrit per":"Redacci\u00f3n","Temps estimat de lectura":"1 minut"},"schema":{"@context":"https:\/\/schema.org","@graph":[{"@type":"NewsArticle","@id":"https:\/\/radiolitoral.com\/2023\/06\/se-amplia-hasta-el-16-de-junio-el-periodo-de-quema-de-residuos-agricolas\/#article","isPartOf":{"@id":"https:\/\/radiolitoral.com\/2023\/06\/se-amplia-hasta-el-16-de-junio-el-periodo-de-quema-de-residuos-agricolas\/"},"author":{"name":"Redacci\u00f3n","@id":"https:\/\/radiolitoral.com\/#\/schema\/person\/f2b2343c49b5d721857cc1002bfdb151"},"headline":"Se amplia hasta el 16 de junio el periodo de quema de residuos agr\u00edcolas","datePublished":"2023-06-12T17:38:58+00:00","mainEntityOfPage":{"@id":"https:\/\/radiolitoral.com\/2023\/06\/se-amplia-hasta-el-16-de-junio-el-periodo-de-quema-de-residuos-agricolas\/"},"wordCount":142,"commentCount":0,"publisher":{"@id":"https:\/\/radiolitoral.com\/#organization"},"image":{"@id":"https:\/\/radiolitoral.com\/2023\/06\/se-amplia-hasta-el-16-de-junio-el-periodo-de-quema-de-residuos-agricolas\/#primaryimage"},"thumbnailUrl":"https:\/\/media.radiolitoral.com\/wp-content\/uploads\/2023\/06\/12193428\/rastrojo.jpg","keywords":["periodo quemas"],"articleSection":["Informaci\u00f3n de Servicios","Medioambiente"],"inLanguage":"ca","potentialAction":[{"@type":"CommentAction","name":"Comment","target":["https:\/\/radiolitoral.com\/2023\/06\/se-amplia-hasta-el-16-de-junio-el-periodo-de-quema-de-residuos-agricolas\/#respond"]}]},{"@type":["WebPage","ItemPage"],"@id":"https:\/\/radiolitoral.com\/2023\/06\/se-amplia-hasta-el-16-de-junio-el-periodo-de-quema-de-residuos-agricolas\/","url":"https:\/\/radiolitoral.com\/2023\/06\/se-amplia-hasta-el-16-de-junio-el-periodo-de-quema-de-residuos-agricolas\/","name":"S&#039;amplia fins al 16 de juny el per\u00edode de crema de residus agr\u00edcoles | R\u00e0dio Litoral","isPartOf":{"@id":"https:\/\/radiolitoral.com\/#website"},"primaryImageOfPage":{"@id":"https:\/\/radiolitoral.com\/2023\/06\/se-amplia-hasta-el-16-de-junio-el-periodo-de-quema-de-residuos-agricolas\/#primaryimage"},"image":{"@id":"https:\/\/radiolitoral.com\/2023\/06\/se-amplia-hasta-el-16-de-junio-el-periodo-de-quema-de-residuos-agricolas\/#primaryimage"},"thumbnailUrl":"https:\/\/media.radiolitoral.com\/wp-content\/uploads\/2023\/06\/12193428\/rastrojo.jpg","datePublished":"2023-06-12T17:38:58+00:00","description":"Conselleria amplia el per\u00edode a causa de les \u00faltimes pluges Conselleria amplia el per\u00edode a causa de les \u00faltimes pluges","breadcrumb":{"@id":"https:\/\/radiolitoral.com\/2023\/06\/se-amplia-hasta-el-16-de-junio-el-periodo-de-quema-de-residuos-agricolas\/#breadcrumb"},"inLanguage":"ca","potentialAction":[{"@type":"ReadAction","target":["https:\/\/radiolitoral.com\/2023\/06\/se-amplia-hasta-el-16-de-junio-el-periodo-de-quema-de-residuos-agricolas\/"]}]},{"@type":"ImageObject","inLanguage":"ca","@id":"https:\/\/radiolitoral.com\/2023\/06\/se-amplia-hasta-el-16-de-junio-el-periodo-de-quema-de-residuos-agricolas\/#primaryimage","url":"https:\/\/media.radiolitoral.com\/wp-content\/uploads\/2023\/06\/12193428\/rastrojo.jpg","contentUrl":"https:\/\/media.radiolitoral.com\/wp-content\/uploads\/2023\/06\/12193428\/rastrojo.jpg","width":1200,"height":657},{"@type":"BreadcrumbList","@id":"https:\/\/radiolitoral.com\/2023\/06\/se-amplia-hasta-el-16-de-junio-el-periodo-de-quema-de-residuos-agricolas\/#breadcrumb","itemListElement":[{"@type":"ListItem","position":1,"name":"Portada","item":"https:\/\/radiolitoral.com\/"},{"@type":"ListItem","position":2,"name":"Se amplia hasta el 16 de junio el periodo de quema de residuos agr\u00edcolas"}]},{"@type":"WebSite","@id":"https:\/\/radiolitoral.com\/#website","url":"https:\/\/radiolitoral.com\/","name":"R\u00e0dio Litoral","description":"La r\u00e0dio local de la Marina Alta","publisher":{"@id":"https:\/\/radiolitoral.com\/#organization"},"alternateName":"Litoral FM","potentialAction":[{"@type":"SearchAction","target":{"@type":"EntryPoint","urlTemplate":"https:\/\/radiolitoral.com\/?s={search_term_string}"},"query-input":{"@type":"PropertyValueSpecification","valueRequired":true,"valueName":"search_term_string"}}],"inLanguage":"ca"},{"@type":"Organization","@id":"https:\/\/radiolitoral.com\/#organization","name":"R\u00e0dio Litoral","url":"https:\/\/radiolitoral.com\/","logo":{"@type":"ImageObject","inLanguage":"ca","@id":"https:\/\/radiolitoral.com\/#\/schema\/logo\/image\/","url":"https:\/\/media.radiolitoral.com\/wp-content\/uploads\/2023\/02\/24143238\/CL-V-RadioLitoral696.png","contentUrl":"https:\/\/media.radiolitoral.com\/wp-content\/uploads\/2023\/02\/24143238\/CL-V-RadioLitoral696.png","width":696,"height":696,"caption":"Radio Litoral"},"image":{"@id":"https:\/\/radiolitoral.com\/#\/schema\/logo\/image\/"},"sameAs":["https:\/\/www.facebook.com\/Laradiolitoral\/"]},{"@type":"Person","@id":"https:\/\/radiolitoral.com\/#\/schema\/person\/f2b2343c49b5d721857cc1002bfdb151","name":"Redacci\u00f3","image":{"@type":"ImageObject","inLanguage":"ca","@id":"https:\/\/secure.gravatar.com\/avatar\/f771d896c203ad8b3382d7905cfcce5a5c9b008b84b3cd9114e9b9f4cb63f789?s=96&d=mm&r=g","url":"https:\/\/secure.gravatar.com\/avatar\/f771d896c203ad8b3382d7905cfcce5a5c9b008b84b3cd9114e9b9f4cb63f789?s=96&d=mm&r=g","contentUrl":"https:\/\/secure.gravatar.com\/avatar\/f771d896c203ad8b3382d7905cfcce5a5c9b008b84b3cd9114e9b9f4cb63f789?s=96&d=mm&r=g","caption":"Redacci\u00f3n"},"url":"https:\/\/radiolitoral.com\/ca\/author\/miriam-pagan\/"}]}},"_links":{"self":[{"href":"https:\/\/radiolitoral.com\/ca\/wp-json\/wp\/v2\/posts\/3935","targetHints":{"allow":["GET"]}}],"collection":[{"href":"https:\/\/radiolitoral.com\/ca\/wp-json\/wp\/v2\/posts"}],"about":[{"href":"https:\/\/radiolitoral.com\/ca\/wp-json\/wp\/v2\/types\/post"}],"author":[{"embeddable":true,"href":"https:\/\/radiolitoral.com\/ca\/wp-json\/wp\/v2\/users\/13"}],"replies":[{"embeddable":true,"href":"https:\/\/radiolitoral.com\/ca\/wp-json\/wp\/v2\/comments?post=3935"}],"version-history":[{"count":1,"href":"https:\/\/radiolitoral.com\/ca\/wp-json\/wp\/v2\/posts\/3935\/revisions"}],"predecessor-version":[{"id":3937,"href":"https:\/\/radiolitoral.com\/ca\/wp-json\/wp\/v2\/posts\/3935\/revisions\/3937"}],"wp:featuredmedia":[{"embeddable":true,"href":"https:\/\/radiolitoral.com\/ca\/wp-json\/wp\/v2\/media\/3936"}],"wp:attachment":[{"href":"https:\/\/radiolitoral.com\/ca\/wp-json\/wp\/v2\/media?parent=3935"}],"wp:term":[{"taxonomy":"category","embeddable":true,"href":"https:\/\/radiolitoral.com\/ca\/wp-json\/wp\/v2\/categories?post=3935"},{"taxonomy":"post_tag","embeddable":true,"href":"https:\/\/radiolitoral.com\/ca\/wp-json\/wp\/v2\/tags?post=3935"}],"curies":[{"name":"wp","href":"https:\/\/api.w.org\/{rel}","templated":true}]}}