{"id":3931,"date":"2023-06-12T19:31:53","date_gmt":"2023-06-12T17:31:53","guid":{"rendered":"https:\/\/radiolitoral.com\/?p=3931"},"modified":"2023-06-12T19:32:06","modified_gmt":"2023-06-12T17:32:06","slug":"ana-sala-alcaldessa-en-funcions-espera-formar-govern-amb-el-psoe-i-compromis","status":"publish","type":"post","link":"https:\/\/radiolitoral.com\/ca\/2023\/06\/ana-sala-alcaldesa-en-funciones-espera-formar-gobierno-con-el-psoe-y-compromis\/","title":{"rendered":"Ana Sala, alcaldessa en funcions, espera formar govern amb el PSOE i Comprom\u00eds"},"content":{"rendered":"<p>L&#039;actualitat pol\u00edtica est\u00e0 pendent de les investidures dels nous alcaldes i alcaldesses dels ajuntaments de la comarca. Les converses donen pas als acords entre partits per poder governar i ser\u00e0 aquest cap de setmana, dissabte, dia 17, quan se celebrin els respectius actes a cadascun dels ajuntaments per conformar les corporacions que regiran la pol\u00edtica local a la propera legislatura . L&#039;Ajuntament que m\u00e9s expectaci\u00f3 desperta \u00e9s el de Calp, on els vots de la ciutadania obliguen les formacions pol\u00edtiques amb representaci\u00f3 municipal a assolir acords.<\/p>\n<p>Des de Som Calp, segona for\u00e7a m\u00e9s votada el 28M, han em\u00e8s un comunicat en qu\u00e8 el seu n\u00famero 1, Ana Sala, assegura que un govern en minoria de vuit regidors davant de tretze no representa la voluntat popular i per tant no \u00e9s un govern . Davant d&#039;aquesta situaci\u00f3 l&#039;alcaldessa en funcions, remarca que cal un acord de voluntats pel b\u00e9 del poble, aparcant les discrep\u00e0ncies i prioritzant all\u00f2 que ens uneix.<\/p>\n<p>Des de Som Calp consideren que la localitat \u201cnecessita un govern estable, honest, seri\u00f3s i transparent\u201d.<\/p>\n<p>Sala es mostra conven\u00e7uda de ser capa\u00e7 de tirar endavant aquest acord, confiant, assegura, en la responsabilitat i la generositat del PSOE i Comprom\u00eds. Formacions a qu\u00e8 convida a formar part d&#039;un govern liderat per la mateixa Sala. Alguna cosa, afegeix, que el poble de Calp agrair\u00e0.<\/p>\n<audio class=\"wp-audio-shortcode\" id=\"audio-3931-1\" preload=\"none\" style=\"width: 100%;\" controls=\"controls\"><source type=\"audio\/mpeg\" src=\"https:\/\/media.radiolitoral.com\/wp-content\/uploads\/2023\/06\/12192441\/Ana-Sala-1-2.mp3?_=1\" \/><a href=\"https:\/\/media.radiolitoral.com\/wp-content\/uploads\/2023\/06\/12192441\/Ana-Sala-1-2.mp3\">https:\/\/media.radiolitoral.com\/wp-content\/uploads\/2023\/06\/12192441\/Ana-Sala-1-2.mp3<\/a><\/audio>\n<p>La n\u00famero 1 de Som Calp considera que permetre que aquest PP segueixi governant seria un error que mantindria Calp lligada al passat i li impediria avan\u00e7ar feia un futur millor.<\/p>\n<p>Amb tot, Sala assegura que hi ha una oportunitat \u00fanica que no es pot deixar passar. I destaca com a leit motiv del seu partit: \u201cl&#039;inter\u00e8s general de Calp i els calpins\u201d.<\/p>\n<p>L&#039;actual alcaldessa en funcions considera que hi ha q\u00fcestions en qu\u00e8 coincideixen, Som Calp, PSOE i Comprom\u00eds, i que poden treballar de la m\u00e0 per solucionar problemes de la localitat.<\/p>\n<audio class=\"wp-audio-shortcode\" id=\"audio-3931-2\" preload=\"none\" style=\"width: 100%;\" controls=\"controls\"><source type=\"audio\/mpeg\" src=\"https:\/\/media.radiolitoral.com\/wp-content\/uploads\/2023\/06\/12192457\/Ana-Sala-2-1.mp3?_=2\" \/><a href=\"https:\/\/media.radiolitoral.com\/wp-content\/uploads\/2023\/06\/12192457\/Ana-Sala-2-1.mp3\">https:\/\/media.radiolitoral.com\/wp-content\/uploads\/2023\/06\/12192457\/Ana-Sala-2-1.mp3<\/a><\/audio>","protected":false},"excerpt":{"rendered":"<p>La actualidad pol\u00edtica est\u00e1 pendiente de las investiduras de los nuevos alcaldes y alcaldesas de los ayuntamientos de la comarca. Las conversaciones dan paso a los acuerdos entre partidos para poder gobernar y ser\u00e1 este fin de semana, el s\u00e1bado, d\u00eda 17, cuando se celebren los respectivos actos en cada uno de los ayuntamientos para [&#8230;]<\/p>\n<p><a class=\"btn btn-secondary understrap-read-more-link\" href=\"https:\/\/radiolitoral.com\/ca\/2023\/06\/ana-sala-alcaldesa-en-funciones-espera-formar-gobierno-con-el-psoe-y-compromis\/\">Continua llegint&#8230;<span class=\"screen-reader-text\"> from Ana Sala, alcaldesa en funciones, espera formar gobierno con el PSOE y Comprom\u00eds<\/span><\/a><\/p>\n","protected":false},"author":13,"featured_media":2407,"comment_status":"open","ping_status":"closed","sticky":false,"template":"","format":"standard","meta":{"_acf_changed":false,"inline_featured_image":false,"footnotes":""},"categories":[13],"tags":[31,756],"class_list":["post-3931","post","type-post","status-publish","format-standard","has-post-thumbnail","hentry","category-politica","tag-ana-sala","tag-investidura","cobertura-calp"],"acf":[],"yoast_head":"<!-- This site is optimized with the Yoast SEO plugin v27.5 - https:\/\/yoast.com\/product\/yoast-seo-wordpress\/ -->\n<title>Ana Sala, alcaldesa en funciones, espera formar gobierno con el PSOE y Comprom\u00eds | R\u00e0dio Litoral<\/title>\n<meta name=\"description\" content=\"Somos Calpe considera que permitir que el PP siga gobernando ser\u00eda un error que mantendr\u00eda a Calp atada al pasado Somos Calpe considera que permitir que el PP siga gobernando ser\u00eda un error que mantendr\u00eda a Calp atada al pasado\" \/>\n<meta name=\"robots\" content=\"index, follow, max-snippet:-1, max-image-preview:large, max-video-preview:-1\" \/>\n<link rel=\"canonical\" href=\"https:\/\/radiolitoral.com\/ca\/2023\/06\/ana-sala-alcaldessa-en-funcions-espera-formar-govern-amb-el-psoe-i-compromis\/\" \/>\n<meta property=\"og:locale\" content=\"ca_ES\" \/>\n<meta property=\"og:type\" content=\"article\" \/>\n<meta property=\"og:title\" content=\"Ana Sala, alcaldesa en funciones, espera formar gobierno con el PSOE y Comprom\u00eds | R\u00e0dio Litoral\" \/>\n<meta property=\"og:description\" content=\"Somos Calpe considera que permitir que el PP siga gobernando ser\u00eda un error que mantendr\u00eda a Calp atada al pasado Somos Calpe considera que permitir que el PP siga gobernando ser\u00eda un error que mantendr\u00eda a Calp atada al pasado\" \/>\n<meta property=\"og:url\" content=\"https:\/\/radiolitoral.com\/ca\/2023\/06\/ana-sala-alcaldessa-en-funcions-espera-formar-govern-amb-el-psoe-i-compromis\/\" \/>\n<meta property=\"og:site_name\" content=\"R\u00e0dio Litoral\" \/>\n<meta property=\"article:publisher\" content=\"https:\/\/www.facebook.com\/Laradiolitoral\/\" \/>\n<meta property=\"article:published_time\" content=\"2023-06-12T17:31:53+00:00\" \/>\n<meta property=\"article:modified_time\" content=\"2023-06-12T17:32:06+00:00\" \/>\n<meta property=\"og:image\" content=\"https:\/\/media.radiolitoral.com\/wp-content\/uploads\/2023\/04\/20155414\/ana.jpg\" \/>\n\t<meta property=\"og:image:width\" content=\"828\" \/>\n\t<meta property=\"og:image:height\" content=\"828\" \/>\n\t<meta property=\"og:image:type\" content=\"image\/jpeg\" \/>\n<meta name=\"author\" content=\"Redacci\u00f3n\" \/>\n<meta name=\"twitter:card\" content=\"summary_large_image\" \/>\n<meta name=\"twitter:label1\" content=\"Escrit per\" \/>\n\t<meta name=\"twitter:data1\" content=\"Redacci\u00f3n\" \/>\n\t<meta name=\"twitter:label2\" content=\"Temps estimat de lectura\" \/>\n\t<meta name=\"twitter:data2\" content=\"2 minuts\" \/>\n<script type=\"application\/ld+json\" class=\"yoast-schema-graph\">{\"@context\":\"https:\\\/\\\/schema.org\",\"@graph\":[{\"@type\":\"NewsArticle\",\"@id\":\"https:\\\/\\\/radiolitoral.com\\\/2023\\\/06\\\/ana-sala-alcaldesa-en-funciones-espera-formar-gobierno-con-el-psoe-y-compromis\\\/#article\",\"isPartOf\":{\"@id\":\"https:\\\/\\\/radiolitoral.com\\\/2023\\\/06\\\/ana-sala-alcaldesa-en-funciones-espera-formar-gobierno-con-el-psoe-y-compromis\\\/\"},\"author\":{\"name\":\"Redacci\u00f3n\",\"@id\":\"https:\\\/\\\/radiolitoral.com\\\/#\\\/schema\\\/person\\\/f2b2343c49b5d721857cc1002bfdb151\"},\"headline\":\"Ana Sala, alcaldesa en funciones, espera formar gobierno con el PSOE y Comprom\u00eds\",\"datePublished\":\"2023-06-12T17:31:53+00:00\",\"dateModified\":\"2023-06-12T17:32:06+00:00\",\"mainEntityOfPage\":{\"@id\":\"https:\\\/\\\/radiolitoral.com\\\/2023\\\/06\\\/ana-sala-alcaldesa-en-funciones-espera-formar-gobierno-con-el-psoe-y-compromis\\\/\"},\"wordCount\":381,\"commentCount\":0,\"publisher\":{\"@id\":\"https:\\\/\\\/radiolitoral.com\\\/#organization\"},\"image\":{\"@id\":\"https:\\\/\\\/radiolitoral.com\\\/2023\\\/06\\\/ana-sala-alcaldesa-en-funciones-espera-formar-gobierno-con-el-psoe-y-compromis\\\/#primaryimage\"},\"thumbnailUrl\":\"https:\\\/\\\/media.radiolitoral.com\\\/wp-content\\\/uploads\\\/2023\\\/04\\\/20155414\\\/ana.jpg\",\"keywords\":[\"Ana Sala\",\"investidura\"],\"articleSection\":[\"Pol\u00edtica\"],\"inLanguage\":\"ca\",\"potentialAction\":[{\"@type\":\"CommentAction\",\"name\":\"Comment\",\"target\":[\"https:\\\/\\\/radiolitoral.com\\\/2023\\\/06\\\/ana-sala-alcaldesa-en-funciones-espera-formar-gobierno-con-el-psoe-y-compromis\\\/#respond\"]}]},{\"@type\":[\"WebPage\",\"ItemPage\"],\"@id\":\"https:\\\/\\\/radiolitoral.com\\\/2023\\\/06\\\/ana-sala-alcaldesa-en-funciones-espera-formar-gobierno-con-el-psoe-y-compromis\\\/\",\"url\":\"https:\\\/\\\/radiolitoral.com\\\/2023\\\/06\\\/ana-sala-alcaldesa-en-funciones-espera-formar-gobierno-con-el-psoe-y-compromis\\\/\",\"name\":\"Ana Sala, alcaldesa en funciones, espera formar gobierno con el PSOE y Comprom\u00eds | R\u00e0dio Litoral\",\"isPartOf\":{\"@id\":\"https:\\\/\\\/radiolitoral.com\\\/#website\"},\"primaryImageOfPage\":{\"@id\":\"https:\\\/\\\/radiolitoral.com\\\/2023\\\/06\\\/ana-sala-alcaldesa-en-funciones-espera-formar-gobierno-con-el-psoe-y-compromis\\\/#primaryimage\"},\"image\":{\"@id\":\"https:\\\/\\\/radiolitoral.com\\\/2023\\\/06\\\/ana-sala-alcaldesa-en-funciones-espera-formar-gobierno-con-el-psoe-y-compromis\\\/#primaryimage\"},\"thumbnailUrl\":\"https:\\\/\\\/media.radiolitoral.com\\\/wp-content\\\/uploads\\\/2023\\\/04\\\/20155414\\\/ana.jpg\",\"datePublished\":\"2023-06-12T17:31:53+00:00\",\"dateModified\":\"2023-06-12T17:32:06+00:00\",\"description\":\"Somos Calpe considera que permitir que el PP siga gobernando ser\u00eda un error que mantendr\u00eda a Calp atada al pasado Somos Calpe considera que permitir que el PP siga gobernando ser\u00eda un error que mantendr\u00eda a Calp atada al pasado\",\"breadcrumb\":{\"@id\":\"https:\\\/\\\/radiolitoral.com\\\/2023\\\/06\\\/ana-sala-alcaldesa-en-funciones-espera-formar-gobierno-con-el-psoe-y-compromis\\\/#breadcrumb\"},\"inLanguage\":\"ca\",\"potentialAction\":[{\"@type\":\"ReadAction\",\"target\":[\"https:\\\/\\\/radiolitoral.com\\\/2023\\\/06\\\/ana-sala-alcaldesa-en-funciones-espera-formar-gobierno-con-el-psoe-y-compromis\\\/\"]}]},{\"@type\":\"ImageObject\",\"inLanguage\":\"ca\",\"@id\":\"https:\\\/\\\/radiolitoral.com\\\/2023\\\/06\\\/ana-sala-alcaldesa-en-funciones-espera-formar-gobierno-con-el-psoe-y-compromis\\\/#primaryimage\",\"url\":\"https:\\\/\\\/media.radiolitoral.com\\\/wp-content\\\/uploads\\\/2023\\\/04\\\/20155414\\\/ana.jpg\",\"contentUrl\":\"https:\\\/\\\/media.radiolitoral.com\\\/wp-content\\\/uploads\\\/2023\\\/04\\\/20155414\\\/ana.jpg\",\"width\":828,\"height\":828},{\"@type\":\"BreadcrumbList\",\"@id\":\"https:\\\/\\\/radiolitoral.com\\\/2023\\\/06\\\/ana-sala-alcaldesa-en-funciones-espera-formar-gobierno-con-el-psoe-y-compromis\\\/#breadcrumb\",\"itemListElement\":[{\"@type\":\"ListItem\",\"position\":1,\"name\":\"Portada\",\"item\":\"https:\\\/\\\/radiolitoral.com\\\/\"},{\"@type\":\"ListItem\",\"position\":2,\"name\":\"Ana Sala, alcaldesa en funciones, espera formar gobierno con el PSOE y Comprom\u00eds\"}]},{\"@type\":\"WebSite\",\"@id\":\"https:\\\/\\\/radiolitoral.com\\\/#website\",\"url\":\"https:\\\/\\\/radiolitoral.com\\\/\",\"name\":\"Radio Litoral\",\"description\":\"La radio local de la Marina Alta\",\"publisher\":{\"@id\":\"https:\\\/\\\/radiolitoral.com\\\/#organization\"},\"alternateName\":\"Litoral FM\",\"potentialAction\":[{\"@type\":\"SearchAction\",\"target\":{\"@type\":\"EntryPoint\",\"urlTemplate\":\"https:\\\/\\\/radiolitoral.com\\\/?s={search_term_string}\"},\"query-input\":{\"@type\":\"PropertyValueSpecification\",\"valueRequired\":true,\"valueName\":\"search_term_string\"}}],\"inLanguage\":\"ca\"},{\"@type\":\"Organization\",\"@id\":\"https:\\\/\\\/radiolitoral.com\\\/#organization\",\"name\":\"Radio Litoral\",\"url\":\"https:\\\/\\\/radiolitoral.com\\\/\",\"logo\":{\"@type\":\"ImageObject\",\"inLanguage\":\"ca\",\"@id\":\"https:\\\/\\\/radiolitoral.com\\\/#\\\/schema\\\/logo\\\/image\\\/\",\"url\":\"https:\\\/\\\/media.radiolitoral.com\\\/wp-content\\\/uploads\\\/2023\\\/02\\\/24143238\\\/CL-V-RadioLitoral696.png\",\"contentUrl\":\"https:\\\/\\\/media.radiolitoral.com\\\/wp-content\\\/uploads\\\/2023\\\/02\\\/24143238\\\/CL-V-RadioLitoral696.png\",\"width\":696,\"height\":696,\"caption\":\"Radio Litoral\"},\"image\":{\"@id\":\"https:\\\/\\\/radiolitoral.com\\\/#\\\/schema\\\/logo\\\/image\\\/\"},\"sameAs\":[\"https:\\\/\\\/www.facebook.com\\\/Laradiolitoral\\\/\"]},{\"@type\":\"Person\",\"@id\":\"https:\\\/\\\/radiolitoral.com\\\/#\\\/schema\\\/person\\\/f2b2343c49b5d721857cc1002bfdb151\",\"name\":\"Redacci\u00f3n\",\"image\":{\"@type\":\"ImageObject\",\"inLanguage\":\"ca\",\"@id\":\"https:\\\/\\\/secure.gravatar.com\\\/avatar\\\/f771d896c203ad8b3382d7905cfcce5a5c9b008b84b3cd9114e9b9f4cb63f789?s=96&d=mm&r=g\",\"url\":\"https:\\\/\\\/secure.gravatar.com\\\/avatar\\\/f771d896c203ad8b3382d7905cfcce5a5c9b008b84b3cd9114e9b9f4cb63f789?s=96&d=mm&r=g\",\"contentUrl\":\"https:\\\/\\\/secure.gravatar.com\\\/avatar\\\/f771d896c203ad8b3382d7905cfcce5a5c9b008b84b3cd9114e9b9f4cb63f789?s=96&d=mm&r=g\",\"caption\":\"Redacci\u00f3n\"},\"url\":\"https:\\\/\\\/radiolitoral.com\\\/ca\\\/author\\\/miriam-pagan\\\/\"}]}<\/script>\n<!-- \/ Yoast SEO plugin. -->","yoast_head_json":{"title":"Ana Sala, alcaldessa en funcions, espera formar govern amb el PSOE i Comprom\u00eds | R\u00e0dio Litoral","description":"Som Calp considera que permetre que el PP segueixi governant seria un error que mantindria Calp lligada al passat Som Calp considera que permetre que el PP segueixi governant seria un error que mantindria Calp lligada al passat","robots":{"index":"index","follow":"follow","max-snippet":"max-snippet:-1","max-image-preview":"max-image-preview:large","max-video-preview":"max-video-preview:-1"},"canonical":"https:\/\/radiolitoral.com\/ca\/2023\/06\/ana-sala-alcaldessa-en-funcions-espera-formar-govern-amb-el-psoe-i-compromis\/","og_locale":"ca_ES","og_type":"article","og_title":"Ana Sala, alcaldesa en funciones, espera formar gobierno con el PSOE y Comprom\u00eds | R\u00e0dio Litoral","og_description":"Somos Calpe considera que permitir que el PP siga gobernando ser\u00eda un error que mantendr\u00eda a Calp atada al pasado Somos Calpe considera que permitir que el PP siga gobernando ser\u00eda un error que mantendr\u00eda a Calp atada al pasado","og_url":"https:\/\/radiolitoral.com\/ca\/2023\/06\/ana-sala-alcaldessa-en-funcions-espera-formar-govern-amb-el-psoe-i-compromis\/","og_site_name":"R\u00e0dio Litoral","article_publisher":"https:\/\/www.facebook.com\/Laradiolitoral\/","article_published_time":"2023-06-12T17:31:53+00:00","article_modified_time":"2023-06-12T17:32:06+00:00","og_image":[{"width":828,"height":828,"url":"https:\/\/media.radiolitoral.com\/wp-content\/uploads\/2023\/04\/20155414\/ana.jpg","type":"image\/jpeg"}],"author":"Redacci\u00f3n","twitter_card":"summary_large_image","twitter_misc":{"Escrit per":"Redacci\u00f3n","Temps estimat de lectura":"2 minuts"},"schema":{"@context":"https:\/\/schema.org","@graph":[{"@type":"NewsArticle","@id":"https:\/\/radiolitoral.com\/2023\/06\/ana-sala-alcaldesa-en-funciones-espera-formar-gobierno-con-el-psoe-y-compromis\/#article","isPartOf":{"@id":"https:\/\/radiolitoral.com\/2023\/06\/ana-sala-alcaldesa-en-funciones-espera-formar-gobierno-con-el-psoe-y-compromis\/"},"author":{"name":"Redacci\u00f3n","@id":"https:\/\/radiolitoral.com\/#\/schema\/person\/f2b2343c49b5d721857cc1002bfdb151"},"headline":"Ana Sala, alcaldesa en funciones, espera formar gobierno con el PSOE y Comprom\u00eds","datePublished":"2023-06-12T17:31:53+00:00","dateModified":"2023-06-12T17:32:06+00:00","mainEntityOfPage":{"@id":"https:\/\/radiolitoral.com\/2023\/06\/ana-sala-alcaldesa-en-funciones-espera-formar-gobierno-con-el-psoe-y-compromis\/"},"wordCount":381,"commentCount":0,"publisher":{"@id":"https:\/\/radiolitoral.com\/#organization"},"image":{"@id":"https:\/\/radiolitoral.com\/2023\/06\/ana-sala-alcaldesa-en-funciones-espera-formar-gobierno-con-el-psoe-y-compromis\/#primaryimage"},"thumbnailUrl":"https:\/\/media.radiolitoral.com\/wp-content\/uploads\/2023\/04\/20155414\/ana.jpg","keywords":["Ana Sala","investidura"],"articleSection":["Pol\u00edtica"],"inLanguage":"ca","potentialAction":[{"@type":"CommentAction","name":"Comment","target":["https:\/\/radiolitoral.com\/2023\/06\/ana-sala-alcaldesa-en-funciones-espera-formar-gobierno-con-el-psoe-y-compromis\/#respond"]}]},{"@type":["WebPage","ItemPage"],"@id":"https:\/\/radiolitoral.com\/2023\/06\/ana-sala-alcaldesa-en-funciones-espera-formar-gobierno-con-el-psoe-y-compromis\/","url":"https:\/\/radiolitoral.com\/2023\/06\/ana-sala-alcaldesa-en-funciones-espera-formar-gobierno-con-el-psoe-y-compromis\/","name":"Ana Sala, alcaldessa en funcions, espera formar govern amb el PSOE i Comprom\u00eds | R\u00e0dio Litoral","isPartOf":{"@id":"https:\/\/radiolitoral.com\/#website"},"primaryImageOfPage":{"@id":"https:\/\/radiolitoral.com\/2023\/06\/ana-sala-alcaldesa-en-funciones-espera-formar-gobierno-con-el-psoe-y-compromis\/#primaryimage"},"image":{"@id":"https:\/\/radiolitoral.com\/2023\/06\/ana-sala-alcaldesa-en-funciones-espera-formar-gobierno-con-el-psoe-y-compromis\/#primaryimage"},"thumbnailUrl":"https:\/\/media.radiolitoral.com\/wp-content\/uploads\/2023\/04\/20155414\/ana.jpg","datePublished":"2023-06-12T17:31:53+00:00","dateModified":"2023-06-12T17:32:06+00:00","description":"Som Calp considera que permetre que el PP segueixi governant seria un error que mantindria Calp lligada al passat Som Calp considera que permetre que el PP segueixi governant seria un error que mantindria Calp lligada al passat","breadcrumb":{"@id":"https:\/\/radiolitoral.com\/2023\/06\/ana-sala-alcaldesa-en-funciones-espera-formar-gobierno-con-el-psoe-y-compromis\/#breadcrumb"},"inLanguage":"ca","potentialAction":[{"@type":"ReadAction","target":["https:\/\/radiolitoral.com\/2023\/06\/ana-sala-alcaldesa-en-funciones-espera-formar-gobierno-con-el-psoe-y-compromis\/"]}]},{"@type":"ImageObject","inLanguage":"ca","@id":"https:\/\/radiolitoral.com\/2023\/06\/ana-sala-alcaldesa-en-funciones-espera-formar-gobierno-con-el-psoe-y-compromis\/#primaryimage","url":"https:\/\/media.radiolitoral.com\/wp-content\/uploads\/2023\/04\/20155414\/ana.jpg","contentUrl":"https:\/\/media.radiolitoral.com\/wp-content\/uploads\/2023\/04\/20155414\/ana.jpg","width":828,"height":828},{"@type":"BreadcrumbList","@id":"https:\/\/radiolitoral.com\/2023\/06\/ana-sala-alcaldesa-en-funciones-espera-formar-gobierno-con-el-psoe-y-compromis\/#breadcrumb","itemListElement":[{"@type":"ListItem","position":1,"name":"Portada","item":"https:\/\/radiolitoral.com\/"},{"@type":"ListItem","position":2,"name":"Ana Sala, alcaldesa en funciones, espera formar gobierno con el PSOE y Comprom\u00eds"}]},{"@type":"WebSite","@id":"https:\/\/radiolitoral.com\/#website","url":"https:\/\/radiolitoral.com\/","name":"R\u00e0dio Litoral","description":"La r\u00e0dio local de la Marina Alta","publisher":{"@id":"https:\/\/radiolitoral.com\/#organization"},"alternateName":"Litoral FM","potentialAction":[{"@type":"SearchAction","target":{"@type":"EntryPoint","urlTemplate":"https:\/\/radiolitoral.com\/?s={search_term_string}"},"query-input":{"@type":"PropertyValueSpecification","valueRequired":true,"valueName":"search_term_string"}}],"inLanguage":"ca"},{"@type":"Organization","@id":"https:\/\/radiolitoral.com\/#organization","name":"R\u00e0dio Litoral","url":"https:\/\/radiolitoral.com\/","logo":{"@type":"ImageObject","inLanguage":"ca","@id":"https:\/\/radiolitoral.com\/#\/schema\/logo\/image\/","url":"https:\/\/media.radiolitoral.com\/wp-content\/uploads\/2023\/02\/24143238\/CL-V-RadioLitoral696.png","contentUrl":"https:\/\/media.radiolitoral.com\/wp-content\/uploads\/2023\/02\/24143238\/CL-V-RadioLitoral696.png","width":696,"height":696,"caption":"Radio Litoral"},"image":{"@id":"https:\/\/radiolitoral.com\/#\/schema\/logo\/image\/"},"sameAs":["https:\/\/www.facebook.com\/Laradiolitoral\/"]},{"@type":"Person","@id":"https:\/\/radiolitoral.com\/#\/schema\/person\/f2b2343c49b5d721857cc1002bfdb151","name":"Redacci\u00f3","image":{"@type":"ImageObject","inLanguage":"ca","@id":"https:\/\/secure.gravatar.com\/avatar\/f771d896c203ad8b3382d7905cfcce5a5c9b008b84b3cd9114e9b9f4cb63f789?s=96&d=mm&r=g","url":"https:\/\/secure.gravatar.com\/avatar\/f771d896c203ad8b3382d7905cfcce5a5c9b008b84b3cd9114e9b9f4cb63f789?s=96&d=mm&r=g","contentUrl":"https:\/\/secure.gravatar.com\/avatar\/f771d896c203ad8b3382d7905cfcce5a5c9b008b84b3cd9114e9b9f4cb63f789?s=96&d=mm&r=g","caption":"Redacci\u00f3n"},"url":"https:\/\/radiolitoral.com\/ca\/author\/miriam-pagan\/"}]}},"_links":{"self":[{"href":"https:\/\/radiolitoral.com\/ca\/wp-json\/wp\/v2\/posts\/3931","targetHints":{"allow":["GET"]}}],"collection":[{"href":"https:\/\/radiolitoral.com\/ca\/wp-json\/wp\/v2\/posts"}],"about":[{"href":"https:\/\/radiolitoral.com\/ca\/wp-json\/wp\/v2\/types\/post"}],"author":[{"embeddable":true,"href":"https:\/\/radiolitoral.com\/ca\/wp-json\/wp\/v2\/users\/13"}],"replies":[{"embeddable":true,"href":"https:\/\/radiolitoral.com\/ca\/wp-json\/wp\/v2\/comments?post=3931"}],"version-history":[{"count":1,"href":"https:\/\/radiolitoral.com\/ca\/wp-json\/wp\/v2\/posts\/3931\/revisions"}],"predecessor-version":[{"id":3934,"href":"https:\/\/radiolitoral.com\/ca\/wp-json\/wp\/v2\/posts\/3931\/revisions\/3934"}],"wp:featuredmedia":[{"embeddable":true,"href":"https:\/\/radiolitoral.com\/ca\/wp-json\/wp\/v2\/media\/2407"}],"wp:attachment":[{"href":"https:\/\/radiolitoral.com\/ca\/wp-json\/wp\/v2\/media?parent=3931"}],"wp:term":[{"taxonomy":"category","embeddable":true,"href":"https:\/\/radiolitoral.com\/ca\/wp-json\/wp\/v2\/categories?post=3931"},{"taxonomy":"post_tag","embeddable":true,"href":"https:\/\/radiolitoral.com\/ca\/wp-json\/wp\/v2\/tags?post=3931"}],"curies":[{"name":"wp","href":"https:\/\/api.w.org\/{rel}","templated":true}]}}