{"id":3907,"date":"2023-06-10T13:46:29","date_gmt":"2023-06-10T11:46:29","guid":{"rendered":"https:\/\/radiolitoral.com\/?p=3907"},"modified":"2023-06-10T13:48:15","modified_gmt":"2023-06-10T11:48:15","slug":"educacio-vial-per-als-nens-de-teulada-moraira","status":"publish","type":"post","link":"https:\/\/radiolitoral.com\/ca\/2023\/06\/educacion-vial-para-los-ninos-de-teulada-moraira\/","title":{"rendered":"Educaci\u00f3 vi\u00e0ria per als nens de Teulada Moraira"},"content":{"rendered":"<p>Els agents de la\u00a0<strong>Policia Local de Teulada Moraira<\/strong>\u00a0han impartit aquesta setmana una s\u00e8rie de xerrades sobre\u00a0<strong>educaci\u00f3 vial<\/strong>\u00a0als nens i nenes del col\u00b7legi p\u00fablic\u00a0<strong>CEIP Sant Vicent Ferrer<\/strong>\u00a0de Teulada. Cal recordar que l&#039;alumnat del CEIP Cap d&#039;Or de Moraira va rebre aquestes mateixes classes el mes de novembre passat.<\/p>\n<p>Entre les activitats realitzades se&#039;ls ha mostrat les normes de circulaci\u00f3 amb bicicleta, la normativa de vianants, indicacions de la policia, senyals de tr\u00e0nsit, etc. Posteriorment, s&#039;han refor\u00e7at les pr\u00e0ctiques amb sessions te\u00f2riques a les aules, per tal de consolidar els coneixements adquirits.<\/p>\n<p>El regidor de la Policia Local i alcalde de Teulada Moraira, Ra\u00fal Llobell, ha destacat que \u201c\u00e9s de vital import\u00e0ncia recuperar l&#039;educaci\u00f3 vi\u00e0ria en els joves, perqu\u00e8 des de ben petit coneguin b\u00e9 el funcionament correcte de les normes de circulaci\u00f3, aix\u00ed com familiaritzar-se amb la figura de la Policia Local, perqu\u00e8 s\u00e0piguen a qui poden acudir en cas de dubte o emerg\u00e8ncia i evitar aix\u00ed possibles accidents\u201d.<\/p>\n<p>La regidora d&#039;Educaci\u00f3, Rosana Caselles, ha afegit que aquesta \u00e9s \u201cuna eina teoricopr\u00e0ctica essencial en el proc\u00e9s educatiu dels nens i nenes, ja que els permet con\u00e8ixer de la m\u00e0 dels professionals la forma m\u00e9s segura i correcta de moure&#039;s \u201d.<\/p>","protected":false},"excerpt":{"rendered":"<p>Los agentes de la\u00a0Policia Local de Teulada Moraira\u00a0han impartido esta semana una serie de charlas sobre\u00a0educaci\u00f3n vial\u00a0a los ni\u00f1os y ni\u00f1as del colegio p\u00fablico\u00a0CEIP Sant Vicent Ferrer\u00a0de Teulada. Cabe recordar que el alumnado del CEIP Cap d\u2019Or\u00a0de\u00a0Moraira recibi\u00f3 estas mismas clases el pasado mes de noviembre. Entre las actividades realizadas se les ha mostrado las [&#8230;]<\/p>\n<p><a class=\"btn btn-secondary understrap-read-more-link\" href=\"https:\/\/radiolitoral.com\/ca\/2023\/06\/educacion-vial-para-los-ninos-de-teulada-moraira\/\">Continua llegint&#8230;<span class=\"screen-reader-text\"> from Educaci\u00f3n vial para los ni\u00f1os de Teulada Moraira<\/span><\/a><\/p>\n","protected":false},"author":21,"featured_media":3908,"comment_status":"open","ping_status":"closed","sticky":false,"template":"","format":"standard","meta":{"_acf_changed":false,"inline_featured_image":false,"footnotes":""},"categories":[130],"tags":[751],"class_list":["post-3907","post","type-post","status-publish","format-standard","has-post-thumbnail","hentry","category-educacion","tag-educacion-vial","cobertura-teulada-moraira"],"acf":[],"yoast_head":"<!-- This site is optimized with the Yoast SEO plugin v27.5 - https:\/\/yoast.com\/product\/yoast-seo-wordpress\/ -->\n<title>Educaci\u00f3n vial para los ni\u00f1os de Teulada Moraira | R\u00e0dio Litoral<\/title>\n<meta name=\"description\" content=\"Se les ha ense\u00f1ado las normas de circulaci\u00f3n en bicicleta, la normativa peatonal o indicaciones de la polic\u00eda\" \/>\n<meta name=\"robots\" content=\"index, follow, max-snippet:-1, max-image-preview:large, max-video-preview:-1\" \/>\n<link rel=\"canonical\" href=\"https:\/\/radiolitoral.com\/ca\/2023\/06\/educacio-vial-per-als-nens-de-teulada-moraira\/\" \/>\n<meta property=\"og:locale\" content=\"ca_ES\" \/>\n<meta property=\"og:type\" content=\"article\" \/>\n<meta property=\"og:title\" content=\"Educaci\u00f3n vial para los ni\u00f1os de Teulada Moraira | R\u00e0dio Litoral\" \/>\n<meta property=\"og:description\" content=\"Se les ha ense\u00f1ado las normas de circulaci\u00f3n en bicicleta, la normativa peatonal o indicaciones de la polic\u00eda\" \/>\n<meta property=\"og:url\" content=\"https:\/\/radiolitoral.com\/ca\/2023\/06\/educacio-vial-per-als-nens-de-teulada-moraira\/\" \/>\n<meta property=\"og:site_name\" content=\"R\u00e0dio Litoral\" \/>\n<meta property=\"article:publisher\" content=\"https:\/\/www.facebook.com\/Laradiolitoral\/\" \/>\n<meta property=\"article:published_time\" content=\"2023-06-10T11:46:29+00:00\" \/>\n<meta property=\"article:modified_time\" content=\"2023-06-10T11:48:15+00:00\" \/>\n<meta property=\"og:image\" content=\"https:\/\/media.radiolitoral.com\/wp-content\/uploads\/2023\/06\/10134534\/EDUC-VIAL-TM-2023-5-655x490-1.jpg\" \/>\n\t<meta property=\"og:image:width\" content=\"655\" \/>\n\t<meta property=\"og:image:height\" content=\"490\" \/>\n\t<meta property=\"og:image:type\" content=\"image\/jpeg\" \/>\n<meta name=\"author\" content=\"Mel Pescuezo\" \/>\n<meta name=\"twitter:card\" content=\"summary_large_image\" \/>\n<meta name=\"twitter:label1\" content=\"Escrit per\" \/>\n\t<meta name=\"twitter:data1\" content=\"Mel Pescuezo\" \/>\n\t<meta name=\"twitter:label2\" content=\"Temps estimat de lectura\" \/>\n\t<meta name=\"twitter:data2\" content=\"1 minut\" \/>\n<script type=\"application\/ld+json\" class=\"yoast-schema-graph\">{\"@context\":\"https:\\\/\\\/schema.org\",\"@graph\":[{\"@type\":\"NewsArticle\",\"@id\":\"https:\\\/\\\/radiolitoral.com\\\/2023\\\/06\\\/educacion-vial-para-los-ninos-de-teulada-moraira\\\/#article\",\"isPartOf\":{\"@id\":\"https:\\\/\\\/radiolitoral.com\\\/2023\\\/06\\\/educacion-vial-para-los-ninos-de-teulada-moraira\\\/\"},\"author\":{\"name\":\"Mel Pescuezo\",\"@id\":\"https:\\\/\\\/radiolitoral.com\\\/#\\\/schema\\\/person\\\/aad4f72efa404f85b68e832d24cac059\"},\"headline\":\"Educaci\u00f3n vial para los ni\u00f1os de Teulada Moraira\",\"datePublished\":\"2023-06-10T11:46:29+00:00\",\"dateModified\":\"2023-06-10T11:48:15+00:00\",\"mainEntityOfPage\":{\"@id\":\"https:\\\/\\\/radiolitoral.com\\\/2023\\\/06\\\/educacion-vial-para-los-ninos-de-teulada-moraira\\\/\"},\"wordCount\":245,\"commentCount\":0,\"publisher\":{\"@id\":\"https:\\\/\\\/radiolitoral.com\\\/#organization\"},\"image\":{\"@id\":\"https:\\\/\\\/radiolitoral.com\\\/2023\\\/06\\\/educacion-vial-para-los-ninos-de-teulada-moraira\\\/#primaryimage\"},\"thumbnailUrl\":\"https:\\\/\\\/media.radiolitoral.com\\\/wp-content\\\/uploads\\\/2023\\\/06\\\/10134534\\\/EDUC-VIAL-TM-2023-5-655x490-1.jpg\",\"keywords\":[\"educaci\u00f3n vial\"],\"articleSection\":[\"Educaci\u00f3n\"],\"inLanguage\":\"ca\",\"potentialAction\":[{\"@type\":\"CommentAction\",\"name\":\"Comment\",\"target\":[\"https:\\\/\\\/radiolitoral.com\\\/2023\\\/06\\\/educacion-vial-para-los-ninos-de-teulada-moraira\\\/#respond\"]}]},{\"@type\":[\"WebPage\",\"ItemPage\"],\"@id\":\"https:\\\/\\\/radiolitoral.com\\\/2023\\\/06\\\/educacion-vial-para-los-ninos-de-teulada-moraira\\\/\",\"url\":\"https:\\\/\\\/radiolitoral.com\\\/2023\\\/06\\\/educacion-vial-para-los-ninos-de-teulada-moraira\\\/\",\"name\":\"Educaci\u00f3n vial para los ni\u00f1os de Teulada Moraira | R\u00e0dio Litoral\",\"isPartOf\":{\"@id\":\"https:\\\/\\\/radiolitoral.com\\\/#website\"},\"primaryImageOfPage\":{\"@id\":\"https:\\\/\\\/radiolitoral.com\\\/2023\\\/06\\\/educacion-vial-para-los-ninos-de-teulada-moraira\\\/#primaryimage\"},\"image\":{\"@id\":\"https:\\\/\\\/radiolitoral.com\\\/2023\\\/06\\\/educacion-vial-para-los-ninos-de-teulada-moraira\\\/#primaryimage\"},\"thumbnailUrl\":\"https:\\\/\\\/media.radiolitoral.com\\\/wp-content\\\/uploads\\\/2023\\\/06\\\/10134534\\\/EDUC-VIAL-TM-2023-5-655x490-1.jpg\",\"datePublished\":\"2023-06-10T11:46:29+00:00\",\"dateModified\":\"2023-06-10T11:48:15+00:00\",\"description\":\"Se les ha ense\u00f1ado las normas de circulaci\u00f3n en bicicleta, la normativa peatonal o indicaciones de la polic\u00eda\",\"breadcrumb\":{\"@id\":\"https:\\\/\\\/radiolitoral.com\\\/2023\\\/06\\\/educacion-vial-para-los-ninos-de-teulada-moraira\\\/#breadcrumb\"},\"inLanguage\":\"ca\",\"potentialAction\":[{\"@type\":\"ReadAction\",\"target\":[\"https:\\\/\\\/radiolitoral.com\\\/2023\\\/06\\\/educacion-vial-para-los-ninos-de-teulada-moraira\\\/\"]}]},{\"@type\":\"ImageObject\",\"inLanguage\":\"ca\",\"@id\":\"https:\\\/\\\/radiolitoral.com\\\/2023\\\/06\\\/educacion-vial-para-los-ninos-de-teulada-moraira\\\/#primaryimage\",\"url\":\"https:\\\/\\\/media.radiolitoral.com\\\/wp-content\\\/uploads\\\/2023\\\/06\\\/10134534\\\/EDUC-VIAL-TM-2023-5-655x490-1.jpg\",\"contentUrl\":\"https:\\\/\\\/media.radiolitoral.com\\\/wp-content\\\/uploads\\\/2023\\\/06\\\/10134534\\\/EDUC-VIAL-TM-2023-5-655x490-1.jpg\",\"width\":655,\"height\":490},{\"@type\":\"BreadcrumbList\",\"@id\":\"https:\\\/\\\/radiolitoral.com\\\/2023\\\/06\\\/educacion-vial-para-los-ninos-de-teulada-moraira\\\/#breadcrumb\",\"itemListElement\":[{\"@type\":\"ListItem\",\"position\":1,\"name\":\"Portada\",\"item\":\"https:\\\/\\\/radiolitoral.com\\\/\"},{\"@type\":\"ListItem\",\"position\":2,\"name\":\"Educaci\u00f3n vial para los ni\u00f1os de Teulada Moraira\"}]},{\"@type\":\"WebSite\",\"@id\":\"https:\\\/\\\/radiolitoral.com\\\/#website\",\"url\":\"https:\\\/\\\/radiolitoral.com\\\/\",\"name\":\"Radio Litoral\",\"description\":\"La radio local de la Marina Alta\",\"publisher\":{\"@id\":\"https:\\\/\\\/radiolitoral.com\\\/#organization\"},\"alternateName\":\"Litoral FM\",\"potentialAction\":[{\"@type\":\"SearchAction\",\"target\":{\"@type\":\"EntryPoint\",\"urlTemplate\":\"https:\\\/\\\/radiolitoral.com\\\/?s={search_term_string}\"},\"query-input\":{\"@type\":\"PropertyValueSpecification\",\"valueRequired\":true,\"valueName\":\"search_term_string\"}}],\"inLanguage\":\"ca\"},{\"@type\":\"Organization\",\"@id\":\"https:\\\/\\\/radiolitoral.com\\\/#organization\",\"name\":\"Radio Litoral\",\"url\":\"https:\\\/\\\/radiolitoral.com\\\/\",\"logo\":{\"@type\":\"ImageObject\",\"inLanguage\":\"ca\",\"@id\":\"https:\\\/\\\/radiolitoral.com\\\/#\\\/schema\\\/logo\\\/image\\\/\",\"url\":\"https:\\\/\\\/media.radiolitoral.com\\\/wp-content\\\/uploads\\\/2023\\\/02\\\/24143238\\\/CL-V-RadioLitoral696.png\",\"contentUrl\":\"https:\\\/\\\/media.radiolitoral.com\\\/wp-content\\\/uploads\\\/2023\\\/02\\\/24143238\\\/CL-V-RadioLitoral696.png\",\"width\":696,\"height\":696,\"caption\":\"Radio Litoral\"},\"image\":{\"@id\":\"https:\\\/\\\/radiolitoral.com\\\/#\\\/schema\\\/logo\\\/image\\\/\"},\"sameAs\":[\"https:\\\/\\\/www.facebook.com\\\/Laradiolitoral\\\/\"]},{\"@type\":\"Person\",\"@id\":\"https:\\\/\\\/radiolitoral.com\\\/#\\\/schema\\\/person\\\/aad4f72efa404f85b68e832d24cac059\",\"name\":\"Mel Pescuezo\",\"image\":{\"@type\":\"ImageObject\",\"inLanguage\":\"ca\",\"@id\":\"https:\\\/\\\/secure.gravatar.com\\\/avatar\\\/993975ae489c70cb0dd9bfa9413a082f0bd276582dac13661af7b33f161e7eea?s=96&d=mm&r=g\",\"url\":\"https:\\\/\\\/secure.gravatar.com\\\/avatar\\\/993975ae489c70cb0dd9bfa9413a082f0bd276582dac13661af7b33f161e7eea?s=96&d=mm&r=g\",\"contentUrl\":\"https:\\\/\\\/secure.gravatar.com\\\/avatar\\\/993975ae489c70cb0dd9bfa9413a082f0bd276582dac13661af7b33f161e7eea?s=96&d=mm&r=g\",\"caption\":\"Mel Pescuezo\"},\"url\":\"https:\\\/\\\/radiolitoral.com\\\/ca\\\/author\\\/serviciospararadios\\\/\"}]}<\/script>\n<!-- \/ Yoast SEO plugin. -->","yoast_head_json":{"title":"Educaci\u00f3 vial per als nens de Teulada Moraira | R\u00e0dio Litoral","description":"Se&#039;ls ha ensenyat les normes de circulaci\u00f3 amb bicicleta, la normativa de vianants o indicacions de la policia","robots":{"index":"index","follow":"follow","max-snippet":"max-snippet:-1","max-image-preview":"max-image-preview:large","max-video-preview":"max-video-preview:-1"},"canonical":"https:\/\/radiolitoral.com\/ca\/2023\/06\/educacio-vial-per-als-nens-de-teulada-moraira\/","og_locale":"ca_ES","og_type":"article","og_title":"Educaci\u00f3n vial para los ni\u00f1os de Teulada Moraira | R\u00e0dio Litoral","og_description":"Se les ha ense\u00f1ado las normas de circulaci\u00f3n en bicicleta, la normativa peatonal o indicaciones de la polic\u00eda","og_url":"https:\/\/radiolitoral.com\/ca\/2023\/06\/educacio-vial-per-als-nens-de-teulada-moraira\/","og_site_name":"R\u00e0dio Litoral","article_publisher":"https:\/\/www.facebook.com\/Laradiolitoral\/","article_published_time":"2023-06-10T11:46:29+00:00","article_modified_time":"2023-06-10T11:48:15+00:00","og_image":[{"width":655,"height":490,"url":"https:\/\/media.radiolitoral.com\/wp-content\/uploads\/2023\/06\/10134534\/EDUC-VIAL-TM-2023-5-655x490-1.jpg","type":"image\/jpeg"}],"author":"Mel Pescuezo","twitter_card":"summary_large_image","twitter_misc":{"Escrit per":"Mel Pescuezo","Temps estimat de lectura":"1 minut"},"schema":{"@context":"https:\/\/schema.org","@graph":[{"@type":"NewsArticle","@id":"https:\/\/radiolitoral.com\/2023\/06\/educacion-vial-para-los-ninos-de-teulada-moraira\/#article","isPartOf":{"@id":"https:\/\/radiolitoral.com\/2023\/06\/educacion-vial-para-los-ninos-de-teulada-moraira\/"},"author":{"name":"Mel Pescuezo","@id":"https:\/\/radiolitoral.com\/#\/schema\/person\/aad4f72efa404f85b68e832d24cac059"},"headline":"Educaci\u00f3n vial para los ni\u00f1os de Teulada Moraira","datePublished":"2023-06-10T11:46:29+00:00","dateModified":"2023-06-10T11:48:15+00:00","mainEntityOfPage":{"@id":"https:\/\/radiolitoral.com\/2023\/06\/educacion-vial-para-los-ninos-de-teulada-moraira\/"},"wordCount":245,"commentCount":0,"publisher":{"@id":"https:\/\/radiolitoral.com\/#organization"},"image":{"@id":"https:\/\/radiolitoral.com\/2023\/06\/educacion-vial-para-los-ninos-de-teulada-moraira\/#primaryimage"},"thumbnailUrl":"https:\/\/media.radiolitoral.com\/wp-content\/uploads\/2023\/06\/10134534\/EDUC-VIAL-TM-2023-5-655x490-1.jpg","keywords":["educaci\u00f3n vial"],"articleSection":["Educaci\u00f3n"],"inLanguage":"ca","potentialAction":[{"@type":"CommentAction","name":"Comment","target":["https:\/\/radiolitoral.com\/2023\/06\/educacion-vial-para-los-ninos-de-teulada-moraira\/#respond"]}]},{"@type":["WebPage","ItemPage"],"@id":"https:\/\/radiolitoral.com\/2023\/06\/educacion-vial-para-los-ninos-de-teulada-moraira\/","url":"https:\/\/radiolitoral.com\/2023\/06\/educacion-vial-para-los-ninos-de-teulada-moraira\/","name":"Educaci\u00f3 vial per als nens de Teulada Moraira | R\u00e0dio Litoral","isPartOf":{"@id":"https:\/\/radiolitoral.com\/#website"},"primaryImageOfPage":{"@id":"https:\/\/radiolitoral.com\/2023\/06\/educacion-vial-para-los-ninos-de-teulada-moraira\/#primaryimage"},"image":{"@id":"https:\/\/radiolitoral.com\/2023\/06\/educacion-vial-para-los-ninos-de-teulada-moraira\/#primaryimage"},"thumbnailUrl":"https:\/\/media.radiolitoral.com\/wp-content\/uploads\/2023\/06\/10134534\/EDUC-VIAL-TM-2023-5-655x490-1.jpg","datePublished":"2023-06-10T11:46:29+00:00","dateModified":"2023-06-10T11:48:15+00:00","description":"Se&#039;ls ha ensenyat les normes de circulaci\u00f3 amb bicicleta, la normativa de vianants o indicacions de la policia","breadcrumb":{"@id":"https:\/\/radiolitoral.com\/2023\/06\/educacion-vial-para-los-ninos-de-teulada-moraira\/#breadcrumb"},"inLanguage":"ca","potentialAction":[{"@type":"ReadAction","target":["https:\/\/radiolitoral.com\/2023\/06\/educacion-vial-para-los-ninos-de-teulada-moraira\/"]}]},{"@type":"ImageObject","inLanguage":"ca","@id":"https:\/\/radiolitoral.com\/2023\/06\/educacion-vial-para-los-ninos-de-teulada-moraira\/#primaryimage","url":"https:\/\/media.radiolitoral.com\/wp-content\/uploads\/2023\/06\/10134534\/EDUC-VIAL-TM-2023-5-655x490-1.jpg","contentUrl":"https:\/\/media.radiolitoral.com\/wp-content\/uploads\/2023\/06\/10134534\/EDUC-VIAL-TM-2023-5-655x490-1.jpg","width":655,"height":490},{"@type":"BreadcrumbList","@id":"https:\/\/radiolitoral.com\/2023\/06\/educacion-vial-para-los-ninos-de-teulada-moraira\/#breadcrumb","itemListElement":[{"@type":"ListItem","position":1,"name":"Portada","item":"https:\/\/radiolitoral.com\/"},{"@type":"ListItem","position":2,"name":"Educaci\u00f3n vial para los ni\u00f1os de Teulada Moraira"}]},{"@type":"WebSite","@id":"https:\/\/radiolitoral.com\/#website","url":"https:\/\/radiolitoral.com\/","name":"R\u00e0dio Litoral","description":"La r\u00e0dio local de la Marina Alta","publisher":{"@id":"https:\/\/radiolitoral.com\/#organization"},"alternateName":"Litoral FM","potentialAction":[{"@type":"SearchAction","target":{"@type":"EntryPoint","urlTemplate":"https:\/\/radiolitoral.com\/?s={search_term_string}"},"query-input":{"@type":"PropertyValueSpecification","valueRequired":true,"valueName":"search_term_string"}}],"inLanguage":"ca"},{"@type":"Organization","@id":"https:\/\/radiolitoral.com\/#organization","name":"R\u00e0dio Litoral","url":"https:\/\/radiolitoral.com\/","logo":{"@type":"ImageObject","inLanguage":"ca","@id":"https:\/\/radiolitoral.com\/#\/schema\/logo\/image\/","url":"https:\/\/media.radiolitoral.com\/wp-content\/uploads\/2023\/02\/24143238\/CL-V-RadioLitoral696.png","contentUrl":"https:\/\/media.radiolitoral.com\/wp-content\/uploads\/2023\/02\/24143238\/CL-V-RadioLitoral696.png","width":696,"height":696,"caption":"Radio Litoral"},"image":{"@id":"https:\/\/radiolitoral.com\/#\/schema\/logo\/image\/"},"sameAs":["https:\/\/www.facebook.com\/Laradiolitoral\/"]},{"@type":"Person","@id":"https:\/\/radiolitoral.com\/#\/schema\/person\/aad4f72efa404f85b68e832d24cac059","name":"Mel Pescuezo","image":{"@type":"ImageObject","inLanguage":"ca","@id":"https:\/\/secure.gravatar.com\/avatar\/993975ae489c70cb0dd9bfa9413a082f0bd276582dac13661af7b33f161e7eea?s=96&d=mm&r=g","url":"https:\/\/secure.gravatar.com\/avatar\/993975ae489c70cb0dd9bfa9413a082f0bd276582dac13661af7b33f161e7eea?s=96&d=mm&r=g","contentUrl":"https:\/\/secure.gravatar.com\/avatar\/993975ae489c70cb0dd9bfa9413a082f0bd276582dac13661af7b33f161e7eea?s=96&d=mm&r=g","caption":"Mel Pescuezo"},"url":"https:\/\/radiolitoral.com\/ca\/author\/serviciospararadios\/"}]}},"_links":{"self":[{"href":"https:\/\/radiolitoral.com\/ca\/wp-json\/wp\/v2\/posts\/3907","targetHints":{"allow":["GET"]}}],"collection":[{"href":"https:\/\/radiolitoral.com\/ca\/wp-json\/wp\/v2\/posts"}],"about":[{"href":"https:\/\/radiolitoral.com\/ca\/wp-json\/wp\/v2\/types\/post"}],"author":[{"embeddable":true,"href":"https:\/\/radiolitoral.com\/ca\/wp-json\/wp\/v2\/users\/21"}],"replies":[{"embeddable":true,"href":"https:\/\/radiolitoral.com\/ca\/wp-json\/wp\/v2\/comments?post=3907"}],"version-history":[{"count":1,"href":"https:\/\/radiolitoral.com\/ca\/wp-json\/wp\/v2\/posts\/3907\/revisions"}],"predecessor-version":[{"id":3909,"href":"https:\/\/radiolitoral.com\/ca\/wp-json\/wp\/v2\/posts\/3907\/revisions\/3909"}],"wp:featuredmedia":[{"embeddable":true,"href":"https:\/\/radiolitoral.com\/ca\/wp-json\/wp\/v2\/media\/3908"}],"wp:attachment":[{"href":"https:\/\/radiolitoral.com\/ca\/wp-json\/wp\/v2\/media?parent=3907"}],"wp:term":[{"taxonomy":"category","embeddable":true,"href":"https:\/\/radiolitoral.com\/ca\/wp-json\/wp\/v2\/categories?post=3907"},{"taxonomy":"post_tag","embeddable":true,"href":"https:\/\/radiolitoral.com\/ca\/wp-json\/wp\/v2\/tags?post=3907"}],"curies":[{"name":"wp","href":"https:\/\/api.w.org\/{rel}","templated":true}]}}