{"id":3883,"date":"2023-06-08T17:49:43","date_gmt":"2023-06-08T15:49:43","guid":{"rendered":"https:\/\/radiolitoral.com\/?p=3883"},"modified":"2023-06-08T17:51:10","modified_gmt":"2023-06-08T15:51:10","slug":"posen-en-marxa-una-recollida-de-signatures-a-change-org-per-exigir-que-no-es-paralitzi-la-reversio-de-lhospital-de-denia","status":"publish","type":"post","link":"https:\/\/radiolitoral.com\/ca\/2023\/06\/ponen-en-marcha-una-recogida-de-firmas-en-change-org-para-exigir-que-no-se-paralice-la-reversion-del-hospital-de-denia\/","title":{"rendered":"Engeguen una recollida de firmes a Change.org per exigir que no es paralitzi la reversi\u00f3 de l&#039;Hospital de D\u00e9nia"},"content":{"rendered":"<p>El febrer de 2024 acaba la concessi\u00f3 del Departament de Salut de D\u00e9nia (DSD) i s&#039;havia notificat a l&#039;empresa, Ribera Salut, que no es prorrogaria la concessi\u00f3. Amb el canvi pol\u00edtic a la Generalitat sorgeixen dubtes de si aquest Departament tornar\u00e0 al sistema p\u00fablic. Aix\u00ed es justifica la posada en marxa a la plataforma Change.org d&#039;una campanya de recollida de signatures amb qu\u00e8 exigir al nou govern valenci\u00e0 que no paralitzi la reversi\u00f3 de l&#039;Hospital de D\u00e9nia.<\/p>\n<p>Una campanya amb qu\u00e8 es demana a ve\u00efns, ajuntaments i treballadors de la salut a la Marina Alta que demostrin que mantenen la seva petici\u00f3 per tornar a un sistema p\u00fablic, despr\u00e9s de 15 anys de privatitzaci\u00f3.<\/p>\n<p>La petici\u00f3 sol\u00b7licita ajuda per sumar 5.000 r\u00fabriques, i de moment ja se&#039;n comptabilitzen m\u00e9s de 4.000.<\/p>\n<p>Aix\u00ed ho explica la promotora d?aquesta petici\u00f3, Carmen Sanchis, delegada sindical de CESM CV SAE. L&#039;escoltem.<\/p>\n<audio class=\"wp-audio-shortcode\" id=\"audio-3883-1\" preload=\"none\" style=\"width: 100%;\" controls=\"controls\"><source type=\"audio\/mpeg\" src=\"https:\/\/media.radiolitoral.com\/wp-content\/uploads\/2023\/06\/08174712\/Carmen-Sanchis.mp3?_=1\" \/><a href=\"https:\/\/media.radiolitoral.com\/wp-content\/uploads\/2023\/06\/08174712\/Carmen-Sanchis.mp3\">https:\/\/media.radiolitoral.com\/wp-content\/uploads\/2023\/06\/08174712\/Carmen-Sanchis.mp3<\/a><\/audio>","protected":false},"excerpt":{"rendered":"<p>En febrero de 2024 termina la concesi\u00f3n del Departamento de Salud de Denia (DSD) y se hab\u00eda notificado a la empresa, Ribera Salud, que no se iba a prorrogar la concesi\u00f3n. Con el cambio pol\u00edtico en la Generalitat surgen dudas de si este Departamento va a volver al sistema p\u00fablico. As\u00ed se justifica la puesta [&#8230;]<\/p>\n<p><a class=\"btn btn-secondary understrap-read-more-link\" href=\"https:\/\/radiolitoral.com\/ca\/2023\/06\/ponen-en-marcha-una-recogida-de-firmas-en-change-org-para-exigir-que-no-se-paralice-la-reversion-del-hospital-de-denia\/\">Continua llegint&#8230;<span class=\"screen-reader-text\"> from Ponen en marcha una recogida de firmas en Change.org para exigir que no se paralice la reversi\u00f3n del Hospital de D\u00e9nia<\/span><\/a><\/p>\n","protected":false},"author":13,"featured_media":574,"comment_status":"open","ping_status":"closed","sticky":false,"template":"","format":"standard","meta":{"_acf_changed":false,"inline_featured_image":false,"footnotes":""},"categories":[380],"tags":[490,65],"class_list":["post-3883","post","type-post","status-publish","format-standard","has-post-thumbnail","hentry","category-sanidad","tag-hospital-denia","tag-sanidad","cobertura-marina-alta"],"acf":[],"yoast_head":"<!-- This site is optimized with the Yoast SEO plugin v27.5 - https:\/\/yoast.com\/product\/yoast-seo-wordpress\/ -->\n<title>Ponen en marcha una recogida de firmas en Change.org para exigir que no se paralice la reversi\u00f3n del Hospital de D\u00e9nia | R\u00e0dio Litoral<\/title>\n<meta name=\"description\" content=\"La petici\u00f3n solicita ayuda para sumar 5.000 r\u00fabricas y de momento ya se contabilizan m\u00e1s de 4.000 La petici\u00f3n solicita ayuda para sumar 5.000 rubricas y de momento ya se contabilizan m\u00e1s de 4.000\" \/>\n<meta name=\"robots\" content=\"index, follow, max-snippet:-1, max-image-preview:large, max-video-preview:-1\" \/>\n<link rel=\"canonical\" href=\"https:\/\/radiolitoral.com\/ca\/2023\/06\/posen-en-marxa-una-recollida-de-signatures-a-change-org-per-exigir-que-no-es-paralitzi-la-reversio-de-lhospital-de-denia\/\" \/>\n<meta property=\"og:locale\" content=\"ca_ES\" \/>\n<meta property=\"og:type\" content=\"article\" \/>\n<meta property=\"og:title\" content=\"Ponen en marcha una recogida de firmas en Change.org para exigir que no se paralice la reversi\u00f3n del Hospital de D\u00e9nia | R\u00e0dio Litoral\" \/>\n<meta property=\"og:description\" content=\"La petici\u00f3n solicita ayuda para sumar 5.000 r\u00fabricas y de momento ya se contabilizan m\u00e1s de 4.000 La petici\u00f3n solicita ayuda para sumar 5.000 rubricas y de momento ya se contabilizan m\u00e1s de 4.000\" \/>\n<meta property=\"og:url\" content=\"https:\/\/radiolitoral.com\/ca\/2023\/06\/posen-en-marxa-una-recollida-de-signatures-a-change-org-per-exigir-que-no-es-paralitzi-la-reversio-de-lhospital-de-denia\/\" \/>\n<meta property=\"og:site_name\" content=\"R\u00e0dio Litoral\" \/>\n<meta property=\"article:publisher\" content=\"https:\/\/www.facebook.com\/Laradiolitoral\/\" \/>\n<meta property=\"article:published_time\" content=\"2023-06-08T15:49:43+00:00\" \/>\n<meta property=\"article:modified_time\" content=\"2023-06-08T15:51:10+00:00\" \/>\n<meta property=\"og:image\" content=\"https:\/\/media.radiolitoral.com\/wp-content\/uploads\/2023\/01\/24143243\/2021-Hospital-Marina-Salud-pasillo.jpg\" \/>\n\t<meta property=\"og:image:width\" content=\"2000\" \/>\n\t<meta property=\"og:image:height\" content=\"1333\" \/>\n\t<meta property=\"og:image:type\" content=\"image\/jpeg\" \/>\n<meta name=\"author\" content=\"Redacci\u00f3n\" \/>\n<meta name=\"twitter:card\" content=\"summary_large_image\" \/>\n<meta name=\"twitter:label1\" content=\"Escrit per\" \/>\n\t<meta name=\"twitter:data1\" content=\"Redacci\u00f3n\" \/>\n\t<meta name=\"twitter:label2\" content=\"Temps estimat de lectura\" \/>\n\t<meta name=\"twitter:data2\" content=\"1 minut\" \/>\n<script type=\"application\/ld+json\" class=\"yoast-schema-graph\">{\"@context\":\"https:\\\/\\\/schema.org\",\"@graph\":[{\"@type\":\"NewsArticle\",\"@id\":\"https:\\\/\\\/radiolitoral.com\\\/2023\\\/06\\\/ponen-en-marcha-una-recogida-de-firmas-en-change-org-para-exigir-que-no-se-paralice-la-reversion-del-hospital-de-denia\\\/#article\",\"isPartOf\":{\"@id\":\"https:\\\/\\\/radiolitoral.com\\\/2023\\\/06\\\/ponen-en-marcha-una-recogida-de-firmas-en-change-org-para-exigir-que-no-se-paralice-la-reversion-del-hospital-de-denia\\\/\"},\"author\":{\"name\":\"Redacci\u00f3n\",\"@id\":\"https:\\\/\\\/radiolitoral.com\\\/#\\\/schema\\\/person\\\/f2b2343c49b5d721857cc1002bfdb151\"},\"headline\":\"Ponen en marcha una recogida de firmas en Change.org para exigir que no se paralice la reversi\u00f3n del Hospital de D\u00e9nia\",\"datePublished\":\"2023-06-08T15:49:43+00:00\",\"dateModified\":\"2023-06-08T15:51:10+00:00\",\"mainEntityOfPage\":{\"@id\":\"https:\\\/\\\/radiolitoral.com\\\/2023\\\/06\\\/ponen-en-marcha-una-recogida-de-firmas-en-change-org-para-exigir-que-no-se-paralice-la-reversion-del-hospital-de-denia\\\/\"},\"wordCount\":204,\"commentCount\":0,\"publisher\":{\"@id\":\"https:\\\/\\\/radiolitoral.com\\\/#organization\"},\"image\":{\"@id\":\"https:\\\/\\\/radiolitoral.com\\\/2023\\\/06\\\/ponen-en-marcha-una-recogida-de-firmas-en-change-org-para-exigir-que-no-se-paralice-la-reversion-del-hospital-de-denia\\\/#primaryimage\"},\"thumbnailUrl\":\"https:\\\/\\\/media.radiolitoral.com\\\/wp-content\\\/uploads\\\/2023\\\/01\\\/24143243\\\/2021-Hospital-Marina-Salud-pasillo.jpg\",\"keywords\":[\"Hospital D\u00e9nia\",\"Sanidad\"],\"articleSection\":[\"Sanidad\"],\"inLanguage\":\"ca\",\"potentialAction\":[{\"@type\":\"CommentAction\",\"name\":\"Comment\",\"target\":[\"https:\\\/\\\/radiolitoral.com\\\/2023\\\/06\\\/ponen-en-marcha-una-recogida-de-firmas-en-change-org-para-exigir-que-no-se-paralice-la-reversion-del-hospital-de-denia\\\/#respond\"]}]},{\"@type\":[\"WebPage\",\"ItemPage\"],\"@id\":\"https:\\\/\\\/radiolitoral.com\\\/2023\\\/06\\\/ponen-en-marcha-una-recogida-de-firmas-en-change-org-para-exigir-que-no-se-paralice-la-reversion-del-hospital-de-denia\\\/\",\"url\":\"https:\\\/\\\/radiolitoral.com\\\/2023\\\/06\\\/ponen-en-marcha-una-recogida-de-firmas-en-change-org-para-exigir-que-no-se-paralice-la-reversion-del-hospital-de-denia\\\/\",\"name\":\"Ponen en marcha una recogida de firmas en Change.org para exigir que no se paralice la reversi\u00f3n del Hospital de D\u00e9nia | R\u00e0dio Litoral\",\"isPartOf\":{\"@id\":\"https:\\\/\\\/radiolitoral.com\\\/#website\"},\"primaryImageOfPage\":{\"@id\":\"https:\\\/\\\/radiolitoral.com\\\/2023\\\/06\\\/ponen-en-marcha-una-recogida-de-firmas-en-change-org-para-exigir-que-no-se-paralice-la-reversion-del-hospital-de-denia\\\/#primaryimage\"},\"image\":{\"@id\":\"https:\\\/\\\/radiolitoral.com\\\/2023\\\/06\\\/ponen-en-marcha-una-recogida-de-firmas-en-change-org-para-exigir-que-no-se-paralice-la-reversion-del-hospital-de-denia\\\/#primaryimage\"},\"thumbnailUrl\":\"https:\\\/\\\/media.radiolitoral.com\\\/wp-content\\\/uploads\\\/2023\\\/01\\\/24143243\\\/2021-Hospital-Marina-Salud-pasillo.jpg\",\"datePublished\":\"2023-06-08T15:49:43+00:00\",\"dateModified\":\"2023-06-08T15:51:10+00:00\",\"description\":\"La petici\u00f3n solicita ayuda para sumar 5.000 r\u00fabricas y de momento ya se contabilizan m\u00e1s de 4.000 La petici\u00f3n solicita ayuda para sumar 5.000 rubricas y de momento ya se contabilizan m\u00e1s de 4.000\",\"breadcrumb\":{\"@id\":\"https:\\\/\\\/radiolitoral.com\\\/2023\\\/06\\\/ponen-en-marcha-una-recogida-de-firmas-en-change-org-para-exigir-que-no-se-paralice-la-reversion-del-hospital-de-denia\\\/#breadcrumb\"},\"inLanguage\":\"ca\",\"potentialAction\":[{\"@type\":\"ReadAction\",\"target\":[\"https:\\\/\\\/radiolitoral.com\\\/2023\\\/06\\\/ponen-en-marcha-una-recogida-de-firmas-en-change-org-para-exigir-que-no-se-paralice-la-reversion-del-hospital-de-denia\\\/\"]}]},{\"@type\":\"ImageObject\",\"inLanguage\":\"ca\",\"@id\":\"https:\\\/\\\/radiolitoral.com\\\/2023\\\/06\\\/ponen-en-marcha-una-recogida-de-firmas-en-change-org-para-exigir-que-no-se-paralice-la-reversion-del-hospital-de-denia\\\/#primaryimage\",\"url\":\"https:\\\/\\\/media.radiolitoral.com\\\/wp-content\\\/uploads\\\/2023\\\/01\\\/24143243\\\/2021-Hospital-Marina-Salud-pasillo.jpg\",\"contentUrl\":\"https:\\\/\\\/media.radiolitoral.com\\\/wp-content\\\/uploads\\\/2023\\\/01\\\/24143243\\\/2021-Hospital-Marina-Salud-pasillo.jpg\",\"width\":2000,\"height\":1333},{\"@type\":\"BreadcrumbList\",\"@id\":\"https:\\\/\\\/radiolitoral.com\\\/2023\\\/06\\\/ponen-en-marcha-una-recogida-de-firmas-en-change-org-para-exigir-que-no-se-paralice-la-reversion-del-hospital-de-denia\\\/#breadcrumb\",\"itemListElement\":[{\"@type\":\"ListItem\",\"position\":1,\"name\":\"Portada\",\"item\":\"https:\\\/\\\/radiolitoral.com\\\/\"},{\"@type\":\"ListItem\",\"position\":2,\"name\":\"Ponen en marcha una recogida de firmas en Change.org para exigir que no se paralice la reversi\u00f3n del Hospital de D\u00e9nia\"}]},{\"@type\":\"WebSite\",\"@id\":\"https:\\\/\\\/radiolitoral.com\\\/#website\",\"url\":\"https:\\\/\\\/radiolitoral.com\\\/\",\"name\":\"Radio Litoral\",\"description\":\"La radio local de la Marina Alta\",\"publisher\":{\"@id\":\"https:\\\/\\\/radiolitoral.com\\\/#organization\"},\"alternateName\":\"Litoral FM\",\"potentialAction\":[{\"@type\":\"SearchAction\",\"target\":{\"@type\":\"EntryPoint\",\"urlTemplate\":\"https:\\\/\\\/radiolitoral.com\\\/?s={search_term_string}\"},\"query-input\":{\"@type\":\"PropertyValueSpecification\",\"valueRequired\":true,\"valueName\":\"search_term_string\"}}],\"inLanguage\":\"ca\"},{\"@type\":\"Organization\",\"@id\":\"https:\\\/\\\/radiolitoral.com\\\/#organization\",\"name\":\"Radio Litoral\",\"url\":\"https:\\\/\\\/radiolitoral.com\\\/\",\"logo\":{\"@type\":\"ImageObject\",\"inLanguage\":\"ca\",\"@id\":\"https:\\\/\\\/radiolitoral.com\\\/#\\\/schema\\\/logo\\\/image\\\/\",\"url\":\"https:\\\/\\\/media.radiolitoral.com\\\/wp-content\\\/uploads\\\/2023\\\/02\\\/24143238\\\/CL-V-RadioLitoral696.png\",\"contentUrl\":\"https:\\\/\\\/media.radiolitoral.com\\\/wp-content\\\/uploads\\\/2023\\\/02\\\/24143238\\\/CL-V-RadioLitoral696.png\",\"width\":696,\"height\":696,\"caption\":\"Radio Litoral\"},\"image\":{\"@id\":\"https:\\\/\\\/radiolitoral.com\\\/#\\\/schema\\\/logo\\\/image\\\/\"},\"sameAs\":[\"https:\\\/\\\/www.facebook.com\\\/Laradiolitoral\\\/\"]},{\"@type\":\"Person\",\"@id\":\"https:\\\/\\\/radiolitoral.com\\\/#\\\/schema\\\/person\\\/f2b2343c49b5d721857cc1002bfdb151\",\"name\":\"Redacci\u00f3n\",\"image\":{\"@type\":\"ImageObject\",\"inLanguage\":\"ca\",\"@id\":\"https:\\\/\\\/secure.gravatar.com\\\/avatar\\\/f771d896c203ad8b3382d7905cfcce5a5c9b008b84b3cd9114e9b9f4cb63f789?s=96&d=mm&r=g\",\"url\":\"https:\\\/\\\/secure.gravatar.com\\\/avatar\\\/f771d896c203ad8b3382d7905cfcce5a5c9b008b84b3cd9114e9b9f4cb63f789?s=96&d=mm&r=g\",\"contentUrl\":\"https:\\\/\\\/secure.gravatar.com\\\/avatar\\\/f771d896c203ad8b3382d7905cfcce5a5c9b008b84b3cd9114e9b9f4cb63f789?s=96&d=mm&r=g\",\"caption\":\"Redacci\u00f3n\"},\"url\":\"https:\\\/\\\/radiolitoral.com\\\/ca\\\/author\\\/miriam-pagan\\\/\"}]}<\/script>\n<!-- \/ Yoast SEO plugin. -->","yoast_head_json":{"title":"Engeguen una recollida de firmes a Change.org per exigir que no es paralitzi la reversi\u00f3 de l&#039;Hospital de D\u00e9nia | R\u00e0dio Litoral","description":"La petici\u00f3 sol\u00b7licita ajuda per sumar 5.000 r\u00fabriques i de moment ja se&#039;n comptabilitzen m\u00e9s de 4.000 La petici\u00f3 sol\u00b7licita ajuda per sumar 5.000 r\u00fabriques i de moment ja se&#039;n comptabilitzen m\u00e9s de 4.000","robots":{"index":"index","follow":"follow","max-snippet":"max-snippet:-1","max-image-preview":"max-image-preview:large","max-video-preview":"max-video-preview:-1"},"canonical":"https:\/\/radiolitoral.com\/ca\/2023\/06\/posen-en-marxa-una-recollida-de-signatures-a-change-org-per-exigir-que-no-es-paralitzi-la-reversio-de-lhospital-de-denia\/","og_locale":"ca_ES","og_type":"article","og_title":"Ponen en marcha una recogida de firmas en Change.org para exigir que no se paralice la reversi\u00f3n del Hospital de D\u00e9nia | R\u00e0dio Litoral","og_description":"La petici\u00f3n solicita ayuda para sumar 5.000 r\u00fabricas y de momento ya se contabilizan m\u00e1s de 4.000 La petici\u00f3n solicita ayuda para sumar 5.000 rubricas y de momento ya se contabilizan m\u00e1s de 4.000","og_url":"https:\/\/radiolitoral.com\/ca\/2023\/06\/posen-en-marxa-una-recollida-de-signatures-a-change-org-per-exigir-que-no-es-paralitzi-la-reversio-de-lhospital-de-denia\/","og_site_name":"R\u00e0dio Litoral","article_publisher":"https:\/\/www.facebook.com\/Laradiolitoral\/","article_published_time":"2023-06-08T15:49:43+00:00","article_modified_time":"2023-06-08T15:51:10+00:00","og_image":[{"width":2000,"height":1333,"url":"https:\/\/media.radiolitoral.com\/wp-content\/uploads\/2023\/01\/24143243\/2021-Hospital-Marina-Salud-pasillo.jpg","type":"image\/jpeg"}],"author":"Redacci\u00f3n","twitter_card":"summary_large_image","twitter_misc":{"Escrit per":"Redacci\u00f3n","Temps estimat de lectura":"1 minut"},"schema":{"@context":"https:\/\/schema.org","@graph":[{"@type":"NewsArticle","@id":"https:\/\/radiolitoral.com\/2023\/06\/ponen-en-marcha-una-recogida-de-firmas-en-change-org-para-exigir-que-no-se-paralice-la-reversion-del-hospital-de-denia\/#article","isPartOf":{"@id":"https:\/\/radiolitoral.com\/2023\/06\/ponen-en-marcha-una-recogida-de-firmas-en-change-org-para-exigir-que-no-se-paralice-la-reversion-del-hospital-de-denia\/"},"author":{"name":"Redacci\u00f3n","@id":"https:\/\/radiolitoral.com\/#\/schema\/person\/f2b2343c49b5d721857cc1002bfdb151"},"headline":"Ponen en marcha una recogida de firmas en Change.org para exigir que no se paralice la reversi\u00f3n del Hospital de D\u00e9nia","datePublished":"2023-06-08T15:49:43+00:00","dateModified":"2023-06-08T15:51:10+00:00","mainEntityOfPage":{"@id":"https:\/\/radiolitoral.com\/2023\/06\/ponen-en-marcha-una-recogida-de-firmas-en-change-org-para-exigir-que-no-se-paralice-la-reversion-del-hospital-de-denia\/"},"wordCount":204,"commentCount":0,"publisher":{"@id":"https:\/\/radiolitoral.com\/#organization"},"image":{"@id":"https:\/\/radiolitoral.com\/2023\/06\/ponen-en-marcha-una-recogida-de-firmas-en-change-org-para-exigir-que-no-se-paralice-la-reversion-del-hospital-de-denia\/#primaryimage"},"thumbnailUrl":"https:\/\/media.radiolitoral.com\/wp-content\/uploads\/2023\/01\/24143243\/2021-Hospital-Marina-Salud-pasillo.jpg","keywords":["Hospital D\u00e9nia","Sanidad"],"articleSection":["Sanidad"],"inLanguage":"ca","potentialAction":[{"@type":"CommentAction","name":"Comment","target":["https:\/\/radiolitoral.com\/2023\/06\/ponen-en-marcha-una-recogida-de-firmas-en-change-org-para-exigir-que-no-se-paralice-la-reversion-del-hospital-de-denia\/#respond"]}]},{"@type":["WebPage","ItemPage"],"@id":"https:\/\/radiolitoral.com\/2023\/06\/ponen-en-marcha-una-recogida-de-firmas-en-change-org-para-exigir-que-no-se-paralice-la-reversion-del-hospital-de-denia\/","url":"https:\/\/radiolitoral.com\/2023\/06\/ponen-en-marcha-una-recogida-de-firmas-en-change-org-para-exigir-que-no-se-paralice-la-reversion-del-hospital-de-denia\/","name":"Engeguen una recollida de firmes a Change.org per exigir que no es paralitzi la reversi\u00f3 de l&#039;Hospital de D\u00e9nia | R\u00e0dio Litoral","isPartOf":{"@id":"https:\/\/radiolitoral.com\/#website"},"primaryImageOfPage":{"@id":"https:\/\/radiolitoral.com\/2023\/06\/ponen-en-marcha-una-recogida-de-firmas-en-change-org-para-exigir-que-no-se-paralice-la-reversion-del-hospital-de-denia\/#primaryimage"},"image":{"@id":"https:\/\/radiolitoral.com\/2023\/06\/ponen-en-marcha-una-recogida-de-firmas-en-change-org-para-exigir-que-no-se-paralice-la-reversion-del-hospital-de-denia\/#primaryimage"},"thumbnailUrl":"https:\/\/media.radiolitoral.com\/wp-content\/uploads\/2023\/01\/24143243\/2021-Hospital-Marina-Salud-pasillo.jpg","datePublished":"2023-06-08T15:49:43+00:00","dateModified":"2023-06-08T15:51:10+00:00","description":"La petici\u00f3 sol\u00b7licita ajuda per sumar 5.000 r\u00fabriques i de moment ja se&#039;n comptabilitzen m\u00e9s de 4.000 La petici\u00f3 sol\u00b7licita ajuda per sumar 5.000 r\u00fabriques i de moment ja se&#039;n comptabilitzen m\u00e9s de 4.000","breadcrumb":{"@id":"https:\/\/radiolitoral.com\/2023\/06\/ponen-en-marcha-una-recogida-de-firmas-en-change-org-para-exigir-que-no-se-paralice-la-reversion-del-hospital-de-denia\/#breadcrumb"},"inLanguage":"ca","potentialAction":[{"@type":"ReadAction","target":["https:\/\/radiolitoral.com\/2023\/06\/ponen-en-marcha-una-recogida-de-firmas-en-change-org-para-exigir-que-no-se-paralice-la-reversion-del-hospital-de-denia\/"]}]},{"@type":"ImageObject","inLanguage":"ca","@id":"https:\/\/radiolitoral.com\/2023\/06\/ponen-en-marcha-una-recogida-de-firmas-en-change-org-para-exigir-que-no-se-paralice-la-reversion-del-hospital-de-denia\/#primaryimage","url":"https:\/\/media.radiolitoral.com\/wp-content\/uploads\/2023\/01\/24143243\/2021-Hospital-Marina-Salud-pasillo.jpg","contentUrl":"https:\/\/media.radiolitoral.com\/wp-content\/uploads\/2023\/01\/24143243\/2021-Hospital-Marina-Salud-pasillo.jpg","width":2000,"height":1333},{"@type":"BreadcrumbList","@id":"https:\/\/radiolitoral.com\/2023\/06\/ponen-en-marcha-una-recogida-de-firmas-en-change-org-para-exigir-que-no-se-paralice-la-reversion-del-hospital-de-denia\/#breadcrumb","itemListElement":[{"@type":"ListItem","position":1,"name":"Portada","item":"https:\/\/radiolitoral.com\/"},{"@type":"ListItem","position":2,"name":"Ponen en marcha una recogida de firmas en Change.org para exigir que no se paralice la reversi\u00f3n del Hospital de D\u00e9nia"}]},{"@type":"WebSite","@id":"https:\/\/radiolitoral.com\/#website","url":"https:\/\/radiolitoral.com\/","name":"R\u00e0dio Litoral","description":"La r\u00e0dio local de la Marina Alta","publisher":{"@id":"https:\/\/radiolitoral.com\/#organization"},"alternateName":"Litoral FM","potentialAction":[{"@type":"SearchAction","target":{"@type":"EntryPoint","urlTemplate":"https:\/\/radiolitoral.com\/?s={search_term_string}"},"query-input":{"@type":"PropertyValueSpecification","valueRequired":true,"valueName":"search_term_string"}}],"inLanguage":"ca"},{"@type":"Organization","@id":"https:\/\/radiolitoral.com\/#organization","name":"R\u00e0dio Litoral","url":"https:\/\/radiolitoral.com\/","logo":{"@type":"ImageObject","inLanguage":"ca","@id":"https:\/\/radiolitoral.com\/#\/schema\/logo\/image\/","url":"https:\/\/media.radiolitoral.com\/wp-content\/uploads\/2023\/02\/24143238\/CL-V-RadioLitoral696.png","contentUrl":"https:\/\/media.radiolitoral.com\/wp-content\/uploads\/2023\/02\/24143238\/CL-V-RadioLitoral696.png","width":696,"height":696,"caption":"Radio Litoral"},"image":{"@id":"https:\/\/radiolitoral.com\/#\/schema\/logo\/image\/"},"sameAs":["https:\/\/www.facebook.com\/Laradiolitoral\/"]},{"@type":"Person","@id":"https:\/\/radiolitoral.com\/#\/schema\/person\/f2b2343c49b5d721857cc1002bfdb151","name":"Redacci\u00f3","image":{"@type":"ImageObject","inLanguage":"ca","@id":"https:\/\/secure.gravatar.com\/avatar\/f771d896c203ad8b3382d7905cfcce5a5c9b008b84b3cd9114e9b9f4cb63f789?s=96&d=mm&r=g","url":"https:\/\/secure.gravatar.com\/avatar\/f771d896c203ad8b3382d7905cfcce5a5c9b008b84b3cd9114e9b9f4cb63f789?s=96&d=mm&r=g","contentUrl":"https:\/\/secure.gravatar.com\/avatar\/f771d896c203ad8b3382d7905cfcce5a5c9b008b84b3cd9114e9b9f4cb63f789?s=96&d=mm&r=g","caption":"Redacci\u00f3n"},"url":"https:\/\/radiolitoral.com\/ca\/author\/miriam-pagan\/"}]}},"_links":{"self":[{"href":"https:\/\/radiolitoral.com\/ca\/wp-json\/wp\/v2\/posts\/3883","targetHints":{"allow":["GET"]}}],"collection":[{"href":"https:\/\/radiolitoral.com\/ca\/wp-json\/wp\/v2\/posts"}],"about":[{"href":"https:\/\/radiolitoral.com\/ca\/wp-json\/wp\/v2\/types\/post"}],"author":[{"embeddable":true,"href":"https:\/\/radiolitoral.com\/ca\/wp-json\/wp\/v2\/users\/13"}],"replies":[{"embeddable":true,"href":"https:\/\/radiolitoral.com\/ca\/wp-json\/wp\/v2\/comments?post=3883"}],"version-history":[{"count":2,"href":"https:\/\/radiolitoral.com\/ca\/wp-json\/wp\/v2\/posts\/3883\/revisions"}],"predecessor-version":[{"id":3887,"href":"https:\/\/radiolitoral.com\/ca\/wp-json\/wp\/v2\/posts\/3883\/revisions\/3887"}],"wp:featuredmedia":[{"embeddable":true,"href":"https:\/\/radiolitoral.com\/ca\/wp-json\/wp\/v2\/media\/574"}],"wp:attachment":[{"href":"https:\/\/radiolitoral.com\/ca\/wp-json\/wp\/v2\/media?parent=3883"}],"wp:term":[{"taxonomy":"category","embeddable":true,"href":"https:\/\/radiolitoral.com\/ca\/wp-json\/wp\/v2\/categories?post=3883"},{"taxonomy":"post_tag","embeddable":true,"href":"https:\/\/radiolitoral.com\/ca\/wp-json\/wp\/v2\/tags?post=3883"}],"curies":[{"name":"wp","href":"https:\/\/api.w.org\/{rel}","templated":true}]}}