{"id":3879,"date":"2023-06-08T17:28:02","date_gmt":"2023-06-08T15:28:02","guid":{"rendered":"https:\/\/radiolitoral.com\/?p=3879"},"modified":"2023-06-08T17:29:36","modified_gmt":"2023-06-08T15:29:36","slug":"compromis-denuncia-la-perdua-duna-subvencion-per-al-nucli-historic-de-teulada-i-el-pp-ho-justifica-assegurant-que-opta-a-una-de-mes-quantia","status":"publish","type":"post","link":"https:\/\/radiolitoral.com\/ca\/2023\/06\/compromis-denuncia-la-perdida-de-una-subvencion-para-el-casco-historico-de-teulada-y-el-pp-lo-justifica-asegurando-que-opta-a-una-de-mayor-cuantia\/","title":{"rendered":"Comprom\u00eds denuncia la p\u00e8rdua d&#039;una subvenci\u00f3 per al nucli hist\u00f2ric de Teulada i el PP ho justifica assegurant que opta a una de m\u00e9s quantia"},"content":{"rendered":"<p>Mentre a Teulada una subvenci\u00f3 per al casc hist\u00f2ric ha suscitat un enfrontament entre el PP al govern local i Comprom\u00eds a l&#039;oposici\u00f3, els valencianistes han em\u00e8s un comunicat en qu\u00e8 adverteixen que l&#039;executiu que lidera el popular Ra\u00fal Llobell ha renunciat a \ud835\udc2e\ud835\udc27\ud835\udc1a \ud835\udc2c \ud835\udc28\u0301\ud835\udc27 \ud835\udc1d\ud835\udc1e \ud835\udfcf\ud835\udfd3\ud835\udfce.\ud835\udfce\ud835\udfce\ud835\udfce \u20ac \ud835\udc29\ud835\udc1a\ud835\udc2b\ud835\udc1a \ud835\udc25\ud835\udc1a \u00ab\ud835\udc11\ud835\udc1e\ud835\udc2e\ud835\udc2b\ud835\udc1b\ud835\udc1a\ud835\udc27\ud835\udc22\ud835\udc10 \ud835\udc1d\ud835\udc1e \ud835\udc25\ud835\udc1a \ud835\udc13\ud835\udc1e\ud835\udc2e\ud835\udc25\ud835\udc1a\ud835\udc1d\ud835\udc1a \ud835\udc06\ud835\udc28\u0301\ud835\udc2d\ud835\udc22\ud835\udc1c\ud835\udc1a \ud835\udc00\ud835\udc26\ud835\udc2e\ud835\udc2b\ud835\udc1a\ud835\udc10 Remarcant que l&#039;alcalde ha signat aquesta setmana \ud835\udc25\ud835\udc1a \ud835\udc06\ud835\udc1e\ud835\udc27\ud835\udc1e\ud835\udc2b\ud835\udc1a\ud835\udc25\ud835\udc22\ud835\udc2d\ud835\udc1a\ud835\udc2d \ud835\udc15\ud835\udc1a\ud835\udc25\ud835\udc1e\ud835\udc27\ud835\udc1c\ud835\udc22\ud835\udc1a\ud835\udc27\ud835\udc1a\ud835\udc10 \ud835\udc1e \ud835\udc21\ud835\udc1a\ud835\udc1b\ud835\udc22\u0301\ud835\udc1a\ud835\udc27 \ud835\udc22\ud835\udc27\ud835\udc20\ud835\udc2b\ud835\udc1e\ud835\udc2c\ud835\udc1a\ud835\udc1d\ud835\udc28 \ud835\udc29\ud835\udc1a\ud835\udc2b\ud835\udc1a \ud835\udc25\ud835\udc25\ud835\udc10\ud835\udc10 \ud835\udc1a\ud835\udc27\ud835\udc2d\ud835\udc1e \ud835\udc1a\ud835\udc1c\ud835\udc2d\ud835\udc2e\ud835\udc1a\ud835\udc1c\ud835\udc22\ud835\udc28\ud835\udc27\ud835\udc1e\ud835\udc2c \ud835\udc1d\ud835\udc1e\ud835\udc2c\ud835\udc2d\ud835\udc22\ud835\udc27\ud835\udc1a\ud835\udc1d\ud835\udc1d\ud835\udc10 \ud835\udc1e\ud835\udc23\ud835\udc28\ud835\udc2b\ud835\udc1a \ud835\udc32 \ud835\udc1a\ud835\udc1c\ud835\udc28\ud835\udc27\ud835\udc1d\ud835\udc22\ud835\udc1c\ud835\udc22\ud835\udc28\ud835\udc27\ud835\udc1a\ud835\udc26\ud835\udc22\ud835\udc1e\ud835\udc27\ud835\udc2d\ud835\udc28\ud835\udc1d\ud835\udc10 \ud835\udc2b\ud835\udc28 \ud835\udc07\ud835\udc22\ud835\udc2c\ud835\udc2d\ud835\udc28\u0301\ud835\udc2b\ud835\udc22\ud835\udc1c\ud835\udc28 \ud835\udc1d\ud835\udc1e \ud835\udc13\ud835\udc1e\ud835\udc2e\ud835\udc25\ud835\udc1a\ud835\udc1d\ud835\udc1a.<\/p>\n<p>Des de la coalici\u00f3 valencianista lamenten que el centre hist\u00f2ric de la localitat s?est\u00e0 morint i que es perdin oportunitats en no aprofitar subvencions d?entitats supramunicipals.<\/p>\n<p>Els valencianistes remarquen que aquesta subvenci\u00f3 perduda se suma a d&#039;altres que ja havien denunciat al llarg dels darrers mesos.<\/p>\n<p>&nbsp;<\/p>\n<p><strong>La versi\u00f3 del PP<\/strong><\/p>\n<p>Tot i aix\u00f2, des de l&#039;executiu local teuladino, aclareixen que l&#039;Ajuntament ha decidit renunciar a aquesta subvenci\u00f3, destinada concretament, a l&#039;adequaci\u00f3 del Carrer Alacant per a l&#039;exercici 2022, perqu\u00e8 prefereixen acollir-se a una altra ajuda major, la integrada al Pla Conviure per a l&#039;any 2023, l&#039;import i el termini d&#039;execuci\u00f3 de les obres del qual \u00e9s superior, l&#039;Ajuntament de Teulada pot ser beneficiari de 500.000 \u20ac i amb 36 mesos per poder executar les obres.<\/p>\n<p>Aix\u00ed ho remarca Ver\u00f3nica Mart\u00ednez, portaveu del PP, alhora que assegura que s\u00f3n un equip de govern responsable i amb sentit com\u00fa i, per experi\u00e8ncia, saben que en 11 mesos \u00e9s impossible licitar una obra p\u00fablica i finalitzar-la, tenint en compte el canvi de exercici pel mig.<\/p>\n<audio class=\"wp-audio-shortcode\" id=\"audio-3879-1\" preload=\"none\" style=\"width: 100%;\" controls=\"controls\"><source type=\"audio\/mpeg\" src=\"https:\/\/media.radiolitoral.com\/wp-content\/uploads\/2023\/06\/08172516\/Vero-Teulada.mp3?_=1\" \/><a href=\"https:\/\/media.radiolitoral.com\/wp-content\/uploads\/2023\/06\/08172516\/Vero-Teulada.mp3\">https:\/\/media.radiolitoral.com\/wp-content\/uploads\/2023\/06\/08172516\/Vero-Teulada.mp3<\/a><\/audio>\n<p>&nbsp;<\/p>","protected":false},"excerpt":{"rendered":"<p>Mientras en Teulada una subvenci\u00f3n para el casco hist\u00f3rico ha suscitado un enfrentamiento entre el PP en el gobierno local y Comprom\u00eds en la oposici\u00f3n, los valencianistas han emitido un comunicado en el que advierten que el ejecutivo que lidera el popular Ra\u00fal Llobell ha renunciado a \ud835\udc2e\ud835\udc27\ud835\udc1a \ud835\udc2c\ud835\udc2e\ud835\udc1b\ud835\udc2f\ud835\udc1e\ud835\udc27\ud835\udc1c\ud835\udc22\ud835\udc28\u0301\ud835\udc27 \ud835\udc1d\ud835\udc1e \ud835\udfcf\ud835\udfd3\ud835\udfce.\ud835\udfce\ud835\udfce\ud835\udfce \u20ac \ud835\udc29\ud835\udc1a\ud835\udc2b\ud835\udc1a \ud835\udc25\ud835\udc1a \u00ab\ud835\udc11\ud835\udc1e\ud835\udc2e\ud835\udc2b\ud835\udc1b\ud835\udc1a\ud835\udc27\ud835\udc22\ud835\udc33\ud835\udc1a\ud835\udc1c\ud835\udc22\ud835\udc28\u0301\ud835\udc27 [&#8230;]<\/p>\n<p><a class=\"btn btn-secondary understrap-read-more-link\" href=\"https:\/\/radiolitoral.com\/ca\/2023\/06\/compromis-denuncia-la-perdida-de-una-subvencion-para-el-casco-historico-de-teulada-y-el-pp-lo-justifica-asegurando-que-opta-a-una-de-mayor-cuantia\/\">Continua llegint&#8230;<span class=\"screen-reader-text\"> from Comprom\u00eds denuncia la p\u00e9rdida de una subvenci\u00f3n para el casco hist\u00f3rico de Teulada y el PP lo justifica asegurando que opta a una de mayor cuant\u00eda<\/span><\/a><\/p>\n","protected":false},"author":13,"featured_media":3011,"comment_status":"open","ping_status":"closed","sticky":false,"template":"","format":"standard","meta":{"_acf_changed":false,"inline_featured_image":false,"footnotes":""},"categories":[13],"tags":[749,292],"class_list":["post-3879","post","type-post","status-publish","format-standard","has-post-thumbnail","hentry","category-politica","tag-centro-historico-teulada","tag-subvenciones","cobertura-teulada-moraira"],"acf":[],"yoast_head":"<!-- This site is optimized with the Yoast SEO plugin v27.5 - https:\/\/yoast.com\/product\/yoast-seo-wordpress\/ -->\n<title>Comprom\u00eds denuncia la p\u00e9rdida de una subvenci\u00f3n para el casco hist\u00f3rico de Teulada y el PP lo justifica asegurando que opta a una de mayor cuant\u00eda | R\u00e0dio Litoral<\/title>\n<meta name=\"description\" content=\"La coalici\u00f3n valencianista lamenta que el centro hist\u00f3rico se est\u00e1 muriendo\" \/>\n<meta name=\"robots\" content=\"index, follow, max-snippet:-1, max-image-preview:large, max-video-preview:-1\" \/>\n<link rel=\"canonical\" href=\"https:\/\/radiolitoral.com\/ca\/2023\/06\/compromis-denuncia-la-perdua-duna-subvencion-per-al-nucli-historic-de-teulada-i-el-pp-ho-justifica-assegurant-que-opta-a-una-de-mes-quantia\/\" \/>\n<meta property=\"og:locale\" content=\"ca_ES\" \/>\n<meta property=\"og:type\" content=\"article\" \/>\n<meta property=\"og:title\" content=\"Comprom\u00eds denuncia la p\u00e9rdida de una subvenci\u00f3n para el casco hist\u00f3rico de Teulada y el PP lo justifica asegurando que opta a una de mayor cuant\u00eda | R\u00e0dio Litoral\" \/>\n<meta property=\"og:description\" content=\"La coalici\u00f3n valencianista lamenta que el centro hist\u00f3rico se est\u00e1 muriendo\" \/>\n<meta property=\"og:url\" content=\"https:\/\/radiolitoral.com\/ca\/2023\/06\/compromis-denuncia-la-perdua-duna-subvencion-per-al-nucli-historic-de-teulada-i-el-pp-ho-justifica-assegurant-que-opta-a-una-de-mes-quantia\/\" \/>\n<meta property=\"og:site_name\" content=\"R\u00e0dio Litoral\" \/>\n<meta property=\"article:publisher\" content=\"https:\/\/www.facebook.com\/Laradiolitoral\/\" \/>\n<meta property=\"article:published_time\" content=\"2023-06-08T15:28:02+00:00\" \/>\n<meta property=\"article:modified_time\" content=\"2023-06-08T15:29:36+00:00\" \/>\n<meta property=\"og:image\" content=\"https:\/\/media.radiolitoral.com\/wp-content\/uploads\/2023\/05\/11223326\/Cascourbano.jpg\" \/>\n\t<meta property=\"og:image:width\" content=\"1920\" \/>\n\t<meta property=\"og:image:height\" content=\"1280\" \/>\n\t<meta property=\"og:image:type\" content=\"image\/jpeg\" \/>\n<meta name=\"author\" content=\"Redacci\u00f3n\" \/>\n<meta name=\"twitter:card\" content=\"summary_large_image\" \/>\n<meta name=\"twitter:label1\" content=\"Escrit per\" \/>\n\t<meta name=\"twitter:data1\" content=\"Redacci\u00f3n\" \/>\n\t<meta name=\"twitter:label2\" content=\"Temps estimat de lectura\" \/>\n\t<meta name=\"twitter:data2\" content=\"2 minuts\" \/>\n<script type=\"application\/ld+json\" class=\"yoast-schema-graph\">{\"@context\":\"https:\\\/\\\/schema.org\",\"@graph\":[{\"@type\":\"NewsArticle\",\"@id\":\"https:\\\/\\\/radiolitoral.com\\\/2023\\\/06\\\/compromis-denuncia-la-perdida-de-una-subvencion-para-el-casco-historico-de-teulada-y-el-pp-lo-justifica-asegurando-que-opta-a-una-de-mayor-cuantia\\\/#article\",\"isPartOf\":{\"@id\":\"https:\\\/\\\/radiolitoral.com\\\/2023\\\/06\\\/compromis-denuncia-la-perdida-de-una-subvencion-para-el-casco-historico-de-teulada-y-el-pp-lo-justifica-asegurando-que-opta-a-una-de-mayor-cuantia\\\/\"},\"author\":{\"name\":\"Redacci\u00f3n\",\"@id\":\"https:\\\/\\\/radiolitoral.com\\\/#\\\/schema\\\/person\\\/f2b2343c49b5d721857cc1002bfdb151\"},\"headline\":\"Comprom\u00eds denuncia la p\u00e9rdida de una subvenci\u00f3n para el casco hist\u00f3rico de Teulada y el PP lo justifica asegurando que opta a una de mayor cuant\u00eda\",\"datePublished\":\"2023-06-08T15:28:02+00:00\",\"dateModified\":\"2023-06-08T15:29:36+00:00\",\"mainEntityOfPage\":{\"@id\":\"https:\\\/\\\/radiolitoral.com\\\/2023\\\/06\\\/compromis-denuncia-la-perdida-de-una-subvencion-para-el-casco-historico-de-teulada-y-el-pp-lo-justifica-asegurando-que-opta-a-una-de-mayor-cuantia\\\/\"},\"wordCount\":289,\"commentCount\":0,\"publisher\":{\"@id\":\"https:\\\/\\\/radiolitoral.com\\\/#organization\"},\"image\":{\"@id\":\"https:\\\/\\\/radiolitoral.com\\\/2023\\\/06\\\/compromis-denuncia-la-perdida-de-una-subvencion-para-el-casco-historico-de-teulada-y-el-pp-lo-justifica-asegurando-que-opta-a-una-de-mayor-cuantia\\\/#primaryimage\"},\"thumbnailUrl\":\"https:\\\/\\\/media.radiolitoral.com\\\/wp-content\\\/uploads\\\/2023\\\/05\\\/11223326\\\/Cascourbano.jpg\",\"keywords\":[\"centro hist\u00f3rico Teulada\",\"subvenciones\"],\"articleSection\":[\"Pol\u00edtica\"],\"inLanguage\":\"ca\",\"potentialAction\":[{\"@type\":\"CommentAction\",\"name\":\"Comment\",\"target\":[\"https:\\\/\\\/radiolitoral.com\\\/2023\\\/06\\\/compromis-denuncia-la-perdida-de-una-subvencion-para-el-casco-historico-de-teulada-y-el-pp-lo-justifica-asegurando-que-opta-a-una-de-mayor-cuantia\\\/#respond\"]}]},{\"@type\":[\"WebPage\",\"ItemPage\"],\"@id\":\"https:\\\/\\\/radiolitoral.com\\\/2023\\\/06\\\/compromis-denuncia-la-perdida-de-una-subvencion-para-el-casco-historico-de-teulada-y-el-pp-lo-justifica-asegurando-que-opta-a-una-de-mayor-cuantia\\\/\",\"url\":\"https:\\\/\\\/radiolitoral.com\\\/2023\\\/06\\\/compromis-denuncia-la-perdida-de-una-subvencion-para-el-casco-historico-de-teulada-y-el-pp-lo-justifica-asegurando-que-opta-a-una-de-mayor-cuantia\\\/\",\"name\":\"Comprom\u00eds denuncia la p\u00e9rdida de una subvenci\u00f3n para el casco hist\u00f3rico de Teulada y el PP lo justifica asegurando que opta a una de mayor cuant\u00eda | R\u00e0dio Litoral\",\"isPartOf\":{\"@id\":\"https:\\\/\\\/radiolitoral.com\\\/#website\"},\"primaryImageOfPage\":{\"@id\":\"https:\\\/\\\/radiolitoral.com\\\/2023\\\/06\\\/compromis-denuncia-la-perdida-de-una-subvencion-para-el-casco-historico-de-teulada-y-el-pp-lo-justifica-asegurando-que-opta-a-una-de-mayor-cuantia\\\/#primaryimage\"},\"image\":{\"@id\":\"https:\\\/\\\/radiolitoral.com\\\/2023\\\/06\\\/compromis-denuncia-la-perdida-de-una-subvencion-para-el-casco-historico-de-teulada-y-el-pp-lo-justifica-asegurando-que-opta-a-una-de-mayor-cuantia\\\/#primaryimage\"},\"thumbnailUrl\":\"https:\\\/\\\/media.radiolitoral.com\\\/wp-content\\\/uploads\\\/2023\\\/05\\\/11223326\\\/Cascourbano.jpg\",\"datePublished\":\"2023-06-08T15:28:02+00:00\",\"dateModified\":\"2023-06-08T15:29:36+00:00\",\"description\":\"La coalici\u00f3n valencianista lamenta que el centro hist\u00f3rico se est\u00e1 muriendo\",\"breadcrumb\":{\"@id\":\"https:\\\/\\\/radiolitoral.com\\\/2023\\\/06\\\/compromis-denuncia-la-perdida-de-una-subvencion-para-el-casco-historico-de-teulada-y-el-pp-lo-justifica-asegurando-que-opta-a-una-de-mayor-cuantia\\\/#breadcrumb\"},\"inLanguage\":\"ca\",\"potentialAction\":[{\"@type\":\"ReadAction\",\"target\":[\"https:\\\/\\\/radiolitoral.com\\\/2023\\\/06\\\/compromis-denuncia-la-perdida-de-una-subvencion-para-el-casco-historico-de-teulada-y-el-pp-lo-justifica-asegurando-que-opta-a-una-de-mayor-cuantia\\\/\"]}]},{\"@type\":\"ImageObject\",\"inLanguage\":\"ca\",\"@id\":\"https:\\\/\\\/radiolitoral.com\\\/2023\\\/06\\\/compromis-denuncia-la-perdida-de-una-subvencion-para-el-casco-historico-de-teulada-y-el-pp-lo-justifica-asegurando-que-opta-a-una-de-mayor-cuantia\\\/#primaryimage\",\"url\":\"https:\\\/\\\/media.radiolitoral.com\\\/wp-content\\\/uploads\\\/2023\\\/05\\\/11223326\\\/Cascourbano.jpg\",\"contentUrl\":\"https:\\\/\\\/media.radiolitoral.com\\\/wp-content\\\/uploads\\\/2023\\\/05\\\/11223326\\\/Cascourbano.jpg\",\"width\":1920,\"height\":1280,\"caption\":\"Teulada (Alicante),\"},{\"@type\":\"BreadcrumbList\",\"@id\":\"https:\\\/\\\/radiolitoral.com\\\/2023\\\/06\\\/compromis-denuncia-la-perdida-de-una-subvencion-para-el-casco-historico-de-teulada-y-el-pp-lo-justifica-asegurando-que-opta-a-una-de-mayor-cuantia\\\/#breadcrumb\",\"itemListElement\":[{\"@type\":\"ListItem\",\"position\":1,\"name\":\"Portada\",\"item\":\"https:\\\/\\\/radiolitoral.com\\\/\"},{\"@type\":\"ListItem\",\"position\":2,\"name\":\"Comprom\u00eds denuncia la p\u00e9rdida de una subvenci\u00f3n para el casco hist\u00f3rico de Teulada y el PP lo justifica asegurando que opta a una de mayor cuant\u00eda\"}]},{\"@type\":\"WebSite\",\"@id\":\"https:\\\/\\\/radiolitoral.com\\\/#website\",\"url\":\"https:\\\/\\\/radiolitoral.com\\\/\",\"name\":\"Radio Litoral\",\"description\":\"La radio local de la Marina Alta\",\"publisher\":{\"@id\":\"https:\\\/\\\/radiolitoral.com\\\/#organization\"},\"alternateName\":\"Litoral FM\",\"potentialAction\":[{\"@type\":\"SearchAction\",\"target\":{\"@type\":\"EntryPoint\",\"urlTemplate\":\"https:\\\/\\\/radiolitoral.com\\\/?s={search_term_string}\"},\"query-input\":{\"@type\":\"PropertyValueSpecification\",\"valueRequired\":true,\"valueName\":\"search_term_string\"}}],\"inLanguage\":\"ca\"},{\"@type\":\"Organization\",\"@id\":\"https:\\\/\\\/radiolitoral.com\\\/#organization\",\"name\":\"Radio Litoral\",\"url\":\"https:\\\/\\\/radiolitoral.com\\\/\",\"logo\":{\"@type\":\"ImageObject\",\"inLanguage\":\"ca\",\"@id\":\"https:\\\/\\\/radiolitoral.com\\\/#\\\/schema\\\/logo\\\/image\\\/\",\"url\":\"https:\\\/\\\/media.radiolitoral.com\\\/wp-content\\\/uploads\\\/2023\\\/02\\\/24143238\\\/CL-V-RadioLitoral696.png\",\"contentUrl\":\"https:\\\/\\\/media.radiolitoral.com\\\/wp-content\\\/uploads\\\/2023\\\/02\\\/24143238\\\/CL-V-RadioLitoral696.png\",\"width\":696,\"height\":696,\"caption\":\"Radio Litoral\"},\"image\":{\"@id\":\"https:\\\/\\\/radiolitoral.com\\\/#\\\/schema\\\/logo\\\/image\\\/\"},\"sameAs\":[\"https:\\\/\\\/www.facebook.com\\\/Laradiolitoral\\\/\"]},{\"@type\":\"Person\",\"@id\":\"https:\\\/\\\/radiolitoral.com\\\/#\\\/schema\\\/person\\\/f2b2343c49b5d721857cc1002bfdb151\",\"name\":\"Redacci\u00f3n\",\"image\":{\"@type\":\"ImageObject\",\"inLanguage\":\"ca\",\"@id\":\"https:\\\/\\\/secure.gravatar.com\\\/avatar\\\/f771d896c203ad8b3382d7905cfcce5a5c9b008b84b3cd9114e9b9f4cb63f789?s=96&d=mm&r=g\",\"url\":\"https:\\\/\\\/secure.gravatar.com\\\/avatar\\\/f771d896c203ad8b3382d7905cfcce5a5c9b008b84b3cd9114e9b9f4cb63f789?s=96&d=mm&r=g\",\"contentUrl\":\"https:\\\/\\\/secure.gravatar.com\\\/avatar\\\/f771d896c203ad8b3382d7905cfcce5a5c9b008b84b3cd9114e9b9f4cb63f789?s=96&d=mm&r=g\",\"caption\":\"Redacci\u00f3n\"},\"url\":\"https:\\\/\\\/radiolitoral.com\\\/ca\\\/author\\\/miriam-pagan\\\/\"}]}<\/script>\n<!-- \/ Yoast SEO plugin. -->","yoast_head_json":{"title":"Comprom\u00eds denuncia la p\u00e8rdua d&#039;una subvenci\u00f3 per al nucli hist\u00f2ric de Teulada i el PP ho justifica assegurant que opta a una de m\u00e9s quantia | R\u00e0dio Litoral","description":"La coalici\u00f3 valencianista lamenta que el centre hist\u00f2ric s&#039;est\u00e0 morint","robots":{"index":"index","follow":"follow","max-snippet":"max-snippet:-1","max-image-preview":"max-image-preview:large","max-video-preview":"max-video-preview:-1"},"canonical":"https:\/\/radiolitoral.com\/ca\/2023\/06\/compromis-denuncia-la-perdua-duna-subvencion-per-al-nucli-historic-de-teulada-i-el-pp-ho-justifica-assegurant-que-opta-a-una-de-mes-quantia\/","og_locale":"ca_ES","og_type":"article","og_title":"Comprom\u00eds denuncia la p\u00e9rdida de una subvenci\u00f3n para el casco hist\u00f3rico de Teulada y el PP lo justifica asegurando que opta a una de mayor cuant\u00eda | R\u00e0dio Litoral","og_description":"La coalici\u00f3n valencianista lamenta que el centro hist\u00f3rico se est\u00e1 muriendo","og_url":"https:\/\/radiolitoral.com\/ca\/2023\/06\/compromis-denuncia-la-perdua-duna-subvencion-per-al-nucli-historic-de-teulada-i-el-pp-ho-justifica-assegurant-que-opta-a-una-de-mes-quantia\/","og_site_name":"R\u00e0dio Litoral","article_publisher":"https:\/\/www.facebook.com\/Laradiolitoral\/","article_published_time":"2023-06-08T15:28:02+00:00","article_modified_time":"2023-06-08T15:29:36+00:00","og_image":[{"width":1920,"height":1280,"url":"https:\/\/media.radiolitoral.com\/wp-content\/uploads\/2023\/05\/11223326\/Cascourbano.jpg","type":"image\/jpeg"}],"author":"Redacci\u00f3n","twitter_card":"summary_large_image","twitter_misc":{"Escrit per":"Redacci\u00f3n","Temps estimat de lectura":"2 minuts"},"schema":{"@context":"https:\/\/schema.org","@graph":[{"@type":"NewsArticle","@id":"https:\/\/radiolitoral.com\/2023\/06\/compromis-denuncia-la-perdida-de-una-subvencion-para-el-casco-historico-de-teulada-y-el-pp-lo-justifica-asegurando-que-opta-a-una-de-mayor-cuantia\/#article","isPartOf":{"@id":"https:\/\/radiolitoral.com\/2023\/06\/compromis-denuncia-la-perdida-de-una-subvencion-para-el-casco-historico-de-teulada-y-el-pp-lo-justifica-asegurando-que-opta-a-una-de-mayor-cuantia\/"},"author":{"name":"Redacci\u00f3n","@id":"https:\/\/radiolitoral.com\/#\/schema\/person\/f2b2343c49b5d721857cc1002bfdb151"},"headline":"Comprom\u00eds denuncia la p\u00e9rdida de una subvenci\u00f3n para el casco hist\u00f3rico de Teulada y el PP lo justifica asegurando que opta a una de mayor cuant\u00eda","datePublished":"2023-06-08T15:28:02+00:00","dateModified":"2023-06-08T15:29:36+00:00","mainEntityOfPage":{"@id":"https:\/\/radiolitoral.com\/2023\/06\/compromis-denuncia-la-perdida-de-una-subvencion-para-el-casco-historico-de-teulada-y-el-pp-lo-justifica-asegurando-que-opta-a-una-de-mayor-cuantia\/"},"wordCount":289,"commentCount":0,"publisher":{"@id":"https:\/\/radiolitoral.com\/#organization"},"image":{"@id":"https:\/\/radiolitoral.com\/2023\/06\/compromis-denuncia-la-perdida-de-una-subvencion-para-el-casco-historico-de-teulada-y-el-pp-lo-justifica-asegurando-que-opta-a-una-de-mayor-cuantia\/#primaryimage"},"thumbnailUrl":"https:\/\/media.radiolitoral.com\/wp-content\/uploads\/2023\/05\/11223326\/Cascourbano.jpg","keywords":["centro hist\u00f3rico Teulada","subvenciones"],"articleSection":["Pol\u00edtica"],"inLanguage":"ca","potentialAction":[{"@type":"CommentAction","name":"Comment","target":["https:\/\/radiolitoral.com\/2023\/06\/compromis-denuncia-la-perdida-de-una-subvencion-para-el-casco-historico-de-teulada-y-el-pp-lo-justifica-asegurando-que-opta-a-una-de-mayor-cuantia\/#respond"]}]},{"@type":["WebPage","ItemPage"],"@id":"https:\/\/radiolitoral.com\/2023\/06\/compromis-denuncia-la-perdida-de-una-subvencion-para-el-casco-historico-de-teulada-y-el-pp-lo-justifica-asegurando-que-opta-a-una-de-mayor-cuantia\/","url":"https:\/\/radiolitoral.com\/2023\/06\/compromis-denuncia-la-perdida-de-una-subvencion-para-el-casco-historico-de-teulada-y-el-pp-lo-justifica-asegurando-que-opta-a-una-de-mayor-cuantia\/","name":"Comprom\u00eds denuncia la p\u00e8rdua d&#039;una subvenci\u00f3 per al nucli hist\u00f2ric de Teulada i el PP ho justifica assegurant que opta a una de m\u00e9s quantia | R\u00e0dio Litoral","isPartOf":{"@id":"https:\/\/radiolitoral.com\/#website"},"primaryImageOfPage":{"@id":"https:\/\/radiolitoral.com\/2023\/06\/compromis-denuncia-la-perdida-de-una-subvencion-para-el-casco-historico-de-teulada-y-el-pp-lo-justifica-asegurando-que-opta-a-una-de-mayor-cuantia\/#primaryimage"},"image":{"@id":"https:\/\/radiolitoral.com\/2023\/06\/compromis-denuncia-la-perdida-de-una-subvencion-para-el-casco-historico-de-teulada-y-el-pp-lo-justifica-asegurando-que-opta-a-una-de-mayor-cuantia\/#primaryimage"},"thumbnailUrl":"https:\/\/media.radiolitoral.com\/wp-content\/uploads\/2023\/05\/11223326\/Cascourbano.jpg","datePublished":"2023-06-08T15:28:02+00:00","dateModified":"2023-06-08T15:29:36+00:00","description":"La coalici\u00f3 valencianista lamenta que el centre hist\u00f2ric s&#039;est\u00e0 morint","breadcrumb":{"@id":"https:\/\/radiolitoral.com\/2023\/06\/compromis-denuncia-la-perdida-de-una-subvencion-para-el-casco-historico-de-teulada-y-el-pp-lo-justifica-asegurando-que-opta-a-una-de-mayor-cuantia\/#breadcrumb"},"inLanguage":"ca","potentialAction":[{"@type":"ReadAction","target":["https:\/\/radiolitoral.com\/2023\/06\/compromis-denuncia-la-perdida-de-una-subvencion-para-el-casco-historico-de-teulada-y-el-pp-lo-justifica-asegurando-que-opta-a-una-de-mayor-cuantia\/"]}]},{"@type":"ImageObject","inLanguage":"ca","@id":"https:\/\/radiolitoral.com\/2023\/06\/compromis-denuncia-la-perdida-de-una-subvencion-para-el-casco-historico-de-teulada-y-el-pp-lo-justifica-asegurando-que-opta-a-una-de-mayor-cuantia\/#primaryimage","url":"https:\/\/media.radiolitoral.com\/wp-content\/uploads\/2023\/05\/11223326\/Cascourbano.jpg","contentUrl":"https:\/\/media.radiolitoral.com\/wp-content\/uploads\/2023\/05\/11223326\/Cascourbano.jpg","width":1920,"height":1280,"caption":"Teulada (Alicante),"},{"@type":"BreadcrumbList","@id":"https:\/\/radiolitoral.com\/2023\/06\/compromis-denuncia-la-perdida-de-una-subvencion-para-el-casco-historico-de-teulada-y-el-pp-lo-justifica-asegurando-que-opta-a-una-de-mayor-cuantia\/#breadcrumb","itemListElement":[{"@type":"ListItem","position":1,"name":"Portada","item":"https:\/\/radiolitoral.com\/"},{"@type":"ListItem","position":2,"name":"Comprom\u00eds denuncia la p\u00e9rdida de una subvenci\u00f3n para el casco hist\u00f3rico de Teulada y el PP lo justifica asegurando que opta a una de mayor cuant\u00eda"}]},{"@type":"WebSite","@id":"https:\/\/radiolitoral.com\/#website","url":"https:\/\/radiolitoral.com\/","name":"R\u00e0dio Litoral","description":"La r\u00e0dio local de la Marina Alta","publisher":{"@id":"https:\/\/radiolitoral.com\/#organization"},"alternateName":"Litoral FM","potentialAction":[{"@type":"SearchAction","target":{"@type":"EntryPoint","urlTemplate":"https:\/\/radiolitoral.com\/?s={search_term_string}"},"query-input":{"@type":"PropertyValueSpecification","valueRequired":true,"valueName":"search_term_string"}}],"inLanguage":"ca"},{"@type":"Organization","@id":"https:\/\/radiolitoral.com\/#organization","name":"R\u00e0dio Litoral","url":"https:\/\/radiolitoral.com\/","logo":{"@type":"ImageObject","inLanguage":"ca","@id":"https:\/\/radiolitoral.com\/#\/schema\/logo\/image\/","url":"https:\/\/media.radiolitoral.com\/wp-content\/uploads\/2023\/02\/24143238\/CL-V-RadioLitoral696.png","contentUrl":"https:\/\/media.radiolitoral.com\/wp-content\/uploads\/2023\/02\/24143238\/CL-V-RadioLitoral696.png","width":696,"height":696,"caption":"Radio Litoral"},"image":{"@id":"https:\/\/radiolitoral.com\/#\/schema\/logo\/image\/"},"sameAs":["https:\/\/www.facebook.com\/Laradiolitoral\/"]},{"@type":"Person","@id":"https:\/\/radiolitoral.com\/#\/schema\/person\/f2b2343c49b5d721857cc1002bfdb151","name":"Redacci\u00f3","image":{"@type":"ImageObject","inLanguage":"ca","@id":"https:\/\/secure.gravatar.com\/avatar\/f771d896c203ad8b3382d7905cfcce5a5c9b008b84b3cd9114e9b9f4cb63f789?s=96&d=mm&r=g","url":"https:\/\/secure.gravatar.com\/avatar\/f771d896c203ad8b3382d7905cfcce5a5c9b008b84b3cd9114e9b9f4cb63f789?s=96&d=mm&r=g","contentUrl":"https:\/\/secure.gravatar.com\/avatar\/f771d896c203ad8b3382d7905cfcce5a5c9b008b84b3cd9114e9b9f4cb63f789?s=96&d=mm&r=g","caption":"Redacci\u00f3n"},"url":"https:\/\/radiolitoral.com\/ca\/author\/miriam-pagan\/"}]}},"_links":{"self":[{"href":"https:\/\/radiolitoral.com\/ca\/wp-json\/wp\/v2\/posts\/3879","targetHints":{"allow":["GET"]}}],"collection":[{"href":"https:\/\/radiolitoral.com\/ca\/wp-json\/wp\/v2\/posts"}],"about":[{"href":"https:\/\/radiolitoral.com\/ca\/wp-json\/wp\/v2\/types\/post"}],"author":[{"embeddable":true,"href":"https:\/\/radiolitoral.com\/ca\/wp-json\/wp\/v2\/users\/13"}],"replies":[{"embeddable":true,"href":"https:\/\/radiolitoral.com\/ca\/wp-json\/wp\/v2\/comments?post=3879"}],"version-history":[{"count":1,"href":"https:\/\/radiolitoral.com\/ca\/wp-json\/wp\/v2\/posts\/3879\/revisions"}],"predecessor-version":[{"id":3881,"href":"https:\/\/radiolitoral.com\/ca\/wp-json\/wp\/v2\/posts\/3879\/revisions\/3881"}],"wp:featuredmedia":[{"embeddable":true,"href":"https:\/\/radiolitoral.com\/ca\/wp-json\/wp\/v2\/media\/3011"}],"wp:attachment":[{"href":"https:\/\/radiolitoral.com\/ca\/wp-json\/wp\/v2\/media?parent=3879"}],"wp:term":[{"taxonomy":"category","embeddable":true,"href":"https:\/\/radiolitoral.com\/ca\/wp-json\/wp\/v2\/categories?post=3879"},{"taxonomy":"post_tag","embeddable":true,"href":"https:\/\/radiolitoral.com\/ca\/wp-json\/wp\/v2\/tags?post=3879"}],"curies":[{"name":"wp","href":"https:\/\/api.w.org\/{rel}","templated":true}]}}