{"id":3874,"date":"2023-06-08T17:19:10","date_gmt":"2023-06-08T15:19:10","guid":{"rendered":"https:\/\/radiolitoral.com\/?p=3874"},"modified":"2023-06-08T17:19:22","modified_gmt":"2023-06-08T15:19:22","slug":"reiniciem-inicia-un-proces-de-reflexio-per-seguir-sumant-suports-a-benissa","status":"publish","type":"post","link":"https:\/\/radiolitoral.com\/ca\/2023\/06\/reiniciem-inicia-un-proceso-de-reflexion-para-seguir-sumando-apoyos-en-benissa\/","title":{"rendered":"Reiniciem inicia un proc\u00e9s de reflexi\u00f3 per seguir sumant suports a Benissa"},"content":{"rendered":"<p>En cr\u00f2nica pol\u00edtica, Reiniciem a <span style=\"background-color: var(--bs-body-bg); color: var(--bs-body-color); font-family: var(--bs-body-font-family); font-size: var(--bs-body-font-size); font-weight: var(--bs-body-font-weight); text-align: var(--bs-body-text-align);\">Benissa<\/span><span style=\"background-color: var(--bs-body-bg); color: var(--bs-body-color); font-family: var(--bs-body-font-family); font-size: var(--bs-body-font-size); font-weight: var(--bs-body-font-weight); text-align: var(--bs-body-text-align);\"> mostra la intenci\u00f3 de continuar sumant per ampliar el seu projecte pol\u00edtic i anuncia la intenci\u00f3 d&#039;estar mobilitzats defensant la Llobella.<\/span><\/p>\n<p>A trav\u00e9s d&#039;un comunicat l&#039;agrupaci\u00f3 d&#039;electors, convertida en la segona for\u00e7a m\u00e9s votada despr\u00e9s de les eleccions del 28M, i no haver pogut aconseguir els suports suficients per formar govern, anuncia que iniciar\u00e0 un proc\u00e9s de reflexi\u00f3 per seguir sumant suports de la societat benissera. Un proc\u00e9s que calculen conclour\u00e0 en el seu 10\u00e8 aniversari, que es compleix el 2024.<\/p>\n<p>Es mantenen en el seu objectiu de convertir Benissa en pionera i que aprofiti el seu gran potencial. Una ciutat que aposti per la innovaci\u00f3, que retingui el talent de la seva joventut, i que diversifiqui el model productiu.<\/p>\n<p>Amb tot, des de Reiniciem Benissa afirmen que el Partit Popular els tindr\u00e0 al davant si decideix continuar desaprofitant els diners dels benissers o insisteix a urbanitzar l&#039;\u00faltim trosset verge de la costa.<\/p>\n<p>Consideren que el seu projecte pol\u00edtic nascut fa 9 anys a Benissa es consolida i \u00e9s un referent a la comarca de la Marina Alta. La reflexi\u00f3 interna de la plataforma ciutadana ser\u00e0 una prioritat amb l&#039;objectiu d&#039;eixamplar la base i que sigui m\u00e9s transversal i representativa del conjunt de ve\u00efnes i ve\u00efns del poble, per construir una alternativa pol\u00edtica potent a les properes eleccions municipals per guanyar Ajuntament.<\/p>\n<p>Juan Carlos Mut \u00e9s el n\u00famero 1 de la formaci\u00f3 independent.<\/p>\n<audio class=\"wp-audio-shortcode\" id=\"audio-3874-1\" preload=\"none\" style=\"width: 100%;\" controls=\"controls\"><source type=\"audio\/mpeg\" src=\"https:\/\/media.radiolitoral.com\/wp-content\/uploads\/2023\/06\/08171438\/Juan-Carlos-Mut-1.mp3?_=1\" \/><a href=\"https:\/\/media.radiolitoral.com\/wp-content\/uploads\/2023\/06\/08171438\/Juan-Carlos-Mut-1.mp3\">https:\/\/media.radiolitoral.com\/wp-content\/uploads\/2023\/06\/08171438\/Juan-Carlos-Mut-1.mp3<\/a><\/audio>","protected":false},"excerpt":{"rendered":"<p>En cr\u00f3nica pol\u00edtica, Reiniciem en Benissa muestra su intenci\u00f3n de seguir sumando para ampliar su proyecto pol\u00edtico y anuncia su intenci\u00f3n de estar movilizados defendiendo la Llobella. A trav\u00e9s de un comunicado la agrupaci\u00f3n de electores, convertida en la segunda fuerza m\u00e1s votada tras las elecciones del 28M, y no haber podido conseguir los suficientes [&#8230;]<\/p>\n<p><a class=\"btn btn-secondary understrap-read-more-link\" href=\"https:\/\/radiolitoral.com\/ca\/2023\/06\/reiniciem-inicia-un-proceso-de-reflexion-para-seguir-sumando-apoyos-en-benissa\/\">Continua llegint&#8230;<span class=\"screen-reader-text\"> from Reiniciem inicia un proceso de reflexi\u00f3n para seguir sumando apoyos en Benissa<\/span><\/a><\/p>\n","protected":false},"author":21,"featured_media":2317,"comment_status":"open","ping_status":"closed","sticky":false,"template":"","format":"standard","meta":{"_acf_changed":false,"inline_featured_image":false,"footnotes":""},"categories":[13],"tags":[44],"class_list":["post-3874","post","type-post","status-publish","format-standard","has-post-thumbnail","hentry","category-politica","tag-reiniciem-benissa","cobertura-benissa"],"acf":[],"yoast_head":"<!-- This site is optimized with the Yoast SEO plugin v27.5 - https:\/\/yoast.com\/product\/yoast-seo-wordpress\/ -->\n<title>Reiniciem inicia un proceso de reflexi\u00f3n para seguir sumando apoyos en Benissa | R\u00e0dio Litoral<\/title>\n<meta name=\"description\" content=\"Pretenden construir una alternativa pol\u00edtica potente en las pr\u00f3ximas elecciones Pretenden construir una alternativa pol\u00edtica potente en las pr\u00f3ximas elecciones\" \/>\n<meta name=\"robots\" content=\"index, follow, max-snippet:-1, max-image-preview:large, max-video-preview:-1\" \/>\n<link rel=\"canonical\" href=\"https:\/\/radiolitoral.com\/ca\/2023\/06\/reiniciem-inicia-un-proces-de-reflexio-per-seguir-sumant-suports-a-benissa\/\" \/>\n<meta property=\"og:locale\" content=\"ca_ES\" \/>\n<meta property=\"og:type\" content=\"article\" \/>\n<meta property=\"og:title\" content=\"Reiniciem inicia un proceso de reflexi\u00f3n para seguir sumando apoyos en Benissa | R\u00e0dio Litoral\" \/>\n<meta property=\"og:description\" content=\"Pretenden construir una alternativa pol\u00edtica potente en las pr\u00f3ximas elecciones Pretenden construir una alternativa pol\u00edtica potente en las pr\u00f3ximas elecciones\" \/>\n<meta property=\"og:url\" content=\"https:\/\/radiolitoral.com\/ca\/2023\/06\/reiniciem-inicia-un-proces-de-reflexio-per-seguir-sumant-suports-a-benissa\/\" \/>\n<meta property=\"og:site_name\" content=\"R\u00e0dio Litoral\" \/>\n<meta property=\"article:publisher\" content=\"https:\/\/www.facebook.com\/Laradiolitoral\/\" \/>\n<meta property=\"article:published_time\" content=\"2023-06-08T15:19:10+00:00\" \/>\n<meta property=\"article:modified_time\" content=\"2023-06-08T15:19:22+00:00\" \/>\n<meta property=\"og:image\" content=\"https:\/\/media.radiolitoral.com\/wp-content\/uploads\/2023\/04\/18195025\/reiniciem-1.jpg\" \/>\n\t<meta property=\"og:image:width\" content=\"1200\" \/>\n\t<meta property=\"og:image:height\" content=\"675\" \/>\n\t<meta property=\"og:image:type\" content=\"image\/jpeg\" \/>\n<meta name=\"author\" content=\"Mel Pescuezo\" \/>\n<meta name=\"twitter:card\" content=\"summary_large_image\" \/>\n<meta name=\"twitter:label1\" content=\"Escrit per\" \/>\n\t<meta name=\"twitter:data1\" content=\"Mel Pescuezo\" \/>\n\t<meta name=\"twitter:label2\" content=\"Temps estimat de lectura\" \/>\n\t<meta name=\"twitter:data2\" content=\"2 minuts\" \/>\n<script type=\"application\/ld+json\" class=\"yoast-schema-graph\">{\"@context\":\"https:\\\/\\\/schema.org\",\"@graph\":[{\"@type\":\"NewsArticle\",\"@id\":\"https:\\\/\\\/radiolitoral.com\\\/2023\\\/06\\\/reiniciem-inicia-un-proceso-de-reflexion-para-seguir-sumando-apoyos-en-benissa\\\/#article\",\"isPartOf\":{\"@id\":\"https:\\\/\\\/radiolitoral.com\\\/2023\\\/06\\\/reiniciem-inicia-un-proceso-de-reflexion-para-seguir-sumando-apoyos-en-benissa\\\/\"},\"author\":{\"name\":\"Mel Pescuezo\",\"@id\":\"https:\\\/\\\/radiolitoral.com\\\/#\\\/schema\\\/person\\\/aad4f72efa404f85b68e832d24cac059\"},\"headline\":\"Reiniciem inicia un proceso de reflexi\u00f3n para seguir sumando apoyos en Benissa\",\"datePublished\":\"2023-06-08T15:19:10+00:00\",\"dateModified\":\"2023-06-08T15:19:22+00:00\",\"mainEntityOfPage\":{\"@id\":\"https:\\\/\\\/radiolitoral.com\\\/2023\\\/06\\\/reiniciem-inicia-un-proceso-de-reflexion-para-seguir-sumando-apoyos-en-benissa\\\/\"},\"wordCount\":278,\"commentCount\":0,\"publisher\":{\"@id\":\"https:\\\/\\\/radiolitoral.com\\\/#organization\"},\"image\":{\"@id\":\"https:\\\/\\\/radiolitoral.com\\\/2023\\\/06\\\/reiniciem-inicia-un-proceso-de-reflexion-para-seguir-sumando-apoyos-en-benissa\\\/#primaryimage\"},\"thumbnailUrl\":\"https:\\\/\\\/media.radiolitoral.com\\\/wp-content\\\/uploads\\\/2023\\\/04\\\/18195025\\\/reiniciem-1.jpg\",\"keywords\":[\"Reiniciem Benissa\"],\"articleSection\":[\"Pol\u00edtica\"],\"inLanguage\":\"ca\",\"potentialAction\":[{\"@type\":\"CommentAction\",\"name\":\"Comment\",\"target\":[\"https:\\\/\\\/radiolitoral.com\\\/2023\\\/06\\\/reiniciem-inicia-un-proceso-de-reflexion-para-seguir-sumando-apoyos-en-benissa\\\/#respond\"]}]},{\"@type\":[\"WebPage\",\"ItemPage\"],\"@id\":\"https:\\\/\\\/radiolitoral.com\\\/2023\\\/06\\\/reiniciem-inicia-un-proceso-de-reflexion-para-seguir-sumando-apoyos-en-benissa\\\/\",\"url\":\"https:\\\/\\\/radiolitoral.com\\\/2023\\\/06\\\/reiniciem-inicia-un-proceso-de-reflexion-para-seguir-sumando-apoyos-en-benissa\\\/\",\"name\":\"Reiniciem inicia un proceso de reflexi\u00f3n para seguir sumando apoyos en Benissa | R\u00e0dio Litoral\",\"isPartOf\":{\"@id\":\"https:\\\/\\\/radiolitoral.com\\\/#website\"},\"primaryImageOfPage\":{\"@id\":\"https:\\\/\\\/radiolitoral.com\\\/2023\\\/06\\\/reiniciem-inicia-un-proceso-de-reflexion-para-seguir-sumando-apoyos-en-benissa\\\/#primaryimage\"},\"image\":{\"@id\":\"https:\\\/\\\/radiolitoral.com\\\/2023\\\/06\\\/reiniciem-inicia-un-proceso-de-reflexion-para-seguir-sumando-apoyos-en-benissa\\\/#primaryimage\"},\"thumbnailUrl\":\"https:\\\/\\\/media.radiolitoral.com\\\/wp-content\\\/uploads\\\/2023\\\/04\\\/18195025\\\/reiniciem-1.jpg\",\"datePublished\":\"2023-06-08T15:19:10+00:00\",\"dateModified\":\"2023-06-08T15:19:22+00:00\",\"description\":\"Pretenden construir una alternativa pol\u00edtica potente en las pr\u00f3ximas elecciones Pretenden construir una alternativa pol\u00edtica potente en las pr\u00f3ximas elecciones\",\"breadcrumb\":{\"@id\":\"https:\\\/\\\/radiolitoral.com\\\/2023\\\/06\\\/reiniciem-inicia-un-proceso-de-reflexion-para-seguir-sumando-apoyos-en-benissa\\\/#breadcrumb\"},\"inLanguage\":\"ca\",\"potentialAction\":[{\"@type\":\"ReadAction\",\"target\":[\"https:\\\/\\\/radiolitoral.com\\\/2023\\\/06\\\/reiniciem-inicia-un-proceso-de-reflexion-para-seguir-sumando-apoyos-en-benissa\\\/\"]}]},{\"@type\":\"ImageObject\",\"inLanguage\":\"ca\",\"@id\":\"https:\\\/\\\/radiolitoral.com\\\/2023\\\/06\\\/reiniciem-inicia-un-proceso-de-reflexion-para-seguir-sumando-apoyos-en-benissa\\\/#primaryimage\",\"url\":\"https:\\\/\\\/media.radiolitoral.com\\\/wp-content\\\/uploads\\\/2023\\\/04\\\/18195025\\\/reiniciem-1.jpg\",\"contentUrl\":\"https:\\\/\\\/media.radiolitoral.com\\\/wp-content\\\/uploads\\\/2023\\\/04\\\/18195025\\\/reiniciem-1.jpg\",\"width\":1200,\"height\":675},{\"@type\":\"BreadcrumbList\",\"@id\":\"https:\\\/\\\/radiolitoral.com\\\/2023\\\/06\\\/reiniciem-inicia-un-proceso-de-reflexion-para-seguir-sumando-apoyos-en-benissa\\\/#breadcrumb\",\"itemListElement\":[{\"@type\":\"ListItem\",\"position\":1,\"name\":\"Portada\",\"item\":\"https:\\\/\\\/radiolitoral.com\\\/\"},{\"@type\":\"ListItem\",\"position\":2,\"name\":\"Reiniciem inicia un proceso de reflexi\u00f3n para seguir sumando apoyos en Benissa\"}]},{\"@type\":\"WebSite\",\"@id\":\"https:\\\/\\\/radiolitoral.com\\\/#website\",\"url\":\"https:\\\/\\\/radiolitoral.com\\\/\",\"name\":\"Radio Litoral\",\"description\":\"La radio local de la Marina Alta\",\"publisher\":{\"@id\":\"https:\\\/\\\/radiolitoral.com\\\/#organization\"},\"alternateName\":\"Litoral FM\",\"potentialAction\":[{\"@type\":\"SearchAction\",\"target\":{\"@type\":\"EntryPoint\",\"urlTemplate\":\"https:\\\/\\\/radiolitoral.com\\\/?s={search_term_string}\"},\"query-input\":{\"@type\":\"PropertyValueSpecification\",\"valueRequired\":true,\"valueName\":\"search_term_string\"}}],\"inLanguage\":\"ca\"},{\"@type\":\"Organization\",\"@id\":\"https:\\\/\\\/radiolitoral.com\\\/#organization\",\"name\":\"Radio Litoral\",\"url\":\"https:\\\/\\\/radiolitoral.com\\\/\",\"logo\":{\"@type\":\"ImageObject\",\"inLanguage\":\"ca\",\"@id\":\"https:\\\/\\\/radiolitoral.com\\\/#\\\/schema\\\/logo\\\/image\\\/\",\"url\":\"https:\\\/\\\/media.radiolitoral.com\\\/wp-content\\\/uploads\\\/2023\\\/02\\\/24143238\\\/CL-V-RadioLitoral696.png\",\"contentUrl\":\"https:\\\/\\\/media.radiolitoral.com\\\/wp-content\\\/uploads\\\/2023\\\/02\\\/24143238\\\/CL-V-RadioLitoral696.png\",\"width\":696,\"height\":696,\"caption\":\"Radio Litoral\"},\"image\":{\"@id\":\"https:\\\/\\\/radiolitoral.com\\\/#\\\/schema\\\/logo\\\/image\\\/\"},\"sameAs\":[\"https:\\\/\\\/www.facebook.com\\\/Laradiolitoral\\\/\"]},{\"@type\":\"Person\",\"@id\":\"https:\\\/\\\/radiolitoral.com\\\/#\\\/schema\\\/person\\\/aad4f72efa404f85b68e832d24cac059\",\"name\":\"Mel Pescuezo\",\"image\":{\"@type\":\"ImageObject\",\"inLanguage\":\"ca\",\"@id\":\"https:\\\/\\\/secure.gravatar.com\\\/avatar\\\/993975ae489c70cb0dd9bfa9413a082f0bd276582dac13661af7b33f161e7eea?s=96&d=mm&r=g\",\"url\":\"https:\\\/\\\/secure.gravatar.com\\\/avatar\\\/993975ae489c70cb0dd9bfa9413a082f0bd276582dac13661af7b33f161e7eea?s=96&d=mm&r=g\",\"contentUrl\":\"https:\\\/\\\/secure.gravatar.com\\\/avatar\\\/993975ae489c70cb0dd9bfa9413a082f0bd276582dac13661af7b33f161e7eea?s=96&d=mm&r=g\",\"caption\":\"Mel Pescuezo\"},\"url\":\"https:\\\/\\\/radiolitoral.com\\\/ca\\\/author\\\/serviciospararadios\\\/\"}]}<\/script>\n<!-- \/ Yoast SEO plugin. -->","yoast_head_json":{"title":"Reiniciem inicia un proc\u00e9s de reflexi\u00f3 per continuar sumant suports a Benissa | R\u00e0dio Litoral","description":"Pretenen construir una alternativa pol\u00edtica potent a les properes eleccions Pretenen construir una alternativa pol\u00edtica potent a les properes eleccions","robots":{"index":"index","follow":"follow","max-snippet":"max-snippet:-1","max-image-preview":"max-image-preview:large","max-video-preview":"max-video-preview:-1"},"canonical":"https:\/\/radiolitoral.com\/ca\/2023\/06\/reiniciem-inicia-un-proces-de-reflexio-per-seguir-sumant-suports-a-benissa\/","og_locale":"ca_ES","og_type":"article","og_title":"Reiniciem inicia un proceso de reflexi\u00f3n para seguir sumando apoyos en Benissa | R\u00e0dio Litoral","og_description":"Pretenden construir una alternativa pol\u00edtica potente en las pr\u00f3ximas elecciones Pretenden construir una alternativa pol\u00edtica potente en las pr\u00f3ximas elecciones","og_url":"https:\/\/radiolitoral.com\/ca\/2023\/06\/reiniciem-inicia-un-proces-de-reflexio-per-seguir-sumant-suports-a-benissa\/","og_site_name":"R\u00e0dio Litoral","article_publisher":"https:\/\/www.facebook.com\/Laradiolitoral\/","article_published_time":"2023-06-08T15:19:10+00:00","article_modified_time":"2023-06-08T15:19:22+00:00","og_image":[{"width":1200,"height":675,"url":"https:\/\/media.radiolitoral.com\/wp-content\/uploads\/2023\/04\/18195025\/reiniciem-1.jpg","type":"image\/jpeg"}],"author":"Mel Pescuezo","twitter_card":"summary_large_image","twitter_misc":{"Escrit per":"Mel Pescuezo","Temps estimat de lectura":"2 minuts"},"schema":{"@context":"https:\/\/schema.org","@graph":[{"@type":"NewsArticle","@id":"https:\/\/radiolitoral.com\/2023\/06\/reiniciem-inicia-un-proceso-de-reflexion-para-seguir-sumando-apoyos-en-benissa\/#article","isPartOf":{"@id":"https:\/\/radiolitoral.com\/2023\/06\/reiniciem-inicia-un-proceso-de-reflexion-para-seguir-sumando-apoyos-en-benissa\/"},"author":{"name":"Mel Pescuezo","@id":"https:\/\/radiolitoral.com\/#\/schema\/person\/aad4f72efa404f85b68e832d24cac059"},"headline":"Reiniciem inicia un proceso de reflexi\u00f3n para seguir sumando apoyos en Benissa","datePublished":"2023-06-08T15:19:10+00:00","dateModified":"2023-06-08T15:19:22+00:00","mainEntityOfPage":{"@id":"https:\/\/radiolitoral.com\/2023\/06\/reiniciem-inicia-un-proceso-de-reflexion-para-seguir-sumando-apoyos-en-benissa\/"},"wordCount":278,"commentCount":0,"publisher":{"@id":"https:\/\/radiolitoral.com\/#organization"},"image":{"@id":"https:\/\/radiolitoral.com\/2023\/06\/reiniciem-inicia-un-proceso-de-reflexion-para-seguir-sumando-apoyos-en-benissa\/#primaryimage"},"thumbnailUrl":"https:\/\/media.radiolitoral.com\/wp-content\/uploads\/2023\/04\/18195025\/reiniciem-1.jpg","keywords":["Reiniciem Benissa"],"articleSection":["Pol\u00edtica"],"inLanguage":"ca","potentialAction":[{"@type":"CommentAction","name":"Comment","target":["https:\/\/radiolitoral.com\/2023\/06\/reiniciem-inicia-un-proceso-de-reflexion-para-seguir-sumando-apoyos-en-benissa\/#respond"]}]},{"@type":["WebPage","ItemPage"],"@id":"https:\/\/radiolitoral.com\/2023\/06\/reiniciem-inicia-un-proceso-de-reflexion-para-seguir-sumando-apoyos-en-benissa\/","url":"https:\/\/radiolitoral.com\/2023\/06\/reiniciem-inicia-un-proceso-de-reflexion-para-seguir-sumando-apoyos-en-benissa\/","name":"Reiniciem inicia un proc\u00e9s de reflexi\u00f3 per continuar sumant suports a Benissa | R\u00e0dio Litoral","isPartOf":{"@id":"https:\/\/radiolitoral.com\/#website"},"primaryImageOfPage":{"@id":"https:\/\/radiolitoral.com\/2023\/06\/reiniciem-inicia-un-proceso-de-reflexion-para-seguir-sumando-apoyos-en-benissa\/#primaryimage"},"image":{"@id":"https:\/\/radiolitoral.com\/2023\/06\/reiniciem-inicia-un-proceso-de-reflexion-para-seguir-sumando-apoyos-en-benissa\/#primaryimage"},"thumbnailUrl":"https:\/\/media.radiolitoral.com\/wp-content\/uploads\/2023\/04\/18195025\/reiniciem-1.jpg","datePublished":"2023-06-08T15:19:10+00:00","dateModified":"2023-06-08T15:19:22+00:00","description":"Pretenen construir una alternativa pol\u00edtica potent a les properes eleccions Pretenen construir una alternativa pol\u00edtica potent a les properes eleccions","breadcrumb":{"@id":"https:\/\/radiolitoral.com\/2023\/06\/reiniciem-inicia-un-proceso-de-reflexion-para-seguir-sumando-apoyos-en-benissa\/#breadcrumb"},"inLanguage":"ca","potentialAction":[{"@type":"ReadAction","target":["https:\/\/radiolitoral.com\/2023\/06\/reiniciem-inicia-un-proceso-de-reflexion-para-seguir-sumando-apoyos-en-benissa\/"]}]},{"@type":"ImageObject","inLanguage":"ca","@id":"https:\/\/radiolitoral.com\/2023\/06\/reiniciem-inicia-un-proceso-de-reflexion-para-seguir-sumando-apoyos-en-benissa\/#primaryimage","url":"https:\/\/media.radiolitoral.com\/wp-content\/uploads\/2023\/04\/18195025\/reiniciem-1.jpg","contentUrl":"https:\/\/media.radiolitoral.com\/wp-content\/uploads\/2023\/04\/18195025\/reiniciem-1.jpg","width":1200,"height":675},{"@type":"BreadcrumbList","@id":"https:\/\/radiolitoral.com\/2023\/06\/reiniciem-inicia-un-proceso-de-reflexion-para-seguir-sumando-apoyos-en-benissa\/#breadcrumb","itemListElement":[{"@type":"ListItem","position":1,"name":"Portada","item":"https:\/\/radiolitoral.com\/"},{"@type":"ListItem","position":2,"name":"Reiniciem inicia un proceso de reflexi\u00f3n para seguir sumando apoyos en Benissa"}]},{"@type":"WebSite","@id":"https:\/\/radiolitoral.com\/#website","url":"https:\/\/radiolitoral.com\/","name":"R\u00e0dio Litoral","description":"La r\u00e0dio local de la Marina Alta","publisher":{"@id":"https:\/\/radiolitoral.com\/#organization"},"alternateName":"Litoral FM","potentialAction":[{"@type":"SearchAction","target":{"@type":"EntryPoint","urlTemplate":"https:\/\/radiolitoral.com\/?s={search_term_string}"},"query-input":{"@type":"PropertyValueSpecification","valueRequired":true,"valueName":"search_term_string"}}],"inLanguage":"ca"},{"@type":"Organization","@id":"https:\/\/radiolitoral.com\/#organization","name":"R\u00e0dio Litoral","url":"https:\/\/radiolitoral.com\/","logo":{"@type":"ImageObject","inLanguage":"ca","@id":"https:\/\/radiolitoral.com\/#\/schema\/logo\/image\/","url":"https:\/\/media.radiolitoral.com\/wp-content\/uploads\/2023\/02\/24143238\/CL-V-RadioLitoral696.png","contentUrl":"https:\/\/media.radiolitoral.com\/wp-content\/uploads\/2023\/02\/24143238\/CL-V-RadioLitoral696.png","width":696,"height":696,"caption":"Radio Litoral"},"image":{"@id":"https:\/\/radiolitoral.com\/#\/schema\/logo\/image\/"},"sameAs":["https:\/\/www.facebook.com\/Laradiolitoral\/"]},{"@type":"Person","@id":"https:\/\/radiolitoral.com\/#\/schema\/person\/aad4f72efa404f85b68e832d24cac059","name":"Mel Pescuezo","image":{"@type":"ImageObject","inLanguage":"ca","@id":"https:\/\/secure.gravatar.com\/avatar\/993975ae489c70cb0dd9bfa9413a082f0bd276582dac13661af7b33f161e7eea?s=96&d=mm&r=g","url":"https:\/\/secure.gravatar.com\/avatar\/993975ae489c70cb0dd9bfa9413a082f0bd276582dac13661af7b33f161e7eea?s=96&d=mm&r=g","contentUrl":"https:\/\/secure.gravatar.com\/avatar\/993975ae489c70cb0dd9bfa9413a082f0bd276582dac13661af7b33f161e7eea?s=96&d=mm&r=g","caption":"Mel Pescuezo"},"url":"https:\/\/radiolitoral.com\/ca\/author\/serviciospararadios\/"}]}},"_links":{"self":[{"href":"https:\/\/radiolitoral.com\/ca\/wp-json\/wp\/v2\/posts\/3874","targetHints":{"allow":["GET"]}}],"collection":[{"href":"https:\/\/radiolitoral.com\/ca\/wp-json\/wp\/v2\/posts"}],"about":[{"href":"https:\/\/radiolitoral.com\/ca\/wp-json\/wp\/v2\/types\/post"}],"author":[{"embeddable":true,"href":"https:\/\/radiolitoral.com\/ca\/wp-json\/wp\/v2\/users\/21"}],"replies":[{"embeddable":true,"href":"https:\/\/radiolitoral.com\/ca\/wp-json\/wp\/v2\/comments?post=3874"}],"version-history":[{"count":1,"href":"https:\/\/radiolitoral.com\/ca\/wp-json\/wp\/v2\/posts\/3874\/revisions"}],"predecessor-version":[{"id":3876,"href":"https:\/\/radiolitoral.com\/ca\/wp-json\/wp\/v2\/posts\/3874\/revisions\/3876"}],"wp:featuredmedia":[{"embeddable":true,"href":"https:\/\/radiolitoral.com\/ca\/wp-json\/wp\/v2\/media\/2317"}],"wp:attachment":[{"href":"https:\/\/radiolitoral.com\/ca\/wp-json\/wp\/v2\/media?parent=3874"}],"wp:term":[{"taxonomy":"category","embeddable":true,"href":"https:\/\/radiolitoral.com\/ca\/wp-json\/wp\/v2\/categories?post=3874"},{"taxonomy":"post_tag","embeddable":true,"href":"https:\/\/radiolitoral.com\/ca\/wp-json\/wp\/v2\/tags?post=3874"}],"curies":[{"name":"wp","href":"https:\/\/api.w.org\/{rel}","templated":true}]}}