{"id":3859,"date":"2023-06-07T20:13:59","date_gmt":"2023-06-07T18:13:59","guid":{"rendered":"https:\/\/radiolitoral.com\/?p=3859"},"modified":"2023-06-07T20:15:56","modified_gmt":"2023-06-07T18:15:56","slug":"teulada-dura-a-terme-serveis-de-prevencio-i-control-de-plagues-durant-juny","status":"publish","type":"post","link":"https:\/\/radiolitoral.com\/ca\/2023\/06\/teulada-llevara-a-cabo-servicios-de-prevencion-y-control-de-plagas-durante-junio\/","title":{"rendered":"Teulada dur\u00e0 a terme serveis de prevenci\u00f3 i control de plagues durant el juny"},"content":{"rendered":"<p>L&#039;ajuntament de Teulada ha informat que durant aquest mes de juny es desenvoluparan serveis de prevenci\u00f3 i control de plagues al municipi, duent a terme el tractament clavegueram municipal. Aquest servei comen\u00e7ar\u00e0 la\u00a0<u>segona quinzena del mes juny<\/u>, desinsectant i desratitzant el 100% dels registres de clavegueram de determinades zones per tal d&#039;evitar pres\u00e8ncia d&#039;escarabats i rosegadors en aquests. Els sectors dactuaci\u00f3 s\u00f3n els seg\u00fcents:<\/p>\n<p>Zona 2: Sector Cap Blanc, Estel, Fanadix i Moravit.<\/p>\n<p>Zona 5: Casc urb\u00e0 de Teulada i pol\u00edgon industrial<\/p>\n<p>Zona 6: nucli urb\u00e0 Moraira<\/p>\n<p>&nbsp;<\/p>\n<p><strong>Control de mosquits<\/strong><\/p>\n<p>El servei per al control de mosquits al municipi, al mes de juny, es divideix en dos serveis diferents; focus catalogats del municipi i embornals per al control de mosquit tigre. El tractament dels embornals del municipi es duu a terme el dia <u>19 de juny<\/u> i, en el cas dels focus catalogats, es dur\u00e0 a terme el dia <u>13 de juny<\/u>.<\/p>\n<p>S&#039;actuar\u00e0 en els focus seg\u00fcents: Cam\u00ed Pontet de la Via i Barranc; Marjal del Senillar, Cam\u00ed Camarrocha; Cam\u00ed de la Font Santa; depuradora; Cam\u00ed de la Serra; Font de l&#039;Horta; Font de la Jana; i qualsevol altre focus de proliferaci\u00f3 d\u00e0mbit p\u00fablic.<\/p>","protected":false},"excerpt":{"rendered":"<p>El ayuntamiento de Teulada ha informado que durante este mes de junio se desarrollar\u00e1n servicios de prevenci\u00f3n y control de plagas en el municipio, llevando a cabo el tratamiento alcantarillado municipal. Este servicio dar\u00e1 comienzo la\u00a0segunda quincena del mes junio, desinsectando y desratizando el 100% de los registros de alcantarillado de determinadas zonas con el [&#8230;]<\/p>\n<p><a class=\"btn btn-secondary understrap-read-more-link\" href=\"https:\/\/radiolitoral.com\/ca\/2023\/06\/teulada-llevara-a-cabo-servicios-de-prevencion-y-control-de-plagas-durante-junio\/\">Continua llegint&#8230;<span class=\"screen-reader-text\"> from Teulada llevar\u00e1 a cabo servicios de prevenci\u00f3n y control de plagas durante junio<\/span><\/a><\/p>\n","protected":false},"author":21,"featured_media":3860,"comment_status":"open","ping_status":"closed","sticky":false,"template":"","format":"standard","meta":{"_acf_changed":false,"inline_featured_image":false,"footnotes":""},"categories":[71],"tags":[748,267],"class_list":["post-3859","post","type-post","status-publish","format-standard","has-post-thumbnail","hentry","category-informacion-de-servicios","tag-mosquito","tag-plagas","cobertura-teulada-moraira"],"acf":[],"yoast_head":"<!-- This site is optimized with the Yoast SEO plugin v27.5 - https:\/\/yoast.com\/product\/yoast-seo-wordpress\/ -->\n<title>Teulada llevar\u00e1 a cabo servicios de prevenci\u00f3n y control de plagas durante junio | R\u00e0dio Litoral<\/title>\n<meta name=\"description\" content=\"Se quiere evitar el mosquito tigre, cucarachas o roedores Se quiere evitar el mosquito tigre, cucarachas o roedores\" \/>\n<meta name=\"robots\" content=\"index, follow, max-snippet:-1, max-image-preview:large, max-video-preview:-1\" \/>\n<link rel=\"canonical\" href=\"https:\/\/radiolitoral.com\/ca\/2023\/06\/teulada-dura-a-terme-serveis-de-prevencio-i-control-de-plagues-durant-juny\/\" \/>\n<meta property=\"og:locale\" content=\"ca_ES\" \/>\n<meta property=\"og:type\" content=\"article\" \/>\n<meta property=\"og:title\" content=\"Teulada llevar\u00e1 a cabo servicios de prevenci\u00f3n y control de plagas durante junio | R\u00e0dio Litoral\" \/>\n<meta property=\"og:description\" content=\"Se quiere evitar el mosquito tigre, cucarachas o roedores Se quiere evitar el mosquito tigre, cucarachas o roedores\" \/>\n<meta property=\"og:url\" content=\"https:\/\/radiolitoral.com\/ca\/2023\/06\/teulada-dura-a-terme-serveis-de-prevencio-i-control-de-plagues-durant-juny\/\" \/>\n<meta property=\"og:site_name\" content=\"R\u00e0dio Litoral\" \/>\n<meta property=\"article:publisher\" content=\"https:\/\/www.facebook.com\/Laradiolitoral\/\" \/>\n<meta property=\"article:published_time\" content=\"2023-06-07T18:13:59+00:00\" \/>\n<meta property=\"article:modified_time\" content=\"2023-06-07T18:15:56+00:00\" \/>\n<meta property=\"og:image\" content=\"https:\/\/media.radiolitoral.com\/wp-content\/uploads\/2023\/06\/07201350\/mosquito.jpg\" \/>\n\t<meta property=\"og:image:width\" content=\"1280\" \/>\n\t<meta property=\"og:image:height\" content=\"720\" \/>\n\t<meta property=\"og:image:type\" content=\"image\/jpeg\" \/>\n<meta name=\"author\" content=\"Mel Pescuezo\" \/>\n<meta name=\"twitter:card\" content=\"summary_large_image\" \/>\n<meta name=\"twitter:label1\" content=\"Escrit per\" \/>\n\t<meta name=\"twitter:data1\" content=\"Mel Pescuezo\" \/>\n\t<meta name=\"twitter:label2\" content=\"Temps estimat de lectura\" \/>\n\t<meta name=\"twitter:data2\" content=\"1 minut\" \/>\n<script type=\"application\/ld+json\" class=\"yoast-schema-graph\">{\"@context\":\"https:\\\/\\\/schema.org\",\"@graph\":[{\"@type\":\"NewsArticle\",\"@id\":\"https:\\\/\\\/radiolitoral.com\\\/2023\\\/06\\\/teulada-llevara-a-cabo-servicios-de-prevencion-y-control-de-plagas-durante-junio\\\/#article\",\"isPartOf\":{\"@id\":\"https:\\\/\\\/radiolitoral.com\\\/2023\\\/06\\\/teulada-llevara-a-cabo-servicios-de-prevencion-y-control-de-plagas-durante-junio\\\/\"},\"author\":{\"name\":\"Mel Pescuezo\",\"@id\":\"https:\\\/\\\/radiolitoral.com\\\/#\\\/schema\\\/person\\\/aad4f72efa404f85b68e832d24cac059\"},\"headline\":\"Teulada llevar\u00e1 a cabo servicios de prevenci\u00f3n y control de plagas durante junio\",\"datePublished\":\"2023-06-07T18:13:59+00:00\",\"dateModified\":\"2023-06-07T18:15:56+00:00\",\"mainEntityOfPage\":{\"@id\":\"https:\\\/\\\/radiolitoral.com\\\/2023\\\/06\\\/teulada-llevara-a-cabo-servicios-de-prevencion-y-control-de-plagas-durante-junio\\\/\"},\"wordCount\":229,\"commentCount\":0,\"publisher\":{\"@id\":\"https:\\\/\\\/radiolitoral.com\\\/#organization\"},\"image\":{\"@id\":\"https:\\\/\\\/radiolitoral.com\\\/2023\\\/06\\\/teulada-llevara-a-cabo-servicios-de-prevencion-y-control-de-plagas-durante-junio\\\/#primaryimage\"},\"thumbnailUrl\":\"https:\\\/\\\/media.radiolitoral.com\\\/wp-content\\\/uploads\\\/2023\\\/06\\\/07201350\\\/mosquito.jpg\",\"keywords\":[\"mosquito\",\"plagas\"],\"articleSection\":[\"Informaci\u00f3n de Servicios\"],\"inLanguage\":\"ca\",\"potentialAction\":[{\"@type\":\"CommentAction\",\"name\":\"Comment\",\"target\":[\"https:\\\/\\\/radiolitoral.com\\\/2023\\\/06\\\/teulada-llevara-a-cabo-servicios-de-prevencion-y-control-de-plagas-durante-junio\\\/#respond\"]}]},{\"@type\":[\"WebPage\",\"ItemPage\"],\"@id\":\"https:\\\/\\\/radiolitoral.com\\\/2023\\\/06\\\/teulada-llevara-a-cabo-servicios-de-prevencion-y-control-de-plagas-durante-junio\\\/\",\"url\":\"https:\\\/\\\/radiolitoral.com\\\/2023\\\/06\\\/teulada-llevara-a-cabo-servicios-de-prevencion-y-control-de-plagas-durante-junio\\\/\",\"name\":\"Teulada llevar\u00e1 a cabo servicios de prevenci\u00f3n y control de plagas durante junio | R\u00e0dio Litoral\",\"isPartOf\":{\"@id\":\"https:\\\/\\\/radiolitoral.com\\\/#website\"},\"primaryImageOfPage\":{\"@id\":\"https:\\\/\\\/radiolitoral.com\\\/2023\\\/06\\\/teulada-llevara-a-cabo-servicios-de-prevencion-y-control-de-plagas-durante-junio\\\/#primaryimage\"},\"image\":{\"@id\":\"https:\\\/\\\/radiolitoral.com\\\/2023\\\/06\\\/teulada-llevara-a-cabo-servicios-de-prevencion-y-control-de-plagas-durante-junio\\\/#primaryimage\"},\"thumbnailUrl\":\"https:\\\/\\\/media.radiolitoral.com\\\/wp-content\\\/uploads\\\/2023\\\/06\\\/07201350\\\/mosquito.jpg\",\"datePublished\":\"2023-06-07T18:13:59+00:00\",\"dateModified\":\"2023-06-07T18:15:56+00:00\",\"description\":\"Se quiere evitar el mosquito tigre, cucarachas o roedores Se quiere evitar el mosquito tigre, cucarachas o roedores\",\"breadcrumb\":{\"@id\":\"https:\\\/\\\/radiolitoral.com\\\/2023\\\/06\\\/teulada-llevara-a-cabo-servicios-de-prevencion-y-control-de-plagas-durante-junio\\\/#breadcrumb\"},\"inLanguage\":\"ca\",\"potentialAction\":[{\"@type\":\"ReadAction\",\"target\":[\"https:\\\/\\\/radiolitoral.com\\\/2023\\\/06\\\/teulada-llevara-a-cabo-servicios-de-prevencion-y-control-de-plagas-durante-junio\\\/\"]}]},{\"@type\":\"ImageObject\",\"inLanguage\":\"ca\",\"@id\":\"https:\\\/\\\/radiolitoral.com\\\/2023\\\/06\\\/teulada-llevara-a-cabo-servicios-de-prevencion-y-control-de-plagas-durante-junio\\\/#primaryimage\",\"url\":\"https:\\\/\\\/media.radiolitoral.com\\\/wp-content\\\/uploads\\\/2023\\\/06\\\/07201350\\\/mosquito.jpg\",\"contentUrl\":\"https:\\\/\\\/media.radiolitoral.com\\\/wp-content\\\/uploads\\\/2023\\\/06\\\/07201350\\\/mosquito.jpg\",\"width\":1280,\"height\":720},{\"@type\":\"BreadcrumbList\",\"@id\":\"https:\\\/\\\/radiolitoral.com\\\/2023\\\/06\\\/teulada-llevara-a-cabo-servicios-de-prevencion-y-control-de-plagas-durante-junio\\\/#breadcrumb\",\"itemListElement\":[{\"@type\":\"ListItem\",\"position\":1,\"name\":\"Portada\",\"item\":\"https:\\\/\\\/radiolitoral.com\\\/\"},{\"@type\":\"ListItem\",\"position\":2,\"name\":\"Teulada llevar\u00e1 a cabo servicios de prevenci\u00f3n y control de plagas durante junio\"}]},{\"@type\":\"WebSite\",\"@id\":\"https:\\\/\\\/radiolitoral.com\\\/#website\",\"url\":\"https:\\\/\\\/radiolitoral.com\\\/\",\"name\":\"Radio Litoral\",\"description\":\"La radio local de la Marina Alta\",\"publisher\":{\"@id\":\"https:\\\/\\\/radiolitoral.com\\\/#organization\"},\"alternateName\":\"Litoral FM\",\"potentialAction\":[{\"@type\":\"SearchAction\",\"target\":{\"@type\":\"EntryPoint\",\"urlTemplate\":\"https:\\\/\\\/radiolitoral.com\\\/?s={search_term_string}\"},\"query-input\":{\"@type\":\"PropertyValueSpecification\",\"valueRequired\":true,\"valueName\":\"search_term_string\"}}],\"inLanguage\":\"ca\"},{\"@type\":\"Organization\",\"@id\":\"https:\\\/\\\/radiolitoral.com\\\/#organization\",\"name\":\"Radio Litoral\",\"url\":\"https:\\\/\\\/radiolitoral.com\\\/\",\"logo\":{\"@type\":\"ImageObject\",\"inLanguage\":\"ca\",\"@id\":\"https:\\\/\\\/radiolitoral.com\\\/#\\\/schema\\\/logo\\\/image\\\/\",\"url\":\"https:\\\/\\\/media.radiolitoral.com\\\/wp-content\\\/uploads\\\/2023\\\/02\\\/24143238\\\/CL-V-RadioLitoral696.png\",\"contentUrl\":\"https:\\\/\\\/media.radiolitoral.com\\\/wp-content\\\/uploads\\\/2023\\\/02\\\/24143238\\\/CL-V-RadioLitoral696.png\",\"width\":696,\"height\":696,\"caption\":\"Radio Litoral\"},\"image\":{\"@id\":\"https:\\\/\\\/radiolitoral.com\\\/#\\\/schema\\\/logo\\\/image\\\/\"},\"sameAs\":[\"https:\\\/\\\/www.facebook.com\\\/Laradiolitoral\\\/\"]},{\"@type\":\"Person\",\"@id\":\"https:\\\/\\\/radiolitoral.com\\\/#\\\/schema\\\/person\\\/aad4f72efa404f85b68e832d24cac059\",\"name\":\"Mel Pescuezo\",\"image\":{\"@type\":\"ImageObject\",\"inLanguage\":\"ca\",\"@id\":\"https:\\\/\\\/secure.gravatar.com\\\/avatar\\\/993975ae489c70cb0dd9bfa9413a082f0bd276582dac13661af7b33f161e7eea?s=96&d=mm&r=g\",\"url\":\"https:\\\/\\\/secure.gravatar.com\\\/avatar\\\/993975ae489c70cb0dd9bfa9413a082f0bd276582dac13661af7b33f161e7eea?s=96&d=mm&r=g\",\"contentUrl\":\"https:\\\/\\\/secure.gravatar.com\\\/avatar\\\/993975ae489c70cb0dd9bfa9413a082f0bd276582dac13661af7b33f161e7eea?s=96&d=mm&r=g\",\"caption\":\"Mel Pescuezo\"},\"url\":\"https:\\\/\\\/radiolitoral.com\\\/ca\\\/author\\\/serviciospararadios\\\/\"}]}<\/script>\n<!-- \/ Yoast SEO plugin. -->","yoast_head_json":{"title":"Teulada dur\u00e0 a terme serveis de prevenci\u00f3 i control de plagues durant el juny | R\u00e0dio Litoral","description":"Es vol evitar el mosquit tigre, paneroles o rosegadors Es vol evitar el mosquit tigre, paneroles o rosegadors","robots":{"index":"index","follow":"follow","max-snippet":"max-snippet:-1","max-image-preview":"max-image-preview:large","max-video-preview":"max-video-preview:-1"},"canonical":"https:\/\/radiolitoral.com\/ca\/2023\/06\/teulada-dura-a-terme-serveis-de-prevencio-i-control-de-plagues-durant-juny\/","og_locale":"ca_ES","og_type":"article","og_title":"Teulada llevar\u00e1 a cabo servicios de prevenci\u00f3n y control de plagas durante junio | R\u00e0dio Litoral","og_description":"Se quiere evitar el mosquito tigre, cucarachas o roedores Se quiere evitar el mosquito tigre, cucarachas o roedores","og_url":"https:\/\/radiolitoral.com\/ca\/2023\/06\/teulada-dura-a-terme-serveis-de-prevencio-i-control-de-plagues-durant-juny\/","og_site_name":"R\u00e0dio Litoral","article_publisher":"https:\/\/www.facebook.com\/Laradiolitoral\/","article_published_time":"2023-06-07T18:13:59+00:00","article_modified_time":"2023-06-07T18:15:56+00:00","og_image":[{"width":1280,"height":720,"url":"https:\/\/media.radiolitoral.com\/wp-content\/uploads\/2023\/06\/07201350\/mosquito.jpg","type":"image\/jpeg"}],"author":"Mel Pescuezo","twitter_card":"summary_large_image","twitter_misc":{"Escrit per":"Mel Pescuezo","Temps estimat de lectura":"1 minut"},"schema":{"@context":"https:\/\/schema.org","@graph":[{"@type":"NewsArticle","@id":"https:\/\/radiolitoral.com\/2023\/06\/teulada-llevara-a-cabo-servicios-de-prevencion-y-control-de-plagas-durante-junio\/#article","isPartOf":{"@id":"https:\/\/radiolitoral.com\/2023\/06\/teulada-llevara-a-cabo-servicios-de-prevencion-y-control-de-plagas-durante-junio\/"},"author":{"name":"Mel Pescuezo","@id":"https:\/\/radiolitoral.com\/#\/schema\/person\/aad4f72efa404f85b68e832d24cac059"},"headline":"Teulada llevar\u00e1 a cabo servicios de prevenci\u00f3n y control de plagas durante junio","datePublished":"2023-06-07T18:13:59+00:00","dateModified":"2023-06-07T18:15:56+00:00","mainEntityOfPage":{"@id":"https:\/\/radiolitoral.com\/2023\/06\/teulada-llevara-a-cabo-servicios-de-prevencion-y-control-de-plagas-durante-junio\/"},"wordCount":229,"commentCount":0,"publisher":{"@id":"https:\/\/radiolitoral.com\/#organization"},"image":{"@id":"https:\/\/radiolitoral.com\/2023\/06\/teulada-llevara-a-cabo-servicios-de-prevencion-y-control-de-plagas-durante-junio\/#primaryimage"},"thumbnailUrl":"https:\/\/media.radiolitoral.com\/wp-content\/uploads\/2023\/06\/07201350\/mosquito.jpg","keywords":["mosquito","plagas"],"articleSection":["Informaci\u00f3n de Servicios"],"inLanguage":"ca","potentialAction":[{"@type":"CommentAction","name":"Comment","target":["https:\/\/radiolitoral.com\/2023\/06\/teulada-llevara-a-cabo-servicios-de-prevencion-y-control-de-plagas-durante-junio\/#respond"]}]},{"@type":["WebPage","ItemPage"],"@id":"https:\/\/radiolitoral.com\/2023\/06\/teulada-llevara-a-cabo-servicios-de-prevencion-y-control-de-plagas-durante-junio\/","url":"https:\/\/radiolitoral.com\/2023\/06\/teulada-llevara-a-cabo-servicios-de-prevencion-y-control-de-plagas-durante-junio\/","name":"Teulada dur\u00e0 a terme serveis de prevenci\u00f3 i control de plagues durant el juny | R\u00e0dio Litoral","isPartOf":{"@id":"https:\/\/radiolitoral.com\/#website"},"primaryImageOfPage":{"@id":"https:\/\/radiolitoral.com\/2023\/06\/teulada-llevara-a-cabo-servicios-de-prevencion-y-control-de-plagas-durante-junio\/#primaryimage"},"image":{"@id":"https:\/\/radiolitoral.com\/2023\/06\/teulada-llevara-a-cabo-servicios-de-prevencion-y-control-de-plagas-durante-junio\/#primaryimage"},"thumbnailUrl":"https:\/\/media.radiolitoral.com\/wp-content\/uploads\/2023\/06\/07201350\/mosquito.jpg","datePublished":"2023-06-07T18:13:59+00:00","dateModified":"2023-06-07T18:15:56+00:00","description":"Es vol evitar el mosquit tigre, paneroles o rosegadors Es vol evitar el mosquit tigre, paneroles o rosegadors","breadcrumb":{"@id":"https:\/\/radiolitoral.com\/2023\/06\/teulada-llevara-a-cabo-servicios-de-prevencion-y-control-de-plagas-durante-junio\/#breadcrumb"},"inLanguage":"ca","potentialAction":[{"@type":"ReadAction","target":["https:\/\/radiolitoral.com\/2023\/06\/teulada-llevara-a-cabo-servicios-de-prevencion-y-control-de-plagas-durante-junio\/"]}]},{"@type":"ImageObject","inLanguage":"ca","@id":"https:\/\/radiolitoral.com\/2023\/06\/teulada-llevara-a-cabo-servicios-de-prevencion-y-control-de-plagas-durante-junio\/#primaryimage","url":"https:\/\/media.radiolitoral.com\/wp-content\/uploads\/2023\/06\/07201350\/mosquito.jpg","contentUrl":"https:\/\/media.radiolitoral.com\/wp-content\/uploads\/2023\/06\/07201350\/mosquito.jpg","width":1280,"height":720},{"@type":"BreadcrumbList","@id":"https:\/\/radiolitoral.com\/2023\/06\/teulada-llevara-a-cabo-servicios-de-prevencion-y-control-de-plagas-durante-junio\/#breadcrumb","itemListElement":[{"@type":"ListItem","position":1,"name":"Portada","item":"https:\/\/radiolitoral.com\/"},{"@type":"ListItem","position":2,"name":"Teulada llevar\u00e1 a cabo servicios de prevenci\u00f3n y control de plagas durante junio"}]},{"@type":"WebSite","@id":"https:\/\/radiolitoral.com\/#website","url":"https:\/\/radiolitoral.com\/","name":"R\u00e0dio Litoral","description":"La r\u00e0dio local de la Marina Alta","publisher":{"@id":"https:\/\/radiolitoral.com\/#organization"},"alternateName":"Litoral FM","potentialAction":[{"@type":"SearchAction","target":{"@type":"EntryPoint","urlTemplate":"https:\/\/radiolitoral.com\/?s={search_term_string}"},"query-input":{"@type":"PropertyValueSpecification","valueRequired":true,"valueName":"search_term_string"}}],"inLanguage":"ca"},{"@type":"Organization","@id":"https:\/\/radiolitoral.com\/#organization","name":"R\u00e0dio Litoral","url":"https:\/\/radiolitoral.com\/","logo":{"@type":"ImageObject","inLanguage":"ca","@id":"https:\/\/radiolitoral.com\/#\/schema\/logo\/image\/","url":"https:\/\/media.radiolitoral.com\/wp-content\/uploads\/2023\/02\/24143238\/CL-V-RadioLitoral696.png","contentUrl":"https:\/\/media.radiolitoral.com\/wp-content\/uploads\/2023\/02\/24143238\/CL-V-RadioLitoral696.png","width":696,"height":696,"caption":"Radio Litoral"},"image":{"@id":"https:\/\/radiolitoral.com\/#\/schema\/logo\/image\/"},"sameAs":["https:\/\/www.facebook.com\/Laradiolitoral\/"]},{"@type":"Person","@id":"https:\/\/radiolitoral.com\/#\/schema\/person\/aad4f72efa404f85b68e832d24cac059","name":"Mel Pescuezo","image":{"@type":"ImageObject","inLanguage":"ca","@id":"https:\/\/secure.gravatar.com\/avatar\/993975ae489c70cb0dd9bfa9413a082f0bd276582dac13661af7b33f161e7eea?s=96&d=mm&r=g","url":"https:\/\/secure.gravatar.com\/avatar\/993975ae489c70cb0dd9bfa9413a082f0bd276582dac13661af7b33f161e7eea?s=96&d=mm&r=g","contentUrl":"https:\/\/secure.gravatar.com\/avatar\/993975ae489c70cb0dd9bfa9413a082f0bd276582dac13661af7b33f161e7eea?s=96&d=mm&r=g","caption":"Mel Pescuezo"},"url":"https:\/\/radiolitoral.com\/ca\/author\/serviciospararadios\/"}]}},"_links":{"self":[{"href":"https:\/\/radiolitoral.com\/ca\/wp-json\/wp\/v2\/posts\/3859","targetHints":{"allow":["GET"]}}],"collection":[{"href":"https:\/\/radiolitoral.com\/ca\/wp-json\/wp\/v2\/posts"}],"about":[{"href":"https:\/\/radiolitoral.com\/ca\/wp-json\/wp\/v2\/types\/post"}],"author":[{"embeddable":true,"href":"https:\/\/radiolitoral.com\/ca\/wp-json\/wp\/v2\/users\/21"}],"replies":[{"embeddable":true,"href":"https:\/\/radiolitoral.com\/ca\/wp-json\/wp\/v2\/comments?post=3859"}],"version-history":[{"count":1,"href":"https:\/\/radiolitoral.com\/ca\/wp-json\/wp\/v2\/posts\/3859\/revisions"}],"predecessor-version":[{"id":3861,"href":"https:\/\/radiolitoral.com\/ca\/wp-json\/wp\/v2\/posts\/3859\/revisions\/3861"}],"wp:featuredmedia":[{"embeddable":true,"href":"https:\/\/radiolitoral.com\/ca\/wp-json\/wp\/v2\/media\/3860"}],"wp:attachment":[{"href":"https:\/\/radiolitoral.com\/ca\/wp-json\/wp\/v2\/media?parent=3859"}],"wp:term":[{"taxonomy":"category","embeddable":true,"href":"https:\/\/radiolitoral.com\/ca\/wp-json\/wp\/v2\/categories?post=3859"},{"taxonomy":"post_tag","embeddable":true,"href":"https:\/\/radiolitoral.com\/ca\/wp-json\/wp\/v2\/tags?post=3859"}],"curies":[{"name":"wp","href":"https:\/\/api.w.org\/{rel}","templated":true}]}}