{"id":3853,"date":"2023-06-07T20:01:11","date_gmt":"2023-06-07T18:01:11","guid":{"rendered":"https:\/\/radiolitoral.com\/?p=3853"},"modified":"2023-06-07T20:02:01","modified_gmt":"2023-06-07T18:02:01","slug":"lassociacio-de-turisme-nautic-de-la-marina-alta-i-creama-posen-en-marxa-una-borsa-de-treball","status":"publish","type":"post","link":"https:\/\/radiolitoral.com\/ca\/2023\/06\/la-asociacion-de-turismo-nautico-de-la-marina-alta-y-creama-ponen-en-marcha-una-bolsa-de-trabajo\/","title":{"rendered":"L&#039;Associaci\u00f3 de Turisme N\u00e0utic de la Marina Alta i CREAMA engeguen una borsa de treball"},"content":{"rendered":"<p>Davant l&#039;inici de la campanya d&#039;estiu i el volum creixent de treball previst per a aquesta temporada al sector n\u00e0utic, l&#039;Associaci\u00f3 de Turisme N\u00e0utic de la Marina Alta (ATNMA) i CREAMA han anunciat una col\u00b7laboraci\u00f3 estrat\u00e8gica per connectar professionals amb empreses.<\/p>\n<p>A trav\u00e9s del Punt N\u00e0utic, encarregat de la promoci\u00f3 del sector n\u00e0utic tur\u00edstic i la revitalitzaci\u00f3 del sector pesquer, totes dues entitats gestionaran conjuntament <strong>borses d&#039;ocupaci\u00f3 a diverses localitats costaneres<\/strong> amb l&#039;objectiu de proveir a les empreses del sector n\u00e0utic una cartera de treballadors adaptada als perfils m\u00e9s demanats.<\/p>\n<p>Com explica Ricardo Burriel Mora, President d&#039;ATNMA, aquest esfor\u00e7 conjunt sorgeix en resposta a la creixent demanda laboral al sector n\u00e0utic, que ha demostrat ser un important motor econ\u00f2mic.<\/p>\n<audio class=\"wp-audio-shortcode\" id=\"audio-3853-1\" preload=\"none\" style=\"width: 100%;\" controls=\"controls\"><source type=\"audio\/mpeg\" src=\"https:\/\/media.radiolitoral.com\/wp-content\/uploads\/2023\/06\/07195021\/Ricardo-Burriel-1.mp3?_=1\" \/><a href=\"https:\/\/media.radiolitoral.com\/wp-content\/uploads\/2023\/06\/07195021\/Ricardo-Burriel-1.mp3\">https:\/\/media.radiolitoral.com\/wp-content\/uploads\/2023\/06\/07195021\/Ricardo-Burriel-1.mp3<\/a><\/audio>\n<p>La col\u00b7laboraci\u00f3 comen\u00e7ar\u00e0 a prendre forma ja aquest mes de juny a les localitats de Benissa, Calp, Teulada Moraira i X\u00e0bia, on CREAMA t\u00e9 compet\u00e8ncies en mat\u00e8ria d&#039;ocupaci\u00f3.<\/p>\n<p>Ricardo Burriel ha assenyalat que un dels desafiaments del sector tur\u00edstic n\u00e0utic \u00e9s la localitzaci\u00f3 de professionals qualificats per cobrir l&#039;alta demanda durant la temporada alta. Les empreses busquen treballadors que resideixen a la Marina Alta, at\u00e8s que la dificultat de trobar vivenda a l&#039;estiu restringeix l&#039;acc\u00e9s als llocs de treball pels professionals de fora.<\/p>\n<p>Es busquen des de patrons de vaixells, passant per monitors de caiac fins a empleats datenci\u00f3 al client.<\/p>\n<audio class=\"wp-audio-shortcode\" id=\"audio-3853-2\" preload=\"none\" style=\"width: 100%;\" controls=\"controls\"><source type=\"audio\/mpeg\" src=\"https:\/\/media.radiolitoral.com\/wp-content\/uploads\/2023\/06\/07195041\/Ricardo-Burriel-2.mp3?_=2\" \/><a href=\"https:\/\/media.radiolitoral.com\/wp-content\/uploads\/2023\/06\/07195041\/Ricardo-Burriel-2.mp3\">https:\/\/media.radiolitoral.com\/wp-content\/uploads\/2023\/06\/07195041\/Ricardo-Burriel-2.mp3<\/a><\/audio>","protected":false},"excerpt":{"rendered":"<p>Ante el inicio de la campa\u00f1a de verano y el creciente volumen de trabajo previsto para esta temporada en el sector n\u00e1utico, la Asociaci\u00f3n de Turismo N\u00e1utico de la Marina Alta (ATNMA) y CREAMA han anunciado una colaboraci\u00f3n estrat\u00e9gica para conectar profesionales con empresas. A trav\u00e9s del Punt N\u00e0utic, encargado de la promoci\u00f3n del sector [&#8230;]<\/p>\n<p><a class=\"btn btn-secondary understrap-read-more-link\" href=\"https:\/\/radiolitoral.com\/ca\/2023\/06\/la-asociacion-de-turismo-nautico-de-la-marina-alta-y-creama-ponen-en-marcha-una-bolsa-de-trabajo\/\">Continua llegint&#8230;<span class=\"screen-reader-text\"> from La Asociaci\u00f3n de Turismo N\u00e1utico de la Marina Alta y CREAMA ponen en marcha una bolsa de trabajo<\/span><\/a><\/p>\n","protected":false},"author":21,"featured_media":3856,"comment_status":"open","ping_status":"closed","sticky":false,"template":"","format":"standard","meta":{"_acf_changed":false,"inline_featured_image":false,"footnotes":""},"categories":[71],"tags":[745,747,746],"class_list":["post-3853","post","type-post","status-publish","format-standard","has-post-thumbnail","hentry","category-informacion-de-servicios","tag-bolsa-trabajo","tag-nautica","tag-patrones","cobertura-marina-alta"],"acf":[],"yoast_head":"<!-- This site is optimized with the Yoast SEO plugin v27.5 - https:\/\/yoast.com\/product\/yoast-seo-wordpress\/ -->\n<title>La Asociaci\u00f3n de Turismo N\u00e1utico de la Marina Alta y CREAMA ponen en marcha una bolsa de trabajo | R\u00e0dio Litoral<\/title>\n<meta name=\"description\" content=\"Existe una reciente demanda laboral en el sector n\u00e1utico Existe una reciente demanda laboral en el sector n\u00e1utico\" \/>\n<meta name=\"robots\" content=\"index, follow, max-snippet:-1, max-image-preview:large, max-video-preview:-1\" \/>\n<link rel=\"canonical\" href=\"https:\/\/radiolitoral.com\/ca\/2023\/06\/lassociacio-de-turisme-nautic-de-la-marina-alta-i-creama-posen-en-marxa-una-borsa-de-treball\/\" \/>\n<meta property=\"og:locale\" content=\"ca_ES\" \/>\n<meta property=\"og:type\" content=\"article\" \/>\n<meta property=\"og:title\" content=\"La Asociaci\u00f3n de Turismo N\u00e1utico de la Marina Alta y CREAMA ponen en marcha una bolsa de trabajo | R\u00e0dio Litoral\" \/>\n<meta property=\"og:description\" content=\"Existe una reciente demanda laboral en el sector n\u00e1utico Existe una reciente demanda laboral en el sector n\u00e1utico\" \/>\n<meta property=\"og:url\" content=\"https:\/\/radiolitoral.com\/ca\/2023\/06\/lassociacio-de-turisme-nautic-de-la-marina-alta-i-creama-posen-en-marxa-una-borsa-de-treball\/\" \/>\n<meta property=\"og:site_name\" content=\"R\u00e0dio Litoral\" \/>\n<meta property=\"article:publisher\" content=\"https:\/\/www.facebook.com\/Laradiolitoral\/\" \/>\n<meta property=\"article:published_time\" content=\"2023-06-07T18:01:11+00:00\" \/>\n<meta property=\"article:modified_time\" content=\"2023-06-07T18:02:01+00:00\" \/>\n<meta property=\"og:image\" content=\"https:\/\/media.radiolitoral.com\/wp-content\/uploads\/2023\/06\/07200019\/barco.jpg\" \/>\n\t<meta property=\"og:image:width\" content=\"708\" \/>\n\t<meta property=\"og:image:height\" content=\"473\" \/>\n\t<meta property=\"og:image:type\" content=\"image\/jpeg\" \/>\n<meta name=\"author\" content=\"Mel Pescuezo\" \/>\n<meta name=\"twitter:card\" content=\"summary_large_image\" \/>\n<meta name=\"twitter:label1\" content=\"Escrit per\" \/>\n\t<meta name=\"twitter:data1\" content=\"Mel Pescuezo\" \/>\n\t<meta name=\"twitter:label2\" content=\"Temps estimat de lectura\" \/>\n\t<meta name=\"twitter:data2\" content=\"2 minuts\" \/>\n<script type=\"application\/ld+json\" class=\"yoast-schema-graph\">{\"@context\":\"https:\\\/\\\/schema.org\",\"@graph\":[{\"@type\":\"NewsArticle\",\"@id\":\"https:\\\/\\\/radiolitoral.com\\\/2023\\\/06\\\/la-asociacion-de-turismo-nautico-de-la-marina-alta-y-creama-ponen-en-marcha-una-bolsa-de-trabajo\\\/#article\",\"isPartOf\":{\"@id\":\"https:\\\/\\\/radiolitoral.com\\\/2023\\\/06\\\/la-asociacion-de-turismo-nautico-de-la-marina-alta-y-creama-ponen-en-marcha-una-bolsa-de-trabajo\\\/\"},\"author\":{\"name\":\"Mel Pescuezo\",\"@id\":\"https:\\\/\\\/radiolitoral.com\\\/#\\\/schema\\\/person\\\/aad4f72efa404f85b68e832d24cac059\"},\"headline\":\"La Asociaci\u00f3n de Turismo N\u00e1utico de la Marina Alta y CREAMA ponen en marcha una bolsa de trabajo\",\"datePublished\":\"2023-06-07T18:01:11+00:00\",\"dateModified\":\"2023-06-07T18:02:01+00:00\",\"mainEntityOfPage\":{\"@id\":\"https:\\\/\\\/radiolitoral.com\\\/2023\\\/06\\\/la-asociacion-de-turismo-nautico-de-la-marina-alta-y-creama-ponen-en-marcha-una-bolsa-de-trabajo\\\/\"},\"wordCount\":298,\"commentCount\":0,\"publisher\":{\"@id\":\"https:\\\/\\\/radiolitoral.com\\\/#organization\"},\"image\":{\"@id\":\"https:\\\/\\\/radiolitoral.com\\\/2023\\\/06\\\/la-asociacion-de-turismo-nautico-de-la-marina-alta-y-creama-ponen-en-marcha-una-bolsa-de-trabajo\\\/#primaryimage\"},\"thumbnailUrl\":\"https:\\\/\\\/media.radiolitoral.com\\\/wp-content\\\/uploads\\\/2023\\\/06\\\/07200019\\\/barco.jpg\",\"keywords\":[\"bolsa trabajo\",\"na\u00fatica\",\"patrones\"],\"articleSection\":[\"Informaci\u00f3n de Servicios\"],\"inLanguage\":\"ca\",\"potentialAction\":[{\"@type\":\"CommentAction\",\"name\":\"Comment\",\"target\":[\"https:\\\/\\\/radiolitoral.com\\\/2023\\\/06\\\/la-asociacion-de-turismo-nautico-de-la-marina-alta-y-creama-ponen-en-marcha-una-bolsa-de-trabajo\\\/#respond\"]}]},{\"@type\":[\"WebPage\",\"ItemPage\"],\"@id\":\"https:\\\/\\\/radiolitoral.com\\\/2023\\\/06\\\/la-asociacion-de-turismo-nautico-de-la-marina-alta-y-creama-ponen-en-marcha-una-bolsa-de-trabajo\\\/\",\"url\":\"https:\\\/\\\/radiolitoral.com\\\/2023\\\/06\\\/la-asociacion-de-turismo-nautico-de-la-marina-alta-y-creama-ponen-en-marcha-una-bolsa-de-trabajo\\\/\",\"name\":\"La Asociaci\u00f3n de Turismo N\u00e1utico de la Marina Alta y CREAMA ponen en marcha una bolsa de trabajo | R\u00e0dio Litoral\",\"isPartOf\":{\"@id\":\"https:\\\/\\\/radiolitoral.com\\\/#website\"},\"primaryImageOfPage\":{\"@id\":\"https:\\\/\\\/radiolitoral.com\\\/2023\\\/06\\\/la-asociacion-de-turismo-nautico-de-la-marina-alta-y-creama-ponen-en-marcha-una-bolsa-de-trabajo\\\/#primaryimage\"},\"image\":{\"@id\":\"https:\\\/\\\/radiolitoral.com\\\/2023\\\/06\\\/la-asociacion-de-turismo-nautico-de-la-marina-alta-y-creama-ponen-en-marcha-una-bolsa-de-trabajo\\\/#primaryimage\"},\"thumbnailUrl\":\"https:\\\/\\\/media.radiolitoral.com\\\/wp-content\\\/uploads\\\/2023\\\/06\\\/07200019\\\/barco.jpg\",\"datePublished\":\"2023-06-07T18:01:11+00:00\",\"dateModified\":\"2023-06-07T18:02:01+00:00\",\"description\":\"Existe una reciente demanda laboral en el sector n\u00e1utico Existe una reciente demanda laboral en el sector n\u00e1utico\",\"breadcrumb\":{\"@id\":\"https:\\\/\\\/radiolitoral.com\\\/2023\\\/06\\\/la-asociacion-de-turismo-nautico-de-la-marina-alta-y-creama-ponen-en-marcha-una-bolsa-de-trabajo\\\/#breadcrumb\"},\"inLanguage\":\"ca\",\"potentialAction\":[{\"@type\":\"ReadAction\",\"target\":[\"https:\\\/\\\/radiolitoral.com\\\/2023\\\/06\\\/la-asociacion-de-turismo-nautico-de-la-marina-alta-y-creama-ponen-en-marcha-una-bolsa-de-trabajo\\\/\"]}]},{\"@type\":\"ImageObject\",\"inLanguage\":\"ca\",\"@id\":\"https:\\\/\\\/radiolitoral.com\\\/2023\\\/06\\\/la-asociacion-de-turismo-nautico-de-la-marina-alta-y-creama-ponen-en-marcha-una-bolsa-de-trabajo\\\/#primaryimage\",\"url\":\"https:\\\/\\\/media.radiolitoral.com\\\/wp-content\\\/uploads\\\/2023\\\/06\\\/07200019\\\/barco.jpg\",\"contentUrl\":\"https:\\\/\\\/media.radiolitoral.com\\\/wp-content\\\/uploads\\\/2023\\\/06\\\/07200019\\\/barco.jpg\",\"width\":708,\"height\":473},{\"@type\":\"BreadcrumbList\",\"@id\":\"https:\\\/\\\/radiolitoral.com\\\/2023\\\/06\\\/la-asociacion-de-turismo-nautico-de-la-marina-alta-y-creama-ponen-en-marcha-una-bolsa-de-trabajo\\\/#breadcrumb\",\"itemListElement\":[{\"@type\":\"ListItem\",\"position\":1,\"name\":\"Portada\",\"item\":\"https:\\\/\\\/radiolitoral.com\\\/\"},{\"@type\":\"ListItem\",\"position\":2,\"name\":\"La Asociaci\u00f3n de Turismo N\u00e1utico de la Marina Alta y CREAMA ponen en marcha una bolsa de trabajo\"}]},{\"@type\":\"WebSite\",\"@id\":\"https:\\\/\\\/radiolitoral.com\\\/#website\",\"url\":\"https:\\\/\\\/radiolitoral.com\\\/\",\"name\":\"Radio Litoral\",\"description\":\"La radio local de la Marina Alta\",\"publisher\":{\"@id\":\"https:\\\/\\\/radiolitoral.com\\\/#organization\"},\"alternateName\":\"Litoral FM\",\"potentialAction\":[{\"@type\":\"SearchAction\",\"target\":{\"@type\":\"EntryPoint\",\"urlTemplate\":\"https:\\\/\\\/radiolitoral.com\\\/?s={search_term_string}\"},\"query-input\":{\"@type\":\"PropertyValueSpecification\",\"valueRequired\":true,\"valueName\":\"search_term_string\"}}],\"inLanguage\":\"ca\"},{\"@type\":\"Organization\",\"@id\":\"https:\\\/\\\/radiolitoral.com\\\/#organization\",\"name\":\"Radio Litoral\",\"url\":\"https:\\\/\\\/radiolitoral.com\\\/\",\"logo\":{\"@type\":\"ImageObject\",\"inLanguage\":\"ca\",\"@id\":\"https:\\\/\\\/radiolitoral.com\\\/#\\\/schema\\\/logo\\\/image\\\/\",\"url\":\"https:\\\/\\\/media.radiolitoral.com\\\/wp-content\\\/uploads\\\/2023\\\/02\\\/24143238\\\/CL-V-RadioLitoral696.png\",\"contentUrl\":\"https:\\\/\\\/media.radiolitoral.com\\\/wp-content\\\/uploads\\\/2023\\\/02\\\/24143238\\\/CL-V-RadioLitoral696.png\",\"width\":696,\"height\":696,\"caption\":\"Radio Litoral\"},\"image\":{\"@id\":\"https:\\\/\\\/radiolitoral.com\\\/#\\\/schema\\\/logo\\\/image\\\/\"},\"sameAs\":[\"https:\\\/\\\/www.facebook.com\\\/Laradiolitoral\\\/\"]},{\"@type\":\"Person\",\"@id\":\"https:\\\/\\\/radiolitoral.com\\\/#\\\/schema\\\/person\\\/aad4f72efa404f85b68e832d24cac059\",\"name\":\"Mel Pescuezo\",\"image\":{\"@type\":\"ImageObject\",\"inLanguage\":\"ca\",\"@id\":\"https:\\\/\\\/secure.gravatar.com\\\/avatar\\\/993975ae489c70cb0dd9bfa9413a082f0bd276582dac13661af7b33f161e7eea?s=96&d=mm&r=g\",\"url\":\"https:\\\/\\\/secure.gravatar.com\\\/avatar\\\/993975ae489c70cb0dd9bfa9413a082f0bd276582dac13661af7b33f161e7eea?s=96&d=mm&r=g\",\"contentUrl\":\"https:\\\/\\\/secure.gravatar.com\\\/avatar\\\/993975ae489c70cb0dd9bfa9413a082f0bd276582dac13661af7b33f161e7eea?s=96&d=mm&r=g\",\"caption\":\"Mel Pescuezo\"},\"url\":\"https:\\\/\\\/radiolitoral.com\\\/ca\\\/author\\\/serviciospararadios\\\/\"}]}<\/script>\n<!-- \/ Yoast SEO plugin. -->","yoast_head_json":{"title":"L&#039;Associaci\u00f3 de Turisme N\u00e0utic de la Marina Alta i CREAMA engeguen una borsa de treball | R\u00e0dio Litoral","description":"Hi ha una demanda laboral recent al sector n\u00e0utic Hi ha una demanda laboral recent al sector n\u00e0utic","robots":{"index":"index","follow":"follow","max-snippet":"max-snippet:-1","max-image-preview":"max-image-preview:large","max-video-preview":"max-video-preview:-1"},"canonical":"https:\/\/radiolitoral.com\/ca\/2023\/06\/lassociacio-de-turisme-nautic-de-la-marina-alta-i-creama-posen-en-marxa-una-borsa-de-treball\/","og_locale":"ca_ES","og_type":"article","og_title":"La Asociaci\u00f3n de Turismo N\u00e1utico de la Marina Alta y CREAMA ponen en marcha una bolsa de trabajo | R\u00e0dio Litoral","og_description":"Existe una reciente demanda laboral en el sector n\u00e1utico Existe una reciente demanda laboral en el sector n\u00e1utico","og_url":"https:\/\/radiolitoral.com\/ca\/2023\/06\/lassociacio-de-turisme-nautic-de-la-marina-alta-i-creama-posen-en-marxa-una-borsa-de-treball\/","og_site_name":"R\u00e0dio Litoral","article_publisher":"https:\/\/www.facebook.com\/Laradiolitoral\/","article_published_time":"2023-06-07T18:01:11+00:00","article_modified_time":"2023-06-07T18:02:01+00:00","og_image":[{"width":708,"height":473,"url":"https:\/\/media.radiolitoral.com\/wp-content\/uploads\/2023\/06\/07200019\/barco.jpg","type":"image\/jpeg"}],"author":"Mel Pescuezo","twitter_card":"summary_large_image","twitter_misc":{"Escrit per":"Mel Pescuezo","Temps estimat de lectura":"2 minuts"},"schema":{"@context":"https:\/\/schema.org","@graph":[{"@type":"NewsArticle","@id":"https:\/\/radiolitoral.com\/2023\/06\/la-asociacion-de-turismo-nautico-de-la-marina-alta-y-creama-ponen-en-marcha-una-bolsa-de-trabajo\/#article","isPartOf":{"@id":"https:\/\/radiolitoral.com\/2023\/06\/la-asociacion-de-turismo-nautico-de-la-marina-alta-y-creama-ponen-en-marcha-una-bolsa-de-trabajo\/"},"author":{"name":"Mel Pescuezo","@id":"https:\/\/radiolitoral.com\/#\/schema\/person\/aad4f72efa404f85b68e832d24cac059"},"headline":"La Asociaci\u00f3n de Turismo N\u00e1utico de la Marina Alta y CREAMA ponen en marcha una bolsa de trabajo","datePublished":"2023-06-07T18:01:11+00:00","dateModified":"2023-06-07T18:02:01+00:00","mainEntityOfPage":{"@id":"https:\/\/radiolitoral.com\/2023\/06\/la-asociacion-de-turismo-nautico-de-la-marina-alta-y-creama-ponen-en-marcha-una-bolsa-de-trabajo\/"},"wordCount":298,"commentCount":0,"publisher":{"@id":"https:\/\/radiolitoral.com\/#organization"},"image":{"@id":"https:\/\/radiolitoral.com\/2023\/06\/la-asociacion-de-turismo-nautico-de-la-marina-alta-y-creama-ponen-en-marcha-una-bolsa-de-trabajo\/#primaryimage"},"thumbnailUrl":"https:\/\/media.radiolitoral.com\/wp-content\/uploads\/2023\/06\/07200019\/barco.jpg","keywords":["bolsa trabajo","na\u00fatica","patrones"],"articleSection":["Informaci\u00f3n de Servicios"],"inLanguage":"ca","potentialAction":[{"@type":"CommentAction","name":"Comment","target":["https:\/\/radiolitoral.com\/2023\/06\/la-asociacion-de-turismo-nautico-de-la-marina-alta-y-creama-ponen-en-marcha-una-bolsa-de-trabajo\/#respond"]}]},{"@type":["WebPage","ItemPage"],"@id":"https:\/\/radiolitoral.com\/2023\/06\/la-asociacion-de-turismo-nautico-de-la-marina-alta-y-creama-ponen-en-marcha-una-bolsa-de-trabajo\/","url":"https:\/\/radiolitoral.com\/2023\/06\/la-asociacion-de-turismo-nautico-de-la-marina-alta-y-creama-ponen-en-marcha-una-bolsa-de-trabajo\/","name":"L&#039;Associaci\u00f3 de Turisme N\u00e0utic de la Marina Alta i CREAMA engeguen una borsa de treball | R\u00e0dio Litoral","isPartOf":{"@id":"https:\/\/radiolitoral.com\/#website"},"primaryImageOfPage":{"@id":"https:\/\/radiolitoral.com\/2023\/06\/la-asociacion-de-turismo-nautico-de-la-marina-alta-y-creama-ponen-en-marcha-una-bolsa-de-trabajo\/#primaryimage"},"image":{"@id":"https:\/\/radiolitoral.com\/2023\/06\/la-asociacion-de-turismo-nautico-de-la-marina-alta-y-creama-ponen-en-marcha-una-bolsa-de-trabajo\/#primaryimage"},"thumbnailUrl":"https:\/\/media.radiolitoral.com\/wp-content\/uploads\/2023\/06\/07200019\/barco.jpg","datePublished":"2023-06-07T18:01:11+00:00","dateModified":"2023-06-07T18:02:01+00:00","description":"Hi ha una demanda laboral recent al sector n\u00e0utic Hi ha una demanda laboral recent al sector n\u00e0utic","breadcrumb":{"@id":"https:\/\/radiolitoral.com\/2023\/06\/la-asociacion-de-turismo-nautico-de-la-marina-alta-y-creama-ponen-en-marcha-una-bolsa-de-trabajo\/#breadcrumb"},"inLanguage":"ca","potentialAction":[{"@type":"ReadAction","target":["https:\/\/radiolitoral.com\/2023\/06\/la-asociacion-de-turismo-nautico-de-la-marina-alta-y-creama-ponen-en-marcha-una-bolsa-de-trabajo\/"]}]},{"@type":"ImageObject","inLanguage":"ca","@id":"https:\/\/radiolitoral.com\/2023\/06\/la-asociacion-de-turismo-nautico-de-la-marina-alta-y-creama-ponen-en-marcha-una-bolsa-de-trabajo\/#primaryimage","url":"https:\/\/media.radiolitoral.com\/wp-content\/uploads\/2023\/06\/07200019\/barco.jpg","contentUrl":"https:\/\/media.radiolitoral.com\/wp-content\/uploads\/2023\/06\/07200019\/barco.jpg","width":708,"height":473},{"@type":"BreadcrumbList","@id":"https:\/\/radiolitoral.com\/2023\/06\/la-asociacion-de-turismo-nautico-de-la-marina-alta-y-creama-ponen-en-marcha-una-bolsa-de-trabajo\/#breadcrumb","itemListElement":[{"@type":"ListItem","position":1,"name":"Portada","item":"https:\/\/radiolitoral.com\/"},{"@type":"ListItem","position":2,"name":"La Asociaci\u00f3n de Turismo N\u00e1utico de la Marina Alta y CREAMA ponen en marcha una bolsa de trabajo"}]},{"@type":"WebSite","@id":"https:\/\/radiolitoral.com\/#website","url":"https:\/\/radiolitoral.com\/","name":"R\u00e0dio Litoral","description":"La r\u00e0dio local de la Marina Alta","publisher":{"@id":"https:\/\/radiolitoral.com\/#organization"},"alternateName":"Litoral FM","potentialAction":[{"@type":"SearchAction","target":{"@type":"EntryPoint","urlTemplate":"https:\/\/radiolitoral.com\/?s={search_term_string}"},"query-input":{"@type":"PropertyValueSpecification","valueRequired":true,"valueName":"search_term_string"}}],"inLanguage":"ca"},{"@type":"Organization","@id":"https:\/\/radiolitoral.com\/#organization","name":"R\u00e0dio Litoral","url":"https:\/\/radiolitoral.com\/","logo":{"@type":"ImageObject","inLanguage":"ca","@id":"https:\/\/radiolitoral.com\/#\/schema\/logo\/image\/","url":"https:\/\/media.radiolitoral.com\/wp-content\/uploads\/2023\/02\/24143238\/CL-V-RadioLitoral696.png","contentUrl":"https:\/\/media.radiolitoral.com\/wp-content\/uploads\/2023\/02\/24143238\/CL-V-RadioLitoral696.png","width":696,"height":696,"caption":"Radio Litoral"},"image":{"@id":"https:\/\/radiolitoral.com\/#\/schema\/logo\/image\/"},"sameAs":["https:\/\/www.facebook.com\/Laradiolitoral\/"]},{"@type":"Person","@id":"https:\/\/radiolitoral.com\/#\/schema\/person\/aad4f72efa404f85b68e832d24cac059","name":"Mel Pescuezo","image":{"@type":"ImageObject","inLanguage":"ca","@id":"https:\/\/secure.gravatar.com\/avatar\/993975ae489c70cb0dd9bfa9413a082f0bd276582dac13661af7b33f161e7eea?s=96&d=mm&r=g","url":"https:\/\/secure.gravatar.com\/avatar\/993975ae489c70cb0dd9bfa9413a082f0bd276582dac13661af7b33f161e7eea?s=96&d=mm&r=g","contentUrl":"https:\/\/secure.gravatar.com\/avatar\/993975ae489c70cb0dd9bfa9413a082f0bd276582dac13661af7b33f161e7eea?s=96&d=mm&r=g","caption":"Mel Pescuezo"},"url":"https:\/\/radiolitoral.com\/ca\/author\/serviciospararadios\/"}]}},"_links":{"self":[{"href":"https:\/\/radiolitoral.com\/ca\/wp-json\/wp\/v2\/posts\/3853","targetHints":{"allow":["GET"]}}],"collection":[{"href":"https:\/\/radiolitoral.com\/ca\/wp-json\/wp\/v2\/posts"}],"about":[{"href":"https:\/\/radiolitoral.com\/ca\/wp-json\/wp\/v2\/types\/post"}],"author":[{"embeddable":true,"href":"https:\/\/radiolitoral.com\/ca\/wp-json\/wp\/v2\/users\/21"}],"replies":[{"embeddable":true,"href":"https:\/\/radiolitoral.com\/ca\/wp-json\/wp\/v2\/comments?post=3853"}],"version-history":[{"count":1,"href":"https:\/\/radiolitoral.com\/ca\/wp-json\/wp\/v2\/posts\/3853\/revisions"}],"predecessor-version":[{"id":3857,"href":"https:\/\/radiolitoral.com\/ca\/wp-json\/wp\/v2\/posts\/3853\/revisions\/3857"}],"wp:featuredmedia":[{"embeddable":true,"href":"https:\/\/radiolitoral.com\/ca\/wp-json\/wp\/v2\/media\/3856"}],"wp:attachment":[{"href":"https:\/\/radiolitoral.com\/ca\/wp-json\/wp\/v2\/media?parent=3853"}],"wp:term":[{"taxonomy":"category","embeddable":true,"href":"https:\/\/radiolitoral.com\/ca\/wp-json\/wp\/v2\/categories?post=3853"},{"taxonomy":"post_tag","embeddable":true,"href":"https:\/\/radiolitoral.com\/ca\/wp-json\/wp\/v2\/tags?post=3853"}],"curies":[{"name":"wp","href":"https:\/\/api.w.org\/{rel}","templated":true}]}}