{"id":3849,"date":"2023-06-07T19:42:22","date_gmt":"2023-06-07T17:42:22","guid":{"rendered":"https:\/\/radiolitoral.com\/?p=3849"},"modified":"2023-06-07T19:43:57","modified_gmt":"2023-06-07T17:43:57","slug":"calp-torna-a-oferir-servei-gratuit-de-mediacio-per-a-la-resolucio-de-conflictes-entre-veins","status":"publish","type":"post","link":"https:\/\/radiolitoral.com\/ca\/2023\/06\/calp-vuelve-a-ofrecer-servicio-gratuito-de-mediacion-para-la-resolucion-de-conflictos-entre-vecinos\/","title":{"rendered":"Calp torna a oferir servei gratu\u00eft de mediaci\u00f3 per a la resoluci\u00f3 de conflictes entre ve\u00efns"},"content":{"rendered":"<p>L&#039;Ajuntament de Calp torna a oferir un servei gratu\u00eft de mediaci\u00f3 per resoldre conflictes entre ve\u00efns. L&#039;any passat el va engegar per primera vegada \u2013 de setembre a desembre de 2022 \u2013 a trav\u00e9s d&#039;una subvenci\u00f3 de la Conselleria de Just\u00edcia i va ser ofert per l&#039;Il\u00b7lustre Col\u00b7legi de l&#039;Advocacia d&#039;Alacant (ICALI).<\/p>\n<p>Ara ho prestar\u00e0 l&#039;empresa Dam Advocats, adjudicat\u00e0ria del nou servei que, novament, ser\u00e0 finan\u00e7at a trav\u00e9s d&#039;una subvenci\u00f3 de la Generalitat Valenciana. Ser\u00e0 a Calp els dijous de 9.30 ha 13.30 h al Jutjat de Pau amb cita pr\u00e8via a trav\u00e9s del correu <a href=\"mailto:cmorato@ajcalp.es\">cmorato@ajcalp.es<\/a> o del tel\u00e8fon 661981646.<\/p>\n<p>La mediaci\u00f3 \u00e9s una via alternativa a la resoluci\u00f3 de controv\u00e8rsies que permet a les parts en conflicte arribar als seus acords sense la intervenci\u00f3 judicial i amb l&#039;ajuda d&#039;un professional mediador.<\/p>","protected":false},"excerpt":{"rendered":"<p>El Ayuntamiento de Calp vuelve a ofrecer un servicio gratuito de mediaci\u00f3n para la resoluci\u00f3n de conflictos entre vecinos. El a\u00f1o pasado lo puso en marcha por primera vez \u2013 de septiembre a diciembre de 2022 &#8211; a trav\u00e9s de una subvenci\u00f3n de la Conselleria de Justicia y fue ofrecido por el Ilustre Colegio de [&#8230;]<\/p>\n<p><a class=\"btn btn-secondary understrap-read-more-link\" href=\"https:\/\/radiolitoral.com\/ca\/2023\/06\/calp-vuelve-a-ofrecer-servicio-gratuito-de-mediacion-para-la-resolucion-de-conflictos-entre-vecinos\/\">Continua llegint&#8230;<span class=\"screen-reader-text\"> from Calp vuelve a ofrecer servicio gratuito de mediaci\u00f3n para la resoluci\u00f3n de conflictos entre vecinos<\/span><\/a><\/p>\n","protected":false},"author":21,"featured_media":3850,"comment_status":"open","ping_status":"closed","sticky":false,"template":"","format":"standard","meta":{"_acf_changed":false,"inline_featured_image":false,"footnotes":""},"categories":[85],"tags":[744],"class_list":["post-3849","post","type-post","status-publish","format-standard","has-post-thumbnail","hentry","category-servicios-publicos","tag-juzgado-paz","cobertura-calp"],"acf":[],"yoast_head":"<!-- This site is optimized with the Yoast SEO plugin v27.5 - https:\/\/yoast.com\/product\/yoast-seo-wordpress\/ -->\n<title>Calp vuelve a ofrecer servicio gratuito de mediaci\u00f3n para la resoluci\u00f3n de conflictos entre vecinos | R\u00e0dio Litoral<\/title>\n<meta name=\"description\" content=\"La empresa adjudicataria es Dam Abogados La empresa adjudicataria es Dam Abogados\" \/>\n<meta name=\"robots\" content=\"index, follow, max-snippet:-1, max-image-preview:large, max-video-preview:-1\" \/>\n<link rel=\"canonical\" href=\"https:\/\/radiolitoral.com\/ca\/2023\/06\/calp-torna-a-oferir-servei-gratuit-de-mediacio-per-a-la-resolucio-de-conflictes-entre-veins\/\" \/>\n<meta property=\"og:locale\" content=\"ca_ES\" \/>\n<meta property=\"og:type\" content=\"article\" \/>\n<meta property=\"og:title\" content=\"Calp vuelve a ofrecer servicio gratuito de mediaci\u00f3n para la resoluci\u00f3n de conflictos entre vecinos | R\u00e0dio Litoral\" \/>\n<meta property=\"og:description\" content=\"La empresa adjudicataria es Dam Abogados La empresa adjudicataria es Dam Abogados\" \/>\n<meta property=\"og:url\" content=\"https:\/\/radiolitoral.com\/ca\/2023\/06\/calp-torna-a-oferir-servei-gratuit-de-mediacio-per-a-la-resolucio-de-conflictes-entre-veins\/\" \/>\n<meta property=\"og:site_name\" content=\"R\u00e0dio Litoral\" \/>\n<meta property=\"article:publisher\" content=\"https:\/\/www.facebook.com\/Laradiolitoral\/\" \/>\n<meta property=\"article:published_time\" content=\"2023-06-07T17:42:22+00:00\" \/>\n<meta property=\"article:modified_time\" content=\"2023-06-07T17:43:57+00:00\" \/>\n<meta property=\"og:image\" content=\"https:\/\/media.radiolitoral.com\/wp-content\/uploads\/2023\/06\/07193727\/juzgado.jpg\" \/>\n\t<meta property=\"og:image:width\" content=\"248\" \/>\n\t<meta property=\"og:image:height\" content=\"510\" \/>\n\t<meta property=\"og:image:type\" content=\"image\/jpeg\" \/>\n<meta name=\"author\" content=\"Mel Pescuezo\" \/>\n<meta name=\"twitter:card\" content=\"summary_large_image\" \/>\n<meta name=\"twitter:label1\" content=\"Escrit per\" \/>\n\t<meta name=\"twitter:data1\" content=\"Mel Pescuezo\" \/>\n\t<meta name=\"twitter:label2\" content=\"Temps estimat de lectura\" \/>\n\t<meta name=\"twitter:data2\" content=\"1 minut\" \/>\n<script type=\"application\/ld+json\" class=\"yoast-schema-graph\">{\"@context\":\"https:\\\/\\\/schema.org\",\"@graph\":[{\"@type\":\"NewsArticle\",\"@id\":\"https:\\\/\\\/radiolitoral.com\\\/2023\\\/06\\\/calp-vuelve-a-ofrecer-servicio-gratuito-de-mediacion-para-la-resolucion-de-conflictos-entre-vecinos\\\/#article\",\"isPartOf\":{\"@id\":\"https:\\\/\\\/radiolitoral.com\\\/2023\\\/06\\\/calp-vuelve-a-ofrecer-servicio-gratuito-de-mediacion-para-la-resolucion-de-conflictos-entre-vecinos\\\/\"},\"author\":{\"name\":\"Mel Pescuezo\",\"@id\":\"https:\\\/\\\/radiolitoral.com\\\/#\\\/schema\\\/person\\\/aad4f72efa404f85b68e832d24cac059\"},\"headline\":\"Calp vuelve a ofrecer servicio gratuito de mediaci\u00f3n para la resoluci\u00f3n de conflictos entre vecinos\",\"datePublished\":\"2023-06-07T17:42:22+00:00\",\"dateModified\":\"2023-06-07T17:43:57+00:00\",\"mainEntityOfPage\":{\"@id\":\"https:\\\/\\\/radiolitoral.com\\\/2023\\\/06\\\/calp-vuelve-a-ofrecer-servicio-gratuito-de-mediacion-para-la-resolucion-de-conflictos-entre-vecinos\\\/\"},\"wordCount\":176,\"commentCount\":0,\"publisher\":{\"@id\":\"https:\\\/\\\/radiolitoral.com\\\/#organization\"},\"image\":{\"@id\":\"https:\\\/\\\/radiolitoral.com\\\/2023\\\/06\\\/calp-vuelve-a-ofrecer-servicio-gratuito-de-mediacion-para-la-resolucion-de-conflictos-entre-vecinos\\\/#primaryimage\"},\"thumbnailUrl\":\"https:\\\/\\\/media.radiolitoral.com\\\/wp-content\\\/uploads\\\/2023\\\/06\\\/07193727\\\/juzgado.jpg\",\"keywords\":[\"Juzgado Paz\"],\"articleSection\":[\"Servicios P\u00fablicos\"],\"inLanguage\":\"ca\",\"potentialAction\":[{\"@type\":\"CommentAction\",\"name\":\"Comment\",\"target\":[\"https:\\\/\\\/radiolitoral.com\\\/2023\\\/06\\\/calp-vuelve-a-ofrecer-servicio-gratuito-de-mediacion-para-la-resolucion-de-conflictos-entre-vecinos\\\/#respond\"]}]},{\"@type\":[\"WebPage\",\"ItemPage\"],\"@id\":\"https:\\\/\\\/radiolitoral.com\\\/2023\\\/06\\\/calp-vuelve-a-ofrecer-servicio-gratuito-de-mediacion-para-la-resolucion-de-conflictos-entre-vecinos\\\/\",\"url\":\"https:\\\/\\\/radiolitoral.com\\\/2023\\\/06\\\/calp-vuelve-a-ofrecer-servicio-gratuito-de-mediacion-para-la-resolucion-de-conflictos-entre-vecinos\\\/\",\"name\":\"Calp vuelve a ofrecer servicio gratuito de mediaci\u00f3n para la resoluci\u00f3n de conflictos entre vecinos | R\u00e0dio Litoral\",\"isPartOf\":{\"@id\":\"https:\\\/\\\/radiolitoral.com\\\/#website\"},\"primaryImageOfPage\":{\"@id\":\"https:\\\/\\\/radiolitoral.com\\\/2023\\\/06\\\/calp-vuelve-a-ofrecer-servicio-gratuito-de-mediacion-para-la-resolucion-de-conflictos-entre-vecinos\\\/#primaryimage\"},\"image\":{\"@id\":\"https:\\\/\\\/radiolitoral.com\\\/2023\\\/06\\\/calp-vuelve-a-ofrecer-servicio-gratuito-de-mediacion-para-la-resolucion-de-conflictos-entre-vecinos\\\/#primaryimage\"},\"thumbnailUrl\":\"https:\\\/\\\/media.radiolitoral.com\\\/wp-content\\\/uploads\\\/2023\\\/06\\\/07193727\\\/juzgado.jpg\",\"datePublished\":\"2023-06-07T17:42:22+00:00\",\"dateModified\":\"2023-06-07T17:43:57+00:00\",\"description\":\"La empresa adjudicataria es Dam Abogados La empresa adjudicataria es Dam Abogados\",\"breadcrumb\":{\"@id\":\"https:\\\/\\\/radiolitoral.com\\\/2023\\\/06\\\/calp-vuelve-a-ofrecer-servicio-gratuito-de-mediacion-para-la-resolucion-de-conflictos-entre-vecinos\\\/#breadcrumb\"},\"inLanguage\":\"ca\",\"potentialAction\":[{\"@type\":\"ReadAction\",\"target\":[\"https:\\\/\\\/radiolitoral.com\\\/2023\\\/06\\\/calp-vuelve-a-ofrecer-servicio-gratuito-de-mediacion-para-la-resolucion-de-conflictos-entre-vecinos\\\/\"]}]},{\"@type\":\"ImageObject\",\"inLanguage\":\"ca\",\"@id\":\"https:\\\/\\\/radiolitoral.com\\\/2023\\\/06\\\/calp-vuelve-a-ofrecer-servicio-gratuito-de-mediacion-para-la-resolucion-de-conflictos-entre-vecinos\\\/#primaryimage\",\"url\":\"https:\\\/\\\/media.radiolitoral.com\\\/wp-content\\\/uploads\\\/2023\\\/06\\\/07193727\\\/juzgado.jpg\",\"contentUrl\":\"https:\\\/\\\/media.radiolitoral.com\\\/wp-content\\\/uploads\\\/2023\\\/06\\\/07193727\\\/juzgado.jpg\",\"width\":248,\"height\":510},{\"@type\":\"BreadcrumbList\",\"@id\":\"https:\\\/\\\/radiolitoral.com\\\/2023\\\/06\\\/calp-vuelve-a-ofrecer-servicio-gratuito-de-mediacion-para-la-resolucion-de-conflictos-entre-vecinos\\\/#breadcrumb\",\"itemListElement\":[{\"@type\":\"ListItem\",\"position\":1,\"name\":\"Portada\",\"item\":\"https:\\\/\\\/radiolitoral.com\\\/\"},{\"@type\":\"ListItem\",\"position\":2,\"name\":\"Calp vuelve a ofrecer servicio gratuito de mediaci\u00f3n para la resoluci\u00f3n de conflictos entre vecinos\"}]},{\"@type\":\"WebSite\",\"@id\":\"https:\\\/\\\/radiolitoral.com\\\/#website\",\"url\":\"https:\\\/\\\/radiolitoral.com\\\/\",\"name\":\"Radio Litoral\",\"description\":\"La radio local de la Marina Alta\",\"publisher\":{\"@id\":\"https:\\\/\\\/radiolitoral.com\\\/#organization\"},\"alternateName\":\"Litoral FM\",\"potentialAction\":[{\"@type\":\"SearchAction\",\"target\":{\"@type\":\"EntryPoint\",\"urlTemplate\":\"https:\\\/\\\/radiolitoral.com\\\/?s={search_term_string}\"},\"query-input\":{\"@type\":\"PropertyValueSpecification\",\"valueRequired\":true,\"valueName\":\"search_term_string\"}}],\"inLanguage\":\"ca\"},{\"@type\":\"Organization\",\"@id\":\"https:\\\/\\\/radiolitoral.com\\\/#organization\",\"name\":\"Radio Litoral\",\"url\":\"https:\\\/\\\/radiolitoral.com\\\/\",\"logo\":{\"@type\":\"ImageObject\",\"inLanguage\":\"ca\",\"@id\":\"https:\\\/\\\/radiolitoral.com\\\/#\\\/schema\\\/logo\\\/image\\\/\",\"url\":\"https:\\\/\\\/media.radiolitoral.com\\\/wp-content\\\/uploads\\\/2023\\\/02\\\/24143238\\\/CL-V-RadioLitoral696.png\",\"contentUrl\":\"https:\\\/\\\/media.radiolitoral.com\\\/wp-content\\\/uploads\\\/2023\\\/02\\\/24143238\\\/CL-V-RadioLitoral696.png\",\"width\":696,\"height\":696,\"caption\":\"Radio Litoral\"},\"image\":{\"@id\":\"https:\\\/\\\/radiolitoral.com\\\/#\\\/schema\\\/logo\\\/image\\\/\"},\"sameAs\":[\"https:\\\/\\\/www.facebook.com\\\/Laradiolitoral\\\/\"]},{\"@type\":\"Person\",\"@id\":\"https:\\\/\\\/radiolitoral.com\\\/#\\\/schema\\\/person\\\/aad4f72efa404f85b68e832d24cac059\",\"name\":\"Mel Pescuezo\",\"image\":{\"@type\":\"ImageObject\",\"inLanguage\":\"ca\",\"@id\":\"https:\\\/\\\/secure.gravatar.com\\\/avatar\\\/993975ae489c70cb0dd9bfa9413a082f0bd276582dac13661af7b33f161e7eea?s=96&d=mm&r=g\",\"url\":\"https:\\\/\\\/secure.gravatar.com\\\/avatar\\\/993975ae489c70cb0dd9bfa9413a082f0bd276582dac13661af7b33f161e7eea?s=96&d=mm&r=g\",\"contentUrl\":\"https:\\\/\\\/secure.gravatar.com\\\/avatar\\\/993975ae489c70cb0dd9bfa9413a082f0bd276582dac13661af7b33f161e7eea?s=96&d=mm&r=g\",\"caption\":\"Mel Pescuezo\"},\"url\":\"https:\\\/\\\/radiolitoral.com\\\/ca\\\/author\\\/serviciospararadios\\\/\"}]}<\/script>\n<!-- \/ Yoast SEO plugin. -->","yoast_head_json":{"title":"Calp torna a oferir servei gratu\u00eft de mediaci\u00f3 per resoldre conflictes entre ve\u00efns | R\u00e0dio Litoral","description":"L&#039;empresa adjudicat\u00e0ria \u00e9s Dam Advocats L&#039;empresa adjudicat\u00e0ria \u00e9s Dam Advocats","robots":{"index":"index","follow":"follow","max-snippet":"max-snippet:-1","max-image-preview":"max-image-preview:large","max-video-preview":"max-video-preview:-1"},"canonical":"https:\/\/radiolitoral.com\/ca\/2023\/06\/calp-torna-a-oferir-servei-gratuit-de-mediacio-per-a-la-resolucio-de-conflictes-entre-veins\/","og_locale":"ca_ES","og_type":"article","og_title":"Calp vuelve a ofrecer servicio gratuito de mediaci\u00f3n para la resoluci\u00f3n de conflictos entre vecinos | R\u00e0dio Litoral","og_description":"La empresa adjudicataria es Dam Abogados La empresa adjudicataria es Dam Abogados","og_url":"https:\/\/radiolitoral.com\/ca\/2023\/06\/calp-torna-a-oferir-servei-gratuit-de-mediacio-per-a-la-resolucio-de-conflictes-entre-veins\/","og_site_name":"R\u00e0dio Litoral","article_publisher":"https:\/\/www.facebook.com\/Laradiolitoral\/","article_published_time":"2023-06-07T17:42:22+00:00","article_modified_time":"2023-06-07T17:43:57+00:00","og_image":[{"width":248,"height":510,"url":"https:\/\/media.radiolitoral.com\/wp-content\/uploads\/2023\/06\/07193727\/juzgado.jpg","type":"image\/jpeg"}],"author":"Mel Pescuezo","twitter_card":"summary_large_image","twitter_misc":{"Escrit per":"Mel Pescuezo","Temps estimat de lectura":"1 minut"},"schema":{"@context":"https:\/\/schema.org","@graph":[{"@type":"NewsArticle","@id":"https:\/\/radiolitoral.com\/2023\/06\/calp-vuelve-a-ofrecer-servicio-gratuito-de-mediacion-para-la-resolucion-de-conflictos-entre-vecinos\/#article","isPartOf":{"@id":"https:\/\/radiolitoral.com\/2023\/06\/calp-vuelve-a-ofrecer-servicio-gratuito-de-mediacion-para-la-resolucion-de-conflictos-entre-vecinos\/"},"author":{"name":"Mel Pescuezo","@id":"https:\/\/radiolitoral.com\/#\/schema\/person\/aad4f72efa404f85b68e832d24cac059"},"headline":"Calp vuelve a ofrecer servicio gratuito de mediaci\u00f3n para la resoluci\u00f3n de conflictos entre vecinos","datePublished":"2023-06-07T17:42:22+00:00","dateModified":"2023-06-07T17:43:57+00:00","mainEntityOfPage":{"@id":"https:\/\/radiolitoral.com\/2023\/06\/calp-vuelve-a-ofrecer-servicio-gratuito-de-mediacion-para-la-resolucion-de-conflictos-entre-vecinos\/"},"wordCount":176,"commentCount":0,"publisher":{"@id":"https:\/\/radiolitoral.com\/#organization"},"image":{"@id":"https:\/\/radiolitoral.com\/2023\/06\/calp-vuelve-a-ofrecer-servicio-gratuito-de-mediacion-para-la-resolucion-de-conflictos-entre-vecinos\/#primaryimage"},"thumbnailUrl":"https:\/\/media.radiolitoral.com\/wp-content\/uploads\/2023\/06\/07193727\/juzgado.jpg","keywords":["Juzgado Paz"],"articleSection":["Servicios P\u00fablicos"],"inLanguage":"ca","potentialAction":[{"@type":"CommentAction","name":"Comment","target":["https:\/\/radiolitoral.com\/2023\/06\/calp-vuelve-a-ofrecer-servicio-gratuito-de-mediacion-para-la-resolucion-de-conflictos-entre-vecinos\/#respond"]}]},{"@type":["WebPage","ItemPage"],"@id":"https:\/\/radiolitoral.com\/2023\/06\/calp-vuelve-a-ofrecer-servicio-gratuito-de-mediacion-para-la-resolucion-de-conflictos-entre-vecinos\/","url":"https:\/\/radiolitoral.com\/2023\/06\/calp-vuelve-a-ofrecer-servicio-gratuito-de-mediacion-para-la-resolucion-de-conflictos-entre-vecinos\/","name":"Calp torna a oferir servei gratu\u00eft de mediaci\u00f3 per resoldre conflictes entre ve\u00efns | R\u00e0dio Litoral","isPartOf":{"@id":"https:\/\/radiolitoral.com\/#website"},"primaryImageOfPage":{"@id":"https:\/\/radiolitoral.com\/2023\/06\/calp-vuelve-a-ofrecer-servicio-gratuito-de-mediacion-para-la-resolucion-de-conflictos-entre-vecinos\/#primaryimage"},"image":{"@id":"https:\/\/radiolitoral.com\/2023\/06\/calp-vuelve-a-ofrecer-servicio-gratuito-de-mediacion-para-la-resolucion-de-conflictos-entre-vecinos\/#primaryimage"},"thumbnailUrl":"https:\/\/media.radiolitoral.com\/wp-content\/uploads\/2023\/06\/07193727\/juzgado.jpg","datePublished":"2023-06-07T17:42:22+00:00","dateModified":"2023-06-07T17:43:57+00:00","description":"L&#039;empresa adjudicat\u00e0ria \u00e9s Dam Advocats L&#039;empresa adjudicat\u00e0ria \u00e9s Dam Advocats","breadcrumb":{"@id":"https:\/\/radiolitoral.com\/2023\/06\/calp-vuelve-a-ofrecer-servicio-gratuito-de-mediacion-para-la-resolucion-de-conflictos-entre-vecinos\/#breadcrumb"},"inLanguage":"ca","potentialAction":[{"@type":"ReadAction","target":["https:\/\/radiolitoral.com\/2023\/06\/calp-vuelve-a-ofrecer-servicio-gratuito-de-mediacion-para-la-resolucion-de-conflictos-entre-vecinos\/"]}]},{"@type":"ImageObject","inLanguage":"ca","@id":"https:\/\/radiolitoral.com\/2023\/06\/calp-vuelve-a-ofrecer-servicio-gratuito-de-mediacion-para-la-resolucion-de-conflictos-entre-vecinos\/#primaryimage","url":"https:\/\/media.radiolitoral.com\/wp-content\/uploads\/2023\/06\/07193727\/juzgado.jpg","contentUrl":"https:\/\/media.radiolitoral.com\/wp-content\/uploads\/2023\/06\/07193727\/juzgado.jpg","width":248,"height":510},{"@type":"BreadcrumbList","@id":"https:\/\/radiolitoral.com\/2023\/06\/calp-vuelve-a-ofrecer-servicio-gratuito-de-mediacion-para-la-resolucion-de-conflictos-entre-vecinos\/#breadcrumb","itemListElement":[{"@type":"ListItem","position":1,"name":"Portada","item":"https:\/\/radiolitoral.com\/"},{"@type":"ListItem","position":2,"name":"Calp vuelve a ofrecer servicio gratuito de mediaci\u00f3n para la resoluci\u00f3n de conflictos entre vecinos"}]},{"@type":"WebSite","@id":"https:\/\/radiolitoral.com\/#website","url":"https:\/\/radiolitoral.com\/","name":"R\u00e0dio Litoral","description":"La r\u00e0dio local de la Marina Alta","publisher":{"@id":"https:\/\/radiolitoral.com\/#organization"},"alternateName":"Litoral FM","potentialAction":[{"@type":"SearchAction","target":{"@type":"EntryPoint","urlTemplate":"https:\/\/radiolitoral.com\/?s={search_term_string}"},"query-input":{"@type":"PropertyValueSpecification","valueRequired":true,"valueName":"search_term_string"}}],"inLanguage":"ca"},{"@type":"Organization","@id":"https:\/\/radiolitoral.com\/#organization","name":"R\u00e0dio Litoral","url":"https:\/\/radiolitoral.com\/","logo":{"@type":"ImageObject","inLanguage":"ca","@id":"https:\/\/radiolitoral.com\/#\/schema\/logo\/image\/","url":"https:\/\/media.radiolitoral.com\/wp-content\/uploads\/2023\/02\/24143238\/CL-V-RadioLitoral696.png","contentUrl":"https:\/\/media.radiolitoral.com\/wp-content\/uploads\/2023\/02\/24143238\/CL-V-RadioLitoral696.png","width":696,"height":696,"caption":"Radio Litoral"},"image":{"@id":"https:\/\/radiolitoral.com\/#\/schema\/logo\/image\/"},"sameAs":["https:\/\/www.facebook.com\/Laradiolitoral\/"]},{"@type":"Person","@id":"https:\/\/radiolitoral.com\/#\/schema\/person\/aad4f72efa404f85b68e832d24cac059","name":"Mel Pescuezo","image":{"@type":"ImageObject","inLanguage":"ca","@id":"https:\/\/secure.gravatar.com\/avatar\/993975ae489c70cb0dd9bfa9413a082f0bd276582dac13661af7b33f161e7eea?s=96&d=mm&r=g","url":"https:\/\/secure.gravatar.com\/avatar\/993975ae489c70cb0dd9bfa9413a082f0bd276582dac13661af7b33f161e7eea?s=96&d=mm&r=g","contentUrl":"https:\/\/secure.gravatar.com\/avatar\/993975ae489c70cb0dd9bfa9413a082f0bd276582dac13661af7b33f161e7eea?s=96&d=mm&r=g","caption":"Mel Pescuezo"},"url":"https:\/\/radiolitoral.com\/ca\/author\/serviciospararadios\/"}]}},"_links":{"self":[{"href":"https:\/\/radiolitoral.com\/ca\/wp-json\/wp\/v2\/posts\/3849","targetHints":{"allow":["GET"]}}],"collection":[{"href":"https:\/\/radiolitoral.com\/ca\/wp-json\/wp\/v2\/posts"}],"about":[{"href":"https:\/\/radiolitoral.com\/ca\/wp-json\/wp\/v2\/types\/post"}],"author":[{"embeddable":true,"href":"https:\/\/radiolitoral.com\/ca\/wp-json\/wp\/v2\/users\/21"}],"replies":[{"embeddable":true,"href":"https:\/\/radiolitoral.com\/ca\/wp-json\/wp\/v2\/comments?post=3849"}],"version-history":[{"count":1,"href":"https:\/\/radiolitoral.com\/ca\/wp-json\/wp\/v2\/posts\/3849\/revisions"}],"predecessor-version":[{"id":3851,"href":"https:\/\/radiolitoral.com\/ca\/wp-json\/wp\/v2\/posts\/3849\/revisions\/3851"}],"wp:featuredmedia":[{"embeddable":true,"href":"https:\/\/radiolitoral.com\/ca\/wp-json\/wp\/v2\/media\/3850"}],"wp:attachment":[{"href":"https:\/\/radiolitoral.com\/ca\/wp-json\/wp\/v2\/media?parent=3849"}],"wp:term":[{"taxonomy":"category","embeddable":true,"href":"https:\/\/radiolitoral.com\/ca\/wp-json\/wp\/v2\/categories?post=3849"},{"taxonomy":"post_tag","embeddable":true,"href":"https:\/\/radiolitoral.com\/ca\/wp-json\/wp\/v2\/tags?post=3849"}],"curies":[{"name":"wp","href":"https:\/\/api.w.org\/{rel}","templated":true}]}}