{"id":3844,"date":"2023-06-07T16:09:26","date_gmt":"2023-06-07T14:09:26","guid":{"rendered":"https:\/\/radiolitoral.com\/?p=3844"},"modified":"2023-06-07T16:10:46","modified_gmt":"2023-06-07T14:10:46","slug":"musica-i-naturalesa-entre-les-propostes-amb-que-ocupar-el-temps-lliure-dels-escolars-aquest-estiu-en-xalo","status":"publish","type":"post","link":"https:\/\/radiolitoral.com\/ca\/2023\/06\/musica-y-naturaleza-entre-las-propuestas-con-las-que-ocupar-el-tiempo-libre-de-los-escolares-este-verano-en-xalo\/","title":{"rendered":"M\u00fasica i naturalesa entre les propostes amb qu\u00e8 ocupar el temps lliure dels escolars aquest estiu a Xal\u00f3"},"content":{"rendered":"<p>L&#039;Ajuntament de Xal\u00f3 ofereix diferents activitats que ajudaran les fam\u00edlies a conciliar horaris laborals i les vacances dels seus fills menors. Torna Els Musijocs, un projecte creat per l&#039;Escola de M\u00fasica i Dansa municipal pensat per al seu alumnat, per\u00f2 obert a tots els nens i nenes interessats en la m\u00fasica i el ball, entre 3 i 6 anys.<\/p>\n<p>Aquesta proposta inclou activitats relacionades amb l&#039;ensenyament musical i el cant, a m\u00e9s de tallers, batucada, jocs, percussi\u00f3\u2026 Les activitats es desenvoluparan del 22 al 30 de juny. I les inscripcions es podran fer a partir de dilluns de la setmana que ve.<\/p>\n<p>Mentre que al juliol, del 3 al 28, es dur\u00e0 a terme \u201cl&#039;Escola d&#039;estiu: L&#039;art a la Natura\u201d. Les fam\u00edlies interessades poden triar el temps a contractar, des d&#039;una setmana, a dues o tres, o fins i tot el mes complet.<\/p>","protected":false},"excerpt":{"rendered":"<p>El Ayuntamiento de Xal\u00f3 oferta distintas actividades que ayudar\u00e1n a las familias a conciliar horarios laborales y las vacaciones de sus hijos menores. Vuelve \u201cEls Musijocs\u201d, un proyecto creado por la Escuela de M\u00fasica y Danza municipal pensado para su alumnado, pero abierto a todos los ni\u00f1os y ni\u00f1as interesados en la m\u00fasica y el [&#8230;]<\/p>\n<p><a class=\"btn btn-secondary understrap-read-more-link\" href=\"https:\/\/radiolitoral.com\/ca\/2023\/06\/musica-y-naturaleza-entre-las-propuestas-con-las-que-ocupar-el-tiempo-libre-de-los-escolares-este-verano-en-xalo\/\">Continua llegint&#8230;<span class=\"screen-reader-text\"> from M\u00fasica y naturaleza entre las propuestas con las que ocupar el tiempo libre de los escolares este verano en Xal\u00f3<\/span><\/a><\/p>\n","protected":false},"author":13,"featured_media":3845,"comment_status":"open","ping_status":"closed","sticky":false,"template":"","format":"standard","meta":{"_acf_changed":false,"inline_featured_image":false,"footnotes":""},"categories":[130],"tags":[743,372],"class_list":["post-3844","post","type-post","status-publish","format-standard","has-post-thumbnail","hentry","category-educacion","tag-escuela-verano","tag-orba","cobertura-orba"],"acf":[],"yoast_head":"<!-- This site is optimized with the Yoast SEO plugin v27.5 - https:\/\/yoast.com\/product\/yoast-seo-wordpress\/ -->\n<title>M\u00fasica y naturaleza entre las propuestas con las que ocupar el tiempo libre de los escolares este verano en Xal\u00f3 | R\u00e0dio Litoral<\/title>\n<meta name=\"description\" content=\"Las actividades se desarrollar\u00e1n del 22 al 30 de junio Las actividades se desarrollar\u00e1n del 22 al 30 de junio\" \/>\n<meta name=\"robots\" content=\"index, follow, max-snippet:-1, max-image-preview:large, max-video-preview:-1\" \/>\n<link rel=\"canonical\" href=\"https:\/\/radiolitoral.com\/ca\/2023\/06\/musica-i-naturalesa-entre-les-propostes-amb-que-ocupar-el-temps-lliure-dels-escolars-aquest-estiu-en-xalo\/\" \/>\n<meta property=\"og:locale\" content=\"ca_ES\" \/>\n<meta property=\"og:type\" content=\"article\" \/>\n<meta property=\"og:title\" content=\"M\u00fasica y naturaleza entre las propuestas con las que ocupar el tiempo libre de los escolares este verano en Xal\u00f3 | R\u00e0dio Litoral\" \/>\n<meta property=\"og:description\" content=\"Las actividades se desarrollar\u00e1n del 22 al 30 de junio Las actividades se desarrollar\u00e1n del 22 al 30 de junio\" \/>\n<meta property=\"og:url\" content=\"https:\/\/radiolitoral.com\/ca\/2023\/06\/musica-i-naturalesa-entre-les-propostes-amb-que-ocupar-el-temps-lliure-dels-escolars-aquest-estiu-en-xalo\/\" \/>\n<meta property=\"og:site_name\" content=\"R\u00e0dio Litoral\" \/>\n<meta property=\"article:publisher\" content=\"https:\/\/www.facebook.com\/Laradiolitoral\/\" \/>\n<meta property=\"article:published_time\" content=\"2023-06-07T14:09:26+00:00\" \/>\n<meta property=\"article:modified_time\" content=\"2023-06-07T14:10:46+00:00\" \/>\n<meta property=\"og:image\" content=\"https:\/\/media.radiolitoral.com\/wp-content\/uploads\/2023\/06\/07160918\/jugando.jpg\" \/>\n\t<meta property=\"og:image:width\" content=\"665\" \/>\n\t<meta property=\"og:image:height\" content=\"620\" \/>\n\t<meta property=\"og:image:type\" content=\"image\/jpeg\" \/>\n<meta name=\"author\" content=\"Redacci\u00f3n\" \/>\n<meta name=\"twitter:card\" content=\"summary_large_image\" \/>\n<meta name=\"twitter:label1\" content=\"Escrit per\" \/>\n\t<meta name=\"twitter:data1\" content=\"Redacci\u00f3n\" \/>\n\t<meta name=\"twitter:label2\" content=\"Temps estimat de lectura\" \/>\n\t<meta name=\"twitter:data2\" content=\"1 minut\" \/>\n<script type=\"application\/ld+json\" class=\"yoast-schema-graph\">{\"@context\":\"https:\\\/\\\/schema.org\",\"@graph\":[{\"@type\":\"NewsArticle\",\"@id\":\"https:\\\/\\\/radiolitoral.com\\\/2023\\\/06\\\/musica-y-naturaleza-entre-las-propuestas-con-las-que-ocupar-el-tiempo-libre-de-los-escolares-este-verano-en-xalo\\\/#article\",\"isPartOf\":{\"@id\":\"https:\\\/\\\/radiolitoral.com\\\/2023\\\/06\\\/musica-y-naturaleza-entre-las-propuestas-con-las-que-ocupar-el-tiempo-libre-de-los-escolares-este-verano-en-xalo\\\/\"},\"author\":{\"name\":\"Redacci\u00f3n\",\"@id\":\"https:\\\/\\\/radiolitoral.com\\\/#\\\/schema\\\/person\\\/f2b2343c49b5d721857cc1002bfdb151\"},\"headline\":\"M\u00fasica y naturaleza entre las propuestas con las que ocupar el tiempo libre de los escolares este verano en Xal\u00f3\",\"datePublished\":\"2023-06-07T14:09:26+00:00\",\"dateModified\":\"2023-06-07T14:10:46+00:00\",\"mainEntityOfPage\":{\"@id\":\"https:\\\/\\\/radiolitoral.com\\\/2023\\\/06\\\/musica-y-naturaleza-entre-las-propuestas-con-las-que-ocupar-el-tiempo-libre-de-los-escolares-este-verano-en-xalo\\\/\"},\"wordCount\":173,\"commentCount\":0,\"publisher\":{\"@id\":\"https:\\\/\\\/radiolitoral.com\\\/#organization\"},\"image\":{\"@id\":\"https:\\\/\\\/radiolitoral.com\\\/2023\\\/06\\\/musica-y-naturaleza-entre-las-propuestas-con-las-que-ocupar-el-tiempo-libre-de-los-escolares-este-verano-en-xalo\\\/#primaryimage\"},\"thumbnailUrl\":\"https:\\\/\\\/media.radiolitoral.com\\\/wp-content\\\/uploads\\\/2023\\\/06\\\/07160918\\\/jugando.jpg\",\"keywords\":[\"escuela verano\",\"Orba\"],\"articleSection\":[\"Educaci\u00f3n\"],\"inLanguage\":\"ca\",\"potentialAction\":[{\"@type\":\"CommentAction\",\"name\":\"Comment\",\"target\":[\"https:\\\/\\\/radiolitoral.com\\\/2023\\\/06\\\/musica-y-naturaleza-entre-las-propuestas-con-las-que-ocupar-el-tiempo-libre-de-los-escolares-este-verano-en-xalo\\\/#respond\"]}]},{\"@type\":[\"WebPage\",\"ItemPage\"],\"@id\":\"https:\\\/\\\/radiolitoral.com\\\/2023\\\/06\\\/musica-y-naturaleza-entre-las-propuestas-con-las-que-ocupar-el-tiempo-libre-de-los-escolares-este-verano-en-xalo\\\/\",\"url\":\"https:\\\/\\\/radiolitoral.com\\\/2023\\\/06\\\/musica-y-naturaleza-entre-las-propuestas-con-las-que-ocupar-el-tiempo-libre-de-los-escolares-este-verano-en-xalo\\\/\",\"name\":\"M\u00fasica y naturaleza entre las propuestas con las que ocupar el tiempo libre de los escolares este verano en Xal\u00f3 | R\u00e0dio Litoral\",\"isPartOf\":{\"@id\":\"https:\\\/\\\/radiolitoral.com\\\/#website\"},\"primaryImageOfPage\":{\"@id\":\"https:\\\/\\\/radiolitoral.com\\\/2023\\\/06\\\/musica-y-naturaleza-entre-las-propuestas-con-las-que-ocupar-el-tiempo-libre-de-los-escolares-este-verano-en-xalo\\\/#primaryimage\"},\"image\":{\"@id\":\"https:\\\/\\\/radiolitoral.com\\\/2023\\\/06\\\/musica-y-naturaleza-entre-las-propuestas-con-las-que-ocupar-el-tiempo-libre-de-los-escolares-este-verano-en-xalo\\\/#primaryimage\"},\"thumbnailUrl\":\"https:\\\/\\\/media.radiolitoral.com\\\/wp-content\\\/uploads\\\/2023\\\/06\\\/07160918\\\/jugando.jpg\",\"datePublished\":\"2023-06-07T14:09:26+00:00\",\"dateModified\":\"2023-06-07T14:10:46+00:00\",\"description\":\"Las actividades se desarrollar\u00e1n del 22 al 30 de junio Las actividades se desarrollar\u00e1n del 22 al 30 de junio\",\"breadcrumb\":{\"@id\":\"https:\\\/\\\/radiolitoral.com\\\/2023\\\/06\\\/musica-y-naturaleza-entre-las-propuestas-con-las-que-ocupar-el-tiempo-libre-de-los-escolares-este-verano-en-xalo\\\/#breadcrumb\"},\"inLanguage\":\"ca\",\"potentialAction\":[{\"@type\":\"ReadAction\",\"target\":[\"https:\\\/\\\/radiolitoral.com\\\/2023\\\/06\\\/musica-y-naturaleza-entre-las-propuestas-con-las-que-ocupar-el-tiempo-libre-de-los-escolares-este-verano-en-xalo\\\/\"]}]},{\"@type\":\"ImageObject\",\"inLanguage\":\"ca\",\"@id\":\"https:\\\/\\\/radiolitoral.com\\\/2023\\\/06\\\/musica-y-naturaleza-entre-las-propuestas-con-las-que-ocupar-el-tiempo-libre-de-los-escolares-este-verano-en-xalo\\\/#primaryimage\",\"url\":\"https:\\\/\\\/media.radiolitoral.com\\\/wp-content\\\/uploads\\\/2023\\\/06\\\/07160918\\\/jugando.jpg\",\"contentUrl\":\"https:\\\/\\\/media.radiolitoral.com\\\/wp-content\\\/uploads\\\/2023\\\/06\\\/07160918\\\/jugando.jpg\",\"width\":665,\"height\":620},{\"@type\":\"BreadcrumbList\",\"@id\":\"https:\\\/\\\/radiolitoral.com\\\/2023\\\/06\\\/musica-y-naturaleza-entre-las-propuestas-con-las-que-ocupar-el-tiempo-libre-de-los-escolares-este-verano-en-xalo\\\/#breadcrumb\",\"itemListElement\":[{\"@type\":\"ListItem\",\"position\":1,\"name\":\"Portada\",\"item\":\"https:\\\/\\\/radiolitoral.com\\\/\"},{\"@type\":\"ListItem\",\"position\":2,\"name\":\"M\u00fasica y naturaleza entre las propuestas con las que ocupar el tiempo libre de los escolares este verano en Xal\u00f3\"}]},{\"@type\":\"WebSite\",\"@id\":\"https:\\\/\\\/radiolitoral.com\\\/#website\",\"url\":\"https:\\\/\\\/radiolitoral.com\\\/\",\"name\":\"Radio Litoral\",\"description\":\"La radio local de la Marina Alta\",\"publisher\":{\"@id\":\"https:\\\/\\\/radiolitoral.com\\\/#organization\"},\"alternateName\":\"Litoral FM\",\"potentialAction\":[{\"@type\":\"SearchAction\",\"target\":{\"@type\":\"EntryPoint\",\"urlTemplate\":\"https:\\\/\\\/radiolitoral.com\\\/?s={search_term_string}\"},\"query-input\":{\"@type\":\"PropertyValueSpecification\",\"valueRequired\":true,\"valueName\":\"search_term_string\"}}],\"inLanguage\":\"ca\"},{\"@type\":\"Organization\",\"@id\":\"https:\\\/\\\/radiolitoral.com\\\/#organization\",\"name\":\"Radio Litoral\",\"url\":\"https:\\\/\\\/radiolitoral.com\\\/\",\"logo\":{\"@type\":\"ImageObject\",\"inLanguage\":\"ca\",\"@id\":\"https:\\\/\\\/radiolitoral.com\\\/#\\\/schema\\\/logo\\\/image\\\/\",\"url\":\"https:\\\/\\\/media.radiolitoral.com\\\/wp-content\\\/uploads\\\/2023\\\/02\\\/24143238\\\/CL-V-RadioLitoral696.png\",\"contentUrl\":\"https:\\\/\\\/media.radiolitoral.com\\\/wp-content\\\/uploads\\\/2023\\\/02\\\/24143238\\\/CL-V-RadioLitoral696.png\",\"width\":696,\"height\":696,\"caption\":\"Radio Litoral\"},\"image\":{\"@id\":\"https:\\\/\\\/radiolitoral.com\\\/#\\\/schema\\\/logo\\\/image\\\/\"},\"sameAs\":[\"https:\\\/\\\/www.facebook.com\\\/Laradiolitoral\\\/\"]},{\"@type\":\"Person\",\"@id\":\"https:\\\/\\\/radiolitoral.com\\\/#\\\/schema\\\/person\\\/f2b2343c49b5d721857cc1002bfdb151\",\"name\":\"Redacci\u00f3n\",\"image\":{\"@type\":\"ImageObject\",\"inLanguage\":\"ca\",\"@id\":\"https:\\\/\\\/secure.gravatar.com\\\/avatar\\\/f771d896c203ad8b3382d7905cfcce5a5c9b008b84b3cd9114e9b9f4cb63f789?s=96&d=mm&r=g\",\"url\":\"https:\\\/\\\/secure.gravatar.com\\\/avatar\\\/f771d896c203ad8b3382d7905cfcce5a5c9b008b84b3cd9114e9b9f4cb63f789?s=96&d=mm&r=g\",\"contentUrl\":\"https:\\\/\\\/secure.gravatar.com\\\/avatar\\\/f771d896c203ad8b3382d7905cfcce5a5c9b008b84b3cd9114e9b9f4cb63f789?s=96&d=mm&r=g\",\"caption\":\"Redacci\u00f3n\"},\"url\":\"https:\\\/\\\/radiolitoral.com\\\/ca\\\/author\\\/miriam-pagan\\\/\"}]}<\/script>\n<!-- \/ Yoast SEO plugin. -->","yoast_head_json":{"title":"M\u00fasica i naturalesa entre les propostes amb qu\u00e8 ocupar el temps lliure dels escolars aquest estiu a Xal\u00f3 | R\u00e0dio Litoral","description":"Les activitats es desenvoluparan del 22 al 30 de juny Les activitats es desenvoluparan del 22 al 30 de juny","robots":{"index":"index","follow":"follow","max-snippet":"max-snippet:-1","max-image-preview":"max-image-preview:large","max-video-preview":"max-video-preview:-1"},"canonical":"https:\/\/radiolitoral.com\/ca\/2023\/06\/musica-i-naturalesa-entre-les-propostes-amb-que-ocupar-el-temps-lliure-dels-escolars-aquest-estiu-en-xalo\/","og_locale":"ca_ES","og_type":"article","og_title":"M\u00fasica y naturaleza entre las propuestas con las que ocupar el tiempo libre de los escolares este verano en Xal\u00f3 | R\u00e0dio Litoral","og_description":"Las actividades se desarrollar\u00e1n del 22 al 30 de junio Las actividades se desarrollar\u00e1n del 22 al 30 de junio","og_url":"https:\/\/radiolitoral.com\/ca\/2023\/06\/musica-i-naturalesa-entre-les-propostes-amb-que-ocupar-el-temps-lliure-dels-escolars-aquest-estiu-en-xalo\/","og_site_name":"R\u00e0dio Litoral","article_publisher":"https:\/\/www.facebook.com\/Laradiolitoral\/","article_published_time":"2023-06-07T14:09:26+00:00","article_modified_time":"2023-06-07T14:10:46+00:00","og_image":[{"width":665,"height":620,"url":"https:\/\/media.radiolitoral.com\/wp-content\/uploads\/2023\/06\/07160918\/jugando.jpg","type":"image\/jpeg"}],"author":"Redacci\u00f3n","twitter_card":"summary_large_image","twitter_misc":{"Escrit per":"Redacci\u00f3n","Temps estimat de lectura":"1 minut"},"schema":{"@context":"https:\/\/schema.org","@graph":[{"@type":"NewsArticle","@id":"https:\/\/radiolitoral.com\/2023\/06\/musica-y-naturaleza-entre-las-propuestas-con-las-que-ocupar-el-tiempo-libre-de-los-escolares-este-verano-en-xalo\/#article","isPartOf":{"@id":"https:\/\/radiolitoral.com\/2023\/06\/musica-y-naturaleza-entre-las-propuestas-con-las-que-ocupar-el-tiempo-libre-de-los-escolares-este-verano-en-xalo\/"},"author":{"name":"Redacci\u00f3n","@id":"https:\/\/radiolitoral.com\/#\/schema\/person\/f2b2343c49b5d721857cc1002bfdb151"},"headline":"M\u00fasica y naturaleza entre las propuestas con las que ocupar el tiempo libre de los escolares este verano en Xal\u00f3","datePublished":"2023-06-07T14:09:26+00:00","dateModified":"2023-06-07T14:10:46+00:00","mainEntityOfPage":{"@id":"https:\/\/radiolitoral.com\/2023\/06\/musica-y-naturaleza-entre-las-propuestas-con-las-que-ocupar-el-tiempo-libre-de-los-escolares-este-verano-en-xalo\/"},"wordCount":173,"commentCount":0,"publisher":{"@id":"https:\/\/radiolitoral.com\/#organization"},"image":{"@id":"https:\/\/radiolitoral.com\/2023\/06\/musica-y-naturaleza-entre-las-propuestas-con-las-que-ocupar-el-tiempo-libre-de-los-escolares-este-verano-en-xalo\/#primaryimage"},"thumbnailUrl":"https:\/\/media.radiolitoral.com\/wp-content\/uploads\/2023\/06\/07160918\/jugando.jpg","keywords":["escuela verano","Orba"],"articleSection":["Educaci\u00f3n"],"inLanguage":"ca","potentialAction":[{"@type":"CommentAction","name":"Comment","target":["https:\/\/radiolitoral.com\/2023\/06\/musica-y-naturaleza-entre-las-propuestas-con-las-que-ocupar-el-tiempo-libre-de-los-escolares-este-verano-en-xalo\/#respond"]}]},{"@type":["WebPage","ItemPage"],"@id":"https:\/\/radiolitoral.com\/2023\/06\/musica-y-naturaleza-entre-las-propuestas-con-las-que-ocupar-el-tiempo-libre-de-los-escolares-este-verano-en-xalo\/","url":"https:\/\/radiolitoral.com\/2023\/06\/musica-y-naturaleza-entre-las-propuestas-con-las-que-ocupar-el-tiempo-libre-de-los-escolares-este-verano-en-xalo\/","name":"M\u00fasica i naturalesa entre les propostes amb qu\u00e8 ocupar el temps lliure dels escolars aquest estiu a Xal\u00f3 | R\u00e0dio Litoral","isPartOf":{"@id":"https:\/\/radiolitoral.com\/#website"},"primaryImageOfPage":{"@id":"https:\/\/radiolitoral.com\/2023\/06\/musica-y-naturaleza-entre-las-propuestas-con-las-que-ocupar-el-tiempo-libre-de-los-escolares-este-verano-en-xalo\/#primaryimage"},"image":{"@id":"https:\/\/radiolitoral.com\/2023\/06\/musica-y-naturaleza-entre-las-propuestas-con-las-que-ocupar-el-tiempo-libre-de-los-escolares-este-verano-en-xalo\/#primaryimage"},"thumbnailUrl":"https:\/\/media.radiolitoral.com\/wp-content\/uploads\/2023\/06\/07160918\/jugando.jpg","datePublished":"2023-06-07T14:09:26+00:00","dateModified":"2023-06-07T14:10:46+00:00","description":"Les activitats es desenvoluparan del 22 al 30 de juny Les activitats es desenvoluparan del 22 al 30 de juny","breadcrumb":{"@id":"https:\/\/radiolitoral.com\/2023\/06\/musica-y-naturaleza-entre-las-propuestas-con-las-que-ocupar-el-tiempo-libre-de-los-escolares-este-verano-en-xalo\/#breadcrumb"},"inLanguage":"ca","potentialAction":[{"@type":"ReadAction","target":["https:\/\/radiolitoral.com\/2023\/06\/musica-y-naturaleza-entre-las-propuestas-con-las-que-ocupar-el-tiempo-libre-de-los-escolares-este-verano-en-xalo\/"]}]},{"@type":"ImageObject","inLanguage":"ca","@id":"https:\/\/radiolitoral.com\/2023\/06\/musica-y-naturaleza-entre-las-propuestas-con-las-que-ocupar-el-tiempo-libre-de-los-escolares-este-verano-en-xalo\/#primaryimage","url":"https:\/\/media.radiolitoral.com\/wp-content\/uploads\/2023\/06\/07160918\/jugando.jpg","contentUrl":"https:\/\/media.radiolitoral.com\/wp-content\/uploads\/2023\/06\/07160918\/jugando.jpg","width":665,"height":620},{"@type":"BreadcrumbList","@id":"https:\/\/radiolitoral.com\/2023\/06\/musica-y-naturaleza-entre-las-propuestas-con-las-que-ocupar-el-tiempo-libre-de-los-escolares-este-verano-en-xalo\/#breadcrumb","itemListElement":[{"@type":"ListItem","position":1,"name":"Portada","item":"https:\/\/radiolitoral.com\/"},{"@type":"ListItem","position":2,"name":"M\u00fasica y naturaleza entre las propuestas con las que ocupar el tiempo libre de los escolares este verano en Xal\u00f3"}]},{"@type":"WebSite","@id":"https:\/\/radiolitoral.com\/#website","url":"https:\/\/radiolitoral.com\/","name":"R\u00e0dio Litoral","description":"La r\u00e0dio local de la Marina Alta","publisher":{"@id":"https:\/\/radiolitoral.com\/#organization"},"alternateName":"Litoral FM","potentialAction":[{"@type":"SearchAction","target":{"@type":"EntryPoint","urlTemplate":"https:\/\/radiolitoral.com\/?s={search_term_string}"},"query-input":{"@type":"PropertyValueSpecification","valueRequired":true,"valueName":"search_term_string"}}],"inLanguage":"ca"},{"@type":"Organization","@id":"https:\/\/radiolitoral.com\/#organization","name":"R\u00e0dio Litoral","url":"https:\/\/radiolitoral.com\/","logo":{"@type":"ImageObject","inLanguage":"ca","@id":"https:\/\/radiolitoral.com\/#\/schema\/logo\/image\/","url":"https:\/\/media.radiolitoral.com\/wp-content\/uploads\/2023\/02\/24143238\/CL-V-RadioLitoral696.png","contentUrl":"https:\/\/media.radiolitoral.com\/wp-content\/uploads\/2023\/02\/24143238\/CL-V-RadioLitoral696.png","width":696,"height":696,"caption":"Radio Litoral"},"image":{"@id":"https:\/\/radiolitoral.com\/#\/schema\/logo\/image\/"},"sameAs":["https:\/\/www.facebook.com\/Laradiolitoral\/"]},{"@type":"Person","@id":"https:\/\/radiolitoral.com\/#\/schema\/person\/f2b2343c49b5d721857cc1002bfdb151","name":"Redacci\u00f3","image":{"@type":"ImageObject","inLanguage":"ca","@id":"https:\/\/secure.gravatar.com\/avatar\/f771d896c203ad8b3382d7905cfcce5a5c9b008b84b3cd9114e9b9f4cb63f789?s=96&d=mm&r=g","url":"https:\/\/secure.gravatar.com\/avatar\/f771d896c203ad8b3382d7905cfcce5a5c9b008b84b3cd9114e9b9f4cb63f789?s=96&d=mm&r=g","contentUrl":"https:\/\/secure.gravatar.com\/avatar\/f771d896c203ad8b3382d7905cfcce5a5c9b008b84b3cd9114e9b9f4cb63f789?s=96&d=mm&r=g","caption":"Redacci\u00f3n"},"url":"https:\/\/radiolitoral.com\/ca\/author\/miriam-pagan\/"}]}},"_links":{"self":[{"href":"https:\/\/radiolitoral.com\/ca\/wp-json\/wp\/v2\/posts\/3844","targetHints":{"allow":["GET"]}}],"collection":[{"href":"https:\/\/radiolitoral.com\/ca\/wp-json\/wp\/v2\/posts"}],"about":[{"href":"https:\/\/radiolitoral.com\/ca\/wp-json\/wp\/v2\/types\/post"}],"author":[{"embeddable":true,"href":"https:\/\/radiolitoral.com\/ca\/wp-json\/wp\/v2\/users\/13"}],"replies":[{"embeddable":true,"href":"https:\/\/radiolitoral.com\/ca\/wp-json\/wp\/v2\/comments?post=3844"}],"version-history":[{"count":1,"href":"https:\/\/radiolitoral.com\/ca\/wp-json\/wp\/v2\/posts\/3844\/revisions"}],"predecessor-version":[{"id":3846,"href":"https:\/\/radiolitoral.com\/ca\/wp-json\/wp\/v2\/posts\/3844\/revisions\/3846"}],"wp:featuredmedia":[{"embeddable":true,"href":"https:\/\/radiolitoral.com\/ca\/wp-json\/wp\/v2\/media\/3845"}],"wp:attachment":[{"href":"https:\/\/radiolitoral.com\/ca\/wp-json\/wp\/v2\/media?parent=3844"}],"wp:term":[{"taxonomy":"category","embeddable":true,"href":"https:\/\/radiolitoral.com\/ca\/wp-json\/wp\/v2\/categories?post=3844"},{"taxonomy":"post_tag","embeddable":true,"href":"https:\/\/radiolitoral.com\/ca\/wp-json\/wp\/v2\/tags?post=3844"}],"curies":[{"name":"wp","href":"https:\/\/api.w.org\/{rel}","templated":true}]}}