{"id":3835,"date":"2023-06-07T15:52:19","date_gmt":"2023-06-07T13:52:19","guid":{"rendered":"https:\/\/radiolitoral.com\/?p=3835"},"modified":"2023-06-07T15:52:44","modified_gmt":"2023-06-07T13:52:44","slug":"el-proper-curs-escolar-comencara-l11-de-setembre-i-finalitzes-el-21-de-juny","status":"publish","type":"post","link":"https:\/\/radiolitoral.com\/ca\/2023\/06\/el-proximo-curso-escolar-comenzara-el-11-de-septiembre-y-finalizara-el-21-de-junio\/","title":{"rendered":"El proper curs escolar comen\u00e7ar\u00e0 l&#039;11 de setembre i finalitzar\u00e0 el 21 de juny"},"content":{"rendered":"<p>Amb el curs escolar a punt de concloure, la Conselleria d&#039;Educaci\u00f3, Cultura i Esport ha proposat a les meses de negociaci\u00f3, que dilluns <strong>11 de setembre<\/strong> sigui el primer dia de classe per a l&#039;alumnat d&#039;Infantil, Prim\u00e0ria, ESO, Batxillerat i Formaci\u00f3 Professional, tant a FP B\u00e0sica (FPB) com a les titulacions de grau mitj\u00e0 i superior de cara al proper curs 2023-2024.<\/p>\n<p>Les classes d&#039;Infantil, Prim\u00e0ria, ESO, Batxillerat, FP i tamb\u00e9 les de les escoles oficials d&#039;idiomes (EOI) acabaran totes alhora. Aix\u00ed, el darrer dia de classe del proper curs 2023-2024 es proposa que sigui el divendres 21 de juny. Igualment, l&#039;alumnat dels programes formatius de qualificaci\u00f3 b\u00e0sica (PFCB) i el de FPB de segona oportunitat tamb\u00e9 <strong>finalitzaran les classes el 21 de juny<\/strong>.<\/p>\n<p>Pel que fa a les EOI, les classes arrencaran el dilluns 25 de setembre. En formaci\u00f3 de persones adultes (FPA), l&#039;inici de curs ser\u00e0 el dilluns 18 de setembre i finalitzaran el 19 de juny. En ensenyaments art\u00edstics de m\u00fasica i dansa, elementals i professionals; ensenyaments professionals d&#039;arts pl\u00e0stiques i disseny, i ensenyaments esportius de r\u00e8gim especial, les classes comen\u00e7aran el dimecres 20 de setembre i acabaran el dimecres 19 de juny.<\/p>\n<p>Apuntar que el calendari escolar proposat planteja que les vacances de Nadal siguin des de divendres <strong>22 de desembre fins divendres 5 de gener<\/strong>, de manera que el curs es reprendr\u00e0 el dilluns 8 de gener. Les vacances de Pasqua aniran des de dijous <strong>28 de mar\u00e7 fins el dilluns 8 d&#039;abril<\/strong>, tamb\u00e9 els dos inclosos.<\/p>\n<p>El proper curs 2023-2024 tindr\u00e0 els dies festius auton\u00f2mics seg\u00fcents: el dilluns 9 d&#039;octubre, el dijous 12 d&#039;octubre, el dimecres 1 de novembre, el dimecres 6 i el divendres 8 de desembre, i tamb\u00e9 el dimecres 1 de maig.<\/p>","protected":false},"excerpt":{"rendered":"<p>Con el curso escolar a punto de concluir, la Conselleria de Educaci\u00f3n, Cultura y Deporte ha propuesto en las mesas de negociaci\u00f3n, que el lunes 11 de septiembre sea el primer d\u00eda de clase para el alumnado de Infantil, Primaria, ESO, Bachillerato y Formaci\u00f3n Profesional, tanto en FP B\u00e1sica (FPB) como en las titulaciones de [&#8230;]<\/p>\n<p><a class=\"btn btn-secondary understrap-read-more-link\" href=\"https:\/\/radiolitoral.com\/ca\/2023\/06\/el-proximo-curso-escolar-comenzara-el-11-de-septiembre-y-finalizara-el-21-de-junio\/\">Continua llegint&#8230;<span class=\"screen-reader-text\"> from El pr\u00f3ximo curso escolar comenzar\u00e1 el 11 de septiembre y finalizar\u00e1 el 21 de junio<\/span><\/a><\/p>\n","protected":false},"author":21,"featured_media":3836,"comment_status":"open","ping_status":"closed","sticky":false,"template":"","format":"standard","meta":{"_acf_changed":false,"inline_featured_image":false,"footnotes":""},"categories":[130],"tags":[740],"class_list":["post-3835","post","type-post","status-publish","format-standard","has-post-thumbnail","hentry","category-educacion","tag-calendario-escolar","cobertura-marina-alta"],"acf":[],"yoast_head":"<!-- This site is optimized with the Yoast SEO plugin v27.5 - https:\/\/yoast.com\/product\/yoast-seo-wordpress\/ -->\n<title>El pr\u00f3ximo curso escolar comenzar\u00e1 el 11 de septiembre y finalizar\u00e1 el 21 de junio | R\u00e0dio Litoral<\/title>\n<meta name=\"description\" content=\"Tambi\u00e9n se han dado a conocer los festivos Tambi\u00e9n se han dado a conocer los festivos\" \/>\n<meta name=\"robots\" content=\"index, follow, max-snippet:-1, max-image-preview:large, max-video-preview:-1\" \/>\n<link rel=\"canonical\" href=\"https:\/\/radiolitoral.com\/ca\/2023\/06\/el-proper-curs-escolar-comencara-l11-de-setembre-i-finalitzes-el-21-de-juny\/\" \/>\n<meta property=\"og:locale\" content=\"ca_ES\" \/>\n<meta property=\"og:type\" content=\"article\" \/>\n<meta property=\"og:title\" content=\"El pr\u00f3ximo curso escolar comenzar\u00e1 el 11 de septiembre y finalizar\u00e1 el 21 de junio | R\u00e0dio Litoral\" \/>\n<meta property=\"og:description\" content=\"Tambi\u00e9n se han dado a conocer los festivos Tambi\u00e9n se han dado a conocer los festivos\" \/>\n<meta property=\"og:url\" content=\"https:\/\/radiolitoral.com\/ca\/2023\/06\/el-proper-curs-escolar-comencara-l11-de-setembre-i-finalitzes-el-21-de-juny\/\" \/>\n<meta property=\"og:site_name\" content=\"R\u00e0dio Litoral\" \/>\n<meta property=\"article:publisher\" content=\"https:\/\/www.facebook.com\/Laradiolitoral\/\" \/>\n<meta property=\"article:published_time\" content=\"2023-06-07T13:52:19+00:00\" \/>\n<meta property=\"article:modified_time\" content=\"2023-06-07T13:52:44+00:00\" \/>\n<meta property=\"og:image\" content=\"https:\/\/media.radiolitoral.com\/wp-content\/uploads\/2023\/06\/07154917\/cole.jpg\" \/>\n\t<meta property=\"og:image:width\" content=\"745\" \/>\n\t<meta property=\"og:image:height\" content=\"539\" \/>\n\t<meta property=\"og:image:type\" content=\"image\/jpeg\" \/>\n<meta name=\"author\" content=\"Mel Pescuezo\" \/>\n<meta name=\"twitter:card\" content=\"summary_large_image\" \/>\n<meta name=\"twitter:label1\" content=\"Escrit per\" \/>\n\t<meta name=\"twitter:data1\" content=\"Mel Pescuezo\" \/>\n\t<meta name=\"twitter:label2\" content=\"Temps estimat de lectura\" \/>\n\t<meta name=\"twitter:data2\" content=\"2 minuts\" \/>\n<script type=\"application\/ld+json\" class=\"yoast-schema-graph\">{\"@context\":\"https:\\\/\\\/schema.org\",\"@graph\":[{\"@type\":\"NewsArticle\",\"@id\":\"https:\\\/\\\/radiolitoral.com\\\/2023\\\/06\\\/el-proximo-curso-escolar-comenzara-el-11-de-septiembre-y-finalizara-el-21-de-junio\\\/#article\",\"isPartOf\":{\"@id\":\"https:\\\/\\\/radiolitoral.com\\\/2023\\\/06\\\/el-proximo-curso-escolar-comenzara-el-11-de-septiembre-y-finalizara-el-21-de-junio\\\/\"},\"author\":{\"name\":\"Mel Pescuezo\",\"@id\":\"https:\\\/\\\/radiolitoral.com\\\/#\\\/schema\\\/person\\\/aad4f72efa404f85b68e832d24cac059\"},\"headline\":\"El pr\u00f3ximo curso escolar comenzar\u00e1 el 11 de septiembre y finalizar\u00e1 el 21 de junio\",\"datePublished\":\"2023-06-07T13:52:19+00:00\",\"dateModified\":\"2023-06-07T13:52:44+00:00\",\"mainEntityOfPage\":{\"@id\":\"https:\\\/\\\/radiolitoral.com\\\/2023\\\/06\\\/el-proximo-curso-escolar-comenzara-el-11-de-septiembre-y-finalizara-el-21-de-junio\\\/\"},\"wordCount\":339,\"commentCount\":0,\"publisher\":{\"@id\":\"https:\\\/\\\/radiolitoral.com\\\/#organization\"},\"image\":{\"@id\":\"https:\\\/\\\/radiolitoral.com\\\/2023\\\/06\\\/el-proximo-curso-escolar-comenzara-el-11-de-septiembre-y-finalizara-el-21-de-junio\\\/#primaryimage\"},\"thumbnailUrl\":\"https:\\\/\\\/media.radiolitoral.com\\\/wp-content\\\/uploads\\\/2023\\\/06\\\/07154917\\\/cole.jpg\",\"keywords\":[\"calendario escolar\"],\"articleSection\":[\"Educaci\u00f3n\"],\"inLanguage\":\"ca\",\"potentialAction\":[{\"@type\":\"CommentAction\",\"name\":\"Comment\",\"target\":[\"https:\\\/\\\/radiolitoral.com\\\/2023\\\/06\\\/el-proximo-curso-escolar-comenzara-el-11-de-septiembre-y-finalizara-el-21-de-junio\\\/#respond\"]}]},{\"@type\":[\"WebPage\",\"ItemPage\"],\"@id\":\"https:\\\/\\\/radiolitoral.com\\\/2023\\\/06\\\/el-proximo-curso-escolar-comenzara-el-11-de-septiembre-y-finalizara-el-21-de-junio\\\/\",\"url\":\"https:\\\/\\\/radiolitoral.com\\\/2023\\\/06\\\/el-proximo-curso-escolar-comenzara-el-11-de-septiembre-y-finalizara-el-21-de-junio\\\/\",\"name\":\"El pr\u00f3ximo curso escolar comenzar\u00e1 el 11 de septiembre y finalizar\u00e1 el 21 de junio | R\u00e0dio Litoral\",\"isPartOf\":{\"@id\":\"https:\\\/\\\/radiolitoral.com\\\/#website\"},\"primaryImageOfPage\":{\"@id\":\"https:\\\/\\\/radiolitoral.com\\\/2023\\\/06\\\/el-proximo-curso-escolar-comenzara-el-11-de-septiembre-y-finalizara-el-21-de-junio\\\/#primaryimage\"},\"image\":{\"@id\":\"https:\\\/\\\/radiolitoral.com\\\/2023\\\/06\\\/el-proximo-curso-escolar-comenzara-el-11-de-septiembre-y-finalizara-el-21-de-junio\\\/#primaryimage\"},\"thumbnailUrl\":\"https:\\\/\\\/media.radiolitoral.com\\\/wp-content\\\/uploads\\\/2023\\\/06\\\/07154917\\\/cole.jpg\",\"datePublished\":\"2023-06-07T13:52:19+00:00\",\"dateModified\":\"2023-06-07T13:52:44+00:00\",\"description\":\"Tambi\u00e9n se han dado a conocer los festivos Tambi\u00e9n se han dado a conocer los festivos\",\"breadcrumb\":{\"@id\":\"https:\\\/\\\/radiolitoral.com\\\/2023\\\/06\\\/el-proximo-curso-escolar-comenzara-el-11-de-septiembre-y-finalizara-el-21-de-junio\\\/#breadcrumb\"},\"inLanguage\":\"ca\",\"potentialAction\":[{\"@type\":\"ReadAction\",\"target\":[\"https:\\\/\\\/radiolitoral.com\\\/2023\\\/06\\\/el-proximo-curso-escolar-comenzara-el-11-de-septiembre-y-finalizara-el-21-de-junio\\\/\"]}]},{\"@type\":\"ImageObject\",\"inLanguage\":\"ca\",\"@id\":\"https:\\\/\\\/radiolitoral.com\\\/2023\\\/06\\\/el-proximo-curso-escolar-comenzara-el-11-de-septiembre-y-finalizara-el-21-de-junio\\\/#primaryimage\",\"url\":\"https:\\\/\\\/media.radiolitoral.com\\\/wp-content\\\/uploads\\\/2023\\\/06\\\/07154917\\\/cole.jpg\",\"contentUrl\":\"https:\\\/\\\/media.radiolitoral.com\\\/wp-content\\\/uploads\\\/2023\\\/06\\\/07154917\\\/cole.jpg\",\"width\":745,\"height\":539},{\"@type\":\"BreadcrumbList\",\"@id\":\"https:\\\/\\\/radiolitoral.com\\\/2023\\\/06\\\/el-proximo-curso-escolar-comenzara-el-11-de-septiembre-y-finalizara-el-21-de-junio\\\/#breadcrumb\",\"itemListElement\":[{\"@type\":\"ListItem\",\"position\":1,\"name\":\"Portada\",\"item\":\"https:\\\/\\\/radiolitoral.com\\\/\"},{\"@type\":\"ListItem\",\"position\":2,\"name\":\"El pr\u00f3ximo curso escolar comenzar\u00e1 el 11 de septiembre y finalizar\u00e1 el 21 de junio\"}]},{\"@type\":\"WebSite\",\"@id\":\"https:\\\/\\\/radiolitoral.com\\\/#website\",\"url\":\"https:\\\/\\\/radiolitoral.com\\\/\",\"name\":\"Radio Litoral\",\"description\":\"La radio local de la Marina Alta\",\"publisher\":{\"@id\":\"https:\\\/\\\/radiolitoral.com\\\/#organization\"},\"alternateName\":\"Litoral FM\",\"potentialAction\":[{\"@type\":\"SearchAction\",\"target\":{\"@type\":\"EntryPoint\",\"urlTemplate\":\"https:\\\/\\\/radiolitoral.com\\\/?s={search_term_string}\"},\"query-input\":{\"@type\":\"PropertyValueSpecification\",\"valueRequired\":true,\"valueName\":\"search_term_string\"}}],\"inLanguage\":\"ca\"},{\"@type\":\"Organization\",\"@id\":\"https:\\\/\\\/radiolitoral.com\\\/#organization\",\"name\":\"Radio Litoral\",\"url\":\"https:\\\/\\\/radiolitoral.com\\\/\",\"logo\":{\"@type\":\"ImageObject\",\"inLanguage\":\"ca\",\"@id\":\"https:\\\/\\\/radiolitoral.com\\\/#\\\/schema\\\/logo\\\/image\\\/\",\"url\":\"https:\\\/\\\/media.radiolitoral.com\\\/wp-content\\\/uploads\\\/2023\\\/02\\\/24143238\\\/CL-V-RadioLitoral696.png\",\"contentUrl\":\"https:\\\/\\\/media.radiolitoral.com\\\/wp-content\\\/uploads\\\/2023\\\/02\\\/24143238\\\/CL-V-RadioLitoral696.png\",\"width\":696,\"height\":696,\"caption\":\"Radio Litoral\"},\"image\":{\"@id\":\"https:\\\/\\\/radiolitoral.com\\\/#\\\/schema\\\/logo\\\/image\\\/\"},\"sameAs\":[\"https:\\\/\\\/www.facebook.com\\\/Laradiolitoral\\\/\"]},{\"@type\":\"Person\",\"@id\":\"https:\\\/\\\/radiolitoral.com\\\/#\\\/schema\\\/person\\\/aad4f72efa404f85b68e832d24cac059\",\"name\":\"Mel Pescuezo\",\"image\":{\"@type\":\"ImageObject\",\"inLanguage\":\"ca\",\"@id\":\"https:\\\/\\\/secure.gravatar.com\\\/avatar\\\/993975ae489c70cb0dd9bfa9413a082f0bd276582dac13661af7b33f161e7eea?s=96&d=mm&r=g\",\"url\":\"https:\\\/\\\/secure.gravatar.com\\\/avatar\\\/993975ae489c70cb0dd9bfa9413a082f0bd276582dac13661af7b33f161e7eea?s=96&d=mm&r=g\",\"contentUrl\":\"https:\\\/\\\/secure.gravatar.com\\\/avatar\\\/993975ae489c70cb0dd9bfa9413a082f0bd276582dac13661af7b33f161e7eea?s=96&d=mm&r=g\",\"caption\":\"Mel Pescuezo\"},\"url\":\"https:\\\/\\\/radiolitoral.com\\\/ca\\\/author\\\/serviciospararadios\\\/\"}]}<\/script>\n<!-- \/ Yoast SEO plugin. -->","yoast_head_json":{"title":"El curs escolar vinent comen\u00e7ar\u00e0 l&#039;11 de setembre i finalitzar\u00e0 el 21 de juny | R\u00e0dio Litoral","description":"Tamb\u00e9 s&#039;han fet con\u00e8ixer els festius Tamb\u00e9 s&#039;han donat a con\u00e8ixer els festius","robots":{"index":"index","follow":"follow","max-snippet":"max-snippet:-1","max-image-preview":"max-image-preview:large","max-video-preview":"max-video-preview:-1"},"canonical":"https:\/\/radiolitoral.com\/ca\/2023\/06\/el-proper-curs-escolar-comencara-l11-de-setembre-i-finalitzes-el-21-de-juny\/","og_locale":"ca_ES","og_type":"article","og_title":"El pr\u00f3ximo curso escolar comenzar\u00e1 el 11 de septiembre y finalizar\u00e1 el 21 de junio | R\u00e0dio Litoral","og_description":"Tambi\u00e9n se han dado a conocer los festivos Tambi\u00e9n se han dado a conocer los festivos","og_url":"https:\/\/radiolitoral.com\/ca\/2023\/06\/el-proper-curs-escolar-comencara-l11-de-setembre-i-finalitzes-el-21-de-juny\/","og_site_name":"R\u00e0dio Litoral","article_publisher":"https:\/\/www.facebook.com\/Laradiolitoral\/","article_published_time":"2023-06-07T13:52:19+00:00","article_modified_time":"2023-06-07T13:52:44+00:00","og_image":[{"width":745,"height":539,"url":"https:\/\/media.radiolitoral.com\/wp-content\/uploads\/2023\/06\/07154917\/cole.jpg","type":"image\/jpeg"}],"author":"Mel Pescuezo","twitter_card":"summary_large_image","twitter_misc":{"Escrit per":"Mel Pescuezo","Temps estimat de lectura":"2 minuts"},"schema":{"@context":"https:\/\/schema.org","@graph":[{"@type":"NewsArticle","@id":"https:\/\/radiolitoral.com\/2023\/06\/el-proximo-curso-escolar-comenzara-el-11-de-septiembre-y-finalizara-el-21-de-junio\/#article","isPartOf":{"@id":"https:\/\/radiolitoral.com\/2023\/06\/el-proximo-curso-escolar-comenzara-el-11-de-septiembre-y-finalizara-el-21-de-junio\/"},"author":{"name":"Mel Pescuezo","@id":"https:\/\/radiolitoral.com\/#\/schema\/person\/aad4f72efa404f85b68e832d24cac059"},"headline":"El pr\u00f3ximo curso escolar comenzar\u00e1 el 11 de septiembre y finalizar\u00e1 el 21 de junio","datePublished":"2023-06-07T13:52:19+00:00","dateModified":"2023-06-07T13:52:44+00:00","mainEntityOfPage":{"@id":"https:\/\/radiolitoral.com\/2023\/06\/el-proximo-curso-escolar-comenzara-el-11-de-septiembre-y-finalizara-el-21-de-junio\/"},"wordCount":339,"commentCount":0,"publisher":{"@id":"https:\/\/radiolitoral.com\/#organization"},"image":{"@id":"https:\/\/radiolitoral.com\/2023\/06\/el-proximo-curso-escolar-comenzara-el-11-de-septiembre-y-finalizara-el-21-de-junio\/#primaryimage"},"thumbnailUrl":"https:\/\/media.radiolitoral.com\/wp-content\/uploads\/2023\/06\/07154917\/cole.jpg","keywords":["calendario escolar"],"articleSection":["Educaci\u00f3n"],"inLanguage":"ca","potentialAction":[{"@type":"CommentAction","name":"Comment","target":["https:\/\/radiolitoral.com\/2023\/06\/el-proximo-curso-escolar-comenzara-el-11-de-septiembre-y-finalizara-el-21-de-junio\/#respond"]}]},{"@type":["WebPage","ItemPage"],"@id":"https:\/\/radiolitoral.com\/2023\/06\/el-proximo-curso-escolar-comenzara-el-11-de-septiembre-y-finalizara-el-21-de-junio\/","url":"https:\/\/radiolitoral.com\/2023\/06\/el-proximo-curso-escolar-comenzara-el-11-de-septiembre-y-finalizara-el-21-de-junio\/","name":"El curs escolar vinent comen\u00e7ar\u00e0 l&#039;11 de setembre i finalitzar\u00e0 el 21 de juny | R\u00e0dio Litoral","isPartOf":{"@id":"https:\/\/radiolitoral.com\/#website"},"primaryImageOfPage":{"@id":"https:\/\/radiolitoral.com\/2023\/06\/el-proximo-curso-escolar-comenzara-el-11-de-septiembre-y-finalizara-el-21-de-junio\/#primaryimage"},"image":{"@id":"https:\/\/radiolitoral.com\/2023\/06\/el-proximo-curso-escolar-comenzara-el-11-de-septiembre-y-finalizara-el-21-de-junio\/#primaryimage"},"thumbnailUrl":"https:\/\/media.radiolitoral.com\/wp-content\/uploads\/2023\/06\/07154917\/cole.jpg","datePublished":"2023-06-07T13:52:19+00:00","dateModified":"2023-06-07T13:52:44+00:00","description":"Tamb\u00e9 s&#039;han fet con\u00e8ixer els festius Tamb\u00e9 s&#039;han donat a con\u00e8ixer els festius","breadcrumb":{"@id":"https:\/\/radiolitoral.com\/2023\/06\/el-proximo-curso-escolar-comenzara-el-11-de-septiembre-y-finalizara-el-21-de-junio\/#breadcrumb"},"inLanguage":"ca","potentialAction":[{"@type":"ReadAction","target":["https:\/\/radiolitoral.com\/2023\/06\/el-proximo-curso-escolar-comenzara-el-11-de-septiembre-y-finalizara-el-21-de-junio\/"]}]},{"@type":"ImageObject","inLanguage":"ca","@id":"https:\/\/radiolitoral.com\/2023\/06\/el-proximo-curso-escolar-comenzara-el-11-de-septiembre-y-finalizara-el-21-de-junio\/#primaryimage","url":"https:\/\/media.radiolitoral.com\/wp-content\/uploads\/2023\/06\/07154917\/cole.jpg","contentUrl":"https:\/\/media.radiolitoral.com\/wp-content\/uploads\/2023\/06\/07154917\/cole.jpg","width":745,"height":539},{"@type":"BreadcrumbList","@id":"https:\/\/radiolitoral.com\/2023\/06\/el-proximo-curso-escolar-comenzara-el-11-de-septiembre-y-finalizara-el-21-de-junio\/#breadcrumb","itemListElement":[{"@type":"ListItem","position":1,"name":"Portada","item":"https:\/\/radiolitoral.com\/"},{"@type":"ListItem","position":2,"name":"El pr\u00f3ximo curso escolar comenzar\u00e1 el 11 de septiembre y finalizar\u00e1 el 21 de junio"}]},{"@type":"WebSite","@id":"https:\/\/radiolitoral.com\/#website","url":"https:\/\/radiolitoral.com\/","name":"R\u00e0dio Litoral","description":"La r\u00e0dio local de la Marina Alta","publisher":{"@id":"https:\/\/radiolitoral.com\/#organization"},"alternateName":"Litoral FM","potentialAction":[{"@type":"SearchAction","target":{"@type":"EntryPoint","urlTemplate":"https:\/\/radiolitoral.com\/?s={search_term_string}"},"query-input":{"@type":"PropertyValueSpecification","valueRequired":true,"valueName":"search_term_string"}}],"inLanguage":"ca"},{"@type":"Organization","@id":"https:\/\/radiolitoral.com\/#organization","name":"R\u00e0dio Litoral","url":"https:\/\/radiolitoral.com\/","logo":{"@type":"ImageObject","inLanguage":"ca","@id":"https:\/\/radiolitoral.com\/#\/schema\/logo\/image\/","url":"https:\/\/media.radiolitoral.com\/wp-content\/uploads\/2023\/02\/24143238\/CL-V-RadioLitoral696.png","contentUrl":"https:\/\/media.radiolitoral.com\/wp-content\/uploads\/2023\/02\/24143238\/CL-V-RadioLitoral696.png","width":696,"height":696,"caption":"Radio Litoral"},"image":{"@id":"https:\/\/radiolitoral.com\/#\/schema\/logo\/image\/"},"sameAs":["https:\/\/www.facebook.com\/Laradiolitoral\/"]},{"@type":"Person","@id":"https:\/\/radiolitoral.com\/#\/schema\/person\/aad4f72efa404f85b68e832d24cac059","name":"Mel Pescuezo","image":{"@type":"ImageObject","inLanguage":"ca","@id":"https:\/\/secure.gravatar.com\/avatar\/993975ae489c70cb0dd9bfa9413a082f0bd276582dac13661af7b33f161e7eea?s=96&d=mm&r=g","url":"https:\/\/secure.gravatar.com\/avatar\/993975ae489c70cb0dd9bfa9413a082f0bd276582dac13661af7b33f161e7eea?s=96&d=mm&r=g","contentUrl":"https:\/\/secure.gravatar.com\/avatar\/993975ae489c70cb0dd9bfa9413a082f0bd276582dac13661af7b33f161e7eea?s=96&d=mm&r=g","caption":"Mel Pescuezo"},"url":"https:\/\/radiolitoral.com\/ca\/author\/serviciospararadios\/"}]}},"_links":{"self":[{"href":"https:\/\/radiolitoral.com\/ca\/wp-json\/wp\/v2\/posts\/3835","targetHints":{"allow":["GET"]}}],"collection":[{"href":"https:\/\/radiolitoral.com\/ca\/wp-json\/wp\/v2\/posts"}],"about":[{"href":"https:\/\/radiolitoral.com\/ca\/wp-json\/wp\/v2\/types\/post"}],"author":[{"embeddable":true,"href":"https:\/\/radiolitoral.com\/ca\/wp-json\/wp\/v2\/users\/21"}],"replies":[{"embeddable":true,"href":"https:\/\/radiolitoral.com\/ca\/wp-json\/wp\/v2\/comments?post=3835"}],"version-history":[{"count":1,"href":"https:\/\/radiolitoral.com\/ca\/wp-json\/wp\/v2\/posts\/3835\/revisions"}],"predecessor-version":[{"id":3837,"href":"https:\/\/radiolitoral.com\/ca\/wp-json\/wp\/v2\/posts\/3835\/revisions\/3837"}],"wp:featuredmedia":[{"embeddable":true,"href":"https:\/\/radiolitoral.com\/ca\/wp-json\/wp\/v2\/media\/3836"}],"wp:attachment":[{"href":"https:\/\/radiolitoral.com\/ca\/wp-json\/wp\/v2\/media?parent=3835"}],"wp:term":[{"taxonomy":"category","embeddable":true,"href":"https:\/\/radiolitoral.com\/ca\/wp-json\/wp\/v2\/categories?post=3835"},{"taxonomy":"post_tag","embeddable":true,"href":"https:\/\/radiolitoral.com\/ca\/wp-json\/wp\/v2\/tags?post=3835"}],"curies":[{"name":"wp","href":"https:\/\/api.w.org\/{rel}","templated":true}]}}