{"id":3788,"date":"2023-06-06T18:40:26","date_gmt":"2023-06-06T16:40:26","guid":{"rendered":"https:\/\/radiolitoral.com\/?p=3788"},"modified":"2023-06-06T18:42:18","modified_gmt":"2023-06-06T16:42:18","slug":"la-banda-de-musica-de-benitatxell-tanca-amb-exit-la-primavera-musical","status":"publish","type":"post","link":"https:\/\/radiolitoral.com\/ca\/2023\/06\/la-banda-de-musica-de-benitatxell-cierra-con-exito-el-primavera-musical\/","title":{"rendered":"La Banda de M\u00fasica de Benitatxell tanca amb \u00e8xit el Primavera Musical"},"content":{"rendered":"<p>La Banda de M\u00fasica del Poble Nou de Benitatxell va ser l&#039;encarregada de tancar el cicle de concerts de la Primavera Musical que s&#039;han realitzat a la localitat durant els darrers mesos. A l&#039;edici\u00f3 d&#039;aquest 2023 han actuat grups i artistes tan variats com Tocant i Rodant &amp; Al Vent, l&#039;Orquestra de la Marina Alta o l&#039;Orquestra de Cambra de Val\u00e8ncia i el cor Cantollano.<\/p>\n<p>L&#039;organitzaci\u00f3 valora molt positivament el desenvolupament del cicle i la resposta rebuda, qualificant d&#039;\u00e8xit el concert final de la Primavera Musical 2023, que va protagonitzar l&#039;Agrupaci\u00f3 Musico-municipal Santa Maria Magdalena de Benitatxell, els m\u00fasics del qual van aconseguir conquistar el p\u00fablic.<\/p>\n<p>Es va complir un any de la primera actuaci\u00f3 al mateix cicle de concerts del director de l&#039;agrupaci\u00f3, Manu Romero, que va ser escollit per dirigir la banda a trav\u00e9s d&#039;un proc\u00e9s democr\u00e0tic intern. Romero ja \u00e9s una pe\u00e7a clau de la Banda, i dissabte va demostrar una vegada m\u00e9s una gran qu\u00edmica amb els i les m\u00fasics, que van estar brillants. L&#039;acte va ser presentat per Rosa Garc\u00eda, que va anar desgranant les peces que interpretarien.<\/p>\n<p>Amb aquesta actuaci\u00f3 es tanca la dissetena edici\u00f3 de la Primavera Musical, que des de fa anys \u00e9s un esdeveniment insigne i referent de l&#039;agenda cultura poblera. Per aquest 2023 han passat grups i artistes tan variats i talentosos com Tocant i Rodant &amp; Al Vent, la col\u00b7laboraci\u00f3 entre el duet de tambor i dol\u00e7aina i el quintet de metalls; l&#039;OMA - Orquestra de la Marina Alta o l&#039;actuaci\u00f3 conjunta entre l&#039;Orquestra de Cambra de Val\u00e8ncia i el cor de cambra Cantollano.<\/p>","protected":false},"excerpt":{"rendered":"<p>La Banda de M\u00fasica de El Poble Nou de Benitatxell fue la encargada de cerrar el ciclo de conciertos de la Primavera Musical que se han realizado en la localidad durante los \u00faltimos meses. En la edici\u00f3n de este 2023 han actuado grupos y artistas tan variados como Tocant i Rodant &amp; Al Vent, la [&#8230;]<\/p>\n<p><a class=\"btn btn-secondary understrap-read-more-link\" href=\"https:\/\/radiolitoral.com\/ca\/2023\/06\/la-banda-de-musica-de-benitatxell-cierra-con-exito-el-primavera-musical\/\">Continua llegint&#8230;<span class=\"screen-reader-text\"> from La Banda de M\u00fasica de Benitatxell cierra con \u00e9xito el Primavera Musical<\/span><\/a><\/p>\n","protected":false},"author":21,"featured_media":3789,"comment_status":"open","ping_status":"closed","sticky":false,"template":"","format":"standard","meta":{"_acf_changed":false,"inline_featured_image":false,"footnotes":""},"categories":[55],"tags":[739],"class_list":["post-3788","post","type-post","status-publish","format-standard","has-post-thumbnail","hentry","category-cultura","tag-primavera-musical","cobertura-poble-nou-de-benitatxell"],"acf":[],"yoast_head":"<!-- This site is optimized with the Yoast SEO plugin v27.5 - https:\/\/yoast.com\/product\/yoast-seo-wordpress\/ -->\n<title>La Banda de M\u00fasica de Benitatxell cierra con \u00e9xito el Primavera Musical | R\u00e0dio Litoral<\/title>\n<meta name=\"description\" content=\"Todo un referente de la agenda cultural poblera Todo un referente de la agenda cultural poblera\" \/>\n<meta name=\"robots\" content=\"index, follow, max-snippet:-1, max-image-preview:large, max-video-preview:-1\" \/>\n<link rel=\"canonical\" href=\"https:\/\/radiolitoral.com\/ca\/2023\/06\/la-banda-de-musica-de-benitatxell-tanca-amb-exit-la-primavera-musical\/\" \/>\n<meta property=\"og:locale\" content=\"ca_ES\" \/>\n<meta property=\"og:type\" content=\"article\" \/>\n<meta property=\"og:title\" content=\"La Banda de M\u00fasica de Benitatxell cierra con \u00e9xito el Primavera Musical | R\u00e0dio Litoral\" \/>\n<meta property=\"og:description\" content=\"Todo un referente de la agenda cultural poblera Todo un referente de la agenda cultural poblera\" \/>\n<meta property=\"og:url\" content=\"https:\/\/radiolitoral.com\/ca\/2023\/06\/la-banda-de-musica-de-benitatxell-tanca-amb-exit-la-primavera-musical\/\" \/>\n<meta property=\"og:site_name\" content=\"R\u00e0dio Litoral\" \/>\n<meta property=\"article:publisher\" content=\"https:\/\/www.facebook.com\/Laradiolitoral\/\" \/>\n<meta property=\"article:published_time\" content=\"2023-06-06T16:40:26+00:00\" \/>\n<meta property=\"article:modified_time\" content=\"2023-06-06T16:42:18+00:00\" \/>\n<meta property=\"og:image\" content=\"https:\/\/media.radiolitoral.com\/wp-content\/uploads\/2023\/06\/06184021\/DSC_09371-734x490-1.jpg\" \/>\n\t<meta property=\"og:image:width\" content=\"734\" \/>\n\t<meta property=\"og:image:height\" content=\"490\" \/>\n\t<meta property=\"og:image:type\" content=\"image\/jpeg\" \/>\n<meta name=\"author\" content=\"Mel Pescuezo\" \/>\n<meta name=\"twitter:card\" content=\"summary_large_image\" \/>\n<meta name=\"twitter:label1\" content=\"Escrit per\" \/>\n\t<meta name=\"twitter:data1\" content=\"Mel Pescuezo\" \/>\n\t<meta name=\"twitter:label2\" content=\"Temps estimat de lectura\" \/>\n\t<meta name=\"twitter:data2\" content=\"2 minuts\" \/>\n<script type=\"application\/ld+json\" class=\"yoast-schema-graph\">{\"@context\":\"https:\\\/\\\/schema.org\",\"@graph\":[{\"@type\":\"NewsArticle\",\"@id\":\"https:\\\/\\\/radiolitoral.com\\\/2023\\\/06\\\/la-banda-de-musica-de-benitatxell-cierra-con-exito-el-primavera-musical\\\/#article\",\"isPartOf\":{\"@id\":\"https:\\\/\\\/radiolitoral.com\\\/2023\\\/06\\\/la-banda-de-musica-de-benitatxell-cierra-con-exito-el-primavera-musical\\\/\"},\"author\":{\"name\":\"Mel Pescuezo\",\"@id\":\"https:\\\/\\\/radiolitoral.com\\\/#\\\/schema\\\/person\\\/aad4f72efa404f85b68e832d24cac059\"},\"headline\":\"La Banda de M\u00fasica de Benitatxell cierra con \u00e9xito el Primavera Musical\",\"datePublished\":\"2023-06-06T16:40:26+00:00\",\"dateModified\":\"2023-06-06T16:42:18+00:00\",\"mainEntityOfPage\":{\"@id\":\"https:\\\/\\\/radiolitoral.com\\\/2023\\\/06\\\/la-banda-de-musica-de-benitatxell-cierra-con-exito-el-primavera-musical\\\/\"},\"wordCount\":313,\"commentCount\":0,\"publisher\":{\"@id\":\"https:\\\/\\\/radiolitoral.com\\\/#organization\"},\"image\":{\"@id\":\"https:\\\/\\\/radiolitoral.com\\\/2023\\\/06\\\/la-banda-de-musica-de-benitatxell-cierra-con-exito-el-primavera-musical\\\/#primaryimage\"},\"thumbnailUrl\":\"https:\\\/\\\/media.radiolitoral.com\\\/wp-content\\\/uploads\\\/2023\\\/06\\\/06184021\\\/DSC_09371-734x490-1.jpg\",\"keywords\":[\"Primavera Musical\"],\"articleSection\":[\"Cultura\"],\"inLanguage\":\"ca\",\"potentialAction\":[{\"@type\":\"CommentAction\",\"name\":\"Comment\",\"target\":[\"https:\\\/\\\/radiolitoral.com\\\/2023\\\/06\\\/la-banda-de-musica-de-benitatxell-cierra-con-exito-el-primavera-musical\\\/#respond\"]}]},{\"@type\":[\"WebPage\",\"ItemPage\"],\"@id\":\"https:\\\/\\\/radiolitoral.com\\\/2023\\\/06\\\/la-banda-de-musica-de-benitatxell-cierra-con-exito-el-primavera-musical\\\/\",\"url\":\"https:\\\/\\\/radiolitoral.com\\\/2023\\\/06\\\/la-banda-de-musica-de-benitatxell-cierra-con-exito-el-primavera-musical\\\/\",\"name\":\"La Banda de M\u00fasica de Benitatxell cierra con \u00e9xito el Primavera Musical | R\u00e0dio Litoral\",\"isPartOf\":{\"@id\":\"https:\\\/\\\/radiolitoral.com\\\/#website\"},\"primaryImageOfPage\":{\"@id\":\"https:\\\/\\\/radiolitoral.com\\\/2023\\\/06\\\/la-banda-de-musica-de-benitatxell-cierra-con-exito-el-primavera-musical\\\/#primaryimage\"},\"image\":{\"@id\":\"https:\\\/\\\/radiolitoral.com\\\/2023\\\/06\\\/la-banda-de-musica-de-benitatxell-cierra-con-exito-el-primavera-musical\\\/#primaryimage\"},\"thumbnailUrl\":\"https:\\\/\\\/media.radiolitoral.com\\\/wp-content\\\/uploads\\\/2023\\\/06\\\/06184021\\\/DSC_09371-734x490-1.jpg\",\"datePublished\":\"2023-06-06T16:40:26+00:00\",\"dateModified\":\"2023-06-06T16:42:18+00:00\",\"description\":\"Todo un referente de la agenda cultural poblera Todo un referente de la agenda cultural poblera\",\"breadcrumb\":{\"@id\":\"https:\\\/\\\/radiolitoral.com\\\/2023\\\/06\\\/la-banda-de-musica-de-benitatxell-cierra-con-exito-el-primavera-musical\\\/#breadcrumb\"},\"inLanguage\":\"ca\",\"potentialAction\":[{\"@type\":\"ReadAction\",\"target\":[\"https:\\\/\\\/radiolitoral.com\\\/2023\\\/06\\\/la-banda-de-musica-de-benitatxell-cierra-con-exito-el-primavera-musical\\\/\"]}]},{\"@type\":\"ImageObject\",\"inLanguage\":\"ca\",\"@id\":\"https:\\\/\\\/radiolitoral.com\\\/2023\\\/06\\\/la-banda-de-musica-de-benitatxell-cierra-con-exito-el-primavera-musical\\\/#primaryimage\",\"url\":\"https:\\\/\\\/media.radiolitoral.com\\\/wp-content\\\/uploads\\\/2023\\\/06\\\/06184021\\\/DSC_09371-734x490-1.jpg\",\"contentUrl\":\"https:\\\/\\\/media.radiolitoral.com\\\/wp-content\\\/uploads\\\/2023\\\/06\\\/06184021\\\/DSC_09371-734x490-1.jpg\",\"width\":734,\"height\":490},{\"@type\":\"BreadcrumbList\",\"@id\":\"https:\\\/\\\/radiolitoral.com\\\/2023\\\/06\\\/la-banda-de-musica-de-benitatxell-cierra-con-exito-el-primavera-musical\\\/#breadcrumb\",\"itemListElement\":[{\"@type\":\"ListItem\",\"position\":1,\"name\":\"Portada\",\"item\":\"https:\\\/\\\/radiolitoral.com\\\/\"},{\"@type\":\"ListItem\",\"position\":2,\"name\":\"La Banda de M\u00fasica de Benitatxell cierra con \u00e9xito el Primavera Musical\"}]},{\"@type\":\"WebSite\",\"@id\":\"https:\\\/\\\/radiolitoral.com\\\/#website\",\"url\":\"https:\\\/\\\/radiolitoral.com\\\/\",\"name\":\"Radio Litoral\",\"description\":\"La radio local de la Marina Alta\",\"publisher\":{\"@id\":\"https:\\\/\\\/radiolitoral.com\\\/#organization\"},\"alternateName\":\"Litoral FM\",\"potentialAction\":[{\"@type\":\"SearchAction\",\"target\":{\"@type\":\"EntryPoint\",\"urlTemplate\":\"https:\\\/\\\/radiolitoral.com\\\/?s={search_term_string}\"},\"query-input\":{\"@type\":\"PropertyValueSpecification\",\"valueRequired\":true,\"valueName\":\"search_term_string\"}}],\"inLanguage\":\"ca\"},{\"@type\":\"Organization\",\"@id\":\"https:\\\/\\\/radiolitoral.com\\\/#organization\",\"name\":\"Radio Litoral\",\"url\":\"https:\\\/\\\/radiolitoral.com\\\/\",\"logo\":{\"@type\":\"ImageObject\",\"inLanguage\":\"ca\",\"@id\":\"https:\\\/\\\/radiolitoral.com\\\/#\\\/schema\\\/logo\\\/image\\\/\",\"url\":\"https:\\\/\\\/media.radiolitoral.com\\\/wp-content\\\/uploads\\\/2023\\\/02\\\/24143238\\\/CL-V-RadioLitoral696.png\",\"contentUrl\":\"https:\\\/\\\/media.radiolitoral.com\\\/wp-content\\\/uploads\\\/2023\\\/02\\\/24143238\\\/CL-V-RadioLitoral696.png\",\"width\":696,\"height\":696,\"caption\":\"Radio Litoral\"},\"image\":{\"@id\":\"https:\\\/\\\/radiolitoral.com\\\/#\\\/schema\\\/logo\\\/image\\\/\"},\"sameAs\":[\"https:\\\/\\\/www.facebook.com\\\/Laradiolitoral\\\/\"]},{\"@type\":\"Person\",\"@id\":\"https:\\\/\\\/radiolitoral.com\\\/#\\\/schema\\\/person\\\/aad4f72efa404f85b68e832d24cac059\",\"name\":\"Mel Pescuezo\",\"image\":{\"@type\":\"ImageObject\",\"inLanguage\":\"ca\",\"@id\":\"https:\\\/\\\/secure.gravatar.com\\\/avatar\\\/993975ae489c70cb0dd9bfa9413a082f0bd276582dac13661af7b33f161e7eea?s=96&d=mm&r=g\",\"url\":\"https:\\\/\\\/secure.gravatar.com\\\/avatar\\\/993975ae489c70cb0dd9bfa9413a082f0bd276582dac13661af7b33f161e7eea?s=96&d=mm&r=g\",\"contentUrl\":\"https:\\\/\\\/secure.gravatar.com\\\/avatar\\\/993975ae489c70cb0dd9bfa9413a082f0bd276582dac13661af7b33f161e7eea?s=96&d=mm&r=g\",\"caption\":\"Mel Pescuezo\"},\"url\":\"https:\\\/\\\/radiolitoral.com\\\/ca\\\/author\\\/serviciospararadios\\\/\"}]}<\/script>\n<!-- \/ Yoast SEO plugin. -->","yoast_head_json":{"title":"La Banda de M\u00fasica de Benitatxell tanca amb \u00e8xit el Primavera Musical | R\u00e0dio Litoral","description":"Tot un referent de l\u00b4agenda cultural poblera Tot un referent de l\u00b4agenda cultural poblera","robots":{"index":"index","follow":"follow","max-snippet":"max-snippet:-1","max-image-preview":"max-image-preview:large","max-video-preview":"max-video-preview:-1"},"canonical":"https:\/\/radiolitoral.com\/ca\/2023\/06\/la-banda-de-musica-de-benitatxell-tanca-amb-exit-la-primavera-musical\/","og_locale":"ca_ES","og_type":"article","og_title":"La Banda de M\u00fasica de Benitatxell cierra con \u00e9xito el Primavera Musical | R\u00e0dio Litoral","og_description":"Todo un referente de la agenda cultural poblera Todo un referente de la agenda cultural poblera","og_url":"https:\/\/radiolitoral.com\/ca\/2023\/06\/la-banda-de-musica-de-benitatxell-tanca-amb-exit-la-primavera-musical\/","og_site_name":"R\u00e0dio Litoral","article_publisher":"https:\/\/www.facebook.com\/Laradiolitoral\/","article_published_time":"2023-06-06T16:40:26+00:00","article_modified_time":"2023-06-06T16:42:18+00:00","og_image":[{"width":734,"height":490,"url":"https:\/\/media.radiolitoral.com\/wp-content\/uploads\/2023\/06\/06184021\/DSC_09371-734x490-1.jpg","type":"image\/jpeg"}],"author":"Mel Pescuezo","twitter_card":"summary_large_image","twitter_misc":{"Escrit per":"Mel Pescuezo","Temps estimat de lectura":"2 minuts"},"schema":{"@context":"https:\/\/schema.org","@graph":[{"@type":"NewsArticle","@id":"https:\/\/radiolitoral.com\/2023\/06\/la-banda-de-musica-de-benitatxell-cierra-con-exito-el-primavera-musical\/#article","isPartOf":{"@id":"https:\/\/radiolitoral.com\/2023\/06\/la-banda-de-musica-de-benitatxell-cierra-con-exito-el-primavera-musical\/"},"author":{"name":"Mel Pescuezo","@id":"https:\/\/radiolitoral.com\/#\/schema\/person\/aad4f72efa404f85b68e832d24cac059"},"headline":"La Banda de M\u00fasica de Benitatxell cierra con \u00e9xito el Primavera Musical","datePublished":"2023-06-06T16:40:26+00:00","dateModified":"2023-06-06T16:42:18+00:00","mainEntityOfPage":{"@id":"https:\/\/radiolitoral.com\/2023\/06\/la-banda-de-musica-de-benitatxell-cierra-con-exito-el-primavera-musical\/"},"wordCount":313,"commentCount":0,"publisher":{"@id":"https:\/\/radiolitoral.com\/#organization"},"image":{"@id":"https:\/\/radiolitoral.com\/2023\/06\/la-banda-de-musica-de-benitatxell-cierra-con-exito-el-primavera-musical\/#primaryimage"},"thumbnailUrl":"https:\/\/media.radiolitoral.com\/wp-content\/uploads\/2023\/06\/06184021\/DSC_09371-734x490-1.jpg","keywords":["Primavera Musical"],"articleSection":["Cultura"],"inLanguage":"ca","potentialAction":[{"@type":"CommentAction","name":"Comment","target":["https:\/\/radiolitoral.com\/2023\/06\/la-banda-de-musica-de-benitatxell-cierra-con-exito-el-primavera-musical\/#respond"]}]},{"@type":["WebPage","ItemPage"],"@id":"https:\/\/radiolitoral.com\/2023\/06\/la-banda-de-musica-de-benitatxell-cierra-con-exito-el-primavera-musical\/","url":"https:\/\/radiolitoral.com\/2023\/06\/la-banda-de-musica-de-benitatxell-cierra-con-exito-el-primavera-musical\/","name":"La Banda de M\u00fasica de Benitatxell tanca amb \u00e8xit el Primavera Musical | R\u00e0dio Litoral","isPartOf":{"@id":"https:\/\/radiolitoral.com\/#website"},"primaryImageOfPage":{"@id":"https:\/\/radiolitoral.com\/2023\/06\/la-banda-de-musica-de-benitatxell-cierra-con-exito-el-primavera-musical\/#primaryimage"},"image":{"@id":"https:\/\/radiolitoral.com\/2023\/06\/la-banda-de-musica-de-benitatxell-cierra-con-exito-el-primavera-musical\/#primaryimage"},"thumbnailUrl":"https:\/\/media.radiolitoral.com\/wp-content\/uploads\/2023\/06\/06184021\/DSC_09371-734x490-1.jpg","datePublished":"2023-06-06T16:40:26+00:00","dateModified":"2023-06-06T16:42:18+00:00","description":"Tot un referent de l\u00b4agenda cultural poblera Tot un referent de l\u00b4agenda cultural poblera","breadcrumb":{"@id":"https:\/\/radiolitoral.com\/2023\/06\/la-banda-de-musica-de-benitatxell-cierra-con-exito-el-primavera-musical\/#breadcrumb"},"inLanguage":"ca","potentialAction":[{"@type":"ReadAction","target":["https:\/\/radiolitoral.com\/2023\/06\/la-banda-de-musica-de-benitatxell-cierra-con-exito-el-primavera-musical\/"]}]},{"@type":"ImageObject","inLanguage":"ca","@id":"https:\/\/radiolitoral.com\/2023\/06\/la-banda-de-musica-de-benitatxell-cierra-con-exito-el-primavera-musical\/#primaryimage","url":"https:\/\/media.radiolitoral.com\/wp-content\/uploads\/2023\/06\/06184021\/DSC_09371-734x490-1.jpg","contentUrl":"https:\/\/media.radiolitoral.com\/wp-content\/uploads\/2023\/06\/06184021\/DSC_09371-734x490-1.jpg","width":734,"height":490},{"@type":"BreadcrumbList","@id":"https:\/\/radiolitoral.com\/2023\/06\/la-banda-de-musica-de-benitatxell-cierra-con-exito-el-primavera-musical\/#breadcrumb","itemListElement":[{"@type":"ListItem","position":1,"name":"Portada","item":"https:\/\/radiolitoral.com\/"},{"@type":"ListItem","position":2,"name":"La Banda de M\u00fasica de Benitatxell cierra con \u00e9xito el Primavera Musical"}]},{"@type":"WebSite","@id":"https:\/\/radiolitoral.com\/#website","url":"https:\/\/radiolitoral.com\/","name":"R\u00e0dio Litoral","description":"La r\u00e0dio local de la Marina Alta","publisher":{"@id":"https:\/\/radiolitoral.com\/#organization"},"alternateName":"Litoral FM","potentialAction":[{"@type":"SearchAction","target":{"@type":"EntryPoint","urlTemplate":"https:\/\/radiolitoral.com\/?s={search_term_string}"},"query-input":{"@type":"PropertyValueSpecification","valueRequired":true,"valueName":"search_term_string"}}],"inLanguage":"ca"},{"@type":"Organization","@id":"https:\/\/radiolitoral.com\/#organization","name":"R\u00e0dio Litoral","url":"https:\/\/radiolitoral.com\/","logo":{"@type":"ImageObject","inLanguage":"ca","@id":"https:\/\/radiolitoral.com\/#\/schema\/logo\/image\/","url":"https:\/\/media.radiolitoral.com\/wp-content\/uploads\/2023\/02\/24143238\/CL-V-RadioLitoral696.png","contentUrl":"https:\/\/media.radiolitoral.com\/wp-content\/uploads\/2023\/02\/24143238\/CL-V-RadioLitoral696.png","width":696,"height":696,"caption":"Radio Litoral"},"image":{"@id":"https:\/\/radiolitoral.com\/#\/schema\/logo\/image\/"},"sameAs":["https:\/\/www.facebook.com\/Laradiolitoral\/"]},{"@type":"Person","@id":"https:\/\/radiolitoral.com\/#\/schema\/person\/aad4f72efa404f85b68e832d24cac059","name":"Mel Pescuezo","image":{"@type":"ImageObject","inLanguage":"ca","@id":"https:\/\/secure.gravatar.com\/avatar\/993975ae489c70cb0dd9bfa9413a082f0bd276582dac13661af7b33f161e7eea?s=96&d=mm&r=g","url":"https:\/\/secure.gravatar.com\/avatar\/993975ae489c70cb0dd9bfa9413a082f0bd276582dac13661af7b33f161e7eea?s=96&d=mm&r=g","contentUrl":"https:\/\/secure.gravatar.com\/avatar\/993975ae489c70cb0dd9bfa9413a082f0bd276582dac13661af7b33f161e7eea?s=96&d=mm&r=g","caption":"Mel Pescuezo"},"url":"https:\/\/radiolitoral.com\/ca\/author\/serviciospararadios\/"}]}},"_links":{"self":[{"href":"https:\/\/radiolitoral.com\/ca\/wp-json\/wp\/v2\/posts\/3788","targetHints":{"allow":["GET"]}}],"collection":[{"href":"https:\/\/radiolitoral.com\/ca\/wp-json\/wp\/v2\/posts"}],"about":[{"href":"https:\/\/radiolitoral.com\/ca\/wp-json\/wp\/v2\/types\/post"}],"author":[{"embeddable":true,"href":"https:\/\/radiolitoral.com\/ca\/wp-json\/wp\/v2\/users\/21"}],"replies":[{"embeddable":true,"href":"https:\/\/radiolitoral.com\/ca\/wp-json\/wp\/v2\/comments?post=3788"}],"version-history":[{"count":2,"href":"https:\/\/radiolitoral.com\/ca\/wp-json\/wp\/v2\/posts\/3788\/revisions"}],"predecessor-version":[{"id":3791,"href":"https:\/\/radiolitoral.com\/ca\/wp-json\/wp\/v2\/posts\/3788\/revisions\/3791"}],"wp:featuredmedia":[{"embeddable":true,"href":"https:\/\/radiolitoral.com\/ca\/wp-json\/wp\/v2\/media\/3789"}],"wp:attachment":[{"href":"https:\/\/radiolitoral.com\/ca\/wp-json\/wp\/v2\/media?parent=3788"}],"wp:term":[{"taxonomy":"category","embeddable":true,"href":"https:\/\/radiolitoral.com\/ca\/wp-json\/wp\/v2\/categories?post=3788"},{"taxonomy":"post_tag","embeddable":true,"href":"https:\/\/radiolitoral.com\/ca\/wp-json\/wp\/v2\/tags?post=3788"}],"curies":[{"name":"wp","href":"https:\/\/api.w.org\/{rel}","templated":true}]}}