{"id":3751,"date":"2023-06-06T16:25:15","date_gmt":"2023-06-06T14:25:15","guid":{"rendered":"https:\/\/radiolitoral.com\/?p=3751"},"modified":"2023-06-06T16:28:42","modified_gmt":"2023-06-06T14:28:42","slug":"la-cova-dels-arcs-de-benitatxell-apareix-amb-pintades","status":"publish","type":"post","link":"https:\/\/radiolitoral.com\/ca\/2023\/06\/la-cova-dels-arcs-de-benitatxell-aparece-con-pintadas\/","title":{"rendered":"La Cova dels Arcs de Benitatxell apareix amb pintades"},"content":{"rendered":"<p>L&#039;Ajuntament del Poble Nou de Benitatxell mostra la seva indignaci\u00f3 i tristesa davant les pintades que han fet malb\u00e9 un dels enclavaments m\u00e9s simb\u00f2lics del patrimoni local: la Cova dels Arcs. Una gruta ubicada a la cala del Moraig. El consistori condemna aquest acte vand\u00e0lic que ha fet malb\u00e9 les parets de la cova i adverteixen que faran accions per esbrinar l&#039;autoria d&#039;aquests fets i prendre les mesures corresponents.<\/p>\n<p>Demanen, a m\u00e9s, la col\u00b7laboraci\u00f3 de tota la ciutadania perqu\u00e8, en cas de tenir informaci\u00f3 al respecte o observar fets similars, es posin en contacte immediatament amb la Policia Local (608 962 567).<\/p>\n<p>&nbsp;<\/p>","protected":false},"excerpt":{"rendered":"<p>El Ayuntamiento de El Poble Nou de Benitatxell muestra su indignaci\u00f3n y tristeza ante las pintadas que han da\u00f1ado uno de los enclaves m\u00e1s simb\u00f3licos del patrimonio local: la Cova dels Arcs. Una gruta ubicada en la cala del Moraig. El consistorio condena este acto vand\u00e1lico que ha da\u00f1ado las paredes de la cueva y [&#8230;]<\/p>\n<p><a class=\"btn btn-secondary understrap-read-more-link\" href=\"https:\/\/radiolitoral.com\/ca\/2023\/06\/la-cova-dels-arcs-de-benitatxell-aparece-con-pintadas\/\">Continua llegint&#8230;<span class=\"screen-reader-text\"> from La Cova dels Arcs de Benitatxell aparece con pintadas<\/span><\/a><\/p>\n","protected":false},"author":21,"featured_media":3752,"comment_status":"open","ping_status":"closed","sticky":false,"template":"","format":"standard","meta":{"_acf_changed":false,"inline_featured_image":false,"footnotes":""},"categories":[8],"tags":[184,730,729,731],"class_list":["post-3751","post","type-post","status-publish","format-standard","has-post-thumbnail","hentry","category-sucesos","tag-benitatxell","tag-cala-moraig","tag-cova-dels-arcs","tag-pintadas-moraig","cobertura-poble-nou-de-benitatxell"],"acf":[],"yoast_head":"<!-- This site is optimized with the Yoast SEO plugin v27.5 - https:\/\/yoast.com\/product\/yoast-seo-wordpress\/ -->\n<title>La Cova dels Arcs de Benitatxell aparece con pintadas | R\u00e0dio Litoral<\/title>\n<meta name=\"description\" content=\"El consistorio denuncia estos actos vand\u00e1licos en uno de los emblemas del municipio\" \/>\n<meta name=\"robots\" content=\"index, follow, max-snippet:-1, max-image-preview:large, max-video-preview:-1\" \/>\n<link rel=\"canonical\" href=\"https:\/\/radiolitoral.com\/ca\/2023\/06\/la-cova-dels-arcs-de-benitatxell-apareix-amb-pintades\/\" \/>\n<meta property=\"og:locale\" content=\"ca_ES\" \/>\n<meta property=\"og:type\" content=\"article\" \/>\n<meta property=\"og:title\" content=\"La Cova dels Arcs de Benitatxell aparece con pintadas | R\u00e0dio Litoral\" \/>\n<meta property=\"og:description\" content=\"El consistorio denuncia estos actos vand\u00e1licos en uno de los emblemas del municipio\" \/>\n<meta property=\"og:url\" content=\"https:\/\/radiolitoral.com\/ca\/2023\/06\/la-cova-dels-arcs-de-benitatxell-apareix-amb-pintades\/\" \/>\n<meta property=\"og:site_name\" content=\"R\u00e0dio Litoral\" \/>\n<meta property=\"article:publisher\" content=\"https:\/\/www.facebook.com\/Laradiolitoral\/\" \/>\n<meta property=\"article:published_time\" content=\"2023-06-06T14:25:15+00:00\" \/>\n<meta property=\"article:modified_time\" content=\"2023-06-06T14:28:42+00:00\" \/>\n<meta property=\"og:image\" content=\"https:\/\/media.radiolitoral.com\/wp-content\/uploads\/2023\/06\/06162121\/vandalicos.jpg\" \/>\n\t<meta property=\"og:image:width\" content=\"634\" \/>\n\t<meta property=\"og:image:height\" content=\"476\" \/>\n\t<meta property=\"og:image:type\" content=\"image\/jpeg\" \/>\n<meta name=\"author\" content=\"Mel Pescuezo\" \/>\n<meta name=\"twitter:card\" content=\"summary_large_image\" \/>\n<meta name=\"twitter:label1\" content=\"Escrit per\" \/>\n\t<meta name=\"twitter:data1\" content=\"Mel Pescuezo\" \/>\n\t<meta name=\"twitter:label2\" content=\"Temps estimat de lectura\" \/>\n\t<meta name=\"twitter:data2\" content=\"1 minut\" \/>\n<script type=\"application\/ld+json\" class=\"yoast-schema-graph\">{\"@context\":\"https:\\\/\\\/schema.org\",\"@graph\":[{\"@type\":\"NewsArticle\",\"@id\":\"https:\\\/\\\/radiolitoral.com\\\/2023\\\/06\\\/la-cova-dels-arcs-de-benitatxell-aparece-con-pintadas\\\/#article\",\"isPartOf\":{\"@id\":\"https:\\\/\\\/radiolitoral.com\\\/2023\\\/06\\\/la-cova-dels-arcs-de-benitatxell-aparece-con-pintadas\\\/\"},\"author\":{\"name\":\"Mel Pescuezo\",\"@id\":\"https:\\\/\\\/radiolitoral.com\\\/#\\\/schema\\\/person\\\/aad4f72efa404f85b68e832d24cac059\"},\"headline\":\"La Cova dels Arcs de Benitatxell aparece con pintadas\",\"datePublished\":\"2023-06-06T14:25:15+00:00\",\"dateModified\":\"2023-06-06T14:28:42+00:00\",\"mainEntityOfPage\":{\"@id\":\"https:\\\/\\\/radiolitoral.com\\\/2023\\\/06\\\/la-cova-dels-arcs-de-benitatxell-aparece-con-pintadas\\\/\"},\"wordCount\":127,\"commentCount\":0,\"publisher\":{\"@id\":\"https:\\\/\\\/radiolitoral.com\\\/#organization\"},\"image\":{\"@id\":\"https:\\\/\\\/radiolitoral.com\\\/2023\\\/06\\\/la-cova-dels-arcs-de-benitatxell-aparece-con-pintadas\\\/#primaryimage\"},\"thumbnailUrl\":\"https:\\\/\\\/media.radiolitoral.com\\\/wp-content\\\/uploads\\\/2023\\\/06\\\/06162121\\\/vandalicos.jpg\",\"keywords\":[\"Benitatxell\",\"cala Moraig\",\"Cova dels Arcs\",\"pintadas Moraig\"],\"articleSection\":[\"Sucesos\"],\"inLanguage\":\"ca\",\"potentialAction\":[{\"@type\":\"CommentAction\",\"name\":\"Comment\",\"target\":[\"https:\\\/\\\/radiolitoral.com\\\/2023\\\/06\\\/la-cova-dels-arcs-de-benitatxell-aparece-con-pintadas\\\/#respond\"]}]},{\"@type\":[\"WebPage\",\"ItemPage\"],\"@id\":\"https:\\\/\\\/radiolitoral.com\\\/2023\\\/06\\\/la-cova-dels-arcs-de-benitatxell-aparece-con-pintadas\\\/\",\"url\":\"https:\\\/\\\/radiolitoral.com\\\/2023\\\/06\\\/la-cova-dels-arcs-de-benitatxell-aparece-con-pintadas\\\/\",\"name\":\"La Cova dels Arcs de Benitatxell aparece con pintadas | R\u00e0dio Litoral\",\"isPartOf\":{\"@id\":\"https:\\\/\\\/radiolitoral.com\\\/#website\"},\"primaryImageOfPage\":{\"@id\":\"https:\\\/\\\/radiolitoral.com\\\/2023\\\/06\\\/la-cova-dels-arcs-de-benitatxell-aparece-con-pintadas\\\/#primaryimage\"},\"image\":{\"@id\":\"https:\\\/\\\/radiolitoral.com\\\/2023\\\/06\\\/la-cova-dels-arcs-de-benitatxell-aparece-con-pintadas\\\/#primaryimage\"},\"thumbnailUrl\":\"https:\\\/\\\/media.radiolitoral.com\\\/wp-content\\\/uploads\\\/2023\\\/06\\\/06162121\\\/vandalicos.jpg\",\"datePublished\":\"2023-06-06T14:25:15+00:00\",\"dateModified\":\"2023-06-06T14:28:42+00:00\",\"description\":\"El consistorio denuncia estos actos vand\u00e1licos en uno de los emblemas del municipio\",\"breadcrumb\":{\"@id\":\"https:\\\/\\\/radiolitoral.com\\\/2023\\\/06\\\/la-cova-dels-arcs-de-benitatxell-aparece-con-pintadas\\\/#breadcrumb\"},\"inLanguage\":\"ca\",\"potentialAction\":[{\"@type\":\"ReadAction\",\"target\":[\"https:\\\/\\\/radiolitoral.com\\\/2023\\\/06\\\/la-cova-dels-arcs-de-benitatxell-aparece-con-pintadas\\\/\"]}]},{\"@type\":\"ImageObject\",\"inLanguage\":\"ca\",\"@id\":\"https:\\\/\\\/radiolitoral.com\\\/2023\\\/06\\\/la-cova-dels-arcs-de-benitatxell-aparece-con-pintadas\\\/#primaryimage\",\"url\":\"https:\\\/\\\/media.radiolitoral.com\\\/wp-content\\\/uploads\\\/2023\\\/06\\\/06162121\\\/vandalicos.jpg\",\"contentUrl\":\"https:\\\/\\\/media.radiolitoral.com\\\/wp-content\\\/uploads\\\/2023\\\/06\\\/06162121\\\/vandalicos.jpg\",\"width\":634,\"height\":476},{\"@type\":\"BreadcrumbList\",\"@id\":\"https:\\\/\\\/radiolitoral.com\\\/2023\\\/06\\\/la-cova-dels-arcs-de-benitatxell-aparece-con-pintadas\\\/#breadcrumb\",\"itemListElement\":[{\"@type\":\"ListItem\",\"position\":1,\"name\":\"Portada\",\"item\":\"https:\\\/\\\/radiolitoral.com\\\/\"},{\"@type\":\"ListItem\",\"position\":2,\"name\":\"La Cova dels Arcs de Benitatxell aparece con pintadas\"}]},{\"@type\":\"WebSite\",\"@id\":\"https:\\\/\\\/radiolitoral.com\\\/#website\",\"url\":\"https:\\\/\\\/radiolitoral.com\\\/\",\"name\":\"Radio Litoral\",\"description\":\"La radio local de la Marina Alta\",\"publisher\":{\"@id\":\"https:\\\/\\\/radiolitoral.com\\\/#organization\"},\"alternateName\":\"Litoral FM\",\"potentialAction\":[{\"@type\":\"SearchAction\",\"target\":{\"@type\":\"EntryPoint\",\"urlTemplate\":\"https:\\\/\\\/radiolitoral.com\\\/?s={search_term_string}\"},\"query-input\":{\"@type\":\"PropertyValueSpecification\",\"valueRequired\":true,\"valueName\":\"search_term_string\"}}],\"inLanguage\":\"ca\"},{\"@type\":\"Organization\",\"@id\":\"https:\\\/\\\/radiolitoral.com\\\/#organization\",\"name\":\"Radio Litoral\",\"url\":\"https:\\\/\\\/radiolitoral.com\\\/\",\"logo\":{\"@type\":\"ImageObject\",\"inLanguage\":\"ca\",\"@id\":\"https:\\\/\\\/radiolitoral.com\\\/#\\\/schema\\\/logo\\\/image\\\/\",\"url\":\"https:\\\/\\\/media.radiolitoral.com\\\/wp-content\\\/uploads\\\/2023\\\/02\\\/24143238\\\/CL-V-RadioLitoral696.png\",\"contentUrl\":\"https:\\\/\\\/media.radiolitoral.com\\\/wp-content\\\/uploads\\\/2023\\\/02\\\/24143238\\\/CL-V-RadioLitoral696.png\",\"width\":696,\"height\":696,\"caption\":\"Radio Litoral\"},\"image\":{\"@id\":\"https:\\\/\\\/radiolitoral.com\\\/#\\\/schema\\\/logo\\\/image\\\/\"},\"sameAs\":[\"https:\\\/\\\/www.facebook.com\\\/Laradiolitoral\\\/\"]},{\"@type\":\"Person\",\"@id\":\"https:\\\/\\\/radiolitoral.com\\\/#\\\/schema\\\/person\\\/aad4f72efa404f85b68e832d24cac059\",\"name\":\"Mel Pescuezo\",\"image\":{\"@type\":\"ImageObject\",\"inLanguage\":\"ca\",\"@id\":\"https:\\\/\\\/secure.gravatar.com\\\/avatar\\\/993975ae489c70cb0dd9bfa9413a082f0bd276582dac13661af7b33f161e7eea?s=96&d=mm&r=g\",\"url\":\"https:\\\/\\\/secure.gravatar.com\\\/avatar\\\/993975ae489c70cb0dd9bfa9413a082f0bd276582dac13661af7b33f161e7eea?s=96&d=mm&r=g\",\"contentUrl\":\"https:\\\/\\\/secure.gravatar.com\\\/avatar\\\/993975ae489c70cb0dd9bfa9413a082f0bd276582dac13661af7b33f161e7eea?s=96&d=mm&r=g\",\"caption\":\"Mel Pescuezo\"},\"url\":\"https:\\\/\\\/radiolitoral.com\\\/ca\\\/author\\\/serviciospararadios\\\/\"}]}<\/script>\n<!-- \/ Yoast SEO plugin. -->","yoast_head_json":{"title":"La Cova dels Arcs de Benitatxell apareix amb pintades | R\u00e0dio Litoral","description":"El consistori denuncia aquests actes vand\u00e0lics en un dels emblemes del municipi","robots":{"index":"index","follow":"follow","max-snippet":"max-snippet:-1","max-image-preview":"max-image-preview:large","max-video-preview":"max-video-preview:-1"},"canonical":"https:\/\/radiolitoral.com\/ca\/2023\/06\/la-cova-dels-arcs-de-benitatxell-apareix-amb-pintades\/","og_locale":"ca_ES","og_type":"article","og_title":"La Cova dels Arcs de Benitatxell aparece con pintadas | R\u00e0dio Litoral","og_description":"El consistorio denuncia estos actos vand\u00e1licos en uno de los emblemas del municipio","og_url":"https:\/\/radiolitoral.com\/ca\/2023\/06\/la-cova-dels-arcs-de-benitatxell-apareix-amb-pintades\/","og_site_name":"R\u00e0dio Litoral","article_publisher":"https:\/\/www.facebook.com\/Laradiolitoral\/","article_published_time":"2023-06-06T14:25:15+00:00","article_modified_time":"2023-06-06T14:28:42+00:00","og_image":[{"width":634,"height":476,"url":"https:\/\/media.radiolitoral.com\/wp-content\/uploads\/2023\/06\/06162121\/vandalicos.jpg","type":"image\/jpeg"}],"author":"Mel Pescuezo","twitter_card":"summary_large_image","twitter_misc":{"Escrit per":"Mel Pescuezo","Temps estimat de lectura":"1 minut"},"schema":{"@context":"https:\/\/schema.org","@graph":[{"@type":"NewsArticle","@id":"https:\/\/radiolitoral.com\/2023\/06\/la-cova-dels-arcs-de-benitatxell-aparece-con-pintadas\/#article","isPartOf":{"@id":"https:\/\/radiolitoral.com\/2023\/06\/la-cova-dels-arcs-de-benitatxell-aparece-con-pintadas\/"},"author":{"name":"Mel Pescuezo","@id":"https:\/\/radiolitoral.com\/#\/schema\/person\/aad4f72efa404f85b68e832d24cac059"},"headline":"La Cova dels Arcs de Benitatxell aparece con pintadas","datePublished":"2023-06-06T14:25:15+00:00","dateModified":"2023-06-06T14:28:42+00:00","mainEntityOfPage":{"@id":"https:\/\/radiolitoral.com\/2023\/06\/la-cova-dels-arcs-de-benitatxell-aparece-con-pintadas\/"},"wordCount":127,"commentCount":0,"publisher":{"@id":"https:\/\/radiolitoral.com\/#organization"},"image":{"@id":"https:\/\/radiolitoral.com\/2023\/06\/la-cova-dels-arcs-de-benitatxell-aparece-con-pintadas\/#primaryimage"},"thumbnailUrl":"https:\/\/media.radiolitoral.com\/wp-content\/uploads\/2023\/06\/06162121\/vandalicos.jpg","keywords":["Benitatxell","cala Moraig","Cova dels Arcs","pintadas Moraig"],"articleSection":["Sucesos"],"inLanguage":"ca","potentialAction":[{"@type":"CommentAction","name":"Comment","target":["https:\/\/radiolitoral.com\/2023\/06\/la-cova-dels-arcs-de-benitatxell-aparece-con-pintadas\/#respond"]}]},{"@type":["WebPage","ItemPage"],"@id":"https:\/\/radiolitoral.com\/2023\/06\/la-cova-dels-arcs-de-benitatxell-aparece-con-pintadas\/","url":"https:\/\/radiolitoral.com\/2023\/06\/la-cova-dels-arcs-de-benitatxell-aparece-con-pintadas\/","name":"La Cova dels Arcs de Benitatxell apareix amb pintades | R\u00e0dio Litoral","isPartOf":{"@id":"https:\/\/radiolitoral.com\/#website"},"primaryImageOfPage":{"@id":"https:\/\/radiolitoral.com\/2023\/06\/la-cova-dels-arcs-de-benitatxell-aparece-con-pintadas\/#primaryimage"},"image":{"@id":"https:\/\/radiolitoral.com\/2023\/06\/la-cova-dels-arcs-de-benitatxell-aparece-con-pintadas\/#primaryimage"},"thumbnailUrl":"https:\/\/media.radiolitoral.com\/wp-content\/uploads\/2023\/06\/06162121\/vandalicos.jpg","datePublished":"2023-06-06T14:25:15+00:00","dateModified":"2023-06-06T14:28:42+00:00","description":"El consistori denuncia aquests actes vand\u00e0lics en un dels emblemes del municipi","breadcrumb":{"@id":"https:\/\/radiolitoral.com\/2023\/06\/la-cova-dels-arcs-de-benitatxell-aparece-con-pintadas\/#breadcrumb"},"inLanguage":"ca","potentialAction":[{"@type":"ReadAction","target":["https:\/\/radiolitoral.com\/2023\/06\/la-cova-dels-arcs-de-benitatxell-aparece-con-pintadas\/"]}]},{"@type":"ImageObject","inLanguage":"ca","@id":"https:\/\/radiolitoral.com\/2023\/06\/la-cova-dels-arcs-de-benitatxell-aparece-con-pintadas\/#primaryimage","url":"https:\/\/media.radiolitoral.com\/wp-content\/uploads\/2023\/06\/06162121\/vandalicos.jpg","contentUrl":"https:\/\/media.radiolitoral.com\/wp-content\/uploads\/2023\/06\/06162121\/vandalicos.jpg","width":634,"height":476},{"@type":"BreadcrumbList","@id":"https:\/\/radiolitoral.com\/2023\/06\/la-cova-dels-arcs-de-benitatxell-aparece-con-pintadas\/#breadcrumb","itemListElement":[{"@type":"ListItem","position":1,"name":"Portada","item":"https:\/\/radiolitoral.com\/"},{"@type":"ListItem","position":2,"name":"La Cova dels Arcs de Benitatxell aparece con pintadas"}]},{"@type":"WebSite","@id":"https:\/\/radiolitoral.com\/#website","url":"https:\/\/radiolitoral.com\/","name":"R\u00e0dio Litoral","description":"La r\u00e0dio local de la Marina Alta","publisher":{"@id":"https:\/\/radiolitoral.com\/#organization"},"alternateName":"Litoral FM","potentialAction":[{"@type":"SearchAction","target":{"@type":"EntryPoint","urlTemplate":"https:\/\/radiolitoral.com\/?s={search_term_string}"},"query-input":{"@type":"PropertyValueSpecification","valueRequired":true,"valueName":"search_term_string"}}],"inLanguage":"ca"},{"@type":"Organization","@id":"https:\/\/radiolitoral.com\/#organization","name":"R\u00e0dio Litoral","url":"https:\/\/radiolitoral.com\/","logo":{"@type":"ImageObject","inLanguage":"ca","@id":"https:\/\/radiolitoral.com\/#\/schema\/logo\/image\/","url":"https:\/\/media.radiolitoral.com\/wp-content\/uploads\/2023\/02\/24143238\/CL-V-RadioLitoral696.png","contentUrl":"https:\/\/media.radiolitoral.com\/wp-content\/uploads\/2023\/02\/24143238\/CL-V-RadioLitoral696.png","width":696,"height":696,"caption":"Radio Litoral"},"image":{"@id":"https:\/\/radiolitoral.com\/#\/schema\/logo\/image\/"},"sameAs":["https:\/\/www.facebook.com\/Laradiolitoral\/"]},{"@type":"Person","@id":"https:\/\/radiolitoral.com\/#\/schema\/person\/aad4f72efa404f85b68e832d24cac059","name":"Mel Pescuezo","image":{"@type":"ImageObject","inLanguage":"ca","@id":"https:\/\/secure.gravatar.com\/avatar\/993975ae489c70cb0dd9bfa9413a082f0bd276582dac13661af7b33f161e7eea?s=96&d=mm&r=g","url":"https:\/\/secure.gravatar.com\/avatar\/993975ae489c70cb0dd9bfa9413a082f0bd276582dac13661af7b33f161e7eea?s=96&d=mm&r=g","contentUrl":"https:\/\/secure.gravatar.com\/avatar\/993975ae489c70cb0dd9bfa9413a082f0bd276582dac13661af7b33f161e7eea?s=96&d=mm&r=g","caption":"Mel Pescuezo"},"url":"https:\/\/radiolitoral.com\/ca\/author\/serviciospararadios\/"}]}},"_links":{"self":[{"href":"https:\/\/radiolitoral.com\/ca\/wp-json\/wp\/v2\/posts\/3751","targetHints":{"allow":["GET"]}}],"collection":[{"href":"https:\/\/radiolitoral.com\/ca\/wp-json\/wp\/v2\/posts"}],"about":[{"href":"https:\/\/radiolitoral.com\/ca\/wp-json\/wp\/v2\/types\/post"}],"author":[{"embeddable":true,"href":"https:\/\/radiolitoral.com\/ca\/wp-json\/wp\/v2\/users\/21"}],"replies":[{"embeddable":true,"href":"https:\/\/radiolitoral.com\/ca\/wp-json\/wp\/v2\/comments?post=3751"}],"version-history":[{"count":1,"href":"https:\/\/radiolitoral.com\/ca\/wp-json\/wp\/v2\/posts\/3751\/revisions"}],"predecessor-version":[{"id":3753,"href":"https:\/\/radiolitoral.com\/ca\/wp-json\/wp\/v2\/posts\/3751\/revisions\/3753"}],"wp:featuredmedia":[{"embeddable":true,"href":"https:\/\/radiolitoral.com\/ca\/wp-json\/wp\/v2\/media\/3752"}],"wp:attachment":[{"href":"https:\/\/radiolitoral.com\/ca\/wp-json\/wp\/v2\/media?parent=3751"}],"wp:term":[{"taxonomy":"category","embeddable":true,"href":"https:\/\/radiolitoral.com\/ca\/wp-json\/wp\/v2\/categories?post=3751"},{"taxonomy":"post_tag","embeddable":true,"href":"https:\/\/radiolitoral.com\/ca\/wp-json\/wp\/v2\/tags?post=3751"}],"curies":[{"name":"wp","href":"https:\/\/api.w.org\/{rel}","templated":true}]}}