{"id":3631,"date":"2023-05-31T16:06:12","date_gmt":"2023-05-31T14:06:12","guid":{"rendered":"https:\/\/radiolitoral.com\/?p=3631"},"modified":"2023-05-31T16:20:28","modified_gmt":"2023-05-31T14:20:28","slug":"compromis-consolida-el-seu-domini-a-la-marina-alta-i-es-posiciona-com-a-bastion-valencianista","status":"publish","type":"post","link":"https:\/\/radiolitoral.com\/ca\/2023\/05\/compromis-consolida-su-dominio-en-la-marina-alta-y-se-posiciona-como-bastion-valencianista\/","title":{"rendered":"Comprom\u00eds consolida el seu domini a la Marina Alta i es posiciona com a basti\u00f3 valencianista"},"content":{"rendered":"<p>En clau comarcal, i segons Comprom\u00eds, la Marina Alta s&#039;ha convertit en basti\u00f3 dels valencianistes, tant a l&#039;\u00e0mbit provincial com auton\u00f2mic, en mantenir el diputat provincial, pujar en governs i alcaldies i augmentar en vots auton\u00f2mics respecte del 2019. Aix\u00ed ho considera el portaveu a la Diputaci\u00f3 i n\u00famero 2 de la candidatura auton\u00f2mica, Gerard Fullana, alhora que fa autocr\u00edtica dels resultats, assegurant que no han sabut mobilitzar l&#039;electorat progressista i la dreta ha guanyat sense augmentar en vots respecte al 2019.<\/p>\n<p>El portaveu de Comprom\u00eds a la Diputaci\u00f3 d&#039;Alacant i futur diputat a les Corts valencians s&#039;ha comprom\u00e8s a representar amb una oposici\u00f3 ferma els valors progressistes dels milers de valencians i valencianes.<\/p>\n<p>Fullana es compromet a no fer ni un pas enrere en la recuperaci\u00f3 dels serveis p\u00fablics i drets democr\u00e0tics dels darrers 8 anys<\/p>\n<p>El que tamb\u00e9 \u00e9s regidor a Xal\u00f3, assegura que malgrat el resultat negatiu global, la Marina Alta mant\u00e9 i en alguns casos augmenta resultats, convertint-se en una comarca clau de Comprom\u00eds a l&#039;\u00e0mbit auton\u00f2mic. En aquest sentit el l\u00edder valencianista, assegura que Comprom\u00eds est\u00e0 en condicions de governar a 15 municipis de la Marina Alta. Espera passar de 9 a 12 alcaldies, obtenint l&#039;alcaldia a Alcalal\u00ed, Orba, Xal\u00f3, Pedreguer, Gata, Poblets, R\u00e0fol d&#039;Alm\u00fania, Verger, Jes\u00fas Pobre, La Llosa, Vall d&#039;Ebo i Vall de Laguar, mentre que \u00e9s clau als governs de D\u00e9nia, Ondara, Calp i Pego.<\/p>\n<p>En total la xifra de regidors aconseguits dels valencianistes a la Marina Alta \u00e9s de 77 amb prop de 13.000 vots i representant gaireb\u00e9 el 50% del total de la prov\u00edncia.<\/p>\n<p>&nbsp;<\/p>\n<audio class=\"wp-audio-shortcode\" id=\"audio-3631-1\" preload=\"none\" style=\"width: 100%;\" controls=\"controls\"><source type=\"audio\/mpeg\" src=\"https:\/\/media.radiolitoral.com\/wp-content\/uploads\/2023\/05\/31162022\/Gerard-Fullana.mp3?_=1\" \/><a href=\"https:\/\/media.radiolitoral.com\/wp-content\/uploads\/2023\/05\/31162022\/Gerard-Fullana.mp3\">https:\/\/media.radiolitoral.com\/wp-content\/uploads\/2023\/05\/31162022\/Gerard-Fullana.mp3<\/a><\/audio>","protected":false},"excerpt":{"rendered":"<p>En clave comarcal, y seg\u00fan Comprom\u00eds, la Marina Alta se ha convertido en basti\u00f3n de los valencianistas, tanto en el \u00e1mbito provincial como auton\u00f3mico, al mantener el diputado provincial, subir en gobiernos y alcald\u00edas y aumentar en votos auton\u00f3micos respecto del 2019. As\u00ed lo considera el portavoz en la Diputaci\u00f3n y n\u00famero 2 de la [&#8230;]<\/p>\n<p><a class=\"btn btn-secondary understrap-read-more-link\" href=\"https:\/\/radiolitoral.com\/ca\/2023\/05\/compromis-consolida-su-dominio-en-la-marina-alta-y-se-posiciona-como-bastion-valencianista\/\">Continua llegint&#8230;<span class=\"screen-reader-text\"> from Comprom\u00eds consolida su dominio en la Marina Alta y se posiciona como basti\u00f3n valencianista<\/span><\/a><\/p>\n","protected":false},"author":13,"featured_media":3507,"comment_status":"open","ping_status":"closed","sticky":false,"template":"","format":"standard","meta":{"_acf_changed":false,"inline_featured_image":false,"footnotes":""},"categories":[13],"tags":[726,43,541,725],"class_list":["post-3631","post","type-post","status-publish","format-standard","has-post-thumbnail","hentry","category-politica","tag-bastionpolitico","tag-compromis","tag-elecciones","tag-marinaalta"],"acf":[],"yoast_head":"<!-- This site is optimized with the Yoast SEO plugin v27.5 - https:\/\/yoast.com\/product\/yoast-seo-wordpress\/ -->\n<title>Comprom\u00eds consolida su dominio en la Marina Alta y se posiciona como basti\u00f3n valencianista | R\u00e0dio Litoral<\/title>\n<meta name=\"description\" content=\"La comarca registra aumentos en gobiernos, alcald\u00edas y votos auton\u00f3micos, seg\u00fan Gerard Fullana\" \/>\n<meta name=\"robots\" content=\"index, follow, max-snippet:-1, max-image-preview:large, max-video-preview:-1\" \/>\n<link rel=\"canonical\" href=\"https:\/\/radiolitoral.com\/ca\/2023\/05\/compromis-consolida-el-seu-domini-a-la-marina-alta-i-es-posiciona-com-a-bastion-valencianista\/\" \/>\n<meta property=\"og:locale\" content=\"ca_ES\" \/>\n<meta property=\"og:type\" content=\"article\" \/>\n<meta property=\"og:title\" content=\"Comprom\u00eds consolida su dominio en la Marina Alta y se posiciona como basti\u00f3n valencianista | R\u00e0dio Litoral\" \/>\n<meta property=\"og:description\" content=\"La comarca registra aumentos en gobiernos, alcald\u00edas y votos auton\u00f3micos, seg\u00fan Gerard Fullana\" \/>\n<meta property=\"og:url\" content=\"https:\/\/radiolitoral.com\/ca\/2023\/05\/compromis-consolida-el-seu-domini-a-la-marina-alta-i-es-posiciona-com-a-bastion-valencianista\/\" \/>\n<meta property=\"og:site_name\" content=\"R\u00e0dio Litoral\" \/>\n<meta property=\"article:publisher\" content=\"https:\/\/www.facebook.com\/Laradiolitoral\/\" \/>\n<meta property=\"article:published_time\" content=\"2023-05-31T14:06:12+00:00\" \/>\n<meta property=\"article:modified_time\" content=\"2023-05-31T14:20:28+00:00\" \/>\n<meta property=\"og:image\" content=\"https:\/\/media.radiolitoral.com\/wp-content\/uploads\/2023\/05\/28140021\/WhatsApp-Image-2023-05-28-at-13.57.33-e1685542003880.jpeg\" \/>\n\t<meta property=\"og:image:width\" content=\"1200\" \/>\n\t<meta property=\"og:image:height\" content=\"980\" \/>\n\t<meta property=\"og:image:type\" content=\"image\/jpeg\" \/>\n<meta name=\"author\" content=\"Redacci\u00f3n\" \/>\n<meta name=\"twitter:card\" content=\"summary_large_image\" \/>\n<meta name=\"twitter:label1\" content=\"Escrit per\" \/>\n\t<meta name=\"twitter:data1\" content=\"Redacci\u00f3n\" \/>\n\t<meta name=\"twitter:label2\" content=\"Temps estimat de lectura\" \/>\n\t<meta name=\"twitter:data2\" content=\"2 minuts\" \/>\n<script type=\"application\/ld+json\" class=\"yoast-schema-graph\">{\"@context\":\"https:\\\/\\\/schema.org\",\"@graph\":[{\"@type\":\"NewsArticle\",\"@id\":\"https:\\\/\\\/radiolitoral.com\\\/2023\\\/05\\\/compromis-consolida-su-dominio-en-la-marina-alta-y-se-posiciona-como-bastion-valencianista\\\/#article\",\"isPartOf\":{\"@id\":\"https:\\\/\\\/radiolitoral.com\\\/2023\\\/05\\\/compromis-consolida-su-dominio-en-la-marina-alta-y-se-posiciona-como-bastion-valencianista\\\/\"},\"author\":{\"name\":\"Redacci\u00f3n\",\"@id\":\"https:\\\/\\\/radiolitoral.com\\\/#\\\/schema\\\/person\\\/f2b2343c49b5d721857cc1002bfdb151\"},\"headline\":\"Comprom\u00eds consolida su dominio en la Marina Alta y se posiciona como basti\u00f3n valencianista\",\"datePublished\":\"2023-05-31T14:06:12+00:00\",\"dateModified\":\"2023-05-31T14:20:28+00:00\",\"mainEntityOfPage\":{\"@id\":\"https:\\\/\\\/radiolitoral.com\\\/2023\\\/05\\\/compromis-consolida-su-dominio-en-la-marina-alta-y-se-posiciona-como-bastion-valencianista\\\/\"},\"wordCount\":332,\"commentCount\":0,\"publisher\":{\"@id\":\"https:\\\/\\\/radiolitoral.com\\\/#organization\"},\"image\":{\"@id\":\"https:\\\/\\\/radiolitoral.com\\\/2023\\\/05\\\/compromis-consolida-su-dominio-en-la-marina-alta-y-se-posiciona-como-bastion-valencianista\\\/#primaryimage\"},\"thumbnailUrl\":\"https:\\\/\\\/media.radiolitoral.com\\\/wp-content\\\/uploads\\\/2023\\\/05\\\/28140021\\\/WhatsApp-Image-2023-05-28-at-13.57.33-e1685542003880.jpeg\",\"keywords\":[\"Basti\u00f3nPol\u00edtico\",\"Comprom\u00eds\",\"elecciones\",\"MarinaAlta\"],\"articleSection\":[\"Pol\u00edtica\"],\"inLanguage\":\"ca\",\"potentialAction\":[{\"@type\":\"CommentAction\",\"name\":\"Comment\",\"target\":[\"https:\\\/\\\/radiolitoral.com\\\/2023\\\/05\\\/compromis-consolida-su-dominio-en-la-marina-alta-y-se-posiciona-como-bastion-valencianista\\\/#respond\"]}]},{\"@type\":[\"WebPage\",\"ItemPage\"],\"@id\":\"https:\\\/\\\/radiolitoral.com\\\/2023\\\/05\\\/compromis-consolida-su-dominio-en-la-marina-alta-y-se-posiciona-como-bastion-valencianista\\\/\",\"url\":\"https:\\\/\\\/radiolitoral.com\\\/2023\\\/05\\\/compromis-consolida-su-dominio-en-la-marina-alta-y-se-posiciona-como-bastion-valencianista\\\/\",\"name\":\"Comprom\u00eds consolida su dominio en la Marina Alta y se posiciona como basti\u00f3n valencianista | R\u00e0dio Litoral\",\"isPartOf\":{\"@id\":\"https:\\\/\\\/radiolitoral.com\\\/#website\"},\"primaryImageOfPage\":{\"@id\":\"https:\\\/\\\/radiolitoral.com\\\/2023\\\/05\\\/compromis-consolida-su-dominio-en-la-marina-alta-y-se-posiciona-como-bastion-valencianista\\\/#primaryimage\"},\"image\":{\"@id\":\"https:\\\/\\\/radiolitoral.com\\\/2023\\\/05\\\/compromis-consolida-su-dominio-en-la-marina-alta-y-se-posiciona-como-bastion-valencianista\\\/#primaryimage\"},\"thumbnailUrl\":\"https:\\\/\\\/media.radiolitoral.com\\\/wp-content\\\/uploads\\\/2023\\\/05\\\/28140021\\\/WhatsApp-Image-2023-05-28-at-13.57.33-e1685542003880.jpeg\",\"datePublished\":\"2023-05-31T14:06:12+00:00\",\"dateModified\":\"2023-05-31T14:20:28+00:00\",\"description\":\"La comarca registra aumentos en gobiernos, alcald\u00edas y votos auton\u00f3micos, seg\u00fan Gerard Fullana\",\"breadcrumb\":{\"@id\":\"https:\\\/\\\/radiolitoral.com\\\/2023\\\/05\\\/compromis-consolida-su-dominio-en-la-marina-alta-y-se-posiciona-como-bastion-valencianista\\\/#breadcrumb\"},\"inLanguage\":\"ca\",\"potentialAction\":[{\"@type\":\"ReadAction\",\"target\":[\"https:\\\/\\\/radiolitoral.com\\\/2023\\\/05\\\/compromis-consolida-su-dominio-en-la-marina-alta-y-se-posiciona-como-bastion-valencianista\\\/\"]}]},{\"@type\":\"ImageObject\",\"inLanguage\":\"ca\",\"@id\":\"https:\\\/\\\/radiolitoral.com\\\/2023\\\/05\\\/compromis-consolida-su-dominio-en-la-marina-alta-y-se-posiciona-como-bastion-valencianista\\\/#primaryimage\",\"url\":\"https:\\\/\\\/media.radiolitoral.com\\\/wp-content\\\/uploads\\\/2023\\\/05\\\/28140021\\\/WhatsApp-Image-2023-05-28-at-13.57.33-e1685542003880.jpeg\",\"contentUrl\":\"https:\\\/\\\/media.radiolitoral.com\\\/wp-content\\\/uploads\\\/2023\\\/05\\\/28140021\\\/WhatsApp-Image-2023-05-28-at-13.57.33-e1685542003880.jpeg\",\"width\":1200,\"height\":980},{\"@type\":\"BreadcrumbList\",\"@id\":\"https:\\\/\\\/radiolitoral.com\\\/2023\\\/05\\\/compromis-consolida-su-dominio-en-la-marina-alta-y-se-posiciona-como-bastion-valencianista\\\/#breadcrumb\",\"itemListElement\":[{\"@type\":\"ListItem\",\"position\":1,\"name\":\"Portada\",\"item\":\"https:\\\/\\\/radiolitoral.com\\\/\"},{\"@type\":\"ListItem\",\"position\":2,\"name\":\"Comprom\u00eds consolida su dominio en la Marina Alta y se posiciona como basti\u00f3n valencianista\"}]},{\"@type\":\"WebSite\",\"@id\":\"https:\\\/\\\/radiolitoral.com\\\/#website\",\"url\":\"https:\\\/\\\/radiolitoral.com\\\/\",\"name\":\"Radio Litoral\",\"description\":\"La radio local de la Marina Alta\",\"publisher\":{\"@id\":\"https:\\\/\\\/radiolitoral.com\\\/#organization\"},\"alternateName\":\"Litoral FM\",\"potentialAction\":[{\"@type\":\"SearchAction\",\"target\":{\"@type\":\"EntryPoint\",\"urlTemplate\":\"https:\\\/\\\/radiolitoral.com\\\/?s={search_term_string}\"},\"query-input\":{\"@type\":\"PropertyValueSpecification\",\"valueRequired\":true,\"valueName\":\"search_term_string\"}}],\"inLanguage\":\"ca\"},{\"@type\":\"Organization\",\"@id\":\"https:\\\/\\\/radiolitoral.com\\\/#organization\",\"name\":\"Radio Litoral\",\"url\":\"https:\\\/\\\/radiolitoral.com\\\/\",\"logo\":{\"@type\":\"ImageObject\",\"inLanguage\":\"ca\",\"@id\":\"https:\\\/\\\/radiolitoral.com\\\/#\\\/schema\\\/logo\\\/image\\\/\",\"url\":\"https:\\\/\\\/media.radiolitoral.com\\\/wp-content\\\/uploads\\\/2023\\\/02\\\/24143238\\\/CL-V-RadioLitoral696.png\",\"contentUrl\":\"https:\\\/\\\/media.radiolitoral.com\\\/wp-content\\\/uploads\\\/2023\\\/02\\\/24143238\\\/CL-V-RadioLitoral696.png\",\"width\":696,\"height\":696,\"caption\":\"Radio Litoral\"},\"image\":{\"@id\":\"https:\\\/\\\/radiolitoral.com\\\/#\\\/schema\\\/logo\\\/image\\\/\"},\"sameAs\":[\"https:\\\/\\\/www.facebook.com\\\/Laradiolitoral\\\/\"]},{\"@type\":\"Person\",\"@id\":\"https:\\\/\\\/radiolitoral.com\\\/#\\\/schema\\\/person\\\/f2b2343c49b5d721857cc1002bfdb151\",\"name\":\"Redacci\u00f3n\",\"image\":{\"@type\":\"ImageObject\",\"inLanguage\":\"ca\",\"@id\":\"https:\\\/\\\/secure.gravatar.com\\\/avatar\\\/f771d896c203ad8b3382d7905cfcce5a5c9b008b84b3cd9114e9b9f4cb63f789?s=96&d=mm&r=g\",\"url\":\"https:\\\/\\\/secure.gravatar.com\\\/avatar\\\/f771d896c203ad8b3382d7905cfcce5a5c9b008b84b3cd9114e9b9f4cb63f789?s=96&d=mm&r=g\",\"contentUrl\":\"https:\\\/\\\/secure.gravatar.com\\\/avatar\\\/f771d896c203ad8b3382d7905cfcce5a5c9b008b84b3cd9114e9b9f4cb63f789?s=96&d=mm&r=g\",\"caption\":\"Redacci\u00f3n\"},\"url\":\"https:\\\/\\\/radiolitoral.com\\\/ca\\\/author\\\/miriam-pagan\\\/\"}]}<\/script>\n<!-- \/ Yoast SEO plugin. -->","yoast_head_json":{"title":"Comprom\u00eds consolida el seu domini a la Marina Alta i es posiciona com a basti\u00f3 valencianista | R\u00e0dio Litoral","description":"La comarca registra augments en governs, alcaldies i vots auton\u00f2mics, segons Gerard Fullana","robots":{"index":"index","follow":"follow","max-snippet":"max-snippet:-1","max-image-preview":"max-image-preview:large","max-video-preview":"max-video-preview:-1"},"canonical":"https:\/\/radiolitoral.com\/ca\/2023\/05\/compromis-consolida-el-seu-domini-a-la-marina-alta-i-es-posiciona-com-a-bastion-valencianista\/","og_locale":"ca_ES","og_type":"article","og_title":"Comprom\u00eds consolida su dominio en la Marina Alta y se posiciona como basti\u00f3n valencianista | R\u00e0dio Litoral","og_description":"La comarca registra aumentos en gobiernos, alcald\u00edas y votos auton\u00f3micos, seg\u00fan Gerard Fullana","og_url":"https:\/\/radiolitoral.com\/ca\/2023\/05\/compromis-consolida-el-seu-domini-a-la-marina-alta-i-es-posiciona-com-a-bastion-valencianista\/","og_site_name":"R\u00e0dio Litoral","article_publisher":"https:\/\/www.facebook.com\/Laradiolitoral\/","article_published_time":"2023-05-31T14:06:12+00:00","article_modified_time":"2023-05-31T14:20:28+00:00","og_image":[{"width":1200,"height":980,"url":"https:\/\/media.radiolitoral.com\/wp-content\/uploads\/2023\/05\/28140021\/WhatsApp-Image-2023-05-28-at-13.57.33-e1685542003880.jpeg","type":"image\/jpeg"}],"author":"Redacci\u00f3n","twitter_card":"summary_large_image","twitter_misc":{"Escrit per":"Redacci\u00f3n","Temps estimat de lectura":"2 minuts"},"schema":{"@context":"https:\/\/schema.org","@graph":[{"@type":"NewsArticle","@id":"https:\/\/radiolitoral.com\/2023\/05\/compromis-consolida-su-dominio-en-la-marina-alta-y-se-posiciona-como-bastion-valencianista\/#article","isPartOf":{"@id":"https:\/\/radiolitoral.com\/2023\/05\/compromis-consolida-su-dominio-en-la-marina-alta-y-se-posiciona-como-bastion-valencianista\/"},"author":{"name":"Redacci\u00f3n","@id":"https:\/\/radiolitoral.com\/#\/schema\/person\/f2b2343c49b5d721857cc1002bfdb151"},"headline":"Comprom\u00eds consolida su dominio en la Marina Alta y se posiciona como basti\u00f3n valencianista","datePublished":"2023-05-31T14:06:12+00:00","dateModified":"2023-05-31T14:20:28+00:00","mainEntityOfPage":{"@id":"https:\/\/radiolitoral.com\/2023\/05\/compromis-consolida-su-dominio-en-la-marina-alta-y-se-posiciona-como-bastion-valencianista\/"},"wordCount":332,"commentCount":0,"publisher":{"@id":"https:\/\/radiolitoral.com\/#organization"},"image":{"@id":"https:\/\/radiolitoral.com\/2023\/05\/compromis-consolida-su-dominio-en-la-marina-alta-y-se-posiciona-como-bastion-valencianista\/#primaryimage"},"thumbnailUrl":"https:\/\/media.radiolitoral.com\/wp-content\/uploads\/2023\/05\/28140021\/WhatsApp-Image-2023-05-28-at-13.57.33-e1685542003880.jpeg","keywords":["Basti\u00f3nPol\u00edtico","Comprom\u00eds","elecciones","MarinaAlta"],"articleSection":["Pol\u00edtica"],"inLanguage":"ca","potentialAction":[{"@type":"CommentAction","name":"Comment","target":["https:\/\/radiolitoral.com\/2023\/05\/compromis-consolida-su-dominio-en-la-marina-alta-y-se-posiciona-como-bastion-valencianista\/#respond"]}]},{"@type":["WebPage","ItemPage"],"@id":"https:\/\/radiolitoral.com\/2023\/05\/compromis-consolida-su-dominio-en-la-marina-alta-y-se-posiciona-como-bastion-valencianista\/","url":"https:\/\/radiolitoral.com\/2023\/05\/compromis-consolida-su-dominio-en-la-marina-alta-y-se-posiciona-como-bastion-valencianista\/","name":"Comprom\u00eds consolida el seu domini a la Marina Alta i es posiciona com a basti\u00f3 valencianista | R\u00e0dio Litoral","isPartOf":{"@id":"https:\/\/radiolitoral.com\/#website"},"primaryImageOfPage":{"@id":"https:\/\/radiolitoral.com\/2023\/05\/compromis-consolida-su-dominio-en-la-marina-alta-y-se-posiciona-como-bastion-valencianista\/#primaryimage"},"image":{"@id":"https:\/\/radiolitoral.com\/2023\/05\/compromis-consolida-su-dominio-en-la-marina-alta-y-se-posiciona-como-bastion-valencianista\/#primaryimage"},"thumbnailUrl":"https:\/\/media.radiolitoral.com\/wp-content\/uploads\/2023\/05\/28140021\/WhatsApp-Image-2023-05-28-at-13.57.33-e1685542003880.jpeg","datePublished":"2023-05-31T14:06:12+00:00","dateModified":"2023-05-31T14:20:28+00:00","description":"La comarca registra augments en governs, alcaldies i vots auton\u00f2mics, segons Gerard Fullana","breadcrumb":{"@id":"https:\/\/radiolitoral.com\/2023\/05\/compromis-consolida-su-dominio-en-la-marina-alta-y-se-posiciona-como-bastion-valencianista\/#breadcrumb"},"inLanguage":"ca","potentialAction":[{"@type":"ReadAction","target":["https:\/\/radiolitoral.com\/2023\/05\/compromis-consolida-su-dominio-en-la-marina-alta-y-se-posiciona-como-bastion-valencianista\/"]}]},{"@type":"ImageObject","inLanguage":"ca","@id":"https:\/\/radiolitoral.com\/2023\/05\/compromis-consolida-su-dominio-en-la-marina-alta-y-se-posiciona-como-bastion-valencianista\/#primaryimage","url":"https:\/\/media.radiolitoral.com\/wp-content\/uploads\/2023\/05\/28140021\/WhatsApp-Image-2023-05-28-at-13.57.33-e1685542003880.jpeg","contentUrl":"https:\/\/media.radiolitoral.com\/wp-content\/uploads\/2023\/05\/28140021\/WhatsApp-Image-2023-05-28-at-13.57.33-e1685542003880.jpeg","width":1200,"height":980},{"@type":"BreadcrumbList","@id":"https:\/\/radiolitoral.com\/2023\/05\/compromis-consolida-su-dominio-en-la-marina-alta-y-se-posiciona-como-bastion-valencianista\/#breadcrumb","itemListElement":[{"@type":"ListItem","position":1,"name":"Portada","item":"https:\/\/radiolitoral.com\/"},{"@type":"ListItem","position":2,"name":"Comprom\u00eds consolida su dominio en la Marina Alta y se posiciona como basti\u00f3n valencianista"}]},{"@type":"WebSite","@id":"https:\/\/radiolitoral.com\/#website","url":"https:\/\/radiolitoral.com\/","name":"R\u00e0dio Litoral","description":"La r\u00e0dio local de la Marina Alta","publisher":{"@id":"https:\/\/radiolitoral.com\/#organization"},"alternateName":"Litoral FM","potentialAction":[{"@type":"SearchAction","target":{"@type":"EntryPoint","urlTemplate":"https:\/\/radiolitoral.com\/?s={search_term_string}"},"query-input":{"@type":"PropertyValueSpecification","valueRequired":true,"valueName":"search_term_string"}}],"inLanguage":"ca"},{"@type":"Organization","@id":"https:\/\/radiolitoral.com\/#organization","name":"R\u00e0dio Litoral","url":"https:\/\/radiolitoral.com\/","logo":{"@type":"ImageObject","inLanguage":"ca","@id":"https:\/\/radiolitoral.com\/#\/schema\/logo\/image\/","url":"https:\/\/media.radiolitoral.com\/wp-content\/uploads\/2023\/02\/24143238\/CL-V-RadioLitoral696.png","contentUrl":"https:\/\/media.radiolitoral.com\/wp-content\/uploads\/2023\/02\/24143238\/CL-V-RadioLitoral696.png","width":696,"height":696,"caption":"Radio Litoral"},"image":{"@id":"https:\/\/radiolitoral.com\/#\/schema\/logo\/image\/"},"sameAs":["https:\/\/www.facebook.com\/Laradiolitoral\/"]},{"@type":"Person","@id":"https:\/\/radiolitoral.com\/#\/schema\/person\/f2b2343c49b5d721857cc1002bfdb151","name":"Redacci\u00f3","image":{"@type":"ImageObject","inLanguage":"ca","@id":"https:\/\/secure.gravatar.com\/avatar\/f771d896c203ad8b3382d7905cfcce5a5c9b008b84b3cd9114e9b9f4cb63f789?s=96&d=mm&r=g","url":"https:\/\/secure.gravatar.com\/avatar\/f771d896c203ad8b3382d7905cfcce5a5c9b008b84b3cd9114e9b9f4cb63f789?s=96&d=mm&r=g","contentUrl":"https:\/\/secure.gravatar.com\/avatar\/f771d896c203ad8b3382d7905cfcce5a5c9b008b84b3cd9114e9b9f4cb63f789?s=96&d=mm&r=g","caption":"Redacci\u00f3n"},"url":"https:\/\/radiolitoral.com\/ca\/author\/miriam-pagan\/"}]}},"_links":{"self":[{"href":"https:\/\/radiolitoral.com\/ca\/wp-json\/wp\/v2\/posts\/3631","targetHints":{"allow":["GET"]}}],"collection":[{"href":"https:\/\/radiolitoral.com\/ca\/wp-json\/wp\/v2\/posts"}],"about":[{"href":"https:\/\/radiolitoral.com\/ca\/wp-json\/wp\/v2\/types\/post"}],"author":[{"embeddable":true,"href":"https:\/\/radiolitoral.com\/ca\/wp-json\/wp\/v2\/users\/13"}],"replies":[{"embeddable":true,"href":"https:\/\/radiolitoral.com\/ca\/wp-json\/wp\/v2\/comments?post=3631"}],"version-history":[{"count":2,"href":"https:\/\/radiolitoral.com\/ca\/wp-json\/wp\/v2\/posts\/3631\/revisions"}],"predecessor-version":[{"id":3639,"href":"https:\/\/radiolitoral.com\/ca\/wp-json\/wp\/v2\/posts\/3631\/revisions\/3639"}],"wp:featuredmedia":[{"embeddable":true,"href":"https:\/\/radiolitoral.com\/ca\/wp-json\/wp\/v2\/media\/3507"}],"wp:attachment":[{"href":"https:\/\/radiolitoral.com\/ca\/wp-json\/wp\/v2\/media?parent=3631"}],"wp:term":[{"taxonomy":"category","embeddable":true,"href":"https:\/\/radiolitoral.com\/ca\/wp-json\/wp\/v2\/categories?post=3631"},{"taxonomy":"post_tag","embeddable":true,"href":"https:\/\/radiolitoral.com\/ca\/wp-json\/wp\/v2\/tags?post=3631"}],"curies":[{"name":"wp","href":"https:\/\/api.w.org\/{rel}","templated":true}]}}