{"id":3628,"date":"2023-05-31T16:02:58","date_gmt":"2023-05-31T14:02:58","guid":{"rendered":"https:\/\/radiolitoral.com\/?p=3628"},"modified":"2023-05-31T16:09:35","modified_gmt":"2023-05-31T14:09:35","slug":"detingut-autor-de-multiples-delictes-a-moraira-en-operatiu-conjunt-de-la-guardia-civil-i-la-policia-local-de-teulada","status":"publish","type":"post","link":"https:\/\/radiolitoral.com\/ca\/2023\/05\/detenido-autor-de-multiples-delitos-en-moraira-en-operativo-conjunto-de-la-guardia-civil-y-la-policia-local-de-teulada\/","title":{"rendered":"Detingut autor de m\u00faltiples delictes a Moraira en operatiu conjunt de la Gu\u00e0rdia Civil i la Policia Local de Teulada"},"content":{"rendered":"<p>La Gu\u00e0rdia Civil amb la col\u00b7laboraci\u00f3 de la Policia Local de Teulada, dins del Pla de Lluita contra la Delinq\u00fc\u00e8ncia, ha detingut l&#039;autor de diversos delictes de robatori amb for\u00e7a i furt, aplanament de casa i tinen\u00e7a il\u00b7l\u00edcita d&#039;armes a Moraira. El delinq\u00fcent ha estat posat a disposici\u00f3 del Jutjat d&#039;Instrucci\u00f3 n\u00fam. 3 de D\u00e9nia.<\/p>\n<p>Segons fonts de la Gu\u00e0rdia Civil, les investigacions es van iniciar el mes d&#039;abril passat, despr\u00e9s de denunciar-se el furt d&#039;una bicicleta guardada al garatge d&#039;un habitatge.<\/p>\n<p>A l&#039;apresat, un home de 38 anys a qui consten altres antecedents, se li imputen els delictes d&#039;aplanament de casa, sostracci\u00f3 de vehicles, furt, robatori amb for\u00e7a i tinen\u00e7a il\u00b7l\u00edcita d&#039;armes.<\/p>\n<p>Els objectes recuperats pels agents han estat tornats als seus leg\u00edtims propietaris. Tot i que les investigacions continuen obertes per localitzar els propietaris de la resta d&#039;objectes, no descartant l&#039;exist\u00e8ncia de m\u00e9s perjudicats.<\/p>","protected":false},"excerpt":{"rendered":"<p>La Guardia Civil con la colaboraci\u00f3n de la Polic\u00eda Local de Teulada, dentro del Plan de Lucha contra la Delincuencia, ha detenido al autor de varios delitos de robo con fuerza y hurto, allanamiento de morada y tenencia il\u00edcita de armas en Moraira. El delincuente ha sido puesto a disposici\u00f3n del Juzgado de Instrucci\u00f3n n\u00ba [&#8230;]<\/p>\n<p><a class=\"btn btn-secondary understrap-read-more-link\" href=\"https:\/\/radiolitoral.com\/ca\/2023\/05\/detenido-autor-de-multiples-delitos-en-moraira-en-operativo-conjunto-de-la-guardia-civil-y-la-policia-local-de-teulada\/\">Continua llegint&#8230;<span class=\"screen-reader-text\"> from Detenido autor de m\u00faltiples delitos en Moraira en operativo conjunto de la Guardia Civil y la Polic\u00eda Local de Teulada<\/span><\/a><\/p>\n","protected":false},"author":13,"featured_media":3629,"comment_status":"open","ping_status":"closed","sticky":false,"template":"","format":"standard","meta":{"_acf_changed":false,"inline_featured_image":false,"footnotes":""},"categories":[8],"tags":[723,717,718,719,722,724,721,147,720,247],"class_list":["post-3628","post","type-post","status-publish","format-standard","has-post-thumbnail","hentry","category-sucesos","tag-arresto","tag-delincuencia","tag-detencion","tag-guardiacivil","tag-investigacioncriminal","tag-justicia","tag-luchacontraladelincuencia","tag-moraira","tag-policialocal","tag-robos","cobertura-teulada-moraira"],"acf":[],"yoast_head":"<!-- This site is optimized with the Yoast SEO plugin v27.5 - https:\/\/yoast.com\/product\/yoast-seo-wordpress\/ -->\n<title>Detenido autor de m\u00faltiples delitos en Moraira en operativo conjunto de la Guardia Civil y la Polic\u00eda Local de Teulada | R\u00e0dio Litoral<\/title>\n<meta name=\"description\" content=\"El delincuente, responsable de robos, allanamientos y tenencia ilegal de armas, ha sido puesto a disposici\u00f3n judicial\" \/>\n<meta name=\"robots\" content=\"index, follow, max-snippet:-1, max-image-preview:large, max-video-preview:-1\" \/>\n<link rel=\"canonical\" href=\"https:\/\/radiolitoral.com\/ca\/2023\/05\/detingut-autor-de-multiples-delictes-a-moraira-en-operatiu-conjunt-de-la-guardia-civil-i-la-policia-local-de-teulada\/\" \/>\n<meta property=\"og:locale\" content=\"ca_ES\" \/>\n<meta property=\"og:type\" content=\"article\" \/>\n<meta property=\"og:title\" content=\"Detenido autor de m\u00faltiples delitos en Moraira en operativo conjunto de la Guardia Civil y la Polic\u00eda Local de Teulada | R\u00e0dio Litoral\" \/>\n<meta property=\"og:description\" content=\"El delincuente, responsable de robos, allanamientos y tenencia ilegal de armas, ha sido puesto a disposici\u00f3n judicial\" \/>\n<meta property=\"og:url\" content=\"https:\/\/radiolitoral.com\/ca\/2023\/05\/detingut-autor-de-multiples-delictes-a-moraira-en-operatiu-conjunt-de-la-guardia-civil-i-la-policia-local-de-teulada\/\" \/>\n<meta property=\"og:site_name\" content=\"R\u00e0dio Litoral\" \/>\n<meta property=\"article:publisher\" content=\"https:\/\/www.facebook.com\/Laradiolitoral\/\" \/>\n<meta property=\"article:published_time\" content=\"2023-05-31T14:02:58+00:00\" \/>\n<meta property=\"article:modified_time\" content=\"2023-05-31T14:09:35+00:00\" \/>\n<meta property=\"og:image\" content=\"https:\/\/media.radiolitoral.com\/wp-content\/uploads\/2023\/05\/31160222\/Moraira2.jpg\" \/>\n\t<meta property=\"og:image:width\" content=\"960\" \/>\n\t<meta property=\"og:image:height\" content=\"720\" \/>\n\t<meta property=\"og:image:type\" content=\"image\/jpeg\" \/>\n<meta name=\"author\" content=\"Redacci\u00f3n\" \/>\n<meta name=\"twitter:card\" content=\"summary_large_image\" \/>\n<meta name=\"twitter:label1\" content=\"Escrit per\" \/>\n\t<meta name=\"twitter:data1\" content=\"Redacci\u00f3n\" \/>\n\t<meta name=\"twitter:label2\" content=\"Temps estimat de lectura\" \/>\n\t<meta name=\"twitter:data2\" content=\"1 minut\" \/>\n<script type=\"application\/ld+json\" class=\"yoast-schema-graph\">{\"@context\":\"https:\\\/\\\/schema.org\",\"@graph\":[{\"@type\":\"NewsArticle\",\"@id\":\"https:\\\/\\\/radiolitoral.com\\\/2023\\\/05\\\/detenido-autor-de-multiples-delitos-en-moraira-en-operativo-conjunto-de-la-guardia-civil-y-la-policia-local-de-teulada\\\/#article\",\"isPartOf\":{\"@id\":\"https:\\\/\\\/radiolitoral.com\\\/2023\\\/05\\\/detenido-autor-de-multiples-delitos-en-moraira-en-operativo-conjunto-de-la-guardia-civil-y-la-policia-local-de-teulada\\\/\"},\"author\":{\"name\":\"Redacci\u00f3n\",\"@id\":\"https:\\\/\\\/radiolitoral.com\\\/#\\\/schema\\\/person\\\/f2b2343c49b5d721857cc1002bfdb151\"},\"headline\":\"Detenido autor de m\u00faltiples delitos en Moraira en operativo conjunto de la Guardia Civil y la Polic\u00eda Local de Teulada\",\"datePublished\":\"2023-05-31T14:02:58+00:00\",\"dateModified\":\"2023-05-31T14:09:35+00:00\",\"mainEntityOfPage\":{\"@id\":\"https:\\\/\\\/radiolitoral.com\\\/2023\\\/05\\\/detenido-autor-de-multiples-delitos-en-moraira-en-operativo-conjunto-de-la-guardia-civil-y-la-policia-local-de-teulada\\\/\"},\"wordCount\":192,\"commentCount\":0,\"publisher\":{\"@id\":\"https:\\\/\\\/radiolitoral.com\\\/#organization\"},\"image\":{\"@id\":\"https:\\\/\\\/radiolitoral.com\\\/2023\\\/05\\\/detenido-autor-de-multiples-delitos-en-moraira-en-operativo-conjunto-de-la-guardia-civil-y-la-policia-local-de-teulada\\\/#primaryimage\"},\"thumbnailUrl\":\"https:\\\/\\\/media.radiolitoral.com\\\/wp-content\\\/uploads\\\/2023\\\/05\\\/31160222\\\/Moraira2.jpg\",\"keywords\":[\"Arresto\",\"Delincuencia\",\"Detenci\u00f3n\",\"GuardiaCivil\",\"Investigaci\u00f3nCriminal\",\"Justicia\",\"LuchaContraLaDelincuencia\",\"Moraira\",\"Polic\u00edaLocal\",\"robos\"],\"articleSection\":[\"Sucesos\"],\"inLanguage\":\"ca\",\"potentialAction\":[{\"@type\":\"CommentAction\",\"name\":\"Comment\",\"target\":[\"https:\\\/\\\/radiolitoral.com\\\/2023\\\/05\\\/detenido-autor-de-multiples-delitos-en-moraira-en-operativo-conjunto-de-la-guardia-civil-y-la-policia-local-de-teulada\\\/#respond\"]}]},{\"@type\":[\"WebPage\",\"ItemPage\"],\"@id\":\"https:\\\/\\\/radiolitoral.com\\\/2023\\\/05\\\/detenido-autor-de-multiples-delitos-en-moraira-en-operativo-conjunto-de-la-guardia-civil-y-la-policia-local-de-teulada\\\/\",\"url\":\"https:\\\/\\\/radiolitoral.com\\\/2023\\\/05\\\/detenido-autor-de-multiples-delitos-en-moraira-en-operativo-conjunto-de-la-guardia-civil-y-la-policia-local-de-teulada\\\/\",\"name\":\"Detenido autor de m\u00faltiples delitos en Moraira en operativo conjunto de la Guardia Civil y la Polic\u00eda Local de Teulada | R\u00e0dio Litoral\",\"isPartOf\":{\"@id\":\"https:\\\/\\\/radiolitoral.com\\\/#website\"},\"primaryImageOfPage\":{\"@id\":\"https:\\\/\\\/radiolitoral.com\\\/2023\\\/05\\\/detenido-autor-de-multiples-delitos-en-moraira-en-operativo-conjunto-de-la-guardia-civil-y-la-policia-local-de-teulada\\\/#primaryimage\"},\"image\":{\"@id\":\"https:\\\/\\\/radiolitoral.com\\\/2023\\\/05\\\/detenido-autor-de-multiples-delitos-en-moraira-en-operativo-conjunto-de-la-guardia-civil-y-la-policia-local-de-teulada\\\/#primaryimage\"},\"thumbnailUrl\":\"https:\\\/\\\/media.radiolitoral.com\\\/wp-content\\\/uploads\\\/2023\\\/05\\\/31160222\\\/Moraira2.jpg\",\"datePublished\":\"2023-05-31T14:02:58+00:00\",\"dateModified\":\"2023-05-31T14:09:35+00:00\",\"description\":\"El delincuente, responsable de robos, allanamientos y tenencia ilegal de armas, ha sido puesto a disposici\u00f3n judicial\",\"breadcrumb\":{\"@id\":\"https:\\\/\\\/radiolitoral.com\\\/2023\\\/05\\\/detenido-autor-de-multiples-delitos-en-moraira-en-operativo-conjunto-de-la-guardia-civil-y-la-policia-local-de-teulada\\\/#breadcrumb\"},\"inLanguage\":\"ca\",\"potentialAction\":[{\"@type\":\"ReadAction\",\"target\":[\"https:\\\/\\\/radiolitoral.com\\\/2023\\\/05\\\/detenido-autor-de-multiples-delitos-en-moraira-en-operativo-conjunto-de-la-guardia-civil-y-la-policia-local-de-teulada\\\/\"]}]},{\"@type\":\"ImageObject\",\"inLanguage\":\"ca\",\"@id\":\"https:\\\/\\\/radiolitoral.com\\\/2023\\\/05\\\/detenido-autor-de-multiples-delitos-en-moraira-en-operativo-conjunto-de-la-guardia-civil-y-la-policia-local-de-teulada\\\/#primaryimage\",\"url\":\"https:\\\/\\\/media.radiolitoral.com\\\/wp-content\\\/uploads\\\/2023\\\/05\\\/31160222\\\/Moraira2.jpg\",\"contentUrl\":\"https:\\\/\\\/media.radiolitoral.com\\\/wp-content\\\/uploads\\\/2023\\\/05\\\/31160222\\\/Moraira2.jpg\",\"width\":960,\"height\":720},{\"@type\":\"BreadcrumbList\",\"@id\":\"https:\\\/\\\/radiolitoral.com\\\/2023\\\/05\\\/detenido-autor-de-multiples-delitos-en-moraira-en-operativo-conjunto-de-la-guardia-civil-y-la-policia-local-de-teulada\\\/#breadcrumb\",\"itemListElement\":[{\"@type\":\"ListItem\",\"position\":1,\"name\":\"Portada\",\"item\":\"https:\\\/\\\/radiolitoral.com\\\/\"},{\"@type\":\"ListItem\",\"position\":2,\"name\":\"Detenido autor de m\u00faltiples delitos en Moraira en operativo conjunto de la Guardia Civil y la Polic\u00eda Local de Teulada\"}]},{\"@type\":\"WebSite\",\"@id\":\"https:\\\/\\\/radiolitoral.com\\\/#website\",\"url\":\"https:\\\/\\\/radiolitoral.com\\\/\",\"name\":\"Radio Litoral\",\"description\":\"La radio local de la Marina Alta\",\"publisher\":{\"@id\":\"https:\\\/\\\/radiolitoral.com\\\/#organization\"},\"alternateName\":\"Litoral FM\",\"potentialAction\":[{\"@type\":\"SearchAction\",\"target\":{\"@type\":\"EntryPoint\",\"urlTemplate\":\"https:\\\/\\\/radiolitoral.com\\\/?s={search_term_string}\"},\"query-input\":{\"@type\":\"PropertyValueSpecification\",\"valueRequired\":true,\"valueName\":\"search_term_string\"}}],\"inLanguage\":\"ca\"},{\"@type\":\"Organization\",\"@id\":\"https:\\\/\\\/radiolitoral.com\\\/#organization\",\"name\":\"Radio Litoral\",\"url\":\"https:\\\/\\\/radiolitoral.com\\\/\",\"logo\":{\"@type\":\"ImageObject\",\"inLanguage\":\"ca\",\"@id\":\"https:\\\/\\\/radiolitoral.com\\\/#\\\/schema\\\/logo\\\/image\\\/\",\"url\":\"https:\\\/\\\/media.radiolitoral.com\\\/wp-content\\\/uploads\\\/2023\\\/02\\\/24143238\\\/CL-V-RadioLitoral696.png\",\"contentUrl\":\"https:\\\/\\\/media.radiolitoral.com\\\/wp-content\\\/uploads\\\/2023\\\/02\\\/24143238\\\/CL-V-RadioLitoral696.png\",\"width\":696,\"height\":696,\"caption\":\"Radio Litoral\"},\"image\":{\"@id\":\"https:\\\/\\\/radiolitoral.com\\\/#\\\/schema\\\/logo\\\/image\\\/\"},\"sameAs\":[\"https:\\\/\\\/www.facebook.com\\\/Laradiolitoral\\\/\"]},{\"@type\":\"Person\",\"@id\":\"https:\\\/\\\/radiolitoral.com\\\/#\\\/schema\\\/person\\\/f2b2343c49b5d721857cc1002bfdb151\",\"name\":\"Redacci\u00f3n\",\"image\":{\"@type\":\"ImageObject\",\"inLanguage\":\"ca\",\"@id\":\"https:\\\/\\\/secure.gravatar.com\\\/avatar\\\/f771d896c203ad8b3382d7905cfcce5a5c9b008b84b3cd9114e9b9f4cb63f789?s=96&d=mm&r=g\",\"url\":\"https:\\\/\\\/secure.gravatar.com\\\/avatar\\\/f771d896c203ad8b3382d7905cfcce5a5c9b008b84b3cd9114e9b9f4cb63f789?s=96&d=mm&r=g\",\"contentUrl\":\"https:\\\/\\\/secure.gravatar.com\\\/avatar\\\/f771d896c203ad8b3382d7905cfcce5a5c9b008b84b3cd9114e9b9f4cb63f789?s=96&d=mm&r=g\",\"caption\":\"Redacci\u00f3n\"},\"url\":\"https:\\\/\\\/radiolitoral.com\\\/ca\\\/author\\\/miriam-pagan\\\/\"}]}<\/script>\n<!-- \/ Yoast SEO plugin. -->","yoast_head_json":{"title":"Detingut autor de m\u00faltiples delictes a Moraira en operatiu conjunt de la Gu\u00e0rdia Civil i la Policia Local de Teulada | R\u00e0dio Litoral","description":"El delinq\u00fcent, responsable de robatoris, aplanaments i tinen\u00e7a il\u00b7legal d&#039;armes, ha estat posat a disposici\u00f3 judicial","robots":{"index":"index","follow":"follow","max-snippet":"max-snippet:-1","max-image-preview":"max-image-preview:large","max-video-preview":"max-video-preview:-1"},"canonical":"https:\/\/radiolitoral.com\/ca\/2023\/05\/detingut-autor-de-multiples-delictes-a-moraira-en-operatiu-conjunt-de-la-guardia-civil-i-la-policia-local-de-teulada\/","og_locale":"ca_ES","og_type":"article","og_title":"Detenido autor de m\u00faltiples delitos en Moraira en operativo conjunto de la Guardia Civil y la Polic\u00eda Local de Teulada | R\u00e0dio Litoral","og_description":"El delincuente, responsable de robos, allanamientos y tenencia ilegal de armas, ha sido puesto a disposici\u00f3n judicial","og_url":"https:\/\/radiolitoral.com\/ca\/2023\/05\/detingut-autor-de-multiples-delictes-a-moraira-en-operatiu-conjunt-de-la-guardia-civil-i-la-policia-local-de-teulada\/","og_site_name":"R\u00e0dio Litoral","article_publisher":"https:\/\/www.facebook.com\/Laradiolitoral\/","article_published_time":"2023-05-31T14:02:58+00:00","article_modified_time":"2023-05-31T14:09:35+00:00","og_image":[{"width":960,"height":720,"url":"https:\/\/media.radiolitoral.com\/wp-content\/uploads\/2023\/05\/31160222\/Moraira2.jpg","type":"image\/jpeg"}],"author":"Redacci\u00f3n","twitter_card":"summary_large_image","twitter_misc":{"Escrit per":"Redacci\u00f3n","Temps estimat de lectura":"1 minut"},"schema":{"@context":"https:\/\/schema.org","@graph":[{"@type":"NewsArticle","@id":"https:\/\/radiolitoral.com\/2023\/05\/detenido-autor-de-multiples-delitos-en-moraira-en-operativo-conjunto-de-la-guardia-civil-y-la-policia-local-de-teulada\/#article","isPartOf":{"@id":"https:\/\/radiolitoral.com\/2023\/05\/detenido-autor-de-multiples-delitos-en-moraira-en-operativo-conjunto-de-la-guardia-civil-y-la-policia-local-de-teulada\/"},"author":{"name":"Redacci\u00f3n","@id":"https:\/\/radiolitoral.com\/#\/schema\/person\/f2b2343c49b5d721857cc1002bfdb151"},"headline":"Detenido autor de m\u00faltiples delitos en Moraira en operativo conjunto de la Guardia Civil y la Polic\u00eda Local de Teulada","datePublished":"2023-05-31T14:02:58+00:00","dateModified":"2023-05-31T14:09:35+00:00","mainEntityOfPage":{"@id":"https:\/\/radiolitoral.com\/2023\/05\/detenido-autor-de-multiples-delitos-en-moraira-en-operativo-conjunto-de-la-guardia-civil-y-la-policia-local-de-teulada\/"},"wordCount":192,"commentCount":0,"publisher":{"@id":"https:\/\/radiolitoral.com\/#organization"},"image":{"@id":"https:\/\/radiolitoral.com\/2023\/05\/detenido-autor-de-multiples-delitos-en-moraira-en-operativo-conjunto-de-la-guardia-civil-y-la-policia-local-de-teulada\/#primaryimage"},"thumbnailUrl":"https:\/\/media.radiolitoral.com\/wp-content\/uploads\/2023\/05\/31160222\/Moraira2.jpg","keywords":["Arresto","Delincuencia","Detenci\u00f3n","GuardiaCivil","Investigaci\u00f3nCriminal","Justicia","LuchaContraLaDelincuencia","Moraira","Polic\u00edaLocal","robos"],"articleSection":["Sucesos"],"inLanguage":"ca","potentialAction":[{"@type":"CommentAction","name":"Comment","target":["https:\/\/radiolitoral.com\/2023\/05\/detenido-autor-de-multiples-delitos-en-moraira-en-operativo-conjunto-de-la-guardia-civil-y-la-policia-local-de-teulada\/#respond"]}]},{"@type":["WebPage","ItemPage"],"@id":"https:\/\/radiolitoral.com\/2023\/05\/detenido-autor-de-multiples-delitos-en-moraira-en-operativo-conjunto-de-la-guardia-civil-y-la-policia-local-de-teulada\/","url":"https:\/\/radiolitoral.com\/2023\/05\/detenido-autor-de-multiples-delitos-en-moraira-en-operativo-conjunto-de-la-guardia-civil-y-la-policia-local-de-teulada\/","name":"Detingut autor de m\u00faltiples delictes a Moraira en operatiu conjunt de la Gu\u00e0rdia Civil i la Policia Local de Teulada | R\u00e0dio Litoral","isPartOf":{"@id":"https:\/\/radiolitoral.com\/#website"},"primaryImageOfPage":{"@id":"https:\/\/radiolitoral.com\/2023\/05\/detenido-autor-de-multiples-delitos-en-moraira-en-operativo-conjunto-de-la-guardia-civil-y-la-policia-local-de-teulada\/#primaryimage"},"image":{"@id":"https:\/\/radiolitoral.com\/2023\/05\/detenido-autor-de-multiples-delitos-en-moraira-en-operativo-conjunto-de-la-guardia-civil-y-la-policia-local-de-teulada\/#primaryimage"},"thumbnailUrl":"https:\/\/media.radiolitoral.com\/wp-content\/uploads\/2023\/05\/31160222\/Moraira2.jpg","datePublished":"2023-05-31T14:02:58+00:00","dateModified":"2023-05-31T14:09:35+00:00","description":"El delinq\u00fcent, responsable de robatoris, aplanaments i tinen\u00e7a il\u00b7legal d&#039;armes, ha estat posat a disposici\u00f3 judicial","breadcrumb":{"@id":"https:\/\/radiolitoral.com\/2023\/05\/detenido-autor-de-multiples-delitos-en-moraira-en-operativo-conjunto-de-la-guardia-civil-y-la-policia-local-de-teulada\/#breadcrumb"},"inLanguage":"ca","potentialAction":[{"@type":"ReadAction","target":["https:\/\/radiolitoral.com\/2023\/05\/detenido-autor-de-multiples-delitos-en-moraira-en-operativo-conjunto-de-la-guardia-civil-y-la-policia-local-de-teulada\/"]}]},{"@type":"ImageObject","inLanguage":"ca","@id":"https:\/\/radiolitoral.com\/2023\/05\/detenido-autor-de-multiples-delitos-en-moraira-en-operativo-conjunto-de-la-guardia-civil-y-la-policia-local-de-teulada\/#primaryimage","url":"https:\/\/media.radiolitoral.com\/wp-content\/uploads\/2023\/05\/31160222\/Moraira2.jpg","contentUrl":"https:\/\/media.radiolitoral.com\/wp-content\/uploads\/2023\/05\/31160222\/Moraira2.jpg","width":960,"height":720},{"@type":"BreadcrumbList","@id":"https:\/\/radiolitoral.com\/2023\/05\/detenido-autor-de-multiples-delitos-en-moraira-en-operativo-conjunto-de-la-guardia-civil-y-la-policia-local-de-teulada\/#breadcrumb","itemListElement":[{"@type":"ListItem","position":1,"name":"Portada","item":"https:\/\/radiolitoral.com\/"},{"@type":"ListItem","position":2,"name":"Detenido autor de m\u00faltiples delitos en Moraira en operativo conjunto de la Guardia Civil y la Polic\u00eda Local de Teulada"}]},{"@type":"WebSite","@id":"https:\/\/radiolitoral.com\/#website","url":"https:\/\/radiolitoral.com\/","name":"R\u00e0dio Litoral","description":"La r\u00e0dio local de la Marina Alta","publisher":{"@id":"https:\/\/radiolitoral.com\/#organization"},"alternateName":"Litoral FM","potentialAction":[{"@type":"SearchAction","target":{"@type":"EntryPoint","urlTemplate":"https:\/\/radiolitoral.com\/?s={search_term_string}"},"query-input":{"@type":"PropertyValueSpecification","valueRequired":true,"valueName":"search_term_string"}}],"inLanguage":"ca"},{"@type":"Organization","@id":"https:\/\/radiolitoral.com\/#organization","name":"R\u00e0dio Litoral","url":"https:\/\/radiolitoral.com\/","logo":{"@type":"ImageObject","inLanguage":"ca","@id":"https:\/\/radiolitoral.com\/#\/schema\/logo\/image\/","url":"https:\/\/media.radiolitoral.com\/wp-content\/uploads\/2023\/02\/24143238\/CL-V-RadioLitoral696.png","contentUrl":"https:\/\/media.radiolitoral.com\/wp-content\/uploads\/2023\/02\/24143238\/CL-V-RadioLitoral696.png","width":696,"height":696,"caption":"Radio Litoral"},"image":{"@id":"https:\/\/radiolitoral.com\/#\/schema\/logo\/image\/"},"sameAs":["https:\/\/www.facebook.com\/Laradiolitoral\/"]},{"@type":"Person","@id":"https:\/\/radiolitoral.com\/#\/schema\/person\/f2b2343c49b5d721857cc1002bfdb151","name":"Redacci\u00f3","image":{"@type":"ImageObject","inLanguage":"ca","@id":"https:\/\/secure.gravatar.com\/avatar\/f771d896c203ad8b3382d7905cfcce5a5c9b008b84b3cd9114e9b9f4cb63f789?s=96&d=mm&r=g","url":"https:\/\/secure.gravatar.com\/avatar\/f771d896c203ad8b3382d7905cfcce5a5c9b008b84b3cd9114e9b9f4cb63f789?s=96&d=mm&r=g","contentUrl":"https:\/\/secure.gravatar.com\/avatar\/f771d896c203ad8b3382d7905cfcce5a5c9b008b84b3cd9114e9b9f4cb63f789?s=96&d=mm&r=g","caption":"Redacci\u00f3n"},"url":"https:\/\/radiolitoral.com\/ca\/author\/miriam-pagan\/"}]}},"_links":{"self":[{"href":"https:\/\/radiolitoral.com\/ca\/wp-json\/wp\/v2\/posts\/3628","targetHints":{"allow":["GET"]}}],"collection":[{"href":"https:\/\/radiolitoral.com\/ca\/wp-json\/wp\/v2\/posts"}],"about":[{"href":"https:\/\/radiolitoral.com\/ca\/wp-json\/wp\/v2\/types\/post"}],"author":[{"embeddable":true,"href":"https:\/\/radiolitoral.com\/ca\/wp-json\/wp\/v2\/users\/13"}],"replies":[{"embeddable":true,"href":"https:\/\/radiolitoral.com\/ca\/wp-json\/wp\/v2\/comments?post=3628"}],"version-history":[{"count":1,"href":"https:\/\/radiolitoral.com\/ca\/wp-json\/wp\/v2\/posts\/3628\/revisions"}],"predecessor-version":[{"id":3630,"href":"https:\/\/radiolitoral.com\/ca\/wp-json\/wp\/v2\/posts\/3628\/revisions\/3630"}],"wp:featuredmedia":[{"embeddable":true,"href":"https:\/\/radiolitoral.com\/ca\/wp-json\/wp\/v2\/media\/3629"}],"wp:attachment":[{"href":"https:\/\/radiolitoral.com\/ca\/wp-json\/wp\/v2\/media?parent=3628"}],"wp:term":[{"taxonomy":"category","embeddable":true,"href":"https:\/\/radiolitoral.com\/ca\/wp-json\/wp\/v2\/categories?post=3628"},{"taxonomy":"post_tag","embeddable":true,"href":"https:\/\/radiolitoral.com\/ca\/wp-json\/wp\/v2\/tags?post=3628"}],"curies":[{"name":"wp","href":"https:\/\/api.w.org\/{rel}","templated":true}]}}